{"id":2263,"date":"2013-06-26T16:27:15","date_gmt":"2013-06-26T19:27:15","guid":{"rendered":"http:\/\/www.isletasnoticias.com.ar\/?p=2263"},"modified":"2013-06-26T16:27:15","modified_gmt":"2013-06-26T19:27:15","slug":"chemez-proyecta-conformar-una-unidad-basica-en-isletas-y-no-descarta-ser-candidato-en-2015","status":"publish","type":"post","link":"https:\/\/informelitoral.com.ar\/chemez-proyecta-conformar-una-unidad-basica-en-isletas-y-no-descarta-ser-candidato-en-2015\/","title":{"rendered":"Ch\u00e9mez proyecta conformar una Unidad B\u00e1sica en Isletas y no descarta ser candidato en 2015"},"content":{"rendered":"<p><strong> En comunicaci\u00f3n telef\u00f3nica con<em> ISLETAS NOTICIAS,<\/em> el ex presidente de la Junta de Gobierno de Isletas, <em>Ra\u00fal Ch\u00e9mez, <\/em>reconoci\u00f3 que su actual alejamiento en la participaci\u00f3n pol\u00edtica local, se debe a su lugar de residencia y trabajo. No descart\u00f3 ser candidato en 2015 y adelant\u00f3 que planean conformar una Unida<strong>d B\u00e1sica, entre otros temas.<\/strong><\/strong><\/p>\n<p><img loading=\"lazy\" decoding=\"async\" class=\"size-medium wp-image-2264 aligncenter\" title=\"Ra\u00fal Ch\u00e9mez durante una entrevista. Imagen de archivo (2009).\" alt=\"raul\" src=\"http:\/\/www.isletasnoticias.com.ar\/%77%70%2d%63%6f%6e%74%65%6e%74\/uploads\/2013\/06\/raul-300x192.jpg\" width=\"300\" height=\"192\" srcset=\"https:\/\/informelitoral.com.ar\/%77%70%2d%63%6f%6e%74%65%6e%74\/uploads\/2013\/06\/raul-300x192.jpg 300w, https:\/\/informelitoral.com.ar\/%77%70%2d%63%6f%6e%74%65%6e%74\/uploads\/2013\/06\/raul.jpg 720w\" sizes=\"auto, (max-width: 300px) 100vw, 300px\" \/><\/p>\n<p><strong>Ra\u00fal Antonio \u00b4Rulo&#8217; Ch\u00e9mez, <\/strong>fue tres veces presidente de la Junta de Gobierno de la localidad de Isletas, departamento Diamante y nadie desconoce -independientemente del partido al que pertenezca- que contin\u00faa siendo el m\u00e1ximo referente del justicialismo local. Luego de varios meses sin realizar declaraciones, Ch\u00e9mez accedi\u00f3 al llamado de <em><strong>IN, <\/strong><\/em>para hablar de distintos temas, referentes a la pol\u00edtica y la actualidad isletense.<\/p>\n<p>Al ser consultado sobre su alejamiento en la participaci\u00f3n pol\u00edtica local, ya que no fue candidato a presidente de la &#8216;Junta&#8217; en las elecciones de 2011 y luego, a partir del triunfo de la UCR tuvo escasa participaci\u00f3n en las decisiones del \u00f3rgano gubernamental, Ch\u00e9mez explic\u00f3: \u00abMe alej\u00e9 porque no estoy radicado en Isletas y tengo otras actividades, como en la C\u00e1mara de Senadores de Paran\u00e1. Ser presidente de una Junta de Gobierno demanda tiempo y presencia, no es como hace unos a\u00f1os atr\u00e1s donde se pod\u00eda ir una vez a la semana, porque las actividades y las demandas son cada vez mayores\u00bb. Reconoci\u00f3 Ch\u00e9mez, aunque adelant\u00f3 que antes de las elecciones legislativas \u00abestar\u00e9 visitando a vecinos\u00bb y no descart\u00f3 volver a ser candidato en 2015, al afirmar: \u00abnunca est\u00e1 dicho que no, tengo que analizarlo bien con mi familia y otros referentes del partido\u00bb, aunque dej\u00f3 entrever que le habr\u00edan solicitado que se postule nuevamente.<\/p>\n<p>Respecto a la aparici\u00f3n de una persona que lo reemplace como el \u00fanico referente del peronismo en la localidad, con posibilidades de acceder a la presidencia de la Junta de Gobierno, expres\u00f3: \u00abla verdad que todav\u00eda no lo he pensado, pero en caso de que aparezca una persona con ganas de ser candidato ser\u00e1 bienvenido porque es un cargo que lo puede llevar adelante cualquier ciudadano. No se necesita de una preparaci\u00f3n especial, s\u00ed de cada vez mayor presencia\u00bb. Remarc\u00f3 Ch\u00e9mez y adelant\u00f3 que si bien por el momento no est\u00e1 en los planes conformar una Juventud Peronista, s\u00ed proyectan formar una Unidad B\u00e1sica: \u00abYa present\u00e9 una nota y ahora tiene que decidir el partido\u00bb. Si bien reconoci\u00f3 que a\u00fan no se determin\u00f3 el lugar f\u00edsico donde se realizar\u00e1n los encuentros, sostuvo que \u00abservir\u00e1 para que todos puedan volcar sus ideas y de alguna forma ser\u00e1 una herramienta m\u00e1s para ayudar a la gente\u00bb.<\/p>\n<p>Por otro lado, destac\u00f3 la importancia de la Ley de Comunas, aunque explic\u00f3 que los recursos que recibe Isletas actualmente \u00abno son tan insignificantes\u00bb, porque en relaci\u00f3n a otras localidades, \u00abno tiene la necesidad de prestar servicios, como la recolecci\u00f3n de residuos o pagar tanta mano de obra\u00bb. \u00a0En este sentido, sobre la actual gesti\u00f3n radical analiz\u00f3: \u00abEstoy bastante alejado, pero s\u00e9 que adquirieron un tractor y se est\u00e1n manejando b\u00e1sicamente con el tema de los caminos. De todas formas, he recibido llamados de gente que pide mayores trabajos en algunos caminos puntuales\u00bb. \u00a0De todos modos, el ex presidente comunal, subray\u00f3: \u00abque todav\u00eda hay muchas cosas para hacer\u00bb y dio el ejemplo del Sal\u00f3n Comunitario: \u00abveo que sigue habiendo lo mismo, en el sal\u00f3n se pueden ofrecer mayores comodidades, como aire acondicionado, calefacci\u00f3n, entre otras cosas. Adem\u00e1s es importante abrirlo para toda la comunidad\u00bb. Acot\u00f3 Ch\u00e9mez y agreg\u00f3: \u00abla acci\u00f3n social tambi\u00e9n es fundamental en todo ente gubernamental, porque lo importante no es guardar los fondos en la caja, sino gastarlos para el bienestar de los vecinos\u00bb.<\/p>\n<p style=\"text-align: left;\">\u00a0 Finalmente, sobre su presunta oposici\u00f3n a la construcci\u00f3n de un sal\u00f3n de elaboraci\u00f3n en la Escuela de Educaci\u00f3n Agrot\u00e9cnica N\u00b0 153 Horacio Mann\u00bb, explic\u00f3: \u00abNo fue una oposici\u00f3n porque s\u00ed. Cada Escuela tiene sus recursos y herramientas para conseguir lo que necesitan, por lo tanto uno puede ayudarlos y cooperar con ellos, pero no volcar todos los recursos a las Escuelas o empezar una construcci\u00f3n y no terminarla, porque tambi\u00e9n hay otras prioridades\u00bb. Expres\u00f3. \u00abLos directivos de la instituci\u00f3n son muy buena gente, pero siempre fueron un poco c\u00f3modos y esperan que desde la &#8216;Junta&#8217; se les gestione o hagan las cosas, cuando en realidad son ellos quienes deber\u00edan elaborar y presentar los proyectos\u00bb. Culmin\u00f3 el referente del PJ local.<\/p>\n","protected":false},"excerpt":{"rendered":"<p>En comunicaci&oacute;n telef&oacute;nica con ISLETAS NOTICIAS, el ex presidente de la Junta de Gobierno de Isletas, Ra&uacute;l Ch&eacute;mez, reconoci&oacute; que su actual alejamiento en la participaci&oacute;n pol&iacute;tica local, se debe a su lugar de residencia y trabajo. No descart&oacute; ser candidato en 2015 y adelant&oacute; que planean conformar una Unidad B&aacute;sica, entre otros temas. Ra&uacute;l [&hellip;]<\/p>\n","protected":false},"author":2,"featured_media":0,"comment_status":"open","ping_status":"open","sticky":false,"template":"","format":"standard","meta":{"fifu_image_url":"","fifu_image_alt":"","footnotes":""},"categories":[4,16],"tags":[],"class_list":{"0":"post-2263","1":"post","2":"type-post","3":"status-publish","4":"format-standard","6":"category-locales","7":"category-politi"},"yoast_head":"<title>Ch\u00e9mez proyecta conformar una Unidad B\u00e1sica en Isletas y no descarta ser candidato en 2015 - Informe Litoral<\/title>\n<meta name=\"robots\" content=\"index, follow, max-snippet:-1, max-image-preview:large, max-video-preview:-1\" \/>\n<link rel=\"canonical\" href=\"https:\/\/informelitoral.com.ar\/chemez-proyecta-conformar-una-unidad-basica-en-isletas-y-no-descarta-ser-candidato-en-2015\/\" \/>\n<meta property=\"og:locale\" content=\"es_ES\" \/>\n<meta property=\"og:type\" content=\"article\" \/>\n<meta property=\"og:title\" content=\"Ch\u00e9mez proyecta conformar una Unidad B\u00e1sica en Isletas y no descarta ser candidato en 2015 - Informe Litoral\" \/>\n<meta property=\"og:description\" content=\"En comunicaci&oacute;n telef&oacute;nica con ISLETAS NOTICIAS, el ex presidente de la Junta de Gobierno de Isletas, Ra&uacute;l Ch&eacute;mez, reconoci&oacute; que su actual alejamiento en la participaci&oacute;n pol&iacute;tica local, se debe a su lugar de residencia y trabajo. No descart&oacute; ser candidato en 2015 y adelant&oacute; que planean conformar una Unidad B&aacute;sica, entre otros temas. Ra&uacute;l [&hellip;]\" \/>\n<meta property=\"og:url\" content=\"https:\/\/informelitoral.com.ar\/chemez-proyecta-conformar-una-unidad-basica-en-isletas-y-no-descarta-ser-candidato-en-2015\/\" \/>\n<meta property=\"og:site_name\" content=\"Informe Litoral\" \/>\n<meta property=\"article:publisher\" content=\"https:\/\/www.facebook.com\/informelitoral\/\" \/>\n<meta property=\"article:published_time\" content=\"2013-06-26T19:27:15+00:00\" \/>\n<meta property=\"og:image\" content=\"https:\/\/informelitoral.com.ar\/%77%70%2d%63%6f%6e%74%65%6e%74\/uploads\/2013\/06\/raul.jpg\" \/>\n\t<meta property=\"og:image:width\" content=\"720\" \/>\n\t<meta property=\"og:image:height\" content=\"463\" \/>\n\t<meta property=\"og:image:type\" content=\"image\/jpeg\" \/>\n<meta name=\"author\" content=\"Gonzalo Schmidt\" \/>\n<meta name=\"twitter:card\" content=\"summary_large_image\" \/>\n<meta name=\"twitter:creator\" content=\"@InformeLitoral\" \/>\n<meta name=\"twitter:site\" content=\"@InformeLitoral\" \/>\n<meta name=\"twitter:label1\" content=\"Escrito por\" \/>\n\t<meta name=\"twitter:data1\" content=\"Gonzalo Schmidt\" \/>\n\t<meta name=\"twitter:label2\" content=\"Tiempo de lectura\" \/>\n\t<meta name=\"twitter:data2\" content=\"4 minutos\" \/>\n<script type=\"application\/ld+json\" class=\"yoast-schema-graph\">{\"@context\":\"https:\\\/\\\/schema.org\",\"@graph\":[{\"@type\":\"Article\",\"@id\":\"https:\\\/\\\/informelitoral.com.ar\\\/chemez-proyecta-conformar-una-unidad-basica-en-isletas-y-no-descarta-ser-candidato-en-2015\\\/#article\",\"isPartOf\":{\"@id\":\"https:\\\/\\\/informelitoral.com.ar\\\/chemez-proyecta-conformar-una-unidad-basica-en-isletas-y-no-descarta-ser-candidato-en-2015\\\/\"},\"author\":{\"name\":\"Gonzalo Schmidt\",\"@id\":\"https:\\\/\\\/informelitoral.com.ar\\\/#\\\/schema\\\/person\\\/b9d00407c836482871ef1d57bf8e3180\"},\"headline\":\"Ch\u00e9mez proyecta conformar una Unidad B\u00e1sica en Isletas y no descarta ser candidato en 2015\",\"datePublished\":\"2013-06-26T19:27:15+00:00\",\"mainEntityOfPage\":{\"@id\":\"https:\\\/\\\/informelitoral.com.ar\\\/chemez-proyecta-conformar-una-unidad-basica-en-isletas-y-no-descarta-ser-candidato-en-2015\\\/\"},\"wordCount\":794,\"commentCount\":0,\"publisher\":{\"@id\":\"https:\\\/\\\/informelitoral.com.ar\\\/#organization\"},\"image\":{\"@id\":\"https:\\\/\\\/informelitoral.com.ar\\\/chemez-proyecta-conformar-una-unidad-basica-en-isletas-y-no-descarta-ser-candidato-en-2015\\\/#primaryimage\"},\"thumbnailUrl\":\"http:\\\/\\\/www.isletasnoticias.com.ar\\\/%77%70%2d%63%6f%6e%74%65%6e%74\\\/uploads\\\/2013\\\/06\\\/raul-300x192.jpg\",\"articleSection\":[\"Isletas\",\"Politica\"],\"inLanguage\":\"es\",\"potentialAction\":[{\"@type\":\"CommentAction\",\"name\":\"Comment\",\"target\":[\"https:\\\/\\\/informelitoral.com.ar\\\/chemez-proyecta-conformar-una-unidad-basica-en-isletas-y-no-descarta-ser-candidato-en-2015\\\/#respond\"]}]},{\"@type\":\"WebPage\",\"@id\":\"https:\\\/\\\/informelitoral.com.ar\\\/chemez-proyecta-conformar-una-unidad-basica-en-isletas-y-no-descarta-ser-candidato-en-2015\\\/\",\"url\":\"https:\\\/\\\/informelitoral.com.ar\\\/chemez-proyecta-conformar-una-unidad-basica-en-isletas-y-no-descarta-ser-candidato-en-2015\\\/\",\"name\":\"Ch\u00e9mez proyecta conformar una Unidad B\u00e1sica en Isletas y no descarta ser candidato en 2015 - Informe Litoral\",\"isPartOf\":{\"@id\":\"https:\\\/\\\/informelitoral.com.ar\\\/#website\"},\"primaryImageOfPage\":{\"@id\":\"https:\\\/\\\/informelitoral.com.ar\\\/chemez-proyecta-conformar-una-unidad-basica-en-isletas-y-no-descarta-ser-candidato-en-2015\\\/#primaryimage\"},\"image\":{\"@id\":\"https:\\\/\\\/informelitoral.com.ar\\\/chemez-proyecta-conformar-una-unidad-basica-en-isletas-y-no-descarta-ser-candidato-en-2015\\\/#primaryimage\"},\"thumbnailUrl\":\"http:\\\/\\\/www.isletasnoticias.com.ar\\\/%77%70%2d%63%6f%6e%74%65%6e%74\\\/uploads\\\/2013\\\/06\\\/raul-300x192.jpg\",\"datePublished\":\"2013-06-26T19:27:15+00:00\",\"breadcrumb\":{\"@id\":\"https:\\\/\\\/informelitoral.com.ar\\\/chemez-proyecta-conformar-una-unidad-basica-en-isletas-y-no-descarta-ser-candidato-en-2015\\\/#breadcrumb\"},\"inLanguage\":\"es\",\"potentialAction\":[{\"@type\":\"ReadAction\",\"target\":[\"https:\\\/\\\/informelitoral.com.ar\\\/chemez-proyecta-conformar-una-unidad-basica-en-isletas-y-no-descarta-ser-candidato-en-2015\\\/\"]}]},{\"@type\":\"ImageObject\",\"inLanguage\":\"es\",\"@id\":\"https:\\\/\\\/informelitoral.com.ar\\\/chemez-proyecta-conformar-una-unidad-basica-en-isletas-y-no-descarta-ser-candidato-en-2015\\\/#primaryimage\",\"url\":\"http:\\\/\\\/www.isletasnoticias.com.ar\\\/%77%70%2d%63%6f%6e%74%65%6e%74\\\/uploads\\\/2013\\\/06\\\/raul-300x192.jpg\",\"contentUrl\":\"http:\\\/\\\/www.isletasnoticias.com.ar\\\/%77%70%2d%63%6f%6e%74%65%6e%74\\\/uploads\\\/2013\\\/06\\\/raul-300x192.jpg\"},{\"@type\":\"BreadcrumbList\",\"@id\":\"https:\\\/\\\/informelitoral.com.ar\\\/chemez-proyecta-conformar-una-unidad-basica-en-isletas-y-no-descarta-ser-candidato-en-2015\\\/#breadcrumb\",\"itemListElement\":[{\"@type\":\"ListItem\",\"position\":1,\"name\":\"Portada\",\"item\":\"https:\\\/\\\/informelitoral.com.ar\\\/\"},{\"@type\":\"ListItem\",\"position\":2,\"name\":\"Ch\u00e9mez proyecta conformar una Unidad B\u00e1sica en Isletas y no descarta ser candidato en 2015\"}]},{\"@type\":\"WebSite\",\"@id\":\"https:\\\/\\\/informelitoral.com.ar\\\/#website\",\"url\":\"https:\\\/\\\/informelitoral.com.ar\\\/\",\"name\":\"Informe Litoral\",\"description\":\"&quot;Nos informamos&quot; \",\"publisher\":{\"@id\":\"https:\\\/\\\/informelitoral.com.ar\\\/#organization\"},\"potentialAction\":[{\"@type\":\"SearchAction\",\"target\":{\"@type\":\"EntryPoint\",\"urlTemplate\":\"https:\\\/\\\/informelitoral.com.ar\\\/?s={search_term_string}\"},\"query-input\":{\"@type\":\"PropertyValueSpecification\",\"valueRequired\":true,\"valueName\":\"search_term_string\"}}],\"inLanguage\":\"es\"},{\"@type\":\"Organization\",\"@id\":\"https:\\\/\\\/informelitoral.com.ar\\\/#organization\",\"name\":\"Informe Litoral\",\"url\":\"https:\\\/\\\/informelitoral.com.ar\\\/\",\"logo\":{\"@type\":\"ImageObject\",\"inLanguage\":\"es\",\"@id\":\"https:\\\/\\\/informelitoral.com.ar\\\/#\\\/schema\\\/logo\\\/image\\\/\",\"url\":\"https:\\\/\\\/informelitoral.com.ar\\\/%77%70%2d%63%6f%6e%74%65%6e%74\\\/uploads\\\/2021\\\/01\\\/circulo.png\",\"contentUrl\":\"https:\\\/\\\/informelitoral.com.ar\\\/%77%70%2d%63%6f%6e%74%65%6e%74\\\/uploads\\\/2021\\\/01\\\/circulo.png\",\"width\":723,\"height\":731,\"caption\":\"Informe Litoral\"},\"image\":{\"@id\":\"https:\\\/\\\/informelitoral.com.ar\\\/#\\\/schema\\\/logo\\\/image\\\/\"},\"sameAs\":[\"https:\\\/\\\/www.facebook.com\\\/informelitoral\\\/\",\"https:\\\/\\\/x.com\\\/InformeLitoral\",\"https:\\\/\\\/www.instagram.com\\\/informelitoral\\\/\",\"https:\\\/\\\/www.youtube.com\\\/channel\\\/UCua4Qvz8Icb6MYqhoq9xLXw\"]},{\"@type\":\"Person\",\"@id\":\"https:\\\/\\\/informelitoral.com.ar\\\/#\\\/schema\\\/person\\\/b9d00407c836482871ef1d57bf8e3180\",\"name\":\"Gonzalo Schmidt\",\"image\":{\"@type\":\"ImageObject\",\"inLanguage\":\"es\",\"@id\":\"https:\\\/\\\/secure.gravatar.com\\\/avatar\\\/31a1a7b66ff2de83bd0e9fd79d026630d2d99e55e8bfe501287647b4fd9743de?s=96&d=mm&r=g\",\"url\":\"https:\\\/\\\/secure.gravatar.com\\\/avatar\\\/31a1a7b66ff2de83bd0e9fd79d026630d2d99e55e8bfe501287647b4fd9743de?s=96&d=mm&r=g\",\"contentUrl\":\"https:\\\/\\\/secure.gravatar.com\\\/avatar\\\/31a1a7b66ff2de83bd0e9fd79d026630d2d99e55e8bfe501287647b4fd9743de?s=96&d=mm&r=g\",\"caption\":\"Gonzalo Schmidt\"},\"description\":\"Sitio web de noticias de la provincia de Entre R\u00edos, Argentina. Informaci\u00f3n y entretenimiento. Informe Litoral, nos informamos.\",\"sameAs\":[\"http:\\\/\\\/www.isletasnoticias.com.ar\"],\"url\":\"https:\\\/\\\/informelitoral.com.ar\\\/author\\\/gonzalo\\\/\"}]}<\/script>","yoast_head_json":{"title":"Ch\u00e9mez proyecta conformar una Unidad B\u00e1sica en Isletas y no descarta ser candidato en 2015 - Informe Litoral","robots":{"index":"index","follow":"follow","max-snippet":"max-snippet:-1","max-image-preview":"max-image-preview:large","max-video-preview":"max-video-preview:-1"},"canonical":"https:\/\/informelitoral.com.ar\/chemez-proyecta-conformar-una-unidad-basica-en-isletas-y-no-descarta-ser-candidato-en-2015\/","og_locale":"es_ES","og_type":"article","og_title":"Ch\u00e9mez proyecta conformar una Unidad B\u00e1sica en Isletas y no descarta ser candidato en 2015 - Informe Litoral","og_description":"En comunicaci&oacute;n telef&oacute;nica con ISLETAS NOTICIAS, el ex presidente de la Junta de Gobierno de Isletas, Ra&uacute;l Ch&eacute;mez, reconoci&oacute; que su actual alejamiento en la participaci&oacute;n pol&iacute;tica local, se debe a su lugar de residencia y trabajo. No descart&oacute; ser candidato en 2015 y adelant&oacute; que planean conformar una Unidad B&aacute;sica, entre otros temas. Ra&uacute;l [&hellip;]","og_url":"https:\/\/informelitoral.com.ar\/chemez-proyecta-conformar-una-unidad-basica-en-isletas-y-no-descarta-ser-candidato-en-2015\/","og_site_name":"Informe Litoral","article_publisher":"https:\/\/www.facebook.com\/informelitoral\/","article_published_time":"2013-06-26T19:27:15+00:00","og_image":[{"width":720,"height":463,"url":"https:\/\/informelitoral.com.ar\/%77%70%2d%63%6f%6e%74%65%6e%74\/uploads\/2013\/06\/raul.jpg","type":"image\/jpeg"}],"author":"Gonzalo Schmidt","twitter_card":"summary_large_image","twitter_creator":"@InformeLitoral","twitter_site":"@InformeLitoral","twitter_misc":{"Escrito por":"Gonzalo Schmidt","Tiempo de lectura":"4 minutos"},"schema":{"@context":"https:\/\/schema.org","@graph":[{"@type":"Article","@id":"https:\/\/informelitoral.com.ar\/chemez-proyecta-conformar-una-unidad-basica-en-isletas-y-no-descarta-ser-candidato-en-2015\/#article","isPartOf":{"@id":"https:\/\/informelitoral.com.ar\/chemez-proyecta-conformar-una-unidad-basica-en-isletas-y-no-descarta-ser-candidato-en-2015\/"},"author":{"name":"Gonzalo Schmidt","@id":"https:\/\/informelitoral.com.ar\/#\/schema\/person\/b9d00407c836482871ef1d57bf8e3180"},"headline":"Ch\u00e9mez proyecta conformar una Unidad B\u00e1sica en Isletas y no descarta ser candidato en 2015","datePublished":"2013-06-26T19:27:15+00:00","mainEntityOfPage":{"@id":"https:\/\/informelitoral.com.ar\/chemez-proyecta-conformar-una-unidad-basica-en-isletas-y-no-descarta-ser-candidato-en-2015\/"},"wordCount":794,"commentCount":0,"publisher":{"@id":"https:\/\/informelitoral.com.ar\/#organization"},"image":{"@id":"https:\/\/informelitoral.com.ar\/chemez-proyecta-conformar-una-unidad-basica-en-isletas-y-no-descarta-ser-candidato-en-2015\/#primaryimage"},"thumbnailUrl":"http:\/\/www.isletasnoticias.com.ar\/%77%70%2d%63%6f%6e%74%65%6e%74\/uploads\/2013\/06\/raul-300x192.jpg","articleSection":["Isletas","Politica"],"inLanguage":"es","potentialAction":[{"@type":"CommentAction","name":"Comment","target":["https:\/\/informelitoral.com.ar\/chemez-proyecta-conformar-una-unidad-basica-en-isletas-y-no-descarta-ser-candidato-en-2015\/#respond"]}]},{"@type":"WebPage","@id":"https:\/\/informelitoral.com.ar\/chemez-proyecta-conformar-una-unidad-basica-en-isletas-y-no-descarta-ser-candidato-en-2015\/","url":"https:\/\/informelitoral.com.ar\/chemez-proyecta-conformar-una-unidad-basica-en-isletas-y-no-descarta-ser-candidato-en-2015\/","name":"Ch\u00e9mez proyecta conformar una Unidad B\u00e1sica en Isletas y no descarta ser candidato en 2015 - Informe Litoral","isPartOf":{"@id":"https:\/\/informelitoral.com.ar\/#website"},"primaryImageOfPage":{"@id":"https:\/\/informelitoral.com.ar\/chemez-proyecta-conformar-una-unidad-basica-en-isletas-y-no-descarta-ser-candidato-en-2015\/#primaryimage"},"image":{"@id":"https:\/\/informelitoral.com.ar\/chemez-proyecta-conformar-una-unidad-basica-en-isletas-y-no-descarta-ser-candidato-en-2015\/#primaryimage"},"thumbnailUrl":"http:\/\/www.isletasnoticias.com.ar\/%77%70%2d%63%6f%6e%74%65%6e%74\/uploads\/2013\/06\/raul-300x192.jpg","datePublished":"2013-06-26T19:27:15+00:00","breadcrumb":{"@id":"https:\/\/informelitoral.com.ar\/chemez-proyecta-conformar-una-unidad-basica-en-isletas-y-no-descarta-ser-candidato-en-2015\/#breadcrumb"},"inLanguage":"es","potentialAction":[{"@type":"ReadAction","target":["https:\/\/informelitoral.com.ar\/chemez-proyecta-conformar-una-unidad-basica-en-isletas-y-no-descarta-ser-candidato-en-2015\/"]}]},{"@type":"ImageObject","inLanguage":"es","@id":"https:\/\/informelitoral.com.ar\/chemez-proyecta-conformar-una-unidad-basica-en-isletas-y-no-descarta-ser-candidato-en-2015\/#primaryimage","url":"http:\/\/www.isletasnoticias.com.ar\/%77%70%2d%63%6f%6e%74%65%6e%74\/uploads\/2013\/06\/raul-300x192.jpg","contentUrl":"http:\/\/www.isletasnoticias.com.ar\/%77%70%2d%63%6f%6e%74%65%6e%74\/uploads\/2013\/06\/raul-300x192.jpg"},{"@type":"BreadcrumbList","@id":"https:\/\/informelitoral.com.ar\/chemez-proyecta-conformar-una-unidad-basica-en-isletas-y-no-descarta-ser-candidato-en-2015\/#breadcrumb","itemListElement":[{"@type":"ListItem","position":1,"name":"Portada","item":"https:\/\/informelitoral.com.ar\/"},{"@type":"ListItem","position":2,"name":"Ch\u00e9mez proyecta conformar una Unidad B\u00e1sica en Isletas y no descarta ser candidato en 2015"}]},{"@type":"WebSite","@id":"https:\/\/informelitoral.com.ar\/#website","url":"https:\/\/informelitoral.com.ar\/","name":"Informe Litoral","description":"&quot;Nos informamos&quot; ","publisher":{"@id":"https:\/\/informelitoral.com.ar\/#organization"},"potentialAction":[{"@type":"SearchAction","target":{"@type":"EntryPoint","urlTemplate":"https:\/\/informelitoral.com.ar\/?s={search_term_string}"},"query-input":{"@type":"PropertyValueSpecification","valueRequired":true,"valueName":"search_term_string"}}],"inLanguage":"es"},{"@type":"Organization","@id":"https:\/\/informelitoral.com.ar\/#organization","name":"Informe Litoral","url":"https:\/\/informelitoral.com.ar\/","logo":{"@type":"ImageObject","inLanguage":"es","@id":"https:\/\/informelitoral.com.ar\/#\/schema\/logo\/image\/","url":"https:\/\/informelitoral.com.ar\/%77%70%2d%63%6f%6e%74%65%6e%74\/uploads\/2021\/01\/circulo.png","contentUrl":"https:\/\/informelitoral.com.ar\/%77%70%2d%63%6f%6e%74%65%6e%74\/uploads\/2021\/01\/circulo.png","width":723,"height":731,"caption":"Informe Litoral"},"image":{"@id":"https:\/\/informelitoral.com.ar\/#\/schema\/logo\/image\/"},"sameAs":["https:\/\/www.facebook.com\/informelitoral\/","https:\/\/x.com\/InformeLitoral","https:\/\/www.instagram.com\/informelitoral\/","https:\/\/www.youtube.com\/channel\/UCua4Qvz8Icb6MYqhoq9xLXw"]},{"@type":"Person","@id":"https:\/\/informelitoral.com.ar\/#\/schema\/person\/b9d00407c836482871ef1d57bf8e3180","name":"Gonzalo Schmidt","image":{"@type":"ImageObject","inLanguage":"es","@id":"https:\/\/secure.gravatar.com\/avatar\/31a1a7b66ff2de83bd0e9fd79d026630d2d99e55e8bfe501287647b4fd9743de?s=96&d=mm&r=g","url":"https:\/\/secure.gravatar.com\/avatar\/31a1a7b66ff2de83bd0e9fd79d026630d2d99e55e8bfe501287647b4fd9743de?s=96&d=mm&r=g","contentUrl":"https:\/\/secure.gravatar.com\/avatar\/31a1a7b66ff2de83bd0e9fd79d026630d2d99e55e8bfe501287647b4fd9743de?s=96&d=mm&r=g","caption":"Gonzalo Schmidt"},"description":"Sitio web de noticias de la provincia de Entre R\u00edos, Argentina. Informaci\u00f3n y entretenimiento. Informe Litoral, nos informamos.","sameAs":["http:\/\/www.isletasnoticias.com.ar"],"url":"https:\/\/informelitoral.com.ar\/author\/gonzalo\/"}]}},"_links":{"self":[{"href":"https:\/\/informelitoral.com.ar\/%77%70%2d%6a%73%6f%6e\/wp\/v2\/posts\/2263","targetHints":{"allow":["GET"]}}],"collection":[{"href":"https:\/\/informelitoral.com.ar\/%77%70%2d%6a%73%6f%6e\/wp\/v2\/posts"}],"about":[{"href":"https:\/\/informelitoral.com.ar\/%77%70%2d%6a%73%6f%6e\/wp\/v2\/types\/post"}],"author":[{"embeddable":true,"href":"https:\/\/informelitoral.com.ar\/%77%70%2d%6a%73%6f%6e\/wp\/v2\/users\/2"}],"replies":[{"embeddable":true,"href":"https:\/\/informelitoral.com.ar\/%77%70%2d%6a%73%6f%6e\/wp\/v2\/comments?post=2263"}],"version-history":[{"count":0,"href":"https:\/\/informelitoral.com.ar\/%77%70%2d%6a%73%6f%6e\/wp\/v2\/posts\/2263\/revisions"}],"wp:attachment":[{"href":"https:\/\/informelitoral.com.ar\/%77%70%2d%6a%73%6f%6e\/wp\/v2\/media?parent=2263"}],"wp:term":[{"taxonomy":"category","embeddable":true,"href":"https:\/\/informelitoral.com.ar\/%77%70%2d%6a%73%6f%6e\/wp\/v2\/categories?post=2263"},{"taxonomy":"post_tag","embeddable":true,"href":"https:\/\/informelitoral.com.ar\/%77%70%2d%6a%73%6f%6e\/wp\/v2\/tags?post=2263"}],"curies":[{"name":"wp","href":"https:\/\/api.w.org\/{rel}","templated":true}]}}