{"id":226250,"date":"2025-07-05T06:20:18","date_gmt":"2025-07-05T09:20:18","guid":{"rendered":"https:\/\/informelitoral.com.ar\/?p=226250"},"modified":"2025-07-05T20:25:35","modified_gmt":"2025-07-05T23:25:35","slug":"participar-para-construir-futuro","status":"publish","type":"post","link":"https:\/\/informelitoral.com.ar\/participar-para-construir-futuro\/","title":{"rendered":"Participar para construir futuro"},"content":{"rendered":"<ul>\n<li><em>Por<a href=\"https:\/\/www.instagram.com\/curu.er\/\" target=\"_blank\" rel=\"noopener\"><strong> Agust\u00edn Curuchet<\/strong><\/a> \u2013 director de Vinculaci\u00f3n Ciudadana<\/em><br \/>\n<em>Secretar\u00eda de Participaci\u00f3n y Atenci\u00f3n Ciudadana \u2013 Gobierno de Entre R\u00edos<\/em><\/li>\n<\/ul>\n<p>En Entre R\u00edos estamos impulsando una nueva forma de gobernar: abierta, cercana y compartida con la ciudadan\u00eda. En tiempos donde premia la distancia, elegimos escuchar, dialogar y construir en conjunto.<\/p>\n<p>A veces, las acciones m\u00e1s simples dicen m\u00e1s que los grandes anuncios. En los \u00faltimos d\u00edas impulsamos distintas iniciativas junto a vecinos de la provincia: jornadas de voluntariado, espacios de escucha, campa\u00f1as colaborativas. En apariencia son actividades aisladas, pero representan algo m\u00e1s profundo: una nueva forma de entender la gesti\u00f3n p\u00fablica.<\/p>\n<p>Es el resultado de una decisi\u00f3n pol\u00edtica. Porque en Entre R\u00edos creemos que la relaci\u00f3n entre el Estado y la ciudadan\u00eda tiene que cambiar. Y ya lo estamos haciendo.<\/p>\n<p>Estamos convencidos de que esa es la direcci\u00f3n correcta. Por eso, desde la Secretar\u00eda de Participaci\u00f3n y Atenci\u00f3n Ciudadana, que conduce Valentina Gotte, venimos desarrollando una agenda concreta de cercan\u00eda, di\u00e1logo y construcci\u00f3n compartida con la ciudadan\u00eda.<br \/>\nCon un objetivo claro: reconstruir el v\u00ednculo entre el gobierno y la gente, con cercan\u00eda, compromiso y transparencia. Y lo hacemos como parte de un modelo de gobierno abierto, que entiende que la participaci\u00f3n ciudadana no es un tr\u00e1mite ni una formalidad, sino una herramienta para mejorar la gesti\u00f3n, legitimar decisiones y fortalecer la democracia.<\/p>\n<p>Durante junio, y tomando como contexto el Mes del Ambiente, llevamos adelante tres experiencias que expresan con claridad este enfoque:<\/p>\n<p>\u201cBotellas que construyen futuro\u201d, una experiencia de reciclaje y obra p\u00fablica sustentable.<\/p>\n<p>\u201cVoluntarios ER\u201d, una red de vecinos que, en este caso, se activ\u00f3 para cuidar su comunidad, limpiar un microbasural en la localidad de Diamante y recuperar el valor del hacer colectivo.<\/p>\n<p>Y un Foro Participativo por el Clima en Gualeguaych\u00fa, donde abrimos un espacio real para escuchar ideas y construir propuestas para el futuro plan clim\u00e1tico provincial.<\/p>\n<p>La clave no fue el tema ambiental en s\u00ed, sino la forma en que lo abordamos, con participaci\u00f3n real, con rostros concretos, con el Estado presente pero no protagonista. Porque gobernar tambi\u00e9n es habilitar espacios para que otros se expresen, propongan y se sientan parte.<\/p>\n<p>Desde la Direcci\u00f3n de Vinculaci\u00f3n Ciudadana, avanzamos con el plan ER +Cerca, una estrategia integral que busca reconstruir los v\u00ednculos entre el Estado y los entrerrianos. Lo hacemos como parte de la agenda de transformaci\u00f3n que impulsa el Secretario General de la Gobernaci\u00f3n, Mauricio Colello.<\/p>\n<p>Ese rumbo es parte de una convicci\u00f3n m\u00e1s amplia que atraviesa al gobierno provincial que encabeza Rogelio Frigerio: la idea de que la transformaci\u00f3n no se impone, se construye. Que gobernar no es alejarse, sino involucrarse. Que un Estado presente no es el que m\u00e1s habla, sino el que m\u00e1s escucha.<\/p>\n<p>Porque el gobierno abierto no es una consigna, sino una pr\u00e1ctica: abrir datos, compartir decisiones, rendir cuentas, hablar claro. Y, sobre todo, estar dispuestos a que la ciudadan\u00eda tenga un rol activo y protag\u00f3nico.<\/p>\n<p>En tiempos donde la distancia entre la pol\u00edtica y la sociedad parece agrandarse, nosotros apostamos por lo contrario: m\u00e1s cercan\u00eda, m\u00e1s di\u00e1logo, m\u00e1s comunidad.<\/p>\n<p>Como dice el lema de El Eternauta: \u201cNadie se salva solo\u201d. Y creemos que es as\u00ed. La salida no est\u00e1 en el repliegue individual ni en la indiferencia. Est\u00e1 en construir en conjunto. En hacer del Estado una herramienta de transformaci\u00f3n, con la gente adentro, no mirando desde afuera.<\/p>\n<p>En Entre R\u00edos estamos cambiando la forma en que el gobierno se relaciona con su gente. Y esa transformaci\u00f3n \u2013silenciosa pero profunda\u2013 tambi\u00e9n es una manera de cuidar el futuro.<\/p>\n","protected":false},"excerpt":{"rendered":"<p>Por Agust&iacute;n Curuchet &ndash; director de Vinculaci&oacute;n Ciudadana Secretar&iacute;a de Participaci&oacute;n y Atenci&oacute;n Ciudadana &ndash; Gobierno de Entre R&iacute;os En Entre R&iacute;os estamos impulsando una nueva forma de gobernar: abierta, cercana y compartida con la ciudadan&iacute;a. En tiempos donde premia la distancia, elegimos escuchar, dialogar y construir en conjunto. A veces, las acciones m&aacute;s simples [&hellip;]<\/p>\n","protected":false},"author":2,"featured_media":226251,"comment_status":"open","ping_status":"open","sticky":false,"template":"","format":"standard","meta":{"fifu_image_url":"https:\/\/lh3.googleusercontent.com\/drive-storage\/AJQWtBNbjinS1Gl85h1K0UkgDDx6q7GR6h76DyGZe1HKepRplr386AiRoEocTViTJq74Y1LXWWlFYBDarNjVPqOpz3ohEqeZR1v0NmY0zb6BAw6wjA=w2048-h2048-p-k-nu","fifu_image_alt":"","footnotes":""},"categories":[11],"tags":[982],"class_list":{"0":"post-226250","1":"post","2":"type-post","3":"status-publish","4":"format-standard","5":"has-post-thumbnail","7":"category-opinion","8":"tag-opinion"},"yoast_head":"<title>Participar para construir futuro - Informe Litoral<\/title>\n<meta name=\"robots\" content=\"index, follow, max-snippet:-1, max-image-preview:large, max-video-preview:-1\" \/>\n<link rel=\"canonical\" href=\"https:\/\/informelitoral.com.ar\/participar-para-construir-futuro\/\" \/>\n<meta property=\"og:locale\" content=\"es_ES\" \/>\n<meta property=\"og:type\" content=\"article\" \/>\n<meta property=\"og:title\" content=\"Participar para construir futuro - Informe Litoral\" \/>\n<meta property=\"og:description\" content=\"Por Agust&iacute;n Curuchet &ndash; director de Vinculaci&oacute;n Ciudadana Secretar&iacute;a de Participaci&oacute;n y Atenci&oacute;n Ciudadana &ndash; Gobierno de Entre R&iacute;os En Entre R&iacute;os estamos impulsando una nueva forma de gobernar: abierta, cercana y compartida con la ciudadan&iacute;a. En tiempos donde premia la distancia, elegimos escuchar, dialogar y construir en conjunto. A veces, las acciones m&aacute;s simples [&hellip;]\" \/>\n<meta property=\"og:url\" content=\"https:\/\/informelitoral.com.ar\/participar-para-construir-futuro\/\" \/>\n<meta property=\"og:site_name\" content=\"Informe Litoral\" \/>\n<meta property=\"article:publisher\" content=\"https:\/\/www.facebook.com\/informelitoral\/\" \/>\n<meta property=\"article:published_time\" content=\"2025-07-05T09:20:18+00:00\" \/>\n<meta property=\"article:modified_time\" content=\"2025-07-05T23:25:35+00:00\" \/>\n<meta property=\"og:image\" content=\"https:\/\/lh3.googleusercontent.com\/drive-storage\/AJQWtBNbjinS1Gl85h1K0UkgDDx6q7GR6h76DyGZe1HKepRplr386AiRoEocTViTJq74Y1LXWWlFYBDarNjVPqOpz3ohEqeZR1v0NmY0zb6BAw6wjA=w2048-h2048-p-k-nu\" \/><meta property=\"og:image\" content=\"https:\/\/lh3.googleusercontent.com\/drive-storage\/AJQWtBNbjinS1Gl85h1K0UkgDDx6q7GR6h76DyGZe1HKepRplr386AiRoEocTViTJq74Y1LXWWlFYBDarNjVPqOpz3ohEqeZR1v0NmY0zb6BAw6wjA=w2048-h2048-p-k-nu\" \/>\n\t<meta property=\"og:image:width\" content=\"1080\" \/>\n\t<meta property=\"og:image:height\" content=\"713\" \/>\n\t<meta property=\"og:image:type\" content=\"image\/jpeg\" \/>\n<meta name=\"author\" content=\"Gonzalo Schmidt\" \/>\n<meta name=\"twitter:card\" content=\"summary_large_image\" \/>\n<meta name=\"twitter:image\" content=\"https:\/\/lh3.googleusercontent.com\/drive-storage\/AJQWtBNbjinS1Gl85h1K0UkgDDx6q7GR6h76DyGZe1HKepRplr386AiRoEocTViTJq74Y1LXWWlFYBDarNjVPqOpz3ohEqeZR1v0NmY0zb6BAw6wjA=w2048-h2048-p-k-nu\" \/>\n<meta name=\"twitter:creator\" content=\"@InformeLitoral\" \/>\n<meta name=\"twitter:site\" content=\"@InformeLitoral\" \/>\n<meta name=\"twitter:label1\" content=\"Escrito por\" \/>\n\t<meta name=\"twitter:data1\" content=\"Gonzalo Schmidt\" \/>\n\t<meta name=\"twitter:label2\" content=\"Tiempo de lectura\" \/>\n\t<meta name=\"twitter:data2\" content=\"3 minutos\" \/>\n<script type=\"application\/ld+json\" class=\"yoast-schema-graph\">{\"@context\":\"https:\\\/\\\/schema.org\",\"@graph\":[{\"@type\":\"Article\",\"@id\":\"https:\\\/\\\/informelitoral.com.ar\\\/participar-para-construir-futuro\\\/#article\",\"isPartOf\":{\"@id\":\"https:\\\/\\\/informelitoral.com.ar\\\/participar-para-construir-futuro\\\/\"},\"author\":{\"name\":\"Gonzalo Schmidt\",\"@id\":\"https:\\\/\\\/informelitoral.com.ar\\\/#\\\/schema\\\/person\\\/b9d00407c836482871ef1d57bf8e3180\"},\"headline\":\"Participar para construir futuro\",\"datePublished\":\"2025-07-05T09:20:18+00:00\",\"dateModified\":\"2025-07-05T23:25:35+00:00\",\"mainEntityOfPage\":{\"@id\":\"https:\\\/\\\/informelitoral.com.ar\\\/participar-para-construir-futuro\\\/\"},\"wordCount\":650,\"commentCount\":0,\"publisher\":{\"@id\":\"https:\\\/\\\/informelitoral.com.ar\\\/#organization\"},\"image\":{\"@id\":\"https:\\\/\\\/informelitoral.com.ar\\\/participar-para-construir-futuro\\\/#primaryimage\"},\"thumbnailUrl\":\"https:\\\/\\\/lh3.googleusercontent.com\\\/drive-storage\\\/AJQWtBNbjinS1Gl85h1K0UkgDDx6q7GR6h76DyGZe1HKepRplr386AiRoEocTViTJq74Y1LXWWlFYBDarNjVPqOpz3ohEqeZR1v0NmY0zb6BAw6wjA=w2048-h2048-p-k-nu\",\"keywords\":[\"Opini\u00f3n\"],\"articleSection\":[\"Opini\u00f3n\"],\"inLanguage\":\"es\",\"potentialAction\":[{\"@type\":\"CommentAction\",\"name\":\"Comment\",\"target\":[\"https:\\\/\\\/informelitoral.com.ar\\\/participar-para-construir-futuro\\\/#respond\"]}]},{\"@type\":\"WebPage\",\"@id\":\"https:\\\/\\\/informelitoral.com.ar\\\/participar-para-construir-futuro\\\/\",\"url\":\"https:\\\/\\\/informelitoral.com.ar\\\/participar-para-construir-futuro\\\/\",\"name\":\"Participar para construir futuro - Informe Litoral\",\"isPartOf\":{\"@id\":\"https:\\\/\\\/informelitoral.com.ar\\\/#website\"},\"primaryImageOfPage\":{\"@id\":\"https:\\\/\\\/informelitoral.com.ar\\\/participar-para-construir-futuro\\\/#primaryimage\"},\"image\":{\"@id\":\"https:\\\/\\\/informelitoral.com.ar\\\/participar-para-construir-futuro\\\/#primaryimage\"},\"thumbnailUrl\":\"https:\\\/\\\/lh3.googleusercontent.com\\\/drive-storage\\\/AJQWtBNbjinS1Gl85h1K0UkgDDx6q7GR6h76DyGZe1HKepRplr386AiRoEocTViTJq74Y1LXWWlFYBDarNjVPqOpz3ohEqeZR1v0NmY0zb6BAw6wjA=w2048-h2048-p-k-nu\",\"datePublished\":\"2025-07-05T09:20:18+00:00\",\"dateModified\":\"2025-07-05T23:25:35+00:00\",\"breadcrumb\":{\"@id\":\"https:\\\/\\\/informelitoral.com.ar\\\/participar-para-construir-futuro\\\/#breadcrumb\"},\"inLanguage\":\"es\",\"potentialAction\":[{\"@type\":\"ReadAction\",\"target\":[\"https:\\\/\\\/informelitoral.com.ar\\\/participar-para-construir-futuro\\\/\"]}]},{\"@type\":\"ImageObject\",\"inLanguage\":\"es\",\"@id\":\"https:\\\/\\\/informelitoral.com.ar\\\/participar-para-construir-futuro\\\/#primaryimage\",\"url\":\"https:\\\/\\\/lh3.googleusercontent.com\\\/drive-storage\\\/AJQWtBNbjinS1Gl85h1K0UkgDDx6q7GR6h76DyGZe1HKepRplr386AiRoEocTViTJq74Y1LXWWlFYBDarNjVPqOpz3ohEqeZR1v0NmY0zb6BAw6wjA=w2048-h2048-p-k-nu\",\"contentUrl\":\"https:\\\/\\\/lh3.googleusercontent.com\\\/drive-storage\\\/AJQWtBNbjinS1Gl85h1K0UkgDDx6q7GR6h76DyGZe1HKepRplr386AiRoEocTViTJq74Y1LXWWlFYBDarNjVPqOpz3ohEqeZR1v0NmY0zb6BAw6wjA=w2048-h2048-p-k-nu\",\"width\":\"1080\",\"height\":\"713\"},{\"@type\":\"BreadcrumbList\",\"@id\":\"https:\\\/\\\/informelitoral.com.ar\\\/participar-para-construir-futuro\\\/#breadcrumb\",\"itemListElement\":[{\"@type\":\"ListItem\",\"position\":1,\"name\":\"Portada\",\"item\":\"https:\\\/\\\/informelitoral.com.ar\\\/\"},{\"@type\":\"ListItem\",\"position\":2,\"name\":\"Participar para construir futuro\"}]},{\"@type\":\"WebSite\",\"@id\":\"https:\\\/\\\/informelitoral.com.ar\\\/#website\",\"url\":\"https:\\\/\\\/informelitoral.com.ar\\\/\",\"name\":\"Informe Litoral\",\"description\":\"&quot;Nos informamos&quot; \",\"publisher\":{\"@id\":\"https:\\\/\\\/informelitoral.com.ar\\\/#organization\"},\"potentialAction\":[{\"@type\":\"SearchAction\",\"target\":{\"@type\":\"EntryPoint\",\"urlTemplate\":\"https:\\\/\\\/informelitoral.com.ar\\\/?s={search_term_string}\"},\"query-input\":{\"@type\":\"PropertyValueSpecification\",\"valueRequired\":true,\"valueName\":\"search_term_string\"}}],\"inLanguage\":\"es\"},{\"@type\":\"Organization\",\"@id\":\"https:\\\/\\\/informelitoral.com.ar\\\/#organization\",\"name\":\"Informe Litoral\",\"url\":\"https:\\\/\\\/informelitoral.com.ar\\\/\",\"logo\":{\"@type\":\"ImageObject\",\"inLanguage\":\"es\",\"@id\":\"https:\\\/\\\/informelitoral.com.ar\\\/#\\\/schema\\\/logo\\\/image\\\/\",\"url\":\"https:\\\/\\\/informelitoral.com.ar\\\/%77%70%2d%63%6f%6e%74%65%6e%74\\\/uploads\\\/2021\\\/01\\\/circulo.png\",\"contentUrl\":\"https:\\\/\\\/informelitoral.com.ar\\\/%77%70%2d%63%6f%6e%74%65%6e%74\\\/uploads\\\/2021\\\/01\\\/circulo.png\",\"width\":723,\"height\":731,\"caption\":\"Informe Litoral\"},\"image\":{\"@id\":\"https:\\\/\\\/informelitoral.com.ar\\\/#\\\/schema\\\/logo\\\/image\\\/\"},\"sameAs\":[\"https:\\\/\\\/www.facebook.com\\\/informelitoral\\\/\",\"https:\\\/\\\/x.com\\\/InformeLitoral\",\"https:\\\/\\\/www.instagram.com\\\/informelitoral\\\/\",\"https:\\\/\\\/www.youtube.com\\\/channel\\\/UCua4Qvz8Icb6MYqhoq9xLXw\"]},{\"@type\":\"Person\",\"@id\":\"https:\\\/\\\/informelitoral.com.ar\\\/#\\\/schema\\\/person\\\/b9d00407c836482871ef1d57bf8e3180\",\"name\":\"Gonzalo Schmidt\",\"image\":{\"@type\":\"ImageObject\",\"inLanguage\":\"es\",\"@id\":\"https:\\\/\\\/secure.gravatar.com\\\/avatar\\\/31a1a7b66ff2de83bd0e9fd79d026630d2d99e55e8bfe501287647b4fd9743de?s=96&d=mm&r=g\",\"url\":\"https:\\\/\\\/secure.gravatar.com\\\/avatar\\\/31a1a7b66ff2de83bd0e9fd79d026630d2d99e55e8bfe501287647b4fd9743de?s=96&d=mm&r=g\",\"contentUrl\":\"https:\\\/\\\/secure.gravatar.com\\\/avatar\\\/31a1a7b66ff2de83bd0e9fd79d026630d2d99e55e8bfe501287647b4fd9743de?s=96&d=mm&r=g\",\"caption\":\"Gonzalo Schmidt\"},\"description\":\"Sitio web de noticias de la provincia de Entre R\u00edos, Argentina. Informaci\u00f3n y entretenimiento. Informe Litoral, nos informamos.\",\"sameAs\":[\"http:\\\/\\\/www.isletasnoticias.com.ar\"],\"url\":\"https:\\\/\\\/informelitoral.com.ar\\\/author\\\/gonzalo\\\/\"}]}<\/script>","yoast_head_json":{"title":"Participar para construir futuro - Informe Litoral","robots":{"index":"index","follow":"follow","max-snippet":"max-snippet:-1","max-image-preview":"max-image-preview:large","max-video-preview":"max-video-preview:-1"},"canonical":"https:\/\/informelitoral.com.ar\/participar-para-construir-futuro\/","og_locale":"es_ES","og_type":"article","og_title":"Participar para construir futuro - Informe Litoral","og_description":"Por Agust&iacute;n Curuchet &ndash; director de Vinculaci&oacute;n Ciudadana Secretar&iacute;a de Participaci&oacute;n y Atenci&oacute;n Ciudadana &ndash; Gobierno de Entre R&iacute;os En Entre R&iacute;os estamos impulsando una nueva forma de gobernar: abierta, cercana y compartida con la ciudadan&iacute;a. En tiempos donde premia la distancia, elegimos escuchar, dialogar y construir en conjunto. A veces, las acciones m&aacute;s simples [&hellip;]","og_url":"https:\/\/informelitoral.com.ar\/participar-para-construir-futuro\/","og_site_name":"Informe Litoral","article_publisher":"https:\/\/www.facebook.com\/informelitoral\/","article_published_time":"2025-07-05T09:20:18+00:00","article_modified_time":"2025-07-05T23:25:35+00:00","og_image":[{"url":"https:\/\/lh3.googleusercontent.com\/drive-storage\/AJQWtBNbjinS1Gl85h1K0UkgDDx6q7GR6h76DyGZe1HKepRplr386AiRoEocTViTJq74Y1LXWWlFYBDarNjVPqOpz3ohEqeZR1v0NmY0zb6BAw6wjA=w2048-h2048-p-k-nu","type":"","width":"","height":""},{"width":1080,"height":713,"url":"https:\/\/lh3.googleusercontent.com\/drive-storage\/AJQWtBNbjinS1Gl85h1K0UkgDDx6q7GR6h76DyGZe1HKepRplr386AiRoEocTViTJq74Y1LXWWlFYBDarNjVPqOpz3ohEqeZR1v0NmY0zb6BAw6wjA=w2048-h2048-p-k-nu","type":"image\/jpeg"}],"author":"Gonzalo Schmidt","twitter_card":"summary_large_image","twitter_image":"https:\/\/lh3.googleusercontent.com\/drive-storage\/AJQWtBNbjinS1Gl85h1K0UkgDDx6q7GR6h76DyGZe1HKepRplr386AiRoEocTViTJq74Y1LXWWlFYBDarNjVPqOpz3ohEqeZR1v0NmY0zb6BAw6wjA=w2048-h2048-p-k-nu","twitter_creator":"@InformeLitoral","twitter_site":"@InformeLitoral","twitter_misc":{"Escrito por":"Gonzalo Schmidt","Tiempo de lectura":"3 minutos"},"schema":{"@context":"https:\/\/schema.org","@graph":[{"@type":"Article","@id":"https:\/\/informelitoral.com.ar\/participar-para-construir-futuro\/#article","isPartOf":{"@id":"https:\/\/informelitoral.com.ar\/participar-para-construir-futuro\/"},"author":{"name":"Gonzalo Schmidt","@id":"https:\/\/informelitoral.com.ar\/#\/schema\/person\/b9d00407c836482871ef1d57bf8e3180"},"headline":"Participar para construir futuro","datePublished":"2025-07-05T09:20:18+00:00","dateModified":"2025-07-05T23:25:35+00:00","mainEntityOfPage":{"@id":"https:\/\/informelitoral.com.ar\/participar-para-construir-futuro\/"},"wordCount":650,"commentCount":0,"publisher":{"@id":"https:\/\/informelitoral.com.ar\/#organization"},"image":{"@id":"https:\/\/informelitoral.com.ar\/participar-para-construir-futuro\/#primaryimage"},"thumbnailUrl":"https:\/\/lh3.googleusercontent.com\/drive-storage\/AJQWtBNbjinS1Gl85h1K0UkgDDx6q7GR6h76DyGZe1HKepRplr386AiRoEocTViTJq74Y1LXWWlFYBDarNjVPqOpz3ohEqeZR1v0NmY0zb6BAw6wjA=w2048-h2048-p-k-nu","keywords":["Opini\u00f3n"],"articleSection":["Opini\u00f3n"],"inLanguage":"es","potentialAction":[{"@type":"CommentAction","name":"Comment","target":["https:\/\/informelitoral.com.ar\/participar-para-construir-futuro\/#respond"]}]},{"@type":"WebPage","@id":"https:\/\/informelitoral.com.ar\/participar-para-construir-futuro\/","url":"https:\/\/informelitoral.com.ar\/participar-para-construir-futuro\/","name":"Participar para construir futuro - Informe Litoral","isPartOf":{"@id":"https:\/\/informelitoral.com.ar\/#website"},"primaryImageOfPage":{"@id":"https:\/\/informelitoral.com.ar\/participar-para-construir-futuro\/#primaryimage"},"image":{"@id":"https:\/\/informelitoral.com.ar\/participar-para-construir-futuro\/#primaryimage"},"thumbnailUrl":"https:\/\/lh3.googleusercontent.com\/drive-storage\/AJQWtBNbjinS1Gl85h1K0UkgDDx6q7GR6h76DyGZe1HKepRplr386AiRoEocTViTJq74Y1LXWWlFYBDarNjVPqOpz3ohEqeZR1v0NmY0zb6BAw6wjA=w2048-h2048-p-k-nu","datePublished":"2025-07-05T09:20:18+00:00","dateModified":"2025-07-05T23:25:35+00:00","breadcrumb":{"@id":"https:\/\/informelitoral.com.ar\/participar-para-construir-futuro\/#breadcrumb"},"inLanguage":"es","potentialAction":[{"@type":"ReadAction","target":["https:\/\/informelitoral.com.ar\/participar-para-construir-futuro\/"]}]},{"@type":"ImageObject","inLanguage":"es","@id":"https:\/\/informelitoral.com.ar\/participar-para-construir-futuro\/#primaryimage","url":"https:\/\/lh3.googleusercontent.com\/drive-storage\/AJQWtBNbjinS1Gl85h1K0UkgDDx6q7GR6h76DyGZe1HKepRplr386AiRoEocTViTJq74Y1LXWWlFYBDarNjVPqOpz3ohEqeZR1v0NmY0zb6BAw6wjA=w2048-h2048-p-k-nu","contentUrl":"https:\/\/lh3.googleusercontent.com\/drive-storage\/AJQWtBNbjinS1Gl85h1K0UkgDDx6q7GR6h76DyGZe1HKepRplr386AiRoEocTViTJq74Y1LXWWlFYBDarNjVPqOpz3ohEqeZR1v0NmY0zb6BAw6wjA=w2048-h2048-p-k-nu","width":"1080","height":"713"},{"@type":"BreadcrumbList","@id":"https:\/\/informelitoral.com.ar\/participar-para-construir-futuro\/#breadcrumb","itemListElement":[{"@type":"ListItem","position":1,"name":"Portada","item":"https:\/\/informelitoral.com.ar\/"},{"@type":"ListItem","position":2,"name":"Participar para construir futuro"}]},{"@type":"WebSite","@id":"https:\/\/informelitoral.com.ar\/#website","url":"https:\/\/informelitoral.com.ar\/","name":"Informe Litoral","description":"&quot;Nos informamos&quot; ","publisher":{"@id":"https:\/\/informelitoral.com.ar\/#organization"},"potentialAction":[{"@type":"SearchAction","target":{"@type":"EntryPoint","urlTemplate":"https:\/\/informelitoral.com.ar\/?s={search_term_string}"},"query-input":{"@type":"PropertyValueSpecification","valueRequired":true,"valueName":"search_term_string"}}],"inLanguage":"es"},{"@type":"Organization","@id":"https:\/\/informelitoral.com.ar\/#organization","name":"Informe Litoral","url":"https:\/\/informelitoral.com.ar\/","logo":{"@type":"ImageObject","inLanguage":"es","@id":"https:\/\/informelitoral.com.ar\/#\/schema\/logo\/image\/","url":"https:\/\/informelitoral.com.ar\/%77%70%2d%63%6f%6e%74%65%6e%74\/uploads\/2021\/01\/circulo.png","contentUrl":"https:\/\/informelitoral.com.ar\/%77%70%2d%63%6f%6e%74%65%6e%74\/uploads\/2021\/01\/circulo.png","width":723,"height":731,"caption":"Informe Litoral"},"image":{"@id":"https:\/\/informelitoral.com.ar\/#\/schema\/logo\/image\/"},"sameAs":["https:\/\/www.facebook.com\/informelitoral\/","https:\/\/x.com\/InformeLitoral","https:\/\/www.instagram.com\/informelitoral\/","https:\/\/www.youtube.com\/channel\/UCua4Qvz8Icb6MYqhoq9xLXw"]},{"@type":"Person","@id":"https:\/\/informelitoral.com.ar\/#\/schema\/person\/b9d00407c836482871ef1d57bf8e3180","name":"Gonzalo Schmidt","image":{"@type":"ImageObject","inLanguage":"es","@id":"https:\/\/secure.gravatar.com\/avatar\/31a1a7b66ff2de83bd0e9fd79d026630d2d99e55e8bfe501287647b4fd9743de?s=96&d=mm&r=g","url":"https:\/\/secure.gravatar.com\/avatar\/31a1a7b66ff2de83bd0e9fd79d026630d2d99e55e8bfe501287647b4fd9743de?s=96&d=mm&r=g","contentUrl":"https:\/\/secure.gravatar.com\/avatar\/31a1a7b66ff2de83bd0e9fd79d026630d2d99e55e8bfe501287647b4fd9743de?s=96&d=mm&r=g","caption":"Gonzalo Schmidt"},"description":"Sitio web de noticias de la provincia de Entre R\u00edos, Argentina. Informaci\u00f3n y entretenimiento. Informe Litoral, nos informamos.","sameAs":["http:\/\/www.isletasnoticias.com.ar"],"url":"https:\/\/informelitoral.com.ar\/author\/gonzalo\/"}]}},"fifu_image_url":"https:\/\/lh3.googleusercontent.com\/drive-storage\/AJQWtBNbjinS1Gl85h1K0UkgDDx6q7GR6h76DyGZe1HKepRplr386AiRoEocTViTJq74Y1LXWWlFYBDarNjVPqOpz3ohEqeZR1v0NmY0zb6BAw6wjA=w2048-h2048-p-k-nu","_links":{"self":[{"href":"https:\/\/informelitoral.com.ar\/%77%70%2d%6a%73%6f%6e\/wp\/v2\/posts\/226250","targetHints":{"allow":["GET"]}}],"collection":[{"href":"https:\/\/informelitoral.com.ar\/%77%70%2d%6a%73%6f%6e\/wp\/v2\/posts"}],"about":[{"href":"https:\/\/informelitoral.com.ar\/%77%70%2d%6a%73%6f%6e\/wp\/v2\/types\/post"}],"author":[{"embeddable":true,"href":"https:\/\/informelitoral.com.ar\/%77%70%2d%6a%73%6f%6e\/wp\/v2\/users\/2"}],"replies":[{"embeddable":true,"href":"https:\/\/informelitoral.com.ar\/%77%70%2d%6a%73%6f%6e\/wp\/v2\/comments?post=226250"}],"version-history":[{"count":1,"href":"https:\/\/informelitoral.com.ar\/%77%70%2d%6a%73%6f%6e\/wp\/v2\/posts\/226250\/revisions"}],"predecessor-version":[{"id":226252,"href":"https:\/\/informelitoral.com.ar\/%77%70%2d%6a%73%6f%6e\/wp\/v2\/posts\/226250\/revisions\/226252"}],"wp:featuredmedia":[{"embeddable":true,"href":"https:\/\/informelitoral.com.ar\/%77%70%2d%6a%73%6f%6e\/wp\/v2\/media\/226251"}],"wp:attachment":[{"href":"https:\/\/informelitoral.com.ar\/%77%70%2d%6a%73%6f%6e\/wp\/v2\/media?parent=226250"}],"wp:term":[{"taxonomy":"category","embeddable":true,"href":"https:\/\/informelitoral.com.ar\/%77%70%2d%6a%73%6f%6e\/wp\/v2\/categories?post=226250"},{"taxonomy":"post_tag","embeddable":true,"href":"https:\/\/informelitoral.com.ar\/%77%70%2d%6a%73%6f%6e\/wp\/v2\/tags?post=226250"}],"curies":[{"name":"wp","href":"https:\/\/api.w.org\/{rel}","templated":true}]}}