{"id":226074,"date":"2025-07-02T19:44:49","date_gmt":"2025-07-02T22:44:49","guid":{"rendered":"https:\/\/informelitoral.com.ar\/?p=226074"},"modified":"2025-07-03T19:54:09","modified_gmt":"2025-07-03T22:54:09","slug":"senado-fijaron-fechas-de-audiencias-publicas-para-cargos-en-la-justicia","status":"publish","type":"post","link":"https:\/\/informelitoral.com.ar\/senado-fijaron-fechas-de-audiencias-publicas-para-cargos-en-la-justicia\/","title":{"rendered":"Senado: fijaron fechas de audiencias p\u00fablicas para cargos en la Justicia"},"content":{"rendered":"<p>Este mi\u00e9rcoles en la Sala de Comisiones del Senado estuvieron presentes quien encabeza la misma, el senador Juan Pablo Cosso (Villaguay \u2013 M\u00e1s para Entre R\u00edos) junto a Rafael Cavagna (Nogoy\u00e1 \u2013 Juntos por Entre R\u00edos), Marcelo Berthet (San Salvador \u2013 M\u00e1s Para Entre R\u00edos), Jaime Benedetti (Gualeguaych\u00fa \u2013 Juntos por Entre R\u00edos), Nancy Miranda (Federal \u2013 M\u00e1s para Entre R\u00edos), Gustavo Vergara (Diamante \u2013 Juntos por Entre R\u00edos) y Casiano Otaegui (Gualeguay \u2013 Juntos Por Entre R\u00edos).<\/p>\n<p>Cabe recordar que en cumplimiento del art. 103 inciso 2\u00b0 de la Constituci\u00f3n Provincial, relacionado a prestar el acuerdo senatorial a la propuesta de nombramientos por parte del Poder Ejecutivo, la semana pasada se llevaron adelante 13 audiencias p\u00fablicas, en el marco de los 38 pedidos de acuerdo para cargos en la Justicia entrerriana, para distintas Fiscal\u00edas. Por lo tanto, los senadores fijaron fechas de audiencias p\u00fablicas para los 25 candidatos a quienes resta pasar por esta instancia. Ser\u00e1n los d\u00edas martes 22 de julio, por la ma\u00f1ana y por la tarde, y mi\u00e9rcoles 23 por la ma\u00f1ana.<\/p>\n<h2><strong>Cargos para fiscales auxiliares<\/strong><\/h2>\n<p>El listado de candidatos con los requisitos cumplidos y que tendr\u00e1n su correspondiente audiencia p\u00fablica es el siguiente: Schonfeld Leonardo Augusto, Fiscal Auxiliar n\u00ba 1 de la ciudad de Villa Paranacito. Acu\u00f1a Mar\u00eda Florencia, Fiscal Auxiliar N\u00b0 2 de la ciudad de Diamante. Vives Sonia Beatriz, Fiscal Auxiliar N\u00b0 3 de la Ciudad de Paran\u00e1. Giunta Cristian Jos\u00e9 Mar\u00eda, Fiscal Auxiliar N\u00b0 4 de la ciudad de Paran\u00e1. Nin Mar\u00eda de las Mercedes, Fiscal Auxiliar N\u00b0 5 de la ciudad de Paran\u00e1. Vilches Valeria Elena, Fiscal Auxiliar N\u00b0 6 de la ciudad de Paran\u00e1. Wasinger Mart\u00edn Miguel, Fiscal Auxiliar N\u00b0 7 de la ciudad de Paran\u00e1. Guzm\u00e1n Andrea Carolina, Fiscal Auxiliar N\u00ba 8 de la ciudad de Paran\u00e1. Sueldo Jorge Gabriel, Fiscal Auxiliar N\u00ba 9 de la ciudad de Paran\u00e1. Farin\u00f3 Adriana Paola, Fiscal Auxiliar N\u00b0 10 de la ciudad de Paran\u00e1. Mill\u00e1n Mart\u00edn, Fiscal Auxiliar N\u00b0 11 de la ciudad de Paran\u00e1. Zenklusen Eric Rodolfo, Fiscal Auxiliar N\u00b0 12 de la ciudad de Paran\u00e1. Viviani Ileana, Fiscal Auxiliar N\u00ba 14 de la ciudad de Paran\u00e1. Mondrag\u00f3n Pafundi Mar\u00eda Macarena, Fiscal Auxiliar N\u00b0 2 de la ciudad de Chajar\u00ed. Giambattista Juan Pablo, Fiscal Auxiliar N\u00b0 2 de la ciudad de Concordia. Montagne Daniela, Fiscal Auxiliar N\u00b0 4 de la ciudad de Concordia. Paoli Francisco Alberto, Fiscal Auxiliar N\u00b0 5 de la ciudad de Concordia. Smith Mar\u00eda Eugenia, Fiscal Auxiliar N\u00b0 1 de la Ciudad de Diamante. Becker Mar\u00eda de los \u00c1ngeles, Fiscal Auxiliar N\u00b0 4 de la ciudad de Concepci\u00f3n del Uruguay. Taleb Laila, Fiscal Auxiliar N\u00b0 2 de la ciudad de Col\u00f3n. Elal, Ana Paula, Fiscal Auxiliar N\u00b0 1 de la ciudad de Gualeguay. Batto Mar\u00eda Noelia, Fiscal Auxiliar N\u00b0 2 de la ciudad de Villaguay. Beher\u00e1n Josefina, Fiscal Auxiliar N\u00b0 3 de la ciudad de Gualeguaych\u00fa. Guti\u00e9rrez Jorge Luis, Fiscal Auxiliar N\u00b0 4 de la ciudad de Gualeguaych\u00fa. Bartolo Natalia Denise, Fiscal Auxiliar N\u00b0 2 de la ciudad de la Paz.<\/p>\n<h2><strong>Plazos para cargos de jueces<\/strong><\/h2>\n<p>Por otro lado, y en cumplimiento del art\u00edculo 19\u00b0 inciso a, del reglamento de la C\u00e1mara de Senadores se hace saber los nombres de los ciudadanos candidatos a ocupar los cargos y para los cuales el Poder Ejecutivo ha solicitado su acuerdo senatorial en cumplimiento del art. 103 inciso 2\u00b0 de la Constituci\u00f3n Provincial: para Juez de Trabajo de la Ciudad de Col\u00f3n a Gianello Sebasti\u00e1n Manuel; para Jueza de Trabajo de la ciudad de Paran\u00e1 a Bautista Nanci Adriana; para Juez de Trabajo N\u00b0 2 de la ciudad de Concordia a Larocca Ricardo Agust\u00edn; y para Juez de Trabajo N\u00b0 4 de la ciudad de Concordia a Masara Roberto Elvio.<\/p>\n<p>En este sentido, se informa a la ciudadan\u00eda que los datos filiatorios y antecedentes curriculares de los candidatos mencionados pueden ser consultados en la p\u00e1gina web: www.senadoer.gob.ar y en las publicaciones efectuadas en el Bolet\u00edn Oficial de la Provincia los d\u00edas lunes 30 de junio y martes 1 de julio. Las manifestaciones por escrito que la ciudadan\u00eda desee realizar deber\u00e1n presentarse de lunes a viernes en el horario de 9 a 12 horas por Mesa de Entradas de la C\u00e1mara de Senadores o v\u00eda mail en formato PDF a la siguiente direcci\u00f3n:\u00a0<a href=\"mailto:comisiones@mailsenadoer.gob.ar\">comisiones@mailsenadoer.gob.ar<\/a>\u00a0El plazo de 10 d\u00edas h\u00e1biles para presentar adhesiones o impugnaciones a los propuestos se ver\u00e1 afectada por el receso de invierno, por lo que la fecha l\u00edmite de presentaciones ser\u00e1 el 29 del corriente.<\/p>\n<h2><strong>Consejo de la Magistratura<\/strong><\/h2>\n<p>Por otro lado, en el seno de la Comisi\u00f3n, se comenz\u00f3 a analizar el proyecto que reforma la ley del Consejo de la Magistratura, que fue elaborado por el Poder Ejecutivo y cuenta recientemente con media sanci\u00f3n de la C\u00e1mara de Diputados. El senador Cosso estableci\u00f3 una agenda de trabajo que incluye la invitaci\u00f3n a representantes de distintos sectores involucrados en el tema, con el fin de escuchar sus opiniones sobre el articulado.<\/p>\n<p>Con cinco t\u00edtulos y 47 art\u00edculos, se establece entre otras cosas que el Consejo de la Magistratura es un \u00f3rgano asesor permanente del Poder Ejecutivo provincial, con competencia exclusiva para proponer, mediante concursos p\u00fablicos y ternas vinculantes, la designaci\u00f3n de los Magistrados y Funcionarios de los Ministerios P\u00fablicos del Poder Judicial. Se dispone que estar\u00e1 integrado por once miembros y todo lo relativo a su funcionamiento, recursos, personal y Escuela Judicial, en este sentido se crea el Fondo de Financiamiento del Consejo de la Magistratura, y la Escuela Judicial, como espacio de formaci\u00f3n y capacitaci\u00f3n.<\/p>\n","protected":false},"excerpt":{"rendered":"<p>La Comisi\u00f3n de Asuntos Constitucionales y Acuerdos llevar\u00e1 adelante estas instancias en el marco de los pedidos de acuerdo constitucional para fiscales auxiliares de la Justicia, los d\u00edas 22 y 23 de julio. Asimismo est\u00e1n abiertos los plazos para presentar adhesiones o impugnaciones para cuatro cargos de jueces de trabajo. En tanto, se comenz\u00f3 con el estudio del proyecto de reforma de ley del Consejo de la Magistratura.<\/p>\n","protected":false},"author":2,"featured_media":226075,"comment_status":"open","ping_status":"open","sticky":false,"template":"","format":"standard","meta":{"fifu_image_url":"https:\/\/lh3.googleusercontent.com\/drive-storage\/AJQWtBPTgJUEVuQje9r9Mj7Hc-J2D0GxZQd6X0riVv53TySJVUpEmtKNI4sy4T5e8dxmjcxT0tkEhgyp8MIfQbKFnrjP8Rsf8xH4ggJw4SzK6ofxcw=w2048-h2048-p-k-nu","fifu_image_alt":"","footnotes":""},"categories":[16],"tags":[3540,464],"class_list":{"0":"post-226074","1":"post","2":"type-post","3":"status-publish","4":"format-standard","5":"has-post-thumbnail","7":"category-politi","8":"tag-comisiones","9":"tag-senado"},"yoast_head":"<title>Senado: fijaron fechas de audiencias p\u00fablicas para cargos en la Justicia - Informe Litoral<\/title>\n<meta name=\"robots\" content=\"index, follow, max-snippet:-1, max-image-preview:large, max-video-preview:-1\" \/>\n<link rel=\"canonical\" href=\"https:\/\/informelitoral.com.ar\/senado-fijaron-fechas-de-audiencias-publicas-para-cargos-en-la-justicia\/\" \/>\n<meta property=\"og:locale\" content=\"es_ES\" \/>\n<meta property=\"og:type\" content=\"article\" \/>\n<meta property=\"og:title\" content=\"Senado: fijaron fechas de audiencias p\u00fablicas para cargos en la Justicia - Informe Litoral\" \/>\n<meta property=\"og:description\" content=\"La Comisi\u00f3n de Asuntos Constitucionales y Acuerdos llevar\u00e1 adelante estas instancias en el marco de los pedidos de acuerdo constitucional para fiscales auxiliares de la Justicia, los d\u00edas 22 y 23 de julio. Asimismo est\u00e1n abiertos los plazos para presentar adhesiones o impugnaciones para cuatro cargos de jueces de trabajo. En tanto, se comenz\u00f3 con el estudio del proyecto de reforma de ley del Consejo de la Magistratura.\" \/>\n<meta property=\"og:url\" content=\"https:\/\/informelitoral.com.ar\/senado-fijaron-fechas-de-audiencias-publicas-para-cargos-en-la-justicia\/\" \/>\n<meta property=\"og:site_name\" content=\"Informe Litoral\" \/>\n<meta property=\"article:publisher\" content=\"https:\/\/www.facebook.com\/informelitoral\/\" \/>\n<meta property=\"article:published_time\" content=\"2025-07-02T22:44:49+00:00\" \/>\n<meta property=\"article:modified_time\" content=\"2025-07-03T22:54:09+00:00\" \/>\n<meta property=\"og:image\" content=\"https:\/\/lh3.googleusercontent.com\/drive-storage\/AJQWtBPTgJUEVuQje9r9Mj7Hc-J2D0GxZQd6X0riVv53TySJVUpEmtKNI4sy4T5e8dxmjcxT0tkEhgyp8MIfQbKFnrjP8Rsf8xH4ggJw4SzK6ofxcw=w2048-h2048-p-k-nu\" \/><meta property=\"og:image\" content=\"https:\/\/lh3.googleusercontent.com\/drive-storage\/AJQWtBPTgJUEVuQje9r9Mj7Hc-J2D0GxZQd6X0riVv53TySJVUpEmtKNI4sy4T5e8dxmjcxT0tkEhgyp8MIfQbKFnrjP8Rsf8xH4ggJw4SzK6ofxcw=w2048-h2048-p-k-nu\" \/>\n\t<meta property=\"og:image:width\" content=\"860\" \/>\n\t<meta property=\"og:image:height\" content=\"573\" \/>\n\t<meta property=\"og:image:type\" content=\"image\/jpeg\" \/>\n<meta name=\"author\" content=\"Gonzalo Schmidt\" \/>\n<meta name=\"twitter:card\" content=\"summary_large_image\" \/>\n<meta name=\"twitter:image\" content=\"https:\/\/lh3.googleusercontent.com\/drive-storage\/AJQWtBPTgJUEVuQje9r9Mj7Hc-J2D0GxZQd6X0riVv53TySJVUpEmtKNI4sy4T5e8dxmjcxT0tkEhgyp8MIfQbKFnrjP8Rsf8xH4ggJw4SzK6ofxcw=w2048-h2048-p-k-nu\" \/>\n<meta name=\"twitter:creator\" content=\"@InformeLitoral\" \/>\n<meta name=\"twitter:site\" content=\"@InformeLitoral\" \/>\n<meta name=\"twitter:label1\" content=\"Escrito por\" \/>\n\t<meta name=\"twitter:data1\" content=\"Gonzalo Schmidt\" \/>\n\t<meta name=\"twitter:label2\" content=\"Tiempo de lectura\" \/>\n\t<meta name=\"twitter:data2\" content=\"5 minutos\" \/>\n<script type=\"application\/ld+json\" class=\"yoast-schema-graph\">{\"@context\":\"https:\\\/\\\/schema.org\",\"@graph\":[{\"@type\":\"Article\",\"@id\":\"https:\\\/\\\/informelitoral.com.ar\\\/senado-fijaron-fechas-de-audiencias-publicas-para-cargos-en-la-justicia\\\/#article\",\"isPartOf\":{\"@id\":\"https:\\\/\\\/informelitoral.com.ar\\\/senado-fijaron-fechas-de-audiencias-publicas-para-cargos-en-la-justicia\\\/\"},\"author\":{\"name\":\"Gonzalo Schmidt\",\"@id\":\"https:\\\/\\\/informelitoral.com.ar\\\/#\\\/schema\\\/person\\\/b9d00407c836482871ef1d57bf8e3180\"},\"headline\":\"Senado: fijaron fechas de audiencias p\u00fablicas para cargos en la Justicia\",\"datePublished\":\"2025-07-02T22:44:49+00:00\",\"dateModified\":\"2025-07-03T22:54:09+00:00\",\"mainEntityOfPage\":{\"@id\":\"https:\\\/\\\/informelitoral.com.ar\\\/senado-fijaron-fechas-de-audiencias-publicas-para-cargos-en-la-justicia\\\/\"},\"wordCount\":954,\"commentCount\":0,\"publisher\":{\"@id\":\"https:\\\/\\\/informelitoral.com.ar\\\/#organization\"},\"image\":{\"@id\":\"https:\\\/\\\/informelitoral.com.ar\\\/senado-fijaron-fechas-de-audiencias-publicas-para-cargos-en-la-justicia\\\/#primaryimage\"},\"thumbnailUrl\":\"https:\\\/\\\/lh3.googleusercontent.com\\\/drive-storage\\\/AJQWtBPTgJUEVuQje9r9Mj7Hc-J2D0GxZQd6X0riVv53TySJVUpEmtKNI4sy4T5e8dxmjcxT0tkEhgyp8MIfQbKFnrjP8Rsf8xH4ggJw4SzK6ofxcw=w2048-h2048-p-k-nu\",\"keywords\":[\"Comisiones\",\"Senado\"],\"articleSection\":[\"Politica\"],\"inLanguage\":\"es\",\"potentialAction\":[{\"@type\":\"CommentAction\",\"name\":\"Comment\",\"target\":[\"https:\\\/\\\/informelitoral.com.ar\\\/senado-fijaron-fechas-de-audiencias-publicas-para-cargos-en-la-justicia\\\/#respond\"]}]},{\"@type\":\"WebPage\",\"@id\":\"https:\\\/\\\/informelitoral.com.ar\\\/senado-fijaron-fechas-de-audiencias-publicas-para-cargos-en-la-justicia\\\/\",\"url\":\"https:\\\/\\\/informelitoral.com.ar\\\/senado-fijaron-fechas-de-audiencias-publicas-para-cargos-en-la-justicia\\\/\",\"name\":\"Senado: fijaron fechas de audiencias p\u00fablicas para cargos en la Justicia - Informe Litoral\",\"isPartOf\":{\"@id\":\"https:\\\/\\\/informelitoral.com.ar\\\/#website\"},\"primaryImageOfPage\":{\"@id\":\"https:\\\/\\\/informelitoral.com.ar\\\/senado-fijaron-fechas-de-audiencias-publicas-para-cargos-en-la-justicia\\\/#primaryimage\"},\"image\":{\"@id\":\"https:\\\/\\\/informelitoral.com.ar\\\/senado-fijaron-fechas-de-audiencias-publicas-para-cargos-en-la-justicia\\\/#primaryimage\"},\"thumbnailUrl\":\"https:\\\/\\\/lh3.googleusercontent.com\\\/drive-storage\\\/AJQWtBPTgJUEVuQje9r9Mj7Hc-J2D0GxZQd6X0riVv53TySJVUpEmtKNI4sy4T5e8dxmjcxT0tkEhgyp8MIfQbKFnrjP8Rsf8xH4ggJw4SzK6ofxcw=w2048-h2048-p-k-nu\",\"datePublished\":\"2025-07-02T22:44:49+00:00\",\"dateModified\":\"2025-07-03T22:54:09+00:00\",\"breadcrumb\":{\"@id\":\"https:\\\/\\\/informelitoral.com.ar\\\/senado-fijaron-fechas-de-audiencias-publicas-para-cargos-en-la-justicia\\\/#breadcrumb\"},\"inLanguage\":\"es\",\"potentialAction\":[{\"@type\":\"ReadAction\",\"target\":[\"https:\\\/\\\/informelitoral.com.ar\\\/senado-fijaron-fechas-de-audiencias-publicas-para-cargos-en-la-justicia\\\/\"]}]},{\"@type\":\"ImageObject\",\"inLanguage\":\"es\",\"@id\":\"https:\\\/\\\/informelitoral.com.ar\\\/senado-fijaron-fechas-de-audiencias-publicas-para-cargos-en-la-justicia\\\/#primaryimage\",\"url\":\"https:\\\/\\\/lh3.googleusercontent.com\\\/drive-storage\\\/AJQWtBPTgJUEVuQje9r9Mj7Hc-J2D0GxZQd6X0riVv53TySJVUpEmtKNI4sy4T5e8dxmjcxT0tkEhgyp8MIfQbKFnrjP8Rsf8xH4ggJw4SzK6ofxcw=w2048-h2048-p-k-nu\",\"contentUrl\":\"https:\\\/\\\/lh3.googleusercontent.com\\\/drive-storage\\\/AJQWtBPTgJUEVuQje9r9Mj7Hc-J2D0GxZQd6X0riVv53TySJVUpEmtKNI4sy4T5e8dxmjcxT0tkEhgyp8MIfQbKFnrjP8Rsf8xH4ggJw4SzK6ofxcw=w2048-h2048-p-k-nu\",\"width\":\"860\",\"height\":\"573\"},{\"@type\":\"BreadcrumbList\",\"@id\":\"https:\\\/\\\/informelitoral.com.ar\\\/senado-fijaron-fechas-de-audiencias-publicas-para-cargos-en-la-justicia\\\/#breadcrumb\",\"itemListElement\":[{\"@type\":\"ListItem\",\"position\":1,\"name\":\"Portada\",\"item\":\"https:\\\/\\\/informelitoral.com.ar\\\/\"},{\"@type\":\"ListItem\",\"position\":2,\"name\":\"Senado: fijaron fechas de audiencias p\u00fablicas para cargos en la Justicia\"}]},{\"@type\":\"WebSite\",\"@id\":\"https:\\\/\\\/informelitoral.com.ar\\\/#website\",\"url\":\"https:\\\/\\\/informelitoral.com.ar\\\/\",\"name\":\"Informe Litoral\",\"description\":\"&quot;Nos informamos&quot; \",\"publisher\":{\"@id\":\"https:\\\/\\\/informelitoral.com.ar\\\/#organization\"},\"potentialAction\":[{\"@type\":\"SearchAction\",\"target\":{\"@type\":\"EntryPoint\",\"urlTemplate\":\"https:\\\/\\\/informelitoral.com.ar\\\/?s={search_term_string}\"},\"query-input\":{\"@type\":\"PropertyValueSpecification\",\"valueRequired\":true,\"valueName\":\"search_term_string\"}}],\"inLanguage\":\"es\"},{\"@type\":\"Organization\",\"@id\":\"https:\\\/\\\/informelitoral.com.ar\\\/#organization\",\"name\":\"Informe Litoral\",\"url\":\"https:\\\/\\\/informelitoral.com.ar\\\/\",\"logo\":{\"@type\":\"ImageObject\",\"inLanguage\":\"es\",\"@id\":\"https:\\\/\\\/informelitoral.com.ar\\\/#\\\/schema\\\/logo\\\/image\\\/\",\"url\":\"https:\\\/\\\/informelitoral.com.ar\\\/%77%70%2d%63%6f%6e%74%65%6e%74\\\/uploads\\\/2021\\\/01\\\/circulo.png\",\"contentUrl\":\"https:\\\/\\\/informelitoral.com.ar\\\/%77%70%2d%63%6f%6e%74%65%6e%74\\\/uploads\\\/2021\\\/01\\\/circulo.png\",\"width\":723,\"height\":731,\"caption\":\"Informe Litoral\"},\"image\":{\"@id\":\"https:\\\/\\\/informelitoral.com.ar\\\/#\\\/schema\\\/logo\\\/image\\\/\"},\"sameAs\":[\"https:\\\/\\\/www.facebook.com\\\/informelitoral\\\/\",\"https:\\\/\\\/x.com\\\/InformeLitoral\",\"https:\\\/\\\/www.instagram.com\\\/informelitoral\\\/\",\"https:\\\/\\\/www.youtube.com\\\/channel\\\/UCua4Qvz8Icb6MYqhoq9xLXw\"]},{\"@type\":\"Person\",\"@id\":\"https:\\\/\\\/informelitoral.com.ar\\\/#\\\/schema\\\/person\\\/b9d00407c836482871ef1d57bf8e3180\",\"name\":\"Gonzalo Schmidt\",\"image\":{\"@type\":\"ImageObject\",\"inLanguage\":\"es\",\"@id\":\"https:\\\/\\\/secure.gravatar.com\\\/avatar\\\/31a1a7b66ff2de83bd0e9fd79d026630d2d99e55e8bfe501287647b4fd9743de?s=96&d=mm&r=g\",\"url\":\"https:\\\/\\\/secure.gravatar.com\\\/avatar\\\/31a1a7b66ff2de83bd0e9fd79d026630d2d99e55e8bfe501287647b4fd9743de?s=96&d=mm&r=g\",\"contentUrl\":\"https:\\\/\\\/secure.gravatar.com\\\/avatar\\\/31a1a7b66ff2de83bd0e9fd79d026630d2d99e55e8bfe501287647b4fd9743de?s=96&d=mm&r=g\",\"caption\":\"Gonzalo Schmidt\"},\"description\":\"Sitio web de noticias de la provincia de Entre R\u00edos, Argentina. Informaci\u00f3n y entretenimiento. Informe Litoral, nos informamos.\",\"sameAs\":[\"http:\\\/\\\/www.isletasnoticias.com.ar\"],\"url\":\"https:\\\/\\\/informelitoral.com.ar\\\/author\\\/gonzalo\\\/\"}]}<\/script>","yoast_head_json":{"title":"Senado: fijaron fechas de audiencias p\u00fablicas para cargos en la Justicia - Informe Litoral","robots":{"index":"index","follow":"follow","max-snippet":"max-snippet:-1","max-image-preview":"max-image-preview:large","max-video-preview":"max-video-preview:-1"},"canonical":"https:\/\/informelitoral.com.ar\/senado-fijaron-fechas-de-audiencias-publicas-para-cargos-en-la-justicia\/","og_locale":"es_ES","og_type":"article","og_title":"Senado: fijaron fechas de audiencias p\u00fablicas para cargos en la Justicia - Informe Litoral","og_description":"La Comisi\u00f3n de Asuntos Constitucionales y Acuerdos llevar\u00e1 adelante estas instancias en el marco de los pedidos de acuerdo constitucional para fiscales auxiliares de la Justicia, los d\u00edas 22 y 23 de julio. Asimismo est\u00e1n abiertos los plazos para presentar adhesiones o impugnaciones para cuatro cargos de jueces de trabajo. En tanto, se comenz\u00f3 con el estudio del proyecto de reforma de ley del Consejo de la Magistratura.","og_url":"https:\/\/informelitoral.com.ar\/senado-fijaron-fechas-de-audiencias-publicas-para-cargos-en-la-justicia\/","og_site_name":"Informe Litoral","article_publisher":"https:\/\/www.facebook.com\/informelitoral\/","article_published_time":"2025-07-02T22:44:49+00:00","article_modified_time":"2025-07-03T22:54:09+00:00","og_image":[{"url":"https:\/\/lh3.googleusercontent.com\/drive-storage\/AJQWtBPTgJUEVuQje9r9Mj7Hc-J2D0GxZQd6X0riVv53TySJVUpEmtKNI4sy4T5e8dxmjcxT0tkEhgyp8MIfQbKFnrjP8Rsf8xH4ggJw4SzK6ofxcw=w2048-h2048-p-k-nu","type":"","width":"","height":""},{"width":860,"height":573,"url":"https:\/\/lh3.googleusercontent.com\/drive-storage\/AJQWtBPTgJUEVuQje9r9Mj7Hc-J2D0GxZQd6X0riVv53TySJVUpEmtKNI4sy4T5e8dxmjcxT0tkEhgyp8MIfQbKFnrjP8Rsf8xH4ggJw4SzK6ofxcw=w2048-h2048-p-k-nu","type":"image\/jpeg"}],"author":"Gonzalo Schmidt","twitter_card":"summary_large_image","twitter_image":"https:\/\/lh3.googleusercontent.com\/drive-storage\/AJQWtBPTgJUEVuQje9r9Mj7Hc-J2D0GxZQd6X0riVv53TySJVUpEmtKNI4sy4T5e8dxmjcxT0tkEhgyp8MIfQbKFnrjP8Rsf8xH4ggJw4SzK6ofxcw=w2048-h2048-p-k-nu","twitter_creator":"@InformeLitoral","twitter_site":"@InformeLitoral","twitter_misc":{"Escrito por":"Gonzalo Schmidt","Tiempo de lectura":"5 minutos"},"schema":{"@context":"https:\/\/schema.org","@graph":[{"@type":"Article","@id":"https:\/\/informelitoral.com.ar\/senado-fijaron-fechas-de-audiencias-publicas-para-cargos-en-la-justicia\/#article","isPartOf":{"@id":"https:\/\/informelitoral.com.ar\/senado-fijaron-fechas-de-audiencias-publicas-para-cargos-en-la-justicia\/"},"author":{"name":"Gonzalo Schmidt","@id":"https:\/\/informelitoral.com.ar\/#\/schema\/person\/b9d00407c836482871ef1d57bf8e3180"},"headline":"Senado: fijaron fechas de audiencias p\u00fablicas para cargos en la Justicia","datePublished":"2025-07-02T22:44:49+00:00","dateModified":"2025-07-03T22:54:09+00:00","mainEntityOfPage":{"@id":"https:\/\/informelitoral.com.ar\/senado-fijaron-fechas-de-audiencias-publicas-para-cargos-en-la-justicia\/"},"wordCount":954,"commentCount":0,"publisher":{"@id":"https:\/\/informelitoral.com.ar\/#organization"},"image":{"@id":"https:\/\/informelitoral.com.ar\/senado-fijaron-fechas-de-audiencias-publicas-para-cargos-en-la-justicia\/#primaryimage"},"thumbnailUrl":"https:\/\/lh3.googleusercontent.com\/drive-storage\/AJQWtBPTgJUEVuQje9r9Mj7Hc-J2D0GxZQd6X0riVv53TySJVUpEmtKNI4sy4T5e8dxmjcxT0tkEhgyp8MIfQbKFnrjP8Rsf8xH4ggJw4SzK6ofxcw=w2048-h2048-p-k-nu","keywords":["Comisiones","Senado"],"articleSection":["Politica"],"inLanguage":"es","potentialAction":[{"@type":"CommentAction","name":"Comment","target":["https:\/\/informelitoral.com.ar\/senado-fijaron-fechas-de-audiencias-publicas-para-cargos-en-la-justicia\/#respond"]}]},{"@type":"WebPage","@id":"https:\/\/informelitoral.com.ar\/senado-fijaron-fechas-de-audiencias-publicas-para-cargos-en-la-justicia\/","url":"https:\/\/informelitoral.com.ar\/senado-fijaron-fechas-de-audiencias-publicas-para-cargos-en-la-justicia\/","name":"Senado: fijaron fechas de audiencias p\u00fablicas para cargos en la Justicia - Informe Litoral","isPartOf":{"@id":"https:\/\/informelitoral.com.ar\/#website"},"primaryImageOfPage":{"@id":"https:\/\/informelitoral.com.ar\/senado-fijaron-fechas-de-audiencias-publicas-para-cargos-en-la-justicia\/#primaryimage"},"image":{"@id":"https:\/\/informelitoral.com.ar\/senado-fijaron-fechas-de-audiencias-publicas-para-cargos-en-la-justicia\/#primaryimage"},"thumbnailUrl":"https:\/\/lh3.googleusercontent.com\/drive-storage\/AJQWtBPTgJUEVuQje9r9Mj7Hc-J2D0GxZQd6X0riVv53TySJVUpEmtKNI4sy4T5e8dxmjcxT0tkEhgyp8MIfQbKFnrjP8Rsf8xH4ggJw4SzK6ofxcw=w2048-h2048-p-k-nu","datePublished":"2025-07-02T22:44:49+00:00","dateModified":"2025-07-03T22:54:09+00:00","breadcrumb":{"@id":"https:\/\/informelitoral.com.ar\/senado-fijaron-fechas-de-audiencias-publicas-para-cargos-en-la-justicia\/#breadcrumb"},"inLanguage":"es","potentialAction":[{"@type":"ReadAction","target":["https:\/\/informelitoral.com.ar\/senado-fijaron-fechas-de-audiencias-publicas-para-cargos-en-la-justicia\/"]}]},{"@type":"ImageObject","inLanguage":"es","@id":"https:\/\/informelitoral.com.ar\/senado-fijaron-fechas-de-audiencias-publicas-para-cargos-en-la-justicia\/#primaryimage","url":"https:\/\/lh3.googleusercontent.com\/drive-storage\/AJQWtBPTgJUEVuQje9r9Mj7Hc-J2D0GxZQd6X0riVv53TySJVUpEmtKNI4sy4T5e8dxmjcxT0tkEhgyp8MIfQbKFnrjP8Rsf8xH4ggJw4SzK6ofxcw=w2048-h2048-p-k-nu","contentUrl":"https:\/\/lh3.googleusercontent.com\/drive-storage\/AJQWtBPTgJUEVuQje9r9Mj7Hc-J2D0GxZQd6X0riVv53TySJVUpEmtKNI4sy4T5e8dxmjcxT0tkEhgyp8MIfQbKFnrjP8Rsf8xH4ggJw4SzK6ofxcw=w2048-h2048-p-k-nu","width":"860","height":"573"},{"@type":"BreadcrumbList","@id":"https:\/\/informelitoral.com.ar\/senado-fijaron-fechas-de-audiencias-publicas-para-cargos-en-la-justicia\/#breadcrumb","itemListElement":[{"@type":"ListItem","position":1,"name":"Portada","item":"https:\/\/informelitoral.com.ar\/"},{"@type":"ListItem","position":2,"name":"Senado: fijaron fechas de audiencias p\u00fablicas para cargos en la Justicia"}]},{"@type":"WebSite","@id":"https:\/\/informelitoral.com.ar\/#website","url":"https:\/\/informelitoral.com.ar\/","name":"Informe Litoral","description":"&quot;Nos informamos&quot; ","publisher":{"@id":"https:\/\/informelitoral.com.ar\/#organization"},"potentialAction":[{"@type":"SearchAction","target":{"@type":"EntryPoint","urlTemplate":"https:\/\/informelitoral.com.ar\/?s={search_term_string}"},"query-input":{"@type":"PropertyValueSpecification","valueRequired":true,"valueName":"search_term_string"}}],"inLanguage":"es"},{"@type":"Organization","@id":"https:\/\/informelitoral.com.ar\/#organization","name":"Informe Litoral","url":"https:\/\/informelitoral.com.ar\/","logo":{"@type":"ImageObject","inLanguage":"es","@id":"https:\/\/informelitoral.com.ar\/#\/schema\/logo\/image\/","url":"https:\/\/informelitoral.com.ar\/%77%70%2d%63%6f%6e%74%65%6e%74\/uploads\/2021\/01\/circulo.png","contentUrl":"https:\/\/informelitoral.com.ar\/%77%70%2d%63%6f%6e%74%65%6e%74\/uploads\/2021\/01\/circulo.png","width":723,"height":731,"caption":"Informe Litoral"},"image":{"@id":"https:\/\/informelitoral.com.ar\/#\/schema\/logo\/image\/"},"sameAs":["https:\/\/www.facebook.com\/informelitoral\/","https:\/\/x.com\/InformeLitoral","https:\/\/www.instagram.com\/informelitoral\/","https:\/\/www.youtube.com\/channel\/UCua4Qvz8Icb6MYqhoq9xLXw"]},{"@type":"Person","@id":"https:\/\/informelitoral.com.ar\/#\/schema\/person\/b9d00407c836482871ef1d57bf8e3180","name":"Gonzalo Schmidt","image":{"@type":"ImageObject","inLanguage":"es","@id":"https:\/\/secure.gravatar.com\/avatar\/31a1a7b66ff2de83bd0e9fd79d026630d2d99e55e8bfe501287647b4fd9743de?s=96&d=mm&r=g","url":"https:\/\/secure.gravatar.com\/avatar\/31a1a7b66ff2de83bd0e9fd79d026630d2d99e55e8bfe501287647b4fd9743de?s=96&d=mm&r=g","contentUrl":"https:\/\/secure.gravatar.com\/avatar\/31a1a7b66ff2de83bd0e9fd79d026630d2d99e55e8bfe501287647b4fd9743de?s=96&d=mm&r=g","caption":"Gonzalo Schmidt"},"description":"Sitio web de noticias de la provincia de Entre R\u00edos, Argentina. Informaci\u00f3n y entretenimiento. Informe Litoral, nos informamos.","sameAs":["http:\/\/www.isletasnoticias.com.ar"],"url":"https:\/\/informelitoral.com.ar\/author\/gonzalo\/"}]}},"fifu_image_url":"https:\/\/lh3.googleusercontent.com\/drive-storage\/AJQWtBPTgJUEVuQje9r9Mj7Hc-J2D0GxZQd6X0riVv53TySJVUpEmtKNI4sy4T5e8dxmjcxT0tkEhgyp8MIfQbKFnrjP8Rsf8xH4ggJw4SzK6ofxcw=w2048-h2048-p-k-nu","_links":{"self":[{"href":"https:\/\/informelitoral.com.ar\/%77%70%2d%6a%73%6f%6e\/wp\/v2\/posts\/226074","targetHints":{"allow":["GET"]}}],"collection":[{"href":"https:\/\/informelitoral.com.ar\/%77%70%2d%6a%73%6f%6e\/wp\/v2\/posts"}],"about":[{"href":"https:\/\/informelitoral.com.ar\/%77%70%2d%6a%73%6f%6e\/wp\/v2\/types\/post"}],"author":[{"embeddable":true,"href":"https:\/\/informelitoral.com.ar\/%77%70%2d%6a%73%6f%6e\/wp\/v2\/users\/2"}],"replies":[{"embeddable":true,"href":"https:\/\/informelitoral.com.ar\/%77%70%2d%6a%73%6f%6e\/wp\/v2\/comments?post=226074"}],"version-history":[{"count":1,"href":"https:\/\/informelitoral.com.ar\/%77%70%2d%6a%73%6f%6e\/wp\/v2\/posts\/226074\/revisions"}],"predecessor-version":[{"id":226076,"href":"https:\/\/informelitoral.com.ar\/%77%70%2d%6a%73%6f%6e\/wp\/v2\/posts\/226074\/revisions\/226076"}],"wp:featuredmedia":[{"embeddable":true,"href":"https:\/\/informelitoral.com.ar\/%77%70%2d%6a%73%6f%6e\/wp\/v2\/media\/226075"}],"wp:attachment":[{"href":"https:\/\/informelitoral.com.ar\/%77%70%2d%6a%73%6f%6e\/wp\/v2\/media?parent=226074"}],"wp:term":[{"taxonomy":"category","embeddable":true,"href":"https:\/\/informelitoral.com.ar\/%77%70%2d%6a%73%6f%6e\/wp\/v2\/categories?post=226074"},{"taxonomy":"post_tag","embeddable":true,"href":"https:\/\/informelitoral.com.ar\/%77%70%2d%6a%73%6f%6e\/wp\/v2\/tags?post=226074"}],"curies":[{"name":"wp","href":"https:\/\/api.w.org\/{rel}","templated":true}]}}