{"id":226030,"date":"2025-07-03T11:03:49","date_gmt":"2025-07-03T14:03:49","guid":{"rendered":"https:\/\/informelitoral.com.ar\/?p=226030"},"modified":"2025-07-03T20:33:28","modified_gmt":"2025-07-03T23:33:28","slug":"paradoja-educativa-sobrecarga-de-docentes-frente-a-escaso-crecimiento-estudiantil","status":"publish","type":"post","link":"https:\/\/informelitoral.com.ar\/paradoja-educativa-sobrecarga-de-docentes-frente-a-escaso-crecimiento-estudiantil\/","title":{"rendered":"Paradoja educativa: sobrecarga de docentes frente a escaso crecimiento estudiantil"},"content":{"rendered":"<p>Cuando se habla de educaci\u00f3n, surgen temas relacionados a la calidad del aprendizaje de los alumnos, la infraestructura escolar, los recursos presupuestarios, entre otros. Sin embargo, detr\u00e1s de ellos aparece la formaci\u00f3n de los docentes, aspecto en el que hoy la Argentina tiene una sobreoferta, ya que egresan m\u00e1s maestros respecto a la cantidad de alumnos de la matr\u00edcula. El dato es revelador: en los \u00faltimos 10 a\u00f1os, mientras los egresados de profesorados crecieron 54%, la cantidad de estudiantes de niveles inicial, primario y secundario, tan solo aument\u00f3 un 1%.<\/p>\n<p>De acuerdo al informe de Argentinos por la Educaci\u00f3n titulado \u201cInstitutos de formaci\u00f3n docente\u201d, con autor\u00eda de Romina de Luca (investigadora Adjunta del Conicet y Coordinadora del \u00c1rea de Educaci\u00f3n del Centro de Estudios e Investigaci\u00f3n en Ciencias Sociales-CEICS), Mar\u00eda Sol Alz\u00fa y Leyre S\u00e1enz Guill\u00e9n (Argentinos por la Educaci\u00f3n), se observaron las inconsistencias y deficiencias en las pol\u00edticas educativas, en relaci\u00f3n a la formaci\u00f3n docente y la distribuci\u00f3n de ese recurso en el territorio.<\/p>\n<p>El trabajo publicado este jueves pone bajo la lupa al sistema de formaci\u00f3n docente en la Argentina y revela una paradoja alarmante: entre 2015 y 2024, el n\u00famero de egresados en institutos superiores de formaci\u00f3n docente (ISFD) aument\u00f3 un 54%, mientras que la cantidad de estudiantes en los niveles inicial, primario y secundario -los destinatarios directos de estos futuros maestros- apenas creci\u00f3 un 1%.<\/p>\n<p>El estudio, basado en datos oficiales del Relevamiento Anual del Ministerio de Educaci\u00f3n, analiza la evoluci\u00f3n de la cantidad de institutos, la matr\u00edcula, el perfil de gesti\u00f3n (p\u00fablica o privada), los egresos y la relaci\u00f3n con el sistema educativo obligatorio.<\/p>\n<p>Aunque a nivel nacional se observa una expansi\u00f3n leve de la red institucional, que pas\u00f3 de 1.458 institutos superiores de formaci\u00f3n docente a 1.492, las din\u00e1micas provinciales muestran fuertes contrastes.<\/p>\n<h3><strong>\u00bfQu\u00e9 pas\u00f3 en Entre R\u00edos?<\/strong><\/h3>\n<div class=\"adserver-zonas-noticias\" data-index=\"5\"><\/div>\n<p>En la \u00faltima d\u00e9cada, entre 2015 y 2024, la provincia registr\u00f3 una disminuci\u00f3n del 1% en su matr\u00edcula escolar obligatoria, que abarca los niveles inicial, primario y secundario. Esta contracci\u00f3n se traduce en 3.116 alumnos menos, pasando de 318.373 estudiantes en 2015 a 315.257 en 2024. Este descenso se alinea con una tendencia general observada en el pa\u00eds.<\/p>\n<p>Paralelamente, el panorama de la formaci\u00f3n docente en Entre R\u00edos presenta din\u00e1micas contrastantes. La cantidad de Institutos Superiores de Formaci\u00f3n Docente (ISFD) en la provincia se mantuvo estable en 76 entre 2015 y 2024. Sin embargo, en el mismo per\u00edodo, la matr\u00edcula de estudiantes en carreras docentes experiment\u00f3 un descenso del 6%, lo que significa 1.153 estudiantes menos en las aulas de formaci\u00f3n.<\/p>\n<p>A pesar de la reducci\u00f3n en el n\u00famero de ingresantes a estas carreras, la provincia ha logrado un aumento significativo en la cantidad de egresados. Entre 2015 y 2024, los graduados de formaci\u00f3n docente crecieron un 11%, sumando 211 nuevos profesionales al sistema educativo. En 2024, el 9% de los estudiantes de formaci\u00f3n docente en Entre R\u00edos lograron finalizar sus estudios.<\/p>\n<p>Un dato relevante sobre la estructura de la formaci\u00f3n docente en la provincia es la marcada presencia del sector estatal. En 2024, si bien el 48% de los institutos eran de gesti\u00f3n p\u00fablica, estos concentraban el 75% de la matr\u00edcula total de estudiantes de formaci\u00f3n docente, evidenciando la preferencia por la educaci\u00f3n p\u00fablica en este \u00e1mbito.<\/p>\n<p>Estos datos, extra\u00eddos del informe \u00abInstitutos de Formaci\u00f3n Docente\u00bb de Argentinos por la Educaci\u00f3n, plantean un escenario complejo para las autoridades educativas de Entre R\u00edos. La disminuci\u00f3n de la matr\u00edcula en la educaci\u00f3n obligatoria, sumada a la contracci\u00f3n en el n\u00famero de estudiantes de carreras docentes, contrasta con el aumento de egresados, lo que sugiere la necesidad de analizar las pol\u00edticas de atracci\u00f3n y retenci\u00f3n de futuros educadores, as\u00ed como las estrategias para abordar los cambios demogr\u00e1ficos en la poblaci\u00f3n escolar, public\u00f3 <em>\u00c1mbito.<\/em><\/p>\n","protected":false},"excerpt":{"rendered":"<p>Argentina enfrenta una preocupante paradoja en su sistema educativo: mientras que la cantidad de egresados de profesorados ha crecido un 54% en la \u00faltima d\u00e9cada, la matr\u00edcula de alumnos en los niveles inicial, primario y secundario apenas aument\u00f3 un 1%. <\/p>\n","protected":false},"author":8,"featured_media":226031,"comment_status":"open","ping_status":"open","sticky":false,"template":"","format":"standard","meta":{"fifu_image_url":"https:\/\/red92com.nyc3.cdn.digitaloceanspaces.com\/adjuntos\/galerias\/000\/016\/0000016678.jpg","fifu_image_alt":"","footnotes":""},"categories":[7],"tags":[49,98,81],"class_list":{"0":"post-226030","1":"post","2":"type-post","3":"status-publish","4":"format-standard","5":"has-post-thumbnail","7":"category-nacionales","8":"tag-docentes","9":"tag-educacion","10":"tag-entre-rios"},"yoast_head":"<title>Paradoja educativa: sobrecarga de docentes frente a escaso crecimiento estudiantil - Informe Litoral<\/title>\n<meta name=\"robots\" content=\"index, follow, max-snippet:-1, max-image-preview:large, max-video-preview:-1\" \/>\n<link rel=\"canonical\" href=\"https:\/\/informelitoral.com.ar\/paradoja-educativa-sobrecarga-de-docentes-frente-a-escaso-crecimiento-estudiantil\/\" \/>\n<meta property=\"og:locale\" content=\"es_ES\" \/>\n<meta property=\"og:type\" content=\"article\" \/>\n<meta property=\"og:title\" content=\"Paradoja educativa: sobrecarga de docentes frente a escaso crecimiento estudiantil - Informe Litoral\" \/>\n<meta property=\"og:description\" content=\"Argentina enfrenta una preocupante paradoja en su sistema educativo: mientras que la cantidad de egresados de profesorados ha crecido un 54% en la \u00faltima d\u00e9cada, la matr\u00edcula de alumnos en los niveles inicial, primario y secundario apenas aument\u00f3 un 1%.\" \/>\n<meta property=\"og:url\" content=\"https:\/\/informelitoral.com.ar\/paradoja-educativa-sobrecarga-de-docentes-frente-a-escaso-crecimiento-estudiantil\/\" \/>\n<meta property=\"og:site_name\" content=\"Informe Litoral\" \/>\n<meta property=\"article:publisher\" content=\"https:\/\/www.facebook.com\/informelitoral\/\" \/>\n<meta property=\"article:published_time\" content=\"2025-07-03T14:03:49+00:00\" \/>\n<meta property=\"article:modified_time\" content=\"2025-07-03T23:33:28+00:00\" \/>\n<meta property=\"og:image\" content=\"https:\/\/red92com.nyc3.cdn.digitaloceanspaces.com\/adjuntos\/galerias\/000\/016\/0000016678.jpg\" \/><meta property=\"og:image\" content=\"https:\/\/red92com.nyc3.cdn.digitaloceanspaces.com\/adjuntos\/galerias\/000\/016\/0000016678.jpg\" \/>\n\t<meta property=\"og:image:width\" content=\"1920\" \/>\n\t<meta property=\"og:image:height\" content=\"1080\" \/>\n\t<meta property=\"og:image:type\" content=\"image\/jpeg\" \/>\n<meta name=\"author\" content=\"Sebastian\" \/>\n<meta name=\"twitter:card\" content=\"summary_large_image\" \/>\n<meta name=\"twitter:image\" content=\"https:\/\/red92com.nyc3.cdn.digitaloceanspaces.com\/adjuntos\/galerias\/000\/016\/0000016678.jpg\" \/>\n<meta name=\"twitter:creator\" content=\"@InformeLitoral\" \/>\n<meta name=\"twitter:site\" content=\"@InformeLitoral\" \/>\n<meta name=\"twitter:label1\" content=\"Escrito por\" \/>\n\t<meta name=\"twitter:data1\" content=\"Sebastian\" \/>\n\t<meta name=\"twitter:label2\" content=\"Tiempo de lectura\" \/>\n\t<meta name=\"twitter:data2\" content=\"4 minutos\" \/>\n<script type=\"application\/ld+json\" class=\"yoast-schema-graph\">{\"@context\":\"https:\\\/\\\/schema.org\",\"@graph\":[{\"@type\":\"Article\",\"@id\":\"https:\\\/\\\/informelitoral.com.ar\\\/paradoja-educativa-sobrecarga-de-docentes-frente-a-escaso-crecimiento-estudiantil\\\/#article\",\"isPartOf\":{\"@id\":\"https:\\\/\\\/informelitoral.com.ar\\\/paradoja-educativa-sobrecarga-de-docentes-frente-a-escaso-crecimiento-estudiantil\\\/\"},\"author\":{\"name\":\"Sebastian\",\"@id\":\"https:\\\/\\\/informelitoral.com.ar\\\/#\\\/schema\\\/person\\\/f05f9f461677119578717524b127d6d5\"},\"headline\":\"Paradoja educativa: sobrecarga de docentes frente a escaso crecimiento estudiantil\",\"datePublished\":\"2025-07-03T14:03:49+00:00\",\"dateModified\":\"2025-07-03T23:33:28+00:00\",\"mainEntityOfPage\":{\"@id\":\"https:\\\/\\\/informelitoral.com.ar\\\/paradoja-educativa-sobrecarga-de-docentes-frente-a-escaso-crecimiento-estudiantil\\\/\"},\"wordCount\":674,\"commentCount\":0,\"publisher\":{\"@id\":\"https:\\\/\\\/informelitoral.com.ar\\\/#organization\"},\"image\":{\"@id\":\"https:\\\/\\\/informelitoral.com.ar\\\/paradoja-educativa-sobrecarga-de-docentes-frente-a-escaso-crecimiento-estudiantil\\\/#primaryimage\"},\"thumbnailUrl\":\"https:\\\/\\\/red92com.nyc3.cdn.digitaloceanspaces.com\\\/adjuntos\\\/galerias\\\/000\\\/016\\\/0000016678.jpg\",\"keywords\":[\"Docentes\",\"Educaci\u00f3n\",\"Entre R\u00edos\"],\"articleSection\":[\"Nacionales\"],\"inLanguage\":\"es\",\"potentialAction\":[{\"@type\":\"CommentAction\",\"name\":\"Comment\",\"target\":[\"https:\\\/\\\/informelitoral.com.ar\\\/paradoja-educativa-sobrecarga-de-docentes-frente-a-escaso-crecimiento-estudiantil\\\/#respond\"]}]},{\"@type\":\"WebPage\",\"@id\":\"https:\\\/\\\/informelitoral.com.ar\\\/paradoja-educativa-sobrecarga-de-docentes-frente-a-escaso-crecimiento-estudiantil\\\/\",\"url\":\"https:\\\/\\\/informelitoral.com.ar\\\/paradoja-educativa-sobrecarga-de-docentes-frente-a-escaso-crecimiento-estudiantil\\\/\",\"name\":\"Paradoja educativa: sobrecarga de docentes frente a escaso crecimiento estudiantil - Informe Litoral\",\"isPartOf\":{\"@id\":\"https:\\\/\\\/informelitoral.com.ar\\\/#website\"},\"primaryImageOfPage\":{\"@id\":\"https:\\\/\\\/informelitoral.com.ar\\\/paradoja-educativa-sobrecarga-de-docentes-frente-a-escaso-crecimiento-estudiantil\\\/#primaryimage\"},\"image\":{\"@id\":\"https:\\\/\\\/informelitoral.com.ar\\\/paradoja-educativa-sobrecarga-de-docentes-frente-a-escaso-crecimiento-estudiantil\\\/#primaryimage\"},\"thumbnailUrl\":\"https:\\\/\\\/red92com.nyc3.cdn.digitaloceanspaces.com\\\/adjuntos\\\/galerias\\\/000\\\/016\\\/0000016678.jpg\",\"datePublished\":\"2025-07-03T14:03:49+00:00\",\"dateModified\":\"2025-07-03T23:33:28+00:00\",\"breadcrumb\":{\"@id\":\"https:\\\/\\\/informelitoral.com.ar\\\/paradoja-educativa-sobrecarga-de-docentes-frente-a-escaso-crecimiento-estudiantil\\\/#breadcrumb\"},\"inLanguage\":\"es\",\"potentialAction\":[{\"@type\":\"ReadAction\",\"target\":[\"https:\\\/\\\/informelitoral.com.ar\\\/paradoja-educativa-sobrecarga-de-docentes-frente-a-escaso-crecimiento-estudiantil\\\/\"]}]},{\"@type\":\"ImageObject\",\"inLanguage\":\"es\",\"@id\":\"https:\\\/\\\/informelitoral.com.ar\\\/paradoja-educativa-sobrecarga-de-docentes-frente-a-escaso-crecimiento-estudiantil\\\/#primaryimage\",\"url\":\"https:\\\/\\\/red92com.nyc3.cdn.digitaloceanspaces.com\\\/adjuntos\\\/galerias\\\/000\\\/016\\\/0000016678.jpg\",\"contentUrl\":\"https:\\\/\\\/red92com.nyc3.cdn.digitaloceanspaces.com\\\/adjuntos\\\/galerias\\\/000\\\/016\\\/0000016678.jpg\",\"width\":\"1920\",\"height\":\"1080\"},{\"@type\":\"BreadcrumbList\",\"@id\":\"https:\\\/\\\/informelitoral.com.ar\\\/paradoja-educativa-sobrecarga-de-docentes-frente-a-escaso-crecimiento-estudiantil\\\/#breadcrumb\",\"itemListElement\":[{\"@type\":\"ListItem\",\"position\":1,\"name\":\"Portada\",\"item\":\"https:\\\/\\\/informelitoral.com.ar\\\/\"},{\"@type\":\"ListItem\",\"position\":2,\"name\":\"Paradoja educativa: sobrecarga de docentes frente a escaso crecimiento estudiantil\"}]},{\"@type\":\"WebSite\",\"@id\":\"https:\\\/\\\/informelitoral.com.ar\\\/#website\",\"url\":\"https:\\\/\\\/informelitoral.com.ar\\\/\",\"name\":\"Informe Litoral\",\"description\":\"&quot;Nos informamos&quot; \",\"publisher\":{\"@id\":\"https:\\\/\\\/informelitoral.com.ar\\\/#organization\"},\"potentialAction\":[{\"@type\":\"SearchAction\",\"target\":{\"@type\":\"EntryPoint\",\"urlTemplate\":\"https:\\\/\\\/informelitoral.com.ar\\\/?s={search_term_string}\"},\"query-input\":{\"@type\":\"PropertyValueSpecification\",\"valueRequired\":true,\"valueName\":\"search_term_string\"}}],\"inLanguage\":\"es\"},{\"@type\":\"Organization\",\"@id\":\"https:\\\/\\\/informelitoral.com.ar\\\/#organization\",\"name\":\"Informe Litoral\",\"url\":\"https:\\\/\\\/informelitoral.com.ar\\\/\",\"logo\":{\"@type\":\"ImageObject\",\"inLanguage\":\"es\",\"@id\":\"https:\\\/\\\/informelitoral.com.ar\\\/#\\\/schema\\\/logo\\\/image\\\/\",\"url\":\"https:\\\/\\\/informelitoral.com.ar\\\/%77%70%2d%63%6f%6e%74%65%6e%74\\\/uploads\\\/2021\\\/01\\\/circulo.png\",\"contentUrl\":\"https:\\\/\\\/informelitoral.com.ar\\\/%77%70%2d%63%6f%6e%74%65%6e%74\\\/uploads\\\/2021\\\/01\\\/circulo.png\",\"width\":723,\"height\":731,\"caption\":\"Informe Litoral\"},\"image\":{\"@id\":\"https:\\\/\\\/informelitoral.com.ar\\\/#\\\/schema\\\/logo\\\/image\\\/\"},\"sameAs\":[\"https:\\\/\\\/www.facebook.com\\\/informelitoral\\\/\",\"https:\\\/\\\/x.com\\\/InformeLitoral\",\"https:\\\/\\\/www.instagram.com\\\/informelitoral\\\/\",\"https:\\\/\\\/www.youtube.com\\\/channel\\\/UCua4Qvz8Icb6MYqhoq9xLXw\"]},{\"@type\":\"Person\",\"@id\":\"https:\\\/\\\/informelitoral.com.ar\\\/#\\\/schema\\\/person\\\/f05f9f461677119578717524b127d6d5\",\"name\":\"Sebastian\",\"image\":{\"@type\":\"ImageObject\",\"inLanguage\":\"es\",\"@id\":\"https:\\\/\\\/secure.gravatar.com\\\/avatar\\\/b71bf7481d447dfb9583c7f2798e7cc64de6efb9067b74633ed8c31059a3bd82?s=96&d=mm&r=g\",\"url\":\"https:\\\/\\\/secure.gravatar.com\\\/avatar\\\/b71bf7481d447dfb9583c7f2798e7cc64de6efb9067b74633ed8c31059a3bd82?s=96&d=mm&r=g\",\"contentUrl\":\"https:\\\/\\\/secure.gravatar.com\\\/avatar\\\/b71bf7481d447dfb9583c7f2798e7cc64de6efb9067b74633ed8c31059a3bd82?s=96&d=mm&r=g\",\"caption\":\"Sebastian\"},\"url\":\"https:\\\/\\\/informelitoral.com.ar\\\/author\\\/sebastian\\\/\"}]}<\/script>","yoast_head_json":{"title":"Paradoja educativa: sobrecarga de docentes frente a escaso crecimiento estudiantil - Informe Litoral","robots":{"index":"index","follow":"follow","max-snippet":"max-snippet:-1","max-image-preview":"max-image-preview:large","max-video-preview":"max-video-preview:-1"},"canonical":"https:\/\/informelitoral.com.ar\/paradoja-educativa-sobrecarga-de-docentes-frente-a-escaso-crecimiento-estudiantil\/","og_locale":"es_ES","og_type":"article","og_title":"Paradoja educativa: sobrecarga de docentes frente a escaso crecimiento estudiantil - Informe Litoral","og_description":"Argentina enfrenta una preocupante paradoja en su sistema educativo: mientras que la cantidad de egresados de profesorados ha crecido un 54% en la \u00faltima d\u00e9cada, la matr\u00edcula de alumnos en los niveles inicial, primario y secundario apenas aument\u00f3 un 1%.","og_url":"https:\/\/informelitoral.com.ar\/paradoja-educativa-sobrecarga-de-docentes-frente-a-escaso-crecimiento-estudiantil\/","og_site_name":"Informe Litoral","article_publisher":"https:\/\/www.facebook.com\/informelitoral\/","article_published_time":"2025-07-03T14:03:49+00:00","article_modified_time":"2025-07-03T23:33:28+00:00","og_image":[{"url":"https:\/\/red92com.nyc3.cdn.digitaloceanspaces.com\/adjuntos\/galerias\/000\/016\/0000016678.jpg","type":"","width":"","height":""},{"width":1920,"height":1080,"url":"https:\/\/red92com.nyc3.cdn.digitaloceanspaces.com\/adjuntos\/galerias\/000\/016\/0000016678.jpg","type":"image\/jpeg"}],"author":"Sebastian","twitter_card":"summary_large_image","twitter_image":"https:\/\/red92com.nyc3.cdn.digitaloceanspaces.com\/adjuntos\/galerias\/000\/016\/0000016678.jpg","twitter_creator":"@InformeLitoral","twitter_site":"@InformeLitoral","twitter_misc":{"Escrito por":"Sebastian","Tiempo de lectura":"4 minutos"},"schema":{"@context":"https:\/\/schema.org","@graph":[{"@type":"Article","@id":"https:\/\/informelitoral.com.ar\/paradoja-educativa-sobrecarga-de-docentes-frente-a-escaso-crecimiento-estudiantil\/#article","isPartOf":{"@id":"https:\/\/informelitoral.com.ar\/paradoja-educativa-sobrecarga-de-docentes-frente-a-escaso-crecimiento-estudiantil\/"},"author":{"name":"Sebastian","@id":"https:\/\/informelitoral.com.ar\/#\/schema\/person\/f05f9f461677119578717524b127d6d5"},"headline":"Paradoja educativa: sobrecarga de docentes frente a escaso crecimiento estudiantil","datePublished":"2025-07-03T14:03:49+00:00","dateModified":"2025-07-03T23:33:28+00:00","mainEntityOfPage":{"@id":"https:\/\/informelitoral.com.ar\/paradoja-educativa-sobrecarga-de-docentes-frente-a-escaso-crecimiento-estudiantil\/"},"wordCount":674,"commentCount":0,"publisher":{"@id":"https:\/\/informelitoral.com.ar\/#organization"},"image":{"@id":"https:\/\/informelitoral.com.ar\/paradoja-educativa-sobrecarga-de-docentes-frente-a-escaso-crecimiento-estudiantil\/#primaryimage"},"thumbnailUrl":"https:\/\/red92com.nyc3.cdn.digitaloceanspaces.com\/adjuntos\/galerias\/000\/016\/0000016678.jpg","keywords":["Docentes","Educaci\u00f3n","Entre R\u00edos"],"articleSection":["Nacionales"],"inLanguage":"es","potentialAction":[{"@type":"CommentAction","name":"Comment","target":["https:\/\/informelitoral.com.ar\/paradoja-educativa-sobrecarga-de-docentes-frente-a-escaso-crecimiento-estudiantil\/#respond"]}]},{"@type":"WebPage","@id":"https:\/\/informelitoral.com.ar\/paradoja-educativa-sobrecarga-de-docentes-frente-a-escaso-crecimiento-estudiantil\/","url":"https:\/\/informelitoral.com.ar\/paradoja-educativa-sobrecarga-de-docentes-frente-a-escaso-crecimiento-estudiantil\/","name":"Paradoja educativa: sobrecarga de docentes frente a escaso crecimiento estudiantil - Informe Litoral","isPartOf":{"@id":"https:\/\/informelitoral.com.ar\/#website"},"primaryImageOfPage":{"@id":"https:\/\/informelitoral.com.ar\/paradoja-educativa-sobrecarga-de-docentes-frente-a-escaso-crecimiento-estudiantil\/#primaryimage"},"image":{"@id":"https:\/\/informelitoral.com.ar\/paradoja-educativa-sobrecarga-de-docentes-frente-a-escaso-crecimiento-estudiantil\/#primaryimage"},"thumbnailUrl":"https:\/\/red92com.nyc3.cdn.digitaloceanspaces.com\/adjuntos\/galerias\/000\/016\/0000016678.jpg","datePublished":"2025-07-03T14:03:49+00:00","dateModified":"2025-07-03T23:33:28+00:00","breadcrumb":{"@id":"https:\/\/informelitoral.com.ar\/paradoja-educativa-sobrecarga-de-docentes-frente-a-escaso-crecimiento-estudiantil\/#breadcrumb"},"inLanguage":"es","potentialAction":[{"@type":"ReadAction","target":["https:\/\/informelitoral.com.ar\/paradoja-educativa-sobrecarga-de-docentes-frente-a-escaso-crecimiento-estudiantil\/"]}]},{"@type":"ImageObject","inLanguage":"es","@id":"https:\/\/informelitoral.com.ar\/paradoja-educativa-sobrecarga-de-docentes-frente-a-escaso-crecimiento-estudiantil\/#primaryimage","url":"https:\/\/red92com.nyc3.cdn.digitaloceanspaces.com\/adjuntos\/galerias\/000\/016\/0000016678.jpg","contentUrl":"https:\/\/red92com.nyc3.cdn.digitaloceanspaces.com\/adjuntos\/galerias\/000\/016\/0000016678.jpg","width":"1920","height":"1080"},{"@type":"BreadcrumbList","@id":"https:\/\/informelitoral.com.ar\/paradoja-educativa-sobrecarga-de-docentes-frente-a-escaso-crecimiento-estudiantil\/#breadcrumb","itemListElement":[{"@type":"ListItem","position":1,"name":"Portada","item":"https:\/\/informelitoral.com.ar\/"},{"@type":"ListItem","position":2,"name":"Paradoja educativa: sobrecarga de docentes frente a escaso crecimiento estudiantil"}]},{"@type":"WebSite","@id":"https:\/\/informelitoral.com.ar\/#website","url":"https:\/\/informelitoral.com.ar\/","name":"Informe Litoral","description":"&quot;Nos informamos&quot; ","publisher":{"@id":"https:\/\/informelitoral.com.ar\/#organization"},"potentialAction":[{"@type":"SearchAction","target":{"@type":"EntryPoint","urlTemplate":"https:\/\/informelitoral.com.ar\/?s={search_term_string}"},"query-input":{"@type":"PropertyValueSpecification","valueRequired":true,"valueName":"search_term_string"}}],"inLanguage":"es"},{"@type":"Organization","@id":"https:\/\/informelitoral.com.ar\/#organization","name":"Informe Litoral","url":"https:\/\/informelitoral.com.ar\/","logo":{"@type":"ImageObject","inLanguage":"es","@id":"https:\/\/informelitoral.com.ar\/#\/schema\/logo\/image\/","url":"https:\/\/informelitoral.com.ar\/%77%70%2d%63%6f%6e%74%65%6e%74\/uploads\/2021\/01\/circulo.png","contentUrl":"https:\/\/informelitoral.com.ar\/%77%70%2d%63%6f%6e%74%65%6e%74\/uploads\/2021\/01\/circulo.png","width":723,"height":731,"caption":"Informe Litoral"},"image":{"@id":"https:\/\/informelitoral.com.ar\/#\/schema\/logo\/image\/"},"sameAs":["https:\/\/www.facebook.com\/informelitoral\/","https:\/\/x.com\/InformeLitoral","https:\/\/www.instagram.com\/informelitoral\/","https:\/\/www.youtube.com\/channel\/UCua4Qvz8Icb6MYqhoq9xLXw"]},{"@type":"Person","@id":"https:\/\/informelitoral.com.ar\/#\/schema\/person\/f05f9f461677119578717524b127d6d5","name":"Sebastian","image":{"@type":"ImageObject","inLanguage":"es","@id":"https:\/\/secure.gravatar.com\/avatar\/b71bf7481d447dfb9583c7f2798e7cc64de6efb9067b74633ed8c31059a3bd82?s=96&d=mm&r=g","url":"https:\/\/secure.gravatar.com\/avatar\/b71bf7481d447dfb9583c7f2798e7cc64de6efb9067b74633ed8c31059a3bd82?s=96&d=mm&r=g","contentUrl":"https:\/\/secure.gravatar.com\/avatar\/b71bf7481d447dfb9583c7f2798e7cc64de6efb9067b74633ed8c31059a3bd82?s=96&d=mm&r=g","caption":"Sebastian"},"url":"https:\/\/informelitoral.com.ar\/author\/sebastian\/"}]}},"fifu_image_url":"https:\/\/red92com.nyc3.cdn.digitaloceanspaces.com\/adjuntos\/galerias\/000\/016\/0000016678.jpg","_links":{"self":[{"href":"https:\/\/informelitoral.com.ar\/%77%70%2d%6a%73%6f%6e\/wp\/v2\/posts\/226030","targetHints":{"allow":["GET"]}}],"collection":[{"href":"https:\/\/informelitoral.com.ar\/%77%70%2d%6a%73%6f%6e\/wp\/v2\/posts"}],"about":[{"href":"https:\/\/informelitoral.com.ar\/%77%70%2d%6a%73%6f%6e\/wp\/v2\/types\/post"}],"author":[{"embeddable":true,"href":"https:\/\/informelitoral.com.ar\/%77%70%2d%6a%73%6f%6e\/wp\/v2\/users\/8"}],"replies":[{"embeddable":true,"href":"https:\/\/informelitoral.com.ar\/%77%70%2d%6a%73%6f%6e\/wp\/v2\/comments?post=226030"}],"version-history":[{"count":2,"href":"https:\/\/informelitoral.com.ar\/%77%70%2d%6a%73%6f%6e\/wp\/v2\/posts\/226030\/revisions"}],"predecessor-version":[{"id":226079,"href":"https:\/\/informelitoral.com.ar\/%77%70%2d%6a%73%6f%6e\/wp\/v2\/posts\/226030\/revisions\/226079"}],"wp:featuredmedia":[{"embeddable":true,"href":"https:\/\/informelitoral.com.ar\/%77%70%2d%6a%73%6f%6e\/wp\/v2\/media\/226031"}],"wp:attachment":[{"href":"https:\/\/informelitoral.com.ar\/%77%70%2d%6a%73%6f%6e\/wp\/v2\/media?parent=226030"}],"wp:term":[{"taxonomy":"category","embeddable":true,"href":"https:\/\/informelitoral.com.ar\/%77%70%2d%6a%73%6f%6e\/wp\/v2\/categories?post=226030"},{"taxonomy":"post_tag","embeddable":true,"href":"https:\/\/informelitoral.com.ar\/%77%70%2d%6a%73%6f%6e\/wp\/v2\/tags?post=226030"}],"curies":[{"name":"wp","href":"https:\/\/api.w.org\/{rel}","templated":true}]}}