{"id":226016,"date":"2025-07-03T09:56:44","date_gmt":"2025-07-03T12:56:44","guid":{"rendered":"https:\/\/informelitoral.com.ar\/?p=226016"},"modified":"2025-07-03T20:43:19","modified_gmt":"2025-07-03T23:43:19","slug":"fuerte-choque-en-el-centro-de-parana-vuelco-y-nueve-heridos","status":"publish","type":"post","link":"https:\/\/informelitoral.com.ar\/fuerte-choque-en-el-centro-de-parana-vuelco-y-nueve-heridos\/","title":{"rendered":"Fuerte choque en Paran\u00e1: vuelco y nueve heridos"},"content":{"rendered":"<p>Esta ma\u00f1ana, un violento accidente automovil\u00edstico sacudi\u00f3 el centro de Paran\u00e1, en la intersecci\u00f3n de las calles <b>Andr\u00e9s Pazos y Ferr\u00e9<\/b>. El siniestro, que involucr\u00f3 a un Volkswagen Voyage y un Fiat Cronos, termin\u00f3 con uno de los veh\u00edculos volcado y un saldo de <b>al menos nueve personas heridas, incluyendo menores de edad<\/b>.<\/p>\n<p>Los servicios de emergencia acudieron r\u00e1pidamente al lugar para asistir a los ocupantes de ambos rodados, quienes fueron trasladados a centros de salud. Las autoridades se encuentran investigando las causas de este impactante choque que gener\u00f3 conmoci\u00f3n en la zona c\u00e9ntrica. <em>(Ahora)<\/em><\/p>\n","protected":false},"excerpt":{"rendered":"<p>El hecho ocurri\u00f3 en la ma\u00f1ana de este jueves, en la intersecci\u00f3n de las calles Andr\u00e9s Pazos y Ferr\u00e9.<\/p>\n","protected":false},"author":8,"featured_media":226017,"comment_status":"open","ping_status":"open","sticky":false,"template":"","format":"standard","meta":{"fifu_image_url":"https:\/\/i0.wp.com\/ahora.com.ar\/wp-content\/uploads\/2025\/07\/ok-choque-parana.jpeg?resize=696%2C392&quality=89&ssl=1","fifu_image_alt":"","footnotes":""},"categories":[14],"tags":[304,45],"class_list":{"0":"post-226016","1":"post","2":"type-post","3":"status-publish","4":"format-standard","5":"has-post-thumbnail","7":"category-policiales","8":"tag-accidente-vial","9":"tag-parana"},"yoast_head":"<title>Fuerte choque en Paran\u00e1: vuelco y nueve heridos - Informe Litoral<\/title>\n<meta name=\"robots\" content=\"index, follow, max-snippet:-1, max-image-preview:large, max-video-preview:-1\" \/>\n<link rel=\"canonical\" href=\"https:\/\/informelitoral.com.ar\/fuerte-choque-en-el-centro-de-parana-vuelco-y-nueve-heridos\/\" \/>\n<meta property=\"og:locale\" content=\"es_ES\" \/>\n<meta property=\"og:type\" content=\"article\" \/>\n<meta property=\"og:title\" content=\"Fuerte choque en Paran\u00e1: vuelco y nueve heridos - Informe Litoral\" \/>\n<meta property=\"og:description\" content=\"El hecho ocurri\u00f3 en la ma\u00f1ana de este jueves, en la intersecci\u00f3n de las calles Andr\u00e9s Pazos y Ferr\u00e9.\" \/>\n<meta property=\"og:url\" content=\"https:\/\/informelitoral.com.ar\/fuerte-choque-en-el-centro-de-parana-vuelco-y-nueve-heridos\/\" \/>\n<meta property=\"og:site_name\" content=\"Informe Litoral\" \/>\n<meta property=\"article:publisher\" content=\"https:\/\/www.facebook.com\/informelitoral\/\" \/>\n<meta property=\"article:published_time\" content=\"2025-07-03T12:56:44+00:00\" \/>\n<meta property=\"article:modified_time\" content=\"2025-07-03T23:43:19+00:00\" \/>\n<meta property=\"og:image\" content=\"https:\/\/i0.wp.com\/ahora.com.ar\/%77%70%2d%63%6f%6e%74%65%6e%74\/uploads\/2025\/07\/ok-choque-parana.jpeg?resize=696%2C392&quality=89&ssl=1\" \/>\n<meta name=\"author\" content=\"Sebastian\" \/>\n<meta name=\"twitter:card\" content=\"summary_large_image\" \/>\n<meta name=\"twitter:image\" content=\"https:\/\/i0.wp.com\/ahora.com.ar\/%77%70%2d%63%6f%6e%74%65%6e%74\/uploads\/2025\/07\/ok-choque-parana.jpeg?resize=696%2C392&quality=89&ssl=1\" \/>\n<meta name=\"twitter:creator\" content=\"@InformeLitoral\" \/>\n<meta name=\"twitter:site\" content=\"@InformeLitoral\" \/>\n<meta name=\"twitter:label1\" content=\"Escrito por\" \/>\n\t<meta name=\"twitter:data1\" content=\"Sebastian\" \/>\n\t<meta name=\"twitter:label2\" content=\"Tiempo de lectura\" \/>\n\t<meta name=\"twitter:data2\" content=\"1 minuto\" \/>\n<script type=\"application\/ld+json\" class=\"yoast-schema-graph\">{\"@context\":\"https:\\\/\\\/schema.org\",\"@graph\":[{\"@type\":\"Article\",\"@id\":\"https:\\\/\\\/informelitoral.com.ar\\\/fuerte-choque-en-el-centro-de-parana-vuelco-y-nueve-heridos\\\/#article\",\"isPartOf\":{\"@id\":\"https:\\\/\\\/informelitoral.com.ar\\\/fuerte-choque-en-el-centro-de-parana-vuelco-y-nueve-heridos\\\/\"},\"author\":{\"name\":\"Sebastian\",\"@id\":\"https:\\\/\\\/informelitoral.com.ar\\\/#\\\/schema\\\/person\\\/f05f9f461677119578717524b127d6d5\"},\"headline\":\"Fuerte choque en Paran\u00e1: vuelco y nueve heridos\",\"datePublished\":\"2025-07-03T12:56:44+00:00\",\"dateModified\":\"2025-07-03T23:43:19+00:00\",\"mainEntityOfPage\":{\"@id\":\"https:\\\/\\\/informelitoral.com.ar\\\/fuerte-choque-en-el-centro-de-parana-vuelco-y-nueve-heridos\\\/\"},\"wordCount\":111,\"commentCount\":0,\"publisher\":{\"@id\":\"https:\\\/\\\/informelitoral.com.ar\\\/#organization\"},\"image\":{\"@id\":\"https:\\\/\\\/informelitoral.com.ar\\\/fuerte-choque-en-el-centro-de-parana-vuelco-y-nueve-heridos\\\/#primaryimage\"},\"thumbnailUrl\":\"https:\\\/\\\/i0.wp.com\\\/ahora.com.ar\\\/%77%70%2d%63%6f%6e%74%65%6e%74\\\/uploads\\\/2025\\\/07\\\/ok-choque-parana.jpeg?resize=696%2C392&quality=89&ssl=1\",\"keywords\":[\"Accidente vial\",\"Paran\u00e1\"],\"articleSection\":[\"Policiales\"],\"inLanguage\":\"es\",\"potentialAction\":[{\"@type\":\"CommentAction\",\"name\":\"Comment\",\"target\":[\"https:\\\/\\\/informelitoral.com.ar\\\/fuerte-choque-en-el-centro-de-parana-vuelco-y-nueve-heridos\\\/#respond\"]}]},{\"@type\":\"WebPage\",\"@id\":\"https:\\\/\\\/informelitoral.com.ar\\\/fuerte-choque-en-el-centro-de-parana-vuelco-y-nueve-heridos\\\/\",\"url\":\"https:\\\/\\\/informelitoral.com.ar\\\/fuerte-choque-en-el-centro-de-parana-vuelco-y-nueve-heridos\\\/\",\"name\":\"Fuerte choque en Paran\u00e1: vuelco y nueve heridos - Informe Litoral\",\"isPartOf\":{\"@id\":\"https:\\\/\\\/informelitoral.com.ar\\\/#website\"},\"primaryImageOfPage\":{\"@id\":\"https:\\\/\\\/informelitoral.com.ar\\\/fuerte-choque-en-el-centro-de-parana-vuelco-y-nueve-heridos\\\/#primaryimage\"},\"image\":{\"@id\":\"https:\\\/\\\/informelitoral.com.ar\\\/fuerte-choque-en-el-centro-de-parana-vuelco-y-nueve-heridos\\\/#primaryimage\"},\"thumbnailUrl\":\"https:\\\/\\\/i0.wp.com\\\/ahora.com.ar\\\/%77%70%2d%63%6f%6e%74%65%6e%74\\\/uploads\\\/2025\\\/07\\\/ok-choque-parana.jpeg?resize=696%2C392&quality=89&ssl=1\",\"datePublished\":\"2025-07-03T12:56:44+00:00\",\"dateModified\":\"2025-07-03T23:43:19+00:00\",\"breadcrumb\":{\"@id\":\"https:\\\/\\\/informelitoral.com.ar\\\/fuerte-choque-en-el-centro-de-parana-vuelco-y-nueve-heridos\\\/#breadcrumb\"},\"inLanguage\":\"es\",\"potentialAction\":[{\"@type\":\"ReadAction\",\"target\":[\"https:\\\/\\\/informelitoral.com.ar\\\/fuerte-choque-en-el-centro-de-parana-vuelco-y-nueve-heridos\\\/\"]}]},{\"@type\":\"ImageObject\",\"inLanguage\":\"es\",\"@id\":\"https:\\\/\\\/informelitoral.com.ar\\\/fuerte-choque-en-el-centro-de-parana-vuelco-y-nueve-heridos\\\/#primaryimage\",\"url\":\"https:\\\/\\\/i0.wp.com\\\/ahora.com.ar\\\/%77%70%2d%63%6f%6e%74%65%6e%74\\\/uploads\\\/2025\\\/07\\\/ok-choque-parana.jpeg?resize=696%2C392&quality=89&ssl=1\",\"contentUrl\":\"https:\\\/\\\/i0.wp.com\\\/ahora.com.ar\\\/%77%70%2d%63%6f%6e%74%65%6e%74\\\/uploads\\\/2025\\\/07\\\/ok-choque-parana.jpeg?resize=696%2C392&quality=89&ssl=1\",\"width\":\"696\",\"height\":\"392\"},{\"@type\":\"BreadcrumbList\",\"@id\":\"https:\\\/\\\/informelitoral.com.ar\\\/fuerte-choque-en-el-centro-de-parana-vuelco-y-nueve-heridos\\\/#breadcrumb\",\"itemListElement\":[{\"@type\":\"ListItem\",\"position\":1,\"name\":\"Portada\",\"item\":\"https:\\\/\\\/informelitoral.com.ar\\\/\"},{\"@type\":\"ListItem\",\"position\":2,\"name\":\"Fuerte choque en Paran\u00e1: vuelco y nueve heridos\"}]},{\"@type\":\"WebSite\",\"@id\":\"https:\\\/\\\/informelitoral.com.ar\\\/#website\",\"url\":\"https:\\\/\\\/informelitoral.com.ar\\\/\",\"name\":\"Informe Litoral\",\"description\":\"&quot;Nos informamos&quot; \",\"publisher\":{\"@id\":\"https:\\\/\\\/informelitoral.com.ar\\\/#organization\"},\"potentialAction\":[{\"@type\":\"SearchAction\",\"target\":{\"@type\":\"EntryPoint\",\"urlTemplate\":\"https:\\\/\\\/informelitoral.com.ar\\\/?s={search_term_string}\"},\"query-input\":{\"@type\":\"PropertyValueSpecification\",\"valueRequired\":true,\"valueName\":\"search_term_string\"}}],\"inLanguage\":\"es\"},{\"@type\":\"Organization\",\"@id\":\"https:\\\/\\\/informelitoral.com.ar\\\/#organization\",\"name\":\"Informe Litoral\",\"url\":\"https:\\\/\\\/informelitoral.com.ar\\\/\",\"logo\":{\"@type\":\"ImageObject\",\"inLanguage\":\"es\",\"@id\":\"https:\\\/\\\/informelitoral.com.ar\\\/#\\\/schema\\\/logo\\\/image\\\/\",\"url\":\"https:\\\/\\\/informelitoral.com.ar\\\/%77%70%2d%63%6f%6e%74%65%6e%74\\\/uploads\\\/2021\\\/01\\\/circulo.png\",\"contentUrl\":\"https:\\\/\\\/informelitoral.com.ar\\\/%77%70%2d%63%6f%6e%74%65%6e%74\\\/uploads\\\/2021\\\/01\\\/circulo.png\",\"width\":723,\"height\":731,\"caption\":\"Informe Litoral\"},\"image\":{\"@id\":\"https:\\\/\\\/informelitoral.com.ar\\\/#\\\/schema\\\/logo\\\/image\\\/\"},\"sameAs\":[\"https:\\\/\\\/www.facebook.com\\\/informelitoral\\\/\",\"https:\\\/\\\/x.com\\\/InformeLitoral\",\"https:\\\/\\\/www.instagram.com\\\/informelitoral\\\/\",\"https:\\\/\\\/www.youtube.com\\\/channel\\\/UCua4Qvz8Icb6MYqhoq9xLXw\"]},{\"@type\":\"Person\",\"@id\":\"https:\\\/\\\/informelitoral.com.ar\\\/#\\\/schema\\\/person\\\/f05f9f461677119578717524b127d6d5\",\"name\":\"Sebastian\",\"image\":{\"@type\":\"ImageObject\",\"inLanguage\":\"es\",\"@id\":\"https:\\\/\\\/secure.gravatar.com\\\/avatar\\\/b71bf7481d447dfb9583c7f2798e7cc64de6efb9067b74633ed8c31059a3bd82?s=96&d=mm&r=g\",\"url\":\"https:\\\/\\\/secure.gravatar.com\\\/avatar\\\/b71bf7481d447dfb9583c7f2798e7cc64de6efb9067b74633ed8c31059a3bd82?s=96&d=mm&r=g\",\"contentUrl\":\"https:\\\/\\\/secure.gravatar.com\\\/avatar\\\/b71bf7481d447dfb9583c7f2798e7cc64de6efb9067b74633ed8c31059a3bd82?s=96&d=mm&r=g\",\"caption\":\"Sebastian\"},\"url\":\"https:\\\/\\\/informelitoral.com.ar\\\/author\\\/sebastian\\\/\"}]}<\/script>","yoast_head_json":{"title":"Fuerte choque en Paran\u00e1: vuelco y nueve heridos - Informe Litoral","robots":{"index":"index","follow":"follow","max-snippet":"max-snippet:-1","max-image-preview":"max-image-preview:large","max-video-preview":"max-video-preview:-1"},"canonical":"https:\/\/informelitoral.com.ar\/fuerte-choque-en-el-centro-de-parana-vuelco-y-nueve-heridos\/","og_locale":"es_ES","og_type":"article","og_title":"Fuerte choque en Paran\u00e1: vuelco y nueve heridos - Informe Litoral","og_description":"El hecho ocurri\u00f3 en la ma\u00f1ana de este jueves, en la intersecci\u00f3n de las calles Andr\u00e9s Pazos y Ferr\u00e9.","og_url":"https:\/\/informelitoral.com.ar\/fuerte-choque-en-el-centro-de-parana-vuelco-y-nueve-heridos\/","og_site_name":"Informe Litoral","article_publisher":"https:\/\/www.facebook.com\/informelitoral\/","article_published_time":"2025-07-03T12:56:44+00:00","article_modified_time":"2025-07-03T23:43:19+00:00","og_image":[{"url":"https:\/\/i0.wp.com\/ahora.com.ar\/wp-content\/uploads\/2025\/07\/ok-choque-parana.jpeg?resize=696%2C392&quality=89&ssl=1","type":"","width":"","height":""}],"author":"Sebastian","twitter_card":"summary_large_image","twitter_image":"https:\/\/i0.wp.com\/ahora.com.ar\/wp-content\/uploads\/2025\/07\/ok-choque-parana.jpeg?resize=696%2C392&quality=89&ssl=1","twitter_creator":"@InformeLitoral","twitter_site":"@InformeLitoral","twitter_misc":{"Escrito por":"Sebastian","Tiempo de lectura":"1 minuto"},"schema":{"@context":"https:\/\/schema.org","@graph":[{"@type":"Article","@id":"https:\/\/informelitoral.com.ar\/fuerte-choque-en-el-centro-de-parana-vuelco-y-nueve-heridos\/#article","isPartOf":{"@id":"https:\/\/informelitoral.com.ar\/fuerte-choque-en-el-centro-de-parana-vuelco-y-nueve-heridos\/"},"author":{"name":"Sebastian","@id":"https:\/\/informelitoral.com.ar\/#\/schema\/person\/f05f9f461677119578717524b127d6d5"},"headline":"Fuerte choque en Paran\u00e1: vuelco y nueve heridos","datePublished":"2025-07-03T12:56:44+00:00","dateModified":"2025-07-03T23:43:19+00:00","mainEntityOfPage":{"@id":"https:\/\/informelitoral.com.ar\/fuerte-choque-en-el-centro-de-parana-vuelco-y-nueve-heridos\/"},"wordCount":111,"commentCount":0,"publisher":{"@id":"https:\/\/informelitoral.com.ar\/#organization"},"image":{"@id":"https:\/\/informelitoral.com.ar\/fuerte-choque-en-el-centro-de-parana-vuelco-y-nueve-heridos\/#primaryimage"},"thumbnailUrl":"https:\/\/i0.wp.com\/ahora.com.ar\/%77%70%2d%63%6f%6e%74%65%6e%74\/uploads\/2025\/07\/ok-choque-parana.jpeg?resize=696%2C392&quality=89&ssl=1","keywords":["Accidente vial","Paran\u00e1"],"articleSection":["Policiales"],"inLanguage":"es","potentialAction":[{"@type":"CommentAction","name":"Comment","target":["https:\/\/informelitoral.com.ar\/fuerte-choque-en-el-centro-de-parana-vuelco-y-nueve-heridos\/#respond"]}]},{"@type":"WebPage","@id":"https:\/\/informelitoral.com.ar\/fuerte-choque-en-el-centro-de-parana-vuelco-y-nueve-heridos\/","url":"https:\/\/informelitoral.com.ar\/fuerte-choque-en-el-centro-de-parana-vuelco-y-nueve-heridos\/","name":"Fuerte choque en Paran\u00e1: vuelco y nueve heridos - Informe Litoral","isPartOf":{"@id":"https:\/\/informelitoral.com.ar\/#website"},"primaryImageOfPage":{"@id":"https:\/\/informelitoral.com.ar\/fuerte-choque-en-el-centro-de-parana-vuelco-y-nueve-heridos\/#primaryimage"},"image":{"@id":"https:\/\/informelitoral.com.ar\/fuerte-choque-en-el-centro-de-parana-vuelco-y-nueve-heridos\/#primaryimage"},"thumbnailUrl":"https:\/\/i0.wp.com\/ahora.com.ar\/%77%70%2d%63%6f%6e%74%65%6e%74\/uploads\/2025\/07\/ok-choque-parana.jpeg?resize=696%2C392&quality=89&ssl=1","datePublished":"2025-07-03T12:56:44+00:00","dateModified":"2025-07-03T23:43:19+00:00","breadcrumb":{"@id":"https:\/\/informelitoral.com.ar\/fuerte-choque-en-el-centro-de-parana-vuelco-y-nueve-heridos\/#breadcrumb"},"inLanguage":"es","potentialAction":[{"@type":"ReadAction","target":["https:\/\/informelitoral.com.ar\/fuerte-choque-en-el-centro-de-parana-vuelco-y-nueve-heridos\/"]}]},{"@type":"ImageObject","inLanguage":"es","@id":"https:\/\/informelitoral.com.ar\/fuerte-choque-en-el-centro-de-parana-vuelco-y-nueve-heridos\/#primaryimage","url":"https:\/\/i0.wp.com\/ahora.com.ar\/%77%70%2d%63%6f%6e%74%65%6e%74\/uploads\/2025\/07\/ok-choque-parana.jpeg?resize=696%2C392&quality=89&ssl=1","contentUrl":"https:\/\/i0.wp.com\/ahora.com.ar\/%77%70%2d%63%6f%6e%74%65%6e%74\/uploads\/2025\/07\/ok-choque-parana.jpeg?resize=696%2C392&quality=89&ssl=1","width":"696","height":"392"},{"@type":"BreadcrumbList","@id":"https:\/\/informelitoral.com.ar\/fuerte-choque-en-el-centro-de-parana-vuelco-y-nueve-heridos\/#breadcrumb","itemListElement":[{"@type":"ListItem","position":1,"name":"Portada","item":"https:\/\/informelitoral.com.ar\/"},{"@type":"ListItem","position":2,"name":"Fuerte choque en Paran\u00e1: vuelco y nueve heridos"}]},{"@type":"WebSite","@id":"https:\/\/informelitoral.com.ar\/#website","url":"https:\/\/informelitoral.com.ar\/","name":"Informe Litoral","description":"&quot;Nos informamos&quot; ","publisher":{"@id":"https:\/\/informelitoral.com.ar\/#organization"},"potentialAction":[{"@type":"SearchAction","target":{"@type":"EntryPoint","urlTemplate":"https:\/\/informelitoral.com.ar\/?s={search_term_string}"},"query-input":{"@type":"PropertyValueSpecification","valueRequired":true,"valueName":"search_term_string"}}],"inLanguage":"es"},{"@type":"Organization","@id":"https:\/\/informelitoral.com.ar\/#organization","name":"Informe Litoral","url":"https:\/\/informelitoral.com.ar\/","logo":{"@type":"ImageObject","inLanguage":"es","@id":"https:\/\/informelitoral.com.ar\/#\/schema\/logo\/image\/","url":"https:\/\/informelitoral.com.ar\/%77%70%2d%63%6f%6e%74%65%6e%74\/uploads\/2021\/01\/circulo.png","contentUrl":"https:\/\/informelitoral.com.ar\/%77%70%2d%63%6f%6e%74%65%6e%74\/uploads\/2021\/01\/circulo.png","width":723,"height":731,"caption":"Informe Litoral"},"image":{"@id":"https:\/\/informelitoral.com.ar\/#\/schema\/logo\/image\/"},"sameAs":["https:\/\/www.facebook.com\/informelitoral\/","https:\/\/x.com\/InformeLitoral","https:\/\/www.instagram.com\/informelitoral\/","https:\/\/www.youtube.com\/channel\/UCua4Qvz8Icb6MYqhoq9xLXw"]},{"@type":"Person","@id":"https:\/\/informelitoral.com.ar\/#\/schema\/person\/f05f9f461677119578717524b127d6d5","name":"Sebastian","image":{"@type":"ImageObject","inLanguage":"es","@id":"https:\/\/secure.gravatar.com\/avatar\/b71bf7481d447dfb9583c7f2798e7cc64de6efb9067b74633ed8c31059a3bd82?s=96&d=mm&r=g","url":"https:\/\/secure.gravatar.com\/avatar\/b71bf7481d447dfb9583c7f2798e7cc64de6efb9067b74633ed8c31059a3bd82?s=96&d=mm&r=g","contentUrl":"https:\/\/secure.gravatar.com\/avatar\/b71bf7481d447dfb9583c7f2798e7cc64de6efb9067b74633ed8c31059a3bd82?s=96&d=mm&r=g","caption":"Sebastian"},"url":"https:\/\/informelitoral.com.ar\/author\/sebastian\/"}]}},"fifu_image_url":"https:\/\/i0.wp.com\/ahora.com.ar\/wp-content\/uploads\/2025\/07\/ok-choque-parana.jpeg?resize=696%2C392&quality=89&ssl=1","_links":{"self":[{"href":"https:\/\/informelitoral.com.ar\/%77%70%2d%6a%73%6f%6e\/wp\/v2\/posts\/226016","targetHints":{"allow":["GET"]}}],"collection":[{"href":"https:\/\/informelitoral.com.ar\/%77%70%2d%6a%73%6f%6e\/wp\/v2\/posts"}],"about":[{"href":"https:\/\/informelitoral.com.ar\/%77%70%2d%6a%73%6f%6e\/wp\/v2\/types\/post"}],"author":[{"embeddable":true,"href":"https:\/\/informelitoral.com.ar\/%77%70%2d%6a%73%6f%6e\/wp\/v2\/users\/8"}],"replies":[{"embeddable":true,"href":"https:\/\/informelitoral.com.ar\/%77%70%2d%6a%73%6f%6e\/wp\/v2\/comments?post=226016"}],"version-history":[{"count":3,"href":"https:\/\/informelitoral.com.ar\/%77%70%2d%6a%73%6f%6e\/wp\/v2\/posts\/226016\/revisions"}],"predecessor-version":[{"id":226082,"href":"https:\/\/informelitoral.com.ar\/%77%70%2d%6a%73%6f%6e\/wp\/v2\/posts\/226016\/revisions\/226082"}],"wp:featuredmedia":[{"embeddable":true,"href":"https:\/\/informelitoral.com.ar\/%77%70%2d%6a%73%6f%6e\/wp\/v2\/media\/226017"}],"wp:attachment":[{"href":"https:\/\/informelitoral.com.ar\/%77%70%2d%6a%73%6f%6e\/wp\/v2\/media?parent=226016"}],"wp:term":[{"taxonomy":"category","embeddable":true,"href":"https:\/\/informelitoral.com.ar\/%77%70%2d%6a%73%6f%6e\/wp\/v2\/categories?post=226016"},{"taxonomy":"post_tag","embeddable":true,"href":"https:\/\/informelitoral.com.ar\/%77%70%2d%6a%73%6f%6e\/wp\/v2\/tags?post=226016"}],"curies":[{"name":"wp","href":"https:\/\/api.w.org\/{rel}","templated":true}]}}