{"id":225977,"date":"2025-07-03T08:07:05","date_gmt":"2025-07-03T11:07:05","guid":{"rendered":"https:\/\/informelitoral.com.ar\/?p=225977"},"modified":"2025-07-03T08:07:05","modified_gmt":"2025-07-03T11:07:05","slug":"la-provincia-refuerza-la-lucha-contra-el-narcomenudeo-con-resultados-contundentes","status":"publish","type":"post","link":"https:\/\/informelitoral.com.ar\/la-provincia-refuerza-la-lucha-contra-el-narcomenudeo-con-resultados-contundentes\/","title":{"rendered":"La provincia refuerza la lucha contra el narcomenudeo con resultados contundentes"},"content":{"rendered":"<p>Los datos, que abarcan el per\u00edodo de enero a junio de 2023, 2024 y 2025 permiten observar el incremento en la lucha contra el crimen organizado. En cuanto a los operativos realizados, el comparativo del per\u00edodo 2023 y 2025 refleja m\u00e1s de un 45 por ciento de aumento, lo que significa un total de 607 procedimientos realizados en todo el territorio entrerriano.<\/p>\n<p>Los datos reflejan el aumento en la actividad preventiva y operativa de la Polic\u00eda de Entre R\u00edos, en lo que refiere a la lucha contra este delito.<br \/>\nEn este sentido, el secuestro de sustancias expresa un incremento en comparaci\u00f3n con los per\u00edodos anteriores. En cuanto a la incautaci\u00f3n de marihuana, de enero a junio de 2023, se incautaron 25.324,22 gramos. En el mismo per\u00edodo del 2024 se logr\u00f3 el secuestro de 89.343,64 gramos y, de enero a junio del corriente a\u00f1o se decomisaron 194.067 gramos. Comparando el 2025 con el 2023, el volumen de marihuana secuestrada en la primera mitad de este a\u00f1o es un 797,75 por ciento mayor que con el primer semestre del 2023.<\/p>\n<p>Asimismo, el secuestro de coca\u00edna representa un aumento significativo en el \u00faltimo per\u00edodo, siendo de un 866 por ciento m\u00e1s comparado a lo incautado en 2023. En lo que va del a\u00f1o se secuestraron m\u00e1s de 421.610 gramos de coca\u00edna en todo el territorio.<\/p>\n","protected":false},"excerpt":{"rendered":"<p>El gobierno provincial increment\u00f3 notablemente los procedimientos relacionados a la lucha contra el narcomenudeo en Entre R\u00edos. En lo que va de la gesti\u00f3n se destaca un crecimiento sostenido en materia de operativos realizados y en el volumen de sustancias secuestradas.<\/p>\n","protected":false},"author":8,"featured_media":225978,"comment_status":"open","ping_status":"open","sticky":false,"template":"","format":"standard","meta":{"fifu_image_url":"","fifu_image_alt":"","footnotes":""},"categories":[14],"tags":[81,1653],"class_list":{"0":"post-225977","1":"post","2":"type-post","3":"status-publish","4":"format-standard","5":"has-post-thumbnail","7":"category-policiales","8":"tag-entre-rios","9":"tag-narcomenudeo"},"yoast_head":"<title>La provincia refuerza la lucha contra el narcomenudeo con resultados contundentes - Informe Litoral<\/title>\n<meta name=\"robots\" content=\"index, follow, max-snippet:-1, max-image-preview:large, max-video-preview:-1\" \/>\n<link rel=\"canonical\" href=\"https:\/\/informelitoral.com.ar\/la-provincia-refuerza-la-lucha-contra-el-narcomenudeo-con-resultados-contundentes\/\" \/>\n<meta property=\"og:locale\" content=\"es_ES\" \/>\n<meta property=\"og:type\" content=\"article\" \/>\n<meta property=\"og:title\" content=\"La provincia refuerza la lucha contra el narcomenudeo con resultados contundentes - Informe Litoral\" \/>\n<meta property=\"og:description\" content=\"El gobierno provincial increment\u00f3 notablemente los procedimientos relacionados a la lucha contra el narcomenudeo en Entre R\u00edos. En lo que va de la gesti\u00f3n se destaca un crecimiento sostenido en materia de operativos realizados y en el volumen de sustancias secuestradas.\" \/>\n<meta property=\"og:url\" content=\"https:\/\/informelitoral.com.ar\/la-provincia-refuerza-la-lucha-contra-el-narcomenudeo-con-resultados-contundentes\/\" \/>\n<meta property=\"og:site_name\" content=\"Informe Litoral\" \/>\n<meta property=\"article:publisher\" content=\"https:\/\/www.facebook.com\/informelitoral\/\" \/>\n<meta property=\"article:published_time\" content=\"2025-07-03T11:07:05+00:00\" \/>\n<meta property=\"og:image\" content=\"https:\/\/informelitoral.com.ar\/%77%70%2d%63%6f%6e%74%65%6e%74\/uploads\/2025\/07\/PORTADA-.jpg\" \/>\n\t<meta property=\"og:image:width\" content=\"1920\" \/>\n\t<meta property=\"og:image:height\" content=\"1280\" \/>\n\t<meta property=\"og:image:type\" content=\"image\/jpeg\" \/>\n<meta name=\"author\" content=\"Sebastian\" \/>\n<meta name=\"twitter:card\" content=\"summary_large_image\" \/>\n<meta name=\"twitter:creator\" content=\"@InformeLitoral\" \/>\n<meta name=\"twitter:site\" content=\"@InformeLitoral\" \/>\n<meta name=\"twitter:label1\" content=\"Escrito por\" \/>\n\t<meta name=\"twitter:data1\" content=\"Sebastian\" \/>\n\t<meta name=\"twitter:label2\" content=\"Tiempo de lectura\" \/>\n\t<meta name=\"twitter:data2\" content=\"2 minutos\" \/>\n<script type=\"application\/ld+json\" class=\"yoast-schema-graph\">{\"@context\":\"https:\\\/\\\/schema.org\",\"@graph\":[{\"@type\":\"Article\",\"@id\":\"https:\\\/\\\/informelitoral.com.ar\\\/la-provincia-refuerza-la-lucha-contra-el-narcomenudeo-con-resultados-contundentes\\\/#article\",\"isPartOf\":{\"@id\":\"https:\\\/\\\/informelitoral.com.ar\\\/la-provincia-refuerza-la-lucha-contra-el-narcomenudeo-con-resultados-contundentes\\\/\"},\"author\":{\"name\":\"Sebastian\",\"@id\":\"https:\\\/\\\/informelitoral.com.ar\\\/#\\\/schema\\\/person\\\/f05f9f461677119578717524b127d6d5\"},\"headline\":\"La provincia refuerza la lucha contra el narcomenudeo con resultados contundentes\",\"datePublished\":\"2025-07-03T11:07:05+00:00\",\"mainEntityOfPage\":{\"@id\":\"https:\\\/\\\/informelitoral.com.ar\\\/la-provincia-refuerza-la-lucha-contra-el-narcomenudeo-con-resultados-contundentes\\\/\"},\"wordCount\":231,\"commentCount\":0,\"publisher\":{\"@id\":\"https:\\\/\\\/informelitoral.com.ar\\\/#organization\"},\"image\":{\"@id\":\"https:\\\/\\\/informelitoral.com.ar\\\/la-provincia-refuerza-la-lucha-contra-el-narcomenudeo-con-resultados-contundentes\\\/#primaryimage\"},\"thumbnailUrl\":\"https:\\\/\\\/informelitoral.com.ar\\\/%77%70%2d%63%6f%6e%74%65%6e%74\\\/uploads\\\/2025\\\/07\\\/PORTADA-.jpg\",\"keywords\":[\"Entre R\u00edos\",\"Narcomenudeo\"],\"articleSection\":[\"Policiales\"],\"inLanguage\":\"es\",\"potentialAction\":[{\"@type\":\"CommentAction\",\"name\":\"Comment\",\"target\":[\"https:\\\/\\\/informelitoral.com.ar\\\/la-provincia-refuerza-la-lucha-contra-el-narcomenudeo-con-resultados-contundentes\\\/#respond\"]}]},{\"@type\":\"WebPage\",\"@id\":\"https:\\\/\\\/informelitoral.com.ar\\\/la-provincia-refuerza-la-lucha-contra-el-narcomenudeo-con-resultados-contundentes\\\/\",\"url\":\"https:\\\/\\\/informelitoral.com.ar\\\/la-provincia-refuerza-la-lucha-contra-el-narcomenudeo-con-resultados-contundentes\\\/\",\"name\":\"La provincia refuerza la lucha contra el narcomenudeo con resultados contundentes - Informe Litoral\",\"isPartOf\":{\"@id\":\"https:\\\/\\\/informelitoral.com.ar\\\/#website\"},\"primaryImageOfPage\":{\"@id\":\"https:\\\/\\\/informelitoral.com.ar\\\/la-provincia-refuerza-la-lucha-contra-el-narcomenudeo-con-resultados-contundentes\\\/#primaryimage\"},\"image\":{\"@id\":\"https:\\\/\\\/informelitoral.com.ar\\\/la-provincia-refuerza-la-lucha-contra-el-narcomenudeo-con-resultados-contundentes\\\/#primaryimage\"},\"thumbnailUrl\":\"https:\\\/\\\/informelitoral.com.ar\\\/%77%70%2d%63%6f%6e%74%65%6e%74\\\/uploads\\\/2025\\\/07\\\/PORTADA-.jpg\",\"datePublished\":\"2025-07-03T11:07:05+00:00\",\"breadcrumb\":{\"@id\":\"https:\\\/\\\/informelitoral.com.ar\\\/la-provincia-refuerza-la-lucha-contra-el-narcomenudeo-con-resultados-contundentes\\\/#breadcrumb\"},\"inLanguage\":\"es\",\"potentialAction\":[{\"@type\":\"ReadAction\",\"target\":[\"https:\\\/\\\/informelitoral.com.ar\\\/la-provincia-refuerza-la-lucha-contra-el-narcomenudeo-con-resultados-contundentes\\\/\"]}]},{\"@type\":\"ImageObject\",\"inLanguage\":\"es\",\"@id\":\"https:\\\/\\\/informelitoral.com.ar\\\/la-provincia-refuerza-la-lucha-contra-el-narcomenudeo-con-resultados-contundentes\\\/#primaryimage\",\"url\":\"https:\\\/\\\/informelitoral.com.ar\\\/%77%70%2d%63%6f%6e%74%65%6e%74\\\/uploads\\\/2025\\\/07\\\/PORTADA-.jpg\",\"contentUrl\":\"https:\\\/\\\/informelitoral.com.ar\\\/%77%70%2d%63%6f%6e%74%65%6e%74\\\/uploads\\\/2025\\\/07\\\/PORTADA-.jpg\",\"width\":1920,\"height\":1280},{\"@type\":\"BreadcrumbList\",\"@id\":\"https:\\\/\\\/informelitoral.com.ar\\\/la-provincia-refuerza-la-lucha-contra-el-narcomenudeo-con-resultados-contundentes\\\/#breadcrumb\",\"itemListElement\":[{\"@type\":\"ListItem\",\"position\":1,\"name\":\"Portada\",\"item\":\"https:\\\/\\\/informelitoral.com.ar\\\/\"},{\"@type\":\"ListItem\",\"position\":2,\"name\":\"La provincia refuerza la lucha contra el narcomenudeo con resultados contundentes\"}]},{\"@type\":\"WebSite\",\"@id\":\"https:\\\/\\\/informelitoral.com.ar\\\/#website\",\"url\":\"https:\\\/\\\/informelitoral.com.ar\\\/\",\"name\":\"Informe Litoral\",\"description\":\"&quot;Nos informamos&quot; \",\"publisher\":{\"@id\":\"https:\\\/\\\/informelitoral.com.ar\\\/#organization\"},\"potentialAction\":[{\"@type\":\"SearchAction\",\"target\":{\"@type\":\"EntryPoint\",\"urlTemplate\":\"https:\\\/\\\/informelitoral.com.ar\\\/?s={search_term_string}\"},\"query-input\":{\"@type\":\"PropertyValueSpecification\",\"valueRequired\":true,\"valueName\":\"search_term_string\"}}],\"inLanguage\":\"es\"},{\"@type\":\"Organization\",\"@id\":\"https:\\\/\\\/informelitoral.com.ar\\\/#organization\",\"name\":\"Informe Litoral\",\"url\":\"https:\\\/\\\/informelitoral.com.ar\\\/\",\"logo\":{\"@type\":\"ImageObject\",\"inLanguage\":\"es\",\"@id\":\"https:\\\/\\\/informelitoral.com.ar\\\/#\\\/schema\\\/logo\\\/image\\\/\",\"url\":\"https:\\\/\\\/informelitoral.com.ar\\\/%77%70%2d%63%6f%6e%74%65%6e%74\\\/uploads\\\/2021\\\/01\\\/circulo.png\",\"contentUrl\":\"https:\\\/\\\/informelitoral.com.ar\\\/%77%70%2d%63%6f%6e%74%65%6e%74\\\/uploads\\\/2021\\\/01\\\/circulo.png\",\"width\":723,\"height\":731,\"caption\":\"Informe Litoral\"},\"image\":{\"@id\":\"https:\\\/\\\/informelitoral.com.ar\\\/#\\\/schema\\\/logo\\\/image\\\/\"},\"sameAs\":[\"https:\\\/\\\/www.facebook.com\\\/informelitoral\\\/\",\"https:\\\/\\\/x.com\\\/InformeLitoral\",\"https:\\\/\\\/www.instagram.com\\\/informelitoral\\\/\",\"https:\\\/\\\/www.youtube.com\\\/channel\\\/UCua4Qvz8Icb6MYqhoq9xLXw\"]},{\"@type\":\"Person\",\"@id\":\"https:\\\/\\\/informelitoral.com.ar\\\/#\\\/schema\\\/person\\\/f05f9f461677119578717524b127d6d5\",\"name\":\"Sebastian\",\"image\":{\"@type\":\"ImageObject\",\"inLanguage\":\"es\",\"@id\":\"https:\\\/\\\/secure.gravatar.com\\\/avatar\\\/b71bf7481d447dfb9583c7f2798e7cc64de6efb9067b74633ed8c31059a3bd82?s=96&d=mm&r=g\",\"url\":\"https:\\\/\\\/secure.gravatar.com\\\/avatar\\\/b71bf7481d447dfb9583c7f2798e7cc64de6efb9067b74633ed8c31059a3bd82?s=96&d=mm&r=g\",\"contentUrl\":\"https:\\\/\\\/secure.gravatar.com\\\/avatar\\\/b71bf7481d447dfb9583c7f2798e7cc64de6efb9067b74633ed8c31059a3bd82?s=96&d=mm&r=g\",\"caption\":\"Sebastian\"},\"url\":\"https:\\\/\\\/informelitoral.com.ar\\\/author\\\/sebastian\\\/\"}]}<\/script>","yoast_head_json":{"title":"La provincia refuerza la lucha contra el narcomenudeo con resultados contundentes - Informe Litoral","robots":{"index":"index","follow":"follow","max-snippet":"max-snippet:-1","max-image-preview":"max-image-preview:large","max-video-preview":"max-video-preview:-1"},"canonical":"https:\/\/informelitoral.com.ar\/la-provincia-refuerza-la-lucha-contra-el-narcomenudeo-con-resultados-contundentes\/","og_locale":"es_ES","og_type":"article","og_title":"La provincia refuerza la lucha contra el narcomenudeo con resultados contundentes - Informe Litoral","og_description":"El gobierno provincial increment\u00f3 notablemente los procedimientos relacionados a la lucha contra el narcomenudeo en Entre R\u00edos. En lo que va de la gesti\u00f3n se destaca un crecimiento sostenido en materia de operativos realizados y en el volumen de sustancias secuestradas.","og_url":"https:\/\/informelitoral.com.ar\/la-provincia-refuerza-la-lucha-contra-el-narcomenudeo-con-resultados-contundentes\/","og_site_name":"Informe Litoral","article_publisher":"https:\/\/www.facebook.com\/informelitoral\/","article_published_time":"2025-07-03T11:07:05+00:00","og_image":[{"width":1920,"height":1280,"url":"https:\/\/informelitoral.com.ar\/%77%70%2d%63%6f%6e%74%65%6e%74\/uploads\/2025\/07\/PORTADA-.jpg","type":"image\/jpeg"}],"author":"Sebastian","twitter_card":"summary_large_image","twitter_creator":"@InformeLitoral","twitter_site":"@InformeLitoral","twitter_misc":{"Escrito por":"Sebastian","Tiempo de lectura":"2 minutos"},"schema":{"@context":"https:\/\/schema.org","@graph":[{"@type":"Article","@id":"https:\/\/informelitoral.com.ar\/la-provincia-refuerza-la-lucha-contra-el-narcomenudeo-con-resultados-contundentes\/#article","isPartOf":{"@id":"https:\/\/informelitoral.com.ar\/la-provincia-refuerza-la-lucha-contra-el-narcomenudeo-con-resultados-contundentes\/"},"author":{"name":"Sebastian","@id":"https:\/\/informelitoral.com.ar\/#\/schema\/person\/f05f9f461677119578717524b127d6d5"},"headline":"La provincia refuerza la lucha contra el narcomenudeo con resultados contundentes","datePublished":"2025-07-03T11:07:05+00:00","mainEntityOfPage":{"@id":"https:\/\/informelitoral.com.ar\/la-provincia-refuerza-la-lucha-contra-el-narcomenudeo-con-resultados-contundentes\/"},"wordCount":231,"commentCount":0,"publisher":{"@id":"https:\/\/informelitoral.com.ar\/#organization"},"image":{"@id":"https:\/\/informelitoral.com.ar\/la-provincia-refuerza-la-lucha-contra-el-narcomenudeo-con-resultados-contundentes\/#primaryimage"},"thumbnailUrl":"https:\/\/informelitoral.com.ar\/%77%70%2d%63%6f%6e%74%65%6e%74\/uploads\/2025\/07\/PORTADA-.jpg","keywords":["Entre R\u00edos","Narcomenudeo"],"articleSection":["Policiales"],"inLanguage":"es","potentialAction":[{"@type":"CommentAction","name":"Comment","target":["https:\/\/informelitoral.com.ar\/la-provincia-refuerza-la-lucha-contra-el-narcomenudeo-con-resultados-contundentes\/#respond"]}]},{"@type":"WebPage","@id":"https:\/\/informelitoral.com.ar\/la-provincia-refuerza-la-lucha-contra-el-narcomenudeo-con-resultados-contundentes\/","url":"https:\/\/informelitoral.com.ar\/la-provincia-refuerza-la-lucha-contra-el-narcomenudeo-con-resultados-contundentes\/","name":"La provincia refuerza la lucha contra el narcomenudeo con resultados contundentes - Informe Litoral","isPartOf":{"@id":"https:\/\/informelitoral.com.ar\/#website"},"primaryImageOfPage":{"@id":"https:\/\/informelitoral.com.ar\/la-provincia-refuerza-la-lucha-contra-el-narcomenudeo-con-resultados-contundentes\/#primaryimage"},"image":{"@id":"https:\/\/informelitoral.com.ar\/la-provincia-refuerza-la-lucha-contra-el-narcomenudeo-con-resultados-contundentes\/#primaryimage"},"thumbnailUrl":"https:\/\/informelitoral.com.ar\/%77%70%2d%63%6f%6e%74%65%6e%74\/uploads\/2025\/07\/PORTADA-.jpg","datePublished":"2025-07-03T11:07:05+00:00","breadcrumb":{"@id":"https:\/\/informelitoral.com.ar\/la-provincia-refuerza-la-lucha-contra-el-narcomenudeo-con-resultados-contundentes\/#breadcrumb"},"inLanguage":"es","potentialAction":[{"@type":"ReadAction","target":["https:\/\/informelitoral.com.ar\/la-provincia-refuerza-la-lucha-contra-el-narcomenudeo-con-resultados-contundentes\/"]}]},{"@type":"ImageObject","inLanguage":"es","@id":"https:\/\/informelitoral.com.ar\/la-provincia-refuerza-la-lucha-contra-el-narcomenudeo-con-resultados-contundentes\/#primaryimage","url":"https:\/\/informelitoral.com.ar\/%77%70%2d%63%6f%6e%74%65%6e%74\/uploads\/2025\/07\/PORTADA-.jpg","contentUrl":"https:\/\/informelitoral.com.ar\/%77%70%2d%63%6f%6e%74%65%6e%74\/uploads\/2025\/07\/PORTADA-.jpg","width":1920,"height":1280},{"@type":"BreadcrumbList","@id":"https:\/\/informelitoral.com.ar\/la-provincia-refuerza-la-lucha-contra-el-narcomenudeo-con-resultados-contundentes\/#breadcrumb","itemListElement":[{"@type":"ListItem","position":1,"name":"Portada","item":"https:\/\/informelitoral.com.ar\/"},{"@type":"ListItem","position":2,"name":"La provincia refuerza la lucha contra el narcomenudeo con resultados contundentes"}]},{"@type":"WebSite","@id":"https:\/\/informelitoral.com.ar\/#website","url":"https:\/\/informelitoral.com.ar\/","name":"Informe Litoral","description":"&quot;Nos informamos&quot; ","publisher":{"@id":"https:\/\/informelitoral.com.ar\/#organization"},"potentialAction":[{"@type":"SearchAction","target":{"@type":"EntryPoint","urlTemplate":"https:\/\/informelitoral.com.ar\/?s={search_term_string}"},"query-input":{"@type":"PropertyValueSpecification","valueRequired":true,"valueName":"search_term_string"}}],"inLanguage":"es"},{"@type":"Organization","@id":"https:\/\/informelitoral.com.ar\/#organization","name":"Informe Litoral","url":"https:\/\/informelitoral.com.ar\/","logo":{"@type":"ImageObject","inLanguage":"es","@id":"https:\/\/informelitoral.com.ar\/#\/schema\/logo\/image\/","url":"https:\/\/informelitoral.com.ar\/%77%70%2d%63%6f%6e%74%65%6e%74\/uploads\/2021\/01\/circulo.png","contentUrl":"https:\/\/informelitoral.com.ar\/%77%70%2d%63%6f%6e%74%65%6e%74\/uploads\/2021\/01\/circulo.png","width":723,"height":731,"caption":"Informe Litoral"},"image":{"@id":"https:\/\/informelitoral.com.ar\/#\/schema\/logo\/image\/"},"sameAs":["https:\/\/www.facebook.com\/informelitoral\/","https:\/\/x.com\/InformeLitoral","https:\/\/www.instagram.com\/informelitoral\/","https:\/\/www.youtube.com\/channel\/UCua4Qvz8Icb6MYqhoq9xLXw"]},{"@type":"Person","@id":"https:\/\/informelitoral.com.ar\/#\/schema\/person\/f05f9f461677119578717524b127d6d5","name":"Sebastian","image":{"@type":"ImageObject","inLanguage":"es","@id":"https:\/\/secure.gravatar.com\/avatar\/b71bf7481d447dfb9583c7f2798e7cc64de6efb9067b74633ed8c31059a3bd82?s=96&d=mm&r=g","url":"https:\/\/secure.gravatar.com\/avatar\/b71bf7481d447dfb9583c7f2798e7cc64de6efb9067b74633ed8c31059a3bd82?s=96&d=mm&r=g","contentUrl":"https:\/\/secure.gravatar.com\/avatar\/b71bf7481d447dfb9583c7f2798e7cc64de6efb9067b74633ed8c31059a3bd82?s=96&d=mm&r=g","caption":"Sebastian"},"url":"https:\/\/informelitoral.com.ar\/author\/sebastian\/"}]}},"_links":{"self":[{"href":"https:\/\/informelitoral.com.ar\/%77%70%2d%6a%73%6f%6e\/wp\/v2\/posts\/225977","targetHints":{"allow":["GET"]}}],"collection":[{"href":"https:\/\/informelitoral.com.ar\/%77%70%2d%6a%73%6f%6e\/wp\/v2\/posts"}],"about":[{"href":"https:\/\/informelitoral.com.ar\/%77%70%2d%6a%73%6f%6e\/wp\/v2\/types\/post"}],"author":[{"embeddable":true,"href":"https:\/\/informelitoral.com.ar\/%77%70%2d%6a%73%6f%6e\/wp\/v2\/users\/8"}],"replies":[{"embeddable":true,"href":"https:\/\/informelitoral.com.ar\/%77%70%2d%6a%73%6f%6e\/wp\/v2\/comments?post=225977"}],"version-history":[{"count":1,"href":"https:\/\/informelitoral.com.ar\/%77%70%2d%6a%73%6f%6e\/wp\/v2\/posts\/225977\/revisions"}],"predecessor-version":[{"id":225979,"href":"https:\/\/informelitoral.com.ar\/%77%70%2d%6a%73%6f%6e\/wp\/v2\/posts\/225977\/revisions\/225979"}],"wp:featuredmedia":[{"embeddable":true,"href":"https:\/\/informelitoral.com.ar\/%77%70%2d%6a%73%6f%6e\/wp\/v2\/media\/225978"}],"wp:attachment":[{"href":"https:\/\/informelitoral.com.ar\/%77%70%2d%6a%73%6f%6e\/wp\/v2\/media?parent=225977"}],"wp:term":[{"taxonomy":"category","embeddable":true,"href":"https:\/\/informelitoral.com.ar\/%77%70%2d%6a%73%6f%6e\/wp\/v2\/categories?post=225977"},{"taxonomy":"post_tag","embeddable":true,"href":"https:\/\/informelitoral.com.ar\/%77%70%2d%6a%73%6f%6e\/wp\/v2\/tags?post=225977"}],"curies":[{"name":"wp","href":"https:\/\/api.w.org\/{rel}","templated":true}]}}