{"id":225902,"date":"2025-07-02T09:55:59","date_gmt":"2025-07-02T12:55:59","guid":{"rendered":"https:\/\/informelitoral.com.ar\/?p=225902"},"modified":"2025-07-02T09:58:12","modified_gmt":"2025-07-02T12:58:12","slug":"video-completo-padre-salta-al-oceano-para-rescatar-a-su-hija-caida-de-crucero-disney","status":"publish","type":"post","link":"https:\/\/informelitoral.com.ar\/video-completo-padre-salta-al-oceano-para-rescatar-a-su-hija-caida-de-crucero-disney\/","title":{"rendered":"Video completo: padre salta al oc\u00e9ano para rescatar a su hija ca\u00edda de crucero Disney"},"content":{"rendered":"<p>Un padre se lanz\u00f3 al oc\u00e9ano desde un crucero para salvar a su hija, que hab\u00eda ca\u00eddo al agua desde la cuarta cubierta del barco, dando lugar a una operaci\u00f3n de rescate que dur\u00f3 aproximadamente 10 minutos.<\/p>\n<p>El incidente ocurri\u00f3 cuando el crucero Disney Dream, con capacidad para 4.000 personas, regresaba a Fort Lauderdale, Florida, tras un viaje de cuatro d\u00edas por las Bahamas.<\/p>\n<p>Seg\u00fan testigos citados por USA Today, la ni\u00f1a cay\u00f3 al mar mientras su padre le tomaba una foto junto a una baranda. Cuando el padre vio que su hija hab\u00eda ca\u00eddo al mar, inmediatamente se lanz\u00f3 al agua para intentar rescatarla.<\/p>\n<p>Inmediatamente se emiti\u00f3 una alerta de \u201chombre al agua\u201d, y la tripulaci\u00f3n despleg\u00f3 un operativo de rescate.<\/p>\n<div class=\"twitter-tweet twitter-tweet-rendered\"><\/div>\n<p>Medios de Estados Unidos mostraron videos en los que se ve el operativo de rescate y de pasajeros vitoreando el final feliz, mientras el padre y la ni\u00f1a eran rescatados por un bote salvavidas tras, aparentemente, mantenerse a flote durante 10 minutos.<\/p>\n<p>En un comunicado, citado por los medios, Disney Cruise Line confirm\u00f3 el rescate, aunque no ofreci\u00f3 m\u00e1s detalles del suceso ni public\u00f3 informaci\u00f3n adicional en sus redes sociales.<\/p>\n<blockquote class=\"twitter-tweet\">\n<p lang=\"en\" dir=\"ltr\">Wow, total chills watching this rescue of father and daughter after the dad jumped in to save her when she fell overboard off of The Disney Dream cruise ship. Dad of the year right there. <a href=\"https:\/\/t.co\/JzxPdaSTg3\">pic.twitter.com\/JzxPdaSTg3<\/a><\/p>\n<p>&mdash; Jimni38 (@Jimni38) <a href=\"https:\/\/twitter.com\/Jimni38\/status\/1939647384666984691?ref_src=twsrc%5Etfw\">June 30, 2025<\/a><\/p><\/blockquote>\n<p> <script async src=\"https:\/\/platform.twitter.com\/widgets.js\" charset=\"utf-8\"><\/script><\/p>\n","protected":false},"excerpt":{"rendered":"<p>Un dram\u00e1tico incidente a bordo del Disney Dream culmin\u00f3 con un heroico rescate de diez minutos, tras el cual padre e hija fueron salvados de las aguas del Atl\u00e1ntico.<\/p>\n","protected":false},"author":8,"featured_media":225904,"comment_status":"open","ping_status":"open","sticky":false,"template":"","format":"standard","meta":{"fifu_image_url":"https:\/\/elonce-media.elonce.com\/fotos\/2025\/07\/02\/l_1751454469_59017.webp","fifu_image_alt":"","footnotes":""},"categories":[9],"tags":[801,5833,4160],"class_list":{"0":"post-225902","1":"post","2":"type-post","3":"status-publish","4":"format-standard","5":"has-post-thumbnail","7":"category-sociedad","8":"tag-accidente","9":"tag-crucero","10":"tag-disney"},"yoast_head":"<title>Video completo: padre salta al oc\u00e9ano para rescatar a su hija ca\u00edda de crucero Disney - Informe Litoral<\/title>\n<meta name=\"robots\" content=\"index, follow, max-snippet:-1, max-image-preview:large, max-video-preview:-1\" \/>\n<link rel=\"canonical\" href=\"https:\/\/informelitoral.com.ar\/video-completo-padre-salta-al-oceano-para-rescatar-a-su-hija-caida-de-crucero-disney\/\" \/>\n<meta property=\"og:locale\" content=\"es_ES\" \/>\n<meta property=\"og:type\" content=\"article\" \/>\n<meta property=\"og:title\" content=\"Video completo: padre salta al oc\u00e9ano para rescatar a su hija ca\u00edda de crucero Disney - Informe Litoral\" \/>\n<meta property=\"og:description\" content=\"Un dram\u00e1tico incidente a bordo del Disney Dream culmin\u00f3 con un heroico rescate de diez minutos, tras el cual padre e hija fueron salvados de las aguas del Atl\u00e1ntico.\" \/>\n<meta property=\"og:url\" content=\"https:\/\/informelitoral.com.ar\/video-completo-padre-salta-al-oceano-para-rescatar-a-su-hija-caida-de-crucero-disney\/\" \/>\n<meta property=\"og:site_name\" content=\"Informe Litoral\" \/>\n<meta property=\"article:publisher\" content=\"https:\/\/www.facebook.com\/informelitoral\/\" \/>\n<meta property=\"article:published_time\" content=\"2025-07-02T12:55:59+00:00\" \/>\n<meta property=\"article:modified_time\" content=\"2025-07-02T12:58:12+00:00\" \/>\n<meta property=\"og:image\" content=\"https:\/\/elonce-media.elonce.com\/fotos\/2025\/07\/02\/l_1751454469_59017.webp\" \/><meta property=\"og:image\" content=\"https:\/\/elonce-media.elonce.com\/fotos\/2025\/07\/02\/l_1751454469_59017.webp\" \/>\n\t<meta property=\"og:image:width\" content=\"1200\" \/>\n\t<meta property=\"og:image:height\" content=\"800\" \/>\n\t<meta property=\"og:image:type\" content=\"image\/jpeg\" \/>\n<meta name=\"author\" content=\"Sebastian\" \/>\n<meta name=\"twitter:card\" content=\"summary_large_image\" \/>\n<meta name=\"twitter:image\" content=\"https:\/\/elonce-media.elonce.com\/fotos\/2025\/07\/02\/l_1751454469_59017.webp\" \/>\n<meta name=\"twitter:creator\" content=\"@InformeLitoral\" \/>\n<meta name=\"twitter:site\" content=\"@InformeLitoral\" \/>\n<meta name=\"twitter:label1\" content=\"Escrito por\" \/>\n\t<meta name=\"twitter:data1\" content=\"Sebastian\" \/>\n\t<meta name=\"twitter:label2\" content=\"Tiempo de lectura\" \/>\n\t<meta name=\"twitter:data2\" content=\"2 minutos\" \/>\n<script type=\"application\/ld+json\" class=\"yoast-schema-graph\">{\"@context\":\"https:\\\/\\\/schema.org\",\"@graph\":[{\"@type\":\"Article\",\"@id\":\"https:\\\/\\\/informelitoral.com.ar\\\/video-completo-padre-salta-al-oceano-para-rescatar-a-su-hija-caida-de-crucero-disney\\\/#article\",\"isPartOf\":{\"@id\":\"https:\\\/\\\/informelitoral.com.ar\\\/video-completo-padre-salta-al-oceano-para-rescatar-a-su-hija-caida-de-crucero-disney\\\/\"},\"author\":{\"name\":\"Sebastian\",\"@id\":\"https:\\\/\\\/informelitoral.com.ar\\\/#\\\/schema\\\/person\\\/f05f9f461677119578717524b127d6d5\"},\"headline\":\"Video completo: padre salta al oc\u00e9ano para rescatar a su hija ca\u00edda de crucero Disney\",\"datePublished\":\"2025-07-02T12:55:59+00:00\",\"dateModified\":\"2025-07-02T12:58:12+00:00\",\"mainEntityOfPage\":{\"@id\":\"https:\\\/\\\/informelitoral.com.ar\\\/video-completo-padre-salta-al-oceano-para-rescatar-a-su-hija-caida-de-crucero-disney\\\/\"},\"wordCount\":262,\"commentCount\":0,\"publisher\":{\"@id\":\"https:\\\/\\\/informelitoral.com.ar\\\/#organization\"},\"image\":{\"@id\":\"https:\\\/\\\/informelitoral.com.ar\\\/video-completo-padre-salta-al-oceano-para-rescatar-a-su-hija-caida-de-crucero-disney\\\/#primaryimage\"},\"thumbnailUrl\":\"https:\\\/\\\/elonce-media.elonce.com\\\/fotos\\\/2025\\\/07\\\/02\\\/l_1751454469_59017.webp\",\"keywords\":[\"Accidente\",\"Crucero\",\"Disney\"],\"articleSection\":[\"Sociedad\"],\"inLanguage\":\"es\",\"potentialAction\":[{\"@type\":\"CommentAction\",\"name\":\"Comment\",\"target\":[\"https:\\\/\\\/informelitoral.com.ar\\\/video-completo-padre-salta-al-oceano-para-rescatar-a-su-hija-caida-de-crucero-disney\\\/#respond\"]}]},{\"@type\":\"WebPage\",\"@id\":\"https:\\\/\\\/informelitoral.com.ar\\\/video-completo-padre-salta-al-oceano-para-rescatar-a-su-hija-caida-de-crucero-disney\\\/\",\"url\":\"https:\\\/\\\/informelitoral.com.ar\\\/video-completo-padre-salta-al-oceano-para-rescatar-a-su-hija-caida-de-crucero-disney\\\/\",\"name\":\"Video completo: padre salta al oc\u00e9ano para rescatar a su hija ca\u00edda de crucero Disney - Informe Litoral\",\"isPartOf\":{\"@id\":\"https:\\\/\\\/informelitoral.com.ar\\\/#website\"},\"primaryImageOfPage\":{\"@id\":\"https:\\\/\\\/informelitoral.com.ar\\\/video-completo-padre-salta-al-oceano-para-rescatar-a-su-hija-caida-de-crucero-disney\\\/#primaryimage\"},\"image\":{\"@id\":\"https:\\\/\\\/informelitoral.com.ar\\\/video-completo-padre-salta-al-oceano-para-rescatar-a-su-hija-caida-de-crucero-disney\\\/#primaryimage\"},\"thumbnailUrl\":\"https:\\\/\\\/elonce-media.elonce.com\\\/fotos\\\/2025\\\/07\\\/02\\\/l_1751454469_59017.webp\",\"datePublished\":\"2025-07-02T12:55:59+00:00\",\"dateModified\":\"2025-07-02T12:58:12+00:00\",\"breadcrumb\":{\"@id\":\"https:\\\/\\\/informelitoral.com.ar\\\/video-completo-padre-salta-al-oceano-para-rescatar-a-su-hija-caida-de-crucero-disney\\\/#breadcrumb\"},\"inLanguage\":\"es\",\"potentialAction\":[{\"@type\":\"ReadAction\",\"target\":[\"https:\\\/\\\/informelitoral.com.ar\\\/video-completo-padre-salta-al-oceano-para-rescatar-a-su-hija-caida-de-crucero-disney\\\/\"]}]},{\"@type\":\"ImageObject\",\"inLanguage\":\"es\",\"@id\":\"https:\\\/\\\/informelitoral.com.ar\\\/video-completo-padre-salta-al-oceano-para-rescatar-a-su-hija-caida-de-crucero-disney\\\/#primaryimage\",\"url\":\"https:\\\/\\\/elonce-media.elonce.com\\\/fotos\\\/2025\\\/07\\\/02\\\/l_1751454469_59017.webp\",\"contentUrl\":\"https:\\\/\\\/elonce-media.elonce.com\\\/fotos\\\/2025\\\/07\\\/02\\\/l_1751454469_59017.webp\",\"width\":\"1200\",\"height\":\"800\"},{\"@type\":\"BreadcrumbList\",\"@id\":\"https:\\\/\\\/informelitoral.com.ar\\\/video-completo-padre-salta-al-oceano-para-rescatar-a-su-hija-caida-de-crucero-disney\\\/#breadcrumb\",\"itemListElement\":[{\"@type\":\"ListItem\",\"position\":1,\"name\":\"Portada\",\"item\":\"https:\\\/\\\/informelitoral.com.ar\\\/\"},{\"@type\":\"ListItem\",\"position\":2,\"name\":\"Video completo: padre salta al oc\u00e9ano para rescatar a su hija ca\u00edda de crucero Disney\"}]},{\"@type\":\"WebSite\",\"@id\":\"https:\\\/\\\/informelitoral.com.ar\\\/#website\",\"url\":\"https:\\\/\\\/informelitoral.com.ar\\\/\",\"name\":\"Informe Litoral\",\"description\":\"&quot;Nos informamos&quot; \",\"publisher\":{\"@id\":\"https:\\\/\\\/informelitoral.com.ar\\\/#organization\"},\"potentialAction\":[{\"@type\":\"SearchAction\",\"target\":{\"@type\":\"EntryPoint\",\"urlTemplate\":\"https:\\\/\\\/informelitoral.com.ar\\\/?s={search_term_string}\"},\"query-input\":{\"@type\":\"PropertyValueSpecification\",\"valueRequired\":true,\"valueName\":\"search_term_string\"}}],\"inLanguage\":\"es\"},{\"@type\":\"Organization\",\"@id\":\"https:\\\/\\\/informelitoral.com.ar\\\/#organization\",\"name\":\"Informe Litoral\",\"url\":\"https:\\\/\\\/informelitoral.com.ar\\\/\",\"logo\":{\"@type\":\"ImageObject\",\"inLanguage\":\"es\",\"@id\":\"https:\\\/\\\/informelitoral.com.ar\\\/#\\\/schema\\\/logo\\\/image\\\/\",\"url\":\"https:\\\/\\\/informelitoral.com.ar\\\/%77%70%2d%63%6f%6e%74%65%6e%74\\\/uploads\\\/2021\\\/01\\\/circulo.png\",\"contentUrl\":\"https:\\\/\\\/informelitoral.com.ar\\\/%77%70%2d%63%6f%6e%74%65%6e%74\\\/uploads\\\/2021\\\/01\\\/circulo.png\",\"width\":723,\"height\":731,\"caption\":\"Informe Litoral\"},\"image\":{\"@id\":\"https:\\\/\\\/informelitoral.com.ar\\\/#\\\/schema\\\/logo\\\/image\\\/\"},\"sameAs\":[\"https:\\\/\\\/www.facebook.com\\\/informelitoral\\\/\",\"https:\\\/\\\/x.com\\\/InformeLitoral\",\"https:\\\/\\\/www.instagram.com\\\/informelitoral\\\/\",\"https:\\\/\\\/www.youtube.com\\\/channel\\\/UCua4Qvz8Icb6MYqhoq9xLXw\"]},{\"@type\":\"Person\",\"@id\":\"https:\\\/\\\/informelitoral.com.ar\\\/#\\\/schema\\\/person\\\/f05f9f461677119578717524b127d6d5\",\"name\":\"Sebastian\",\"image\":{\"@type\":\"ImageObject\",\"inLanguage\":\"es\",\"@id\":\"https:\\\/\\\/secure.gravatar.com\\\/avatar\\\/b71bf7481d447dfb9583c7f2798e7cc64de6efb9067b74633ed8c31059a3bd82?s=96&d=mm&r=g\",\"url\":\"https:\\\/\\\/secure.gravatar.com\\\/avatar\\\/b71bf7481d447dfb9583c7f2798e7cc64de6efb9067b74633ed8c31059a3bd82?s=96&d=mm&r=g\",\"contentUrl\":\"https:\\\/\\\/secure.gravatar.com\\\/avatar\\\/b71bf7481d447dfb9583c7f2798e7cc64de6efb9067b74633ed8c31059a3bd82?s=96&d=mm&r=g\",\"caption\":\"Sebastian\"},\"url\":\"https:\\\/\\\/informelitoral.com.ar\\\/author\\\/sebastian\\\/\"}]}<\/script>","yoast_head_json":{"title":"Video completo: padre salta al oc\u00e9ano para rescatar a su hija ca\u00edda de crucero Disney - Informe Litoral","robots":{"index":"index","follow":"follow","max-snippet":"max-snippet:-1","max-image-preview":"max-image-preview:large","max-video-preview":"max-video-preview:-1"},"canonical":"https:\/\/informelitoral.com.ar\/video-completo-padre-salta-al-oceano-para-rescatar-a-su-hija-caida-de-crucero-disney\/","og_locale":"es_ES","og_type":"article","og_title":"Video completo: padre salta al oc\u00e9ano para rescatar a su hija ca\u00edda de crucero Disney - Informe Litoral","og_description":"Un dram\u00e1tico incidente a bordo del Disney Dream culmin\u00f3 con un heroico rescate de diez minutos, tras el cual padre e hija fueron salvados de las aguas del Atl\u00e1ntico.","og_url":"https:\/\/informelitoral.com.ar\/video-completo-padre-salta-al-oceano-para-rescatar-a-su-hija-caida-de-crucero-disney\/","og_site_name":"Informe Litoral","article_publisher":"https:\/\/www.facebook.com\/informelitoral\/","article_published_time":"2025-07-02T12:55:59+00:00","article_modified_time":"2025-07-02T12:58:12+00:00","og_image":[{"url":"https:\/\/elonce-media.elonce.com\/fotos\/2025\/07\/02\/l_1751454469_59017.webp","type":"","width":"","height":""},{"width":1200,"height":800,"url":"https:\/\/elonce-media.elonce.com\/fotos\/2025\/07\/02\/l_1751454469_59017.webp","type":"image\/jpeg"}],"author":"Sebastian","twitter_card":"summary_large_image","twitter_image":"https:\/\/elonce-media.elonce.com\/fotos\/2025\/07\/02\/l_1751454469_59017.webp","twitter_creator":"@InformeLitoral","twitter_site":"@InformeLitoral","twitter_misc":{"Escrito por":"Sebastian","Tiempo de lectura":"2 minutos"},"schema":{"@context":"https:\/\/schema.org","@graph":[{"@type":"Article","@id":"https:\/\/informelitoral.com.ar\/video-completo-padre-salta-al-oceano-para-rescatar-a-su-hija-caida-de-crucero-disney\/#article","isPartOf":{"@id":"https:\/\/informelitoral.com.ar\/video-completo-padre-salta-al-oceano-para-rescatar-a-su-hija-caida-de-crucero-disney\/"},"author":{"name":"Sebastian","@id":"https:\/\/informelitoral.com.ar\/#\/schema\/person\/f05f9f461677119578717524b127d6d5"},"headline":"Video completo: padre salta al oc\u00e9ano para rescatar a su hija ca\u00edda de crucero Disney","datePublished":"2025-07-02T12:55:59+00:00","dateModified":"2025-07-02T12:58:12+00:00","mainEntityOfPage":{"@id":"https:\/\/informelitoral.com.ar\/video-completo-padre-salta-al-oceano-para-rescatar-a-su-hija-caida-de-crucero-disney\/"},"wordCount":262,"commentCount":0,"publisher":{"@id":"https:\/\/informelitoral.com.ar\/#organization"},"image":{"@id":"https:\/\/informelitoral.com.ar\/video-completo-padre-salta-al-oceano-para-rescatar-a-su-hija-caida-de-crucero-disney\/#primaryimage"},"thumbnailUrl":"https:\/\/elonce-media.elonce.com\/fotos\/2025\/07\/02\/l_1751454469_59017.webp","keywords":["Accidente","Crucero","Disney"],"articleSection":["Sociedad"],"inLanguage":"es","potentialAction":[{"@type":"CommentAction","name":"Comment","target":["https:\/\/informelitoral.com.ar\/video-completo-padre-salta-al-oceano-para-rescatar-a-su-hija-caida-de-crucero-disney\/#respond"]}]},{"@type":"WebPage","@id":"https:\/\/informelitoral.com.ar\/video-completo-padre-salta-al-oceano-para-rescatar-a-su-hija-caida-de-crucero-disney\/","url":"https:\/\/informelitoral.com.ar\/video-completo-padre-salta-al-oceano-para-rescatar-a-su-hija-caida-de-crucero-disney\/","name":"Video completo: padre salta al oc\u00e9ano para rescatar a su hija ca\u00edda de crucero Disney - Informe Litoral","isPartOf":{"@id":"https:\/\/informelitoral.com.ar\/#website"},"primaryImageOfPage":{"@id":"https:\/\/informelitoral.com.ar\/video-completo-padre-salta-al-oceano-para-rescatar-a-su-hija-caida-de-crucero-disney\/#primaryimage"},"image":{"@id":"https:\/\/informelitoral.com.ar\/video-completo-padre-salta-al-oceano-para-rescatar-a-su-hija-caida-de-crucero-disney\/#primaryimage"},"thumbnailUrl":"https:\/\/elonce-media.elonce.com\/fotos\/2025\/07\/02\/l_1751454469_59017.webp","datePublished":"2025-07-02T12:55:59+00:00","dateModified":"2025-07-02T12:58:12+00:00","breadcrumb":{"@id":"https:\/\/informelitoral.com.ar\/video-completo-padre-salta-al-oceano-para-rescatar-a-su-hija-caida-de-crucero-disney\/#breadcrumb"},"inLanguage":"es","potentialAction":[{"@type":"ReadAction","target":["https:\/\/informelitoral.com.ar\/video-completo-padre-salta-al-oceano-para-rescatar-a-su-hija-caida-de-crucero-disney\/"]}]},{"@type":"ImageObject","inLanguage":"es","@id":"https:\/\/informelitoral.com.ar\/video-completo-padre-salta-al-oceano-para-rescatar-a-su-hija-caida-de-crucero-disney\/#primaryimage","url":"https:\/\/elonce-media.elonce.com\/fotos\/2025\/07\/02\/l_1751454469_59017.webp","contentUrl":"https:\/\/elonce-media.elonce.com\/fotos\/2025\/07\/02\/l_1751454469_59017.webp","width":"1200","height":"800"},{"@type":"BreadcrumbList","@id":"https:\/\/informelitoral.com.ar\/video-completo-padre-salta-al-oceano-para-rescatar-a-su-hija-caida-de-crucero-disney\/#breadcrumb","itemListElement":[{"@type":"ListItem","position":1,"name":"Portada","item":"https:\/\/informelitoral.com.ar\/"},{"@type":"ListItem","position":2,"name":"Video completo: padre salta al oc\u00e9ano para rescatar a su hija ca\u00edda de crucero Disney"}]},{"@type":"WebSite","@id":"https:\/\/informelitoral.com.ar\/#website","url":"https:\/\/informelitoral.com.ar\/","name":"Informe Litoral","description":"&quot;Nos informamos&quot; ","publisher":{"@id":"https:\/\/informelitoral.com.ar\/#organization"},"potentialAction":[{"@type":"SearchAction","target":{"@type":"EntryPoint","urlTemplate":"https:\/\/informelitoral.com.ar\/?s={search_term_string}"},"query-input":{"@type":"PropertyValueSpecification","valueRequired":true,"valueName":"search_term_string"}}],"inLanguage":"es"},{"@type":"Organization","@id":"https:\/\/informelitoral.com.ar\/#organization","name":"Informe Litoral","url":"https:\/\/informelitoral.com.ar\/","logo":{"@type":"ImageObject","inLanguage":"es","@id":"https:\/\/informelitoral.com.ar\/#\/schema\/logo\/image\/","url":"https:\/\/informelitoral.com.ar\/%77%70%2d%63%6f%6e%74%65%6e%74\/uploads\/2021\/01\/circulo.png","contentUrl":"https:\/\/informelitoral.com.ar\/%77%70%2d%63%6f%6e%74%65%6e%74\/uploads\/2021\/01\/circulo.png","width":723,"height":731,"caption":"Informe Litoral"},"image":{"@id":"https:\/\/informelitoral.com.ar\/#\/schema\/logo\/image\/"},"sameAs":["https:\/\/www.facebook.com\/informelitoral\/","https:\/\/x.com\/InformeLitoral","https:\/\/www.instagram.com\/informelitoral\/","https:\/\/www.youtube.com\/channel\/UCua4Qvz8Icb6MYqhoq9xLXw"]},{"@type":"Person","@id":"https:\/\/informelitoral.com.ar\/#\/schema\/person\/f05f9f461677119578717524b127d6d5","name":"Sebastian","image":{"@type":"ImageObject","inLanguage":"es","@id":"https:\/\/secure.gravatar.com\/avatar\/b71bf7481d447dfb9583c7f2798e7cc64de6efb9067b74633ed8c31059a3bd82?s=96&d=mm&r=g","url":"https:\/\/secure.gravatar.com\/avatar\/b71bf7481d447dfb9583c7f2798e7cc64de6efb9067b74633ed8c31059a3bd82?s=96&d=mm&r=g","contentUrl":"https:\/\/secure.gravatar.com\/avatar\/b71bf7481d447dfb9583c7f2798e7cc64de6efb9067b74633ed8c31059a3bd82?s=96&d=mm&r=g","caption":"Sebastian"},"url":"https:\/\/informelitoral.com.ar\/author\/sebastian\/"}]}},"fifu_image_url":"https:\/\/elonce-media.elonce.com\/fotos\/2025\/07\/02\/l_1751454469_59017.webp","_links":{"self":[{"href":"https:\/\/informelitoral.com.ar\/%77%70%2d%6a%73%6f%6e\/wp\/v2\/posts\/225902","targetHints":{"allow":["GET"]}}],"collection":[{"href":"https:\/\/informelitoral.com.ar\/%77%70%2d%6a%73%6f%6e\/wp\/v2\/posts"}],"about":[{"href":"https:\/\/informelitoral.com.ar\/%77%70%2d%6a%73%6f%6e\/wp\/v2\/types\/post"}],"author":[{"embeddable":true,"href":"https:\/\/informelitoral.com.ar\/%77%70%2d%6a%73%6f%6e\/wp\/v2\/users\/8"}],"replies":[{"embeddable":true,"href":"https:\/\/informelitoral.com.ar\/%77%70%2d%6a%73%6f%6e\/wp\/v2\/comments?post=225902"}],"version-history":[{"count":2,"href":"https:\/\/informelitoral.com.ar\/%77%70%2d%6a%73%6f%6e\/wp\/v2\/posts\/225902\/revisions"}],"predecessor-version":[{"id":225906,"href":"https:\/\/informelitoral.com.ar\/%77%70%2d%6a%73%6f%6e\/wp\/v2\/posts\/225902\/revisions\/225906"}],"wp:featuredmedia":[{"embeddable":true,"href":"https:\/\/informelitoral.com.ar\/%77%70%2d%6a%73%6f%6e\/wp\/v2\/media\/225904"}],"wp:attachment":[{"href":"https:\/\/informelitoral.com.ar\/%77%70%2d%6a%73%6f%6e\/wp\/v2\/media?parent=225902"}],"wp:term":[{"taxonomy":"category","embeddable":true,"href":"https:\/\/informelitoral.com.ar\/%77%70%2d%6a%73%6f%6e\/wp\/v2\/categories?post=225902"},{"taxonomy":"post_tag","embeddable":true,"href":"https:\/\/informelitoral.com.ar\/%77%70%2d%6a%73%6f%6e\/wp\/v2\/tags?post=225902"}],"curies":[{"name":"wp","href":"https:\/\/api.w.org\/{rel}","templated":true}]}}