{"id":225894,"date":"2025-07-02T09:24:41","date_gmt":"2025-07-02T12:24:41","guid":{"rendered":"https:\/\/informelitoral.com.ar\/?p=225894"},"modified":"2025-07-02T22:01:04","modified_gmt":"2025-07-03T01:01:04","slug":"alarma-en-provincias-por-caida-real-en-coparticipacion-pura-a-pesar-del-aumento-general-de-recursos","status":"publish","type":"post","link":"https:\/\/informelitoral.com.ar\/alarma-en-provincias-por-caida-real-en-coparticipacion-pura-a-pesar-del-aumento-general-de-recursos\/","title":{"rendered":"Alarma en provincias por ca\u00edda real en coparticipaci\u00f3n \u00abPura\u00bb a pesar del aumento general de recursos"},"content":{"rendered":"<p>Los\u00a0<strong>recursos totales que perciben las provincias\u00a0<\/strong>en el marco de la coparticipaci\u00f3n de impuestos y leyes especiales<strong>\u00a0subieron en junio 6,5% respecto de igual mes del a\u00f1o pasado, en t\u00e9rminos reales.<\/strong>\u00a0Pero el dinero que corresponde exclusivamente al Impuesto a las Ganancias y al IVA, los principales tributos coparticipables, disminuy\u00f3.<\/p>\n<p>As\u00ed lo destaca en un<strong>\u00a0reporte la consultora Politikon Chaco<\/strong>. El mes pasado las transferencias autom\u00e1ticas de recursos de origen nacional \u201ctotalizaron $ 5,43 billones presentando una suba en t\u00e9rminos reales del 6,5% respecto a igual mes del 2024; aunque contra el mes previo mostraron una contracci\u00f3n del 4,3% real\u201d, dice el reporte.<\/p>\n<p>En realidad, los env\u00edos de lo que se conoce como c<strong>oparticipaci\u00f3n pura, que solo incluye a lo producido por el Impuesto a las Ganancias y el IVA, bajaron 5,2% real<\/strong>. Lo que despierta una alarma entre los gobernadores de las provincias es que se trata de la segunda ca\u00edda consecutiva.<\/p>\n<p><strong>\u201cDicho descenso se explica por las mermas en el impuesto a las Ganancias (19,8% real), de los Impuestos Internos (4,5%)\u00a0<\/strong>y de Otros Coparticipados (38,4%)\u201d, indica Politikon Chaco. Por su parte, seg\u00fan detalla el reporte \u201cel IVA present\u00f3 una suba del 6,8% real que no logr\u00f3 compensar las bajas de los otros conceptos\u201d.<\/p>\n<figure class=\"wp-block-image size-full\"><img loading=\"lazy\" decoding=\"async\" class=\"wp-image-86782 lazyautosizes ls-is-cached lazyloaded\" src=\"https:\/\/i0.wp.com\/ahora.com.ar\/%77%70%2d%63%6f%6e%74%65%6e%74\/uploads\/2025\/07\/image-5.jpg?resize=696%2C307&amp;quality=89&amp;ssl=1\" sizes=\"auto, 696px\" srcset=\"https:\/\/i0.wp.com\/ahora.com.ar\/%77%70%2d%63%6f%6e%74%65%6e%74\/uploads\/2025\/07\/image-5.jpg?w=730&amp;quality=89&amp;ssl=1 730w, https:\/\/i0.wp.com\/ahora.com.ar\/%77%70%2d%63%6f%6e%74%65%6e%74\/uploads\/2025\/07\/image-5.jpg?resize=300%2C132&amp;quality=89&amp;ssl=1 300w, https:\/\/i0.wp.com\/ahora.com.ar\/%77%70%2d%63%6f%6e%74%65%6e%74\/uploads\/2025\/07\/image-5.jpg?resize=150%2C66&amp;quality=89&amp;ssl=1 150w, https:\/\/i0.wp.com\/ahora.com.ar\/%77%70%2d%63%6f%6e%74%65%6e%74\/uploads\/2025\/07\/image-5.jpg?resize=696%2C307&amp;quality=89&amp;ssl=1 696w\" alt=\"\" width=\"696\" height=\"307\" data-recalc-dims=\"1\" data-src=\"https:\/\/i0.wp.com\/ahora.com.ar\/%77%70%2d%63%6f%6e%74%65%6e%74\/uploads\/2025\/07\/image-5.jpg?resize=696%2C307&amp;quality=89&amp;ssl=1\" data-srcset=\"https:\/\/i0.wp.com\/ahora.com.ar\/%77%70%2d%63%6f%6e%74%65%6e%74\/uploads\/2025\/07\/image-5.jpg?w=730&amp;quality=89&amp;ssl=1 730w, https:\/\/i0.wp.com\/ahora.com.ar\/%77%70%2d%63%6f%6e%74%65%6e%74\/uploads\/2025\/07\/image-5.jpg?resize=300%2C132&amp;quality=89&amp;ssl=1 300w, https:\/\/i0.wp.com\/ahora.com.ar\/%77%70%2d%63%6f%6e%74%65%6e%74\/uploads\/2025\/07\/image-5.jpg?resize=150%2C66&amp;quality=89&amp;ssl=1 150w, https:\/\/i0.wp.com\/ahora.com.ar\/%77%70%2d%63%6f%6e%74%65%6e%74\/uploads\/2025\/07\/image-5.jpg?resize=696%2C307&amp;quality=89&amp;ssl=1 696w\" data-sizes=\"auto\" data-eio-rwidth=\"696\" data-eio-rheight=\"307\" \/><\/figure>\n<p>En cuanto al resto de los componentes que se reparten con las provincias y la Ciudad de Buenos Aires, es donde se da vuelta la ecuaci\u00f3n.<\/p>\n<p>En lo relacionado con\u00a0<strong>Reg\u00edmenes y Leyes Especiales totalizaron en $850.537 millones (16% del total) y mostraron una expansi\u00f3n real del 123,6% interanual.\u00a0<\/strong>Eso se explica por incrementos en el impuesto a los Bienes Personales (160,4%), IVA de la Seguridad Social (6,9%), impuesto a los Combustibles L\u00edquidos (36,5%), R\u00e9gimen de Energ\u00eda El\u00e9ctrica (63,4%) y Monotributo (202,9%).<\/p>\n<p>Por otro lado, los recursos por Compensaci\u00f3n del\u00a0<strong>Consenso Fiscal \u2013 CCF totalizaron $190.104 millones (<\/strong>4% del total) mostrando una suba d<strong>el 117,8% real interanual.<\/strong><\/p>\n<h2 class=\"wp-block-heading\"><strong>La pol\u00e9mica con los gobernadores<\/strong><\/h2>\n<p>Los mandatarios provinciales<strong>\u00a0comprenden que los meses que vienen pueden ser de baja recaudaci\u00f3n, al tiempo que buscan evitar seguir el camino del gobierno nacional en cuanto a la profundizaci\u00f3n del ajuste<\/strong>. De hecho, en 2024 las provincias recortaron un 20% sus gastos. Este a\u00f1o reclaman que el fondo con el que se financian los\u00a0<strong>Aportes del Tesoro Nacional (ATN) se distribuya totalmente.<\/strong><\/p>\n<p>E<strong>l fondo se arma con el 1% de la recaudaci\u00f3n de impuestos coparticipables<\/strong>, y el gobierno nacional los puede gastar de manera arbitraria. Este a\u00f1o el fondo lleva juntados unos $300.000 millones.<\/p>\n<p><strong>\u201cLos remanentes del fondo ATN sin ejecutar para el per\u00edodo 2017-2024, medido a precios constantes de mayo 2025, alcanzan los $ 4,3 billones.\u00a0<\/strong>Ahora bien, si se consideran solamente los remanentes durante la actual gesti\u00f3n de gobierno, totalizan $ 1,2 billones a precios actuales: $ 0,9 billones del 2024 y $ 0,3 billones del parcial 2025\u201d, explica Politikon Chaco.<\/p>\n","protected":false},"excerpt":{"rendered":"<p>Si bien las transferencias totales a las provincias crecieron en junio, los fondos provenientes de Ganancias y el IVA, la coparticipaci\u00f3n \u00abpura\u00bb, registraron una preocupante baja por segundo mes consecutivo, generando tensi\u00f3n con los gobernadores.<\/p>\n","protected":false},"author":8,"featured_media":225895,"comment_status":"open","ping_status":"open","sticky":false,"template":"","format":"standard","meta":{"fifu_image_url":"https:\/\/i0.wp.com\/ahora.com.ar\/wp-content\/uploads\/2025\/06\/gobernadores.jpg?resize=696%2C392&quality=89&ssl=1","fifu_image_alt":"","footnotes":""},"categories":[16],"tags":[5837,5807],"class_list":{"0":"post-225894","1":"post","2":"type-post","3":"status-publish","4":"format-standard","5":"has-post-thumbnail","7":"category-politi","8":"tag-coparticipacion","9":"tag-provincias"},"yoast_head":"<title>Alarma en provincias por ca\u00edda real en coparticipaci\u00f3n &quot;Pura&quot; a pesar del aumento general de recursos - Informe Litoral<\/title>\n<meta name=\"robots\" content=\"index, follow, max-snippet:-1, max-image-preview:large, max-video-preview:-1\" \/>\n<link rel=\"canonical\" href=\"https:\/\/informelitoral.com.ar\/alarma-en-provincias-por-caida-real-en-coparticipacion-pura-a-pesar-del-aumento-general-de-recursos\/\" \/>\n<meta property=\"og:locale\" content=\"es_ES\" \/>\n<meta property=\"og:type\" content=\"article\" \/>\n<meta property=\"og:title\" content=\"Alarma en provincias por ca\u00edda real en coparticipaci\u00f3n &quot;Pura&quot; a pesar del aumento general de recursos - Informe Litoral\" \/>\n<meta property=\"og:description\" content=\"Si bien las transferencias totales a las provincias crecieron en junio, los fondos provenientes de Ganancias y el IVA, la coparticipaci\u00f3n &quot;pura&quot;, registraron una preocupante baja por segundo mes consecutivo, generando tensi\u00f3n con los gobernadores.\" \/>\n<meta property=\"og:url\" content=\"https:\/\/informelitoral.com.ar\/alarma-en-provincias-por-caida-real-en-coparticipacion-pura-a-pesar-del-aumento-general-de-recursos\/\" \/>\n<meta property=\"og:site_name\" content=\"Informe Litoral\" \/>\n<meta property=\"article:publisher\" content=\"https:\/\/www.facebook.com\/informelitoral\/\" \/>\n<meta property=\"article:published_time\" content=\"2025-07-02T12:24:41+00:00\" \/>\n<meta property=\"article:modified_time\" content=\"2025-07-03T01:01:04+00:00\" \/>\n<meta property=\"og:image\" content=\"https:\/\/i0.wp.com\/ahora.com.ar\/%77%70%2d%63%6f%6e%74%65%6e%74\/uploads\/2025\/06\/gobernadores.jpg?resize=696%2C392&quality=89&ssl=1\" \/>\n<meta name=\"author\" content=\"Sebastian\" \/>\n<meta name=\"twitter:card\" content=\"summary_large_image\" \/>\n<meta name=\"twitter:image\" content=\"https:\/\/i0.wp.com\/ahora.com.ar\/%77%70%2d%63%6f%6e%74%65%6e%74\/uploads\/2025\/06\/gobernadores.jpg?resize=696%2C392&quality=89&ssl=1\" \/>\n<meta name=\"twitter:creator\" content=\"@InformeLitoral\" \/>\n<meta name=\"twitter:site\" content=\"@InformeLitoral\" \/>\n<meta name=\"twitter:label1\" content=\"Escrito por\" \/>\n\t<meta name=\"twitter:data1\" content=\"Sebastian\" \/>\n\t<meta name=\"twitter:label2\" content=\"Tiempo de lectura\" \/>\n\t<meta name=\"twitter:data2\" content=\"3 minutos\" \/>\n<script type=\"application\/ld+json\" class=\"yoast-schema-graph\">{\"@context\":\"https:\\\/\\\/schema.org\",\"@graph\":[{\"@type\":\"Article\",\"@id\":\"https:\\\/\\\/informelitoral.com.ar\\\/alarma-en-provincias-por-caida-real-en-coparticipacion-pura-a-pesar-del-aumento-general-de-recursos\\\/#article\",\"isPartOf\":{\"@id\":\"https:\\\/\\\/informelitoral.com.ar\\\/alarma-en-provincias-por-caida-real-en-coparticipacion-pura-a-pesar-del-aumento-general-de-recursos\\\/\"},\"author\":{\"name\":\"Sebastian\",\"@id\":\"https:\\\/\\\/informelitoral.com.ar\\\/#\\\/schema\\\/person\\\/f05f9f461677119578717524b127d6d5\"},\"headline\":\"Alarma en provincias por ca\u00edda real en coparticipaci\u00f3n \u00abPura\u00bb a pesar del aumento general de recursos\",\"datePublished\":\"2025-07-02T12:24:41+00:00\",\"dateModified\":\"2025-07-03T01:01:04+00:00\",\"mainEntityOfPage\":{\"@id\":\"https:\\\/\\\/informelitoral.com.ar\\\/alarma-en-provincias-por-caida-real-en-coparticipacion-pura-a-pesar-del-aumento-general-de-recursos\\\/\"},\"wordCount\":479,\"commentCount\":0,\"publisher\":{\"@id\":\"https:\\\/\\\/informelitoral.com.ar\\\/#organization\"},\"image\":{\"@id\":\"https:\\\/\\\/informelitoral.com.ar\\\/alarma-en-provincias-por-caida-real-en-coparticipacion-pura-a-pesar-del-aumento-general-de-recursos\\\/#primaryimage\"},\"thumbnailUrl\":\"https:\\\/\\\/i0.wp.com\\\/ahora.com.ar\\\/%77%70%2d%63%6f%6e%74%65%6e%74\\\/uploads\\\/2025\\\/06\\\/gobernadores.jpg?resize=696%2C392&quality=89&ssl=1\",\"keywords\":[\"Coparticipaci\u00f3n\",\"Provincias\"],\"articleSection\":[\"Politica\"],\"inLanguage\":\"es\",\"potentialAction\":[{\"@type\":\"CommentAction\",\"name\":\"Comment\",\"target\":[\"https:\\\/\\\/informelitoral.com.ar\\\/alarma-en-provincias-por-caida-real-en-coparticipacion-pura-a-pesar-del-aumento-general-de-recursos\\\/#respond\"]}]},{\"@type\":\"WebPage\",\"@id\":\"https:\\\/\\\/informelitoral.com.ar\\\/alarma-en-provincias-por-caida-real-en-coparticipacion-pura-a-pesar-del-aumento-general-de-recursos\\\/\",\"url\":\"https:\\\/\\\/informelitoral.com.ar\\\/alarma-en-provincias-por-caida-real-en-coparticipacion-pura-a-pesar-del-aumento-general-de-recursos\\\/\",\"name\":\"Alarma en provincias por ca\u00edda real en coparticipaci\u00f3n \\\"Pura\\\" a pesar del aumento general de recursos - Informe Litoral\",\"isPartOf\":{\"@id\":\"https:\\\/\\\/informelitoral.com.ar\\\/#website\"},\"primaryImageOfPage\":{\"@id\":\"https:\\\/\\\/informelitoral.com.ar\\\/alarma-en-provincias-por-caida-real-en-coparticipacion-pura-a-pesar-del-aumento-general-de-recursos\\\/#primaryimage\"},\"image\":{\"@id\":\"https:\\\/\\\/informelitoral.com.ar\\\/alarma-en-provincias-por-caida-real-en-coparticipacion-pura-a-pesar-del-aumento-general-de-recursos\\\/#primaryimage\"},\"thumbnailUrl\":\"https:\\\/\\\/i0.wp.com\\\/ahora.com.ar\\\/%77%70%2d%63%6f%6e%74%65%6e%74\\\/uploads\\\/2025\\\/06\\\/gobernadores.jpg?resize=696%2C392&quality=89&ssl=1\",\"datePublished\":\"2025-07-02T12:24:41+00:00\",\"dateModified\":\"2025-07-03T01:01:04+00:00\",\"breadcrumb\":{\"@id\":\"https:\\\/\\\/informelitoral.com.ar\\\/alarma-en-provincias-por-caida-real-en-coparticipacion-pura-a-pesar-del-aumento-general-de-recursos\\\/#breadcrumb\"},\"inLanguage\":\"es\",\"potentialAction\":[{\"@type\":\"ReadAction\",\"target\":[\"https:\\\/\\\/informelitoral.com.ar\\\/alarma-en-provincias-por-caida-real-en-coparticipacion-pura-a-pesar-del-aumento-general-de-recursos\\\/\"]}]},{\"@type\":\"ImageObject\",\"inLanguage\":\"es\",\"@id\":\"https:\\\/\\\/informelitoral.com.ar\\\/alarma-en-provincias-por-caida-real-en-coparticipacion-pura-a-pesar-del-aumento-general-de-recursos\\\/#primaryimage\",\"url\":\"https:\\\/\\\/i0.wp.com\\\/ahora.com.ar\\\/%77%70%2d%63%6f%6e%74%65%6e%74\\\/uploads\\\/2025\\\/06\\\/gobernadores.jpg?resize=696%2C392&quality=89&ssl=1\",\"contentUrl\":\"https:\\\/\\\/i0.wp.com\\\/ahora.com.ar\\\/%77%70%2d%63%6f%6e%74%65%6e%74\\\/uploads\\\/2025\\\/06\\\/gobernadores.jpg?resize=696%2C392&quality=89&ssl=1\",\"width\":\"696\",\"height\":\"392\"},{\"@type\":\"BreadcrumbList\",\"@id\":\"https:\\\/\\\/informelitoral.com.ar\\\/alarma-en-provincias-por-caida-real-en-coparticipacion-pura-a-pesar-del-aumento-general-de-recursos\\\/#breadcrumb\",\"itemListElement\":[{\"@type\":\"ListItem\",\"position\":1,\"name\":\"Portada\",\"item\":\"https:\\\/\\\/informelitoral.com.ar\\\/\"},{\"@type\":\"ListItem\",\"position\":2,\"name\":\"Alarma en provincias por ca\u00edda real en coparticipaci\u00f3n \u00abPura\u00bb a pesar del aumento general de recursos\"}]},{\"@type\":\"WebSite\",\"@id\":\"https:\\\/\\\/informelitoral.com.ar\\\/#website\",\"url\":\"https:\\\/\\\/informelitoral.com.ar\\\/\",\"name\":\"Informe Litoral\",\"description\":\"&quot;Nos informamos&quot; \",\"publisher\":{\"@id\":\"https:\\\/\\\/informelitoral.com.ar\\\/#organization\"},\"potentialAction\":[{\"@type\":\"SearchAction\",\"target\":{\"@type\":\"EntryPoint\",\"urlTemplate\":\"https:\\\/\\\/informelitoral.com.ar\\\/?s={search_term_string}\"},\"query-input\":{\"@type\":\"PropertyValueSpecification\",\"valueRequired\":true,\"valueName\":\"search_term_string\"}}],\"inLanguage\":\"es\"},{\"@type\":\"Organization\",\"@id\":\"https:\\\/\\\/informelitoral.com.ar\\\/#organization\",\"name\":\"Informe Litoral\",\"url\":\"https:\\\/\\\/informelitoral.com.ar\\\/\",\"logo\":{\"@type\":\"ImageObject\",\"inLanguage\":\"es\",\"@id\":\"https:\\\/\\\/informelitoral.com.ar\\\/#\\\/schema\\\/logo\\\/image\\\/\",\"url\":\"https:\\\/\\\/informelitoral.com.ar\\\/%77%70%2d%63%6f%6e%74%65%6e%74\\\/uploads\\\/2021\\\/01\\\/circulo.png\",\"contentUrl\":\"https:\\\/\\\/informelitoral.com.ar\\\/%77%70%2d%63%6f%6e%74%65%6e%74\\\/uploads\\\/2021\\\/01\\\/circulo.png\",\"width\":723,\"height\":731,\"caption\":\"Informe Litoral\"},\"image\":{\"@id\":\"https:\\\/\\\/informelitoral.com.ar\\\/#\\\/schema\\\/logo\\\/image\\\/\"},\"sameAs\":[\"https:\\\/\\\/www.facebook.com\\\/informelitoral\\\/\",\"https:\\\/\\\/x.com\\\/InformeLitoral\",\"https:\\\/\\\/www.instagram.com\\\/informelitoral\\\/\",\"https:\\\/\\\/www.youtube.com\\\/channel\\\/UCua4Qvz8Icb6MYqhoq9xLXw\"]},{\"@type\":\"Person\",\"@id\":\"https:\\\/\\\/informelitoral.com.ar\\\/#\\\/schema\\\/person\\\/f05f9f461677119578717524b127d6d5\",\"name\":\"Sebastian\",\"image\":{\"@type\":\"ImageObject\",\"inLanguage\":\"es\",\"@id\":\"https:\\\/\\\/secure.gravatar.com\\\/avatar\\\/b71bf7481d447dfb9583c7f2798e7cc64de6efb9067b74633ed8c31059a3bd82?s=96&d=mm&r=g\",\"url\":\"https:\\\/\\\/secure.gravatar.com\\\/avatar\\\/b71bf7481d447dfb9583c7f2798e7cc64de6efb9067b74633ed8c31059a3bd82?s=96&d=mm&r=g\",\"contentUrl\":\"https:\\\/\\\/secure.gravatar.com\\\/avatar\\\/b71bf7481d447dfb9583c7f2798e7cc64de6efb9067b74633ed8c31059a3bd82?s=96&d=mm&r=g\",\"caption\":\"Sebastian\"},\"url\":\"https:\\\/\\\/informelitoral.com.ar\\\/author\\\/sebastian\\\/\"}]}<\/script>","yoast_head_json":{"title":"Alarma en provincias por ca\u00edda real en coparticipaci\u00f3n \"Pura\" a pesar del aumento general de recursos - Informe Litoral","robots":{"index":"index","follow":"follow","max-snippet":"max-snippet:-1","max-image-preview":"max-image-preview:large","max-video-preview":"max-video-preview:-1"},"canonical":"https:\/\/informelitoral.com.ar\/alarma-en-provincias-por-caida-real-en-coparticipacion-pura-a-pesar-del-aumento-general-de-recursos\/","og_locale":"es_ES","og_type":"article","og_title":"Alarma en provincias por ca\u00edda real en coparticipaci\u00f3n \"Pura\" a pesar del aumento general de recursos - Informe Litoral","og_description":"Si bien las transferencias totales a las provincias crecieron en junio, los fondos provenientes de Ganancias y el IVA, la coparticipaci\u00f3n \"pura\", registraron una preocupante baja por segundo mes consecutivo, generando tensi\u00f3n con los gobernadores.","og_url":"https:\/\/informelitoral.com.ar\/alarma-en-provincias-por-caida-real-en-coparticipacion-pura-a-pesar-del-aumento-general-de-recursos\/","og_site_name":"Informe Litoral","article_publisher":"https:\/\/www.facebook.com\/informelitoral\/","article_published_time":"2025-07-02T12:24:41+00:00","article_modified_time":"2025-07-03T01:01:04+00:00","og_image":[{"url":"https:\/\/i0.wp.com\/ahora.com.ar\/wp-content\/uploads\/2025\/06\/gobernadores.jpg?resize=696%2C392&quality=89&ssl=1","type":"","width":"","height":""}],"author":"Sebastian","twitter_card":"summary_large_image","twitter_image":"https:\/\/i0.wp.com\/ahora.com.ar\/wp-content\/uploads\/2025\/06\/gobernadores.jpg?resize=696%2C392&quality=89&ssl=1","twitter_creator":"@InformeLitoral","twitter_site":"@InformeLitoral","twitter_misc":{"Escrito por":"Sebastian","Tiempo de lectura":"3 minutos"},"schema":{"@context":"https:\/\/schema.org","@graph":[{"@type":"Article","@id":"https:\/\/informelitoral.com.ar\/alarma-en-provincias-por-caida-real-en-coparticipacion-pura-a-pesar-del-aumento-general-de-recursos\/#article","isPartOf":{"@id":"https:\/\/informelitoral.com.ar\/alarma-en-provincias-por-caida-real-en-coparticipacion-pura-a-pesar-del-aumento-general-de-recursos\/"},"author":{"name":"Sebastian","@id":"https:\/\/informelitoral.com.ar\/#\/schema\/person\/f05f9f461677119578717524b127d6d5"},"headline":"Alarma en provincias por ca\u00edda real en coparticipaci\u00f3n \u00abPura\u00bb a pesar del aumento general de recursos","datePublished":"2025-07-02T12:24:41+00:00","dateModified":"2025-07-03T01:01:04+00:00","mainEntityOfPage":{"@id":"https:\/\/informelitoral.com.ar\/alarma-en-provincias-por-caida-real-en-coparticipacion-pura-a-pesar-del-aumento-general-de-recursos\/"},"wordCount":479,"commentCount":0,"publisher":{"@id":"https:\/\/informelitoral.com.ar\/#organization"},"image":{"@id":"https:\/\/informelitoral.com.ar\/alarma-en-provincias-por-caida-real-en-coparticipacion-pura-a-pesar-del-aumento-general-de-recursos\/#primaryimage"},"thumbnailUrl":"https:\/\/i0.wp.com\/ahora.com.ar\/%77%70%2d%63%6f%6e%74%65%6e%74\/uploads\/2025\/06\/gobernadores.jpg?resize=696%2C392&quality=89&ssl=1","keywords":["Coparticipaci\u00f3n","Provincias"],"articleSection":["Politica"],"inLanguage":"es","potentialAction":[{"@type":"CommentAction","name":"Comment","target":["https:\/\/informelitoral.com.ar\/alarma-en-provincias-por-caida-real-en-coparticipacion-pura-a-pesar-del-aumento-general-de-recursos\/#respond"]}]},{"@type":"WebPage","@id":"https:\/\/informelitoral.com.ar\/alarma-en-provincias-por-caida-real-en-coparticipacion-pura-a-pesar-del-aumento-general-de-recursos\/","url":"https:\/\/informelitoral.com.ar\/alarma-en-provincias-por-caida-real-en-coparticipacion-pura-a-pesar-del-aumento-general-de-recursos\/","name":"Alarma en provincias por ca\u00edda real en coparticipaci\u00f3n \"Pura\" a pesar del aumento general de recursos - Informe Litoral","isPartOf":{"@id":"https:\/\/informelitoral.com.ar\/#website"},"primaryImageOfPage":{"@id":"https:\/\/informelitoral.com.ar\/alarma-en-provincias-por-caida-real-en-coparticipacion-pura-a-pesar-del-aumento-general-de-recursos\/#primaryimage"},"image":{"@id":"https:\/\/informelitoral.com.ar\/alarma-en-provincias-por-caida-real-en-coparticipacion-pura-a-pesar-del-aumento-general-de-recursos\/#primaryimage"},"thumbnailUrl":"https:\/\/i0.wp.com\/ahora.com.ar\/%77%70%2d%63%6f%6e%74%65%6e%74\/uploads\/2025\/06\/gobernadores.jpg?resize=696%2C392&quality=89&ssl=1","datePublished":"2025-07-02T12:24:41+00:00","dateModified":"2025-07-03T01:01:04+00:00","breadcrumb":{"@id":"https:\/\/informelitoral.com.ar\/alarma-en-provincias-por-caida-real-en-coparticipacion-pura-a-pesar-del-aumento-general-de-recursos\/#breadcrumb"},"inLanguage":"es","potentialAction":[{"@type":"ReadAction","target":["https:\/\/informelitoral.com.ar\/alarma-en-provincias-por-caida-real-en-coparticipacion-pura-a-pesar-del-aumento-general-de-recursos\/"]}]},{"@type":"ImageObject","inLanguage":"es","@id":"https:\/\/informelitoral.com.ar\/alarma-en-provincias-por-caida-real-en-coparticipacion-pura-a-pesar-del-aumento-general-de-recursos\/#primaryimage","url":"https:\/\/i0.wp.com\/ahora.com.ar\/%77%70%2d%63%6f%6e%74%65%6e%74\/uploads\/2025\/06\/gobernadores.jpg?resize=696%2C392&quality=89&ssl=1","contentUrl":"https:\/\/i0.wp.com\/ahora.com.ar\/%77%70%2d%63%6f%6e%74%65%6e%74\/uploads\/2025\/06\/gobernadores.jpg?resize=696%2C392&quality=89&ssl=1","width":"696","height":"392"},{"@type":"BreadcrumbList","@id":"https:\/\/informelitoral.com.ar\/alarma-en-provincias-por-caida-real-en-coparticipacion-pura-a-pesar-del-aumento-general-de-recursos\/#breadcrumb","itemListElement":[{"@type":"ListItem","position":1,"name":"Portada","item":"https:\/\/informelitoral.com.ar\/"},{"@type":"ListItem","position":2,"name":"Alarma en provincias por ca\u00edda real en coparticipaci\u00f3n \u00abPura\u00bb a pesar del aumento general de recursos"}]},{"@type":"WebSite","@id":"https:\/\/informelitoral.com.ar\/#website","url":"https:\/\/informelitoral.com.ar\/","name":"Informe Litoral","description":"&quot;Nos informamos&quot; ","publisher":{"@id":"https:\/\/informelitoral.com.ar\/#organization"},"potentialAction":[{"@type":"SearchAction","target":{"@type":"EntryPoint","urlTemplate":"https:\/\/informelitoral.com.ar\/?s={search_term_string}"},"query-input":{"@type":"PropertyValueSpecification","valueRequired":true,"valueName":"search_term_string"}}],"inLanguage":"es"},{"@type":"Organization","@id":"https:\/\/informelitoral.com.ar\/#organization","name":"Informe Litoral","url":"https:\/\/informelitoral.com.ar\/","logo":{"@type":"ImageObject","inLanguage":"es","@id":"https:\/\/informelitoral.com.ar\/#\/schema\/logo\/image\/","url":"https:\/\/informelitoral.com.ar\/%77%70%2d%63%6f%6e%74%65%6e%74\/uploads\/2021\/01\/circulo.png","contentUrl":"https:\/\/informelitoral.com.ar\/%77%70%2d%63%6f%6e%74%65%6e%74\/uploads\/2021\/01\/circulo.png","width":723,"height":731,"caption":"Informe Litoral"},"image":{"@id":"https:\/\/informelitoral.com.ar\/#\/schema\/logo\/image\/"},"sameAs":["https:\/\/www.facebook.com\/informelitoral\/","https:\/\/x.com\/InformeLitoral","https:\/\/www.instagram.com\/informelitoral\/","https:\/\/www.youtube.com\/channel\/UCua4Qvz8Icb6MYqhoq9xLXw"]},{"@type":"Person","@id":"https:\/\/informelitoral.com.ar\/#\/schema\/person\/f05f9f461677119578717524b127d6d5","name":"Sebastian","image":{"@type":"ImageObject","inLanguage":"es","@id":"https:\/\/secure.gravatar.com\/avatar\/b71bf7481d447dfb9583c7f2798e7cc64de6efb9067b74633ed8c31059a3bd82?s=96&d=mm&r=g","url":"https:\/\/secure.gravatar.com\/avatar\/b71bf7481d447dfb9583c7f2798e7cc64de6efb9067b74633ed8c31059a3bd82?s=96&d=mm&r=g","contentUrl":"https:\/\/secure.gravatar.com\/avatar\/b71bf7481d447dfb9583c7f2798e7cc64de6efb9067b74633ed8c31059a3bd82?s=96&d=mm&r=g","caption":"Sebastian"},"url":"https:\/\/informelitoral.com.ar\/author\/sebastian\/"}]}},"fifu_image_url":"https:\/\/i0.wp.com\/ahora.com.ar\/wp-content\/uploads\/2025\/06\/gobernadores.jpg?resize=696%2C392&quality=89&ssl=1","_links":{"self":[{"href":"https:\/\/informelitoral.com.ar\/%77%70%2d%6a%73%6f%6e\/wp\/v2\/posts\/225894","targetHints":{"allow":["GET"]}}],"collection":[{"href":"https:\/\/informelitoral.com.ar\/%77%70%2d%6a%73%6f%6e\/wp\/v2\/posts"}],"about":[{"href":"https:\/\/informelitoral.com.ar\/%77%70%2d%6a%73%6f%6e\/wp\/v2\/types\/post"}],"author":[{"embeddable":true,"href":"https:\/\/informelitoral.com.ar\/%77%70%2d%6a%73%6f%6e\/wp\/v2\/users\/8"}],"replies":[{"embeddable":true,"href":"https:\/\/informelitoral.com.ar\/%77%70%2d%6a%73%6f%6e\/wp\/v2\/comments?post=225894"}],"version-history":[{"count":1,"href":"https:\/\/informelitoral.com.ar\/%77%70%2d%6a%73%6f%6e\/wp\/v2\/posts\/225894\/revisions"}],"predecessor-version":[{"id":225896,"href":"https:\/\/informelitoral.com.ar\/%77%70%2d%6a%73%6f%6e\/wp\/v2\/posts\/225894\/revisions\/225896"}],"wp:featuredmedia":[{"embeddable":true,"href":"https:\/\/informelitoral.com.ar\/%77%70%2d%6a%73%6f%6e\/wp\/v2\/media\/225895"}],"wp:attachment":[{"href":"https:\/\/informelitoral.com.ar\/%77%70%2d%6a%73%6f%6e\/wp\/v2\/media?parent=225894"}],"wp:term":[{"taxonomy":"category","embeddable":true,"href":"https:\/\/informelitoral.com.ar\/%77%70%2d%6a%73%6f%6e\/wp\/v2\/categories?post=225894"},{"taxonomy":"post_tag","embeddable":true,"href":"https:\/\/informelitoral.com.ar\/%77%70%2d%6a%73%6f%6e\/wp\/v2\/tags?post=225894"}],"curies":[{"name":"wp","href":"https:\/\/api.w.org\/{rel}","templated":true}]}}