{"id":225783,"date":"2025-07-01T11:03:12","date_gmt":"2025-07-01T14:03:12","guid":{"rendered":"https:\/\/informelitoral.com.ar\/?p=225783"},"modified":"2025-07-01T12:17:18","modified_gmt":"2025-07-01T15:17:18","slug":"el-cge-analiza-pedidos-puntuales-de-escuelas-de-entre-rios-por-la-ola-polar","status":"publish","type":"post","link":"https:\/\/informelitoral.com.ar\/el-cge-analiza-pedidos-puntuales-de-escuelas-de-entre-rios-por-la-ola-polar\/","title":{"rendered":"El CGE analiza pedidos puntuales de escuelas de Entre R\u00edos por la ola polar"},"content":{"rendered":"<p><strong>El Consejo General de Educaci\u00f3n (CGE) de Entre R\u00edos<\/strong> est\u00e1 analizando \u201cpedidos puntuales de escuelas\u201d para atravesar la ola polar que azota a la provincia en la \u00faltima semana previa al receso de invierno, que comienza el pr\u00f3ximo lunes. Ser\u00e1n los establecimientos educativos, con el aval de las departamentales, los que plantear\u00e1n cu\u00e1l es la mejor opci\u00f3n para atravesar estos d\u00edas.<\/p>\n<p>Autoridades del CGE hicieron saber que\u00a0<strong>cada escuela debe plantear su realidad y elevar el pedido.<\/strong>\u00a0Esto significa que se analizan las \u201cdiferentes realidades\u201d de los establecimientos. \u201cTrabajamos de la misma forma cuando nos toc\u00f3 atravesar la ola de calor\u201d, recordaron.<\/p>\n<p>Por ejemplo, en el Palacio Educativo tienen en cuenta que\u00a0<strong>atrasar el horario de ingreso<\/strong>\u00a0implica que los alumnos ingresen cuando\u00a0<strong>\u201cse levanta la helada\u201d,\u00a0<\/strong>es decir cuando el fr\u00edo se siente a\u00fan m\u00e1s. Tambi\u00e9n se debe considerar que los alumnos de las escuelas que tienen comedor no tengan posiblemente<strong>\u00a0un desayuno caliente a primera hora.<\/strong><\/p>\n<p>Adem\u00e1s, mencionaron que en algunos casos la escuela<strong>\u00a0\u201cpara muchos de nuestros gurises es un espacio seguro y acogedor<\/strong>\u00a0que ofrece condiciones adecuadas para su bienestar\u201d, analizan en el edificio de calle C\u00f3rdoba y Laprida.<\/p>\n<p>Finalmente, remarcaron que los\u00a0<strong>cambios en horarios o suspensiones de clases\u00a0<\/strong>contemplan muchas aristas a tener en cuenta, pero confirmaron que\u00a0<strong>\u201cse analizar\u00e1n los casos r\u00e1pidamente y lo que sea mejor para comunidad, se avalar\u00e1 con la autorizaci\u00f3n de la correspondiente departamental\u201d.<\/strong><\/p>\n<p>Las declaraciones desde el CGE se conocieron este martes luego de un comienzo de semana atravesado por debate sobre el dictado de clases durante los d\u00edas m\u00e1s fr\u00edos -hasta ahora, al menos- del a\u00f1o.\u00a0<a href=\"https:\/\/ahora.com.ar\/ultimas-noticias\/una-provincia-suspende-las-clases-este-lunes-por-la-ola-de-frio\" target=\"_blank\" rel=\"noreferrer noopener\"><strong>Varias provincias avanzaron con medidas<\/strong><\/a>\u00a0como cambios de horario o suspensiones de clases a partir de este lunes.<\/p>\n<p>Este martes el Servicio Meteorol\u00f3gico Nacional registr\u00f3\u00a0<strong>el d\u00eda m\u00e1s fr\u00edo del a\u00f1o en Entre R\u00edos<\/strong>. Las temperaturas en toda la provincia bajaron de cero y el term\u00f3metro\u00a0<strong>lleg\u00f3 a marcar hasta -5.3\u00b0C<\/strong>, con importantes heladas sobre suelos y veh\u00edculos.<\/p>\n<p><strong>El resto de la semana se espera un gradual ascenso de las t\u00e9rmicas, aunque persistir\u00e1 el fr\u00edo intenso<\/strong>\u00a0con apenas unos grados por encima de los actuales.<\/p>\n","protected":false},"excerpt":{"rendered":"<p>El Consejo General de Educaci\u00f3n avala cambios en el cursado por el fr\u00edo extremo durante \u00faltima semana previa al receso, pero cada escuela debe pedirlo ante la Departamental.<\/p>\n","protected":false},"author":8,"featured_media":194293,"comment_status":"open","ping_status":"open","sticky":false,"template":"","format":"standard","meta":{"fifu_image_url":"","fifu_image_alt":"","footnotes":""},"categories":[6,9],"tags":[81,70,532],"class_list":{"0":"post-225783","1":"post","2":"type-post","3":"status-publish","4":"format-standard","5":"has-post-thumbnail","7":"category-entre-rios","8":"category-sociedad","9":"tag-entre-rios","10":"tag-escuelas","11":"tag-ola-polar"},"yoast_head":"<title>El CGE analiza pedidos puntuales de escuelas de Entre R\u00edos por la ola polar - Informe Litoral<\/title>\n<meta name=\"robots\" content=\"index, follow, max-snippet:-1, max-image-preview:large, max-video-preview:-1\" \/>\n<link rel=\"canonical\" href=\"https:\/\/informelitoral.com.ar\/el-cge-analiza-pedidos-puntuales-de-escuelas-de-entre-rios-por-la-ola-polar\/\" \/>\n<meta property=\"og:locale\" content=\"es_ES\" \/>\n<meta property=\"og:type\" content=\"article\" \/>\n<meta property=\"og:title\" content=\"El CGE analiza pedidos puntuales de escuelas de Entre R\u00edos por la ola polar - Informe Litoral\" \/>\n<meta property=\"og:description\" content=\"El Consejo General de Educaci\u00f3n avala cambios en el cursado por el fr\u00edo extremo durante \u00faltima semana previa al receso, pero cada escuela debe pedirlo ante la Departamental.\" \/>\n<meta property=\"og:url\" content=\"https:\/\/informelitoral.com.ar\/el-cge-analiza-pedidos-puntuales-de-escuelas-de-entre-rios-por-la-ola-polar\/\" \/>\n<meta property=\"og:site_name\" content=\"Informe Litoral\" \/>\n<meta property=\"article:publisher\" content=\"https:\/\/www.facebook.com\/informelitoral\/\" \/>\n<meta property=\"article:published_time\" content=\"2025-07-01T14:03:12+00:00\" \/>\n<meta property=\"article:modified_time\" content=\"2025-07-01T15:17:18+00:00\" \/>\n<meta property=\"og:image\" content=\"https:\/\/informelitoral.com.ar\/%77%70%2d%63%6f%6e%74%65%6e%74\/uploads\/2024\/08\/aulas-docentes.webp\" \/>\n\t<meta property=\"og:image:width\" content=\"1200\" \/>\n\t<meta property=\"og:image:height\" content=\"675\" \/>\n\t<meta property=\"og:image:type\" content=\"image\/webp\" \/>\n<meta name=\"author\" content=\"Sebastian\" \/>\n<meta name=\"twitter:card\" content=\"summary_large_image\" \/>\n<meta name=\"twitter:creator\" content=\"@InformeLitoral\" \/>\n<meta name=\"twitter:site\" content=\"@InformeLitoral\" \/>\n<meta name=\"twitter:label1\" content=\"Escrito por\" \/>\n\t<meta name=\"twitter:data1\" content=\"Sebastian\" \/>\n\t<meta name=\"twitter:label2\" content=\"Tiempo de lectura\" \/>\n\t<meta name=\"twitter:data2\" content=\"2 minutos\" \/>\n<script type=\"application\/ld+json\" class=\"yoast-schema-graph\">{\"@context\":\"https:\\\/\\\/schema.org\",\"@graph\":[{\"@type\":\"Article\",\"@id\":\"https:\\\/\\\/informelitoral.com.ar\\\/el-cge-analiza-pedidos-puntuales-de-escuelas-de-entre-rios-por-la-ola-polar\\\/#article\",\"isPartOf\":{\"@id\":\"https:\\\/\\\/informelitoral.com.ar\\\/el-cge-analiza-pedidos-puntuales-de-escuelas-de-entre-rios-por-la-ola-polar\\\/\"},\"author\":{\"name\":\"Sebastian\",\"@id\":\"https:\\\/\\\/informelitoral.com.ar\\\/#\\\/schema\\\/person\\\/f05f9f461677119578717524b127d6d5\"},\"headline\":\"El CGE analiza pedidos puntuales de escuelas de Entre R\u00edos por la ola polar\",\"datePublished\":\"2025-07-01T14:03:12+00:00\",\"dateModified\":\"2025-07-01T15:17:18+00:00\",\"mainEntityOfPage\":{\"@id\":\"https:\\\/\\\/informelitoral.com.ar\\\/el-cge-analiza-pedidos-puntuales-de-escuelas-de-entre-rios-por-la-ola-polar\\\/\"},\"wordCount\":401,\"commentCount\":0,\"publisher\":{\"@id\":\"https:\\\/\\\/informelitoral.com.ar\\\/#organization\"},\"image\":{\"@id\":\"https:\\\/\\\/informelitoral.com.ar\\\/el-cge-analiza-pedidos-puntuales-de-escuelas-de-entre-rios-por-la-ola-polar\\\/#primaryimage\"},\"thumbnailUrl\":\"https:\\\/\\\/informelitoral.com.ar\\\/%77%70%2d%63%6f%6e%74%65%6e%74\\\/uploads\\\/2024\\\/08\\\/aulas-docentes.webp\",\"keywords\":[\"Entre R\u00edos\",\"Escuelas\",\"Ola polar\"],\"articleSection\":[\"Entre R\u00edos\",\"Sociedad\"],\"inLanguage\":\"es\",\"potentialAction\":[{\"@type\":\"CommentAction\",\"name\":\"Comment\",\"target\":[\"https:\\\/\\\/informelitoral.com.ar\\\/el-cge-analiza-pedidos-puntuales-de-escuelas-de-entre-rios-por-la-ola-polar\\\/#respond\"]}]},{\"@type\":\"WebPage\",\"@id\":\"https:\\\/\\\/informelitoral.com.ar\\\/el-cge-analiza-pedidos-puntuales-de-escuelas-de-entre-rios-por-la-ola-polar\\\/\",\"url\":\"https:\\\/\\\/informelitoral.com.ar\\\/el-cge-analiza-pedidos-puntuales-de-escuelas-de-entre-rios-por-la-ola-polar\\\/\",\"name\":\"El CGE analiza pedidos puntuales de escuelas de Entre R\u00edos por la ola polar - Informe Litoral\",\"isPartOf\":{\"@id\":\"https:\\\/\\\/informelitoral.com.ar\\\/#website\"},\"primaryImageOfPage\":{\"@id\":\"https:\\\/\\\/informelitoral.com.ar\\\/el-cge-analiza-pedidos-puntuales-de-escuelas-de-entre-rios-por-la-ola-polar\\\/#primaryimage\"},\"image\":{\"@id\":\"https:\\\/\\\/informelitoral.com.ar\\\/el-cge-analiza-pedidos-puntuales-de-escuelas-de-entre-rios-por-la-ola-polar\\\/#primaryimage\"},\"thumbnailUrl\":\"https:\\\/\\\/informelitoral.com.ar\\\/%77%70%2d%63%6f%6e%74%65%6e%74\\\/uploads\\\/2024\\\/08\\\/aulas-docentes.webp\",\"datePublished\":\"2025-07-01T14:03:12+00:00\",\"dateModified\":\"2025-07-01T15:17:18+00:00\",\"breadcrumb\":{\"@id\":\"https:\\\/\\\/informelitoral.com.ar\\\/el-cge-analiza-pedidos-puntuales-de-escuelas-de-entre-rios-por-la-ola-polar\\\/#breadcrumb\"},\"inLanguage\":\"es\",\"potentialAction\":[{\"@type\":\"ReadAction\",\"target\":[\"https:\\\/\\\/informelitoral.com.ar\\\/el-cge-analiza-pedidos-puntuales-de-escuelas-de-entre-rios-por-la-ola-polar\\\/\"]}]},{\"@type\":\"ImageObject\",\"inLanguage\":\"es\",\"@id\":\"https:\\\/\\\/informelitoral.com.ar\\\/el-cge-analiza-pedidos-puntuales-de-escuelas-de-entre-rios-por-la-ola-polar\\\/#primaryimage\",\"url\":\"https:\\\/\\\/informelitoral.com.ar\\\/%77%70%2d%63%6f%6e%74%65%6e%74\\\/uploads\\\/2024\\\/08\\\/aulas-docentes.webp\",\"contentUrl\":\"https:\\\/\\\/informelitoral.com.ar\\\/%77%70%2d%63%6f%6e%74%65%6e%74\\\/uploads\\\/2024\\\/08\\\/aulas-docentes.webp\",\"width\":1200,\"height\":675},{\"@type\":\"BreadcrumbList\",\"@id\":\"https:\\\/\\\/informelitoral.com.ar\\\/el-cge-analiza-pedidos-puntuales-de-escuelas-de-entre-rios-por-la-ola-polar\\\/#breadcrumb\",\"itemListElement\":[{\"@type\":\"ListItem\",\"position\":1,\"name\":\"Portada\",\"item\":\"https:\\\/\\\/informelitoral.com.ar\\\/\"},{\"@type\":\"ListItem\",\"position\":2,\"name\":\"El CGE analiza pedidos puntuales de escuelas de Entre R\u00edos por la ola polar\"}]},{\"@type\":\"WebSite\",\"@id\":\"https:\\\/\\\/informelitoral.com.ar\\\/#website\",\"url\":\"https:\\\/\\\/informelitoral.com.ar\\\/\",\"name\":\"Informe Litoral\",\"description\":\"&quot;Nos informamos&quot; \",\"publisher\":{\"@id\":\"https:\\\/\\\/informelitoral.com.ar\\\/#organization\"},\"potentialAction\":[{\"@type\":\"SearchAction\",\"target\":{\"@type\":\"EntryPoint\",\"urlTemplate\":\"https:\\\/\\\/informelitoral.com.ar\\\/?s={search_term_string}\"},\"query-input\":{\"@type\":\"PropertyValueSpecification\",\"valueRequired\":true,\"valueName\":\"search_term_string\"}}],\"inLanguage\":\"es\"},{\"@type\":\"Organization\",\"@id\":\"https:\\\/\\\/informelitoral.com.ar\\\/#organization\",\"name\":\"Informe Litoral\",\"url\":\"https:\\\/\\\/informelitoral.com.ar\\\/\",\"logo\":{\"@type\":\"ImageObject\",\"inLanguage\":\"es\",\"@id\":\"https:\\\/\\\/informelitoral.com.ar\\\/#\\\/schema\\\/logo\\\/image\\\/\",\"url\":\"https:\\\/\\\/informelitoral.com.ar\\\/%77%70%2d%63%6f%6e%74%65%6e%74\\\/uploads\\\/2021\\\/01\\\/circulo.png\",\"contentUrl\":\"https:\\\/\\\/informelitoral.com.ar\\\/%77%70%2d%63%6f%6e%74%65%6e%74\\\/uploads\\\/2021\\\/01\\\/circulo.png\",\"width\":723,\"height\":731,\"caption\":\"Informe Litoral\"},\"image\":{\"@id\":\"https:\\\/\\\/informelitoral.com.ar\\\/#\\\/schema\\\/logo\\\/image\\\/\"},\"sameAs\":[\"https:\\\/\\\/www.facebook.com\\\/informelitoral\\\/\",\"https:\\\/\\\/x.com\\\/InformeLitoral\",\"https:\\\/\\\/www.instagram.com\\\/informelitoral\\\/\",\"https:\\\/\\\/www.youtube.com\\\/channel\\\/UCua4Qvz8Icb6MYqhoq9xLXw\"]},{\"@type\":\"Person\",\"@id\":\"https:\\\/\\\/informelitoral.com.ar\\\/#\\\/schema\\\/person\\\/f05f9f461677119578717524b127d6d5\",\"name\":\"Sebastian\",\"image\":{\"@type\":\"ImageObject\",\"inLanguage\":\"es\",\"@id\":\"https:\\\/\\\/secure.gravatar.com\\\/avatar\\\/b71bf7481d447dfb9583c7f2798e7cc64de6efb9067b74633ed8c31059a3bd82?s=96&d=mm&r=g\",\"url\":\"https:\\\/\\\/secure.gravatar.com\\\/avatar\\\/b71bf7481d447dfb9583c7f2798e7cc64de6efb9067b74633ed8c31059a3bd82?s=96&d=mm&r=g\",\"contentUrl\":\"https:\\\/\\\/secure.gravatar.com\\\/avatar\\\/b71bf7481d447dfb9583c7f2798e7cc64de6efb9067b74633ed8c31059a3bd82?s=96&d=mm&r=g\",\"caption\":\"Sebastian\"},\"url\":\"https:\\\/\\\/informelitoral.com.ar\\\/author\\\/sebastian\\\/\"}]}<\/script>","yoast_head_json":{"title":"El CGE analiza pedidos puntuales de escuelas de Entre R\u00edos por la ola polar - Informe Litoral","robots":{"index":"index","follow":"follow","max-snippet":"max-snippet:-1","max-image-preview":"max-image-preview:large","max-video-preview":"max-video-preview:-1"},"canonical":"https:\/\/informelitoral.com.ar\/el-cge-analiza-pedidos-puntuales-de-escuelas-de-entre-rios-por-la-ola-polar\/","og_locale":"es_ES","og_type":"article","og_title":"El CGE analiza pedidos puntuales de escuelas de Entre R\u00edos por la ola polar - Informe Litoral","og_description":"El Consejo General de Educaci\u00f3n avala cambios en el cursado por el fr\u00edo extremo durante \u00faltima semana previa al receso, pero cada escuela debe pedirlo ante la Departamental.","og_url":"https:\/\/informelitoral.com.ar\/el-cge-analiza-pedidos-puntuales-de-escuelas-de-entre-rios-por-la-ola-polar\/","og_site_name":"Informe Litoral","article_publisher":"https:\/\/www.facebook.com\/informelitoral\/","article_published_time":"2025-07-01T14:03:12+00:00","article_modified_time":"2025-07-01T15:17:18+00:00","og_image":[{"width":1200,"height":675,"url":"https:\/\/informelitoral.com.ar\/%77%70%2d%63%6f%6e%74%65%6e%74\/uploads\/2024\/08\/aulas-docentes.webp","type":"image\/webp"}],"author":"Sebastian","twitter_card":"summary_large_image","twitter_creator":"@InformeLitoral","twitter_site":"@InformeLitoral","twitter_misc":{"Escrito por":"Sebastian","Tiempo de lectura":"2 minutos"},"schema":{"@context":"https:\/\/schema.org","@graph":[{"@type":"Article","@id":"https:\/\/informelitoral.com.ar\/el-cge-analiza-pedidos-puntuales-de-escuelas-de-entre-rios-por-la-ola-polar\/#article","isPartOf":{"@id":"https:\/\/informelitoral.com.ar\/el-cge-analiza-pedidos-puntuales-de-escuelas-de-entre-rios-por-la-ola-polar\/"},"author":{"name":"Sebastian","@id":"https:\/\/informelitoral.com.ar\/#\/schema\/person\/f05f9f461677119578717524b127d6d5"},"headline":"El CGE analiza pedidos puntuales de escuelas de Entre R\u00edos por la ola polar","datePublished":"2025-07-01T14:03:12+00:00","dateModified":"2025-07-01T15:17:18+00:00","mainEntityOfPage":{"@id":"https:\/\/informelitoral.com.ar\/el-cge-analiza-pedidos-puntuales-de-escuelas-de-entre-rios-por-la-ola-polar\/"},"wordCount":401,"commentCount":0,"publisher":{"@id":"https:\/\/informelitoral.com.ar\/#organization"},"image":{"@id":"https:\/\/informelitoral.com.ar\/el-cge-analiza-pedidos-puntuales-de-escuelas-de-entre-rios-por-la-ola-polar\/#primaryimage"},"thumbnailUrl":"https:\/\/informelitoral.com.ar\/%77%70%2d%63%6f%6e%74%65%6e%74\/uploads\/2024\/08\/aulas-docentes.webp","keywords":["Entre R\u00edos","Escuelas","Ola polar"],"articleSection":["Entre R\u00edos","Sociedad"],"inLanguage":"es","potentialAction":[{"@type":"CommentAction","name":"Comment","target":["https:\/\/informelitoral.com.ar\/el-cge-analiza-pedidos-puntuales-de-escuelas-de-entre-rios-por-la-ola-polar\/#respond"]}]},{"@type":"WebPage","@id":"https:\/\/informelitoral.com.ar\/el-cge-analiza-pedidos-puntuales-de-escuelas-de-entre-rios-por-la-ola-polar\/","url":"https:\/\/informelitoral.com.ar\/el-cge-analiza-pedidos-puntuales-de-escuelas-de-entre-rios-por-la-ola-polar\/","name":"El CGE analiza pedidos puntuales de escuelas de Entre R\u00edos por la ola polar - Informe Litoral","isPartOf":{"@id":"https:\/\/informelitoral.com.ar\/#website"},"primaryImageOfPage":{"@id":"https:\/\/informelitoral.com.ar\/el-cge-analiza-pedidos-puntuales-de-escuelas-de-entre-rios-por-la-ola-polar\/#primaryimage"},"image":{"@id":"https:\/\/informelitoral.com.ar\/el-cge-analiza-pedidos-puntuales-de-escuelas-de-entre-rios-por-la-ola-polar\/#primaryimage"},"thumbnailUrl":"https:\/\/informelitoral.com.ar\/%77%70%2d%63%6f%6e%74%65%6e%74\/uploads\/2024\/08\/aulas-docentes.webp","datePublished":"2025-07-01T14:03:12+00:00","dateModified":"2025-07-01T15:17:18+00:00","breadcrumb":{"@id":"https:\/\/informelitoral.com.ar\/el-cge-analiza-pedidos-puntuales-de-escuelas-de-entre-rios-por-la-ola-polar\/#breadcrumb"},"inLanguage":"es","potentialAction":[{"@type":"ReadAction","target":["https:\/\/informelitoral.com.ar\/el-cge-analiza-pedidos-puntuales-de-escuelas-de-entre-rios-por-la-ola-polar\/"]}]},{"@type":"ImageObject","inLanguage":"es","@id":"https:\/\/informelitoral.com.ar\/el-cge-analiza-pedidos-puntuales-de-escuelas-de-entre-rios-por-la-ola-polar\/#primaryimage","url":"https:\/\/informelitoral.com.ar\/%77%70%2d%63%6f%6e%74%65%6e%74\/uploads\/2024\/08\/aulas-docentes.webp","contentUrl":"https:\/\/informelitoral.com.ar\/%77%70%2d%63%6f%6e%74%65%6e%74\/uploads\/2024\/08\/aulas-docentes.webp","width":1200,"height":675},{"@type":"BreadcrumbList","@id":"https:\/\/informelitoral.com.ar\/el-cge-analiza-pedidos-puntuales-de-escuelas-de-entre-rios-por-la-ola-polar\/#breadcrumb","itemListElement":[{"@type":"ListItem","position":1,"name":"Portada","item":"https:\/\/informelitoral.com.ar\/"},{"@type":"ListItem","position":2,"name":"El CGE analiza pedidos puntuales de escuelas de Entre R\u00edos por la ola polar"}]},{"@type":"WebSite","@id":"https:\/\/informelitoral.com.ar\/#website","url":"https:\/\/informelitoral.com.ar\/","name":"Informe Litoral","description":"&quot;Nos informamos&quot; ","publisher":{"@id":"https:\/\/informelitoral.com.ar\/#organization"},"potentialAction":[{"@type":"SearchAction","target":{"@type":"EntryPoint","urlTemplate":"https:\/\/informelitoral.com.ar\/?s={search_term_string}"},"query-input":{"@type":"PropertyValueSpecification","valueRequired":true,"valueName":"search_term_string"}}],"inLanguage":"es"},{"@type":"Organization","@id":"https:\/\/informelitoral.com.ar\/#organization","name":"Informe Litoral","url":"https:\/\/informelitoral.com.ar\/","logo":{"@type":"ImageObject","inLanguage":"es","@id":"https:\/\/informelitoral.com.ar\/#\/schema\/logo\/image\/","url":"https:\/\/informelitoral.com.ar\/%77%70%2d%63%6f%6e%74%65%6e%74\/uploads\/2021\/01\/circulo.png","contentUrl":"https:\/\/informelitoral.com.ar\/%77%70%2d%63%6f%6e%74%65%6e%74\/uploads\/2021\/01\/circulo.png","width":723,"height":731,"caption":"Informe Litoral"},"image":{"@id":"https:\/\/informelitoral.com.ar\/#\/schema\/logo\/image\/"},"sameAs":["https:\/\/www.facebook.com\/informelitoral\/","https:\/\/x.com\/InformeLitoral","https:\/\/www.instagram.com\/informelitoral\/","https:\/\/www.youtube.com\/channel\/UCua4Qvz8Icb6MYqhoq9xLXw"]},{"@type":"Person","@id":"https:\/\/informelitoral.com.ar\/#\/schema\/person\/f05f9f461677119578717524b127d6d5","name":"Sebastian","image":{"@type":"ImageObject","inLanguage":"es","@id":"https:\/\/secure.gravatar.com\/avatar\/b71bf7481d447dfb9583c7f2798e7cc64de6efb9067b74633ed8c31059a3bd82?s=96&d=mm&r=g","url":"https:\/\/secure.gravatar.com\/avatar\/b71bf7481d447dfb9583c7f2798e7cc64de6efb9067b74633ed8c31059a3bd82?s=96&d=mm&r=g","contentUrl":"https:\/\/secure.gravatar.com\/avatar\/b71bf7481d447dfb9583c7f2798e7cc64de6efb9067b74633ed8c31059a3bd82?s=96&d=mm&r=g","caption":"Sebastian"},"url":"https:\/\/informelitoral.com.ar\/author\/sebastian\/"}]}},"_links":{"self":[{"href":"https:\/\/informelitoral.com.ar\/%77%70%2d%6a%73%6f%6e\/wp\/v2\/posts\/225783","targetHints":{"allow":["GET"]}}],"collection":[{"href":"https:\/\/informelitoral.com.ar\/%77%70%2d%6a%73%6f%6e\/wp\/v2\/posts"}],"about":[{"href":"https:\/\/informelitoral.com.ar\/%77%70%2d%6a%73%6f%6e\/wp\/v2\/types\/post"}],"author":[{"embeddable":true,"href":"https:\/\/informelitoral.com.ar\/%77%70%2d%6a%73%6f%6e\/wp\/v2\/users\/8"}],"replies":[{"embeddable":true,"href":"https:\/\/informelitoral.com.ar\/%77%70%2d%6a%73%6f%6e\/wp\/v2\/comments?post=225783"}],"version-history":[{"count":2,"href":"https:\/\/informelitoral.com.ar\/%77%70%2d%6a%73%6f%6e\/wp\/v2\/posts\/225783\/revisions"}],"predecessor-version":[{"id":225811,"href":"https:\/\/informelitoral.com.ar\/%77%70%2d%6a%73%6f%6e\/wp\/v2\/posts\/225783\/revisions\/225811"}],"wp:featuredmedia":[{"embeddable":true,"href":"https:\/\/informelitoral.com.ar\/%77%70%2d%6a%73%6f%6e\/wp\/v2\/media\/194293"}],"wp:attachment":[{"href":"https:\/\/informelitoral.com.ar\/%77%70%2d%6a%73%6f%6e\/wp\/v2\/media?parent=225783"}],"wp:term":[{"taxonomy":"category","embeddable":true,"href":"https:\/\/informelitoral.com.ar\/%77%70%2d%6a%73%6f%6e\/wp\/v2\/categories?post=225783"},{"taxonomy":"post_tag","embeddable":true,"href":"https:\/\/informelitoral.com.ar\/%77%70%2d%6a%73%6f%6e\/wp\/v2\/tags?post=225783"}],"curies":[{"name":"wp","href":"https:\/\/api.w.org\/{rel}","templated":true}]}}