{"id":225545,"date":"2025-06-29T21:25:21","date_gmt":"2025-06-30T00:25:21","guid":{"rendered":"https:\/\/informelitoral.com.ar\/?p=225545"},"modified":"2025-06-29T21:25:21","modified_gmt":"2025-06-30T00:25:21","slug":"emprendedores-de-valle-maria-recibieron-microcreditos-para-impulsar-sus-proyectos-productivos-y-comerciales","status":"publish","type":"post","link":"https:\/\/informelitoral.com.ar\/emprendedores-de-valle-maria-recibieron-microcreditos-para-impulsar-sus-proyectos-productivos-y-comerciales\/","title":{"rendered":"Emprendedores de Valle Mar\u00eda recibieron microcr\u00e9ditos para impulsar sus proyectos productivos y comerciales"},"content":{"rendered":"<p>El Ministerio de Desarrollo Humano de Entre R\u00edos contin\u00faa desarrollando acciones conjuntas con los gobiernos locales para acompa\u00f1ar el desarrollo local. En ese marco, se realiz\u00f3 una<strong> entrega de microcr\u00e9ditos a 11 emprendedores de Valle Mar\u00eda,<\/strong> encabezado por la ministra de Desarrollo Humano<strong>, Ver\u00f3nica Berisso.<\/strong><\/p>\n<figure class=\"wp-block-image size-large\"><a class=\"td-modal-image\" href=\"https:\/\/i0.wp.com\/entremediosweb.com\/%77%70%2d%63%6f%6e%74%65%6e%74\/uploads\/2025\/06\/1000132999.jpg?resize=696%2C464&amp;ssl=1\"><img loading=\"lazy\" decoding=\"async\" class=\"wp-image-281696\" src=\"https:\/\/i0.wp.com\/entremediosweb.com\/%77%70%2d%63%6f%6e%74%65%6e%74\/uploads\/2025\/06\/1000132999.jpg?resize=696%2C464&amp;ssl=1\" sizes=\"auto, (max-width: 696px) 100vw, 696px\" srcset=\"https:\/\/i0.wp.com\/entremediosweb.com\/%77%70%2d%63%6f%6e%74%65%6e%74\/uploads\/2025\/06\/1000132999.jpg?resize=1024%2C683&amp;ssl=1 1024w, https:\/\/i0.wp.com\/entremediosweb.com\/%77%70%2d%63%6f%6e%74%65%6e%74\/uploads\/2025\/06\/1000132999.jpg?resize=300%2C200&amp;ssl=1 300w, https:\/\/i0.wp.com\/entremediosweb.com\/%77%70%2d%63%6f%6e%74%65%6e%74\/uploads\/2025\/06\/1000132999.jpg?resize=768%2C512&amp;ssl=1 768w, https:\/\/i0.wp.com\/entremediosweb.com\/%77%70%2d%63%6f%6e%74%65%6e%74\/uploads\/2025\/06\/1000132999.jpg?resize=1536%2C1024&amp;ssl=1 1536w, https:\/\/i0.wp.com\/entremediosweb.com\/%77%70%2d%63%6f%6e%74%65%6e%74\/uploads\/2025\/06\/1000132999.jpg?resize=696%2C464&amp;ssl=1 696w, https:\/\/i0.wp.com\/entremediosweb.com\/%77%70%2d%63%6f%6e%74%65%6e%74\/uploads\/2025\/06\/1000132999.jpg?resize=1068%2C712&amp;ssl=1 1068w, https:\/\/i0.wp.com\/entremediosweb.com\/%77%70%2d%63%6f%6e%74%65%6e%74\/uploads\/2025\/06\/1000132999.jpg?w=1920&amp;ssl=1 1920w, https:\/\/i0.wp.com\/entremediosweb.com\/%77%70%2d%63%6f%6e%74%65%6e%74\/uploads\/2025\/06\/1000132999.jpg?w=1392&amp;ssl=1 1392w\" alt=\"\" width=\"696\" height=\"464\" data-recalc-dims=\"1\" data-attachment-id=\"281696\" data-permalink=\"https:\/\/entremediosweb.com\/emprendedores-de-valle-maria-recibieron-microcreditos-para-impulsar-sus-proyectos-productivos-y-comerciales\/attachment\/1000132999\/\" data-orig-file=\"https:\/\/i0.wp.com\/entremediosweb.com\/%77%70%2d%63%6f%6e%74%65%6e%74\/uploads\/2025\/06\/1000132999.jpg?fit=1920%2C1280&amp;ssl=1\" data-orig-size=\"1920,1280\" data-comments-opened=\"0\" data-image-meta=\"{&quot;aperture&quot;:&quot;5.6&quot;,&quot;credit&quot;:&quot;&quot;,&quot;camera&quot;:&quot;NIKON D7200&quot;,&quot;caption&quot;:&quot;&quot;,&quot;created_timestamp&quot;:&quot;1750938268&quot;,&quot;copyright&quot;:&quot;&quot;,&quot;focal_length&quot;:&quot;18&quot;,&quot;iso&quot;:&quot;800&quot;,&quot;shutter_speed&quot;:&quot;0.008&quot;,&quot;title&quot;:&quot;&quot;,&quot;orientation&quot;:&quot;0&quot;}\" data-image-title=\"1000132999\" data-image-description=\"\" data-image-caption=\"\" data-medium-file=\"https:\/\/i0.wp.com\/entremediosweb.com\/%77%70%2d%63%6f%6e%74%65%6e%74\/uploads\/2025\/06\/1000132999.jpg?fit=300%2C200&amp;ssl=1\" data-large-file=\"https:\/\/i0.wp.com\/entremediosweb.com\/%77%70%2d%63%6f%6e%74%65%6e%74\/uploads\/2025\/06\/1000132999.jpg?fit=696%2C464&amp;ssl=1\" \/><\/a><\/figure>\n<p>Durante la actividad se entregaron<strong> cr\u00e9ditos por un monto total de 3.250.000 pesos,<\/strong> y participaron tambi\u00e9n el secretario de Gesti\u00f3n Social, <strong>Pablo Omarini<\/strong>; el senador por el departamento Diamante, <strong>Gustavo Vergara<\/strong>; la directora de Econom\u00eda Social,<strong> B\u00e1rbara Erbes,<\/strong> y otras autoridades municipales.<\/p>\n<p>Los proyectos beneficiados se desarrollan en <strong>rubros como la gastronom\u00eda, la fabricaci\u00f3n de productos, los comercios polirrubro, la producci\u00f3n artesanal, la bijouterie, el calzado y la marroquiner\u00eda.<\/strong> Esta diversidad de propuestas refleja el potencial del ecosistema emprendedor local y la importancia del apoyo institucional para su crecimiento y sostenibilidad.<\/p>\n<h6><em><strong>Del archivo:\u00a0<a href=\"https:\/\/informelitoral.com.ar\/bomberos-voluntarios-de-parana-clave-en-operativo-de-ablacion-y-traslado-de-organos\/\" target=\"_blank\" rel=\"noopener\">Bomberos voluntarios de Paran\u00e1, clave en operativo de ablaci\u00f3n y traslado de \u00f3rganos<\/a><\/strong><\/em><\/h6>\n","protected":false},"excerpt":{"rendered":"<p>En el marco del trabajo articulado entre el gobierno provincial y los municipios, se entregaron microcr\u00e9ditos a emprendedores de Valle Mar\u00eda para impulsar proyectos productivos y comerciales.<\/p>\n","protected":false},"author":2,"featured_media":225546,"comment_status":"open","ping_status":"open","sticky":false,"template":"","format":"standard","meta":{"fifu_image_url":"https:\/\/lh3.googleusercontent.com\/drive-storage\/AJQWtBOhY2vZcYe1skk4O5bdFPWmOB9-vlZK1oMO0rdIbjtuCHrlLSqr_Rh8qxTEuwIjM46ElfDQCHGwSW1q9L0cTSjgfKYYEj4u3RlvpjDhiFKpmqY=w2048-h2048-p-k-nu","fifu_image_alt":"","footnotes":""},"categories":[4590],"tags":[553,4891,552,201,61],"class_list":{"0":"post-225545","1":"post","2":"type-post","3":"status-publish","4":"format-standard","5":"has-post-thumbnail","7":"category-valle-maria","8":"tag-creditos","9":"tag-desarrollo-humano","10":"tag-emprendedores","11":"tag-municipios","12":"tag-valle-maria"},"yoast_head":"<title>Emprendedores de Valle Mar\u00eda recibieron microcr\u00e9ditos para impulsar sus proyectos productivos y comerciales - Informe Litoral<\/title>\n<meta name=\"robots\" content=\"index, follow, max-snippet:-1, max-image-preview:large, max-video-preview:-1\" \/>\n<link rel=\"canonical\" href=\"https:\/\/informelitoral.com.ar\/emprendedores-de-valle-maria-recibieron-microcreditos-para-impulsar-sus-proyectos-productivos-y-comerciales\/\" \/>\n<meta property=\"og:locale\" content=\"es_ES\" \/>\n<meta property=\"og:type\" content=\"article\" \/>\n<meta property=\"og:title\" content=\"Emprendedores de Valle Mar\u00eda recibieron microcr\u00e9ditos para impulsar sus proyectos productivos y comerciales - Informe Litoral\" \/>\n<meta property=\"og:description\" content=\"En el marco del trabajo articulado entre el gobierno provincial y los municipios, se entregaron microcr\u00e9ditos a emprendedores de Valle Mar\u00eda para impulsar proyectos productivos y comerciales.\" \/>\n<meta property=\"og:url\" content=\"https:\/\/informelitoral.com.ar\/emprendedores-de-valle-maria-recibieron-microcreditos-para-impulsar-sus-proyectos-productivos-y-comerciales\/\" \/>\n<meta property=\"og:site_name\" content=\"Informe Litoral\" \/>\n<meta property=\"article:publisher\" content=\"https:\/\/www.facebook.com\/informelitoral\/\" \/>\n<meta property=\"article:published_time\" content=\"2025-06-30T00:25:21+00:00\" \/>\n<meta property=\"og:image\" content=\"https:\/\/lh3.googleusercontent.com\/drive-storage\/AJQWtBOhY2vZcYe1skk4O5bdFPWmOB9-vlZK1oMO0rdIbjtuCHrlLSqr_Rh8qxTEuwIjM46ElfDQCHGwSW1q9L0cTSjgfKYYEj4u3RlvpjDhiFKpmqY=w2048-h2048-p-k-nu\" \/><meta property=\"og:image\" content=\"https:\/\/lh3.googleusercontent.com\/drive-storage\/AJQWtBOhY2vZcYe1skk4O5bdFPWmOB9-vlZK1oMO0rdIbjtuCHrlLSqr_Rh8qxTEuwIjM46ElfDQCHGwSW1q9L0cTSjgfKYYEj4u3RlvpjDhiFKpmqY=w2048-h2048-p-k-nu\" \/>\n\t<meta property=\"og:image:width\" content=\"1920\" \/>\n\t<meta property=\"og:image:height\" content=\"1281\" \/>\n\t<meta property=\"og:image:type\" content=\"image\/jpeg\" \/>\n<meta name=\"author\" content=\"Gonzalo Schmidt\" \/>\n<meta name=\"twitter:card\" content=\"summary_large_image\" \/>\n<meta name=\"twitter:image\" content=\"https:\/\/lh3.googleusercontent.com\/drive-storage\/AJQWtBOhY2vZcYe1skk4O5bdFPWmOB9-vlZK1oMO0rdIbjtuCHrlLSqr_Rh8qxTEuwIjM46ElfDQCHGwSW1q9L0cTSjgfKYYEj4u3RlvpjDhiFKpmqY=w2048-h2048-p-k-nu\" \/>\n<meta name=\"twitter:creator\" content=\"@InformeLitoral\" \/>\n<meta name=\"twitter:site\" content=\"@InformeLitoral\" \/>\n<meta name=\"twitter:label1\" content=\"Escrito por\" \/>\n\t<meta name=\"twitter:data1\" content=\"Gonzalo Schmidt\" \/>\n\t<meta name=\"twitter:label2\" content=\"Tiempo de lectura\" \/>\n\t<meta name=\"twitter:data2\" content=\"1 minuto\" \/>\n<script type=\"application\/ld+json\" class=\"yoast-schema-graph\">{\"@context\":\"https:\\\/\\\/schema.org\",\"@graph\":[{\"@type\":\"Article\",\"@id\":\"https:\\\/\\\/informelitoral.com.ar\\\/emprendedores-de-valle-maria-recibieron-microcreditos-para-impulsar-sus-proyectos-productivos-y-comerciales\\\/#article\",\"isPartOf\":{\"@id\":\"https:\\\/\\\/informelitoral.com.ar\\\/emprendedores-de-valle-maria-recibieron-microcreditos-para-impulsar-sus-proyectos-productivos-y-comerciales\\\/\"},\"author\":{\"name\":\"Gonzalo Schmidt\",\"@id\":\"https:\\\/\\\/informelitoral.com.ar\\\/#\\\/schema\\\/person\\\/b9d00407c836482871ef1d57bf8e3180\"},\"headline\":\"Emprendedores de Valle Mar\u00eda recibieron microcr\u00e9ditos para impulsar sus proyectos productivos y comerciales\",\"datePublished\":\"2025-06-30T00:25:21+00:00\",\"mainEntityOfPage\":{\"@id\":\"https:\\\/\\\/informelitoral.com.ar\\\/emprendedores-de-valle-maria-recibieron-microcreditos-para-impulsar-sus-proyectos-productivos-y-comerciales\\\/\"},\"wordCount\":180,\"commentCount\":0,\"publisher\":{\"@id\":\"https:\\\/\\\/informelitoral.com.ar\\\/#organization\"},\"image\":{\"@id\":\"https:\\\/\\\/informelitoral.com.ar\\\/emprendedores-de-valle-maria-recibieron-microcreditos-para-impulsar-sus-proyectos-productivos-y-comerciales\\\/#primaryimage\"},\"thumbnailUrl\":\"https:\\\/\\\/lh3.googleusercontent.com\\\/drive-storage\\\/AJQWtBOhY2vZcYe1skk4O5bdFPWmOB9-vlZK1oMO0rdIbjtuCHrlLSqr_Rh8qxTEuwIjM46ElfDQCHGwSW1q9L0cTSjgfKYYEj4u3RlvpjDhiFKpmqY=w2048-h2048-p-k-nu\",\"keywords\":[\"Cr\u00e9ditos\",\"Desarrollo humano\",\"Emprendedores\",\"Municipios\",\"Valle Mar\u00eda\"],\"articleSection\":[\"Valle Mar\u00eda\"],\"inLanguage\":\"es\",\"potentialAction\":[{\"@type\":\"CommentAction\",\"name\":\"Comment\",\"target\":[\"https:\\\/\\\/informelitoral.com.ar\\\/emprendedores-de-valle-maria-recibieron-microcreditos-para-impulsar-sus-proyectos-productivos-y-comerciales\\\/#respond\"]}]},{\"@type\":\"WebPage\",\"@id\":\"https:\\\/\\\/informelitoral.com.ar\\\/emprendedores-de-valle-maria-recibieron-microcreditos-para-impulsar-sus-proyectos-productivos-y-comerciales\\\/\",\"url\":\"https:\\\/\\\/informelitoral.com.ar\\\/emprendedores-de-valle-maria-recibieron-microcreditos-para-impulsar-sus-proyectos-productivos-y-comerciales\\\/\",\"name\":\"Emprendedores de Valle Mar\u00eda recibieron microcr\u00e9ditos para impulsar sus proyectos productivos y comerciales - Informe Litoral\",\"isPartOf\":{\"@id\":\"https:\\\/\\\/informelitoral.com.ar\\\/#website\"},\"primaryImageOfPage\":{\"@id\":\"https:\\\/\\\/informelitoral.com.ar\\\/emprendedores-de-valle-maria-recibieron-microcreditos-para-impulsar-sus-proyectos-productivos-y-comerciales\\\/#primaryimage\"},\"image\":{\"@id\":\"https:\\\/\\\/informelitoral.com.ar\\\/emprendedores-de-valle-maria-recibieron-microcreditos-para-impulsar-sus-proyectos-productivos-y-comerciales\\\/#primaryimage\"},\"thumbnailUrl\":\"https:\\\/\\\/lh3.googleusercontent.com\\\/drive-storage\\\/AJQWtBOhY2vZcYe1skk4O5bdFPWmOB9-vlZK1oMO0rdIbjtuCHrlLSqr_Rh8qxTEuwIjM46ElfDQCHGwSW1q9L0cTSjgfKYYEj4u3RlvpjDhiFKpmqY=w2048-h2048-p-k-nu\",\"datePublished\":\"2025-06-30T00:25:21+00:00\",\"breadcrumb\":{\"@id\":\"https:\\\/\\\/informelitoral.com.ar\\\/emprendedores-de-valle-maria-recibieron-microcreditos-para-impulsar-sus-proyectos-productivos-y-comerciales\\\/#breadcrumb\"},\"inLanguage\":\"es\",\"potentialAction\":[{\"@type\":\"ReadAction\",\"target\":[\"https:\\\/\\\/informelitoral.com.ar\\\/emprendedores-de-valle-maria-recibieron-microcreditos-para-impulsar-sus-proyectos-productivos-y-comerciales\\\/\"]}]},{\"@type\":\"ImageObject\",\"inLanguage\":\"es\",\"@id\":\"https:\\\/\\\/informelitoral.com.ar\\\/emprendedores-de-valle-maria-recibieron-microcreditos-para-impulsar-sus-proyectos-productivos-y-comerciales\\\/#primaryimage\",\"url\":\"https:\\\/\\\/lh3.googleusercontent.com\\\/drive-storage\\\/AJQWtBOhY2vZcYe1skk4O5bdFPWmOB9-vlZK1oMO0rdIbjtuCHrlLSqr_Rh8qxTEuwIjM46ElfDQCHGwSW1q9L0cTSjgfKYYEj4u3RlvpjDhiFKpmqY=w2048-h2048-p-k-nu\",\"contentUrl\":\"https:\\\/\\\/lh3.googleusercontent.com\\\/drive-storage\\\/AJQWtBOhY2vZcYe1skk4O5bdFPWmOB9-vlZK1oMO0rdIbjtuCHrlLSqr_Rh8qxTEuwIjM46ElfDQCHGwSW1q9L0cTSjgfKYYEj4u3RlvpjDhiFKpmqY=w2048-h2048-p-k-nu\",\"width\":\"1920\",\"height\":\"1281\"},{\"@type\":\"BreadcrumbList\",\"@id\":\"https:\\\/\\\/informelitoral.com.ar\\\/emprendedores-de-valle-maria-recibieron-microcreditos-para-impulsar-sus-proyectos-productivos-y-comerciales\\\/#breadcrumb\",\"itemListElement\":[{\"@type\":\"ListItem\",\"position\":1,\"name\":\"Portada\",\"item\":\"https:\\\/\\\/informelitoral.com.ar\\\/\"},{\"@type\":\"ListItem\",\"position\":2,\"name\":\"Emprendedores de Valle Mar\u00eda recibieron microcr\u00e9ditos para impulsar sus proyectos productivos y comerciales\"}]},{\"@type\":\"WebSite\",\"@id\":\"https:\\\/\\\/informelitoral.com.ar\\\/#website\",\"url\":\"https:\\\/\\\/informelitoral.com.ar\\\/\",\"name\":\"Informe Litoral\",\"description\":\"&quot;Nos informamos&quot; \",\"publisher\":{\"@id\":\"https:\\\/\\\/informelitoral.com.ar\\\/#organization\"},\"potentialAction\":[{\"@type\":\"SearchAction\",\"target\":{\"@type\":\"EntryPoint\",\"urlTemplate\":\"https:\\\/\\\/informelitoral.com.ar\\\/?s={search_term_string}\"},\"query-input\":{\"@type\":\"PropertyValueSpecification\",\"valueRequired\":true,\"valueName\":\"search_term_string\"}}],\"inLanguage\":\"es\"},{\"@type\":\"Organization\",\"@id\":\"https:\\\/\\\/informelitoral.com.ar\\\/#organization\",\"name\":\"Informe Litoral\",\"url\":\"https:\\\/\\\/informelitoral.com.ar\\\/\",\"logo\":{\"@type\":\"ImageObject\",\"inLanguage\":\"es\",\"@id\":\"https:\\\/\\\/informelitoral.com.ar\\\/#\\\/schema\\\/logo\\\/image\\\/\",\"url\":\"https:\\\/\\\/informelitoral.com.ar\\\/%77%70%2d%63%6f%6e%74%65%6e%74\\\/uploads\\\/2021\\\/01\\\/circulo.png\",\"contentUrl\":\"https:\\\/\\\/informelitoral.com.ar\\\/%77%70%2d%63%6f%6e%74%65%6e%74\\\/uploads\\\/2021\\\/01\\\/circulo.png\",\"width\":723,\"height\":731,\"caption\":\"Informe Litoral\"},\"image\":{\"@id\":\"https:\\\/\\\/informelitoral.com.ar\\\/#\\\/schema\\\/logo\\\/image\\\/\"},\"sameAs\":[\"https:\\\/\\\/www.facebook.com\\\/informelitoral\\\/\",\"https:\\\/\\\/x.com\\\/InformeLitoral\",\"https:\\\/\\\/www.instagram.com\\\/informelitoral\\\/\",\"https:\\\/\\\/www.youtube.com\\\/channel\\\/UCua4Qvz8Icb6MYqhoq9xLXw\"]},{\"@type\":\"Person\",\"@id\":\"https:\\\/\\\/informelitoral.com.ar\\\/#\\\/schema\\\/person\\\/b9d00407c836482871ef1d57bf8e3180\",\"name\":\"Gonzalo Schmidt\",\"image\":{\"@type\":\"ImageObject\",\"inLanguage\":\"es\",\"@id\":\"https:\\\/\\\/secure.gravatar.com\\\/avatar\\\/31a1a7b66ff2de83bd0e9fd79d026630d2d99e55e8bfe501287647b4fd9743de?s=96&d=mm&r=g\",\"url\":\"https:\\\/\\\/secure.gravatar.com\\\/avatar\\\/31a1a7b66ff2de83bd0e9fd79d026630d2d99e55e8bfe501287647b4fd9743de?s=96&d=mm&r=g\",\"contentUrl\":\"https:\\\/\\\/secure.gravatar.com\\\/avatar\\\/31a1a7b66ff2de83bd0e9fd79d026630d2d99e55e8bfe501287647b4fd9743de?s=96&d=mm&r=g\",\"caption\":\"Gonzalo Schmidt\"},\"description\":\"Sitio web de noticias de la provincia de Entre R\u00edos, Argentina. Informaci\u00f3n y entretenimiento. Informe Litoral, nos informamos.\",\"sameAs\":[\"http:\\\/\\\/www.isletasnoticias.com.ar\"],\"url\":\"https:\\\/\\\/informelitoral.com.ar\\\/author\\\/gonzalo\\\/\"}]}<\/script>","yoast_head_json":{"title":"Emprendedores de Valle Mar\u00eda recibieron microcr\u00e9ditos para impulsar sus proyectos productivos y comerciales - Informe Litoral","robots":{"index":"index","follow":"follow","max-snippet":"max-snippet:-1","max-image-preview":"max-image-preview:large","max-video-preview":"max-video-preview:-1"},"canonical":"https:\/\/informelitoral.com.ar\/emprendedores-de-valle-maria-recibieron-microcreditos-para-impulsar-sus-proyectos-productivos-y-comerciales\/","og_locale":"es_ES","og_type":"article","og_title":"Emprendedores de Valle Mar\u00eda recibieron microcr\u00e9ditos para impulsar sus proyectos productivos y comerciales - Informe Litoral","og_description":"En el marco del trabajo articulado entre el gobierno provincial y los municipios, se entregaron microcr\u00e9ditos a emprendedores de Valle Mar\u00eda para impulsar proyectos productivos y comerciales.","og_url":"https:\/\/informelitoral.com.ar\/emprendedores-de-valle-maria-recibieron-microcreditos-para-impulsar-sus-proyectos-productivos-y-comerciales\/","og_site_name":"Informe Litoral","article_publisher":"https:\/\/www.facebook.com\/informelitoral\/","article_published_time":"2025-06-30T00:25:21+00:00","og_image":[{"url":"https:\/\/lh3.googleusercontent.com\/drive-storage\/AJQWtBOhY2vZcYe1skk4O5bdFPWmOB9-vlZK1oMO0rdIbjtuCHrlLSqr_Rh8qxTEuwIjM46ElfDQCHGwSW1q9L0cTSjgfKYYEj4u3RlvpjDhiFKpmqY=w2048-h2048-p-k-nu","type":"","width":"","height":""},{"width":1920,"height":1281,"url":"https:\/\/lh3.googleusercontent.com\/drive-storage\/AJQWtBOhY2vZcYe1skk4O5bdFPWmOB9-vlZK1oMO0rdIbjtuCHrlLSqr_Rh8qxTEuwIjM46ElfDQCHGwSW1q9L0cTSjgfKYYEj4u3RlvpjDhiFKpmqY=w2048-h2048-p-k-nu","type":"image\/jpeg"}],"author":"Gonzalo Schmidt","twitter_card":"summary_large_image","twitter_image":"https:\/\/lh3.googleusercontent.com\/drive-storage\/AJQWtBOhY2vZcYe1skk4O5bdFPWmOB9-vlZK1oMO0rdIbjtuCHrlLSqr_Rh8qxTEuwIjM46ElfDQCHGwSW1q9L0cTSjgfKYYEj4u3RlvpjDhiFKpmqY=w2048-h2048-p-k-nu","twitter_creator":"@InformeLitoral","twitter_site":"@InformeLitoral","twitter_misc":{"Escrito por":"Gonzalo Schmidt","Tiempo de lectura":"1 minuto"},"schema":{"@context":"https:\/\/schema.org","@graph":[{"@type":"Article","@id":"https:\/\/informelitoral.com.ar\/emprendedores-de-valle-maria-recibieron-microcreditos-para-impulsar-sus-proyectos-productivos-y-comerciales\/#article","isPartOf":{"@id":"https:\/\/informelitoral.com.ar\/emprendedores-de-valle-maria-recibieron-microcreditos-para-impulsar-sus-proyectos-productivos-y-comerciales\/"},"author":{"name":"Gonzalo Schmidt","@id":"https:\/\/informelitoral.com.ar\/#\/schema\/person\/b9d00407c836482871ef1d57bf8e3180"},"headline":"Emprendedores de Valle Mar\u00eda recibieron microcr\u00e9ditos para impulsar sus proyectos productivos y comerciales","datePublished":"2025-06-30T00:25:21+00:00","mainEntityOfPage":{"@id":"https:\/\/informelitoral.com.ar\/emprendedores-de-valle-maria-recibieron-microcreditos-para-impulsar-sus-proyectos-productivos-y-comerciales\/"},"wordCount":180,"commentCount":0,"publisher":{"@id":"https:\/\/informelitoral.com.ar\/#organization"},"image":{"@id":"https:\/\/informelitoral.com.ar\/emprendedores-de-valle-maria-recibieron-microcreditos-para-impulsar-sus-proyectos-productivos-y-comerciales\/#primaryimage"},"thumbnailUrl":"https:\/\/lh3.googleusercontent.com\/drive-storage\/AJQWtBOhY2vZcYe1skk4O5bdFPWmOB9-vlZK1oMO0rdIbjtuCHrlLSqr_Rh8qxTEuwIjM46ElfDQCHGwSW1q9L0cTSjgfKYYEj4u3RlvpjDhiFKpmqY=w2048-h2048-p-k-nu","keywords":["Cr\u00e9ditos","Desarrollo humano","Emprendedores","Municipios","Valle Mar\u00eda"],"articleSection":["Valle Mar\u00eda"],"inLanguage":"es","potentialAction":[{"@type":"CommentAction","name":"Comment","target":["https:\/\/informelitoral.com.ar\/emprendedores-de-valle-maria-recibieron-microcreditos-para-impulsar-sus-proyectos-productivos-y-comerciales\/#respond"]}]},{"@type":"WebPage","@id":"https:\/\/informelitoral.com.ar\/emprendedores-de-valle-maria-recibieron-microcreditos-para-impulsar-sus-proyectos-productivos-y-comerciales\/","url":"https:\/\/informelitoral.com.ar\/emprendedores-de-valle-maria-recibieron-microcreditos-para-impulsar-sus-proyectos-productivos-y-comerciales\/","name":"Emprendedores de Valle Mar\u00eda recibieron microcr\u00e9ditos para impulsar sus proyectos productivos y comerciales - Informe Litoral","isPartOf":{"@id":"https:\/\/informelitoral.com.ar\/#website"},"primaryImageOfPage":{"@id":"https:\/\/informelitoral.com.ar\/emprendedores-de-valle-maria-recibieron-microcreditos-para-impulsar-sus-proyectos-productivos-y-comerciales\/#primaryimage"},"image":{"@id":"https:\/\/informelitoral.com.ar\/emprendedores-de-valle-maria-recibieron-microcreditos-para-impulsar-sus-proyectos-productivos-y-comerciales\/#primaryimage"},"thumbnailUrl":"https:\/\/lh3.googleusercontent.com\/drive-storage\/AJQWtBOhY2vZcYe1skk4O5bdFPWmOB9-vlZK1oMO0rdIbjtuCHrlLSqr_Rh8qxTEuwIjM46ElfDQCHGwSW1q9L0cTSjgfKYYEj4u3RlvpjDhiFKpmqY=w2048-h2048-p-k-nu","datePublished":"2025-06-30T00:25:21+00:00","breadcrumb":{"@id":"https:\/\/informelitoral.com.ar\/emprendedores-de-valle-maria-recibieron-microcreditos-para-impulsar-sus-proyectos-productivos-y-comerciales\/#breadcrumb"},"inLanguage":"es","potentialAction":[{"@type":"ReadAction","target":["https:\/\/informelitoral.com.ar\/emprendedores-de-valle-maria-recibieron-microcreditos-para-impulsar-sus-proyectos-productivos-y-comerciales\/"]}]},{"@type":"ImageObject","inLanguage":"es","@id":"https:\/\/informelitoral.com.ar\/emprendedores-de-valle-maria-recibieron-microcreditos-para-impulsar-sus-proyectos-productivos-y-comerciales\/#primaryimage","url":"https:\/\/lh3.googleusercontent.com\/drive-storage\/AJQWtBOhY2vZcYe1skk4O5bdFPWmOB9-vlZK1oMO0rdIbjtuCHrlLSqr_Rh8qxTEuwIjM46ElfDQCHGwSW1q9L0cTSjgfKYYEj4u3RlvpjDhiFKpmqY=w2048-h2048-p-k-nu","contentUrl":"https:\/\/lh3.googleusercontent.com\/drive-storage\/AJQWtBOhY2vZcYe1skk4O5bdFPWmOB9-vlZK1oMO0rdIbjtuCHrlLSqr_Rh8qxTEuwIjM46ElfDQCHGwSW1q9L0cTSjgfKYYEj4u3RlvpjDhiFKpmqY=w2048-h2048-p-k-nu","width":"1920","height":"1281"},{"@type":"BreadcrumbList","@id":"https:\/\/informelitoral.com.ar\/emprendedores-de-valle-maria-recibieron-microcreditos-para-impulsar-sus-proyectos-productivos-y-comerciales\/#breadcrumb","itemListElement":[{"@type":"ListItem","position":1,"name":"Portada","item":"https:\/\/informelitoral.com.ar\/"},{"@type":"ListItem","position":2,"name":"Emprendedores de Valle Mar\u00eda recibieron microcr\u00e9ditos para impulsar sus proyectos productivos y comerciales"}]},{"@type":"WebSite","@id":"https:\/\/informelitoral.com.ar\/#website","url":"https:\/\/informelitoral.com.ar\/","name":"Informe Litoral","description":"&quot;Nos informamos&quot; ","publisher":{"@id":"https:\/\/informelitoral.com.ar\/#organization"},"potentialAction":[{"@type":"SearchAction","target":{"@type":"EntryPoint","urlTemplate":"https:\/\/informelitoral.com.ar\/?s={search_term_string}"},"query-input":{"@type":"PropertyValueSpecification","valueRequired":true,"valueName":"search_term_string"}}],"inLanguage":"es"},{"@type":"Organization","@id":"https:\/\/informelitoral.com.ar\/#organization","name":"Informe Litoral","url":"https:\/\/informelitoral.com.ar\/","logo":{"@type":"ImageObject","inLanguage":"es","@id":"https:\/\/informelitoral.com.ar\/#\/schema\/logo\/image\/","url":"https:\/\/informelitoral.com.ar\/%77%70%2d%63%6f%6e%74%65%6e%74\/uploads\/2021\/01\/circulo.png","contentUrl":"https:\/\/informelitoral.com.ar\/%77%70%2d%63%6f%6e%74%65%6e%74\/uploads\/2021\/01\/circulo.png","width":723,"height":731,"caption":"Informe Litoral"},"image":{"@id":"https:\/\/informelitoral.com.ar\/#\/schema\/logo\/image\/"},"sameAs":["https:\/\/www.facebook.com\/informelitoral\/","https:\/\/x.com\/InformeLitoral","https:\/\/www.instagram.com\/informelitoral\/","https:\/\/www.youtube.com\/channel\/UCua4Qvz8Icb6MYqhoq9xLXw"]},{"@type":"Person","@id":"https:\/\/informelitoral.com.ar\/#\/schema\/person\/b9d00407c836482871ef1d57bf8e3180","name":"Gonzalo Schmidt","image":{"@type":"ImageObject","inLanguage":"es","@id":"https:\/\/secure.gravatar.com\/avatar\/31a1a7b66ff2de83bd0e9fd79d026630d2d99e55e8bfe501287647b4fd9743de?s=96&d=mm&r=g","url":"https:\/\/secure.gravatar.com\/avatar\/31a1a7b66ff2de83bd0e9fd79d026630d2d99e55e8bfe501287647b4fd9743de?s=96&d=mm&r=g","contentUrl":"https:\/\/secure.gravatar.com\/avatar\/31a1a7b66ff2de83bd0e9fd79d026630d2d99e55e8bfe501287647b4fd9743de?s=96&d=mm&r=g","caption":"Gonzalo Schmidt"},"description":"Sitio web de noticias de la provincia de Entre R\u00edos, Argentina. Informaci\u00f3n y entretenimiento. Informe Litoral, nos informamos.","sameAs":["http:\/\/www.isletasnoticias.com.ar"],"url":"https:\/\/informelitoral.com.ar\/author\/gonzalo\/"}]}},"fifu_image_url":"https:\/\/lh3.googleusercontent.com\/drive-storage\/AJQWtBOhY2vZcYe1skk4O5bdFPWmOB9-vlZK1oMO0rdIbjtuCHrlLSqr_Rh8qxTEuwIjM46ElfDQCHGwSW1q9L0cTSjgfKYYEj4u3RlvpjDhiFKpmqY=w2048-h2048-p-k-nu","_links":{"self":[{"href":"https:\/\/informelitoral.com.ar\/%77%70%2d%6a%73%6f%6e\/wp\/v2\/posts\/225545","targetHints":{"allow":["GET"]}}],"collection":[{"href":"https:\/\/informelitoral.com.ar\/%77%70%2d%6a%73%6f%6e\/wp\/v2\/posts"}],"about":[{"href":"https:\/\/informelitoral.com.ar\/%77%70%2d%6a%73%6f%6e\/wp\/v2\/types\/post"}],"author":[{"embeddable":true,"href":"https:\/\/informelitoral.com.ar\/%77%70%2d%6a%73%6f%6e\/wp\/v2\/users\/2"}],"replies":[{"embeddable":true,"href":"https:\/\/informelitoral.com.ar\/%77%70%2d%6a%73%6f%6e\/wp\/v2\/comments?post=225545"}],"version-history":[{"count":1,"href":"https:\/\/informelitoral.com.ar\/%77%70%2d%6a%73%6f%6e\/wp\/v2\/posts\/225545\/revisions"}],"predecessor-version":[{"id":225547,"href":"https:\/\/informelitoral.com.ar\/%77%70%2d%6a%73%6f%6e\/wp\/v2\/posts\/225545\/revisions\/225547"}],"wp:featuredmedia":[{"embeddable":true,"href":"https:\/\/informelitoral.com.ar\/%77%70%2d%6a%73%6f%6e\/wp\/v2\/media\/225546"}],"wp:attachment":[{"href":"https:\/\/informelitoral.com.ar\/%77%70%2d%6a%73%6f%6e\/wp\/v2\/media?parent=225545"}],"wp:term":[{"taxonomy":"category","embeddable":true,"href":"https:\/\/informelitoral.com.ar\/%77%70%2d%6a%73%6f%6e\/wp\/v2\/categories?post=225545"},{"taxonomy":"post_tag","embeddable":true,"href":"https:\/\/informelitoral.com.ar\/%77%70%2d%6a%73%6f%6e\/wp\/v2\/tags?post=225545"}],"curies":[{"name":"wp","href":"https:\/\/api.w.org\/{rel}","templated":true}]}}