{"id":2254,"date":"2013-06-26T09:17:01","date_gmt":"2013-06-26T12:17:01","guid":{"rendered":"http:\/\/www.isletasnoticias.com.ar\/?p=2254"},"modified":"2013-06-26T09:17:01","modified_gmt":"2013-06-26T12:17:01","slug":"los-piropos-entre-cristina-kirchner-y-urribarri","status":"publish","type":"post","link":"https:\/\/informelitoral.com.ar\/los-piropos-entre-cristina-kirchner-y-urribarri\/","title":{"rendered":"Los &#8216;piropos&#8217; entre Cristina Kirchner y Urribarri"},"content":{"rendered":"<p><strong>La mandataria nacional y el gobernador entrerriano intercambiaron elogios en el acto por el bicentenario de Paran\u00e1. El jefe del Ejecutivo provincial le expres\u00f3 que es \u00abun gobernador que no conoce de ambig\u00fcedades\u00bb. Cristina lo destac\u00f3 como\u00a0<strong>un leal en momentos dif\u00edciles.<\/strong><\/strong><\/p>\n<p><img loading=\"lazy\" decoding=\"async\" class=\"size-medium wp-image-2255 aligncenter\" alt=\"urr\" src=\"http:\/\/www.isletasnoticias.com.ar\/%77%70%2d%63%6f%6e%74%65%6e%74\/uploads\/2013\/06\/urr-300x168.jpg\" width=\"300\" height=\"168\" srcset=\"https:\/\/informelitoral.com.ar\/%77%70%2d%63%6f%6e%74%65%6e%74\/uploads\/2013\/06\/urr-300x168.jpg 300w, https:\/\/informelitoral.com.ar\/%77%70%2d%63%6f%6e%74%65%6e%74\/uploads\/2013\/06\/urr.jpg 633w\" sizes=\"auto, (max-width: 300px) 100vw, 300px\" \/><\/p>\n<p style=\"text-align: left;\">Cristina Fern\u00e1ndez de Kirchner estuvo en Paran\u00e1 en el acto del Bicentenario. Ante una multitud habl\u00f3 de todo, hizo referencias a la justicia y destac\u00f3 el rol de Sergio Urribarri \u201cen los momentos m\u00e1s dif\u00edciles\u201d.<\/p>\n<p>En sus respectivos discursos, Cristina Kirchner y Urribarri intercambiaron elogios de todo tipo. A su tiempo, el Gobernador de Entre R\u00edos, comenz\u00f3 expresando \u201csu orgullo\u201d por la visita de la presidente. \u201cPara m\u00ed, es un honor y alegr\u00eda enorme compartir el Bicentenario y que usted engalane esta fiesta\u201d, abri\u00f3 Urribarri dirigi\u00e9ndose a Cristina.<\/p>\n<p style=\"text-align: left;\">Luego agreg\u00f3 que \u201ces una honor, ser parte bajo su conducci\u00f3n, de la recuperaci\u00f3n de Paran\u00e1 y de toda la provincia. Las acciones de su gobierno permiten a los entrerrianos volver a so\u00f1ar\u201d.<\/p>\n<p>En la misma l\u00ednea, el mandatario provincial hizo un repaso de la historia de la provincia: \u201cen medio de luchas internas fue en Entre R\u00edos donde floreci\u00f3 la idea de un pa\u00eds republicano y federal organizado a trav\u00e9s de una Constituci\u00f3n\u201d.<\/p>\n<p>En ese sentido destac\u00f3 la figura de Gervasio Artigas, como pr\u00f3cer de la Banda Oriental. \u201cMe siento orgulloso por ser protagonista por la cooperaci\u00f3n entre el gobierno Nacional, el Estado Provincial y Municipal\u201d, sigui\u00f3 el jefe del Ejecutivo entrerriano., al tiempo que a\u00f1adi\u00f3 un agradecimiento a la mandataria nacional \u201cpor todas las obras\u201d.<\/p>\n<p style=\"text-align: left;\">Asimismo, Urribarri resalt\u00f3 al ex presidente N\u00e9stor Kirchner y a la continuidad del proyecto pol\u00edtico por CFK: \u201cla pol\u00edtica de Estado que en la gesti\u00f3n de N\u00e9stor y que sigui\u00f3 con Usted son las trazos orientadores que marcan un cambio de \u00e9poca en la Argentina. Pol\u00edtica de Estado que permite tener derechos humanos, m\u00e1s inclusi\u00f3n y acceso a los bienes culturales\u201d.<\/p>\n<p style=\"text-align: left;\">\n<b>\u201cEste gobernador no conoce de ambig\u00fcedades\u201d<\/b><br \/>\nM\u00e1s adelante, Sergio Urribarri le manifest\u00f3 a la presidente : \u201cquiero decirle algo que quiz\u00e1 es obvio: este gobernador que no conoce de ambig\u00fcedades. Que jam\u00e1s va a ir por el medio, la va a acompa\u00f1ar junto con la mayor\u00eda del pueblo entrerriano para seguir transformando la Argentina\u201d.<\/p>\n<p>Acto seguido, agreg\u00f3: \u201cs\u00e9 que Usted lo sabe pero por las dudas, que un distra\u00eddo en otro lugar del pa\u00eds no piense que aqu\u00ed la mayor\u00eda del pueblo no va a seguir apoyando las transformaciones que N\u00e9stor inici\u00f3 y Usted continu\u00f3. Lo vamos a hacer porque nos gusta jugar fuerte, y porque somos agradecidos\u201d.<\/p>\n<p style=\"text-align: left;\">A su tiempo la presidente Cristina Kirchner, tom\u00f3 la palabra y se dirigi\u00f3 al p\u00fablico afirmando que antes de 2003 \u201cEntre R\u00edos era una provincia devastada en un pa\u00eds devastado\u201d. Y luego dijo que en el kirchnerismo \u201cestamos hecho de otra pasta, para encarar los problemas para zambullirnos y resolverlos. Para eso fuimos moldeados\u201d.<\/p>\n<p style=\"text-align: left;\">\u201cSiento que hemos cumplido muchos sue\u00f1os\u201d, continu\u00f3 CFK para luego referirse al proyecto para construir el puente que ir\u00e1 Santa Fe y Paran\u00e1 y lanz\u00f3 una iron\u00eda: \u201cespero que el puente no se llame Bonfatti-Urribarri. No los voy a dejar porque hay gente que se enoja cuando le quieren poner el nombre de alguien. Mir\u00e1 lo que pas\u00f3 el otro d\u00eda me entere que quer\u00edan ponerle mi nombre a un estadio, y se arm\u00f3 un lio b\u00e1rbaro\u201d.<\/p>\n<p>En esa l\u00ednea dijo que \u201cla mejor memoria es la que est\u00e1 en el coraz\u00f3n de la gente y el pueblo. Nombre de calles, avenida y escuelas, tiene todos en este pa\u00eds desde los buenos a los malos, pero lo importantes es que cuando alguien te nombre se le escape una lagrima pensando que algo hiciste\u201d.<\/p>\n<p style=\"text-align: left;\">En otro tramo de su discurso Cristina Kirchner hizo hincapi\u00e9 en la historia Argentina y el lugar de la provincia. \u201cEsta bandera de Entre r\u00edos, cruzada por una banda roja s\u00edmbolo de Artigas, vivo en la tierra entrerriana. Ese Artigas que quer\u00eda ser\u00a0argentino y no los dejamos, carajo\u201d, dijo efusiva la mandataria.<\/p>\n<p style=\"text-align: left;\"><b>La lealtad<\/b><br \/>\nEnseguida, CFK, rememor\u00f3 los d\u00edas del conflicto con el campo y destac\u00f3 el acompa\u00f1amiento de Urribarri en ese momento: \u201cvivimos en episodios duros que nos toc\u00f3 sobre todo en la provincia de Entre R\u00edos y si algo tengo que agradecerte gobernador, es la lealtad en el momento m\u00e1s dif\u00edcil que nos toc\u00f3 vivir como gobierno nacional. La lealtad cuando todo va lindo y va bien es m\u00e1s f\u00e1cil, c\u00f3moda y segura. La lealtad en los momentos de soledad es m\u00e1s dif\u00edcil y valorable, pero tambi\u00e9n tenemos que aprender de este episodio qui\u00e9nes fueron los que ganaron y qui\u00e9nes perdieron. Muy pocos y poderosos ganaron\u201d, resalt\u00f3.<\/p>\n<p style=\"text-align: left;\"><b>Las elecciones tocan a la puerta<\/b><br \/>\nPor otra parte, la mandataria nacional reiter\u00f3 cr\u00edticas a la oposici\u00f3n a la que calific\u00f3 como un \u201crejunte para ganar una elecci\u00f3n\u201d.<br \/>\n\u201cCuando uno es legislador, senador, diputado, acompa\u00f1a un proyecto de pa\u00eds y no es s\u00f3lo un rejunte de gente para ganar una elecci\u00f3n. La elecci\u00f3n es un d\u00eda pero gobernar se gobierna los 365 d\u00edas del a\u00f1o. Y necesitamos hombres y mujeres en nuestras C\u00e1maras que comprendan las dificultades de un mundo cada vez m\u00e1s hostil. Uno prende el televisor, abre las p\u00e1ginas de un diario y ve lo que est\u00e1 pasando en el mundo. Vemos un escenario dif\u00edcil entonces en necesario ejercer las necesidades institucionales no siguiendo la m\u00fasica y la partitura que ponen los medios hegem\u00f3nicos, sino con la batuta del pueblo\u201d, se explay\u00f3.<\/p>\n<p style=\"text-align: left;\">A continuaci\u00f3n lanz\u00f3 nuevamente declaraciones entorno a la elecci\u00f3n por el Consejo de la Magistratura: \u201cc\u00f3mo no se puede estar de acuerdo en que la gente vote para que elijan a los \u00f3rganos pol\u00edticos que conducen al poder judicial de la Naci\u00f3n. C\u00f3mo no se puede estar de acuerdo en que tenemos que defender nuestras reservas y divisas para que nuestra industria pueda seguir importando los insumos b\u00e1sico para seguir industrializando al pa\u00eds y dando trabajo\u201d.<\/p>\n<p style=\"text-align: left;\">Fuente: Informe Digital.<\/p>\n","protected":false},"excerpt":{"rendered":"<p>La mandataria nacional y el gobernador entrerriano intercambiaron elogios en el acto por el bicentenario de Paran&aacute;. El jefe del Ejecutivo provincial le expres&oacute; que es &laquo;un gobernador que no conoce de ambig&uuml;edades&raquo;. Cristina lo destac&oacute; como&nbsp;un leal en momentos dif&iacute;ciles. Cristina Fern&aacute;ndez de Kirchner estuvo en Paran&aacute; en el acto del Bicentenario. Ante una [&hellip;]<\/p>\n","protected":false},"author":2,"featured_media":0,"comment_status":"open","ping_status":"open","sticky":false,"template":"","format":"standard","meta":{"fifu_image_url":"","fifu_image_alt":"","footnotes":""},"categories":[16],"tags":[],"class_list":{"0":"post-2254","1":"post","2":"type-post","3":"status-publish","4":"format-standard","6":"category-politi"},"yoast_head":"<title>Los &#039;piropos&#039; entre Cristina Kirchner y Urribarri - Informe Litoral<\/title>\n<meta name=\"robots\" content=\"index, follow, max-snippet:-1, max-image-preview:large, max-video-preview:-1\" \/>\n<link rel=\"canonical\" href=\"https:\/\/informelitoral.com.ar\/los-piropos-entre-cristina-kirchner-y-urribarri\/\" \/>\n<meta property=\"og:locale\" content=\"es_ES\" \/>\n<meta property=\"og:type\" content=\"article\" \/>\n<meta property=\"og:title\" content=\"Los &#039;piropos&#039; entre Cristina Kirchner y Urribarri - Informe Litoral\" \/>\n<meta property=\"og:description\" content=\"La mandataria nacional y el gobernador entrerriano intercambiaron elogios en el acto por el bicentenario de Paran&aacute;. El jefe del Ejecutivo provincial le expres&oacute; que es &laquo;un gobernador que no conoce de ambig&uuml;edades&raquo;. Cristina lo destac&oacute; como&nbsp;un leal en momentos dif&iacute;ciles. Cristina Fern&aacute;ndez de Kirchner estuvo en Paran&aacute; en el acto del Bicentenario. Ante una [&hellip;]\" \/>\n<meta property=\"og:url\" content=\"https:\/\/informelitoral.com.ar\/los-piropos-entre-cristina-kirchner-y-urribarri\/\" \/>\n<meta property=\"og:site_name\" content=\"Informe Litoral\" \/>\n<meta property=\"article:publisher\" content=\"https:\/\/www.facebook.com\/informelitoral\/\" \/>\n<meta property=\"article:published_time\" content=\"2013-06-26T12:17:01+00:00\" \/>\n<meta property=\"og:image\" content=\"https:\/\/informelitoral.com.ar\/%77%70%2d%63%6f%6e%74%65%6e%74\/uploads\/2013\/06\/urr.jpg\" \/>\n\t<meta property=\"og:image:width\" content=\"633\" \/>\n\t<meta property=\"og:image:height\" content=\"356\" \/>\n\t<meta property=\"og:image:type\" content=\"image\/jpeg\" \/>\n<meta name=\"author\" content=\"Gonzalo Schmidt\" \/>\n<meta name=\"twitter:card\" content=\"summary_large_image\" \/>\n<meta name=\"twitter:creator\" content=\"@InformeLitoral\" \/>\n<meta name=\"twitter:site\" content=\"@InformeLitoral\" \/>\n<meta name=\"twitter:label1\" content=\"Escrito por\" \/>\n\t<meta name=\"twitter:data1\" content=\"Gonzalo Schmidt\" \/>\n\t<meta name=\"twitter:label2\" content=\"Tiempo de lectura\" \/>\n\t<meta name=\"twitter:data2\" content=\"5 minutos\" \/>\n<script type=\"application\/ld+json\" class=\"yoast-schema-graph\">{\"@context\":\"https:\\\/\\\/schema.org\",\"@graph\":[{\"@type\":\"Article\",\"@id\":\"https:\\\/\\\/informelitoral.com.ar\\\/los-piropos-entre-cristina-kirchner-y-urribarri\\\/#article\",\"isPartOf\":{\"@id\":\"https:\\\/\\\/informelitoral.com.ar\\\/los-piropos-entre-cristina-kirchner-y-urribarri\\\/\"},\"author\":{\"name\":\"Gonzalo Schmidt\",\"@id\":\"https:\\\/\\\/informelitoral.com.ar\\\/#\\\/schema\\\/person\\\/b9d00407c836482871ef1d57bf8e3180\"},\"headline\":\"Los &#8216;piropos&#8217; entre Cristina Kirchner y Urribarri\",\"datePublished\":\"2013-06-26T12:17:01+00:00\",\"mainEntityOfPage\":{\"@id\":\"https:\\\/\\\/informelitoral.com.ar\\\/los-piropos-entre-cristina-kirchner-y-urribarri\\\/\"},\"wordCount\":1079,\"commentCount\":0,\"publisher\":{\"@id\":\"https:\\\/\\\/informelitoral.com.ar\\\/#organization\"},\"image\":{\"@id\":\"https:\\\/\\\/informelitoral.com.ar\\\/los-piropos-entre-cristina-kirchner-y-urribarri\\\/#primaryimage\"},\"thumbnailUrl\":\"http:\\\/\\\/www.isletasnoticias.com.ar\\\/%77%70%2d%63%6f%6e%74%65%6e%74\\\/uploads\\\/2013\\\/06\\\/urr-300x168.jpg\",\"articleSection\":[\"Politica\"],\"inLanguage\":\"es\",\"potentialAction\":[{\"@type\":\"CommentAction\",\"name\":\"Comment\",\"target\":[\"https:\\\/\\\/informelitoral.com.ar\\\/los-piropos-entre-cristina-kirchner-y-urribarri\\\/#respond\"]}]},{\"@type\":\"WebPage\",\"@id\":\"https:\\\/\\\/informelitoral.com.ar\\\/los-piropos-entre-cristina-kirchner-y-urribarri\\\/\",\"url\":\"https:\\\/\\\/informelitoral.com.ar\\\/los-piropos-entre-cristina-kirchner-y-urribarri\\\/\",\"name\":\"Los 'piropos' entre Cristina Kirchner y Urribarri - Informe Litoral\",\"isPartOf\":{\"@id\":\"https:\\\/\\\/informelitoral.com.ar\\\/#website\"},\"primaryImageOfPage\":{\"@id\":\"https:\\\/\\\/informelitoral.com.ar\\\/los-piropos-entre-cristina-kirchner-y-urribarri\\\/#primaryimage\"},\"image\":{\"@id\":\"https:\\\/\\\/informelitoral.com.ar\\\/los-piropos-entre-cristina-kirchner-y-urribarri\\\/#primaryimage\"},\"thumbnailUrl\":\"http:\\\/\\\/www.isletasnoticias.com.ar\\\/%77%70%2d%63%6f%6e%74%65%6e%74\\\/uploads\\\/2013\\\/06\\\/urr-300x168.jpg\",\"datePublished\":\"2013-06-26T12:17:01+00:00\",\"breadcrumb\":{\"@id\":\"https:\\\/\\\/informelitoral.com.ar\\\/los-piropos-entre-cristina-kirchner-y-urribarri\\\/#breadcrumb\"},\"inLanguage\":\"es\",\"potentialAction\":[{\"@type\":\"ReadAction\",\"target\":[\"https:\\\/\\\/informelitoral.com.ar\\\/los-piropos-entre-cristina-kirchner-y-urribarri\\\/\"]}]},{\"@type\":\"ImageObject\",\"inLanguage\":\"es\",\"@id\":\"https:\\\/\\\/informelitoral.com.ar\\\/los-piropos-entre-cristina-kirchner-y-urribarri\\\/#primaryimage\",\"url\":\"http:\\\/\\\/www.isletasnoticias.com.ar\\\/%77%70%2d%63%6f%6e%74%65%6e%74\\\/uploads\\\/2013\\\/06\\\/urr-300x168.jpg\",\"contentUrl\":\"http:\\\/\\\/www.isletasnoticias.com.ar\\\/%77%70%2d%63%6f%6e%74%65%6e%74\\\/uploads\\\/2013\\\/06\\\/urr-300x168.jpg\"},{\"@type\":\"BreadcrumbList\",\"@id\":\"https:\\\/\\\/informelitoral.com.ar\\\/los-piropos-entre-cristina-kirchner-y-urribarri\\\/#breadcrumb\",\"itemListElement\":[{\"@type\":\"ListItem\",\"position\":1,\"name\":\"Portada\",\"item\":\"https:\\\/\\\/informelitoral.com.ar\\\/\"},{\"@type\":\"ListItem\",\"position\":2,\"name\":\"Los &#8216;piropos&#8217; entre Cristina Kirchner y Urribarri\"}]},{\"@type\":\"WebSite\",\"@id\":\"https:\\\/\\\/informelitoral.com.ar\\\/#website\",\"url\":\"https:\\\/\\\/informelitoral.com.ar\\\/\",\"name\":\"Informe Litoral\",\"description\":\"&quot;Nos informamos&quot; \",\"publisher\":{\"@id\":\"https:\\\/\\\/informelitoral.com.ar\\\/#organization\"},\"potentialAction\":[{\"@type\":\"SearchAction\",\"target\":{\"@type\":\"EntryPoint\",\"urlTemplate\":\"https:\\\/\\\/informelitoral.com.ar\\\/?s={search_term_string}\"},\"query-input\":{\"@type\":\"PropertyValueSpecification\",\"valueRequired\":true,\"valueName\":\"search_term_string\"}}],\"inLanguage\":\"es\"},{\"@type\":\"Organization\",\"@id\":\"https:\\\/\\\/informelitoral.com.ar\\\/#organization\",\"name\":\"Informe Litoral\",\"url\":\"https:\\\/\\\/informelitoral.com.ar\\\/\",\"logo\":{\"@type\":\"ImageObject\",\"inLanguage\":\"es\",\"@id\":\"https:\\\/\\\/informelitoral.com.ar\\\/#\\\/schema\\\/logo\\\/image\\\/\",\"url\":\"https:\\\/\\\/informelitoral.com.ar\\\/%77%70%2d%63%6f%6e%74%65%6e%74\\\/uploads\\\/2021\\\/01\\\/circulo.png\",\"contentUrl\":\"https:\\\/\\\/informelitoral.com.ar\\\/%77%70%2d%63%6f%6e%74%65%6e%74\\\/uploads\\\/2021\\\/01\\\/circulo.png\",\"width\":723,\"height\":731,\"caption\":\"Informe Litoral\"},\"image\":{\"@id\":\"https:\\\/\\\/informelitoral.com.ar\\\/#\\\/schema\\\/logo\\\/image\\\/\"},\"sameAs\":[\"https:\\\/\\\/www.facebook.com\\\/informelitoral\\\/\",\"https:\\\/\\\/x.com\\\/InformeLitoral\",\"https:\\\/\\\/www.instagram.com\\\/informelitoral\\\/\",\"https:\\\/\\\/www.youtube.com\\\/channel\\\/UCua4Qvz8Icb6MYqhoq9xLXw\"]},{\"@type\":\"Person\",\"@id\":\"https:\\\/\\\/informelitoral.com.ar\\\/#\\\/schema\\\/person\\\/b9d00407c836482871ef1d57bf8e3180\",\"name\":\"Gonzalo Schmidt\",\"image\":{\"@type\":\"ImageObject\",\"inLanguage\":\"es\",\"@id\":\"https:\\\/\\\/secure.gravatar.com\\\/avatar\\\/31a1a7b66ff2de83bd0e9fd79d026630d2d99e55e8bfe501287647b4fd9743de?s=96&d=mm&r=g\",\"url\":\"https:\\\/\\\/secure.gravatar.com\\\/avatar\\\/31a1a7b66ff2de83bd0e9fd79d026630d2d99e55e8bfe501287647b4fd9743de?s=96&d=mm&r=g\",\"contentUrl\":\"https:\\\/\\\/secure.gravatar.com\\\/avatar\\\/31a1a7b66ff2de83bd0e9fd79d026630d2d99e55e8bfe501287647b4fd9743de?s=96&d=mm&r=g\",\"caption\":\"Gonzalo Schmidt\"},\"description\":\"Sitio web de noticias de la provincia de Entre R\u00edos, Argentina. Informaci\u00f3n y entretenimiento. Informe Litoral, nos informamos.\",\"sameAs\":[\"http:\\\/\\\/www.isletasnoticias.com.ar\"],\"url\":\"https:\\\/\\\/informelitoral.com.ar\\\/author\\\/gonzalo\\\/\"}]}<\/script>","yoast_head_json":{"title":"Los 'piropos' entre Cristina Kirchner y Urribarri - Informe Litoral","robots":{"index":"index","follow":"follow","max-snippet":"max-snippet:-1","max-image-preview":"max-image-preview:large","max-video-preview":"max-video-preview:-1"},"canonical":"https:\/\/informelitoral.com.ar\/los-piropos-entre-cristina-kirchner-y-urribarri\/","og_locale":"es_ES","og_type":"article","og_title":"Los 'piropos' entre Cristina Kirchner y Urribarri - Informe Litoral","og_description":"La mandataria nacional y el gobernador entrerriano intercambiaron elogios en el acto por el bicentenario de Paran&aacute;. El jefe del Ejecutivo provincial le expres&oacute; que es &laquo;un gobernador que no conoce de ambig&uuml;edades&raquo;. Cristina lo destac&oacute; como&nbsp;un leal en momentos dif&iacute;ciles. Cristina Fern&aacute;ndez de Kirchner estuvo en Paran&aacute; en el acto del Bicentenario. Ante una [&hellip;]","og_url":"https:\/\/informelitoral.com.ar\/los-piropos-entre-cristina-kirchner-y-urribarri\/","og_site_name":"Informe Litoral","article_publisher":"https:\/\/www.facebook.com\/informelitoral\/","article_published_time":"2013-06-26T12:17:01+00:00","og_image":[{"width":633,"height":356,"url":"https:\/\/informelitoral.com.ar\/%77%70%2d%63%6f%6e%74%65%6e%74\/uploads\/2013\/06\/urr.jpg","type":"image\/jpeg"}],"author":"Gonzalo Schmidt","twitter_card":"summary_large_image","twitter_creator":"@InformeLitoral","twitter_site":"@InformeLitoral","twitter_misc":{"Escrito por":"Gonzalo Schmidt","Tiempo de lectura":"5 minutos"},"schema":{"@context":"https:\/\/schema.org","@graph":[{"@type":"Article","@id":"https:\/\/informelitoral.com.ar\/los-piropos-entre-cristina-kirchner-y-urribarri\/#article","isPartOf":{"@id":"https:\/\/informelitoral.com.ar\/los-piropos-entre-cristina-kirchner-y-urribarri\/"},"author":{"name":"Gonzalo Schmidt","@id":"https:\/\/informelitoral.com.ar\/#\/schema\/person\/b9d00407c836482871ef1d57bf8e3180"},"headline":"Los &#8216;piropos&#8217; entre Cristina Kirchner y Urribarri","datePublished":"2013-06-26T12:17:01+00:00","mainEntityOfPage":{"@id":"https:\/\/informelitoral.com.ar\/los-piropos-entre-cristina-kirchner-y-urribarri\/"},"wordCount":1079,"commentCount":0,"publisher":{"@id":"https:\/\/informelitoral.com.ar\/#organization"},"image":{"@id":"https:\/\/informelitoral.com.ar\/los-piropos-entre-cristina-kirchner-y-urribarri\/#primaryimage"},"thumbnailUrl":"http:\/\/www.isletasnoticias.com.ar\/%77%70%2d%63%6f%6e%74%65%6e%74\/uploads\/2013\/06\/urr-300x168.jpg","articleSection":["Politica"],"inLanguage":"es","potentialAction":[{"@type":"CommentAction","name":"Comment","target":["https:\/\/informelitoral.com.ar\/los-piropos-entre-cristina-kirchner-y-urribarri\/#respond"]}]},{"@type":"WebPage","@id":"https:\/\/informelitoral.com.ar\/los-piropos-entre-cristina-kirchner-y-urribarri\/","url":"https:\/\/informelitoral.com.ar\/los-piropos-entre-cristina-kirchner-y-urribarri\/","name":"Los 'piropos' entre Cristina Kirchner y Urribarri - Informe Litoral","isPartOf":{"@id":"https:\/\/informelitoral.com.ar\/#website"},"primaryImageOfPage":{"@id":"https:\/\/informelitoral.com.ar\/los-piropos-entre-cristina-kirchner-y-urribarri\/#primaryimage"},"image":{"@id":"https:\/\/informelitoral.com.ar\/los-piropos-entre-cristina-kirchner-y-urribarri\/#primaryimage"},"thumbnailUrl":"http:\/\/www.isletasnoticias.com.ar\/%77%70%2d%63%6f%6e%74%65%6e%74\/uploads\/2013\/06\/urr-300x168.jpg","datePublished":"2013-06-26T12:17:01+00:00","breadcrumb":{"@id":"https:\/\/informelitoral.com.ar\/los-piropos-entre-cristina-kirchner-y-urribarri\/#breadcrumb"},"inLanguage":"es","potentialAction":[{"@type":"ReadAction","target":["https:\/\/informelitoral.com.ar\/los-piropos-entre-cristina-kirchner-y-urribarri\/"]}]},{"@type":"ImageObject","inLanguage":"es","@id":"https:\/\/informelitoral.com.ar\/los-piropos-entre-cristina-kirchner-y-urribarri\/#primaryimage","url":"http:\/\/www.isletasnoticias.com.ar\/%77%70%2d%63%6f%6e%74%65%6e%74\/uploads\/2013\/06\/urr-300x168.jpg","contentUrl":"http:\/\/www.isletasnoticias.com.ar\/%77%70%2d%63%6f%6e%74%65%6e%74\/uploads\/2013\/06\/urr-300x168.jpg"},{"@type":"BreadcrumbList","@id":"https:\/\/informelitoral.com.ar\/los-piropos-entre-cristina-kirchner-y-urribarri\/#breadcrumb","itemListElement":[{"@type":"ListItem","position":1,"name":"Portada","item":"https:\/\/informelitoral.com.ar\/"},{"@type":"ListItem","position":2,"name":"Los &#8216;piropos&#8217; entre Cristina Kirchner y Urribarri"}]},{"@type":"WebSite","@id":"https:\/\/informelitoral.com.ar\/#website","url":"https:\/\/informelitoral.com.ar\/","name":"Informe Litoral","description":"&quot;Nos informamos&quot; ","publisher":{"@id":"https:\/\/informelitoral.com.ar\/#organization"},"potentialAction":[{"@type":"SearchAction","target":{"@type":"EntryPoint","urlTemplate":"https:\/\/informelitoral.com.ar\/?s={search_term_string}"},"query-input":{"@type":"PropertyValueSpecification","valueRequired":true,"valueName":"search_term_string"}}],"inLanguage":"es"},{"@type":"Organization","@id":"https:\/\/informelitoral.com.ar\/#organization","name":"Informe Litoral","url":"https:\/\/informelitoral.com.ar\/","logo":{"@type":"ImageObject","inLanguage":"es","@id":"https:\/\/informelitoral.com.ar\/#\/schema\/logo\/image\/","url":"https:\/\/informelitoral.com.ar\/%77%70%2d%63%6f%6e%74%65%6e%74\/uploads\/2021\/01\/circulo.png","contentUrl":"https:\/\/informelitoral.com.ar\/%77%70%2d%63%6f%6e%74%65%6e%74\/uploads\/2021\/01\/circulo.png","width":723,"height":731,"caption":"Informe Litoral"},"image":{"@id":"https:\/\/informelitoral.com.ar\/#\/schema\/logo\/image\/"},"sameAs":["https:\/\/www.facebook.com\/informelitoral\/","https:\/\/x.com\/InformeLitoral","https:\/\/www.instagram.com\/informelitoral\/","https:\/\/www.youtube.com\/channel\/UCua4Qvz8Icb6MYqhoq9xLXw"]},{"@type":"Person","@id":"https:\/\/informelitoral.com.ar\/#\/schema\/person\/b9d00407c836482871ef1d57bf8e3180","name":"Gonzalo Schmidt","image":{"@type":"ImageObject","inLanguage":"es","@id":"https:\/\/secure.gravatar.com\/avatar\/31a1a7b66ff2de83bd0e9fd79d026630d2d99e55e8bfe501287647b4fd9743de?s=96&d=mm&r=g","url":"https:\/\/secure.gravatar.com\/avatar\/31a1a7b66ff2de83bd0e9fd79d026630d2d99e55e8bfe501287647b4fd9743de?s=96&d=mm&r=g","contentUrl":"https:\/\/secure.gravatar.com\/avatar\/31a1a7b66ff2de83bd0e9fd79d026630d2d99e55e8bfe501287647b4fd9743de?s=96&d=mm&r=g","caption":"Gonzalo Schmidt"},"description":"Sitio web de noticias de la provincia de Entre R\u00edos, Argentina. Informaci\u00f3n y entretenimiento. Informe Litoral, nos informamos.","sameAs":["http:\/\/www.isletasnoticias.com.ar"],"url":"https:\/\/informelitoral.com.ar\/author\/gonzalo\/"}]}},"_links":{"self":[{"href":"https:\/\/informelitoral.com.ar\/%77%70%2d%6a%73%6f%6e\/wp\/v2\/posts\/2254","targetHints":{"allow":["GET"]}}],"collection":[{"href":"https:\/\/informelitoral.com.ar\/%77%70%2d%6a%73%6f%6e\/wp\/v2\/posts"}],"about":[{"href":"https:\/\/informelitoral.com.ar\/%77%70%2d%6a%73%6f%6e\/wp\/v2\/types\/post"}],"author":[{"embeddable":true,"href":"https:\/\/informelitoral.com.ar\/%77%70%2d%6a%73%6f%6e\/wp\/v2\/users\/2"}],"replies":[{"embeddable":true,"href":"https:\/\/informelitoral.com.ar\/%77%70%2d%6a%73%6f%6e\/wp\/v2\/comments?post=2254"}],"version-history":[{"count":0,"href":"https:\/\/informelitoral.com.ar\/%77%70%2d%6a%73%6f%6e\/wp\/v2\/posts\/2254\/revisions"}],"wp:attachment":[{"href":"https:\/\/informelitoral.com.ar\/%77%70%2d%6a%73%6f%6e\/wp\/v2\/media?parent=2254"}],"wp:term":[{"taxonomy":"category","embeddable":true,"href":"https:\/\/informelitoral.com.ar\/%77%70%2d%6a%73%6f%6e\/wp\/v2\/categories?post=2254"},{"taxonomy":"post_tag","embeddable":true,"href":"https:\/\/informelitoral.com.ar\/%77%70%2d%6a%73%6f%6e\/wp\/v2\/tags?post=2254"}],"curies":[{"name":"wp","href":"https:\/\/api.w.org\/{rel}","templated":true}]}}