{"id":225273,"date":"2025-06-26T07:46:11","date_gmt":"2025-06-26T10:46:11","guid":{"rendered":"https:\/\/informelitoral.com.ar\/?p=225273"},"modified":"2025-06-26T07:46:11","modified_gmt":"2025-06-26T10:46:11","slug":"117o-aniversario-de-aranguren-obra-del-reloj-y-festejo-central-de-este-sabado","status":"publish","type":"post","link":"https:\/\/informelitoral.com.ar\/117o-aniversario-de-aranguren-obra-del-reloj-y-festejo-central-de-este-sabado\/","title":{"rendered":"117\u00ba aniversario de Aranguren: obra del reloj y festejo central de este s\u00e1bado"},"content":{"rendered":"<p>El mi\u00e9rcoles 25 de junio, Aranguren cumpli\u00f3 117 a\u00f1os de vida. Por tal motivo, se realiz\u00f3 por parte de autoridades locales la entrega de ofrenda florar al busto de su fundador, Don Pedro Aranguren. A su vez, se concret\u00f3 el descubrimiento de placa por la Restauraci\u00f3n y Puesta en Valor de la Plazoleta del Reloj.<\/p>\n<p>Luego, el intendente, <strong>Luis Horacio Siebenlist<\/strong>, brind\u00f3 una entrevista televisiva para el programa <em>Mi Gente,<\/em> que se emite por Canal 6 R.C.V. <strong>En la misma, Siebenlist, habl\u00f3 sobre la puesta en valor del tradicional reloj de Aranguren: <\/strong>\u201cEra una deuda pendiente de este lugar emblem\u00e1tico de nuestra comunidad como es el circuito del reloj como ya lo manifest\u00e9 en el descubrimiento de placa. Es un lugar donde nos encontramos con otras comunidades cuando tenemos eventos importantes, es un lugar de encuentros, por eso decidimos hacer una inversi\u00f3n para restaurar el reloj y de acuerdo al dise\u00f1o de ese lugar cre\u00edmos conveniente volver a instalar un reloj aguja y acondicionar el lugar con mayor iluminaci\u00f3n\u201d, expres\u00f3 el intendente.<\/p>\n<h2><strong>Fiesta aniversario<\/strong><\/h2>\n<p>\u201cPor parte de la Municipalidad hacemos un gran esfuerzo para celebrar nuestro aniversario, cada vez que se cumple un a\u00f1o celebramos la vida misma, por lo tanto, incluimos a las instituciones del pueblo para que trabajen y generen recursos a partir de esta fiesta donde vamos a contar con un buen nivel de cartelera, una buena propuesta de danzas y de m\u00fasica. Actuar\u00e1n \u201cLos palame\u201d como n\u00famero central y \u201cAmistad Chamamecera\u201d, sumado a nuestros valores locales, quienes van a tener la posibilidad de actuar ante un marco de p\u00fablico muy importante. Tambi\u00e9n como todos los a\u00f1os se realizar\u00e1 el concurso gastron\u00f3mico.<\/p>\n<p>Agradecemos adem\u00e1s a las empresas que van a exponer, habl\u00e9 con <strong>Fabi\u00e1n Bruggeman<\/strong> y me confirm\u00f3 10 empresas para la primera expo que vamos a realizar en el marco de los festejos de nuestro aniversario. Hemos alquilado una carpa de grandes dimensiones para que est\u00e9n c\u00f3modos.<\/p>\n<p>Todo dar\u00e1 comienzo a las 15:00 y es de acceso libre y gratuito y quienes deseen llevar un alimento no perecedero participar\u00e1n por el sorteo de una heladera y una bicicleta.<\/p>\n<p>Con los alimentos vamos a asistir a familias que est\u00e9n en situaci\u00f3n de vulnerabilidad\u201d, concluy\u00f3 Siebenlist.<\/p>\n<h6><em><strong>Del archivo:\u00a0<a href=\"https:\/\/informelitoral.com.ar\/planta-de-reciclado-y-festejos-por-el-aniversario-de-aranguren\/\" target=\"_blank\" rel=\"noopener\">Planta de reciclado y festejos por el aniversario de Aranguren<\/a><\/strong><\/em><\/h6>\n","protected":false},"excerpt":{"rendered":"<p>El intendente de Aranguren explic\u00f3 detalles de las obras en el emblem\u00e1tico s\u00edmbolo de la ciudad. Adem\u00e1s, invit\u00f3 a la comunidad a participar del festejo central por el cumplea\u00f1os de la ciudad. <\/p>\n","protected":false},"author":2,"featured_media":225274,"comment_status":"open","ping_status":"open","sticky":false,"template":"","format":"standard","meta":{"fifu_image_url":"https:\/\/lh3.googleusercontent.com\/drive-storage\/AJQWtBOIlr_sOd0R9tBWU6iZusXXK6SMsavBN5G9la1qSf1lx3nhUqQu-x1wQWp1qvn8vATCi8E7Y6wWcGn1_dcfJilVw-QBnLRRPwcRGAg4RhRWdjE","fifu_image_alt":"","footnotes":""},"categories":[4592],"tags":[320,143,3054,111,173],"class_list":{"0":"post-225273","1":"post","2":"type-post","3":"status-publish","4":"format-standard","5":"has-post-thumbnail","7":"category-departamento-nogoya","8":"tag-aniversario","9":"tag-aranguren","10":"tag-festejo-de-aniversario","11":"tag-municipales","12":"tag-municipio"},"yoast_head":"<title>117\u00ba aniversario de Aranguren: obra del reloj y festejo central de este s\u00e1bado - Informe Litoral<\/title>\n<meta name=\"robots\" content=\"index, follow, max-snippet:-1, max-image-preview:large, max-video-preview:-1\" \/>\n<link rel=\"canonical\" href=\"https:\/\/informelitoral.com.ar\/117o-aniversario-de-aranguren-obra-del-reloj-y-festejo-central-de-este-sabado\/\" \/>\n<meta property=\"og:locale\" content=\"es_ES\" \/>\n<meta property=\"og:type\" content=\"article\" \/>\n<meta property=\"og:title\" content=\"117\u00ba aniversario de Aranguren: obra del reloj y festejo central de este s\u00e1bado - Informe Litoral\" \/>\n<meta property=\"og:description\" content=\"El intendente de Aranguren explic\u00f3 detalles de las obras en el emblem\u00e1tico s\u00edmbolo de la ciudad. Adem\u00e1s, invit\u00f3 a la comunidad a participar del festejo central por el cumplea\u00f1os de la ciudad.\" \/>\n<meta property=\"og:url\" content=\"https:\/\/informelitoral.com.ar\/117o-aniversario-de-aranguren-obra-del-reloj-y-festejo-central-de-este-sabado\/\" \/>\n<meta property=\"og:site_name\" content=\"Informe Litoral\" \/>\n<meta property=\"article:publisher\" content=\"https:\/\/www.facebook.com\/informelitoral\/\" \/>\n<meta property=\"article:published_time\" content=\"2025-06-26T10:46:11+00:00\" \/>\n<meta property=\"og:image\" content=\"https:\/\/lh3.googleusercontent.com\/drive-storage\/AJQWtBOIlr_sOd0R9tBWU6iZusXXK6SMsavBN5G9la1qSf1lx3nhUqQu-x1wQWp1qvn8vATCi8E7Y6wWcGn1_dcfJilVw-QBnLRRPwcRGAg4RhRWdjE\" \/><meta property=\"og:image\" content=\"https:\/\/lh3.googleusercontent.com\/drive-storage\/AJQWtBOIlr_sOd0R9tBWU6iZusXXK6SMsavBN5G9la1qSf1lx3nhUqQu-x1wQWp1qvn8vATCi8E7Y6wWcGn1_dcfJilVw-QBnLRRPwcRGAg4RhRWdjE\" \/>\n\t<meta property=\"og:image:width\" content=\"1600\" \/>\n\t<meta property=\"og:image:height\" content=\"1067\" \/>\n\t<meta property=\"og:image:type\" content=\"image\/jpeg\" \/>\n<meta name=\"author\" content=\"Gonzalo Schmidt\" \/>\n<meta name=\"twitter:card\" content=\"summary_large_image\" \/>\n<meta name=\"twitter:image\" content=\"https:\/\/lh3.googleusercontent.com\/drive-storage\/AJQWtBOIlr_sOd0R9tBWU6iZusXXK6SMsavBN5G9la1qSf1lx3nhUqQu-x1wQWp1qvn8vATCi8E7Y6wWcGn1_dcfJilVw-QBnLRRPwcRGAg4RhRWdjE\" \/>\n<meta name=\"twitter:creator\" content=\"@InformeLitoral\" \/>\n<meta name=\"twitter:site\" content=\"@InformeLitoral\" \/>\n<meta name=\"twitter:label1\" content=\"Escrito por\" \/>\n\t<meta name=\"twitter:data1\" content=\"Gonzalo Schmidt\" \/>\n\t<meta name=\"twitter:label2\" content=\"Tiempo de lectura\" \/>\n\t<meta name=\"twitter:data2\" content=\"2 minutos\" \/>\n<script type=\"application\/ld+json\" class=\"yoast-schema-graph\">{\"@context\":\"https:\\\/\\\/schema.org\",\"@graph\":[{\"@type\":\"Article\",\"@id\":\"https:\\\/\\\/informelitoral.com.ar\\\/117o-aniversario-de-aranguren-obra-del-reloj-y-festejo-central-de-este-sabado\\\/#article\",\"isPartOf\":{\"@id\":\"https:\\\/\\\/informelitoral.com.ar\\\/117o-aniversario-de-aranguren-obra-del-reloj-y-festejo-central-de-este-sabado\\\/\"},\"author\":{\"name\":\"Gonzalo Schmidt\",\"@id\":\"https:\\\/\\\/informelitoral.com.ar\\\/#\\\/schema\\\/person\\\/b9d00407c836482871ef1d57bf8e3180\"},\"headline\":\"117\u00ba aniversario de Aranguren: obra del reloj y festejo central de este s\u00e1bado\",\"datePublished\":\"2025-06-26T10:46:11+00:00\",\"mainEntityOfPage\":{\"@id\":\"https:\\\/\\\/informelitoral.com.ar\\\/117o-aniversario-de-aranguren-obra-del-reloj-y-festejo-central-de-este-sabado\\\/\"},\"wordCount\":413,\"commentCount\":0,\"publisher\":{\"@id\":\"https:\\\/\\\/informelitoral.com.ar\\\/#organization\"},\"image\":{\"@id\":\"https:\\\/\\\/informelitoral.com.ar\\\/117o-aniversario-de-aranguren-obra-del-reloj-y-festejo-central-de-este-sabado\\\/#primaryimage\"},\"thumbnailUrl\":\"https:\\\/\\\/lh3.googleusercontent.com\\\/drive-storage\\\/AJQWtBOIlr_sOd0R9tBWU6iZusXXK6SMsavBN5G9la1qSf1lx3nhUqQu-x1wQWp1qvn8vATCi8E7Y6wWcGn1_dcfJilVw-QBnLRRPwcRGAg4RhRWdjE\",\"keywords\":[\"Aniversario\",\"Aranguren\",\"Festejo de aniversario\",\"Municipales\",\"Municipio\"],\"articleSection\":[\"Departamento Nogoy\u00e1\"],\"inLanguage\":\"es\",\"potentialAction\":[{\"@type\":\"CommentAction\",\"name\":\"Comment\",\"target\":[\"https:\\\/\\\/informelitoral.com.ar\\\/117o-aniversario-de-aranguren-obra-del-reloj-y-festejo-central-de-este-sabado\\\/#respond\"]}]},{\"@type\":\"WebPage\",\"@id\":\"https:\\\/\\\/informelitoral.com.ar\\\/117o-aniversario-de-aranguren-obra-del-reloj-y-festejo-central-de-este-sabado\\\/\",\"url\":\"https:\\\/\\\/informelitoral.com.ar\\\/117o-aniversario-de-aranguren-obra-del-reloj-y-festejo-central-de-este-sabado\\\/\",\"name\":\"117\u00ba aniversario de Aranguren: obra del reloj y festejo central de este s\u00e1bado - Informe Litoral\",\"isPartOf\":{\"@id\":\"https:\\\/\\\/informelitoral.com.ar\\\/#website\"},\"primaryImageOfPage\":{\"@id\":\"https:\\\/\\\/informelitoral.com.ar\\\/117o-aniversario-de-aranguren-obra-del-reloj-y-festejo-central-de-este-sabado\\\/#primaryimage\"},\"image\":{\"@id\":\"https:\\\/\\\/informelitoral.com.ar\\\/117o-aniversario-de-aranguren-obra-del-reloj-y-festejo-central-de-este-sabado\\\/#primaryimage\"},\"thumbnailUrl\":\"https:\\\/\\\/lh3.googleusercontent.com\\\/drive-storage\\\/AJQWtBOIlr_sOd0R9tBWU6iZusXXK6SMsavBN5G9la1qSf1lx3nhUqQu-x1wQWp1qvn8vATCi8E7Y6wWcGn1_dcfJilVw-QBnLRRPwcRGAg4RhRWdjE\",\"datePublished\":\"2025-06-26T10:46:11+00:00\",\"breadcrumb\":{\"@id\":\"https:\\\/\\\/informelitoral.com.ar\\\/117o-aniversario-de-aranguren-obra-del-reloj-y-festejo-central-de-este-sabado\\\/#breadcrumb\"},\"inLanguage\":\"es\",\"potentialAction\":[{\"@type\":\"ReadAction\",\"target\":[\"https:\\\/\\\/informelitoral.com.ar\\\/117o-aniversario-de-aranguren-obra-del-reloj-y-festejo-central-de-este-sabado\\\/\"]}]},{\"@type\":\"ImageObject\",\"inLanguage\":\"es\",\"@id\":\"https:\\\/\\\/informelitoral.com.ar\\\/117o-aniversario-de-aranguren-obra-del-reloj-y-festejo-central-de-este-sabado\\\/#primaryimage\",\"url\":\"https:\\\/\\\/lh3.googleusercontent.com\\\/drive-storage\\\/AJQWtBOIlr_sOd0R9tBWU6iZusXXK6SMsavBN5G9la1qSf1lx3nhUqQu-x1wQWp1qvn8vATCi8E7Y6wWcGn1_dcfJilVw-QBnLRRPwcRGAg4RhRWdjE\",\"contentUrl\":\"https:\\\/\\\/lh3.googleusercontent.com\\\/drive-storage\\\/AJQWtBOIlr_sOd0R9tBWU6iZusXXK6SMsavBN5G9la1qSf1lx3nhUqQu-x1wQWp1qvn8vATCi8E7Y6wWcGn1_dcfJilVw-QBnLRRPwcRGAg4RhRWdjE\",\"width\":\"1600\",\"height\":\"1067\"},{\"@type\":\"BreadcrumbList\",\"@id\":\"https:\\\/\\\/informelitoral.com.ar\\\/117o-aniversario-de-aranguren-obra-del-reloj-y-festejo-central-de-este-sabado\\\/#breadcrumb\",\"itemListElement\":[{\"@type\":\"ListItem\",\"position\":1,\"name\":\"Portada\",\"item\":\"https:\\\/\\\/informelitoral.com.ar\\\/\"},{\"@type\":\"ListItem\",\"position\":2,\"name\":\"117\u00ba aniversario de Aranguren: obra del reloj y festejo central de este s\u00e1bado\"}]},{\"@type\":\"WebSite\",\"@id\":\"https:\\\/\\\/informelitoral.com.ar\\\/#website\",\"url\":\"https:\\\/\\\/informelitoral.com.ar\\\/\",\"name\":\"Informe Litoral\",\"description\":\"&quot;Nos informamos&quot; \",\"publisher\":{\"@id\":\"https:\\\/\\\/informelitoral.com.ar\\\/#organization\"},\"potentialAction\":[{\"@type\":\"SearchAction\",\"target\":{\"@type\":\"EntryPoint\",\"urlTemplate\":\"https:\\\/\\\/informelitoral.com.ar\\\/?s={search_term_string}\"},\"query-input\":{\"@type\":\"PropertyValueSpecification\",\"valueRequired\":true,\"valueName\":\"search_term_string\"}}],\"inLanguage\":\"es\"},{\"@type\":\"Organization\",\"@id\":\"https:\\\/\\\/informelitoral.com.ar\\\/#organization\",\"name\":\"Informe Litoral\",\"url\":\"https:\\\/\\\/informelitoral.com.ar\\\/\",\"logo\":{\"@type\":\"ImageObject\",\"inLanguage\":\"es\",\"@id\":\"https:\\\/\\\/informelitoral.com.ar\\\/#\\\/schema\\\/logo\\\/image\\\/\",\"url\":\"https:\\\/\\\/informelitoral.com.ar\\\/%77%70%2d%63%6f%6e%74%65%6e%74\\\/uploads\\\/2021\\\/01\\\/circulo.png\",\"contentUrl\":\"https:\\\/\\\/informelitoral.com.ar\\\/%77%70%2d%63%6f%6e%74%65%6e%74\\\/uploads\\\/2021\\\/01\\\/circulo.png\",\"width\":723,\"height\":731,\"caption\":\"Informe Litoral\"},\"image\":{\"@id\":\"https:\\\/\\\/informelitoral.com.ar\\\/#\\\/schema\\\/logo\\\/image\\\/\"},\"sameAs\":[\"https:\\\/\\\/www.facebook.com\\\/informelitoral\\\/\",\"https:\\\/\\\/x.com\\\/InformeLitoral\",\"https:\\\/\\\/www.instagram.com\\\/informelitoral\\\/\",\"https:\\\/\\\/www.youtube.com\\\/channel\\\/UCua4Qvz8Icb6MYqhoq9xLXw\"]},{\"@type\":\"Person\",\"@id\":\"https:\\\/\\\/informelitoral.com.ar\\\/#\\\/schema\\\/person\\\/b9d00407c836482871ef1d57bf8e3180\",\"name\":\"Gonzalo Schmidt\",\"image\":{\"@type\":\"ImageObject\",\"inLanguage\":\"es\",\"@id\":\"https:\\\/\\\/secure.gravatar.com\\\/avatar\\\/31a1a7b66ff2de83bd0e9fd79d026630d2d99e55e8bfe501287647b4fd9743de?s=96&d=mm&r=g\",\"url\":\"https:\\\/\\\/secure.gravatar.com\\\/avatar\\\/31a1a7b66ff2de83bd0e9fd79d026630d2d99e55e8bfe501287647b4fd9743de?s=96&d=mm&r=g\",\"contentUrl\":\"https:\\\/\\\/secure.gravatar.com\\\/avatar\\\/31a1a7b66ff2de83bd0e9fd79d026630d2d99e55e8bfe501287647b4fd9743de?s=96&d=mm&r=g\",\"caption\":\"Gonzalo Schmidt\"},\"description\":\"Sitio web de noticias de la provincia de Entre R\u00edos, Argentina. Informaci\u00f3n y entretenimiento. Informe Litoral, nos informamos.\",\"sameAs\":[\"http:\\\/\\\/www.isletasnoticias.com.ar\"],\"url\":\"https:\\\/\\\/informelitoral.com.ar\\\/author\\\/gonzalo\\\/\"}]}<\/script>","yoast_head_json":{"title":"117\u00ba aniversario de Aranguren: obra del reloj y festejo central de este s\u00e1bado - Informe Litoral","robots":{"index":"index","follow":"follow","max-snippet":"max-snippet:-1","max-image-preview":"max-image-preview:large","max-video-preview":"max-video-preview:-1"},"canonical":"https:\/\/informelitoral.com.ar\/117o-aniversario-de-aranguren-obra-del-reloj-y-festejo-central-de-este-sabado\/","og_locale":"es_ES","og_type":"article","og_title":"117\u00ba aniversario de Aranguren: obra del reloj y festejo central de este s\u00e1bado - Informe Litoral","og_description":"El intendente de Aranguren explic\u00f3 detalles de las obras en el emblem\u00e1tico s\u00edmbolo de la ciudad. Adem\u00e1s, invit\u00f3 a la comunidad a participar del festejo central por el cumplea\u00f1os de la ciudad.","og_url":"https:\/\/informelitoral.com.ar\/117o-aniversario-de-aranguren-obra-del-reloj-y-festejo-central-de-este-sabado\/","og_site_name":"Informe Litoral","article_publisher":"https:\/\/www.facebook.com\/informelitoral\/","article_published_time":"2025-06-26T10:46:11+00:00","og_image":[{"url":"https:\/\/lh3.googleusercontent.com\/drive-storage\/AJQWtBOIlr_sOd0R9tBWU6iZusXXK6SMsavBN5G9la1qSf1lx3nhUqQu-x1wQWp1qvn8vATCi8E7Y6wWcGn1_dcfJilVw-QBnLRRPwcRGAg4RhRWdjE","type":"","width":"","height":""},{"width":1600,"height":1067,"url":"https:\/\/lh3.googleusercontent.com\/drive-storage\/AJQWtBOIlr_sOd0R9tBWU6iZusXXK6SMsavBN5G9la1qSf1lx3nhUqQu-x1wQWp1qvn8vATCi8E7Y6wWcGn1_dcfJilVw-QBnLRRPwcRGAg4RhRWdjE","type":"image\/jpeg"}],"author":"Gonzalo Schmidt","twitter_card":"summary_large_image","twitter_image":"https:\/\/lh3.googleusercontent.com\/drive-storage\/AJQWtBOIlr_sOd0R9tBWU6iZusXXK6SMsavBN5G9la1qSf1lx3nhUqQu-x1wQWp1qvn8vATCi8E7Y6wWcGn1_dcfJilVw-QBnLRRPwcRGAg4RhRWdjE","twitter_creator":"@InformeLitoral","twitter_site":"@InformeLitoral","twitter_misc":{"Escrito por":"Gonzalo Schmidt","Tiempo de lectura":"2 minutos"},"schema":{"@context":"https:\/\/schema.org","@graph":[{"@type":"Article","@id":"https:\/\/informelitoral.com.ar\/117o-aniversario-de-aranguren-obra-del-reloj-y-festejo-central-de-este-sabado\/#article","isPartOf":{"@id":"https:\/\/informelitoral.com.ar\/117o-aniversario-de-aranguren-obra-del-reloj-y-festejo-central-de-este-sabado\/"},"author":{"name":"Gonzalo Schmidt","@id":"https:\/\/informelitoral.com.ar\/#\/schema\/person\/b9d00407c836482871ef1d57bf8e3180"},"headline":"117\u00ba aniversario de Aranguren: obra del reloj y festejo central de este s\u00e1bado","datePublished":"2025-06-26T10:46:11+00:00","mainEntityOfPage":{"@id":"https:\/\/informelitoral.com.ar\/117o-aniversario-de-aranguren-obra-del-reloj-y-festejo-central-de-este-sabado\/"},"wordCount":413,"commentCount":0,"publisher":{"@id":"https:\/\/informelitoral.com.ar\/#organization"},"image":{"@id":"https:\/\/informelitoral.com.ar\/117o-aniversario-de-aranguren-obra-del-reloj-y-festejo-central-de-este-sabado\/#primaryimage"},"thumbnailUrl":"https:\/\/lh3.googleusercontent.com\/drive-storage\/AJQWtBOIlr_sOd0R9tBWU6iZusXXK6SMsavBN5G9la1qSf1lx3nhUqQu-x1wQWp1qvn8vATCi8E7Y6wWcGn1_dcfJilVw-QBnLRRPwcRGAg4RhRWdjE","keywords":["Aniversario","Aranguren","Festejo de aniversario","Municipales","Municipio"],"articleSection":["Departamento Nogoy\u00e1"],"inLanguage":"es","potentialAction":[{"@type":"CommentAction","name":"Comment","target":["https:\/\/informelitoral.com.ar\/117o-aniversario-de-aranguren-obra-del-reloj-y-festejo-central-de-este-sabado\/#respond"]}]},{"@type":"WebPage","@id":"https:\/\/informelitoral.com.ar\/117o-aniversario-de-aranguren-obra-del-reloj-y-festejo-central-de-este-sabado\/","url":"https:\/\/informelitoral.com.ar\/117o-aniversario-de-aranguren-obra-del-reloj-y-festejo-central-de-este-sabado\/","name":"117\u00ba aniversario de Aranguren: obra del reloj y festejo central de este s\u00e1bado - Informe Litoral","isPartOf":{"@id":"https:\/\/informelitoral.com.ar\/#website"},"primaryImageOfPage":{"@id":"https:\/\/informelitoral.com.ar\/117o-aniversario-de-aranguren-obra-del-reloj-y-festejo-central-de-este-sabado\/#primaryimage"},"image":{"@id":"https:\/\/informelitoral.com.ar\/117o-aniversario-de-aranguren-obra-del-reloj-y-festejo-central-de-este-sabado\/#primaryimage"},"thumbnailUrl":"https:\/\/lh3.googleusercontent.com\/drive-storage\/AJQWtBOIlr_sOd0R9tBWU6iZusXXK6SMsavBN5G9la1qSf1lx3nhUqQu-x1wQWp1qvn8vATCi8E7Y6wWcGn1_dcfJilVw-QBnLRRPwcRGAg4RhRWdjE","datePublished":"2025-06-26T10:46:11+00:00","breadcrumb":{"@id":"https:\/\/informelitoral.com.ar\/117o-aniversario-de-aranguren-obra-del-reloj-y-festejo-central-de-este-sabado\/#breadcrumb"},"inLanguage":"es","potentialAction":[{"@type":"ReadAction","target":["https:\/\/informelitoral.com.ar\/117o-aniversario-de-aranguren-obra-del-reloj-y-festejo-central-de-este-sabado\/"]}]},{"@type":"ImageObject","inLanguage":"es","@id":"https:\/\/informelitoral.com.ar\/117o-aniversario-de-aranguren-obra-del-reloj-y-festejo-central-de-este-sabado\/#primaryimage","url":"https:\/\/lh3.googleusercontent.com\/drive-storage\/AJQWtBOIlr_sOd0R9tBWU6iZusXXK6SMsavBN5G9la1qSf1lx3nhUqQu-x1wQWp1qvn8vATCi8E7Y6wWcGn1_dcfJilVw-QBnLRRPwcRGAg4RhRWdjE","contentUrl":"https:\/\/lh3.googleusercontent.com\/drive-storage\/AJQWtBOIlr_sOd0R9tBWU6iZusXXK6SMsavBN5G9la1qSf1lx3nhUqQu-x1wQWp1qvn8vATCi8E7Y6wWcGn1_dcfJilVw-QBnLRRPwcRGAg4RhRWdjE","width":"1600","height":"1067"},{"@type":"BreadcrumbList","@id":"https:\/\/informelitoral.com.ar\/117o-aniversario-de-aranguren-obra-del-reloj-y-festejo-central-de-este-sabado\/#breadcrumb","itemListElement":[{"@type":"ListItem","position":1,"name":"Portada","item":"https:\/\/informelitoral.com.ar\/"},{"@type":"ListItem","position":2,"name":"117\u00ba aniversario de Aranguren: obra del reloj y festejo central de este s\u00e1bado"}]},{"@type":"WebSite","@id":"https:\/\/informelitoral.com.ar\/#website","url":"https:\/\/informelitoral.com.ar\/","name":"Informe Litoral","description":"&quot;Nos informamos&quot; ","publisher":{"@id":"https:\/\/informelitoral.com.ar\/#organization"},"potentialAction":[{"@type":"SearchAction","target":{"@type":"EntryPoint","urlTemplate":"https:\/\/informelitoral.com.ar\/?s={search_term_string}"},"query-input":{"@type":"PropertyValueSpecification","valueRequired":true,"valueName":"search_term_string"}}],"inLanguage":"es"},{"@type":"Organization","@id":"https:\/\/informelitoral.com.ar\/#organization","name":"Informe Litoral","url":"https:\/\/informelitoral.com.ar\/","logo":{"@type":"ImageObject","inLanguage":"es","@id":"https:\/\/informelitoral.com.ar\/#\/schema\/logo\/image\/","url":"https:\/\/informelitoral.com.ar\/%77%70%2d%63%6f%6e%74%65%6e%74\/uploads\/2021\/01\/circulo.png","contentUrl":"https:\/\/informelitoral.com.ar\/%77%70%2d%63%6f%6e%74%65%6e%74\/uploads\/2021\/01\/circulo.png","width":723,"height":731,"caption":"Informe Litoral"},"image":{"@id":"https:\/\/informelitoral.com.ar\/#\/schema\/logo\/image\/"},"sameAs":["https:\/\/www.facebook.com\/informelitoral\/","https:\/\/x.com\/InformeLitoral","https:\/\/www.instagram.com\/informelitoral\/","https:\/\/www.youtube.com\/channel\/UCua4Qvz8Icb6MYqhoq9xLXw"]},{"@type":"Person","@id":"https:\/\/informelitoral.com.ar\/#\/schema\/person\/b9d00407c836482871ef1d57bf8e3180","name":"Gonzalo Schmidt","image":{"@type":"ImageObject","inLanguage":"es","@id":"https:\/\/secure.gravatar.com\/avatar\/31a1a7b66ff2de83bd0e9fd79d026630d2d99e55e8bfe501287647b4fd9743de?s=96&d=mm&r=g","url":"https:\/\/secure.gravatar.com\/avatar\/31a1a7b66ff2de83bd0e9fd79d026630d2d99e55e8bfe501287647b4fd9743de?s=96&d=mm&r=g","contentUrl":"https:\/\/secure.gravatar.com\/avatar\/31a1a7b66ff2de83bd0e9fd79d026630d2d99e55e8bfe501287647b4fd9743de?s=96&d=mm&r=g","caption":"Gonzalo Schmidt"},"description":"Sitio web de noticias de la provincia de Entre R\u00edos, Argentina. Informaci\u00f3n y entretenimiento. Informe Litoral, nos informamos.","sameAs":["http:\/\/www.isletasnoticias.com.ar"],"url":"https:\/\/informelitoral.com.ar\/author\/gonzalo\/"}]}},"fifu_image_url":"https:\/\/lh3.googleusercontent.com\/drive-storage\/AJQWtBOIlr_sOd0R9tBWU6iZusXXK6SMsavBN5G9la1qSf1lx3nhUqQu-x1wQWp1qvn8vATCi8E7Y6wWcGn1_dcfJilVw-QBnLRRPwcRGAg4RhRWdjE","_links":{"self":[{"href":"https:\/\/informelitoral.com.ar\/%77%70%2d%6a%73%6f%6e\/wp\/v2\/posts\/225273","targetHints":{"allow":["GET"]}}],"collection":[{"href":"https:\/\/informelitoral.com.ar\/%77%70%2d%6a%73%6f%6e\/wp\/v2\/posts"}],"about":[{"href":"https:\/\/informelitoral.com.ar\/%77%70%2d%6a%73%6f%6e\/wp\/v2\/types\/post"}],"author":[{"embeddable":true,"href":"https:\/\/informelitoral.com.ar\/%77%70%2d%6a%73%6f%6e\/wp\/v2\/users\/2"}],"replies":[{"embeddable":true,"href":"https:\/\/informelitoral.com.ar\/%77%70%2d%6a%73%6f%6e\/wp\/v2\/comments?post=225273"}],"version-history":[{"count":1,"href":"https:\/\/informelitoral.com.ar\/%77%70%2d%6a%73%6f%6e\/wp\/v2\/posts\/225273\/revisions"}],"predecessor-version":[{"id":225275,"href":"https:\/\/informelitoral.com.ar\/%77%70%2d%6a%73%6f%6e\/wp\/v2\/posts\/225273\/revisions\/225275"}],"wp:featuredmedia":[{"embeddable":true,"href":"https:\/\/informelitoral.com.ar\/%77%70%2d%6a%73%6f%6e\/wp\/v2\/media\/225274"}],"wp:attachment":[{"href":"https:\/\/informelitoral.com.ar\/%77%70%2d%6a%73%6f%6e\/wp\/v2\/media?parent=225273"}],"wp:term":[{"taxonomy":"category","embeddable":true,"href":"https:\/\/informelitoral.com.ar\/%77%70%2d%6a%73%6f%6e\/wp\/v2\/categories?post=225273"},{"taxonomy":"post_tag","embeddable":true,"href":"https:\/\/informelitoral.com.ar\/%77%70%2d%6a%73%6f%6e\/wp\/v2\/tags?post=225273"}],"curies":[{"name":"wp","href":"https:\/\/api.w.org\/{rel}","templated":true}]}}