{"id":225063,"date":"2025-06-24T09:33:54","date_gmt":"2025-06-24T12:33:54","guid":{"rendered":"https:\/\/informelitoral.com.ar\/?p=225063"},"modified":"2025-06-24T21:54:04","modified_gmt":"2025-06-25T00:54:04","slug":"se-realizara-este-miercoles-parana-ama-las-pastas","status":"publish","type":"post","link":"https:\/\/informelitoral.com.ar\/se-realizara-este-miercoles-parana-ama-las-pastas\/","title":{"rendered":"Se realizar\u00e1 este mi\u00e9rcoles \u201cParan\u00e1 Ama las Pastas\u201d"},"content":{"rendered":"<p dir=\"ltr\">\u201cSer\u00e1 una noche para compartir sabores, salir con amigos o familia, y disfrutar de todo lo que nuestra gastronom\u00eda tiene para ofrecer, en el marco de la agenda de la Semana de la Ciudad\u201d, expres\u00f3 el subsecretario de Producci\u00f3n, Oscar Bustamante, quien precis\u00f3 que la articulaci\u00f3n entre la Municipalidad y el sector privado \u201cresponde a esta idea de Estado facilitador que nos pidi\u00f3 la intendenta Rosario Romero\u201d.<\/p>\n<p>El presidente de la AEHGP, <strong>Marcelo Barsuglia<\/strong>, detall\u00f3 que ser\u00e1n 25 establecimientos que van a participar el mi\u00e9rcoles, de 20 a 24, con un 50 por ciento de descuentos en pastas.<\/p>\n<p>Barsuglia invit\u00f3 a los paranaenses a festejar el d\u00eda de la ciudad con esta jornada que incentiva el consumo y genera una instancia para las familias para que puedan acceder a este tipo de salidas. \u201cLas expectativas son las mejores, ya que siempre, cada vez que se hacen este tipo de actividades, la gente responde\u201d, dijo.<\/p>\n<h6><em><strong>Del archivo: <a href=\"https:\/\/informelitoral.com.ar\/parana-instalaron-un-nuevo-cano-maestro-de-agua-potable\/\" target=\"_blank\" rel=\"noopener\">Paran\u00e1: instalaron un nuevo ca\u00f1o maestro de agua potable<\/a><\/strong><\/em><\/h6>\n<h2><strong>Locales Adheridos:<\/strong><\/h2>\n<h2 dir=\"ltr\"><strong>Las Vegas Pizzer\u00eda (hacen tambi\u00e9n sin tacc)<\/strong><\/h2>\n<p dir=\"ltr\">Buenos Aires 499<\/p>\n<p dir=\"ltr\">Whatsapp: +5493434225737<\/p>\n<p dir=\"ltr\">Insta: lasvegaspizzeriabar<\/p>\n<p dir=\"ltr\">Face: lasvegaspizzeriaa<\/p>\n<h2 dir=\"ltr\"><strong>Giovani (hacen tambi\u00e9n sin tacc)<\/strong><\/h2>\n<p dir=\"ltr\">Gral. Urquiza 1047<\/p>\n<p dir=\"ltr\">Whatsapp: 0343 423-0527<\/p>\n<p dir=\"ltr\">Insta: giovaniresto<\/p>\n<p dir=\"ltr\">Face: GiovaniRestaurante<\/p>\n<h2 dir=\"ltr\"><strong>El Portal N\u00e1utico<\/strong><\/h2>\n<p dir=\"ltr\">Av. Gobernador Uranga Club N\u00e1utico<\/p>\n<p dir=\"ltr\">Whatsapp: +54 9 3434 70-8767<\/p>\n<p dir=\"ltr\">Insta: elportalnauticoparana<\/p>\n<p dir=\"ltr\">Face: ElPortalNautico<\/p>\n<p dir=\"ltr\">La Fourchette Restaurante Boutique (hacen tambi\u00e9n sin tacc)<\/p>\n<p dir=\"ltr\">Direcci\u00f3n: Gral Justo Jos\u00e9 de Urquiza 976<\/p>\n<h2 dir=\"ltr\"><strong>Gran Hotel Paran\u00e1<\/strong><\/h2>\n<p dir=\"ltr\">Whatsapp: +5493434474731<\/p>\n<p dir=\"ltr\">Insta: lafour_chette<\/p>\n<p dir=\"ltr\">Face: restaurante.lafourchette<\/p>\n<h2 dir=\"ltr\"><strong>Barrancas Restaurant\u00a0<\/strong><\/h2>\n<p dir=\"ltr\">Howard Johnson Mayorazgo<\/p>\n<p dir=\"ltr\">Etchevere 331<\/p>\n<p dir=\"ltr\">Whatsapp : +54 9 11 6539-2315<\/p>\n<p dir=\"ltr\">Insta: hjmayorazgo<\/p>\n<p dir=\"ltr\">Face: hjmayorazgo<\/p>\n<h2 dir=\"ltr\"><strong>Live Rock Pizza &amp; Rest\u00f3<\/strong><\/h2>\n<p dir=\"ltr\">25 de Mayo y Peatonal San Mart\u00edn<\/p>\n<p dir=\"ltr\">WhatsApp: +5493434541005<\/p>\n<p dir=\"ltr\">Insta: liverockparana<\/p>\n<p dir=\"ltr\">Face: LiveRockParana<\/p>\n<h2 dir=\"ltr\"><strong>La Bartola Bar<\/strong><\/h2>\n<p dir=\"ltr\">Direcci\u00f3n: Urquiza 494 (y Ferr\u00e9)<\/p>\n<p dir=\"ltr\">Tel.: 03434071406<\/p>\n<p dir=\"ltr\">\u00a0WhatsApp.: +5493434513160<\/p>\n<p dir=\"ltr\">Insta: @ barlabartola<\/p>\n<p dir=\"ltr\">Face: barlabartola<\/p>\n<h2 dir=\"ltr\"><strong>Nogar\u00f3 Pizzeria<\/strong><\/h2>\n<p dir=\"ltr\">Direcci\u00f3n: Av. Ram\u00edrez y Nogoy\u00e1<\/p>\n<p dir=\"ltr\">Tel.: 03434311270<\/p>\n<p dir=\"ltr\">WhatsApp.: +5493435053181<\/p>\n<p dir=\"ltr\">Insta: @ pizzerianogaroparana<\/p>\n<p dir=\"ltr\">Face: pizzerianogaroparana<\/p>\n<h2 dir=\"ltr\"><strong>Iberico Bar<\/strong><\/h2>\n<p dir=\"ltr\">Direcci\u00f3n: Victoria 407<\/p>\n<p dir=\"ltr\">WhatsApp.: +5493434150656<\/p>\n<p dir=\"ltr\">Insta: @ibericobar<\/p>\n<h2 dir=\"ltr\"><strong>Pizzeria Popular Corrientes<\/strong><\/h2>\n<p dir=\"ltr\">Corrientes y Nogoy\u00e1<\/p>\n<p dir=\"ltr\">Whatsapp: +5493434682878<\/p>\n<p dir=\"ltr\">Intsa: pizzeriapopular.parana<\/p>\n<h2 dir=\"ltr\"><strong>Pizza Paran\u00e1<\/strong><\/h2>\n<p dir=\"ltr\">Hip\u00f3lito Yrigoyen 407. Esq. Carb\u00f3<\/p>\n<p dir=\"ltr\">Whatsapp: +5493433011000<\/p>\n<p dir=\"ltr\">Instagram: Pizzaparana.ok<\/p>\n<h2 dir=\"ltr\"><strong>R\u00edo Rest\u00f3 Bar<\/strong><\/h2>\n<p dir=\"ltr\">D\u00e1rsena del puerto de Paran\u00e1, Pres. Dr. Ra\u00fal R. Alfons\u00edn 275<\/p>\n<p dir=\"ltr\">Whatsapp: 343 5165829<\/p>\n<p dir=\"ltr\">Insta: rio.resto.bar<\/p>\n<p dir=\"ltr\">Face: riorestobarparana<\/p>\n<h2 dir=\"ltr\"><strong>Blas Bar Caf\u00e9 Rest\u00f3<\/strong><\/h2>\n<p dir=\"ltr\">Blas Parera y Carlos Darwin.<\/p>\n<p dir=\"ltr\">Whatsapp: +54 9 3435 25-9528<\/p>\n<p dir=\"ltr\">Insta: blas.parana<\/p>\n<h2 dir=\"ltr\"><strong>El Estribo Resto Bar<\/strong><\/h2>\n<p dir=\"ltr\">Irigoyen 593<\/p>\n<p dir=\"ltr\">WhatsApp: +5493434545157<\/p>\n<p dir=\"ltr\">Insta: elestriborestobar<\/p>\n<p dir=\"ltr\">Face: ElEstriboRestoBar<\/p>\n<h2 dir=\"ltr\"><strong>La Zona Parrilla y Restaurante\u00a0<\/strong><\/h2>\n<p dir=\"ltr\">Santiago del Estero 360<\/p>\n<p dir=\"ltr\">Whatsapp: +54 9 343 507-9919<\/p>\n<p dir=\"ltr\">Face: lazonaparrillarestaurante<\/p>\n<p dir=\"ltr\">Insta: @la_zona_parrilla<\/p>\n<h2 dir=\"ltr\"><strong>Flamingo Paran\u00e1<\/strong><\/h2>\n<p dir=\"ltr\">Direcci\u00f3n: Urquiza y Peatonal San Mart\u00edn<\/p>\n<p dir=\"ltr\">Tel.:\u00a0 0343 4311711<\/p>\n<p dir=\"ltr\">Insta: @flamingoparana<\/p>\n<p dir=\"ltr\">Face: Flamingo Parana<\/p>\n<h2 dir=\"ltr\"><strong>Liverpool City Rest\u00f3<\/strong><\/h2>\n<p dir=\"ltr\">Direcci\u00f3n: Alameda de la Federaci\u00f3n 419<\/p>\n<p dir=\"ltr\">\u00a0WhatsApp.: 343 5054514<\/p>\n<p dir=\"ltr\">Insta: @liverpoolcityresto<\/p>\n<p dir=\"ltr\">Face: liverpoolcityresto<\/p>\n<h2 dir=\"ltr\"><strong>Bar Maip\u00fa<\/strong><\/h2>\n<p dir=\"ltr\">Maip\u00fa y Per\u00f3n<\/p>\n<p dir=\"ltr\">Whatsapp: +5493434156124<\/p>\n<p dir=\"ltr\">Insta: barmaipu<\/p>\n<h2 dir=\"ltr\"><strong>Maip\u00fa San Juan\u00a0<\/strong><\/h2>\n<p dir=\"ltr\">San Juan 606 esquina Victoria<\/p>\n<p dir=\"ltr\">Whatsapp 3435061107<\/p>\n<p dir=\"ltr\">Insta: maipu.sanjuan<\/p>\n<h2 dir=\"ltr\"><strong>Maip\u00fa Am\u00e9rica\u00a0<\/strong><\/h2>\n<p dir=\"ltr\">Av Am\u00e9ricas 2130<\/p>\n<p dir=\"ltr\">Whatsapp 3435061108<\/p>\n<p dir=\"ltr\">Insta: maipu.america<\/p>\n<h2 dir=\"ltr\"><strong>Bodeg\u00f3n Las Flores<\/strong><\/h2>\n<p dir=\"ltr\">C\u00f3rdoba 528<\/p>\n<p dir=\"ltr\">Whatsapp : 3435179742<\/p>\n<p dir=\"ltr\">Insta: Las Flores Bodeg\u00f3n<\/p>\n<h2 dir=\"ltr\"><strong>El Refugio Rest\u00f3<\/strong><\/h2>\n<p dir=\"ltr\">Juan B\u00e1ez 745<\/p>\n<p dir=\"ltr\">3434722470<\/p>\n<p dir=\"ltr\">Insta: resto refugio<\/p>\n<h2 dir=\"ltr\"><strong>Cantinero Entrerriano<\/strong><\/h2>\n<p dir=\"ltr\">Av. Laurencena 375<\/p>\n<p dir=\"ltr\">Face: cantineroentrerriano<\/p>\n<p dir=\"ltr\">Inst: cantinero.entrerriano<\/p>\n<h2><strong>Condiciones<\/strong><\/h2>\n<p dir=\"ltr\">Los establecimientos gastron\u00f3micos asociados vender\u00e1n platos de pastas seleccionados de su men\u00fa el d\u00eda 25 de junio, de 20 a 24, con un descuento del 50 por ciento. La consumici\u00f3n deber\u00e1 ser en el local. No incluye delivery. Puede abonarse con cualquier medio de pago. Para quienes requieran productos sin TACC deber\u00e1n realizar reserva previa en los establecimientos se\u00f1alados.<\/p>\n<h6 dir=\"ltr\"><em><strong>Nota relacionada:\u00a0<a href=\"https:\/\/informelitoral.com.ar\/semana-de-la-ciudad-diversas-actividades-en-parana-por-su-aniversario\/\" target=\"_blank\" rel=\"noopener\">Semana de la Ciudad: diversas actividades en Paran\u00e1 por su aniversario<\/a><\/strong><\/em><\/h6>\n","protected":false},"excerpt":{"rendered":"<p>Este mi\u00e9rcoles 25, de 20 a 24, habr\u00e1 promociones con descuentos de hasta un 50% en pastas en 25 bares y restaurantes. Es organizada por la Asociaci\u00f3n Empresaria Hotelera Gastron\u00f3mica de Paran\u00e1 (AEHGP) junto al Ente Mixto de Turismo (EMPATUR) y la Municipalidad.<\/p>\n","protected":false},"author":8,"featured_media":225064,"comment_status":"open","ping_status":"open","sticky":false,"template":"","format":"standard","meta":{"fifu_image_url":"https:\/\/elonce-media.elonce.com\/fotos\/2025\/06\/23\/l_1750695079_43319.webp","fifu_image_alt":"","footnotes":""},"categories":[1597],"tags":[45,5820],"class_list":{"0":"post-225063","1":"post","2":"type-post","3":"status-publish","4":"format-standard","5":"has-post-thumbnail","7":"category-parana","8":"tag-parana","9":"tag-parana-ama-las-pastas"},"yoast_head":"<title>Se realizar\u00e1 este mi\u00e9rcoles \u201cParan\u00e1 Ama las Pastas\u201d - Informe Litoral<\/title>\n<meta name=\"robots\" content=\"index, follow, max-snippet:-1, max-image-preview:large, max-video-preview:-1\" \/>\n<link rel=\"canonical\" href=\"https:\/\/informelitoral.com.ar\/se-realizara-este-miercoles-parana-ama-las-pastas\/\" \/>\n<meta property=\"og:locale\" content=\"es_ES\" \/>\n<meta property=\"og:type\" content=\"article\" \/>\n<meta property=\"og:title\" content=\"Se realizar\u00e1 este mi\u00e9rcoles \u201cParan\u00e1 Ama las Pastas\u201d - Informe Litoral\" \/>\n<meta property=\"og:description\" content=\"Este mi\u00e9rcoles 25, de 20 a 24, habr\u00e1 promociones con descuentos de hasta un 50% en pastas en 25 bares y restaurantes. Es organizada por la Asociaci\u00f3n Empresaria Hotelera Gastron\u00f3mica de Paran\u00e1 (AEHGP) junto al Ente Mixto de Turismo (EMPATUR) y la Municipalidad.\" \/>\n<meta property=\"og:url\" content=\"https:\/\/informelitoral.com.ar\/se-realizara-este-miercoles-parana-ama-las-pastas\/\" \/>\n<meta property=\"og:site_name\" content=\"Informe Litoral\" \/>\n<meta property=\"article:publisher\" content=\"https:\/\/www.facebook.com\/informelitoral\/\" \/>\n<meta property=\"article:published_time\" content=\"2025-06-24T12:33:54+00:00\" \/>\n<meta property=\"article:modified_time\" content=\"2025-06-25T00:54:04+00:00\" \/>\n<meta property=\"og:image\" content=\"https:\/\/elonce-media.elonce.com\/fotos\/2025\/06\/23\/l_1750695079_43319.webp\" \/><meta property=\"og:image\" content=\"https:\/\/elonce-media.elonce.com\/fotos\/2025\/06\/23\/l_1750695079_43319.webp\" \/>\n\t<meta property=\"og:image:width\" content=\"1200\" \/>\n\t<meta property=\"og:image:height\" content=\"800\" \/>\n\t<meta property=\"og:image:type\" content=\"image\/jpeg\" \/>\n<meta name=\"author\" content=\"Sebastian\" \/>\n<meta name=\"twitter:card\" content=\"summary_large_image\" \/>\n<meta name=\"twitter:image\" content=\"https:\/\/elonce-media.elonce.com\/fotos\/2025\/06\/23\/l_1750695079_43319.webp\" \/>\n<meta name=\"twitter:creator\" content=\"@InformeLitoral\" \/>\n<meta name=\"twitter:site\" content=\"@InformeLitoral\" \/>\n<meta name=\"twitter:label1\" content=\"Escrito por\" \/>\n\t<meta name=\"twitter:data1\" content=\"Sebastian\" \/>\n\t<meta name=\"twitter:label2\" content=\"Tiempo de lectura\" \/>\n\t<meta name=\"twitter:data2\" content=\"3 minutos\" \/>\n<script type=\"application\/ld+json\" class=\"yoast-schema-graph\">{\"@context\":\"https:\\\/\\\/schema.org\",\"@graph\":[{\"@type\":\"Article\",\"@id\":\"https:\\\/\\\/informelitoral.com.ar\\\/se-realizara-este-miercoles-parana-ama-las-pastas\\\/#article\",\"isPartOf\":{\"@id\":\"https:\\\/\\\/informelitoral.com.ar\\\/se-realizara-este-miercoles-parana-ama-las-pastas\\\/\"},\"author\":{\"name\":\"Sebastian\",\"@id\":\"https:\\\/\\\/informelitoral.com.ar\\\/#\\\/schema\\\/person\\\/f05f9f461677119578717524b127d6d5\"},\"headline\":\"Se realizar\u00e1 este mi\u00e9rcoles \u201cParan\u00e1 Ama las Pastas\u201d\",\"datePublished\":\"2025-06-24T12:33:54+00:00\",\"dateModified\":\"2025-06-25T00:54:04+00:00\",\"mainEntityOfPage\":{\"@id\":\"https:\\\/\\\/informelitoral.com.ar\\\/se-realizara-este-miercoles-parana-ama-las-pastas\\\/\"},\"wordCount\":568,\"commentCount\":0,\"publisher\":{\"@id\":\"https:\\\/\\\/informelitoral.com.ar\\\/#organization\"},\"image\":{\"@id\":\"https:\\\/\\\/informelitoral.com.ar\\\/se-realizara-este-miercoles-parana-ama-las-pastas\\\/#primaryimage\"},\"thumbnailUrl\":\"https:\\\/\\\/elonce-media.elonce.com\\\/fotos\\\/2025\\\/06\\\/23\\\/l_1750695079_43319.webp\",\"keywords\":[\"Paran\u00e1\",\"Paran\u00e1 Ama Las Pastas\"],\"articleSection\":[\"Paran\u00e1\"],\"inLanguage\":\"es\",\"potentialAction\":[{\"@type\":\"CommentAction\",\"name\":\"Comment\",\"target\":[\"https:\\\/\\\/informelitoral.com.ar\\\/se-realizara-este-miercoles-parana-ama-las-pastas\\\/#respond\"]}]},{\"@type\":\"WebPage\",\"@id\":\"https:\\\/\\\/informelitoral.com.ar\\\/se-realizara-este-miercoles-parana-ama-las-pastas\\\/\",\"url\":\"https:\\\/\\\/informelitoral.com.ar\\\/se-realizara-este-miercoles-parana-ama-las-pastas\\\/\",\"name\":\"Se realizar\u00e1 este mi\u00e9rcoles \u201cParan\u00e1 Ama las Pastas\u201d - Informe Litoral\",\"isPartOf\":{\"@id\":\"https:\\\/\\\/informelitoral.com.ar\\\/#website\"},\"primaryImageOfPage\":{\"@id\":\"https:\\\/\\\/informelitoral.com.ar\\\/se-realizara-este-miercoles-parana-ama-las-pastas\\\/#primaryimage\"},\"image\":{\"@id\":\"https:\\\/\\\/informelitoral.com.ar\\\/se-realizara-este-miercoles-parana-ama-las-pastas\\\/#primaryimage\"},\"thumbnailUrl\":\"https:\\\/\\\/elonce-media.elonce.com\\\/fotos\\\/2025\\\/06\\\/23\\\/l_1750695079_43319.webp\",\"datePublished\":\"2025-06-24T12:33:54+00:00\",\"dateModified\":\"2025-06-25T00:54:04+00:00\",\"breadcrumb\":{\"@id\":\"https:\\\/\\\/informelitoral.com.ar\\\/se-realizara-este-miercoles-parana-ama-las-pastas\\\/#breadcrumb\"},\"inLanguage\":\"es\",\"potentialAction\":[{\"@type\":\"ReadAction\",\"target\":[\"https:\\\/\\\/informelitoral.com.ar\\\/se-realizara-este-miercoles-parana-ama-las-pastas\\\/\"]}]},{\"@type\":\"ImageObject\",\"inLanguage\":\"es\",\"@id\":\"https:\\\/\\\/informelitoral.com.ar\\\/se-realizara-este-miercoles-parana-ama-las-pastas\\\/#primaryimage\",\"url\":\"https:\\\/\\\/elonce-media.elonce.com\\\/fotos\\\/2025\\\/06\\\/23\\\/l_1750695079_43319.webp\",\"contentUrl\":\"https:\\\/\\\/elonce-media.elonce.com\\\/fotos\\\/2025\\\/06\\\/23\\\/l_1750695079_43319.webp\",\"width\":\"1200\",\"height\":\"800\"},{\"@type\":\"BreadcrumbList\",\"@id\":\"https:\\\/\\\/informelitoral.com.ar\\\/se-realizara-este-miercoles-parana-ama-las-pastas\\\/#breadcrumb\",\"itemListElement\":[{\"@type\":\"ListItem\",\"position\":1,\"name\":\"Portada\",\"item\":\"https:\\\/\\\/informelitoral.com.ar\\\/\"},{\"@type\":\"ListItem\",\"position\":2,\"name\":\"Se realizar\u00e1 este mi\u00e9rcoles \u201cParan\u00e1 Ama las Pastas\u201d\"}]},{\"@type\":\"WebSite\",\"@id\":\"https:\\\/\\\/informelitoral.com.ar\\\/#website\",\"url\":\"https:\\\/\\\/informelitoral.com.ar\\\/\",\"name\":\"Informe Litoral\",\"description\":\"&quot;Nos informamos&quot; \",\"publisher\":{\"@id\":\"https:\\\/\\\/informelitoral.com.ar\\\/#organization\"},\"potentialAction\":[{\"@type\":\"SearchAction\",\"target\":{\"@type\":\"EntryPoint\",\"urlTemplate\":\"https:\\\/\\\/informelitoral.com.ar\\\/?s={search_term_string}\"},\"query-input\":{\"@type\":\"PropertyValueSpecification\",\"valueRequired\":true,\"valueName\":\"search_term_string\"}}],\"inLanguage\":\"es\"},{\"@type\":\"Organization\",\"@id\":\"https:\\\/\\\/informelitoral.com.ar\\\/#organization\",\"name\":\"Informe Litoral\",\"url\":\"https:\\\/\\\/informelitoral.com.ar\\\/\",\"logo\":{\"@type\":\"ImageObject\",\"inLanguage\":\"es\",\"@id\":\"https:\\\/\\\/informelitoral.com.ar\\\/#\\\/schema\\\/logo\\\/image\\\/\",\"url\":\"https:\\\/\\\/informelitoral.com.ar\\\/%77%70%2d%63%6f%6e%74%65%6e%74\\\/uploads\\\/2021\\\/01\\\/circulo.png\",\"contentUrl\":\"https:\\\/\\\/informelitoral.com.ar\\\/%77%70%2d%63%6f%6e%74%65%6e%74\\\/uploads\\\/2021\\\/01\\\/circulo.png\",\"width\":723,\"height\":731,\"caption\":\"Informe Litoral\"},\"image\":{\"@id\":\"https:\\\/\\\/informelitoral.com.ar\\\/#\\\/schema\\\/logo\\\/image\\\/\"},\"sameAs\":[\"https:\\\/\\\/www.facebook.com\\\/informelitoral\\\/\",\"https:\\\/\\\/x.com\\\/InformeLitoral\",\"https:\\\/\\\/www.instagram.com\\\/informelitoral\\\/\",\"https:\\\/\\\/www.youtube.com\\\/channel\\\/UCua4Qvz8Icb6MYqhoq9xLXw\"]},{\"@type\":\"Person\",\"@id\":\"https:\\\/\\\/informelitoral.com.ar\\\/#\\\/schema\\\/person\\\/f05f9f461677119578717524b127d6d5\",\"name\":\"Sebastian\",\"image\":{\"@type\":\"ImageObject\",\"inLanguage\":\"es\",\"@id\":\"https:\\\/\\\/secure.gravatar.com\\\/avatar\\\/b71bf7481d447dfb9583c7f2798e7cc64de6efb9067b74633ed8c31059a3bd82?s=96&d=mm&r=g\",\"url\":\"https:\\\/\\\/secure.gravatar.com\\\/avatar\\\/b71bf7481d447dfb9583c7f2798e7cc64de6efb9067b74633ed8c31059a3bd82?s=96&d=mm&r=g\",\"contentUrl\":\"https:\\\/\\\/secure.gravatar.com\\\/avatar\\\/b71bf7481d447dfb9583c7f2798e7cc64de6efb9067b74633ed8c31059a3bd82?s=96&d=mm&r=g\",\"caption\":\"Sebastian\"},\"url\":\"https:\\\/\\\/informelitoral.com.ar\\\/author\\\/sebastian\\\/\"}]}<\/script>","yoast_head_json":{"title":"Se realizar\u00e1 este mi\u00e9rcoles \u201cParan\u00e1 Ama las Pastas\u201d - Informe Litoral","robots":{"index":"index","follow":"follow","max-snippet":"max-snippet:-1","max-image-preview":"max-image-preview:large","max-video-preview":"max-video-preview:-1"},"canonical":"https:\/\/informelitoral.com.ar\/se-realizara-este-miercoles-parana-ama-las-pastas\/","og_locale":"es_ES","og_type":"article","og_title":"Se realizar\u00e1 este mi\u00e9rcoles \u201cParan\u00e1 Ama las Pastas\u201d - Informe Litoral","og_description":"Este mi\u00e9rcoles 25, de 20 a 24, habr\u00e1 promociones con descuentos de hasta un 50% en pastas en 25 bares y restaurantes. Es organizada por la Asociaci\u00f3n Empresaria Hotelera Gastron\u00f3mica de Paran\u00e1 (AEHGP) junto al Ente Mixto de Turismo (EMPATUR) y la Municipalidad.","og_url":"https:\/\/informelitoral.com.ar\/se-realizara-este-miercoles-parana-ama-las-pastas\/","og_site_name":"Informe Litoral","article_publisher":"https:\/\/www.facebook.com\/informelitoral\/","article_published_time":"2025-06-24T12:33:54+00:00","article_modified_time":"2025-06-25T00:54:04+00:00","og_image":[{"url":"https:\/\/elonce-media.elonce.com\/fotos\/2025\/06\/23\/l_1750695079_43319.webp","type":"","width":"","height":""},{"width":1200,"height":800,"url":"https:\/\/elonce-media.elonce.com\/fotos\/2025\/06\/23\/l_1750695079_43319.webp","type":"image\/jpeg"}],"author":"Sebastian","twitter_card":"summary_large_image","twitter_image":"https:\/\/elonce-media.elonce.com\/fotos\/2025\/06\/23\/l_1750695079_43319.webp","twitter_creator":"@InformeLitoral","twitter_site":"@InformeLitoral","twitter_misc":{"Escrito por":"Sebastian","Tiempo de lectura":"3 minutos"},"schema":{"@context":"https:\/\/schema.org","@graph":[{"@type":"Article","@id":"https:\/\/informelitoral.com.ar\/se-realizara-este-miercoles-parana-ama-las-pastas\/#article","isPartOf":{"@id":"https:\/\/informelitoral.com.ar\/se-realizara-este-miercoles-parana-ama-las-pastas\/"},"author":{"name":"Sebastian","@id":"https:\/\/informelitoral.com.ar\/#\/schema\/person\/f05f9f461677119578717524b127d6d5"},"headline":"Se realizar\u00e1 este mi\u00e9rcoles \u201cParan\u00e1 Ama las Pastas\u201d","datePublished":"2025-06-24T12:33:54+00:00","dateModified":"2025-06-25T00:54:04+00:00","mainEntityOfPage":{"@id":"https:\/\/informelitoral.com.ar\/se-realizara-este-miercoles-parana-ama-las-pastas\/"},"wordCount":568,"commentCount":0,"publisher":{"@id":"https:\/\/informelitoral.com.ar\/#organization"},"image":{"@id":"https:\/\/informelitoral.com.ar\/se-realizara-este-miercoles-parana-ama-las-pastas\/#primaryimage"},"thumbnailUrl":"https:\/\/elonce-media.elonce.com\/fotos\/2025\/06\/23\/l_1750695079_43319.webp","keywords":["Paran\u00e1","Paran\u00e1 Ama Las Pastas"],"articleSection":["Paran\u00e1"],"inLanguage":"es","potentialAction":[{"@type":"CommentAction","name":"Comment","target":["https:\/\/informelitoral.com.ar\/se-realizara-este-miercoles-parana-ama-las-pastas\/#respond"]}]},{"@type":"WebPage","@id":"https:\/\/informelitoral.com.ar\/se-realizara-este-miercoles-parana-ama-las-pastas\/","url":"https:\/\/informelitoral.com.ar\/se-realizara-este-miercoles-parana-ama-las-pastas\/","name":"Se realizar\u00e1 este mi\u00e9rcoles \u201cParan\u00e1 Ama las Pastas\u201d - Informe Litoral","isPartOf":{"@id":"https:\/\/informelitoral.com.ar\/#website"},"primaryImageOfPage":{"@id":"https:\/\/informelitoral.com.ar\/se-realizara-este-miercoles-parana-ama-las-pastas\/#primaryimage"},"image":{"@id":"https:\/\/informelitoral.com.ar\/se-realizara-este-miercoles-parana-ama-las-pastas\/#primaryimage"},"thumbnailUrl":"https:\/\/elonce-media.elonce.com\/fotos\/2025\/06\/23\/l_1750695079_43319.webp","datePublished":"2025-06-24T12:33:54+00:00","dateModified":"2025-06-25T00:54:04+00:00","breadcrumb":{"@id":"https:\/\/informelitoral.com.ar\/se-realizara-este-miercoles-parana-ama-las-pastas\/#breadcrumb"},"inLanguage":"es","potentialAction":[{"@type":"ReadAction","target":["https:\/\/informelitoral.com.ar\/se-realizara-este-miercoles-parana-ama-las-pastas\/"]}]},{"@type":"ImageObject","inLanguage":"es","@id":"https:\/\/informelitoral.com.ar\/se-realizara-este-miercoles-parana-ama-las-pastas\/#primaryimage","url":"https:\/\/elonce-media.elonce.com\/fotos\/2025\/06\/23\/l_1750695079_43319.webp","contentUrl":"https:\/\/elonce-media.elonce.com\/fotos\/2025\/06\/23\/l_1750695079_43319.webp","width":"1200","height":"800"},{"@type":"BreadcrumbList","@id":"https:\/\/informelitoral.com.ar\/se-realizara-este-miercoles-parana-ama-las-pastas\/#breadcrumb","itemListElement":[{"@type":"ListItem","position":1,"name":"Portada","item":"https:\/\/informelitoral.com.ar\/"},{"@type":"ListItem","position":2,"name":"Se realizar\u00e1 este mi\u00e9rcoles \u201cParan\u00e1 Ama las Pastas\u201d"}]},{"@type":"WebSite","@id":"https:\/\/informelitoral.com.ar\/#website","url":"https:\/\/informelitoral.com.ar\/","name":"Informe Litoral","description":"&quot;Nos informamos&quot; ","publisher":{"@id":"https:\/\/informelitoral.com.ar\/#organization"},"potentialAction":[{"@type":"SearchAction","target":{"@type":"EntryPoint","urlTemplate":"https:\/\/informelitoral.com.ar\/?s={search_term_string}"},"query-input":{"@type":"PropertyValueSpecification","valueRequired":true,"valueName":"search_term_string"}}],"inLanguage":"es"},{"@type":"Organization","@id":"https:\/\/informelitoral.com.ar\/#organization","name":"Informe Litoral","url":"https:\/\/informelitoral.com.ar\/","logo":{"@type":"ImageObject","inLanguage":"es","@id":"https:\/\/informelitoral.com.ar\/#\/schema\/logo\/image\/","url":"https:\/\/informelitoral.com.ar\/%77%70%2d%63%6f%6e%74%65%6e%74\/uploads\/2021\/01\/circulo.png","contentUrl":"https:\/\/informelitoral.com.ar\/%77%70%2d%63%6f%6e%74%65%6e%74\/uploads\/2021\/01\/circulo.png","width":723,"height":731,"caption":"Informe Litoral"},"image":{"@id":"https:\/\/informelitoral.com.ar\/#\/schema\/logo\/image\/"},"sameAs":["https:\/\/www.facebook.com\/informelitoral\/","https:\/\/x.com\/InformeLitoral","https:\/\/www.instagram.com\/informelitoral\/","https:\/\/www.youtube.com\/channel\/UCua4Qvz8Icb6MYqhoq9xLXw"]},{"@type":"Person","@id":"https:\/\/informelitoral.com.ar\/#\/schema\/person\/f05f9f461677119578717524b127d6d5","name":"Sebastian","image":{"@type":"ImageObject","inLanguage":"es","@id":"https:\/\/secure.gravatar.com\/avatar\/b71bf7481d447dfb9583c7f2798e7cc64de6efb9067b74633ed8c31059a3bd82?s=96&d=mm&r=g","url":"https:\/\/secure.gravatar.com\/avatar\/b71bf7481d447dfb9583c7f2798e7cc64de6efb9067b74633ed8c31059a3bd82?s=96&d=mm&r=g","contentUrl":"https:\/\/secure.gravatar.com\/avatar\/b71bf7481d447dfb9583c7f2798e7cc64de6efb9067b74633ed8c31059a3bd82?s=96&d=mm&r=g","caption":"Sebastian"},"url":"https:\/\/informelitoral.com.ar\/author\/sebastian\/"}]}},"fifu_image_url":"https:\/\/elonce-media.elonce.com\/fotos\/2025\/06\/23\/l_1750695079_43319.webp","_links":{"self":[{"href":"https:\/\/informelitoral.com.ar\/%77%70%2d%6a%73%6f%6e\/wp\/v2\/posts\/225063","targetHints":{"allow":["GET"]}}],"collection":[{"href":"https:\/\/informelitoral.com.ar\/%77%70%2d%6a%73%6f%6e\/wp\/v2\/posts"}],"about":[{"href":"https:\/\/informelitoral.com.ar\/%77%70%2d%6a%73%6f%6e\/wp\/v2\/types\/post"}],"author":[{"embeddable":true,"href":"https:\/\/informelitoral.com.ar\/%77%70%2d%6a%73%6f%6e\/wp\/v2\/users\/8"}],"replies":[{"embeddable":true,"href":"https:\/\/informelitoral.com.ar\/%77%70%2d%6a%73%6f%6e\/wp\/v2\/comments?post=225063"}],"version-history":[{"count":5,"href":"https:\/\/informelitoral.com.ar\/%77%70%2d%6a%73%6f%6e\/wp\/v2\/posts\/225063\/revisions"}],"predecessor-version":[{"id":225120,"href":"https:\/\/informelitoral.com.ar\/%77%70%2d%6a%73%6f%6e\/wp\/v2\/posts\/225063\/revisions\/225120"}],"wp:featuredmedia":[{"embeddable":true,"href":"https:\/\/informelitoral.com.ar\/%77%70%2d%6a%73%6f%6e\/wp\/v2\/media\/225064"}],"wp:attachment":[{"href":"https:\/\/informelitoral.com.ar\/%77%70%2d%6a%73%6f%6e\/wp\/v2\/media?parent=225063"}],"wp:term":[{"taxonomy":"category","embeddable":true,"href":"https:\/\/informelitoral.com.ar\/%77%70%2d%6a%73%6f%6e\/wp\/v2\/categories?post=225063"},{"taxonomy":"post_tag","embeddable":true,"href":"https:\/\/informelitoral.com.ar\/%77%70%2d%6a%73%6f%6e\/wp\/v2\/tags?post=225063"}],"curies":[{"name":"wp","href":"https:\/\/api.w.org\/{rel}","templated":true}]}}