{"id":2250,"date":"2013-06-26T09:00:45","date_gmt":"2013-06-26T12:00:45","guid":{"rendered":"http:\/\/www.isletasnoticias.com.ar\/?p=2250"},"modified":"2013-06-26T09:01:34","modified_gmt":"2013-06-26T12:01:34","slug":"hilma-re-ocupara-el-segundo-lugar-en-la-lista-de-diputados-de-la-ucr","status":"publish","type":"post","link":"https:\/\/informelitoral.com.ar\/hilma-re-ocupara-el-segundo-lugar-en-la-lista-de-diputados-de-la-ucr\/","title":{"rendered":"Hilma R\u00e9 ocupara el segundo lugar en la lista de diputados de la UCR"},"content":{"rendered":"<p><strong>\u00a0 El presidente del bloque de diputados provinciales de la UCR y referente de la Corriente Arturo Illia, <em>Agust\u00edn Federik<\/em>, explic\u00f3 las razones por las que se otorg\u00f3 a la extrapartidaria de la Coalici\u00f3n C\u00edvica, <em>Hilma R\u00e9,<\/em> el segundo lugar en la lista de precandidatos a Diputados del centenario partido. Reconoci\u00f3 que en parte obedeci\u00f3 \u201ca la situaci\u00f3n que se dio a nivel nacional con Elisa Carri\u00f3\u201d, pero adem\u00e1s destac\u00f3 que se trata de una dirigente \u201cque ha votado permanentemente en consonancia con el bloque de la UCR\u201d en la C\u00e1mara Baja nacional.<\/strong><\/p>\n<p><img loading=\"lazy\" decoding=\"async\" class=\"size-full wp-image-2251 alignright\" alt=\"hilma ree\" src=\"http:\/\/www.isletasnoticias.com.ar\/%77%70%2d%63%6f%6e%74%65%6e%74\/uploads\/2013\/06\/hilma-ree.jpg\" width=\"237\" height=\"213\" \/><\/p>\n<div>\n<p>Federik admiti\u00f3 que en la lista de precandidatos presentada este s\u00e1bado por la Corriente Arturo Ill\u00eda hay varios nombres de extrapartidarios y dirigente rurales. El principal es el de la actual legisladora nacional de la Coalici\u00f3n C\u00edvica Hilma R\u00e9, que secunda en la n\u00f3mina de Diputados a Jorge D\u2019Agostino.<\/p>\n<p>Sobre el tema explic\u00f3 que a ra\u00edz de la situaci\u00f3n que \u201cse dio a nivel nacional con Elisa Carri\u00f3\u201d, les pareci\u00f3 \u201coportuno abrir la lista no solamente a una dirigente del sector agropecuario, sino tambi\u00e9n a una militante de la Coalici\u00f3n C\u00edvica\u201d.<\/p>\n<p>\u201cEra un lugar para una mujer, y se prioriz\u00f3 en la discusi\u00f3n la incorporaci\u00f3n de un extrapartidario con influencia en los sectores agropecuarios. Adem\u00e1s es una dirigente que ha votado permanentemente en consonancia con el bloque de la UCR en la C\u00e1mara de Diputados. En ese sentido, Hilma nos ofrece las mayores garant\u00edas de oposici\u00f3n al proyecto kirchnerista\u201d, sostuvo.<\/p>\n<p><strong>El resto sin sorpresas<\/strong><\/p>\n<p>\u201cDespu\u00e9s se complet\u00f3 la lista sin mayores sorpresas\u201d, opin\u00f3 Federik. En la de precandidatos a Senadores, que encabeza<strong> Atilio Benedetti,<\/strong> se sum\u00f3 en segundo lugar la concejal de Chajar\u00ed, <strong>Gabriela Lena<\/strong>. La raz\u00f3n es que pertenece al Departamento Federaci\u00f3n \u201cdonde hay mucha influencia radical\u201d. Pero adem\u00e1s, porque se trata de \u201cuna militante del radicalismo de muchos a\u00f1os\u201d. El tercer lugar lo ocupa un hombre de Villaguay, <strong>Ra\u00fal Boc-h\u00f3,<\/strong> excandidato a intendente y dirigente de la SRA.<\/p>\n<p>\u201cHay candidatos de Paran\u00e1, porque est\u00e1 <strong>Estela Olalla de Moreyra<\/strong>; de Diamante con <strong>Hilma R\u00e9,<\/strong> la lista de Diputados la encabeza <strong>Jorge D\u2019Agostino<\/strong> que es de Paran\u00e1 Campa\u00f1a, en la Senadur\u00eda est\u00e1 <strong>Atilio Benedetti<\/strong>, del Departamento Gualeguaych\u00fa, <strong>Nicol\u00e1s Palazotti<\/strong>, de la Juventud Radical, que es presidente Departamental de La Paz\u201d, repas\u00f3 Federik. Y precis\u00f3: \u201cSe ha tratado de cumplir primero con los mandatos de las asambleas de la Corriente Arturo Ill\u00eda, y despu\u00e9s con todos los Departamentos\u201d.<\/p>\n<p><strong>La interna<\/strong><\/p>\n<p>Sobre un posible acercamiento con otras corrientes internas del radicalismo, el presidente del bloque de la UCR sostuvo que este s\u00e1bado \u201cse hicieron esfuerzos enormes\u201d con ese fin.<\/p>\n<\/div>\n<p>Habl\u00f3 b\u00e1sicamente del Movimiento Yrigoyenista que hasta \u00faltima hora del s\u00e1bado se especulaba con la posible presentaci\u00f3n de una lista propia de Diputados, cosa que finalmente no ocurri\u00f3.<\/p>\n<p>\u201cNosotros le ofrecimos ir en la lista de Diputados con nosotros, pero ante la imposibilidad de que ellos de unificar un nombre, no pod\u00edamos convertirnos en electores de la l\u00ednea interna opositora a nosotros\u201d, dijo Federik.<\/p>\n<p>Y agreg\u00f3: \u201cLes ofrecimos las m\u00e1s variadas posibilidades, incluso que vayan con lista propia en Diputados, nosotros acept\u00e1bamos que vayan pegado a la lista de Senadores, como una muestra de que est\u00e1bamos dispuestos a acercar lo m\u00e1s posible posiciones, pero finalmente, creo que ellos no se pusieron de acuerdo\u201d.<\/p>\n<p>Aclar\u00f3 que no obstante ello, se pretende un acercamiento con el sector. \u201cEs gente muy respetable y de mucha militancia en el radicalismo, por tanto creemos que esta semana los vamos a tener trabajando para la UCR\u201d.<\/p>\n<p>Fuente:\u00a0APF Digital.<\/p>\n","protected":false},"excerpt":{"rendered":"<p>&nbsp; El presidente del bloque de diputados provinciales de la UCR y referente de la Corriente Arturo Illia, Agust&iacute;n Federik, explic&oacute; las razones por las que se otorg&oacute; a la extrapartidaria de la Coalici&oacute;n C&iacute;vica, Hilma R&eacute;, el segundo lugar en la lista de precandidatos a Diputados del centenario partido. Reconoci&oacute; que en parte obedeci&oacute; [&hellip;]<\/p>\n","protected":false},"author":2,"featured_media":0,"comment_status":"open","ping_status":"open","sticky":false,"template":"","format":"standard","meta":{"fifu_image_url":"","fifu_image_alt":"","footnotes":""},"categories":[5,6,16],"tags":[],"class_list":{"0":"post-2250","1":"post","2":"type-post","3":"status-publish","4":"format-standard","6":"category-zonales","7":"category-entre-rios","8":"category-politi"},"yoast_head":"<title>Hilma R\u00e9 ocupara el segundo lugar en la lista de diputados de la UCR - Informe Litoral<\/title>\n<meta name=\"robots\" content=\"index, follow, max-snippet:-1, max-image-preview:large, max-video-preview:-1\" \/>\n<link rel=\"canonical\" href=\"https:\/\/informelitoral.com.ar\/hilma-re-ocupara-el-segundo-lugar-en-la-lista-de-diputados-de-la-ucr\/\" \/>\n<meta property=\"og:locale\" content=\"es_ES\" \/>\n<meta property=\"og:type\" content=\"article\" \/>\n<meta property=\"og:title\" content=\"Hilma R\u00e9 ocupara el segundo lugar en la lista de diputados de la UCR - Informe Litoral\" \/>\n<meta property=\"og:description\" content=\"&nbsp; El presidente del bloque de diputados provinciales de la UCR y referente de la Corriente Arturo Illia, Agust&iacute;n Federik, explic&oacute; las razones por las que se otorg&oacute; a la extrapartidaria de la Coalici&oacute;n C&iacute;vica, Hilma R&eacute;, el segundo lugar en la lista de precandidatos a Diputados del centenario partido. Reconoci&oacute; que en parte obedeci&oacute; [&hellip;]\" \/>\n<meta property=\"og:url\" content=\"https:\/\/informelitoral.com.ar\/hilma-re-ocupara-el-segundo-lugar-en-la-lista-de-diputados-de-la-ucr\/\" \/>\n<meta property=\"og:site_name\" content=\"Informe Litoral\" \/>\n<meta property=\"article:publisher\" content=\"https:\/\/www.facebook.com\/informelitoral\/\" \/>\n<meta property=\"article:published_time\" content=\"2013-06-26T12:00:45+00:00\" \/>\n<meta property=\"article:modified_time\" content=\"2013-06-26T12:01:34+00:00\" \/>\n<meta property=\"og:image\" content=\"https:\/\/informelitoral.com.ar\/%77%70%2d%63%6f%6e%74%65%6e%74\/uploads\/2013\/06\/hilma-ree.jpg\" \/>\n\t<meta property=\"og:image:width\" content=\"237\" \/>\n\t<meta property=\"og:image:height\" content=\"213\" \/>\n\t<meta property=\"og:image:type\" content=\"image\/jpeg\" \/>\n<meta name=\"author\" content=\"Gonzalo Schmidt\" \/>\n<meta name=\"twitter:card\" content=\"summary_large_image\" \/>\n<meta name=\"twitter:creator\" content=\"@InformeLitoral\" \/>\n<meta name=\"twitter:site\" content=\"@InformeLitoral\" \/>\n<meta name=\"twitter:label1\" content=\"Escrito por\" \/>\n\t<meta name=\"twitter:data1\" content=\"Gonzalo Schmidt\" \/>\n\t<meta name=\"twitter:label2\" content=\"Tiempo de lectura\" \/>\n\t<meta name=\"twitter:data2\" content=\"3 minutos\" \/>\n<script type=\"application\/ld+json\" class=\"yoast-schema-graph\">{\"@context\":\"https:\\\/\\\/schema.org\",\"@graph\":[{\"@type\":\"Article\",\"@id\":\"https:\\\/\\\/informelitoral.com.ar\\\/hilma-re-ocupara-el-segundo-lugar-en-la-lista-de-diputados-de-la-ucr\\\/#article\",\"isPartOf\":{\"@id\":\"https:\\\/\\\/informelitoral.com.ar\\\/hilma-re-ocupara-el-segundo-lugar-en-la-lista-de-diputados-de-la-ucr\\\/\"},\"author\":{\"name\":\"Gonzalo Schmidt\",\"@id\":\"https:\\\/\\\/informelitoral.com.ar\\\/#\\\/schema\\\/person\\\/b9d00407c836482871ef1d57bf8e3180\"},\"headline\":\"Hilma R\u00e9 ocupara el segundo lugar en la lista de diputados de la UCR\",\"datePublished\":\"2013-06-26T12:00:45+00:00\",\"dateModified\":\"2013-06-26T12:01:34+00:00\",\"mainEntityOfPage\":{\"@id\":\"https:\\\/\\\/informelitoral.com.ar\\\/hilma-re-ocupara-el-segundo-lugar-en-la-lista-de-diputados-de-la-ucr\\\/\"},\"wordCount\":641,\"commentCount\":0,\"publisher\":{\"@id\":\"https:\\\/\\\/informelitoral.com.ar\\\/#organization\"},\"image\":{\"@id\":\"https:\\\/\\\/informelitoral.com.ar\\\/hilma-re-ocupara-el-segundo-lugar-en-la-lista-de-diputados-de-la-ucr\\\/#primaryimage\"},\"thumbnailUrl\":\"http:\\\/\\\/www.isletasnoticias.com.ar\\\/%77%70%2d%63%6f%6e%74%65%6e%74\\\/uploads\\\/2013\\\/06\\\/hilma-ree.jpg\",\"articleSection\":[\"Departamento Diamante\",\"Entre R\u00edos\",\"Politica\"],\"inLanguage\":\"es\",\"potentialAction\":[{\"@type\":\"CommentAction\",\"name\":\"Comment\",\"target\":[\"https:\\\/\\\/informelitoral.com.ar\\\/hilma-re-ocupara-el-segundo-lugar-en-la-lista-de-diputados-de-la-ucr\\\/#respond\"]}]},{\"@type\":\"WebPage\",\"@id\":\"https:\\\/\\\/informelitoral.com.ar\\\/hilma-re-ocupara-el-segundo-lugar-en-la-lista-de-diputados-de-la-ucr\\\/\",\"url\":\"https:\\\/\\\/informelitoral.com.ar\\\/hilma-re-ocupara-el-segundo-lugar-en-la-lista-de-diputados-de-la-ucr\\\/\",\"name\":\"Hilma R\u00e9 ocupara el segundo lugar en la lista de diputados de la UCR - Informe Litoral\",\"isPartOf\":{\"@id\":\"https:\\\/\\\/informelitoral.com.ar\\\/#website\"},\"primaryImageOfPage\":{\"@id\":\"https:\\\/\\\/informelitoral.com.ar\\\/hilma-re-ocupara-el-segundo-lugar-en-la-lista-de-diputados-de-la-ucr\\\/#primaryimage\"},\"image\":{\"@id\":\"https:\\\/\\\/informelitoral.com.ar\\\/hilma-re-ocupara-el-segundo-lugar-en-la-lista-de-diputados-de-la-ucr\\\/#primaryimage\"},\"thumbnailUrl\":\"http:\\\/\\\/www.isletasnoticias.com.ar\\\/%77%70%2d%63%6f%6e%74%65%6e%74\\\/uploads\\\/2013\\\/06\\\/hilma-ree.jpg\",\"datePublished\":\"2013-06-26T12:00:45+00:00\",\"dateModified\":\"2013-06-26T12:01:34+00:00\",\"breadcrumb\":{\"@id\":\"https:\\\/\\\/informelitoral.com.ar\\\/hilma-re-ocupara-el-segundo-lugar-en-la-lista-de-diputados-de-la-ucr\\\/#breadcrumb\"},\"inLanguage\":\"es\",\"potentialAction\":[{\"@type\":\"ReadAction\",\"target\":[\"https:\\\/\\\/informelitoral.com.ar\\\/hilma-re-ocupara-el-segundo-lugar-en-la-lista-de-diputados-de-la-ucr\\\/\"]}]},{\"@type\":\"ImageObject\",\"inLanguage\":\"es\",\"@id\":\"https:\\\/\\\/informelitoral.com.ar\\\/hilma-re-ocupara-el-segundo-lugar-en-la-lista-de-diputados-de-la-ucr\\\/#primaryimage\",\"url\":\"http:\\\/\\\/www.isletasnoticias.com.ar\\\/%77%70%2d%63%6f%6e%74%65%6e%74\\\/uploads\\\/2013\\\/06\\\/hilma-ree.jpg\",\"contentUrl\":\"http:\\\/\\\/www.isletasnoticias.com.ar\\\/%77%70%2d%63%6f%6e%74%65%6e%74\\\/uploads\\\/2013\\\/06\\\/hilma-ree.jpg\"},{\"@type\":\"BreadcrumbList\",\"@id\":\"https:\\\/\\\/informelitoral.com.ar\\\/hilma-re-ocupara-el-segundo-lugar-en-la-lista-de-diputados-de-la-ucr\\\/#breadcrumb\",\"itemListElement\":[{\"@type\":\"ListItem\",\"position\":1,\"name\":\"Portada\",\"item\":\"https:\\\/\\\/informelitoral.com.ar\\\/\"},{\"@type\":\"ListItem\",\"position\":2,\"name\":\"Hilma R\u00e9 ocupara el segundo lugar en la lista de diputados de la UCR\"}]},{\"@type\":\"WebSite\",\"@id\":\"https:\\\/\\\/informelitoral.com.ar\\\/#website\",\"url\":\"https:\\\/\\\/informelitoral.com.ar\\\/\",\"name\":\"Informe Litoral\",\"description\":\"&quot;Nos informamos&quot; \",\"publisher\":{\"@id\":\"https:\\\/\\\/informelitoral.com.ar\\\/#organization\"},\"potentialAction\":[{\"@type\":\"SearchAction\",\"target\":{\"@type\":\"EntryPoint\",\"urlTemplate\":\"https:\\\/\\\/informelitoral.com.ar\\\/?s={search_term_string}\"},\"query-input\":{\"@type\":\"PropertyValueSpecification\",\"valueRequired\":true,\"valueName\":\"search_term_string\"}}],\"inLanguage\":\"es\"},{\"@type\":\"Organization\",\"@id\":\"https:\\\/\\\/informelitoral.com.ar\\\/#organization\",\"name\":\"Informe Litoral\",\"url\":\"https:\\\/\\\/informelitoral.com.ar\\\/\",\"logo\":{\"@type\":\"ImageObject\",\"inLanguage\":\"es\",\"@id\":\"https:\\\/\\\/informelitoral.com.ar\\\/#\\\/schema\\\/logo\\\/image\\\/\",\"url\":\"https:\\\/\\\/informelitoral.com.ar\\\/%77%70%2d%63%6f%6e%74%65%6e%74\\\/uploads\\\/2021\\\/01\\\/circulo.png\",\"contentUrl\":\"https:\\\/\\\/informelitoral.com.ar\\\/%77%70%2d%63%6f%6e%74%65%6e%74\\\/uploads\\\/2021\\\/01\\\/circulo.png\",\"width\":723,\"height\":731,\"caption\":\"Informe Litoral\"},\"image\":{\"@id\":\"https:\\\/\\\/informelitoral.com.ar\\\/#\\\/schema\\\/logo\\\/image\\\/\"},\"sameAs\":[\"https:\\\/\\\/www.facebook.com\\\/informelitoral\\\/\",\"https:\\\/\\\/x.com\\\/InformeLitoral\",\"https:\\\/\\\/www.instagram.com\\\/informelitoral\\\/\",\"https:\\\/\\\/www.youtube.com\\\/channel\\\/UCua4Qvz8Icb6MYqhoq9xLXw\"]},{\"@type\":\"Person\",\"@id\":\"https:\\\/\\\/informelitoral.com.ar\\\/#\\\/schema\\\/person\\\/b9d00407c836482871ef1d57bf8e3180\",\"name\":\"Gonzalo Schmidt\",\"image\":{\"@type\":\"ImageObject\",\"inLanguage\":\"es\",\"@id\":\"https:\\\/\\\/secure.gravatar.com\\\/avatar\\\/31a1a7b66ff2de83bd0e9fd79d026630d2d99e55e8bfe501287647b4fd9743de?s=96&d=mm&r=g\",\"url\":\"https:\\\/\\\/secure.gravatar.com\\\/avatar\\\/31a1a7b66ff2de83bd0e9fd79d026630d2d99e55e8bfe501287647b4fd9743de?s=96&d=mm&r=g\",\"contentUrl\":\"https:\\\/\\\/secure.gravatar.com\\\/avatar\\\/31a1a7b66ff2de83bd0e9fd79d026630d2d99e55e8bfe501287647b4fd9743de?s=96&d=mm&r=g\",\"caption\":\"Gonzalo Schmidt\"},\"description\":\"Sitio web de noticias de la provincia de Entre R\u00edos, Argentina. Informaci\u00f3n y entretenimiento. Informe Litoral, nos informamos.\",\"sameAs\":[\"http:\\\/\\\/www.isletasnoticias.com.ar\"],\"url\":\"https:\\\/\\\/informelitoral.com.ar\\\/author\\\/gonzalo\\\/\"}]}<\/script>","yoast_head_json":{"title":"Hilma R\u00e9 ocupara el segundo lugar en la lista de diputados de la UCR - Informe Litoral","robots":{"index":"index","follow":"follow","max-snippet":"max-snippet:-1","max-image-preview":"max-image-preview:large","max-video-preview":"max-video-preview:-1"},"canonical":"https:\/\/informelitoral.com.ar\/hilma-re-ocupara-el-segundo-lugar-en-la-lista-de-diputados-de-la-ucr\/","og_locale":"es_ES","og_type":"article","og_title":"Hilma R\u00e9 ocupara el segundo lugar en la lista de diputados de la UCR - Informe Litoral","og_description":"&nbsp; El presidente del bloque de diputados provinciales de la UCR y referente de la Corriente Arturo Illia, Agust&iacute;n Federik, explic&oacute; las razones por las que se otorg&oacute; a la extrapartidaria de la Coalici&oacute;n C&iacute;vica, Hilma R&eacute;, el segundo lugar en la lista de precandidatos a Diputados del centenario partido. Reconoci&oacute; que en parte obedeci&oacute; [&hellip;]","og_url":"https:\/\/informelitoral.com.ar\/hilma-re-ocupara-el-segundo-lugar-en-la-lista-de-diputados-de-la-ucr\/","og_site_name":"Informe Litoral","article_publisher":"https:\/\/www.facebook.com\/informelitoral\/","article_published_time":"2013-06-26T12:00:45+00:00","article_modified_time":"2013-06-26T12:01:34+00:00","og_image":[{"width":237,"height":213,"url":"https:\/\/informelitoral.com.ar\/%77%70%2d%63%6f%6e%74%65%6e%74\/uploads\/2013\/06\/hilma-ree.jpg","type":"image\/jpeg"}],"author":"Gonzalo Schmidt","twitter_card":"summary_large_image","twitter_creator":"@InformeLitoral","twitter_site":"@InformeLitoral","twitter_misc":{"Escrito por":"Gonzalo Schmidt","Tiempo de lectura":"3 minutos"},"schema":{"@context":"https:\/\/schema.org","@graph":[{"@type":"Article","@id":"https:\/\/informelitoral.com.ar\/hilma-re-ocupara-el-segundo-lugar-en-la-lista-de-diputados-de-la-ucr\/#article","isPartOf":{"@id":"https:\/\/informelitoral.com.ar\/hilma-re-ocupara-el-segundo-lugar-en-la-lista-de-diputados-de-la-ucr\/"},"author":{"name":"Gonzalo Schmidt","@id":"https:\/\/informelitoral.com.ar\/#\/schema\/person\/b9d00407c836482871ef1d57bf8e3180"},"headline":"Hilma R\u00e9 ocupara el segundo lugar en la lista de diputados de la UCR","datePublished":"2013-06-26T12:00:45+00:00","dateModified":"2013-06-26T12:01:34+00:00","mainEntityOfPage":{"@id":"https:\/\/informelitoral.com.ar\/hilma-re-ocupara-el-segundo-lugar-en-la-lista-de-diputados-de-la-ucr\/"},"wordCount":641,"commentCount":0,"publisher":{"@id":"https:\/\/informelitoral.com.ar\/#organization"},"image":{"@id":"https:\/\/informelitoral.com.ar\/hilma-re-ocupara-el-segundo-lugar-en-la-lista-de-diputados-de-la-ucr\/#primaryimage"},"thumbnailUrl":"http:\/\/www.isletasnoticias.com.ar\/%77%70%2d%63%6f%6e%74%65%6e%74\/uploads\/2013\/06\/hilma-ree.jpg","articleSection":["Departamento Diamante","Entre R\u00edos","Politica"],"inLanguage":"es","potentialAction":[{"@type":"CommentAction","name":"Comment","target":["https:\/\/informelitoral.com.ar\/hilma-re-ocupara-el-segundo-lugar-en-la-lista-de-diputados-de-la-ucr\/#respond"]}]},{"@type":"WebPage","@id":"https:\/\/informelitoral.com.ar\/hilma-re-ocupara-el-segundo-lugar-en-la-lista-de-diputados-de-la-ucr\/","url":"https:\/\/informelitoral.com.ar\/hilma-re-ocupara-el-segundo-lugar-en-la-lista-de-diputados-de-la-ucr\/","name":"Hilma R\u00e9 ocupara el segundo lugar en la lista de diputados de la UCR - Informe Litoral","isPartOf":{"@id":"https:\/\/informelitoral.com.ar\/#website"},"primaryImageOfPage":{"@id":"https:\/\/informelitoral.com.ar\/hilma-re-ocupara-el-segundo-lugar-en-la-lista-de-diputados-de-la-ucr\/#primaryimage"},"image":{"@id":"https:\/\/informelitoral.com.ar\/hilma-re-ocupara-el-segundo-lugar-en-la-lista-de-diputados-de-la-ucr\/#primaryimage"},"thumbnailUrl":"http:\/\/www.isletasnoticias.com.ar\/%77%70%2d%63%6f%6e%74%65%6e%74\/uploads\/2013\/06\/hilma-ree.jpg","datePublished":"2013-06-26T12:00:45+00:00","dateModified":"2013-06-26T12:01:34+00:00","breadcrumb":{"@id":"https:\/\/informelitoral.com.ar\/hilma-re-ocupara-el-segundo-lugar-en-la-lista-de-diputados-de-la-ucr\/#breadcrumb"},"inLanguage":"es","potentialAction":[{"@type":"ReadAction","target":["https:\/\/informelitoral.com.ar\/hilma-re-ocupara-el-segundo-lugar-en-la-lista-de-diputados-de-la-ucr\/"]}]},{"@type":"ImageObject","inLanguage":"es","@id":"https:\/\/informelitoral.com.ar\/hilma-re-ocupara-el-segundo-lugar-en-la-lista-de-diputados-de-la-ucr\/#primaryimage","url":"http:\/\/www.isletasnoticias.com.ar\/%77%70%2d%63%6f%6e%74%65%6e%74\/uploads\/2013\/06\/hilma-ree.jpg","contentUrl":"http:\/\/www.isletasnoticias.com.ar\/%77%70%2d%63%6f%6e%74%65%6e%74\/uploads\/2013\/06\/hilma-ree.jpg"},{"@type":"BreadcrumbList","@id":"https:\/\/informelitoral.com.ar\/hilma-re-ocupara-el-segundo-lugar-en-la-lista-de-diputados-de-la-ucr\/#breadcrumb","itemListElement":[{"@type":"ListItem","position":1,"name":"Portada","item":"https:\/\/informelitoral.com.ar\/"},{"@type":"ListItem","position":2,"name":"Hilma R\u00e9 ocupara el segundo lugar en la lista de diputados de la UCR"}]},{"@type":"WebSite","@id":"https:\/\/informelitoral.com.ar\/#website","url":"https:\/\/informelitoral.com.ar\/","name":"Informe Litoral","description":"&quot;Nos informamos&quot; ","publisher":{"@id":"https:\/\/informelitoral.com.ar\/#organization"},"potentialAction":[{"@type":"SearchAction","target":{"@type":"EntryPoint","urlTemplate":"https:\/\/informelitoral.com.ar\/?s={search_term_string}"},"query-input":{"@type":"PropertyValueSpecification","valueRequired":true,"valueName":"search_term_string"}}],"inLanguage":"es"},{"@type":"Organization","@id":"https:\/\/informelitoral.com.ar\/#organization","name":"Informe Litoral","url":"https:\/\/informelitoral.com.ar\/","logo":{"@type":"ImageObject","inLanguage":"es","@id":"https:\/\/informelitoral.com.ar\/#\/schema\/logo\/image\/","url":"https:\/\/informelitoral.com.ar\/%77%70%2d%63%6f%6e%74%65%6e%74\/uploads\/2021\/01\/circulo.png","contentUrl":"https:\/\/informelitoral.com.ar\/%77%70%2d%63%6f%6e%74%65%6e%74\/uploads\/2021\/01\/circulo.png","width":723,"height":731,"caption":"Informe Litoral"},"image":{"@id":"https:\/\/informelitoral.com.ar\/#\/schema\/logo\/image\/"},"sameAs":["https:\/\/www.facebook.com\/informelitoral\/","https:\/\/x.com\/InformeLitoral","https:\/\/www.instagram.com\/informelitoral\/","https:\/\/www.youtube.com\/channel\/UCua4Qvz8Icb6MYqhoq9xLXw"]},{"@type":"Person","@id":"https:\/\/informelitoral.com.ar\/#\/schema\/person\/b9d00407c836482871ef1d57bf8e3180","name":"Gonzalo Schmidt","image":{"@type":"ImageObject","inLanguage":"es","@id":"https:\/\/secure.gravatar.com\/avatar\/31a1a7b66ff2de83bd0e9fd79d026630d2d99e55e8bfe501287647b4fd9743de?s=96&d=mm&r=g","url":"https:\/\/secure.gravatar.com\/avatar\/31a1a7b66ff2de83bd0e9fd79d026630d2d99e55e8bfe501287647b4fd9743de?s=96&d=mm&r=g","contentUrl":"https:\/\/secure.gravatar.com\/avatar\/31a1a7b66ff2de83bd0e9fd79d026630d2d99e55e8bfe501287647b4fd9743de?s=96&d=mm&r=g","caption":"Gonzalo Schmidt"},"description":"Sitio web de noticias de la provincia de Entre R\u00edos, Argentina. Informaci\u00f3n y entretenimiento. Informe Litoral, nos informamos.","sameAs":["http:\/\/www.isletasnoticias.com.ar"],"url":"https:\/\/informelitoral.com.ar\/author\/gonzalo\/"}]}},"_links":{"self":[{"href":"https:\/\/informelitoral.com.ar\/%77%70%2d%6a%73%6f%6e\/wp\/v2\/posts\/2250","targetHints":{"allow":["GET"]}}],"collection":[{"href":"https:\/\/informelitoral.com.ar\/%77%70%2d%6a%73%6f%6e\/wp\/v2\/posts"}],"about":[{"href":"https:\/\/informelitoral.com.ar\/%77%70%2d%6a%73%6f%6e\/wp\/v2\/types\/post"}],"author":[{"embeddable":true,"href":"https:\/\/informelitoral.com.ar\/%77%70%2d%6a%73%6f%6e\/wp\/v2\/users\/2"}],"replies":[{"embeddable":true,"href":"https:\/\/informelitoral.com.ar\/%77%70%2d%6a%73%6f%6e\/wp\/v2\/comments?post=2250"}],"version-history":[{"count":0,"href":"https:\/\/informelitoral.com.ar\/%77%70%2d%6a%73%6f%6e\/wp\/v2\/posts\/2250\/revisions"}],"wp:attachment":[{"href":"https:\/\/informelitoral.com.ar\/%77%70%2d%6a%73%6f%6e\/wp\/v2\/media?parent=2250"}],"wp:term":[{"taxonomy":"category","embeddable":true,"href":"https:\/\/informelitoral.com.ar\/%77%70%2d%6a%73%6f%6e\/wp\/v2\/categories?post=2250"},{"taxonomy":"post_tag","embeddable":true,"href":"https:\/\/informelitoral.com.ar\/%77%70%2d%6a%73%6f%6e\/wp\/v2\/tags?post=2250"}],"curies":[{"name":"wp","href":"https:\/\/api.w.org\/{rel}","templated":true}]}}