{"id":224957,"date":"2025-06-23T11:58:25","date_gmt":"2025-06-23T14:58:25","guid":{"rendered":"https:\/\/informelitoral.com.ar\/?p=224957"},"modified":"2025-06-23T14:13:59","modified_gmt":"2025-06-23T17:13:59","slug":"rosario-se-realizaron-las-primeras-exportaciones-aereas-de-carne-bovina-y-pacu","status":"publish","type":"post","link":"https:\/\/informelitoral.com.ar\/rosario-se-realizaron-las-primeras-exportaciones-aereas-de-carne-bovina-y-pacu\/","title":{"rendered":"Rosario: se realizaron las primeras exportaciones a\u00e9reas de carne bovina y pac\u00fa"},"content":{"rendered":"<p>El Aeropuerto Internacional Rosario (AIR) \u00abIslas Malvinas\u00bb dio un paso hist\u00f3rico en su consolidaci\u00f3n como plataforma log\u00edstica internacional, al concretar las primeras exportaciones a\u00e9reas de productos perecederos desde su terminal de cargas. Se trata de dos operaciones que marcan un antes y un despu\u00e9s para la regi\u00f3n:\u00a0<b>el env\u00edo de carne bovina enfriada a Panam\u00e1 y de pac\u00fa congelado a Estados Unidos, ambas realizadas a trav\u00e9s de la aerol\u00ednea Copa Airlines.<\/b><\/p>\n<p>\u00abEste es el resultado de un trabajo articulado entre el sector p\u00fablico y privado, que refleja una clara decisi\u00f3n pol\u00edtica del gobernador Maximiliano Pullaro: potenciar el perfil exportador de nuestra provincia, generar valor agregado local y abrir nuevos mercados para nuestras econom\u00edas regionales\u00bb, afirm\u00f3 el ministro de Desarrollo Productivo, Gustavo Puccini.<\/p>\n<figure class=\"vsmimage\" contenteditable=\"false\"><img loading=\"lazy\" decoding=\"async\" id=\"imgv90611v19\" src=\"https:\/\/www.revistachacra.com.ar\/files\/image\/59\/59997\/6859418b36a89_739_415!.jpg?s=d24f23da3b3d826e5a2877a4d7f4a20a&amp;d=1750679949\" width=\"739\" height=\"415\" data-vsmid=\"59997\" data-owidth=\"1280\" data-oheight=\"719\" \/><\/figure>\n<p>La primera exportaci\u00f3n incluy\u00f3 m\u00e1s de 300 kilos de carne provenientes del frigor\u00edfico Swift S.A., mientras que la segunda consisti\u00f3 en 144 kilos de pac\u00fa congelado de la empresa Puerto Las Palmas S.A., ubicada en la provincia del Chaco.\u00a0<b>Ambas operaciones fueron posibles gracias al trabajo conjunto entre el sector privado, organismos nacionales como\u00a0<a href=\"https:\/\/www.argentina.gob.ar\/senasa\" target=\"_blank\" rel=\"noopener\">Senasa<\/a>\u00a0y la Aduana, y el operador log\u00edstico SP Group, con base en el Paseo Comercial del aeropuerto.<\/b><\/p>\n<p>Estas acciones son el resultado de m\u00e1s de un a\u00f1o de trabajo t\u00e9cnico y operativo, que incluy\u00f3 la\u00a0<b>certificaci\u00f3n sanitaria del aeropuerto por parte de Senasa<\/b>\u00a0y la adecuaci\u00f3n de procesos para garantizar la cadena de fr\u00edo y la trazabilidad de los productos. Adem\u00e1s, se enmarcan en una estrategia provincial de descentralizaci\u00f3n log\u00edstica, que busca acercar la infraestructura de comercio exterior a los polos productivos del interior. El Aeropuerto Internacional Rosario cuenta con una pista de 3.000 metros de largo y opera vuelos nacionales e internacionales. En los \u00faltimos a\u00f1os ha sido objeto de mejoras t\u00e9cnicas y ampliaciones que lo posicionan como un nodo clave para el desarrollo regional.\u00a0<b>En 2023, las operaciones de carga crecieron un 33,37 % en comparaci\u00f3n con el a\u00f1o anterior, registrando 953 pedidos.<\/b>\u00a0En lo que va de 2024 ya se contabilizan 1.271 operaciones, con un total de 156.331 kilos de carga transportada.<\/p>\n<h6><em><b>Ver tambi\u00e9n:\u00a0<\/b><strong><a href=\"https:\/\/www.revistachacra.com.ar\/portada\/por-la-demora-en-la-cosecha-de-soja-podrian-extender-la-baja-de-las-retenciones\/\" target=\"_blank\" rel=\"noopener\">Por la demora en la cosecha de soja, podr\u00edan extender la baja de las retenciones<\/a><\/strong><\/em><\/h6>\n<p>Estas primeras exportaciones a\u00e9reas de productos perecederos no s\u00f3lo consolidan al AIR como un actor estrat\u00e9gico en la log\u00edstica nacional,\u00a0<b>sino que tambi\u00e9n abren nuevas oportunidades para las econom\u00edas regionales, especialmente para las Pymes santafesinas que ahora pueden acceder a mercados globales con mayor eficiencia<\/b>. \u00abNuestra provincia pone a disposici\u00f3n toda su infraestructura log\u00edstica -puertos, rutas y aeropuertos- para que las empresas puedan crecer, exportar y generar empleo. Esto es desarrollo productivo con mirada federal\u00bb, sostuvo la secretaria de Transporte y Log\u00edstica, M\u00f3nica Alvarado.<\/p>\n<p>Cabe recordar que hace tres semanas, el Aeropuerto de Rosario comenz\u00f3 a implementar el r\u00e9gimen\u00a0<b>Exporta Simple<\/b>, un avance decisivo hacia la federalizaci\u00f3n del comercio exterior argentino. Gracias a la articulaci\u00f3n entre los gobiernos nacional y provincial, Rosario dej\u00f3 de depender del centralismo de Ezeiza y se convirti\u00f3 en el primer nodo del interior del pa\u00eds habilitado para operar bajo este sistema simplificado. Esta herramienta permite que emprendedores y Pymes\u00a0<b>exporten productos de menor volumen sin necesidad de estar inscriptos como exportadores tradicionales, reduciendo tiempos, costos y tr\u00e1mites burocr\u00e1ticos<\/b>. La habilitaci\u00f3n de dos operadores log\u00edsticos en el AIR marca el inicio de una nueva etapa de inclusi\u00f3n exportadora para toda la regi\u00f3n.<\/p>\n","protected":false},"excerpt":{"rendered":"<p>Se concretaron por primera vez exportaciones a\u00e9reas de productos perecederos, marcando un hito log\u00edstico para el interior del pa\u00eds. <\/p>\n","protected":false},"author":8,"featured_media":224958,"comment_status":"open","ping_status":"open","sticky":false,"template":"","format":"standard","meta":{"fifu_image_url":"https:\/\/www.revistachacra.com.ar\/files\/image\/59\/59998\/685941ee4b696_837_627!.webp?s=d12aa75e895e6b887228321239e87c97&d=1750683247&oe=jpg","fifu_image_alt":"","footnotes":""},"categories":[10],"tags":[4261,259],"class_list":{"0":"post-224957","1":"post","2":"type-post","3":"status-publish","4":"format-standard","5":"has-post-thumbnail","7":"category-campo","8":"tag-carne-bovina","9":"tag-exportacion"},"yoast_head":"<title>Rosario: se realizaron las primeras exportaciones a\u00e9reas de carne bovina y pac\u00fa - Informe Litoral<\/title>\n<meta name=\"robots\" content=\"index, follow, max-snippet:-1, max-image-preview:large, max-video-preview:-1\" \/>\n<link rel=\"canonical\" href=\"https:\/\/informelitoral.com.ar\/rosario-se-realizaron-las-primeras-exportaciones-aereas-de-carne-bovina-y-pacu\/\" \/>\n<meta property=\"og:locale\" content=\"es_ES\" \/>\n<meta property=\"og:type\" content=\"article\" \/>\n<meta property=\"og:title\" content=\"Rosario: se realizaron las primeras exportaciones a\u00e9reas de carne bovina y pac\u00fa - Informe Litoral\" \/>\n<meta property=\"og:description\" content=\"Se concretaron por primera vez exportaciones a\u00e9reas de productos perecederos, marcando un hito log\u00edstico para el interior del pa\u00eds.\" \/>\n<meta property=\"og:url\" content=\"https:\/\/informelitoral.com.ar\/rosario-se-realizaron-las-primeras-exportaciones-aereas-de-carne-bovina-y-pacu\/\" \/>\n<meta property=\"og:site_name\" content=\"Informe Litoral\" \/>\n<meta property=\"article:publisher\" content=\"https:\/\/www.facebook.com\/informelitoral\/\" \/>\n<meta property=\"article:published_time\" content=\"2025-06-23T14:58:25+00:00\" \/>\n<meta property=\"article:modified_time\" content=\"2025-06-23T17:13:59+00:00\" \/>\n<meta property=\"og:image\" content=\"https:\/\/www.revistachacra.com.ar\/files\/image\/59\/59998\/685941ee4b696_837_627!.webp?s=d12aa75e895e6b887228321239e87c97&d=1750683247&oe=jpg\" \/><meta property=\"og:image\" content=\"https:\/\/www.revistachacra.com.ar\/files\/image\/59\/59998\/685941ee4b696_837_627!.webp?s=d12aa75e895e6b887228321239e87c97&d=1750683247&oe=jpg\" \/>\n\t<meta property=\"og:image:width\" content=\"837\" \/>\n\t<meta property=\"og:image:height\" content=\"627\" \/>\n\t<meta property=\"og:image:type\" content=\"image\/jpeg\" \/>\n<meta name=\"author\" content=\"Sebastian\" \/>\n<meta name=\"twitter:card\" content=\"summary_large_image\" \/>\n<meta name=\"twitter:image\" content=\"https:\/\/www.revistachacra.com.ar\/files\/image\/59\/59998\/685941ee4b696_837_627!.webp?s=d12aa75e895e6b887228321239e87c97&d=1750683247&oe=jpg\" \/>\n<meta name=\"twitter:creator\" content=\"@InformeLitoral\" \/>\n<meta name=\"twitter:site\" content=\"@InformeLitoral\" \/>\n<meta name=\"twitter:label1\" content=\"Escrito por\" \/>\n\t<meta name=\"twitter:data1\" content=\"Sebastian\" \/>\n\t<meta name=\"twitter:label2\" content=\"Tiempo de lectura\" \/>\n\t<meta name=\"twitter:data2\" content=\"3 minutos\" \/>\n<script type=\"application\/ld+json\" class=\"yoast-schema-graph\">{\"@context\":\"https:\\\/\\\/schema.org\",\"@graph\":[{\"@type\":\"Article\",\"@id\":\"https:\\\/\\\/informelitoral.com.ar\\\/rosario-se-realizaron-las-primeras-exportaciones-aereas-de-carne-bovina-y-pacu\\\/#article\",\"isPartOf\":{\"@id\":\"https:\\\/\\\/informelitoral.com.ar\\\/rosario-se-realizaron-las-primeras-exportaciones-aereas-de-carne-bovina-y-pacu\\\/\"},\"author\":{\"name\":\"Sebastian\",\"@id\":\"https:\\\/\\\/informelitoral.com.ar\\\/#\\\/schema\\\/person\\\/f05f9f461677119578717524b127d6d5\"},\"headline\":\"Rosario: se realizaron las primeras exportaciones a\u00e9reas de carne bovina y pac\u00fa\",\"datePublished\":\"2025-06-23T14:58:25+00:00\",\"dateModified\":\"2025-06-23T17:13:59+00:00\",\"mainEntityOfPage\":{\"@id\":\"https:\\\/\\\/informelitoral.com.ar\\\/rosario-se-realizaron-las-primeras-exportaciones-aereas-de-carne-bovina-y-pacu\\\/\"},\"wordCount\":612,\"commentCount\":0,\"publisher\":{\"@id\":\"https:\\\/\\\/informelitoral.com.ar\\\/#organization\"},\"image\":{\"@id\":\"https:\\\/\\\/informelitoral.com.ar\\\/rosario-se-realizaron-las-primeras-exportaciones-aereas-de-carne-bovina-y-pacu\\\/#primaryimage\"},\"thumbnailUrl\":\"https:\\\/\\\/www.revistachacra.com.ar\\\/files\\\/image\\\/59\\\/59998\\\/685941ee4b696_837_627!.webp?s=d12aa75e895e6b887228321239e87c97&d=1750683247&oe=jpg\",\"keywords\":[\"Carne bovina\",\"Exportaci\u00f3n\"],\"articleSection\":[\"Campo\"],\"inLanguage\":\"es\",\"potentialAction\":[{\"@type\":\"CommentAction\",\"name\":\"Comment\",\"target\":[\"https:\\\/\\\/informelitoral.com.ar\\\/rosario-se-realizaron-las-primeras-exportaciones-aereas-de-carne-bovina-y-pacu\\\/#respond\"]}]},{\"@type\":\"WebPage\",\"@id\":\"https:\\\/\\\/informelitoral.com.ar\\\/rosario-se-realizaron-las-primeras-exportaciones-aereas-de-carne-bovina-y-pacu\\\/\",\"url\":\"https:\\\/\\\/informelitoral.com.ar\\\/rosario-se-realizaron-las-primeras-exportaciones-aereas-de-carne-bovina-y-pacu\\\/\",\"name\":\"Rosario: se realizaron las primeras exportaciones a\u00e9reas de carne bovina y pac\u00fa - Informe Litoral\",\"isPartOf\":{\"@id\":\"https:\\\/\\\/informelitoral.com.ar\\\/#website\"},\"primaryImageOfPage\":{\"@id\":\"https:\\\/\\\/informelitoral.com.ar\\\/rosario-se-realizaron-las-primeras-exportaciones-aereas-de-carne-bovina-y-pacu\\\/#primaryimage\"},\"image\":{\"@id\":\"https:\\\/\\\/informelitoral.com.ar\\\/rosario-se-realizaron-las-primeras-exportaciones-aereas-de-carne-bovina-y-pacu\\\/#primaryimage\"},\"thumbnailUrl\":\"https:\\\/\\\/www.revistachacra.com.ar\\\/files\\\/image\\\/59\\\/59998\\\/685941ee4b696_837_627!.webp?s=d12aa75e895e6b887228321239e87c97&d=1750683247&oe=jpg\",\"datePublished\":\"2025-06-23T14:58:25+00:00\",\"dateModified\":\"2025-06-23T17:13:59+00:00\",\"breadcrumb\":{\"@id\":\"https:\\\/\\\/informelitoral.com.ar\\\/rosario-se-realizaron-las-primeras-exportaciones-aereas-de-carne-bovina-y-pacu\\\/#breadcrumb\"},\"inLanguage\":\"es\",\"potentialAction\":[{\"@type\":\"ReadAction\",\"target\":[\"https:\\\/\\\/informelitoral.com.ar\\\/rosario-se-realizaron-las-primeras-exportaciones-aereas-de-carne-bovina-y-pacu\\\/\"]}]},{\"@type\":\"ImageObject\",\"inLanguage\":\"es\",\"@id\":\"https:\\\/\\\/informelitoral.com.ar\\\/rosario-se-realizaron-las-primeras-exportaciones-aereas-de-carne-bovina-y-pacu\\\/#primaryimage\",\"url\":\"https:\\\/\\\/www.revistachacra.com.ar\\\/files\\\/image\\\/59\\\/59998\\\/685941ee4b696_837_627!.webp?s=d12aa75e895e6b887228321239e87c97&d=1750683247&oe=jpg\",\"contentUrl\":\"https:\\\/\\\/www.revistachacra.com.ar\\\/files\\\/image\\\/59\\\/59998\\\/685941ee4b696_837_627!.webp?s=d12aa75e895e6b887228321239e87c97&d=1750683247&oe=jpg\",\"width\":\"837\",\"height\":\"627\"},{\"@type\":\"BreadcrumbList\",\"@id\":\"https:\\\/\\\/informelitoral.com.ar\\\/rosario-se-realizaron-las-primeras-exportaciones-aereas-de-carne-bovina-y-pacu\\\/#breadcrumb\",\"itemListElement\":[{\"@type\":\"ListItem\",\"position\":1,\"name\":\"Portada\",\"item\":\"https:\\\/\\\/informelitoral.com.ar\\\/\"},{\"@type\":\"ListItem\",\"position\":2,\"name\":\"Rosario: se realizaron las primeras exportaciones a\u00e9reas de carne bovina y pac\u00fa\"}]},{\"@type\":\"WebSite\",\"@id\":\"https:\\\/\\\/informelitoral.com.ar\\\/#website\",\"url\":\"https:\\\/\\\/informelitoral.com.ar\\\/\",\"name\":\"Informe Litoral\",\"description\":\"&quot;Nos informamos&quot; \",\"publisher\":{\"@id\":\"https:\\\/\\\/informelitoral.com.ar\\\/#organization\"},\"potentialAction\":[{\"@type\":\"SearchAction\",\"target\":{\"@type\":\"EntryPoint\",\"urlTemplate\":\"https:\\\/\\\/informelitoral.com.ar\\\/?s={search_term_string}\"},\"query-input\":{\"@type\":\"PropertyValueSpecification\",\"valueRequired\":true,\"valueName\":\"search_term_string\"}}],\"inLanguage\":\"es\"},{\"@type\":\"Organization\",\"@id\":\"https:\\\/\\\/informelitoral.com.ar\\\/#organization\",\"name\":\"Informe Litoral\",\"url\":\"https:\\\/\\\/informelitoral.com.ar\\\/\",\"logo\":{\"@type\":\"ImageObject\",\"inLanguage\":\"es\",\"@id\":\"https:\\\/\\\/informelitoral.com.ar\\\/#\\\/schema\\\/logo\\\/image\\\/\",\"url\":\"https:\\\/\\\/informelitoral.com.ar\\\/%77%70%2d%63%6f%6e%74%65%6e%74\\\/uploads\\\/2021\\\/01\\\/circulo.png\",\"contentUrl\":\"https:\\\/\\\/informelitoral.com.ar\\\/%77%70%2d%63%6f%6e%74%65%6e%74\\\/uploads\\\/2021\\\/01\\\/circulo.png\",\"width\":723,\"height\":731,\"caption\":\"Informe Litoral\"},\"image\":{\"@id\":\"https:\\\/\\\/informelitoral.com.ar\\\/#\\\/schema\\\/logo\\\/image\\\/\"},\"sameAs\":[\"https:\\\/\\\/www.facebook.com\\\/informelitoral\\\/\",\"https:\\\/\\\/x.com\\\/InformeLitoral\",\"https:\\\/\\\/www.instagram.com\\\/informelitoral\\\/\",\"https:\\\/\\\/www.youtube.com\\\/channel\\\/UCua4Qvz8Icb6MYqhoq9xLXw\"]},{\"@type\":\"Person\",\"@id\":\"https:\\\/\\\/informelitoral.com.ar\\\/#\\\/schema\\\/person\\\/f05f9f461677119578717524b127d6d5\",\"name\":\"Sebastian\",\"image\":{\"@type\":\"ImageObject\",\"inLanguage\":\"es\",\"@id\":\"https:\\\/\\\/secure.gravatar.com\\\/avatar\\\/b71bf7481d447dfb9583c7f2798e7cc64de6efb9067b74633ed8c31059a3bd82?s=96&d=mm&r=g\",\"url\":\"https:\\\/\\\/secure.gravatar.com\\\/avatar\\\/b71bf7481d447dfb9583c7f2798e7cc64de6efb9067b74633ed8c31059a3bd82?s=96&d=mm&r=g\",\"contentUrl\":\"https:\\\/\\\/secure.gravatar.com\\\/avatar\\\/b71bf7481d447dfb9583c7f2798e7cc64de6efb9067b74633ed8c31059a3bd82?s=96&d=mm&r=g\",\"caption\":\"Sebastian\"},\"url\":\"https:\\\/\\\/informelitoral.com.ar\\\/author\\\/sebastian\\\/\"}]}<\/script>","yoast_head_json":{"title":"Rosario: se realizaron las primeras exportaciones a\u00e9reas de carne bovina y pac\u00fa - Informe Litoral","robots":{"index":"index","follow":"follow","max-snippet":"max-snippet:-1","max-image-preview":"max-image-preview:large","max-video-preview":"max-video-preview:-1"},"canonical":"https:\/\/informelitoral.com.ar\/rosario-se-realizaron-las-primeras-exportaciones-aereas-de-carne-bovina-y-pacu\/","og_locale":"es_ES","og_type":"article","og_title":"Rosario: se realizaron las primeras exportaciones a\u00e9reas de carne bovina y pac\u00fa - Informe Litoral","og_description":"Se concretaron por primera vez exportaciones a\u00e9reas de productos perecederos, marcando un hito log\u00edstico para el interior del pa\u00eds.","og_url":"https:\/\/informelitoral.com.ar\/rosario-se-realizaron-las-primeras-exportaciones-aereas-de-carne-bovina-y-pacu\/","og_site_name":"Informe Litoral","article_publisher":"https:\/\/www.facebook.com\/informelitoral\/","article_published_time":"2025-06-23T14:58:25+00:00","article_modified_time":"2025-06-23T17:13:59+00:00","og_image":[{"url":"https:\/\/www.revistachacra.com.ar\/files\/image\/59\/59998\/685941ee4b696_837_627!.webp?s=d12aa75e895e6b887228321239e87c97&d=1750683247&oe=jpg","type":"","width":"","height":""},{"width":837,"height":627,"url":"https:\/\/www.revistachacra.com.ar\/files\/image\/59\/59998\/685941ee4b696_837_627!.webp?s=d12aa75e895e6b887228321239e87c97&d=1750683247&oe=jpg","type":"image\/jpeg"}],"author":"Sebastian","twitter_card":"summary_large_image","twitter_image":"https:\/\/www.revistachacra.com.ar\/files\/image\/59\/59998\/685941ee4b696_837_627!.webp?s=d12aa75e895e6b887228321239e87c97&d=1750683247&oe=jpg","twitter_creator":"@InformeLitoral","twitter_site":"@InformeLitoral","twitter_misc":{"Escrito por":"Sebastian","Tiempo de lectura":"3 minutos"},"schema":{"@context":"https:\/\/schema.org","@graph":[{"@type":"Article","@id":"https:\/\/informelitoral.com.ar\/rosario-se-realizaron-las-primeras-exportaciones-aereas-de-carne-bovina-y-pacu\/#article","isPartOf":{"@id":"https:\/\/informelitoral.com.ar\/rosario-se-realizaron-las-primeras-exportaciones-aereas-de-carne-bovina-y-pacu\/"},"author":{"name":"Sebastian","@id":"https:\/\/informelitoral.com.ar\/#\/schema\/person\/f05f9f461677119578717524b127d6d5"},"headline":"Rosario: se realizaron las primeras exportaciones a\u00e9reas de carne bovina y pac\u00fa","datePublished":"2025-06-23T14:58:25+00:00","dateModified":"2025-06-23T17:13:59+00:00","mainEntityOfPage":{"@id":"https:\/\/informelitoral.com.ar\/rosario-se-realizaron-las-primeras-exportaciones-aereas-de-carne-bovina-y-pacu\/"},"wordCount":612,"commentCount":0,"publisher":{"@id":"https:\/\/informelitoral.com.ar\/#organization"},"image":{"@id":"https:\/\/informelitoral.com.ar\/rosario-se-realizaron-las-primeras-exportaciones-aereas-de-carne-bovina-y-pacu\/#primaryimage"},"thumbnailUrl":"https:\/\/www.revistachacra.com.ar\/files\/image\/59\/59998\/685941ee4b696_837_627!.webp?s=d12aa75e895e6b887228321239e87c97&d=1750683247&oe=jpg","keywords":["Carne bovina","Exportaci\u00f3n"],"articleSection":["Campo"],"inLanguage":"es","potentialAction":[{"@type":"CommentAction","name":"Comment","target":["https:\/\/informelitoral.com.ar\/rosario-se-realizaron-las-primeras-exportaciones-aereas-de-carne-bovina-y-pacu\/#respond"]}]},{"@type":"WebPage","@id":"https:\/\/informelitoral.com.ar\/rosario-se-realizaron-las-primeras-exportaciones-aereas-de-carne-bovina-y-pacu\/","url":"https:\/\/informelitoral.com.ar\/rosario-se-realizaron-las-primeras-exportaciones-aereas-de-carne-bovina-y-pacu\/","name":"Rosario: se realizaron las primeras exportaciones a\u00e9reas de carne bovina y pac\u00fa - Informe Litoral","isPartOf":{"@id":"https:\/\/informelitoral.com.ar\/#website"},"primaryImageOfPage":{"@id":"https:\/\/informelitoral.com.ar\/rosario-se-realizaron-las-primeras-exportaciones-aereas-de-carne-bovina-y-pacu\/#primaryimage"},"image":{"@id":"https:\/\/informelitoral.com.ar\/rosario-se-realizaron-las-primeras-exportaciones-aereas-de-carne-bovina-y-pacu\/#primaryimage"},"thumbnailUrl":"https:\/\/www.revistachacra.com.ar\/files\/image\/59\/59998\/685941ee4b696_837_627!.webp?s=d12aa75e895e6b887228321239e87c97&d=1750683247&oe=jpg","datePublished":"2025-06-23T14:58:25+00:00","dateModified":"2025-06-23T17:13:59+00:00","breadcrumb":{"@id":"https:\/\/informelitoral.com.ar\/rosario-se-realizaron-las-primeras-exportaciones-aereas-de-carne-bovina-y-pacu\/#breadcrumb"},"inLanguage":"es","potentialAction":[{"@type":"ReadAction","target":["https:\/\/informelitoral.com.ar\/rosario-se-realizaron-las-primeras-exportaciones-aereas-de-carne-bovina-y-pacu\/"]}]},{"@type":"ImageObject","inLanguage":"es","@id":"https:\/\/informelitoral.com.ar\/rosario-se-realizaron-las-primeras-exportaciones-aereas-de-carne-bovina-y-pacu\/#primaryimage","url":"https:\/\/www.revistachacra.com.ar\/files\/image\/59\/59998\/685941ee4b696_837_627!.webp?s=d12aa75e895e6b887228321239e87c97&d=1750683247&oe=jpg","contentUrl":"https:\/\/www.revistachacra.com.ar\/files\/image\/59\/59998\/685941ee4b696_837_627!.webp?s=d12aa75e895e6b887228321239e87c97&d=1750683247&oe=jpg","width":"837","height":"627"},{"@type":"BreadcrumbList","@id":"https:\/\/informelitoral.com.ar\/rosario-se-realizaron-las-primeras-exportaciones-aereas-de-carne-bovina-y-pacu\/#breadcrumb","itemListElement":[{"@type":"ListItem","position":1,"name":"Portada","item":"https:\/\/informelitoral.com.ar\/"},{"@type":"ListItem","position":2,"name":"Rosario: se realizaron las primeras exportaciones a\u00e9reas de carne bovina y pac\u00fa"}]},{"@type":"WebSite","@id":"https:\/\/informelitoral.com.ar\/#website","url":"https:\/\/informelitoral.com.ar\/","name":"Informe Litoral","description":"&quot;Nos informamos&quot; ","publisher":{"@id":"https:\/\/informelitoral.com.ar\/#organization"},"potentialAction":[{"@type":"SearchAction","target":{"@type":"EntryPoint","urlTemplate":"https:\/\/informelitoral.com.ar\/?s={search_term_string}"},"query-input":{"@type":"PropertyValueSpecification","valueRequired":true,"valueName":"search_term_string"}}],"inLanguage":"es"},{"@type":"Organization","@id":"https:\/\/informelitoral.com.ar\/#organization","name":"Informe Litoral","url":"https:\/\/informelitoral.com.ar\/","logo":{"@type":"ImageObject","inLanguage":"es","@id":"https:\/\/informelitoral.com.ar\/#\/schema\/logo\/image\/","url":"https:\/\/informelitoral.com.ar\/%77%70%2d%63%6f%6e%74%65%6e%74\/uploads\/2021\/01\/circulo.png","contentUrl":"https:\/\/informelitoral.com.ar\/%77%70%2d%63%6f%6e%74%65%6e%74\/uploads\/2021\/01\/circulo.png","width":723,"height":731,"caption":"Informe Litoral"},"image":{"@id":"https:\/\/informelitoral.com.ar\/#\/schema\/logo\/image\/"},"sameAs":["https:\/\/www.facebook.com\/informelitoral\/","https:\/\/x.com\/InformeLitoral","https:\/\/www.instagram.com\/informelitoral\/","https:\/\/www.youtube.com\/channel\/UCua4Qvz8Icb6MYqhoq9xLXw"]},{"@type":"Person","@id":"https:\/\/informelitoral.com.ar\/#\/schema\/person\/f05f9f461677119578717524b127d6d5","name":"Sebastian","image":{"@type":"ImageObject","inLanguage":"es","@id":"https:\/\/secure.gravatar.com\/avatar\/b71bf7481d447dfb9583c7f2798e7cc64de6efb9067b74633ed8c31059a3bd82?s=96&d=mm&r=g","url":"https:\/\/secure.gravatar.com\/avatar\/b71bf7481d447dfb9583c7f2798e7cc64de6efb9067b74633ed8c31059a3bd82?s=96&d=mm&r=g","contentUrl":"https:\/\/secure.gravatar.com\/avatar\/b71bf7481d447dfb9583c7f2798e7cc64de6efb9067b74633ed8c31059a3bd82?s=96&d=mm&r=g","caption":"Sebastian"},"url":"https:\/\/informelitoral.com.ar\/author\/sebastian\/"}]}},"fifu_image_url":"https:\/\/www.revistachacra.com.ar\/files\/image\/59\/59998\/685941ee4b696_837_627!.webp?s=d12aa75e895e6b887228321239e87c97&d=1750683247&oe=jpg","_links":{"self":[{"href":"https:\/\/informelitoral.com.ar\/%77%70%2d%6a%73%6f%6e\/wp\/v2\/posts\/224957","targetHints":{"allow":["GET"]}}],"collection":[{"href":"https:\/\/informelitoral.com.ar\/%77%70%2d%6a%73%6f%6e\/wp\/v2\/posts"}],"about":[{"href":"https:\/\/informelitoral.com.ar\/%77%70%2d%6a%73%6f%6e\/wp\/v2\/types\/post"}],"author":[{"embeddable":true,"href":"https:\/\/informelitoral.com.ar\/%77%70%2d%6a%73%6f%6e\/wp\/v2\/users\/8"}],"replies":[{"embeddable":true,"href":"https:\/\/informelitoral.com.ar\/%77%70%2d%6a%73%6f%6e\/wp\/v2\/comments?post=224957"}],"version-history":[{"count":3,"href":"https:\/\/informelitoral.com.ar\/%77%70%2d%6a%73%6f%6e\/wp\/v2\/posts\/224957\/revisions"}],"predecessor-version":[{"id":224966,"href":"https:\/\/informelitoral.com.ar\/%77%70%2d%6a%73%6f%6e\/wp\/v2\/posts\/224957\/revisions\/224966"}],"wp:featuredmedia":[{"embeddable":true,"href":"https:\/\/informelitoral.com.ar\/%77%70%2d%6a%73%6f%6e\/wp\/v2\/media\/224958"}],"wp:attachment":[{"href":"https:\/\/informelitoral.com.ar\/%77%70%2d%6a%73%6f%6e\/wp\/v2\/media?parent=224957"}],"wp:term":[{"taxonomy":"category","embeddable":true,"href":"https:\/\/informelitoral.com.ar\/%77%70%2d%6a%73%6f%6e\/wp\/v2\/categories?post=224957"},{"taxonomy":"post_tag","embeddable":true,"href":"https:\/\/informelitoral.com.ar\/%77%70%2d%6a%73%6f%6e\/wp\/v2\/tags?post=224957"}],"curies":[{"name":"wp","href":"https:\/\/api.w.org\/{rel}","templated":true}]}}