{"id":224950,"date":"2025-06-23T11:51:00","date_gmt":"2025-06-23T14:51:00","guid":{"rendered":"https:\/\/informelitoral.com.ar\/?p=224950"},"modified":"2025-06-23T14:15:40","modified_gmt":"2025-06-23T17:15:40","slug":"river-pisa-fuerte-por-maximiliano-salas-disponen-8-millones-de-euros-para-su-fichaje","status":"publish","type":"post","link":"https:\/\/informelitoral.com.ar\/river-pisa-fuerte-por-maximiliano-salas-disponen-8-millones-de-euros-para-su-fichaje\/","title":{"rendered":"River pisa fuerte por Maximiliano Salas: disponen 8 millones de euros para su fichaje"},"content":{"rendered":"<p class=\"paragraph font__body-regular\"><b>River est\u00e1 dispuesto a quedarse con Maximiliano Salas<\/b>\u00a0y no dudar\u00e1 en ejecutar la\u00a0<b>cl\u00e1usula de rescisi\u00f3n<\/b>\u00a0del delantero de Racing,\u00a0<b>valuada en unos 8 millones de euros.\u00a0<\/b>El futbolista es uno de los\u00a0<b>deseos de Marcelo Gallardo para cubrir la baja de Franco Mastantuono<\/b> y la dirigencia del Millonario le dar\u00e1 el gusto.<\/p>\n<figure class=\"\" data-testid=\"figure-testid\">\n<div class=\"aspect_ratio__container\"><picture class=\"responsive-image\"><source srcset=\"https:\/\/tn.com.ar\/resizer\/v2\/con-la-salida-de-salas-a-river-maravilla-martinez-perdera-a-su-socio-perfecto-en-el-ataque-foto-prensa-racing-F5LYEHC7FFALHAEEG7LJMWZHEQ.jpg?auth=b93ef4f54d31f2d7eda78cc5a7e29b8241d47a9cbc615cafda978a9b4663ec88&amp;width=767\" type=\"image\/jpg\" media=\"(max-width: 728px)\" \/><source srcset=\"https:\/\/tn.com.ar\/resizer\/v2\/con-la-salida-de-salas-a-river-maravilla-martinez-perdera-a-su-socio-perfecto-en-el-ataque-foto-prensa-racing-F5LYEHC7FFALHAEEG7LJMWZHEQ.jpg?auth=b93ef4f54d31f2d7eda78cc5a7e29b8241d47a9cbc615cafda978a9b4663ec88&amp;width=1023\" type=\"image\/jpg\" media=\"(max-width: 1023px)\" \/><source srcset=\"https:\/\/tn.com.ar\/resizer\/v2\/con-la-salida-de-salas-a-river-maravilla-martinez-perdera-a-su-socio-perfecto-en-el-ataque-foto-prensa-racing-F5LYEHC7FFALHAEEG7LJMWZHEQ.jpg?auth=b93ef4f54d31f2d7eda78cc5a7e29b8241d47a9cbc615cafda978a9b4663ec88&amp;width=1440\" type=\"image\/jpg\" \/><img loading=\"lazy\" decoding=\"async\" class=\"image content-image image_placeholder\" src=\"https:\/\/tn.com.ar\/resizer\/v2\/con-la-salida-de-salas-a-river-maravilla-martinez-perdera-a-su-socio-perfecto-en-el-ataque-foto-prensa-racing-F5LYEHC7FFALHAEEG7LJMWZHEQ.jpg?auth=b93ef4f54d31f2d7eda78cc5a7e29b8241d47a9cbc615cafda978a9b4663ec88&amp;width=767\" alt=\"Con la salida de Salas a River, Maravilla Mart\u00ednez perder\u00e1 a su socio perfecto en el ataque. (Foto: Prensa Racing).\" width=\"767\" height=\"430\" data-testid=\"loading-testid\" \/><\/picture><\/div>\n<\/figure>\n<p class=\"paragraph font__body-regular\">En los \u00faltimos d\u00edas, y atento a la posibilidad de que Salas se vaya a River,\u00a0<b>la dirigencia de Racing le mejor\u00f3 el contrato al delantero para que sea uno de los mejores pagos<\/b>\u00a0del plantel. Sin embargo, ese acuerdo no fue firmado por el jugador, que dilat\u00f3 los tiempos y se prepara para mudarse del club.<\/p>\n<p class=\"paragraph font__body-regular\"><b>El club de N\u00fa\u00f1ez desembolsar\u00eda alrededor de ocho millones de euros\u00a0<\/b>para quedarse con el mediapunta que anot\u00f3 un gol en la final de la Copa Sudamericana que gan\u00f3 la Academia en 2024. Ser\u00eda uno de los refuerzos m\u00e1s caros de la historia del Millonario.<\/p>\n<p class=\"paragraph font__body-regular\">Por su parte,\u00a0<b>Racing perder\u00eda a uno de sus jugadores m\u00e1s importantes, socio perfecto de Maravilla Mart\u00ednez,\u00a0<\/b>de cara al choque de octavos de final de la Copa Libertadores, ante Libertad de Paraguay.<\/p>\n<p class=\"paragraph font__body-regular\">Esta baja, sin dudas,\u00a0<b>har\u00eda que la dirigencia acad\u00e9mica salga al mercado a buscar un jugador de caracter\u00edsticas similares<\/b>, que no abundan en el plantel que dirige Gustavo Costas.<\/p>\n<h2 class=\"font--primary font__display\"><strong>Los n\u00fameros de Maximiliano Salas en Racing<\/strong><\/h2>\n<p class=\"paragraph font__body-regular\">Maximiliano Salas convirti\u00f3 13 goles desde su llegada a Racing luego de disputar 76 partidos en competencias oficiales. Adem\u00e1s, suma dos t\u00edtulos internacionales,\u00a0<b>la Copa Sudamericana 2024\u00a0<\/b>en la que la Academia venci\u00f3 al Cruzeiro en Asunci\u00f3n y la\u00a0<b>Recopa Sudamericana 2025\u00a0<\/b>contra Botafogo, vigente campe\u00f3n de la Copa Libertadores.<em> (TN)<\/em><\/p>\n","protected":false},"excerpt":{"rendered":"<p>El delantero de Racing recibi\u00f3 una oferta de mejora de contrato por parte de la Academia, pero no la firm\u00f3 y se mudar\u00eda al equipo de N\u00fa\u00f1ez.<\/p>\n","protected":false},"author":8,"featured_media":224951,"comment_status":"open","ping_status":"open","sticky":false,"template":"","format":"standard","meta":{"fifu_image_url":"https:\/\/img.lagaceta.com.ar\/fotos\/notas\/2025\/06\/22\/600x400_maximiliano-salas-1089013-195532.webp","fifu_image_alt":"","footnotes":""},"categories":[13],"tags":[5816,3528],"class_list":{"0":"post-224950","1":"post","2":"type-post","3":"status-publish","4":"format-standard","5":"has-post-thumbnail","7":"category-deportes","8":"tag-maximiliano-salas","9":"tag-river-plate"},"yoast_head":"<title>River pisa fuerte por Maximiliano Salas: disponen 8 millones de euros para su fichaje - Informe Litoral<\/title>\n<meta name=\"robots\" content=\"index, follow, max-snippet:-1, max-image-preview:large, max-video-preview:-1\" \/>\n<link rel=\"canonical\" href=\"https:\/\/informelitoral.com.ar\/river-pisa-fuerte-por-maximiliano-salas-disponen-8-millones-de-euros-para-su-fichaje\/\" \/>\n<meta property=\"og:locale\" content=\"es_ES\" \/>\n<meta property=\"og:type\" content=\"article\" \/>\n<meta property=\"og:title\" content=\"River pisa fuerte por Maximiliano Salas: disponen 8 millones de euros para su fichaje - Informe Litoral\" \/>\n<meta property=\"og:description\" content=\"El delantero de Racing recibi\u00f3 una oferta de mejora de contrato por parte de la Academia, pero no la firm\u00f3 y se mudar\u00eda al equipo de N\u00fa\u00f1ez.\" \/>\n<meta property=\"og:url\" content=\"https:\/\/informelitoral.com.ar\/river-pisa-fuerte-por-maximiliano-salas-disponen-8-millones-de-euros-para-su-fichaje\/\" \/>\n<meta property=\"og:site_name\" content=\"Informe Litoral\" \/>\n<meta property=\"article:publisher\" content=\"https:\/\/www.facebook.com\/informelitoral\/\" \/>\n<meta property=\"article:published_time\" content=\"2025-06-23T14:51:00+00:00\" \/>\n<meta property=\"article:modified_time\" content=\"2025-06-23T17:15:40+00:00\" \/>\n<meta property=\"og:image\" content=\"https:\/\/img.lagaceta.com.ar\/fotos\/notas\/2025\/06\/22\/600x400_maximiliano-salas-1089013-195532.webp\" \/><meta property=\"og:image\" content=\"https:\/\/img.lagaceta.com.ar\/fotos\/notas\/2025\/06\/22\/600x400_maximiliano-salas-1089013-195532.webp\" \/>\n\t<meta property=\"og:image:width\" content=\"600\" \/>\n\t<meta property=\"og:image:height\" content=\"400\" \/>\n\t<meta property=\"og:image:type\" content=\"image\/jpeg\" \/>\n<meta name=\"author\" content=\"Sebastian\" \/>\n<meta name=\"twitter:card\" content=\"summary_large_image\" \/>\n<meta name=\"twitter:image\" content=\"https:\/\/img.lagaceta.com.ar\/fotos\/notas\/2025\/06\/22\/600x400_maximiliano-salas-1089013-195532.webp\" \/>\n<meta name=\"twitter:creator\" content=\"@InformeLitoral\" \/>\n<meta name=\"twitter:site\" content=\"@InformeLitoral\" \/>\n<meta name=\"twitter:label1\" content=\"Escrito por\" \/>\n\t<meta name=\"twitter:data1\" content=\"Sebastian\" \/>\n\t<meta name=\"twitter:label2\" content=\"Tiempo de lectura\" \/>\n\t<meta name=\"twitter:data2\" content=\"2 minutos\" \/>\n<script type=\"application\/ld+json\" class=\"yoast-schema-graph\">{\"@context\":\"https:\\\/\\\/schema.org\",\"@graph\":[{\"@type\":\"Article\",\"@id\":\"https:\\\/\\\/informelitoral.com.ar\\\/river-pisa-fuerte-por-maximiliano-salas-disponen-8-millones-de-euros-para-su-fichaje\\\/#article\",\"isPartOf\":{\"@id\":\"https:\\\/\\\/informelitoral.com.ar\\\/river-pisa-fuerte-por-maximiliano-salas-disponen-8-millones-de-euros-para-su-fichaje\\\/\"},\"author\":{\"name\":\"Sebastian\",\"@id\":\"https:\\\/\\\/informelitoral.com.ar\\\/#\\\/schema\\\/person\\\/f05f9f461677119578717524b127d6d5\"},\"headline\":\"River pisa fuerte por Maximiliano Salas: disponen 8 millones de euros para su fichaje\",\"datePublished\":\"2025-06-23T14:51:00+00:00\",\"dateModified\":\"2025-06-23T17:15:40+00:00\",\"mainEntityOfPage\":{\"@id\":\"https:\\\/\\\/informelitoral.com.ar\\\/river-pisa-fuerte-por-maximiliano-salas-disponen-8-millones-de-euros-para-su-fichaje\\\/\"},\"wordCount\":301,\"commentCount\":0,\"publisher\":{\"@id\":\"https:\\\/\\\/informelitoral.com.ar\\\/#organization\"},\"image\":{\"@id\":\"https:\\\/\\\/informelitoral.com.ar\\\/river-pisa-fuerte-por-maximiliano-salas-disponen-8-millones-de-euros-para-su-fichaje\\\/#primaryimage\"},\"thumbnailUrl\":\"https:\\\/\\\/img.lagaceta.com.ar\\\/fotos\\\/notas\\\/2025\\\/06\\\/22\\\/600x400_maximiliano-salas-1089013-195532.webp\",\"keywords\":[\"Maximiliano Salas\",\"River Plate\"],\"articleSection\":[\"Deportes\"],\"inLanguage\":\"es\",\"potentialAction\":[{\"@type\":\"CommentAction\",\"name\":\"Comment\",\"target\":[\"https:\\\/\\\/informelitoral.com.ar\\\/river-pisa-fuerte-por-maximiliano-salas-disponen-8-millones-de-euros-para-su-fichaje\\\/#respond\"]}]},{\"@type\":\"WebPage\",\"@id\":\"https:\\\/\\\/informelitoral.com.ar\\\/river-pisa-fuerte-por-maximiliano-salas-disponen-8-millones-de-euros-para-su-fichaje\\\/\",\"url\":\"https:\\\/\\\/informelitoral.com.ar\\\/river-pisa-fuerte-por-maximiliano-salas-disponen-8-millones-de-euros-para-su-fichaje\\\/\",\"name\":\"River pisa fuerte por Maximiliano Salas: disponen 8 millones de euros para su fichaje - Informe Litoral\",\"isPartOf\":{\"@id\":\"https:\\\/\\\/informelitoral.com.ar\\\/#website\"},\"primaryImageOfPage\":{\"@id\":\"https:\\\/\\\/informelitoral.com.ar\\\/river-pisa-fuerte-por-maximiliano-salas-disponen-8-millones-de-euros-para-su-fichaje\\\/#primaryimage\"},\"image\":{\"@id\":\"https:\\\/\\\/informelitoral.com.ar\\\/river-pisa-fuerte-por-maximiliano-salas-disponen-8-millones-de-euros-para-su-fichaje\\\/#primaryimage\"},\"thumbnailUrl\":\"https:\\\/\\\/img.lagaceta.com.ar\\\/fotos\\\/notas\\\/2025\\\/06\\\/22\\\/600x400_maximiliano-salas-1089013-195532.webp\",\"datePublished\":\"2025-06-23T14:51:00+00:00\",\"dateModified\":\"2025-06-23T17:15:40+00:00\",\"breadcrumb\":{\"@id\":\"https:\\\/\\\/informelitoral.com.ar\\\/river-pisa-fuerte-por-maximiliano-salas-disponen-8-millones-de-euros-para-su-fichaje\\\/#breadcrumb\"},\"inLanguage\":\"es\",\"potentialAction\":[{\"@type\":\"ReadAction\",\"target\":[\"https:\\\/\\\/informelitoral.com.ar\\\/river-pisa-fuerte-por-maximiliano-salas-disponen-8-millones-de-euros-para-su-fichaje\\\/\"]}]},{\"@type\":\"ImageObject\",\"inLanguage\":\"es\",\"@id\":\"https:\\\/\\\/informelitoral.com.ar\\\/river-pisa-fuerte-por-maximiliano-salas-disponen-8-millones-de-euros-para-su-fichaje\\\/#primaryimage\",\"url\":\"https:\\\/\\\/img.lagaceta.com.ar\\\/fotos\\\/notas\\\/2025\\\/06\\\/22\\\/600x400_maximiliano-salas-1089013-195532.webp\",\"contentUrl\":\"https:\\\/\\\/img.lagaceta.com.ar\\\/fotos\\\/notas\\\/2025\\\/06\\\/22\\\/600x400_maximiliano-salas-1089013-195532.webp\",\"width\":\"600\",\"height\":\"400\"},{\"@type\":\"BreadcrumbList\",\"@id\":\"https:\\\/\\\/informelitoral.com.ar\\\/river-pisa-fuerte-por-maximiliano-salas-disponen-8-millones-de-euros-para-su-fichaje\\\/#breadcrumb\",\"itemListElement\":[{\"@type\":\"ListItem\",\"position\":1,\"name\":\"Portada\",\"item\":\"https:\\\/\\\/informelitoral.com.ar\\\/\"},{\"@type\":\"ListItem\",\"position\":2,\"name\":\"River pisa fuerte por Maximiliano Salas: disponen 8 millones de euros para su fichaje\"}]},{\"@type\":\"WebSite\",\"@id\":\"https:\\\/\\\/informelitoral.com.ar\\\/#website\",\"url\":\"https:\\\/\\\/informelitoral.com.ar\\\/\",\"name\":\"Informe Litoral\",\"description\":\"&quot;Nos informamos&quot; \",\"publisher\":{\"@id\":\"https:\\\/\\\/informelitoral.com.ar\\\/#organization\"},\"potentialAction\":[{\"@type\":\"SearchAction\",\"target\":{\"@type\":\"EntryPoint\",\"urlTemplate\":\"https:\\\/\\\/informelitoral.com.ar\\\/?s={search_term_string}\"},\"query-input\":{\"@type\":\"PropertyValueSpecification\",\"valueRequired\":true,\"valueName\":\"search_term_string\"}}],\"inLanguage\":\"es\"},{\"@type\":\"Organization\",\"@id\":\"https:\\\/\\\/informelitoral.com.ar\\\/#organization\",\"name\":\"Informe Litoral\",\"url\":\"https:\\\/\\\/informelitoral.com.ar\\\/\",\"logo\":{\"@type\":\"ImageObject\",\"inLanguage\":\"es\",\"@id\":\"https:\\\/\\\/informelitoral.com.ar\\\/#\\\/schema\\\/logo\\\/image\\\/\",\"url\":\"https:\\\/\\\/informelitoral.com.ar\\\/%77%70%2d%63%6f%6e%74%65%6e%74\\\/uploads\\\/2021\\\/01\\\/circulo.png\",\"contentUrl\":\"https:\\\/\\\/informelitoral.com.ar\\\/%77%70%2d%63%6f%6e%74%65%6e%74\\\/uploads\\\/2021\\\/01\\\/circulo.png\",\"width\":723,\"height\":731,\"caption\":\"Informe Litoral\"},\"image\":{\"@id\":\"https:\\\/\\\/informelitoral.com.ar\\\/#\\\/schema\\\/logo\\\/image\\\/\"},\"sameAs\":[\"https:\\\/\\\/www.facebook.com\\\/informelitoral\\\/\",\"https:\\\/\\\/x.com\\\/InformeLitoral\",\"https:\\\/\\\/www.instagram.com\\\/informelitoral\\\/\",\"https:\\\/\\\/www.youtube.com\\\/channel\\\/UCua4Qvz8Icb6MYqhoq9xLXw\"]},{\"@type\":\"Person\",\"@id\":\"https:\\\/\\\/informelitoral.com.ar\\\/#\\\/schema\\\/person\\\/f05f9f461677119578717524b127d6d5\",\"name\":\"Sebastian\",\"image\":{\"@type\":\"ImageObject\",\"inLanguage\":\"es\",\"@id\":\"https:\\\/\\\/secure.gravatar.com\\\/avatar\\\/b71bf7481d447dfb9583c7f2798e7cc64de6efb9067b74633ed8c31059a3bd82?s=96&d=mm&r=g\",\"url\":\"https:\\\/\\\/secure.gravatar.com\\\/avatar\\\/b71bf7481d447dfb9583c7f2798e7cc64de6efb9067b74633ed8c31059a3bd82?s=96&d=mm&r=g\",\"contentUrl\":\"https:\\\/\\\/secure.gravatar.com\\\/avatar\\\/b71bf7481d447dfb9583c7f2798e7cc64de6efb9067b74633ed8c31059a3bd82?s=96&d=mm&r=g\",\"caption\":\"Sebastian\"},\"url\":\"https:\\\/\\\/informelitoral.com.ar\\\/author\\\/sebastian\\\/\"}]}<\/script>","yoast_head_json":{"title":"River pisa fuerte por Maximiliano Salas: disponen 8 millones de euros para su fichaje - Informe Litoral","robots":{"index":"index","follow":"follow","max-snippet":"max-snippet:-1","max-image-preview":"max-image-preview:large","max-video-preview":"max-video-preview:-1"},"canonical":"https:\/\/informelitoral.com.ar\/river-pisa-fuerte-por-maximiliano-salas-disponen-8-millones-de-euros-para-su-fichaje\/","og_locale":"es_ES","og_type":"article","og_title":"River pisa fuerte por Maximiliano Salas: disponen 8 millones de euros para su fichaje - Informe Litoral","og_description":"El delantero de Racing recibi\u00f3 una oferta de mejora de contrato por parte de la Academia, pero no la firm\u00f3 y se mudar\u00eda al equipo de N\u00fa\u00f1ez.","og_url":"https:\/\/informelitoral.com.ar\/river-pisa-fuerte-por-maximiliano-salas-disponen-8-millones-de-euros-para-su-fichaje\/","og_site_name":"Informe Litoral","article_publisher":"https:\/\/www.facebook.com\/informelitoral\/","article_published_time":"2025-06-23T14:51:00+00:00","article_modified_time":"2025-06-23T17:15:40+00:00","og_image":[{"url":"https:\/\/img.lagaceta.com.ar\/fotos\/notas\/2025\/06\/22\/600x400_maximiliano-salas-1089013-195532.webp","type":"","width":"","height":""},{"width":600,"height":400,"url":"https:\/\/img.lagaceta.com.ar\/fotos\/notas\/2025\/06\/22\/600x400_maximiliano-salas-1089013-195532.webp","type":"image\/jpeg"}],"author":"Sebastian","twitter_card":"summary_large_image","twitter_image":"https:\/\/img.lagaceta.com.ar\/fotos\/notas\/2025\/06\/22\/600x400_maximiliano-salas-1089013-195532.webp","twitter_creator":"@InformeLitoral","twitter_site":"@InformeLitoral","twitter_misc":{"Escrito por":"Sebastian","Tiempo de lectura":"2 minutos"},"schema":{"@context":"https:\/\/schema.org","@graph":[{"@type":"Article","@id":"https:\/\/informelitoral.com.ar\/river-pisa-fuerte-por-maximiliano-salas-disponen-8-millones-de-euros-para-su-fichaje\/#article","isPartOf":{"@id":"https:\/\/informelitoral.com.ar\/river-pisa-fuerte-por-maximiliano-salas-disponen-8-millones-de-euros-para-su-fichaje\/"},"author":{"name":"Sebastian","@id":"https:\/\/informelitoral.com.ar\/#\/schema\/person\/f05f9f461677119578717524b127d6d5"},"headline":"River pisa fuerte por Maximiliano Salas: disponen 8 millones de euros para su fichaje","datePublished":"2025-06-23T14:51:00+00:00","dateModified":"2025-06-23T17:15:40+00:00","mainEntityOfPage":{"@id":"https:\/\/informelitoral.com.ar\/river-pisa-fuerte-por-maximiliano-salas-disponen-8-millones-de-euros-para-su-fichaje\/"},"wordCount":301,"commentCount":0,"publisher":{"@id":"https:\/\/informelitoral.com.ar\/#organization"},"image":{"@id":"https:\/\/informelitoral.com.ar\/river-pisa-fuerte-por-maximiliano-salas-disponen-8-millones-de-euros-para-su-fichaje\/#primaryimage"},"thumbnailUrl":"https:\/\/img.lagaceta.com.ar\/fotos\/notas\/2025\/06\/22\/600x400_maximiliano-salas-1089013-195532.webp","keywords":["Maximiliano Salas","River Plate"],"articleSection":["Deportes"],"inLanguage":"es","potentialAction":[{"@type":"CommentAction","name":"Comment","target":["https:\/\/informelitoral.com.ar\/river-pisa-fuerte-por-maximiliano-salas-disponen-8-millones-de-euros-para-su-fichaje\/#respond"]}]},{"@type":"WebPage","@id":"https:\/\/informelitoral.com.ar\/river-pisa-fuerte-por-maximiliano-salas-disponen-8-millones-de-euros-para-su-fichaje\/","url":"https:\/\/informelitoral.com.ar\/river-pisa-fuerte-por-maximiliano-salas-disponen-8-millones-de-euros-para-su-fichaje\/","name":"River pisa fuerte por Maximiliano Salas: disponen 8 millones de euros para su fichaje - Informe Litoral","isPartOf":{"@id":"https:\/\/informelitoral.com.ar\/#website"},"primaryImageOfPage":{"@id":"https:\/\/informelitoral.com.ar\/river-pisa-fuerte-por-maximiliano-salas-disponen-8-millones-de-euros-para-su-fichaje\/#primaryimage"},"image":{"@id":"https:\/\/informelitoral.com.ar\/river-pisa-fuerte-por-maximiliano-salas-disponen-8-millones-de-euros-para-su-fichaje\/#primaryimage"},"thumbnailUrl":"https:\/\/img.lagaceta.com.ar\/fotos\/notas\/2025\/06\/22\/600x400_maximiliano-salas-1089013-195532.webp","datePublished":"2025-06-23T14:51:00+00:00","dateModified":"2025-06-23T17:15:40+00:00","breadcrumb":{"@id":"https:\/\/informelitoral.com.ar\/river-pisa-fuerte-por-maximiliano-salas-disponen-8-millones-de-euros-para-su-fichaje\/#breadcrumb"},"inLanguage":"es","potentialAction":[{"@type":"ReadAction","target":["https:\/\/informelitoral.com.ar\/river-pisa-fuerte-por-maximiliano-salas-disponen-8-millones-de-euros-para-su-fichaje\/"]}]},{"@type":"ImageObject","inLanguage":"es","@id":"https:\/\/informelitoral.com.ar\/river-pisa-fuerte-por-maximiliano-salas-disponen-8-millones-de-euros-para-su-fichaje\/#primaryimage","url":"https:\/\/img.lagaceta.com.ar\/fotos\/notas\/2025\/06\/22\/600x400_maximiliano-salas-1089013-195532.webp","contentUrl":"https:\/\/img.lagaceta.com.ar\/fotos\/notas\/2025\/06\/22\/600x400_maximiliano-salas-1089013-195532.webp","width":"600","height":"400"},{"@type":"BreadcrumbList","@id":"https:\/\/informelitoral.com.ar\/river-pisa-fuerte-por-maximiliano-salas-disponen-8-millones-de-euros-para-su-fichaje\/#breadcrumb","itemListElement":[{"@type":"ListItem","position":1,"name":"Portada","item":"https:\/\/informelitoral.com.ar\/"},{"@type":"ListItem","position":2,"name":"River pisa fuerte por Maximiliano Salas: disponen 8 millones de euros para su fichaje"}]},{"@type":"WebSite","@id":"https:\/\/informelitoral.com.ar\/#website","url":"https:\/\/informelitoral.com.ar\/","name":"Informe Litoral","description":"&quot;Nos informamos&quot; ","publisher":{"@id":"https:\/\/informelitoral.com.ar\/#organization"},"potentialAction":[{"@type":"SearchAction","target":{"@type":"EntryPoint","urlTemplate":"https:\/\/informelitoral.com.ar\/?s={search_term_string}"},"query-input":{"@type":"PropertyValueSpecification","valueRequired":true,"valueName":"search_term_string"}}],"inLanguage":"es"},{"@type":"Organization","@id":"https:\/\/informelitoral.com.ar\/#organization","name":"Informe Litoral","url":"https:\/\/informelitoral.com.ar\/","logo":{"@type":"ImageObject","inLanguage":"es","@id":"https:\/\/informelitoral.com.ar\/#\/schema\/logo\/image\/","url":"https:\/\/informelitoral.com.ar\/%77%70%2d%63%6f%6e%74%65%6e%74\/uploads\/2021\/01\/circulo.png","contentUrl":"https:\/\/informelitoral.com.ar\/%77%70%2d%63%6f%6e%74%65%6e%74\/uploads\/2021\/01\/circulo.png","width":723,"height":731,"caption":"Informe Litoral"},"image":{"@id":"https:\/\/informelitoral.com.ar\/#\/schema\/logo\/image\/"},"sameAs":["https:\/\/www.facebook.com\/informelitoral\/","https:\/\/x.com\/InformeLitoral","https:\/\/www.instagram.com\/informelitoral\/","https:\/\/www.youtube.com\/channel\/UCua4Qvz8Icb6MYqhoq9xLXw"]},{"@type":"Person","@id":"https:\/\/informelitoral.com.ar\/#\/schema\/person\/f05f9f461677119578717524b127d6d5","name":"Sebastian","image":{"@type":"ImageObject","inLanguage":"es","@id":"https:\/\/secure.gravatar.com\/avatar\/b71bf7481d447dfb9583c7f2798e7cc64de6efb9067b74633ed8c31059a3bd82?s=96&d=mm&r=g","url":"https:\/\/secure.gravatar.com\/avatar\/b71bf7481d447dfb9583c7f2798e7cc64de6efb9067b74633ed8c31059a3bd82?s=96&d=mm&r=g","contentUrl":"https:\/\/secure.gravatar.com\/avatar\/b71bf7481d447dfb9583c7f2798e7cc64de6efb9067b74633ed8c31059a3bd82?s=96&d=mm&r=g","caption":"Sebastian"},"url":"https:\/\/informelitoral.com.ar\/author\/sebastian\/"}]}},"fifu_image_url":"https:\/\/img.lagaceta.com.ar\/fotos\/notas\/2025\/06\/22\/600x400_maximiliano-salas-1089013-195532.webp","_links":{"self":[{"href":"https:\/\/informelitoral.com.ar\/%77%70%2d%6a%73%6f%6e\/wp\/v2\/posts\/224950","targetHints":{"allow":["GET"]}}],"collection":[{"href":"https:\/\/informelitoral.com.ar\/%77%70%2d%6a%73%6f%6e\/wp\/v2\/posts"}],"about":[{"href":"https:\/\/informelitoral.com.ar\/%77%70%2d%6a%73%6f%6e\/wp\/v2\/types\/post"}],"author":[{"embeddable":true,"href":"https:\/\/informelitoral.com.ar\/%77%70%2d%6a%73%6f%6e\/wp\/v2\/users\/8"}],"replies":[{"embeddable":true,"href":"https:\/\/informelitoral.com.ar\/%77%70%2d%6a%73%6f%6e\/wp\/v2\/comments?post=224950"}],"version-history":[{"count":3,"href":"https:\/\/informelitoral.com.ar\/%77%70%2d%6a%73%6f%6e\/wp\/v2\/posts\/224950\/revisions"}],"predecessor-version":[{"id":224967,"href":"https:\/\/informelitoral.com.ar\/%77%70%2d%6a%73%6f%6e\/wp\/v2\/posts\/224950\/revisions\/224967"}],"wp:featuredmedia":[{"embeddable":true,"href":"https:\/\/informelitoral.com.ar\/%77%70%2d%6a%73%6f%6e\/wp\/v2\/media\/224951"}],"wp:attachment":[{"href":"https:\/\/informelitoral.com.ar\/%77%70%2d%6a%73%6f%6e\/wp\/v2\/media?parent=224950"}],"wp:term":[{"taxonomy":"category","embeddable":true,"href":"https:\/\/informelitoral.com.ar\/%77%70%2d%6a%73%6f%6e\/wp\/v2\/categories?post=224950"},{"taxonomy":"post_tag","embeddable":true,"href":"https:\/\/informelitoral.com.ar\/%77%70%2d%6a%73%6f%6e\/wp\/v2\/tags?post=224950"}],"curies":[{"name":"wp","href":"https:\/\/api.w.org\/{rel}","templated":true}]}}