{"id":224943,"date":"2025-06-23T11:46:07","date_gmt":"2025-06-23T14:46:07","guid":{"rendered":"https:\/\/informelitoral.com.ar\/?p=224943"},"modified":"2025-06-23T14:21:58","modified_gmt":"2025-06-23T17:21:58","slug":"el-gobierno-nacional-regula-los-fondos-de-cese-laboral-como-alternativa-a-las-indemnizaciones","status":"publish","type":"post","link":"https:\/\/informelitoral.com.ar\/el-gobierno-nacional-regula-los-fondos-de-cese-laboral-como-alternativa-a-las-indemnizaciones\/","title":{"rendered":"El Gobierno nacional regula los fondos de cese laboral como alternativa a las indemnizaciones"},"content":{"rendered":"<p>El Gobierno nacional avanz\u00f3 hoy en una\u00a0<b>reforma del mecanismo de indemnizaciones laborales\u00a0<\/b>al publicar el marco regulatorio del fondo que podr\u00e1n crear empresas y trabajadores para atender las obligaciones que deriven de un despido.<\/p>\n<p>La Comisi\u00f3n Nacional de Valores (CNV) public\u00f3 en el Bolet\u00edn Oficial la Resoluci\u00f3n General 1071\/2025 el marco regulatorio para lo que denomina \u201cProductos de Inversi\u00f3n Colectiva de Cese Laboral\u201d. Este sistema busca ofrecer una<b>\u00a0alternativa a la indemnizaci\u00f3n por antig\u00fcedad<\/b>\u00a0y otros rubros indemnizatorios por cese laboral.<\/p>\n<p>El ministro de Desregulaci\u00f3n, Federico Sturzenegger, precis\u00f3 que este mecanismo qued\u00f3 aprobado por el \u201cArt\u00edculo 96 de la Ley Bases 27.742 que permite a los participantes de una convenci\u00f3n colectiva armar su propio sistema de indemnizaci\u00f3n (sistema de cese).<\/p>\n<p>\u201cLo pueden hacer como quieran, con una \u00fanica condici\u00f3n: la participaci\u00f3n es voluntaria tanto para empresas como trabajadores. Este \u00faltimo punto es esencial, solo con esta premisa sabemos que el sistema ser\u00e1 beneficioso para ambos\u201d, indic\u00f3.<\/p>\n<p>Los Productos de Inversi\u00f3n Colectiva de Cese Laboral son herramientas financieras dise\u00f1adas para acumular fondos que puedan reemplazar la indemnizaci\u00f3n por antig\u00fcedad, establecida en el art\u00edculo 245 de la Ley de Contrato de Trabajo, y otras compensaciones por desvinculaci\u00f3n laboral<\/p>\n<p>La CNV los define como \u00abFondos Comunes de Inversi\u00f3n Abiertos\u201d y establece que todos los instrumentos bajo este r\u00e9gimen deber\u00e1n incluir obligatoriamente la expresi\u00f3n \u00abCese Laboral\u00bb en su denominaci\u00f3n para una clara identificaci\u00f3n.<\/p>\n<p>El sistema de cese laboral se establece mediante Acuerdos o Convenciones Colectivas de Trabajo. Los empleadores y trabajadores tienen la libertad de pactar el porcentaje de la remuneraci\u00f3n o un monto fijo que el empleador aportar\u00e1, as\u00ed como la periodicidad de dicho aporte. Las contribuciones pueden ser realizadas por ambas partes, a nivel individual, a nivel de empresa o a nivel de sector.<\/p>\n<p>Una caracter\u00edstica especial de estos fondos es que son inembargable por los acreedores de los trabajadores o empleadores, por deudas de cualquier naturaleza. Adem\u00e1s, los bienes y rentas que componen el patrimonio de estos productos est\u00e1n exclusivamente destinados a generar las prestaciones de acuerdo con lo acordado en las Convenciones Colectivas de Trabajo y las normas aplicables.<\/p>\n<p>Si los aportes provienen de empleadores, las cuotapartes o valores fiduciarios \u201cestar\u00e1n cedidos con condici\u00f3n suspensiva a favor de los trabajadores, de la empresa o del sector\u201d, lo que significa que el trabajador adquiere derechos sobre ellos bajo ciertas condiciones.<\/p>\n<p>La CNV es la como la \u00abautoridad de control y supervisi\u00f3n\u00bb de las disposiciones relativas a este Fondo de Cese Laboral. Su funci\u00f3n es garantizar que las entidades administradoras o fiduciarias mantengan una \u00abpol\u00edtica de inversi\u00f3n adecuada\u00bb. La resoluci\u00f3n actual incorpora un \u00abr\u00e9gimen especial de Productos de Inversi\u00f3n Colectiva de Cese Laboral\u00bb dentro de las Normas de la CNV.<\/p>\n<h3><b>1-Fondos Comunes de Inversi\u00f3n (FCI) de Cese Laboral:<\/b><\/h3>\n<p>* Estos fondos no utilizar\u00e1n un reglamento de gesti\u00f3n tipo, sino que deber\u00e1n elaborar uno \u00abque se ajuste a las particularidades del presente r\u00e9gimen especial\u00bb.<\/p>\n<p>* El reglamento deber\u00e1 detallar las \u00abmedidas a adoptar ante el acaecimiento de los distintos supuestos\u00bb de desvinculaci\u00f3n laboral, incluyendo el mecanismo para la \u00abnotificaci\u00f3n fehaciente\u00bb y el \u00abdestino de los fondos ante el supuesto de desvinculaci\u00f3n del trabajador sin configurarse una causal de transferencia de cuotapartes\u00bb.<\/p>\n<p>* Las Sociedades Depositarias deber\u00e1n llevar un \u00abRegistro de Cuotapartes y el de subcuentas correspondientes a las cuotapartes condicionalmente cedidas a favor de los trabajadores, de la empresa o sector\u00bb.<\/p>\n<p>* Una vez que se produce el \u00abcambio de titularidad de las cuotapartes en favor del trabajador\u00bb, este \u00abdispondr\u00e1 libremente de las mismas, pero no podr\u00e1 efectuar nuevas suscripciones en el Fondo Com\u00fan de Inversi\u00f3n\u00bb.<\/p>\n<p>* No se permitir\u00e1 la adquisici\u00f3n de valores negociables o instrumentos financieros emitidos por el o los empleadores involucrados. Adem\u00e1s, los fondos deber\u00e1n \u00abevitar una concentraci\u00f3n por industria mayor al 30% del patrimonio neto del FCI\u00bb.<\/p>\n<h3><b>2-Fideicomisos Financieros (FF) de Cese Laboral:<\/b><\/h3>\n<p>* Para estos fideicomisos, no ser\u00e1 obligatoria la preparaci\u00f3n o publicaci\u00f3n de un Prospecto para su aprobaci\u00f3n por la CNV, aunque cualquier documento preparado deber\u00e1 publicarse en la \u00abAutopista de la Informaci\u00f3n Financiera\u00bb.<\/p>\n<p>* Se permitir\u00e1 la \u00abincorporaci\u00f3n de Fiduciantes durante la vigencia\u00bb del fideicomiso si as\u00ed se establece en el contrato.<\/p>\n<p>* Solo podr\u00e1n emitir \u00abcertificados de participaci\u00f3n\u00bb.<\/p>\n<p>* El contrato de fideicomiso debe detallar el procedimiento para el pago de sumas a los trabajadores, los plazos y modalidades de pago, el funcionamiento ante diferentes supuestos de extinci\u00f3n laboral y el destino de fondos remanentes.<\/p>\n<p>* Al igual que los FCI, no se admitir\u00e1 la adquisici\u00f3n de valores o instrumentos emitidos por los empleadores, y las inversiones deber\u00e1n evitar \u00abuna concentraci\u00f3n por industria mayor al 30% del patrimonio neto del fideicomiso\u00bb.<\/p>\n<p>* Se prev\u00e9n mecanismos para mantener informados a los trabajadores de sus tenencias con una periodicidad \u00abno mayor a un mes\u00bb.<\/p>\n<p>* Se permite la participaci\u00f3n de un Comit\u00e9 de Inversiones o un Asesor de Inversiones, siempre que no tengan \u00abvinculaci\u00f3n con ninguna asociaci\u00f3n sindical\u00bb y que los costos sean \u00abrazonables y transparentes\u00bb.<\/p>\n<p>* Estos fideicomisos \u00abprescindir\u00e1n de la colocaci\u00f3n primaria de valores negociables\u00bb en un mercado autorizado, siendo suficiente la difusi\u00f3n del contrato de fideicomiso entre los trabajadores de la empresa adherida.<\/p>\n","protected":false},"excerpt":{"rendered":"<p>La Comisi\u00f3n Nacional de Valores present\u00f3 el marco regulatorio de los Productos de Inversi\u00f3n Colectiva de Cese Laboral, una nueva herramienta que podr\u00e1n adoptar empresas y trabajadores en forma voluntaria.<\/p>\n","protected":false},"author":8,"featured_media":224944,"comment_status":"open","ping_status":"open","sticky":false,"template":"","format":"standard","meta":{"fifu_image_url":"https:\/\/media.minutouno.com\/p\/fa12dff7ca81201a12bf1b5ea1bec1b1\/adjuntos\/150\/imagenes\/042\/529\/0042529413\/despidojpg.jpg","fifu_image_alt":"","footnotes":""},"categories":[1594],"tags":[233,2579,841],"class_list":{"0":"post-224943","1":"post","2":"type-post","3":"status-publish","4":"format-standard","5":"has-post-thumbnail","7":"category-economia","8":"tag-gobierno-nacional","9":"tag-indemnizacion","10":"tag-trabajo"},"yoast_head":"<title>El Gobierno nacional regula los fondos de cese laboral como alternativa a las indemnizaciones - Informe Litoral<\/title>\n<meta name=\"robots\" content=\"index, follow, max-snippet:-1, max-image-preview:large, max-video-preview:-1\" \/>\n<link rel=\"canonical\" href=\"https:\/\/informelitoral.com.ar\/el-gobierno-nacional-regula-los-fondos-de-cese-laboral-como-alternativa-a-las-indemnizaciones\/\" \/>\n<meta property=\"og:locale\" content=\"es_ES\" \/>\n<meta property=\"og:type\" content=\"article\" \/>\n<meta property=\"og:title\" content=\"El Gobierno nacional regula los fondos de cese laboral como alternativa a las indemnizaciones - Informe Litoral\" \/>\n<meta property=\"og:description\" content=\"La Comisi\u00f3n Nacional de Valores present\u00f3 el marco regulatorio de los Productos de Inversi\u00f3n Colectiva de Cese Laboral, una nueva herramienta que podr\u00e1n adoptar empresas y trabajadores en forma voluntaria.\" \/>\n<meta property=\"og:url\" content=\"https:\/\/informelitoral.com.ar\/el-gobierno-nacional-regula-los-fondos-de-cese-laboral-como-alternativa-a-las-indemnizaciones\/\" \/>\n<meta property=\"og:site_name\" content=\"Informe Litoral\" \/>\n<meta property=\"article:publisher\" content=\"https:\/\/www.facebook.com\/informelitoral\/\" \/>\n<meta property=\"article:published_time\" content=\"2025-06-23T14:46:07+00:00\" \/>\n<meta property=\"article:modified_time\" content=\"2025-06-23T17:21:58+00:00\" \/>\n<meta property=\"og:image\" content=\"https:\/\/media.minutouno.com\/p\/fa12dff7ca81201a12bf1b5ea1bec1b1\/adjuntos\/150\/imagenes\/042\/529\/0042529413\/despidojpg.jpg\" \/><meta property=\"og:image\" content=\"https:\/\/media.minutouno.com\/p\/fa12dff7ca81201a12bf1b5ea1bec1b1\/adjuntos\/150\/imagenes\/042\/529\/0042529413\/despidojpg.jpg\" \/>\n\t<meta property=\"og:image:width\" content=\"610\" \/>\n\t<meta property=\"og:image:height\" content=\"407\" \/>\n\t<meta property=\"og:image:type\" content=\"image\/jpeg\" \/>\n<meta name=\"author\" content=\"Sebastian\" \/>\n<meta name=\"twitter:card\" content=\"summary_large_image\" \/>\n<meta name=\"twitter:image\" content=\"https:\/\/media.minutouno.com\/p\/fa12dff7ca81201a12bf1b5ea1bec1b1\/adjuntos\/150\/imagenes\/042\/529\/0042529413\/despidojpg.jpg\" \/>\n<meta name=\"twitter:creator\" content=\"@InformeLitoral\" \/>\n<meta name=\"twitter:site\" content=\"@InformeLitoral\" \/>\n<meta name=\"twitter:label1\" content=\"Escrito por\" \/>\n\t<meta name=\"twitter:data1\" content=\"Sebastian\" \/>\n\t<meta name=\"twitter:label2\" content=\"Tiempo de lectura\" \/>\n\t<meta name=\"twitter:data2\" content=\"5 minutos\" \/>\n<script type=\"application\/ld+json\" class=\"yoast-schema-graph\">{\"@context\":\"https:\\\/\\\/schema.org\",\"@graph\":[{\"@type\":\"Article\",\"@id\":\"https:\\\/\\\/informelitoral.com.ar\\\/el-gobierno-nacional-regula-los-fondos-de-cese-laboral-como-alternativa-a-las-indemnizaciones\\\/#article\",\"isPartOf\":{\"@id\":\"https:\\\/\\\/informelitoral.com.ar\\\/el-gobierno-nacional-regula-los-fondos-de-cese-laboral-como-alternativa-a-las-indemnizaciones\\\/\"},\"author\":{\"name\":\"Sebastian\",\"@id\":\"https:\\\/\\\/informelitoral.com.ar\\\/#\\\/schema\\\/person\\\/f05f9f461677119578717524b127d6d5\"},\"headline\":\"El Gobierno nacional regula los fondos de cese laboral como alternativa a las indemnizaciones\",\"datePublished\":\"2025-06-23T14:46:07+00:00\",\"dateModified\":\"2025-06-23T17:21:58+00:00\",\"mainEntityOfPage\":{\"@id\":\"https:\\\/\\\/informelitoral.com.ar\\\/el-gobierno-nacional-regula-los-fondos-de-cese-laboral-como-alternativa-a-las-indemnizaciones\\\/\"},\"wordCount\":917,\"commentCount\":0,\"publisher\":{\"@id\":\"https:\\\/\\\/informelitoral.com.ar\\\/#organization\"},\"image\":{\"@id\":\"https:\\\/\\\/informelitoral.com.ar\\\/el-gobierno-nacional-regula-los-fondos-de-cese-laboral-como-alternativa-a-las-indemnizaciones\\\/#primaryimage\"},\"thumbnailUrl\":\"https:\\\/\\\/media.minutouno.com\\\/p\\\/fa12dff7ca81201a12bf1b5ea1bec1b1\\\/adjuntos\\\/150\\\/imagenes\\\/042\\\/529\\\/0042529413\\\/despidojpg.jpg\",\"keywords\":[\"Gobierno nacional\",\"Indemnizaci\u00f3n\",\"Trabajo\"],\"articleSection\":[\"Econom\u00eda\"],\"inLanguage\":\"es\",\"potentialAction\":[{\"@type\":\"CommentAction\",\"name\":\"Comment\",\"target\":[\"https:\\\/\\\/informelitoral.com.ar\\\/el-gobierno-nacional-regula-los-fondos-de-cese-laboral-como-alternativa-a-las-indemnizaciones\\\/#respond\"]}]},{\"@type\":\"WebPage\",\"@id\":\"https:\\\/\\\/informelitoral.com.ar\\\/el-gobierno-nacional-regula-los-fondos-de-cese-laboral-como-alternativa-a-las-indemnizaciones\\\/\",\"url\":\"https:\\\/\\\/informelitoral.com.ar\\\/el-gobierno-nacional-regula-los-fondos-de-cese-laboral-como-alternativa-a-las-indemnizaciones\\\/\",\"name\":\"El Gobierno nacional regula los fondos de cese laboral como alternativa a las indemnizaciones - Informe Litoral\",\"isPartOf\":{\"@id\":\"https:\\\/\\\/informelitoral.com.ar\\\/#website\"},\"primaryImageOfPage\":{\"@id\":\"https:\\\/\\\/informelitoral.com.ar\\\/el-gobierno-nacional-regula-los-fondos-de-cese-laboral-como-alternativa-a-las-indemnizaciones\\\/#primaryimage\"},\"image\":{\"@id\":\"https:\\\/\\\/informelitoral.com.ar\\\/el-gobierno-nacional-regula-los-fondos-de-cese-laboral-como-alternativa-a-las-indemnizaciones\\\/#primaryimage\"},\"thumbnailUrl\":\"https:\\\/\\\/media.minutouno.com\\\/p\\\/fa12dff7ca81201a12bf1b5ea1bec1b1\\\/adjuntos\\\/150\\\/imagenes\\\/042\\\/529\\\/0042529413\\\/despidojpg.jpg\",\"datePublished\":\"2025-06-23T14:46:07+00:00\",\"dateModified\":\"2025-06-23T17:21:58+00:00\",\"breadcrumb\":{\"@id\":\"https:\\\/\\\/informelitoral.com.ar\\\/el-gobierno-nacional-regula-los-fondos-de-cese-laboral-como-alternativa-a-las-indemnizaciones\\\/#breadcrumb\"},\"inLanguage\":\"es\",\"potentialAction\":[{\"@type\":\"ReadAction\",\"target\":[\"https:\\\/\\\/informelitoral.com.ar\\\/el-gobierno-nacional-regula-los-fondos-de-cese-laboral-como-alternativa-a-las-indemnizaciones\\\/\"]}]},{\"@type\":\"ImageObject\",\"inLanguage\":\"es\",\"@id\":\"https:\\\/\\\/informelitoral.com.ar\\\/el-gobierno-nacional-regula-los-fondos-de-cese-laboral-como-alternativa-a-las-indemnizaciones\\\/#primaryimage\",\"url\":\"https:\\\/\\\/media.minutouno.com\\\/p\\\/fa12dff7ca81201a12bf1b5ea1bec1b1\\\/adjuntos\\\/150\\\/imagenes\\\/042\\\/529\\\/0042529413\\\/despidojpg.jpg\",\"contentUrl\":\"https:\\\/\\\/media.minutouno.com\\\/p\\\/fa12dff7ca81201a12bf1b5ea1bec1b1\\\/adjuntos\\\/150\\\/imagenes\\\/042\\\/529\\\/0042529413\\\/despidojpg.jpg\",\"width\":\"610\",\"height\":\"407\"},{\"@type\":\"BreadcrumbList\",\"@id\":\"https:\\\/\\\/informelitoral.com.ar\\\/el-gobierno-nacional-regula-los-fondos-de-cese-laboral-como-alternativa-a-las-indemnizaciones\\\/#breadcrumb\",\"itemListElement\":[{\"@type\":\"ListItem\",\"position\":1,\"name\":\"Portada\",\"item\":\"https:\\\/\\\/informelitoral.com.ar\\\/\"},{\"@type\":\"ListItem\",\"position\":2,\"name\":\"El Gobierno nacional regula los fondos de cese laboral como alternativa a las indemnizaciones\"}]},{\"@type\":\"WebSite\",\"@id\":\"https:\\\/\\\/informelitoral.com.ar\\\/#website\",\"url\":\"https:\\\/\\\/informelitoral.com.ar\\\/\",\"name\":\"Informe Litoral\",\"description\":\"&quot;Nos informamos&quot; \",\"publisher\":{\"@id\":\"https:\\\/\\\/informelitoral.com.ar\\\/#organization\"},\"potentialAction\":[{\"@type\":\"SearchAction\",\"target\":{\"@type\":\"EntryPoint\",\"urlTemplate\":\"https:\\\/\\\/informelitoral.com.ar\\\/?s={search_term_string}\"},\"query-input\":{\"@type\":\"PropertyValueSpecification\",\"valueRequired\":true,\"valueName\":\"search_term_string\"}}],\"inLanguage\":\"es\"},{\"@type\":\"Organization\",\"@id\":\"https:\\\/\\\/informelitoral.com.ar\\\/#organization\",\"name\":\"Informe Litoral\",\"url\":\"https:\\\/\\\/informelitoral.com.ar\\\/\",\"logo\":{\"@type\":\"ImageObject\",\"inLanguage\":\"es\",\"@id\":\"https:\\\/\\\/informelitoral.com.ar\\\/#\\\/schema\\\/logo\\\/image\\\/\",\"url\":\"https:\\\/\\\/informelitoral.com.ar\\\/%77%70%2d%63%6f%6e%74%65%6e%74\\\/uploads\\\/2021\\\/01\\\/circulo.png\",\"contentUrl\":\"https:\\\/\\\/informelitoral.com.ar\\\/%77%70%2d%63%6f%6e%74%65%6e%74\\\/uploads\\\/2021\\\/01\\\/circulo.png\",\"width\":723,\"height\":731,\"caption\":\"Informe Litoral\"},\"image\":{\"@id\":\"https:\\\/\\\/informelitoral.com.ar\\\/#\\\/schema\\\/logo\\\/image\\\/\"},\"sameAs\":[\"https:\\\/\\\/www.facebook.com\\\/informelitoral\\\/\",\"https:\\\/\\\/x.com\\\/InformeLitoral\",\"https:\\\/\\\/www.instagram.com\\\/informelitoral\\\/\",\"https:\\\/\\\/www.youtube.com\\\/channel\\\/UCua4Qvz8Icb6MYqhoq9xLXw\"]},{\"@type\":\"Person\",\"@id\":\"https:\\\/\\\/informelitoral.com.ar\\\/#\\\/schema\\\/person\\\/f05f9f461677119578717524b127d6d5\",\"name\":\"Sebastian\",\"image\":{\"@type\":\"ImageObject\",\"inLanguage\":\"es\",\"@id\":\"https:\\\/\\\/secure.gravatar.com\\\/avatar\\\/b71bf7481d447dfb9583c7f2798e7cc64de6efb9067b74633ed8c31059a3bd82?s=96&d=mm&r=g\",\"url\":\"https:\\\/\\\/secure.gravatar.com\\\/avatar\\\/b71bf7481d447dfb9583c7f2798e7cc64de6efb9067b74633ed8c31059a3bd82?s=96&d=mm&r=g\",\"contentUrl\":\"https:\\\/\\\/secure.gravatar.com\\\/avatar\\\/b71bf7481d447dfb9583c7f2798e7cc64de6efb9067b74633ed8c31059a3bd82?s=96&d=mm&r=g\",\"caption\":\"Sebastian\"},\"url\":\"https:\\\/\\\/informelitoral.com.ar\\\/author\\\/sebastian\\\/\"}]}<\/script>","yoast_head_json":{"title":"El Gobierno nacional regula los fondos de cese laboral como alternativa a las indemnizaciones - Informe Litoral","robots":{"index":"index","follow":"follow","max-snippet":"max-snippet:-1","max-image-preview":"max-image-preview:large","max-video-preview":"max-video-preview:-1"},"canonical":"https:\/\/informelitoral.com.ar\/el-gobierno-nacional-regula-los-fondos-de-cese-laboral-como-alternativa-a-las-indemnizaciones\/","og_locale":"es_ES","og_type":"article","og_title":"El Gobierno nacional regula los fondos de cese laboral como alternativa a las indemnizaciones - Informe Litoral","og_description":"La Comisi\u00f3n Nacional de Valores present\u00f3 el marco regulatorio de los Productos de Inversi\u00f3n Colectiva de Cese Laboral, una nueva herramienta que podr\u00e1n adoptar empresas y trabajadores en forma voluntaria.","og_url":"https:\/\/informelitoral.com.ar\/el-gobierno-nacional-regula-los-fondos-de-cese-laboral-como-alternativa-a-las-indemnizaciones\/","og_site_name":"Informe Litoral","article_publisher":"https:\/\/www.facebook.com\/informelitoral\/","article_published_time":"2025-06-23T14:46:07+00:00","article_modified_time":"2025-06-23T17:21:58+00:00","og_image":[{"url":"https:\/\/media.minutouno.com\/p\/fa12dff7ca81201a12bf1b5ea1bec1b1\/adjuntos\/150\/imagenes\/042\/529\/0042529413\/despidojpg.jpg","type":"","width":"","height":""},{"width":610,"height":407,"url":"https:\/\/media.minutouno.com\/p\/fa12dff7ca81201a12bf1b5ea1bec1b1\/adjuntos\/150\/imagenes\/042\/529\/0042529413\/despidojpg.jpg","type":"image\/jpeg"}],"author":"Sebastian","twitter_card":"summary_large_image","twitter_image":"https:\/\/media.minutouno.com\/p\/fa12dff7ca81201a12bf1b5ea1bec1b1\/adjuntos\/150\/imagenes\/042\/529\/0042529413\/despidojpg.jpg","twitter_creator":"@InformeLitoral","twitter_site":"@InformeLitoral","twitter_misc":{"Escrito por":"Sebastian","Tiempo de lectura":"5 minutos"},"schema":{"@context":"https:\/\/schema.org","@graph":[{"@type":"Article","@id":"https:\/\/informelitoral.com.ar\/el-gobierno-nacional-regula-los-fondos-de-cese-laboral-como-alternativa-a-las-indemnizaciones\/#article","isPartOf":{"@id":"https:\/\/informelitoral.com.ar\/el-gobierno-nacional-regula-los-fondos-de-cese-laboral-como-alternativa-a-las-indemnizaciones\/"},"author":{"name":"Sebastian","@id":"https:\/\/informelitoral.com.ar\/#\/schema\/person\/f05f9f461677119578717524b127d6d5"},"headline":"El Gobierno nacional regula los fondos de cese laboral como alternativa a las indemnizaciones","datePublished":"2025-06-23T14:46:07+00:00","dateModified":"2025-06-23T17:21:58+00:00","mainEntityOfPage":{"@id":"https:\/\/informelitoral.com.ar\/el-gobierno-nacional-regula-los-fondos-de-cese-laboral-como-alternativa-a-las-indemnizaciones\/"},"wordCount":917,"commentCount":0,"publisher":{"@id":"https:\/\/informelitoral.com.ar\/#organization"},"image":{"@id":"https:\/\/informelitoral.com.ar\/el-gobierno-nacional-regula-los-fondos-de-cese-laboral-como-alternativa-a-las-indemnizaciones\/#primaryimage"},"thumbnailUrl":"https:\/\/media.minutouno.com\/p\/fa12dff7ca81201a12bf1b5ea1bec1b1\/adjuntos\/150\/imagenes\/042\/529\/0042529413\/despidojpg.jpg","keywords":["Gobierno nacional","Indemnizaci\u00f3n","Trabajo"],"articleSection":["Econom\u00eda"],"inLanguage":"es","potentialAction":[{"@type":"CommentAction","name":"Comment","target":["https:\/\/informelitoral.com.ar\/el-gobierno-nacional-regula-los-fondos-de-cese-laboral-como-alternativa-a-las-indemnizaciones\/#respond"]}]},{"@type":"WebPage","@id":"https:\/\/informelitoral.com.ar\/el-gobierno-nacional-regula-los-fondos-de-cese-laboral-como-alternativa-a-las-indemnizaciones\/","url":"https:\/\/informelitoral.com.ar\/el-gobierno-nacional-regula-los-fondos-de-cese-laboral-como-alternativa-a-las-indemnizaciones\/","name":"El Gobierno nacional regula los fondos de cese laboral como alternativa a las indemnizaciones - Informe Litoral","isPartOf":{"@id":"https:\/\/informelitoral.com.ar\/#website"},"primaryImageOfPage":{"@id":"https:\/\/informelitoral.com.ar\/el-gobierno-nacional-regula-los-fondos-de-cese-laboral-como-alternativa-a-las-indemnizaciones\/#primaryimage"},"image":{"@id":"https:\/\/informelitoral.com.ar\/el-gobierno-nacional-regula-los-fondos-de-cese-laboral-como-alternativa-a-las-indemnizaciones\/#primaryimage"},"thumbnailUrl":"https:\/\/media.minutouno.com\/p\/fa12dff7ca81201a12bf1b5ea1bec1b1\/adjuntos\/150\/imagenes\/042\/529\/0042529413\/despidojpg.jpg","datePublished":"2025-06-23T14:46:07+00:00","dateModified":"2025-06-23T17:21:58+00:00","breadcrumb":{"@id":"https:\/\/informelitoral.com.ar\/el-gobierno-nacional-regula-los-fondos-de-cese-laboral-como-alternativa-a-las-indemnizaciones\/#breadcrumb"},"inLanguage":"es","potentialAction":[{"@type":"ReadAction","target":["https:\/\/informelitoral.com.ar\/el-gobierno-nacional-regula-los-fondos-de-cese-laboral-como-alternativa-a-las-indemnizaciones\/"]}]},{"@type":"ImageObject","inLanguage":"es","@id":"https:\/\/informelitoral.com.ar\/el-gobierno-nacional-regula-los-fondos-de-cese-laboral-como-alternativa-a-las-indemnizaciones\/#primaryimage","url":"https:\/\/media.minutouno.com\/p\/fa12dff7ca81201a12bf1b5ea1bec1b1\/adjuntos\/150\/imagenes\/042\/529\/0042529413\/despidojpg.jpg","contentUrl":"https:\/\/media.minutouno.com\/p\/fa12dff7ca81201a12bf1b5ea1bec1b1\/adjuntos\/150\/imagenes\/042\/529\/0042529413\/despidojpg.jpg","width":"610","height":"407"},{"@type":"BreadcrumbList","@id":"https:\/\/informelitoral.com.ar\/el-gobierno-nacional-regula-los-fondos-de-cese-laboral-como-alternativa-a-las-indemnizaciones\/#breadcrumb","itemListElement":[{"@type":"ListItem","position":1,"name":"Portada","item":"https:\/\/informelitoral.com.ar\/"},{"@type":"ListItem","position":2,"name":"El Gobierno nacional regula los fondos de cese laboral como alternativa a las indemnizaciones"}]},{"@type":"WebSite","@id":"https:\/\/informelitoral.com.ar\/#website","url":"https:\/\/informelitoral.com.ar\/","name":"Informe Litoral","description":"&quot;Nos informamos&quot; ","publisher":{"@id":"https:\/\/informelitoral.com.ar\/#organization"},"potentialAction":[{"@type":"SearchAction","target":{"@type":"EntryPoint","urlTemplate":"https:\/\/informelitoral.com.ar\/?s={search_term_string}"},"query-input":{"@type":"PropertyValueSpecification","valueRequired":true,"valueName":"search_term_string"}}],"inLanguage":"es"},{"@type":"Organization","@id":"https:\/\/informelitoral.com.ar\/#organization","name":"Informe Litoral","url":"https:\/\/informelitoral.com.ar\/","logo":{"@type":"ImageObject","inLanguage":"es","@id":"https:\/\/informelitoral.com.ar\/#\/schema\/logo\/image\/","url":"https:\/\/informelitoral.com.ar\/%77%70%2d%63%6f%6e%74%65%6e%74\/uploads\/2021\/01\/circulo.png","contentUrl":"https:\/\/informelitoral.com.ar\/%77%70%2d%63%6f%6e%74%65%6e%74\/uploads\/2021\/01\/circulo.png","width":723,"height":731,"caption":"Informe Litoral"},"image":{"@id":"https:\/\/informelitoral.com.ar\/#\/schema\/logo\/image\/"},"sameAs":["https:\/\/www.facebook.com\/informelitoral\/","https:\/\/x.com\/InformeLitoral","https:\/\/www.instagram.com\/informelitoral\/","https:\/\/www.youtube.com\/channel\/UCua4Qvz8Icb6MYqhoq9xLXw"]},{"@type":"Person","@id":"https:\/\/informelitoral.com.ar\/#\/schema\/person\/f05f9f461677119578717524b127d6d5","name":"Sebastian","image":{"@type":"ImageObject","inLanguage":"es","@id":"https:\/\/secure.gravatar.com\/avatar\/b71bf7481d447dfb9583c7f2798e7cc64de6efb9067b74633ed8c31059a3bd82?s=96&d=mm&r=g","url":"https:\/\/secure.gravatar.com\/avatar\/b71bf7481d447dfb9583c7f2798e7cc64de6efb9067b74633ed8c31059a3bd82?s=96&d=mm&r=g","contentUrl":"https:\/\/secure.gravatar.com\/avatar\/b71bf7481d447dfb9583c7f2798e7cc64de6efb9067b74633ed8c31059a3bd82?s=96&d=mm&r=g","caption":"Sebastian"},"url":"https:\/\/informelitoral.com.ar\/author\/sebastian\/"}]}},"fifu_image_url":"https:\/\/media.minutouno.com\/p\/fa12dff7ca81201a12bf1b5ea1bec1b1\/adjuntos\/150\/imagenes\/042\/529\/0042529413\/despidojpg.jpg","_links":{"self":[{"href":"https:\/\/informelitoral.com.ar\/%77%70%2d%6a%73%6f%6e\/wp\/v2\/posts\/224943","targetHints":{"allow":["GET"]}}],"collection":[{"href":"https:\/\/informelitoral.com.ar\/%77%70%2d%6a%73%6f%6e\/wp\/v2\/posts"}],"about":[{"href":"https:\/\/informelitoral.com.ar\/%77%70%2d%6a%73%6f%6e\/wp\/v2\/types\/post"}],"author":[{"embeddable":true,"href":"https:\/\/informelitoral.com.ar\/%77%70%2d%6a%73%6f%6e\/wp\/v2\/users\/8"}],"replies":[{"embeddable":true,"href":"https:\/\/informelitoral.com.ar\/%77%70%2d%6a%73%6f%6e\/wp\/v2\/comments?post=224943"}],"version-history":[{"count":1,"href":"https:\/\/informelitoral.com.ar\/%77%70%2d%6a%73%6f%6e\/wp\/v2\/posts\/224943\/revisions"}],"predecessor-version":[{"id":224945,"href":"https:\/\/informelitoral.com.ar\/%77%70%2d%6a%73%6f%6e\/wp\/v2\/posts\/224943\/revisions\/224945"}],"wp:featuredmedia":[{"embeddable":true,"href":"https:\/\/informelitoral.com.ar\/%77%70%2d%6a%73%6f%6e\/wp\/v2\/media\/224944"}],"wp:attachment":[{"href":"https:\/\/informelitoral.com.ar\/%77%70%2d%6a%73%6f%6e\/wp\/v2\/media?parent=224943"}],"wp:term":[{"taxonomy":"category","embeddable":true,"href":"https:\/\/informelitoral.com.ar\/%77%70%2d%6a%73%6f%6e\/wp\/v2\/categories?post=224943"},{"taxonomy":"post_tag","embeddable":true,"href":"https:\/\/informelitoral.com.ar\/%77%70%2d%6a%73%6f%6e\/wp\/v2\/tags?post=224943"}],"curies":[{"name":"wp","href":"https:\/\/api.w.org\/{rel}","templated":true}]}}