{"id":224855,"date":"2025-06-23T07:41:02","date_gmt":"2025-06-23T10:41:02","guid":{"rendered":"https:\/\/informelitoral.com.ar\/?p=224855"},"modified":"2025-06-23T08:04:34","modified_gmt":"2025-06-23T11:04:34","slug":"se-viene-el-locro-patrio-en-la-escuela-agrotecnica-crucero-ara-general-belgrano","status":"publish","type":"post","link":"https:\/\/informelitoral.com.ar\/se-viene-el-locro-patrio-en-la-escuela-agrotecnica-crucero-ara-general-belgrano\/","title":{"rendered":"Se viene el Locro Patrio en la Escuela Agrot\u00e9cnica Crucero ARA General Belgrano"},"content":{"rendered":"<p>La comunidad de la <strong>Escuela de Educaci\u00f3n Agrot\u00e9cnica N\u00ba 49<\/strong>, Crucero ARA General Belgrano de <strong>Don Crist\u00f3bal 2\u00aa<\/strong>, departamento Nogoy\u00e1, organiza el <strong>Tradicional Locro Patrio<\/strong> para el<strong> mi\u00e9rcoles 9 de julio,<\/strong> D\u00eda de la Independencia.<\/p>\n<p>El<strong> acto protocolar comenzar\u00e1 a las 12.30<\/strong> y luego se ofrecer\u00e1 el almuerzo, que adem\u00e1s, de locro tendr\u00e1 otras comidas, como empanadas. Se ruega <strong>llevar cubiertos completos y es fundamental realizar la reserva anticipada.\u00a0<\/strong><\/p>\n<p>Durante la jornada, organizada por la <strong>Asociaci\u00f3n Cooperadora, H\u00e9roes de Malvinas<\/strong>, actuar\u00e1n <strong>Juan Manuel Bilat, Maravillas Alemanas, Nahuel Borr\u00e1<\/strong>, entre otras propuestas.<\/p>\n<p>Las<strong> tarjetas se encuentran a venta a 30 mil pesos para mayores (incluye el almuerzo y derecho al festival) y menores de 6 a 12 a\u00f1os abonar\u00e1n 15 mil pesos. En tanto, quienes solo deseen asistir por la tarde, al festival, deber\u00e1n pagar 15.000 pesos. <\/strong>Por m\u00e1s informaci\u00f3n consultar al:<strong> 3434774007.<\/strong><\/p>\n<h2><strong>El rol de las cooperadoras<\/strong><\/h2>\n<p>Las cooperadoras escolares son fundamentales para el normal funcionamiento de muchas escuelas, sobre todo las rurales. Es por ello, que en este caso, cada a\u00f1o lo que se recauda en el Locro Patrio se destina especialmente a refacciones y ampliaciones edilicias.<\/p>\n<p>Actualmente la escuela cuenta con 130 alumnos, de los cuales unos 85 est\u00e1n en la residencia y el resto son de la localidad. La instituci\u00f3n mantiene convenios con empresas y otras entidades para que los estudiantes puedan realizar pr\u00e1cticas profesionalizantes e interiorizarse sobre nuevas tecnolog\u00edas y facilitar la futura salida laboral. <em>(Informe Litoral)<\/em><\/p>\n<h6><em><strong>Del archivo:\u00a0<a href=\"https:\/\/informelitoral.com.ar\/futuro-incierto-para-el-inta-gvozdenovich-explico-como-impactara-decreto-de-milei-en-entre-rios\/\" target=\"_blank\" rel=\"noopener\">Futuro incierto para el INTA: Gvozdenovich explic\u00f3 c\u00f3mo impactar\u00e1 decreto de Milei en Entre R\u00edos<\/a><\/strong><\/em><\/h6>\n","protected":false},"excerpt":{"rendered":"<p>La tradicional celebraci\u00f3n se realizar\u00e1 el mi\u00e9rcoles 9 de julio en el establecimiento escolar ubicado en Don Crist\u00f3bal 2\u00aa. Actuar\u00e1n Juan Manuel Bilat, Maravillas Alemanas, Nahuel Borr\u00e1, entre otros. Las tarjetas est\u00e1n a la venta. <\/p>\n","protected":false},"author":2,"featured_media":224856,"comment_status":"open","ping_status":"open","sticky":false,"template":"","format":"standard","meta":{"fifu_image_url":"https:\/\/lh3.googleusercontent.com\/drive-storage\/AJQWtBOXpmmAlejghyyC7R_8wom3wkgnIDQtV6SYkaaZJSupXu-CxQJ3KDhCEckXRQn1zWgrNTcf6wpY62QLJbLm-foc-dzpCYRdyETGSCz5GkPU_mk","fifu_image_alt":"","footnotes":""},"categories":[9],"tags":[658,830,99,442],"class_list":{"0":"post-224855","1":"post","2":"type-post","3":"status-publish","4":"format-standard","5":"has-post-thumbnail","7":"category-sociedad","8":"tag-9-de-julio","9":"tag-don-cristobal-2","10":"tag-escuela-agrotecnica","11":"tag-locro"},"yoast_head":"<title>Se viene el Locro Patrio en la Escuela Agrot\u00e9cnica Crucero ARA General Belgrano - Informe Litoral<\/title>\n<meta name=\"robots\" content=\"index, follow, max-snippet:-1, max-image-preview:large, max-video-preview:-1\" \/>\n<link rel=\"canonical\" href=\"https:\/\/informelitoral.com.ar\/se-viene-el-locro-patrio-en-la-escuela-agrotecnica-crucero-ara-general-belgrano\/\" \/>\n<meta property=\"og:locale\" content=\"es_ES\" \/>\n<meta property=\"og:type\" content=\"article\" \/>\n<meta property=\"og:title\" content=\"Se viene el Locro Patrio en la Escuela Agrot\u00e9cnica Crucero ARA General Belgrano - Informe Litoral\" \/>\n<meta property=\"og:description\" content=\"La tradicional celebraci\u00f3n se realizar\u00e1 el mi\u00e9rcoles 9 de julio en el establecimiento escolar ubicado en Don Crist\u00f3bal 2\u00aa. Actuar\u00e1n Juan Manuel Bilat, Maravillas Alemanas, Nahuel Borr\u00e1, entre otros. Las tarjetas est\u00e1n a la venta.\" \/>\n<meta property=\"og:url\" content=\"https:\/\/informelitoral.com.ar\/se-viene-el-locro-patrio-en-la-escuela-agrotecnica-crucero-ara-general-belgrano\/\" \/>\n<meta property=\"og:site_name\" content=\"Informe Litoral\" \/>\n<meta property=\"article:publisher\" content=\"https:\/\/www.facebook.com\/informelitoral\/\" \/>\n<meta property=\"article:published_time\" content=\"2025-06-23T10:41:02+00:00\" \/>\n<meta property=\"article:modified_time\" content=\"2025-06-23T11:04:34+00:00\" \/>\n<meta property=\"og:image\" content=\"https:\/\/lh3.googleusercontent.com\/drive-storage\/AJQWtBOXpmmAlejghyyC7R_8wom3wkgnIDQtV6SYkaaZJSupXu-CxQJ3KDhCEckXRQn1zWgrNTcf6wpY62QLJbLm-foc-dzpCYRdyETGSCz5GkPU_mk\" \/><meta property=\"og:image\" content=\"https:\/\/lh3.googleusercontent.com\/drive-storage\/AJQWtBOXpmmAlejghyyC7R_8wom3wkgnIDQtV6SYkaaZJSupXu-CxQJ3KDhCEckXRQn1zWgrNTcf6wpY62QLJbLm-foc-dzpCYRdyETGSCz5GkPU_mk\" \/>\n\t<meta property=\"og:image:width\" content=\"987\" \/>\n\t<meta property=\"og:image:height\" content=\"555\" \/>\n\t<meta property=\"og:image:type\" content=\"image\/jpeg\" \/>\n<meta name=\"author\" content=\"Gonzalo Schmidt\" \/>\n<meta name=\"twitter:card\" content=\"summary_large_image\" \/>\n<meta name=\"twitter:image\" content=\"https:\/\/lh3.googleusercontent.com\/drive-storage\/AJQWtBOXpmmAlejghyyC7R_8wom3wkgnIDQtV6SYkaaZJSupXu-CxQJ3KDhCEckXRQn1zWgrNTcf6wpY62QLJbLm-foc-dzpCYRdyETGSCz5GkPU_mk\" \/>\n<meta name=\"twitter:creator\" content=\"@InformeLitoral\" \/>\n<meta name=\"twitter:site\" content=\"@InformeLitoral\" \/>\n<meta name=\"twitter:label1\" content=\"Escrito por\" \/>\n\t<meta name=\"twitter:data1\" content=\"Gonzalo Schmidt\" \/>\n\t<meta name=\"twitter:label2\" content=\"Tiempo de lectura\" \/>\n\t<meta name=\"twitter:data2\" content=\"2 minutos\" \/>\n<script type=\"application\/ld+json\" class=\"yoast-schema-graph\">{\"@context\":\"https:\\\/\\\/schema.org\",\"@graph\":[{\"@type\":\"Article\",\"@id\":\"https:\\\/\\\/informelitoral.com.ar\\\/se-viene-el-locro-patrio-en-la-escuela-agrotecnica-crucero-ara-general-belgrano\\\/#article\",\"isPartOf\":{\"@id\":\"https:\\\/\\\/informelitoral.com.ar\\\/se-viene-el-locro-patrio-en-la-escuela-agrotecnica-crucero-ara-general-belgrano\\\/\"},\"author\":{\"name\":\"Gonzalo Schmidt\",\"@id\":\"https:\\\/\\\/informelitoral.com.ar\\\/#\\\/schema\\\/person\\\/b9d00407c836482871ef1d57bf8e3180\"},\"headline\":\"Se viene el Locro Patrio en la Escuela Agrot\u00e9cnica Crucero ARA General Belgrano\",\"datePublished\":\"2025-06-23T10:41:02+00:00\",\"dateModified\":\"2025-06-23T11:04:34+00:00\",\"mainEntityOfPage\":{\"@id\":\"https:\\\/\\\/informelitoral.com.ar\\\/se-viene-el-locro-patrio-en-la-escuela-agrotecnica-crucero-ara-general-belgrano\\\/\"},\"wordCount\":281,\"commentCount\":0,\"publisher\":{\"@id\":\"https:\\\/\\\/informelitoral.com.ar\\\/#organization\"},\"image\":{\"@id\":\"https:\\\/\\\/informelitoral.com.ar\\\/se-viene-el-locro-patrio-en-la-escuela-agrotecnica-crucero-ara-general-belgrano\\\/#primaryimage\"},\"thumbnailUrl\":\"https:\\\/\\\/lh3.googleusercontent.com\\\/drive-storage\\\/AJQWtBOXpmmAlejghyyC7R_8wom3wkgnIDQtV6SYkaaZJSupXu-CxQJ3KDhCEckXRQn1zWgrNTcf6wpY62QLJbLm-foc-dzpCYRdyETGSCz5GkPU_mk\",\"keywords\":[\"9 de Julio\",\"Don Crist\u00f3bal 2\u00b0\",\"Escuela Agrot\u00e9cnica\",\"Locro\"],\"articleSection\":[\"Sociedad\"],\"inLanguage\":\"es\",\"potentialAction\":[{\"@type\":\"CommentAction\",\"name\":\"Comment\",\"target\":[\"https:\\\/\\\/informelitoral.com.ar\\\/se-viene-el-locro-patrio-en-la-escuela-agrotecnica-crucero-ara-general-belgrano\\\/#respond\"]}]},{\"@type\":\"WebPage\",\"@id\":\"https:\\\/\\\/informelitoral.com.ar\\\/se-viene-el-locro-patrio-en-la-escuela-agrotecnica-crucero-ara-general-belgrano\\\/\",\"url\":\"https:\\\/\\\/informelitoral.com.ar\\\/se-viene-el-locro-patrio-en-la-escuela-agrotecnica-crucero-ara-general-belgrano\\\/\",\"name\":\"Se viene el Locro Patrio en la Escuela Agrot\u00e9cnica Crucero ARA General Belgrano - Informe Litoral\",\"isPartOf\":{\"@id\":\"https:\\\/\\\/informelitoral.com.ar\\\/#website\"},\"primaryImageOfPage\":{\"@id\":\"https:\\\/\\\/informelitoral.com.ar\\\/se-viene-el-locro-patrio-en-la-escuela-agrotecnica-crucero-ara-general-belgrano\\\/#primaryimage\"},\"image\":{\"@id\":\"https:\\\/\\\/informelitoral.com.ar\\\/se-viene-el-locro-patrio-en-la-escuela-agrotecnica-crucero-ara-general-belgrano\\\/#primaryimage\"},\"thumbnailUrl\":\"https:\\\/\\\/lh3.googleusercontent.com\\\/drive-storage\\\/AJQWtBOXpmmAlejghyyC7R_8wom3wkgnIDQtV6SYkaaZJSupXu-CxQJ3KDhCEckXRQn1zWgrNTcf6wpY62QLJbLm-foc-dzpCYRdyETGSCz5GkPU_mk\",\"datePublished\":\"2025-06-23T10:41:02+00:00\",\"dateModified\":\"2025-06-23T11:04:34+00:00\",\"breadcrumb\":{\"@id\":\"https:\\\/\\\/informelitoral.com.ar\\\/se-viene-el-locro-patrio-en-la-escuela-agrotecnica-crucero-ara-general-belgrano\\\/#breadcrumb\"},\"inLanguage\":\"es\",\"potentialAction\":[{\"@type\":\"ReadAction\",\"target\":[\"https:\\\/\\\/informelitoral.com.ar\\\/se-viene-el-locro-patrio-en-la-escuela-agrotecnica-crucero-ara-general-belgrano\\\/\"]}]},{\"@type\":\"ImageObject\",\"inLanguage\":\"es\",\"@id\":\"https:\\\/\\\/informelitoral.com.ar\\\/se-viene-el-locro-patrio-en-la-escuela-agrotecnica-crucero-ara-general-belgrano\\\/#primaryimage\",\"url\":\"https:\\\/\\\/lh3.googleusercontent.com\\\/drive-storage\\\/AJQWtBOXpmmAlejghyyC7R_8wom3wkgnIDQtV6SYkaaZJSupXu-CxQJ3KDhCEckXRQn1zWgrNTcf6wpY62QLJbLm-foc-dzpCYRdyETGSCz5GkPU_mk\",\"contentUrl\":\"https:\\\/\\\/lh3.googleusercontent.com\\\/drive-storage\\\/AJQWtBOXpmmAlejghyyC7R_8wom3wkgnIDQtV6SYkaaZJSupXu-CxQJ3KDhCEckXRQn1zWgrNTcf6wpY62QLJbLm-foc-dzpCYRdyETGSCz5GkPU_mk\",\"width\":\"987\",\"height\":\"555\"},{\"@type\":\"BreadcrumbList\",\"@id\":\"https:\\\/\\\/informelitoral.com.ar\\\/se-viene-el-locro-patrio-en-la-escuela-agrotecnica-crucero-ara-general-belgrano\\\/#breadcrumb\",\"itemListElement\":[{\"@type\":\"ListItem\",\"position\":1,\"name\":\"Portada\",\"item\":\"https:\\\/\\\/informelitoral.com.ar\\\/\"},{\"@type\":\"ListItem\",\"position\":2,\"name\":\"Se viene el Locro Patrio en la Escuela Agrot\u00e9cnica Crucero ARA General Belgrano\"}]},{\"@type\":\"WebSite\",\"@id\":\"https:\\\/\\\/informelitoral.com.ar\\\/#website\",\"url\":\"https:\\\/\\\/informelitoral.com.ar\\\/\",\"name\":\"Informe Litoral\",\"description\":\"&quot;Nos informamos&quot; \",\"publisher\":{\"@id\":\"https:\\\/\\\/informelitoral.com.ar\\\/#organization\"},\"potentialAction\":[{\"@type\":\"SearchAction\",\"target\":{\"@type\":\"EntryPoint\",\"urlTemplate\":\"https:\\\/\\\/informelitoral.com.ar\\\/?s={search_term_string}\"},\"query-input\":{\"@type\":\"PropertyValueSpecification\",\"valueRequired\":true,\"valueName\":\"search_term_string\"}}],\"inLanguage\":\"es\"},{\"@type\":\"Organization\",\"@id\":\"https:\\\/\\\/informelitoral.com.ar\\\/#organization\",\"name\":\"Informe Litoral\",\"url\":\"https:\\\/\\\/informelitoral.com.ar\\\/\",\"logo\":{\"@type\":\"ImageObject\",\"inLanguage\":\"es\",\"@id\":\"https:\\\/\\\/informelitoral.com.ar\\\/#\\\/schema\\\/logo\\\/image\\\/\",\"url\":\"https:\\\/\\\/informelitoral.com.ar\\\/%77%70%2d%63%6f%6e%74%65%6e%74\\\/uploads\\\/2021\\\/01\\\/circulo.png\",\"contentUrl\":\"https:\\\/\\\/informelitoral.com.ar\\\/%77%70%2d%63%6f%6e%74%65%6e%74\\\/uploads\\\/2021\\\/01\\\/circulo.png\",\"width\":723,\"height\":731,\"caption\":\"Informe Litoral\"},\"image\":{\"@id\":\"https:\\\/\\\/informelitoral.com.ar\\\/#\\\/schema\\\/logo\\\/image\\\/\"},\"sameAs\":[\"https:\\\/\\\/www.facebook.com\\\/informelitoral\\\/\",\"https:\\\/\\\/x.com\\\/InformeLitoral\",\"https:\\\/\\\/www.instagram.com\\\/informelitoral\\\/\",\"https:\\\/\\\/www.youtube.com\\\/channel\\\/UCua4Qvz8Icb6MYqhoq9xLXw\"]},{\"@type\":\"Person\",\"@id\":\"https:\\\/\\\/informelitoral.com.ar\\\/#\\\/schema\\\/person\\\/b9d00407c836482871ef1d57bf8e3180\",\"name\":\"Gonzalo Schmidt\",\"image\":{\"@type\":\"ImageObject\",\"inLanguage\":\"es\",\"@id\":\"https:\\\/\\\/secure.gravatar.com\\\/avatar\\\/31a1a7b66ff2de83bd0e9fd79d026630d2d99e55e8bfe501287647b4fd9743de?s=96&d=mm&r=g\",\"url\":\"https:\\\/\\\/secure.gravatar.com\\\/avatar\\\/31a1a7b66ff2de83bd0e9fd79d026630d2d99e55e8bfe501287647b4fd9743de?s=96&d=mm&r=g\",\"contentUrl\":\"https:\\\/\\\/secure.gravatar.com\\\/avatar\\\/31a1a7b66ff2de83bd0e9fd79d026630d2d99e55e8bfe501287647b4fd9743de?s=96&d=mm&r=g\",\"caption\":\"Gonzalo Schmidt\"},\"description\":\"Sitio web de noticias de la provincia de Entre R\u00edos, Argentina. Informaci\u00f3n y entretenimiento. Informe Litoral, nos informamos.\",\"sameAs\":[\"http:\\\/\\\/www.isletasnoticias.com.ar\"],\"url\":\"https:\\\/\\\/informelitoral.com.ar\\\/author\\\/gonzalo\\\/\"}]}<\/script>","yoast_head_json":{"title":"Se viene el Locro Patrio en la Escuela Agrot\u00e9cnica Crucero ARA General Belgrano - Informe Litoral","robots":{"index":"index","follow":"follow","max-snippet":"max-snippet:-1","max-image-preview":"max-image-preview:large","max-video-preview":"max-video-preview:-1"},"canonical":"https:\/\/informelitoral.com.ar\/se-viene-el-locro-patrio-en-la-escuela-agrotecnica-crucero-ara-general-belgrano\/","og_locale":"es_ES","og_type":"article","og_title":"Se viene el Locro Patrio en la Escuela Agrot\u00e9cnica Crucero ARA General Belgrano - Informe Litoral","og_description":"La tradicional celebraci\u00f3n se realizar\u00e1 el mi\u00e9rcoles 9 de julio en el establecimiento escolar ubicado en Don Crist\u00f3bal 2\u00aa. Actuar\u00e1n Juan Manuel Bilat, Maravillas Alemanas, Nahuel Borr\u00e1, entre otros. Las tarjetas est\u00e1n a la venta.","og_url":"https:\/\/informelitoral.com.ar\/se-viene-el-locro-patrio-en-la-escuela-agrotecnica-crucero-ara-general-belgrano\/","og_site_name":"Informe Litoral","article_publisher":"https:\/\/www.facebook.com\/informelitoral\/","article_published_time":"2025-06-23T10:41:02+00:00","article_modified_time":"2025-06-23T11:04:34+00:00","og_image":[{"url":"https:\/\/lh3.googleusercontent.com\/drive-storage\/AJQWtBOXpmmAlejghyyC7R_8wom3wkgnIDQtV6SYkaaZJSupXu-CxQJ3KDhCEckXRQn1zWgrNTcf6wpY62QLJbLm-foc-dzpCYRdyETGSCz5GkPU_mk","type":"","width":"","height":""},{"width":987,"height":555,"url":"https:\/\/lh3.googleusercontent.com\/drive-storage\/AJQWtBOXpmmAlejghyyC7R_8wom3wkgnIDQtV6SYkaaZJSupXu-CxQJ3KDhCEckXRQn1zWgrNTcf6wpY62QLJbLm-foc-dzpCYRdyETGSCz5GkPU_mk","type":"image\/jpeg"}],"author":"Gonzalo Schmidt","twitter_card":"summary_large_image","twitter_image":"https:\/\/lh3.googleusercontent.com\/drive-storage\/AJQWtBOXpmmAlejghyyC7R_8wom3wkgnIDQtV6SYkaaZJSupXu-CxQJ3KDhCEckXRQn1zWgrNTcf6wpY62QLJbLm-foc-dzpCYRdyETGSCz5GkPU_mk","twitter_creator":"@InformeLitoral","twitter_site":"@InformeLitoral","twitter_misc":{"Escrito por":"Gonzalo Schmidt","Tiempo de lectura":"2 minutos"},"schema":{"@context":"https:\/\/schema.org","@graph":[{"@type":"Article","@id":"https:\/\/informelitoral.com.ar\/se-viene-el-locro-patrio-en-la-escuela-agrotecnica-crucero-ara-general-belgrano\/#article","isPartOf":{"@id":"https:\/\/informelitoral.com.ar\/se-viene-el-locro-patrio-en-la-escuela-agrotecnica-crucero-ara-general-belgrano\/"},"author":{"name":"Gonzalo Schmidt","@id":"https:\/\/informelitoral.com.ar\/#\/schema\/person\/b9d00407c836482871ef1d57bf8e3180"},"headline":"Se viene el Locro Patrio en la Escuela Agrot\u00e9cnica Crucero ARA General Belgrano","datePublished":"2025-06-23T10:41:02+00:00","dateModified":"2025-06-23T11:04:34+00:00","mainEntityOfPage":{"@id":"https:\/\/informelitoral.com.ar\/se-viene-el-locro-patrio-en-la-escuela-agrotecnica-crucero-ara-general-belgrano\/"},"wordCount":281,"commentCount":0,"publisher":{"@id":"https:\/\/informelitoral.com.ar\/#organization"},"image":{"@id":"https:\/\/informelitoral.com.ar\/se-viene-el-locro-patrio-en-la-escuela-agrotecnica-crucero-ara-general-belgrano\/#primaryimage"},"thumbnailUrl":"https:\/\/lh3.googleusercontent.com\/drive-storage\/AJQWtBOXpmmAlejghyyC7R_8wom3wkgnIDQtV6SYkaaZJSupXu-CxQJ3KDhCEckXRQn1zWgrNTcf6wpY62QLJbLm-foc-dzpCYRdyETGSCz5GkPU_mk","keywords":["9 de Julio","Don Crist\u00f3bal 2\u00b0","Escuela Agrot\u00e9cnica","Locro"],"articleSection":["Sociedad"],"inLanguage":"es","potentialAction":[{"@type":"CommentAction","name":"Comment","target":["https:\/\/informelitoral.com.ar\/se-viene-el-locro-patrio-en-la-escuela-agrotecnica-crucero-ara-general-belgrano\/#respond"]}]},{"@type":"WebPage","@id":"https:\/\/informelitoral.com.ar\/se-viene-el-locro-patrio-en-la-escuela-agrotecnica-crucero-ara-general-belgrano\/","url":"https:\/\/informelitoral.com.ar\/se-viene-el-locro-patrio-en-la-escuela-agrotecnica-crucero-ara-general-belgrano\/","name":"Se viene el Locro Patrio en la Escuela Agrot\u00e9cnica Crucero ARA General Belgrano - Informe Litoral","isPartOf":{"@id":"https:\/\/informelitoral.com.ar\/#website"},"primaryImageOfPage":{"@id":"https:\/\/informelitoral.com.ar\/se-viene-el-locro-patrio-en-la-escuela-agrotecnica-crucero-ara-general-belgrano\/#primaryimage"},"image":{"@id":"https:\/\/informelitoral.com.ar\/se-viene-el-locro-patrio-en-la-escuela-agrotecnica-crucero-ara-general-belgrano\/#primaryimage"},"thumbnailUrl":"https:\/\/lh3.googleusercontent.com\/drive-storage\/AJQWtBOXpmmAlejghyyC7R_8wom3wkgnIDQtV6SYkaaZJSupXu-CxQJ3KDhCEckXRQn1zWgrNTcf6wpY62QLJbLm-foc-dzpCYRdyETGSCz5GkPU_mk","datePublished":"2025-06-23T10:41:02+00:00","dateModified":"2025-06-23T11:04:34+00:00","breadcrumb":{"@id":"https:\/\/informelitoral.com.ar\/se-viene-el-locro-patrio-en-la-escuela-agrotecnica-crucero-ara-general-belgrano\/#breadcrumb"},"inLanguage":"es","potentialAction":[{"@type":"ReadAction","target":["https:\/\/informelitoral.com.ar\/se-viene-el-locro-patrio-en-la-escuela-agrotecnica-crucero-ara-general-belgrano\/"]}]},{"@type":"ImageObject","inLanguage":"es","@id":"https:\/\/informelitoral.com.ar\/se-viene-el-locro-patrio-en-la-escuela-agrotecnica-crucero-ara-general-belgrano\/#primaryimage","url":"https:\/\/lh3.googleusercontent.com\/drive-storage\/AJQWtBOXpmmAlejghyyC7R_8wom3wkgnIDQtV6SYkaaZJSupXu-CxQJ3KDhCEckXRQn1zWgrNTcf6wpY62QLJbLm-foc-dzpCYRdyETGSCz5GkPU_mk","contentUrl":"https:\/\/lh3.googleusercontent.com\/drive-storage\/AJQWtBOXpmmAlejghyyC7R_8wom3wkgnIDQtV6SYkaaZJSupXu-CxQJ3KDhCEckXRQn1zWgrNTcf6wpY62QLJbLm-foc-dzpCYRdyETGSCz5GkPU_mk","width":"987","height":"555"},{"@type":"BreadcrumbList","@id":"https:\/\/informelitoral.com.ar\/se-viene-el-locro-patrio-en-la-escuela-agrotecnica-crucero-ara-general-belgrano\/#breadcrumb","itemListElement":[{"@type":"ListItem","position":1,"name":"Portada","item":"https:\/\/informelitoral.com.ar\/"},{"@type":"ListItem","position":2,"name":"Se viene el Locro Patrio en la Escuela Agrot\u00e9cnica Crucero ARA General Belgrano"}]},{"@type":"WebSite","@id":"https:\/\/informelitoral.com.ar\/#website","url":"https:\/\/informelitoral.com.ar\/","name":"Informe Litoral","description":"&quot;Nos informamos&quot; ","publisher":{"@id":"https:\/\/informelitoral.com.ar\/#organization"},"potentialAction":[{"@type":"SearchAction","target":{"@type":"EntryPoint","urlTemplate":"https:\/\/informelitoral.com.ar\/?s={search_term_string}"},"query-input":{"@type":"PropertyValueSpecification","valueRequired":true,"valueName":"search_term_string"}}],"inLanguage":"es"},{"@type":"Organization","@id":"https:\/\/informelitoral.com.ar\/#organization","name":"Informe Litoral","url":"https:\/\/informelitoral.com.ar\/","logo":{"@type":"ImageObject","inLanguage":"es","@id":"https:\/\/informelitoral.com.ar\/#\/schema\/logo\/image\/","url":"https:\/\/informelitoral.com.ar\/%77%70%2d%63%6f%6e%74%65%6e%74\/uploads\/2021\/01\/circulo.png","contentUrl":"https:\/\/informelitoral.com.ar\/%77%70%2d%63%6f%6e%74%65%6e%74\/uploads\/2021\/01\/circulo.png","width":723,"height":731,"caption":"Informe Litoral"},"image":{"@id":"https:\/\/informelitoral.com.ar\/#\/schema\/logo\/image\/"},"sameAs":["https:\/\/www.facebook.com\/informelitoral\/","https:\/\/x.com\/InformeLitoral","https:\/\/www.instagram.com\/informelitoral\/","https:\/\/www.youtube.com\/channel\/UCua4Qvz8Icb6MYqhoq9xLXw"]},{"@type":"Person","@id":"https:\/\/informelitoral.com.ar\/#\/schema\/person\/b9d00407c836482871ef1d57bf8e3180","name":"Gonzalo Schmidt","image":{"@type":"ImageObject","inLanguage":"es","@id":"https:\/\/secure.gravatar.com\/avatar\/31a1a7b66ff2de83bd0e9fd79d026630d2d99e55e8bfe501287647b4fd9743de?s=96&d=mm&r=g","url":"https:\/\/secure.gravatar.com\/avatar\/31a1a7b66ff2de83bd0e9fd79d026630d2d99e55e8bfe501287647b4fd9743de?s=96&d=mm&r=g","contentUrl":"https:\/\/secure.gravatar.com\/avatar\/31a1a7b66ff2de83bd0e9fd79d026630d2d99e55e8bfe501287647b4fd9743de?s=96&d=mm&r=g","caption":"Gonzalo Schmidt"},"description":"Sitio web de noticias de la provincia de Entre R\u00edos, Argentina. Informaci\u00f3n y entretenimiento. Informe Litoral, nos informamos.","sameAs":["http:\/\/www.isletasnoticias.com.ar"],"url":"https:\/\/informelitoral.com.ar\/author\/gonzalo\/"}]}},"fifu_image_url":"https:\/\/lh3.googleusercontent.com\/drive-storage\/AJQWtBOXpmmAlejghyyC7R_8wom3wkgnIDQtV6SYkaaZJSupXu-CxQJ3KDhCEckXRQn1zWgrNTcf6wpY62QLJbLm-foc-dzpCYRdyETGSCz5GkPU_mk","_links":{"self":[{"href":"https:\/\/informelitoral.com.ar\/%77%70%2d%6a%73%6f%6e\/wp\/v2\/posts\/224855","targetHints":{"allow":["GET"]}}],"collection":[{"href":"https:\/\/informelitoral.com.ar\/%77%70%2d%6a%73%6f%6e\/wp\/v2\/posts"}],"about":[{"href":"https:\/\/informelitoral.com.ar\/%77%70%2d%6a%73%6f%6e\/wp\/v2\/types\/post"}],"author":[{"embeddable":true,"href":"https:\/\/informelitoral.com.ar\/%77%70%2d%6a%73%6f%6e\/wp\/v2\/users\/2"}],"replies":[{"embeddable":true,"href":"https:\/\/informelitoral.com.ar\/%77%70%2d%6a%73%6f%6e\/wp\/v2\/comments?post=224855"}],"version-history":[{"count":4,"href":"https:\/\/informelitoral.com.ar\/%77%70%2d%6a%73%6f%6e\/wp\/v2\/posts\/224855\/revisions"}],"predecessor-version":[{"id":224860,"href":"https:\/\/informelitoral.com.ar\/%77%70%2d%6a%73%6f%6e\/wp\/v2\/posts\/224855\/revisions\/224860"}],"wp:featuredmedia":[{"embeddable":true,"href":"https:\/\/informelitoral.com.ar\/%77%70%2d%6a%73%6f%6e\/wp\/v2\/media\/224856"}],"wp:attachment":[{"href":"https:\/\/informelitoral.com.ar\/%77%70%2d%6a%73%6f%6e\/wp\/v2\/media?parent=224855"}],"wp:term":[{"taxonomy":"category","embeddable":true,"href":"https:\/\/informelitoral.com.ar\/%77%70%2d%6a%73%6f%6e\/wp\/v2\/categories?post=224855"},{"taxonomy":"post_tag","embeddable":true,"href":"https:\/\/informelitoral.com.ar\/%77%70%2d%6a%73%6f%6e\/wp\/v2\/tags?post=224855"}],"curies":[{"name":"wp","href":"https:\/\/api.w.org\/{rel}","templated":true}]}}