{"id":224851,"date":"2025-06-23T07:08:23","date_gmt":"2025-06-23T10:08:23","guid":{"rendered":"https:\/\/informelitoral.com.ar\/?p=224851"},"modified":"2025-06-23T07:08:23","modified_gmt":"2025-06-23T10:08:23","slug":"destacan-el-rol-de-las-escuelas-agrotecnicas-entrerrianas-y-proponen-capacitaciones","status":"publish","type":"post","link":"https:\/\/informelitoral.com.ar\/destacan-el-rol-de-las-escuelas-agrotecnicas-entrerrianas-y-proponen-capacitaciones\/","title":{"rendered":"Destacan el rol de las escuelas agrot\u00e9cnicas entrerrianas y proponen capacitaciones"},"content":{"rendered":"<p>En el establecimiento educativo, la directora <strong>Alejandra Enrique<\/strong> recibi\u00f3 al director de Producci\u00f3n Animal,<strong> Mart\u00edn Sieber<\/strong>, y a personal t\u00e9cnico, para darles a conocer los diferentes tipos de producciones que se realizan en el lugar.<\/p>\n<p>\u00abDesde el Ministerio de Desarrollo Econ\u00f3mico de Entre R\u00edos nos presentamos en Las Delicias para <strong>coordinar con el cuerpo docente capacitaciones para alumnos de los \u00faltimos a\u00f1os, en cuestiones vinculadas a la producci\u00f3n animal.<\/strong> Nuestra idea es comenzar con una jornada educativa en el marco de la semana de la Ense\u00f1anza de la Agricultura, a principios de agosto\u00bb, indic\u00f3 Sieber.<\/p>\n<p>\u00abA su vez, expresamos ante las autoridades del establecimiento el compromiso del Gobierno provincial para <strong>vincular la demanda que tiene el sector privado de mano de obra calificada con la oferta de t\u00e9cnicos agropecuarios egresados de esta y otras escuelas<\/strong>\u00ab, agreg\u00f3 el funcionario.<\/p>\n<p>Por su parte, el coordinador de Lecher\u00eda, <strong>Horacio Jaureguiberry<\/strong>, afirm\u00f3: \u00abReflotamos el trabajo que ven\u00edamos realizando en conjunto para<strong> tratar los purines del tambo de Las Delicias, que posee 150 vacas en orde\u00f1e: se implementar\u00e1 el sistema para tratar estos desechos y reutilizarlos en la producci\u00f3n agr\u00edcola.<\/strong> Actualmente, est\u00e1n finalizando las tratativas para la compra de un separador de s\u00f3lidos y l\u00edquidos\u00bb.<\/p>\n<p>\u00abPor otro lado, vamos a incorporar este tambo a las <strong>Buenas Pr\u00e1cticas Lecheras (BPL),<\/strong> <strong>mediante el correspondiente diagn\u00f3stico; un plan de mejora para el establecimiento y el facilitamiento de toda la informaci\u00f3n de las \u00faltimas tecnolog\u00edas y las buenas pr\u00e1cticas para la parte educativa, tanto para los profesores como para los alumnos\u00bb<\/strong>, agreg\u00f3 el funcionario.<\/p>\n<p>Asimismo,<strong> Alejandra Enrique<\/strong> precis\u00f3: \u00abLuego del recorrido que realizamos junto a los docentes jefes de sectores de Producci\u00f3n Animal, se gener\u00f3 un espacio de intercambio de miradas sobre la educaci\u00f3n en lo productivo, con el fin de que los alumnos tengan acceso a capacitaciones espec\u00edficas acordes al perfil del t\u00e9cnico en Producci\u00f3n Agropecuaria\u00bb.<\/p>\n<h6><em><strong>Del archivo:\u00a0<a href=\"https:\/\/informelitoral.com.ar\/avanza-la-repavimentacion-de-la-ruta-provincial-no39\/\" target=\"_blank\" rel=\"noopener\">Avanza la repavimentaci\u00f3n de la ruta provincial N\u00ba39<\/a><\/strong><\/em><\/h6>\n","protected":false},"excerpt":{"rendered":"<p>Buscando fortalecer el acceso de los j\u00f3venes entrerrianos al mercado laboral mediante capacitaciones, personal del Ministerio de Desarrollo Econ\u00f3mico recorri\u00f3 la Escuela Las Delicias, de Gobernador Etchevehere, en el departamento Paran\u00e1.<\/p>\n","protected":false},"author":2,"featured_media":224852,"comment_status":"open","ping_status":"open","sticky":false,"template":"","format":"standard","meta":{"fifu_image_url":"https:\/\/lh3.googleusercontent.com\/drive-storage\/AJQWtBOY3DMeFo_jNTpsuOgIZpI9GEDbxqLcSiVEZn3Bi5RY59q7ooaYnu2OjP6TA72EivYBXWqgMgGw_P9V3tHjHKjfKBFOc9HsnChjxBPm_dmBkw","fifu_image_alt":"","footnotes":""},"categories":[6],"tags":[98,99,2406],"class_list":{"0":"post-224851","1":"post","2":"type-post","3":"status-publish","4":"format-standard","5":"has-post-thumbnail","7":"category-entre-rios","8":"tag-educacion","9":"tag-escuela-agrotecnica","10":"tag-escuela-las-delicias"},"yoast_head":"<title>Destacan el rol de las escuelas agrot\u00e9cnicas entrerrianas y proponen capacitaciones - Informe Litoral<\/title>\n<meta name=\"robots\" content=\"index, follow, max-snippet:-1, max-image-preview:large, max-video-preview:-1\" \/>\n<link rel=\"canonical\" href=\"https:\/\/informelitoral.com.ar\/destacan-el-rol-de-las-escuelas-agrotecnicas-entrerrianas-y-proponen-capacitaciones\/\" \/>\n<meta property=\"og:locale\" content=\"es_ES\" \/>\n<meta property=\"og:type\" content=\"article\" \/>\n<meta property=\"og:title\" content=\"Destacan el rol de las escuelas agrot\u00e9cnicas entrerrianas y proponen capacitaciones - Informe Litoral\" \/>\n<meta property=\"og:description\" content=\"Buscando fortalecer el acceso de los j\u00f3venes entrerrianos al mercado laboral mediante capacitaciones, personal del Ministerio de Desarrollo Econ\u00f3mico recorri\u00f3 la Escuela Las Delicias, de Gobernador Etchevehere, en el departamento Paran\u00e1.\" \/>\n<meta property=\"og:url\" content=\"https:\/\/informelitoral.com.ar\/destacan-el-rol-de-las-escuelas-agrotecnicas-entrerrianas-y-proponen-capacitaciones\/\" \/>\n<meta property=\"og:site_name\" content=\"Informe Litoral\" \/>\n<meta property=\"article:publisher\" content=\"https:\/\/www.facebook.com\/informelitoral\/\" \/>\n<meta property=\"article:published_time\" content=\"2025-06-23T10:08:23+00:00\" \/>\n<meta property=\"og:image\" content=\"https:\/\/lh3.googleusercontent.com\/drive-storage\/AJQWtBOY3DMeFo_jNTpsuOgIZpI9GEDbxqLcSiVEZn3Bi5RY59q7ooaYnu2OjP6TA72EivYBXWqgMgGw_P9V3tHjHKjfKBFOc9HsnChjxBPm_dmBkw\" \/><meta property=\"og:image\" content=\"https:\/\/lh3.googleusercontent.com\/drive-storage\/AJQWtBOY3DMeFo_jNTpsuOgIZpI9GEDbxqLcSiVEZn3Bi5RY59q7ooaYnu2OjP6TA72EivYBXWqgMgGw_P9V3tHjHKjfKBFOc9HsnChjxBPm_dmBkw\" \/>\n\t<meta property=\"og:image:width\" content=\"1600\" \/>\n\t<meta property=\"og:image:height\" content=\"1067\" \/>\n\t<meta property=\"og:image:type\" content=\"image\/jpeg\" \/>\n<meta name=\"author\" content=\"Gonzalo Schmidt\" \/>\n<meta name=\"twitter:card\" content=\"summary_large_image\" \/>\n<meta name=\"twitter:image\" content=\"https:\/\/lh3.googleusercontent.com\/drive-storage\/AJQWtBOY3DMeFo_jNTpsuOgIZpI9GEDbxqLcSiVEZn3Bi5RY59q7ooaYnu2OjP6TA72EivYBXWqgMgGw_P9V3tHjHKjfKBFOc9HsnChjxBPm_dmBkw\" \/>\n<meta name=\"twitter:creator\" content=\"@InformeLitoral\" \/>\n<meta name=\"twitter:site\" content=\"@InformeLitoral\" \/>\n<meta name=\"twitter:label1\" content=\"Escrito por\" \/>\n\t<meta name=\"twitter:data1\" content=\"Gonzalo Schmidt\" \/>\n\t<meta name=\"twitter:label2\" content=\"Tiempo de lectura\" \/>\n\t<meta name=\"twitter:data2\" content=\"2 minutos\" \/>\n<script type=\"application\/ld+json\" class=\"yoast-schema-graph\">{\"@context\":\"https:\\\/\\\/schema.org\",\"@graph\":[{\"@type\":\"Article\",\"@id\":\"https:\\\/\\\/informelitoral.com.ar\\\/destacan-el-rol-de-las-escuelas-agrotecnicas-entrerrianas-y-proponen-capacitaciones\\\/#article\",\"isPartOf\":{\"@id\":\"https:\\\/\\\/informelitoral.com.ar\\\/destacan-el-rol-de-las-escuelas-agrotecnicas-entrerrianas-y-proponen-capacitaciones\\\/\"},\"author\":{\"name\":\"Gonzalo Schmidt\",\"@id\":\"https:\\\/\\\/informelitoral.com.ar\\\/#\\\/schema\\\/person\\\/b9d00407c836482871ef1d57bf8e3180\"},\"headline\":\"Destacan el rol de las escuelas agrot\u00e9cnicas entrerrianas y proponen capacitaciones\",\"datePublished\":\"2025-06-23T10:08:23+00:00\",\"mainEntityOfPage\":{\"@id\":\"https:\\\/\\\/informelitoral.com.ar\\\/destacan-el-rol-de-las-escuelas-agrotecnicas-entrerrianas-y-proponen-capacitaciones\\\/\"},\"wordCount\":357,\"commentCount\":0,\"publisher\":{\"@id\":\"https:\\\/\\\/informelitoral.com.ar\\\/#organization\"},\"image\":{\"@id\":\"https:\\\/\\\/informelitoral.com.ar\\\/destacan-el-rol-de-las-escuelas-agrotecnicas-entrerrianas-y-proponen-capacitaciones\\\/#primaryimage\"},\"thumbnailUrl\":\"https:\\\/\\\/lh3.googleusercontent.com\\\/drive-storage\\\/AJQWtBOY3DMeFo_jNTpsuOgIZpI9GEDbxqLcSiVEZn3Bi5RY59q7ooaYnu2OjP6TA72EivYBXWqgMgGw_P9V3tHjHKjfKBFOc9HsnChjxBPm_dmBkw\",\"keywords\":[\"Educaci\u00f3n\",\"Escuela Agrot\u00e9cnica\",\"Escuela Las Delicias\"],\"articleSection\":[\"Entre R\u00edos\"],\"inLanguage\":\"es\",\"potentialAction\":[{\"@type\":\"CommentAction\",\"name\":\"Comment\",\"target\":[\"https:\\\/\\\/informelitoral.com.ar\\\/destacan-el-rol-de-las-escuelas-agrotecnicas-entrerrianas-y-proponen-capacitaciones\\\/#respond\"]}]},{\"@type\":\"WebPage\",\"@id\":\"https:\\\/\\\/informelitoral.com.ar\\\/destacan-el-rol-de-las-escuelas-agrotecnicas-entrerrianas-y-proponen-capacitaciones\\\/\",\"url\":\"https:\\\/\\\/informelitoral.com.ar\\\/destacan-el-rol-de-las-escuelas-agrotecnicas-entrerrianas-y-proponen-capacitaciones\\\/\",\"name\":\"Destacan el rol de las escuelas agrot\u00e9cnicas entrerrianas y proponen capacitaciones - Informe Litoral\",\"isPartOf\":{\"@id\":\"https:\\\/\\\/informelitoral.com.ar\\\/#website\"},\"primaryImageOfPage\":{\"@id\":\"https:\\\/\\\/informelitoral.com.ar\\\/destacan-el-rol-de-las-escuelas-agrotecnicas-entrerrianas-y-proponen-capacitaciones\\\/#primaryimage\"},\"image\":{\"@id\":\"https:\\\/\\\/informelitoral.com.ar\\\/destacan-el-rol-de-las-escuelas-agrotecnicas-entrerrianas-y-proponen-capacitaciones\\\/#primaryimage\"},\"thumbnailUrl\":\"https:\\\/\\\/lh3.googleusercontent.com\\\/drive-storage\\\/AJQWtBOY3DMeFo_jNTpsuOgIZpI9GEDbxqLcSiVEZn3Bi5RY59q7ooaYnu2OjP6TA72EivYBXWqgMgGw_P9V3tHjHKjfKBFOc9HsnChjxBPm_dmBkw\",\"datePublished\":\"2025-06-23T10:08:23+00:00\",\"breadcrumb\":{\"@id\":\"https:\\\/\\\/informelitoral.com.ar\\\/destacan-el-rol-de-las-escuelas-agrotecnicas-entrerrianas-y-proponen-capacitaciones\\\/#breadcrumb\"},\"inLanguage\":\"es\",\"potentialAction\":[{\"@type\":\"ReadAction\",\"target\":[\"https:\\\/\\\/informelitoral.com.ar\\\/destacan-el-rol-de-las-escuelas-agrotecnicas-entrerrianas-y-proponen-capacitaciones\\\/\"]}]},{\"@type\":\"ImageObject\",\"inLanguage\":\"es\",\"@id\":\"https:\\\/\\\/informelitoral.com.ar\\\/destacan-el-rol-de-las-escuelas-agrotecnicas-entrerrianas-y-proponen-capacitaciones\\\/#primaryimage\",\"url\":\"https:\\\/\\\/lh3.googleusercontent.com\\\/drive-storage\\\/AJQWtBOY3DMeFo_jNTpsuOgIZpI9GEDbxqLcSiVEZn3Bi5RY59q7ooaYnu2OjP6TA72EivYBXWqgMgGw_P9V3tHjHKjfKBFOc9HsnChjxBPm_dmBkw\",\"contentUrl\":\"https:\\\/\\\/lh3.googleusercontent.com\\\/drive-storage\\\/AJQWtBOY3DMeFo_jNTpsuOgIZpI9GEDbxqLcSiVEZn3Bi5RY59q7ooaYnu2OjP6TA72EivYBXWqgMgGw_P9V3tHjHKjfKBFOc9HsnChjxBPm_dmBkw\",\"width\":\"1600\",\"height\":\"1067\"},{\"@type\":\"BreadcrumbList\",\"@id\":\"https:\\\/\\\/informelitoral.com.ar\\\/destacan-el-rol-de-las-escuelas-agrotecnicas-entrerrianas-y-proponen-capacitaciones\\\/#breadcrumb\",\"itemListElement\":[{\"@type\":\"ListItem\",\"position\":1,\"name\":\"Portada\",\"item\":\"https:\\\/\\\/informelitoral.com.ar\\\/\"},{\"@type\":\"ListItem\",\"position\":2,\"name\":\"Destacan el rol de las escuelas agrot\u00e9cnicas entrerrianas y proponen capacitaciones\"}]},{\"@type\":\"WebSite\",\"@id\":\"https:\\\/\\\/informelitoral.com.ar\\\/#website\",\"url\":\"https:\\\/\\\/informelitoral.com.ar\\\/\",\"name\":\"Informe Litoral\",\"description\":\"&quot;Nos informamos&quot; \",\"publisher\":{\"@id\":\"https:\\\/\\\/informelitoral.com.ar\\\/#organization\"},\"potentialAction\":[{\"@type\":\"SearchAction\",\"target\":{\"@type\":\"EntryPoint\",\"urlTemplate\":\"https:\\\/\\\/informelitoral.com.ar\\\/?s={search_term_string}\"},\"query-input\":{\"@type\":\"PropertyValueSpecification\",\"valueRequired\":true,\"valueName\":\"search_term_string\"}}],\"inLanguage\":\"es\"},{\"@type\":\"Organization\",\"@id\":\"https:\\\/\\\/informelitoral.com.ar\\\/#organization\",\"name\":\"Informe Litoral\",\"url\":\"https:\\\/\\\/informelitoral.com.ar\\\/\",\"logo\":{\"@type\":\"ImageObject\",\"inLanguage\":\"es\",\"@id\":\"https:\\\/\\\/informelitoral.com.ar\\\/#\\\/schema\\\/logo\\\/image\\\/\",\"url\":\"https:\\\/\\\/informelitoral.com.ar\\\/%77%70%2d%63%6f%6e%74%65%6e%74\\\/uploads\\\/2021\\\/01\\\/circulo.png\",\"contentUrl\":\"https:\\\/\\\/informelitoral.com.ar\\\/%77%70%2d%63%6f%6e%74%65%6e%74\\\/uploads\\\/2021\\\/01\\\/circulo.png\",\"width\":723,\"height\":731,\"caption\":\"Informe Litoral\"},\"image\":{\"@id\":\"https:\\\/\\\/informelitoral.com.ar\\\/#\\\/schema\\\/logo\\\/image\\\/\"},\"sameAs\":[\"https:\\\/\\\/www.facebook.com\\\/informelitoral\\\/\",\"https:\\\/\\\/x.com\\\/InformeLitoral\",\"https:\\\/\\\/www.instagram.com\\\/informelitoral\\\/\",\"https:\\\/\\\/www.youtube.com\\\/channel\\\/UCua4Qvz8Icb6MYqhoq9xLXw\"]},{\"@type\":\"Person\",\"@id\":\"https:\\\/\\\/informelitoral.com.ar\\\/#\\\/schema\\\/person\\\/b9d00407c836482871ef1d57bf8e3180\",\"name\":\"Gonzalo Schmidt\",\"image\":{\"@type\":\"ImageObject\",\"inLanguage\":\"es\",\"@id\":\"https:\\\/\\\/secure.gravatar.com\\\/avatar\\\/31a1a7b66ff2de83bd0e9fd79d026630d2d99e55e8bfe501287647b4fd9743de?s=96&d=mm&r=g\",\"url\":\"https:\\\/\\\/secure.gravatar.com\\\/avatar\\\/31a1a7b66ff2de83bd0e9fd79d026630d2d99e55e8bfe501287647b4fd9743de?s=96&d=mm&r=g\",\"contentUrl\":\"https:\\\/\\\/secure.gravatar.com\\\/avatar\\\/31a1a7b66ff2de83bd0e9fd79d026630d2d99e55e8bfe501287647b4fd9743de?s=96&d=mm&r=g\",\"caption\":\"Gonzalo Schmidt\"},\"description\":\"Sitio web de noticias de la provincia de Entre R\u00edos, Argentina. Informaci\u00f3n y entretenimiento. Informe Litoral, nos informamos.\",\"sameAs\":[\"http:\\\/\\\/www.isletasnoticias.com.ar\"],\"url\":\"https:\\\/\\\/informelitoral.com.ar\\\/author\\\/gonzalo\\\/\"}]}<\/script>","yoast_head_json":{"title":"Destacan el rol de las escuelas agrot\u00e9cnicas entrerrianas y proponen capacitaciones - Informe Litoral","robots":{"index":"index","follow":"follow","max-snippet":"max-snippet:-1","max-image-preview":"max-image-preview:large","max-video-preview":"max-video-preview:-1"},"canonical":"https:\/\/informelitoral.com.ar\/destacan-el-rol-de-las-escuelas-agrotecnicas-entrerrianas-y-proponen-capacitaciones\/","og_locale":"es_ES","og_type":"article","og_title":"Destacan el rol de las escuelas agrot\u00e9cnicas entrerrianas y proponen capacitaciones - Informe Litoral","og_description":"Buscando fortalecer el acceso de los j\u00f3venes entrerrianos al mercado laboral mediante capacitaciones, personal del Ministerio de Desarrollo Econ\u00f3mico recorri\u00f3 la Escuela Las Delicias, de Gobernador Etchevehere, en el departamento Paran\u00e1.","og_url":"https:\/\/informelitoral.com.ar\/destacan-el-rol-de-las-escuelas-agrotecnicas-entrerrianas-y-proponen-capacitaciones\/","og_site_name":"Informe Litoral","article_publisher":"https:\/\/www.facebook.com\/informelitoral\/","article_published_time":"2025-06-23T10:08:23+00:00","og_image":[{"url":"https:\/\/lh3.googleusercontent.com\/drive-storage\/AJQWtBOY3DMeFo_jNTpsuOgIZpI9GEDbxqLcSiVEZn3Bi5RY59q7ooaYnu2OjP6TA72EivYBXWqgMgGw_P9V3tHjHKjfKBFOc9HsnChjxBPm_dmBkw","type":"","width":"","height":""},{"width":1600,"height":1067,"url":"https:\/\/lh3.googleusercontent.com\/drive-storage\/AJQWtBOY3DMeFo_jNTpsuOgIZpI9GEDbxqLcSiVEZn3Bi5RY59q7ooaYnu2OjP6TA72EivYBXWqgMgGw_P9V3tHjHKjfKBFOc9HsnChjxBPm_dmBkw","type":"image\/jpeg"}],"author":"Gonzalo Schmidt","twitter_card":"summary_large_image","twitter_image":"https:\/\/lh3.googleusercontent.com\/drive-storage\/AJQWtBOY3DMeFo_jNTpsuOgIZpI9GEDbxqLcSiVEZn3Bi5RY59q7ooaYnu2OjP6TA72EivYBXWqgMgGw_P9V3tHjHKjfKBFOc9HsnChjxBPm_dmBkw","twitter_creator":"@InformeLitoral","twitter_site":"@InformeLitoral","twitter_misc":{"Escrito por":"Gonzalo Schmidt","Tiempo de lectura":"2 minutos"},"schema":{"@context":"https:\/\/schema.org","@graph":[{"@type":"Article","@id":"https:\/\/informelitoral.com.ar\/destacan-el-rol-de-las-escuelas-agrotecnicas-entrerrianas-y-proponen-capacitaciones\/#article","isPartOf":{"@id":"https:\/\/informelitoral.com.ar\/destacan-el-rol-de-las-escuelas-agrotecnicas-entrerrianas-y-proponen-capacitaciones\/"},"author":{"name":"Gonzalo Schmidt","@id":"https:\/\/informelitoral.com.ar\/#\/schema\/person\/b9d00407c836482871ef1d57bf8e3180"},"headline":"Destacan el rol de las escuelas agrot\u00e9cnicas entrerrianas y proponen capacitaciones","datePublished":"2025-06-23T10:08:23+00:00","mainEntityOfPage":{"@id":"https:\/\/informelitoral.com.ar\/destacan-el-rol-de-las-escuelas-agrotecnicas-entrerrianas-y-proponen-capacitaciones\/"},"wordCount":357,"commentCount":0,"publisher":{"@id":"https:\/\/informelitoral.com.ar\/#organization"},"image":{"@id":"https:\/\/informelitoral.com.ar\/destacan-el-rol-de-las-escuelas-agrotecnicas-entrerrianas-y-proponen-capacitaciones\/#primaryimage"},"thumbnailUrl":"https:\/\/lh3.googleusercontent.com\/drive-storage\/AJQWtBOY3DMeFo_jNTpsuOgIZpI9GEDbxqLcSiVEZn3Bi5RY59q7ooaYnu2OjP6TA72EivYBXWqgMgGw_P9V3tHjHKjfKBFOc9HsnChjxBPm_dmBkw","keywords":["Educaci\u00f3n","Escuela Agrot\u00e9cnica","Escuela Las Delicias"],"articleSection":["Entre R\u00edos"],"inLanguage":"es","potentialAction":[{"@type":"CommentAction","name":"Comment","target":["https:\/\/informelitoral.com.ar\/destacan-el-rol-de-las-escuelas-agrotecnicas-entrerrianas-y-proponen-capacitaciones\/#respond"]}]},{"@type":"WebPage","@id":"https:\/\/informelitoral.com.ar\/destacan-el-rol-de-las-escuelas-agrotecnicas-entrerrianas-y-proponen-capacitaciones\/","url":"https:\/\/informelitoral.com.ar\/destacan-el-rol-de-las-escuelas-agrotecnicas-entrerrianas-y-proponen-capacitaciones\/","name":"Destacan el rol de las escuelas agrot\u00e9cnicas entrerrianas y proponen capacitaciones - Informe Litoral","isPartOf":{"@id":"https:\/\/informelitoral.com.ar\/#website"},"primaryImageOfPage":{"@id":"https:\/\/informelitoral.com.ar\/destacan-el-rol-de-las-escuelas-agrotecnicas-entrerrianas-y-proponen-capacitaciones\/#primaryimage"},"image":{"@id":"https:\/\/informelitoral.com.ar\/destacan-el-rol-de-las-escuelas-agrotecnicas-entrerrianas-y-proponen-capacitaciones\/#primaryimage"},"thumbnailUrl":"https:\/\/lh3.googleusercontent.com\/drive-storage\/AJQWtBOY3DMeFo_jNTpsuOgIZpI9GEDbxqLcSiVEZn3Bi5RY59q7ooaYnu2OjP6TA72EivYBXWqgMgGw_P9V3tHjHKjfKBFOc9HsnChjxBPm_dmBkw","datePublished":"2025-06-23T10:08:23+00:00","breadcrumb":{"@id":"https:\/\/informelitoral.com.ar\/destacan-el-rol-de-las-escuelas-agrotecnicas-entrerrianas-y-proponen-capacitaciones\/#breadcrumb"},"inLanguage":"es","potentialAction":[{"@type":"ReadAction","target":["https:\/\/informelitoral.com.ar\/destacan-el-rol-de-las-escuelas-agrotecnicas-entrerrianas-y-proponen-capacitaciones\/"]}]},{"@type":"ImageObject","inLanguage":"es","@id":"https:\/\/informelitoral.com.ar\/destacan-el-rol-de-las-escuelas-agrotecnicas-entrerrianas-y-proponen-capacitaciones\/#primaryimage","url":"https:\/\/lh3.googleusercontent.com\/drive-storage\/AJQWtBOY3DMeFo_jNTpsuOgIZpI9GEDbxqLcSiVEZn3Bi5RY59q7ooaYnu2OjP6TA72EivYBXWqgMgGw_P9V3tHjHKjfKBFOc9HsnChjxBPm_dmBkw","contentUrl":"https:\/\/lh3.googleusercontent.com\/drive-storage\/AJQWtBOY3DMeFo_jNTpsuOgIZpI9GEDbxqLcSiVEZn3Bi5RY59q7ooaYnu2OjP6TA72EivYBXWqgMgGw_P9V3tHjHKjfKBFOc9HsnChjxBPm_dmBkw","width":"1600","height":"1067"},{"@type":"BreadcrumbList","@id":"https:\/\/informelitoral.com.ar\/destacan-el-rol-de-las-escuelas-agrotecnicas-entrerrianas-y-proponen-capacitaciones\/#breadcrumb","itemListElement":[{"@type":"ListItem","position":1,"name":"Portada","item":"https:\/\/informelitoral.com.ar\/"},{"@type":"ListItem","position":2,"name":"Destacan el rol de las escuelas agrot\u00e9cnicas entrerrianas y proponen capacitaciones"}]},{"@type":"WebSite","@id":"https:\/\/informelitoral.com.ar\/#website","url":"https:\/\/informelitoral.com.ar\/","name":"Informe Litoral","description":"&quot;Nos informamos&quot; ","publisher":{"@id":"https:\/\/informelitoral.com.ar\/#organization"},"potentialAction":[{"@type":"SearchAction","target":{"@type":"EntryPoint","urlTemplate":"https:\/\/informelitoral.com.ar\/?s={search_term_string}"},"query-input":{"@type":"PropertyValueSpecification","valueRequired":true,"valueName":"search_term_string"}}],"inLanguage":"es"},{"@type":"Organization","@id":"https:\/\/informelitoral.com.ar\/#organization","name":"Informe Litoral","url":"https:\/\/informelitoral.com.ar\/","logo":{"@type":"ImageObject","inLanguage":"es","@id":"https:\/\/informelitoral.com.ar\/#\/schema\/logo\/image\/","url":"https:\/\/informelitoral.com.ar\/%77%70%2d%63%6f%6e%74%65%6e%74\/uploads\/2021\/01\/circulo.png","contentUrl":"https:\/\/informelitoral.com.ar\/%77%70%2d%63%6f%6e%74%65%6e%74\/uploads\/2021\/01\/circulo.png","width":723,"height":731,"caption":"Informe Litoral"},"image":{"@id":"https:\/\/informelitoral.com.ar\/#\/schema\/logo\/image\/"},"sameAs":["https:\/\/www.facebook.com\/informelitoral\/","https:\/\/x.com\/InformeLitoral","https:\/\/www.instagram.com\/informelitoral\/","https:\/\/www.youtube.com\/channel\/UCua4Qvz8Icb6MYqhoq9xLXw"]},{"@type":"Person","@id":"https:\/\/informelitoral.com.ar\/#\/schema\/person\/b9d00407c836482871ef1d57bf8e3180","name":"Gonzalo Schmidt","image":{"@type":"ImageObject","inLanguage":"es","@id":"https:\/\/secure.gravatar.com\/avatar\/31a1a7b66ff2de83bd0e9fd79d026630d2d99e55e8bfe501287647b4fd9743de?s=96&d=mm&r=g","url":"https:\/\/secure.gravatar.com\/avatar\/31a1a7b66ff2de83bd0e9fd79d026630d2d99e55e8bfe501287647b4fd9743de?s=96&d=mm&r=g","contentUrl":"https:\/\/secure.gravatar.com\/avatar\/31a1a7b66ff2de83bd0e9fd79d026630d2d99e55e8bfe501287647b4fd9743de?s=96&d=mm&r=g","caption":"Gonzalo Schmidt"},"description":"Sitio web de noticias de la provincia de Entre R\u00edos, Argentina. Informaci\u00f3n y entretenimiento. Informe Litoral, nos informamos.","sameAs":["http:\/\/www.isletasnoticias.com.ar"],"url":"https:\/\/informelitoral.com.ar\/author\/gonzalo\/"}]}},"fifu_image_url":"https:\/\/lh3.googleusercontent.com\/drive-storage\/AJQWtBOY3DMeFo_jNTpsuOgIZpI9GEDbxqLcSiVEZn3Bi5RY59q7ooaYnu2OjP6TA72EivYBXWqgMgGw_P9V3tHjHKjfKBFOc9HsnChjxBPm_dmBkw","_links":{"self":[{"href":"https:\/\/informelitoral.com.ar\/%77%70%2d%6a%73%6f%6e\/wp\/v2\/posts\/224851","targetHints":{"allow":["GET"]}}],"collection":[{"href":"https:\/\/informelitoral.com.ar\/%77%70%2d%6a%73%6f%6e\/wp\/v2\/posts"}],"about":[{"href":"https:\/\/informelitoral.com.ar\/%77%70%2d%6a%73%6f%6e\/wp\/v2\/types\/post"}],"author":[{"embeddable":true,"href":"https:\/\/informelitoral.com.ar\/%77%70%2d%6a%73%6f%6e\/wp\/v2\/users\/2"}],"replies":[{"embeddable":true,"href":"https:\/\/informelitoral.com.ar\/%77%70%2d%6a%73%6f%6e\/wp\/v2\/comments?post=224851"}],"version-history":[{"count":1,"href":"https:\/\/informelitoral.com.ar\/%77%70%2d%6a%73%6f%6e\/wp\/v2\/posts\/224851\/revisions"}],"predecessor-version":[{"id":224853,"href":"https:\/\/informelitoral.com.ar\/%77%70%2d%6a%73%6f%6e\/wp\/v2\/posts\/224851\/revisions\/224853"}],"wp:featuredmedia":[{"embeddable":true,"href":"https:\/\/informelitoral.com.ar\/%77%70%2d%6a%73%6f%6e\/wp\/v2\/media\/224852"}],"wp:attachment":[{"href":"https:\/\/informelitoral.com.ar\/%77%70%2d%6a%73%6f%6e\/wp\/v2\/media?parent=224851"}],"wp:term":[{"taxonomy":"category","embeddable":true,"href":"https:\/\/informelitoral.com.ar\/%77%70%2d%6a%73%6f%6e\/wp\/v2\/categories?post=224851"},{"taxonomy":"post_tag","embeddable":true,"href":"https:\/\/informelitoral.com.ar\/%77%70%2d%6a%73%6f%6e\/wp\/v2\/tags?post=224851"}],"curies":[{"name":"wp","href":"https:\/\/api.w.org\/{rel}","templated":true}]}}