{"id":224822,"date":"2025-06-22T10:38:24","date_gmt":"2025-06-22T13:38:24","guid":{"rendered":"https:\/\/informelitoral.com.ar\/?p=224822"},"modified":"2025-06-22T10:38:24","modified_gmt":"2025-06-22T13:38:24","slug":"detengan-esta-tragedia-dijo-el-papa-sobre-la-guerra-que-empezo-israel","status":"publish","type":"post","link":"https:\/\/informelitoral.com.ar\/detengan-esta-tragedia-dijo-el-papa-sobre-la-guerra-que-empezo-israel\/","title":{"rendered":"\u00abDetengan esta tragedia\u00bb, dijo el Papa sobre la guerra que empez\u00f3 Israel"},"content":{"rendered":"<div class=\"article-body\">\n<p><strong>El Papa Le\u00f3n XIV realiz\u00f3 este domingo un nuevo llamado urgente por la paz durante la oraci\u00f3n del \u00c1ngelus en la Plaza de San Pedro, en medio de la\u00a0creciente escalada b\u00e9lica entre Estados Unidos, Ir\u00e1n e Israel.<\/strong><\/p>\n<p><strong>\u201cHoy m\u00e1s que nunca, la humanidad clama e invoca la paz: es un grito que exige responsabilidad y raz\u00f3n, y no debe ser sofocado por el estruendo de las armas ni por las palabras ret\u00f3ricas que incitan al conflicto\u201d,<\/strong> afirm\u00f3 el pont\u00edfice, en una advertencia directa al escenario internacional.<\/p>\n<p>El Sumo Pont\u00edfice expres\u00f3 su preocupaci\u00f3n por las consecuencias humanitarias de las hostilidades y pidi\u00f3 <strong>\u201cdetener la tragedia de la guerra antes de que se convierta en un abismo irreparable\u201d<\/strong>.\u00a0<strong><em>\u00abQue las armas no sofoquen el grito de la humanidad\u00bb.<\/em><\/strong><\/p>\n<\/div>\n<div class=\"article-body\">\n<p>En un mensaje claro a los l\u00edderes mundiales, Le\u00f3n XIV sostuvo que\u00a0<strong>\u201cla guerra no resuelve los problemas, sino que los amplifica y produce profundas heridas en la historia de los pueblos, que requieren generaciones para sanar\u201d<\/strong>.<\/p>\n<p>Inst\u00f3 a la comunidad internacional a priorizar el camino diplom\u00e1tico: <strong>\u201cQue la diplomacia silencie las armas\u201d<\/strong>, concluy\u00f3. El mensaje fue seguido por miles de fieles presentes en la Plaza de San Pedro y retransmitido en vivo a millones de personas en todo el mundo.<\/p>\n<h2><strong>Desde el Vaticano<\/strong><\/h2>\n<p>En sus saludos despu\u00e9s del rezo mariano del \u00c1ngelus, el Papa Le\u00f3n XIV hizo un apremiante llamamiento a la paz:\u00a0<strong>que el grito de la humanidad no sea sofocado por las armas, clam\u00f3 y lanz\u00f3 un urgente llamado a la comunidad internacional para que se ponga fin a los conflictos en Medio Oriente, con especial preocupaci\u00f3n por la situaci\u00f3n en Ir\u00e1n, Israel y Palestina.<\/strong><\/p>\n<p>\u201cSe suceden noticias alarmantes desde Medio Oriente, especialmente desde Ir\u00e1n\u201d, comenz\u00f3 diciendo el Pont\u00edfice. En su mensaje, advirti\u00f3 que el sufrimiento de la poblaci\u00f3n civil, particularmente en Gaza y en otros territorios afectados, corre el riesgo de ser olvidado en medio de la escalada b\u00e9lica y la tensi\u00f3n geopol\u00edtica. La urgencia de un apoyo humanitario adecuado, subray\u00f3, es cada vez m\u00e1s apremiante.<\/p>\n<p>\u201cHoy m\u00e1s que nunca, la humanidad clama e invoca la paz. Es un grito que exige responsabilidad y raz\u00f3n, y no debe ser sofocado por el estruendo de las armas ni por palabras ret\u00f3ricas que incitan al conflicto.\u201d<\/p>\n<p>Le\u00f3n XIV record\u00f3 que\u00a0<strong>no existen conflictos \u201clejanos\u201d<\/strong>\u00a0cuando la dignidad humana est\u00e1 en juego. \u201cCada miembro de la comunidad internacional tiene una responsabilidad moral: detener la tragedia de la guerra, antes de que se convierta en un abismo irreparable\u201d, dijo. El Pont\u00edfice tambi\u00e9n conden\u00f3 la idea de que la guerra pueda ser una soluci\u00f3n:<\/p>\n<p>\u201cLa guerra no resuelve los problemas, al contrario, los agrava y causa heridas profundas en la historia de los pueblos, que tardan generaciones en cicatrizar. Ninguna victoria armada podr\u00e1 compensar el dolor de las madres, el miedo de los ni\u00f1os, el futuro robado.\u201d<\/p>\n<p>El Papa concluy\u00f3 urgiendo la acci\u00f3n diplom\u00e1tica: \u201c\u00a1Que la diplomacia haga callar las armas! \u00a1Que las naciones tracen su futuro con obras de paz, y no con violencia y conflictos sangrientos!\u201d<\/p>\n<\/div>\n","protected":false},"excerpt":{"rendered":"<p>El Papa Le\u00f3n XIV hizo un llamado urgente por la paz. Ante la escalada entre Israel, Ir\u00e1n y EEUU, pidi\u00f3 \u201cdetener la tragedia de la guerra\u201d<\/p>\n","protected":false},"author":2,"featured_media":224824,"comment_status":"open","ping_status":"open","sticky":false,"template":"","format":"standard","meta":{"fifu_image_url":"https:\/\/lh3.googleusercontent.com\/drive-storage\/AJQWtBPFE6LbDvnrnH58j3jrWwpt0bIMgjbG8vKH1jo8E3ATlVJ3CcuC91PA2BgEsnCya5_wQH2eLbo1F55DX_ByumpujsMRYD2ShnTlYoezLfdpv4s","fifu_image_alt":"","footnotes":""},"categories":[8],"tags":[86,4532,294,4823,505,2474,5812,4640],"class_list":{"0":"post-224822","1":"post","2":"type-post","3":"status-publish","4":"format-standard","5":"has-post-thumbnail","7":"category-internacionales","8":"tag-estados-unidos","9":"tag-guerra","10":"tag-iglesia-catolica","11":"tag-iran","12":"tag-israel","13":"tag-papa","14":"tag-papa-leon-xiv","15":"tag-vaticano"},"yoast_head":"<title>&quot;Detengan esta tragedia&quot;, dijo el Papa sobre la guerra que empez\u00f3 Israel - Informe Litoral<\/title>\n<meta name=\"robots\" content=\"index, follow, max-snippet:-1, max-image-preview:large, max-video-preview:-1\" \/>\n<link rel=\"canonical\" href=\"https:\/\/informelitoral.com.ar\/detengan-esta-tragedia-dijo-el-papa-sobre-la-guerra-que-empezo-israel\/\" \/>\n<meta property=\"og:locale\" content=\"es_ES\" \/>\n<meta property=\"og:type\" content=\"article\" \/>\n<meta property=\"og:title\" content=\"&quot;Detengan esta tragedia&quot;, dijo el Papa sobre la guerra que empez\u00f3 Israel - Informe Litoral\" \/>\n<meta property=\"og:description\" content=\"El Papa Le\u00f3n XIV hizo un llamado urgente por la paz. Ante la escalada entre Israel, Ir\u00e1n y EEUU, pidi\u00f3 \u201cdetener la tragedia de la guerra\u201d\" \/>\n<meta property=\"og:url\" content=\"https:\/\/informelitoral.com.ar\/detengan-esta-tragedia-dijo-el-papa-sobre-la-guerra-que-empezo-israel\/\" \/>\n<meta property=\"og:site_name\" content=\"Informe Litoral\" \/>\n<meta property=\"article:publisher\" content=\"https:\/\/www.facebook.com\/informelitoral\/\" \/>\n<meta property=\"article:published_time\" content=\"2025-06-22T13:38:24+00:00\" \/>\n<meta property=\"og:image\" content=\"https:\/\/lh3.googleusercontent.com\/drive-storage\/AJQWtBPFE6LbDvnrnH58j3jrWwpt0bIMgjbG8vKH1jo8E3ATlVJ3CcuC91PA2BgEsnCya5_wQH2eLbo1F55DX_ByumpujsMRYD2ShnTlYoezLfdpv4s\" \/><meta property=\"og:image\" content=\"https:\/\/lh3.googleusercontent.com\/drive-storage\/AJQWtBPFE6LbDvnrnH58j3jrWwpt0bIMgjbG8vKH1jo8E3ATlVJ3CcuC91PA2BgEsnCya5_wQH2eLbo1F55DX_ByumpujsMRYD2ShnTlYoezLfdpv4s\" \/>\n\t<meta property=\"og:image:width\" content=\"800\" \/>\n\t<meta property=\"og:image:height\" content=\"450\" \/>\n\t<meta property=\"og:image:type\" content=\"image\/jpeg\" \/>\n<meta name=\"author\" content=\"Gonzalo Schmidt\" \/>\n<meta name=\"twitter:card\" content=\"summary_large_image\" \/>\n<meta name=\"twitter:image\" content=\"https:\/\/lh3.googleusercontent.com\/drive-storage\/AJQWtBPFE6LbDvnrnH58j3jrWwpt0bIMgjbG8vKH1jo8E3ATlVJ3CcuC91PA2BgEsnCya5_wQH2eLbo1F55DX_ByumpujsMRYD2ShnTlYoezLfdpv4s\" \/>\n<meta name=\"twitter:creator\" content=\"@InformeLitoral\" \/>\n<meta name=\"twitter:site\" content=\"@InformeLitoral\" \/>\n<meta name=\"twitter:label1\" content=\"Escrito por\" \/>\n\t<meta name=\"twitter:data1\" content=\"Gonzalo Schmidt\" \/>\n\t<meta name=\"twitter:label2\" content=\"Tiempo de lectura\" \/>\n\t<meta name=\"twitter:data2\" content=\"3 minutos\" \/>\n<script type=\"application\/ld+json\" class=\"yoast-schema-graph\">{\"@context\":\"https:\\\/\\\/schema.org\",\"@graph\":[{\"@type\":\"Article\",\"@id\":\"https:\\\/\\\/informelitoral.com.ar\\\/detengan-esta-tragedia-dijo-el-papa-sobre-la-guerra-que-empezo-israel\\\/#article\",\"isPartOf\":{\"@id\":\"https:\\\/\\\/informelitoral.com.ar\\\/detengan-esta-tragedia-dijo-el-papa-sobre-la-guerra-que-empezo-israel\\\/\"},\"author\":{\"name\":\"Gonzalo Schmidt\",\"@id\":\"https:\\\/\\\/informelitoral.com.ar\\\/#\\\/schema\\\/person\\\/b9d00407c836482871ef1d57bf8e3180\"},\"headline\":\"\u00abDetengan esta tragedia\u00bb, dijo el Papa sobre la guerra que empez\u00f3 Israel\",\"datePublished\":\"2025-06-22T13:38:24+00:00\",\"mainEntityOfPage\":{\"@id\":\"https:\\\/\\\/informelitoral.com.ar\\\/detengan-esta-tragedia-dijo-el-papa-sobre-la-guerra-que-empezo-israel\\\/\"},\"wordCount\":551,\"commentCount\":0,\"publisher\":{\"@id\":\"https:\\\/\\\/informelitoral.com.ar\\\/#organization\"},\"image\":{\"@id\":\"https:\\\/\\\/informelitoral.com.ar\\\/detengan-esta-tragedia-dijo-el-papa-sobre-la-guerra-que-empezo-israel\\\/#primaryimage\"},\"thumbnailUrl\":\"https:\\\/\\\/lh3.googleusercontent.com\\\/drive-storage\\\/AJQWtBPFE6LbDvnrnH58j3jrWwpt0bIMgjbG8vKH1jo8E3ATlVJ3CcuC91PA2BgEsnCya5_wQH2eLbo1F55DX_ByumpujsMRYD2ShnTlYoezLfdpv4s\",\"keywords\":[\"Estados Unidos\",\"Guerra\",\"Iglesia Cat\u00f3lica\",\"Iran\",\"Israel\",\"Papa\",\"Papa Le\u00f3n XIV\",\"Vaticano\"],\"articleSection\":[\"Internacionales\"],\"inLanguage\":\"es\",\"potentialAction\":[{\"@type\":\"CommentAction\",\"name\":\"Comment\",\"target\":[\"https:\\\/\\\/informelitoral.com.ar\\\/detengan-esta-tragedia-dijo-el-papa-sobre-la-guerra-que-empezo-israel\\\/#respond\"]}]},{\"@type\":\"WebPage\",\"@id\":\"https:\\\/\\\/informelitoral.com.ar\\\/detengan-esta-tragedia-dijo-el-papa-sobre-la-guerra-que-empezo-israel\\\/\",\"url\":\"https:\\\/\\\/informelitoral.com.ar\\\/detengan-esta-tragedia-dijo-el-papa-sobre-la-guerra-que-empezo-israel\\\/\",\"name\":\"\\\"Detengan esta tragedia\\\", dijo el Papa sobre la guerra que empez\u00f3 Israel - Informe Litoral\",\"isPartOf\":{\"@id\":\"https:\\\/\\\/informelitoral.com.ar\\\/#website\"},\"primaryImageOfPage\":{\"@id\":\"https:\\\/\\\/informelitoral.com.ar\\\/detengan-esta-tragedia-dijo-el-papa-sobre-la-guerra-que-empezo-israel\\\/#primaryimage\"},\"image\":{\"@id\":\"https:\\\/\\\/informelitoral.com.ar\\\/detengan-esta-tragedia-dijo-el-papa-sobre-la-guerra-que-empezo-israel\\\/#primaryimage\"},\"thumbnailUrl\":\"https:\\\/\\\/lh3.googleusercontent.com\\\/drive-storage\\\/AJQWtBPFE6LbDvnrnH58j3jrWwpt0bIMgjbG8vKH1jo8E3ATlVJ3CcuC91PA2BgEsnCya5_wQH2eLbo1F55DX_ByumpujsMRYD2ShnTlYoezLfdpv4s\",\"datePublished\":\"2025-06-22T13:38:24+00:00\",\"breadcrumb\":{\"@id\":\"https:\\\/\\\/informelitoral.com.ar\\\/detengan-esta-tragedia-dijo-el-papa-sobre-la-guerra-que-empezo-israel\\\/#breadcrumb\"},\"inLanguage\":\"es\",\"potentialAction\":[{\"@type\":\"ReadAction\",\"target\":[\"https:\\\/\\\/informelitoral.com.ar\\\/detengan-esta-tragedia-dijo-el-papa-sobre-la-guerra-que-empezo-israel\\\/\"]}]},{\"@type\":\"ImageObject\",\"inLanguage\":\"es\",\"@id\":\"https:\\\/\\\/informelitoral.com.ar\\\/detengan-esta-tragedia-dijo-el-papa-sobre-la-guerra-que-empezo-israel\\\/#primaryimage\",\"url\":\"https:\\\/\\\/lh3.googleusercontent.com\\\/drive-storage\\\/AJQWtBPFE6LbDvnrnH58j3jrWwpt0bIMgjbG8vKH1jo8E3ATlVJ3CcuC91PA2BgEsnCya5_wQH2eLbo1F55DX_ByumpujsMRYD2ShnTlYoezLfdpv4s\",\"contentUrl\":\"https:\\\/\\\/lh3.googleusercontent.com\\\/drive-storage\\\/AJQWtBPFE6LbDvnrnH58j3jrWwpt0bIMgjbG8vKH1jo8E3ATlVJ3CcuC91PA2BgEsnCya5_wQH2eLbo1F55DX_ByumpujsMRYD2ShnTlYoezLfdpv4s\",\"width\":\"800\",\"height\":\"450\"},{\"@type\":\"BreadcrumbList\",\"@id\":\"https:\\\/\\\/informelitoral.com.ar\\\/detengan-esta-tragedia-dijo-el-papa-sobre-la-guerra-que-empezo-israel\\\/#breadcrumb\",\"itemListElement\":[{\"@type\":\"ListItem\",\"position\":1,\"name\":\"Portada\",\"item\":\"https:\\\/\\\/informelitoral.com.ar\\\/\"},{\"@type\":\"ListItem\",\"position\":2,\"name\":\"\u00abDetengan esta tragedia\u00bb, dijo el Papa sobre la guerra que empez\u00f3 Israel\"}]},{\"@type\":\"WebSite\",\"@id\":\"https:\\\/\\\/informelitoral.com.ar\\\/#website\",\"url\":\"https:\\\/\\\/informelitoral.com.ar\\\/\",\"name\":\"Informe Litoral\",\"description\":\"&quot;Nos informamos&quot; \",\"publisher\":{\"@id\":\"https:\\\/\\\/informelitoral.com.ar\\\/#organization\"},\"potentialAction\":[{\"@type\":\"SearchAction\",\"target\":{\"@type\":\"EntryPoint\",\"urlTemplate\":\"https:\\\/\\\/informelitoral.com.ar\\\/?s={search_term_string}\"},\"query-input\":{\"@type\":\"PropertyValueSpecification\",\"valueRequired\":true,\"valueName\":\"search_term_string\"}}],\"inLanguage\":\"es\"},{\"@type\":\"Organization\",\"@id\":\"https:\\\/\\\/informelitoral.com.ar\\\/#organization\",\"name\":\"Informe Litoral\",\"url\":\"https:\\\/\\\/informelitoral.com.ar\\\/\",\"logo\":{\"@type\":\"ImageObject\",\"inLanguage\":\"es\",\"@id\":\"https:\\\/\\\/informelitoral.com.ar\\\/#\\\/schema\\\/logo\\\/image\\\/\",\"url\":\"https:\\\/\\\/informelitoral.com.ar\\\/%77%70%2d%63%6f%6e%74%65%6e%74\\\/uploads\\\/2021\\\/01\\\/circulo.png\",\"contentUrl\":\"https:\\\/\\\/informelitoral.com.ar\\\/%77%70%2d%63%6f%6e%74%65%6e%74\\\/uploads\\\/2021\\\/01\\\/circulo.png\",\"width\":723,\"height\":731,\"caption\":\"Informe Litoral\"},\"image\":{\"@id\":\"https:\\\/\\\/informelitoral.com.ar\\\/#\\\/schema\\\/logo\\\/image\\\/\"},\"sameAs\":[\"https:\\\/\\\/www.facebook.com\\\/informelitoral\\\/\",\"https:\\\/\\\/x.com\\\/InformeLitoral\",\"https:\\\/\\\/www.instagram.com\\\/informelitoral\\\/\",\"https:\\\/\\\/www.youtube.com\\\/channel\\\/UCua4Qvz8Icb6MYqhoq9xLXw\"]},{\"@type\":\"Person\",\"@id\":\"https:\\\/\\\/informelitoral.com.ar\\\/#\\\/schema\\\/person\\\/b9d00407c836482871ef1d57bf8e3180\",\"name\":\"Gonzalo Schmidt\",\"image\":{\"@type\":\"ImageObject\",\"inLanguage\":\"es\",\"@id\":\"https:\\\/\\\/secure.gravatar.com\\\/avatar\\\/31a1a7b66ff2de83bd0e9fd79d026630d2d99e55e8bfe501287647b4fd9743de?s=96&d=mm&r=g\",\"url\":\"https:\\\/\\\/secure.gravatar.com\\\/avatar\\\/31a1a7b66ff2de83bd0e9fd79d026630d2d99e55e8bfe501287647b4fd9743de?s=96&d=mm&r=g\",\"contentUrl\":\"https:\\\/\\\/secure.gravatar.com\\\/avatar\\\/31a1a7b66ff2de83bd0e9fd79d026630d2d99e55e8bfe501287647b4fd9743de?s=96&d=mm&r=g\",\"caption\":\"Gonzalo Schmidt\"},\"description\":\"Sitio web de noticias de la provincia de Entre R\u00edos, Argentina. Informaci\u00f3n y entretenimiento. Informe Litoral, nos informamos.\",\"sameAs\":[\"http:\\\/\\\/www.isletasnoticias.com.ar\"],\"url\":\"https:\\\/\\\/informelitoral.com.ar\\\/author\\\/gonzalo\\\/\"}]}<\/script>","yoast_head_json":{"title":"\"Detengan esta tragedia\", dijo el Papa sobre la guerra que empez\u00f3 Israel - Informe Litoral","robots":{"index":"index","follow":"follow","max-snippet":"max-snippet:-1","max-image-preview":"max-image-preview:large","max-video-preview":"max-video-preview:-1"},"canonical":"https:\/\/informelitoral.com.ar\/detengan-esta-tragedia-dijo-el-papa-sobre-la-guerra-que-empezo-israel\/","og_locale":"es_ES","og_type":"article","og_title":"\"Detengan esta tragedia\", dijo el Papa sobre la guerra que empez\u00f3 Israel - Informe Litoral","og_description":"El Papa Le\u00f3n XIV hizo un llamado urgente por la paz. Ante la escalada entre Israel, Ir\u00e1n y EEUU, pidi\u00f3 \u201cdetener la tragedia de la guerra\u201d","og_url":"https:\/\/informelitoral.com.ar\/detengan-esta-tragedia-dijo-el-papa-sobre-la-guerra-que-empezo-israel\/","og_site_name":"Informe Litoral","article_publisher":"https:\/\/www.facebook.com\/informelitoral\/","article_published_time":"2025-06-22T13:38:24+00:00","og_image":[{"url":"https:\/\/lh3.googleusercontent.com\/drive-storage\/AJQWtBPFE6LbDvnrnH58j3jrWwpt0bIMgjbG8vKH1jo8E3ATlVJ3CcuC91PA2BgEsnCya5_wQH2eLbo1F55DX_ByumpujsMRYD2ShnTlYoezLfdpv4s","type":"","width":"","height":""},{"width":800,"height":450,"url":"https:\/\/lh3.googleusercontent.com\/drive-storage\/AJQWtBPFE6LbDvnrnH58j3jrWwpt0bIMgjbG8vKH1jo8E3ATlVJ3CcuC91PA2BgEsnCya5_wQH2eLbo1F55DX_ByumpujsMRYD2ShnTlYoezLfdpv4s","type":"image\/jpeg"}],"author":"Gonzalo Schmidt","twitter_card":"summary_large_image","twitter_image":"https:\/\/lh3.googleusercontent.com\/drive-storage\/AJQWtBPFE6LbDvnrnH58j3jrWwpt0bIMgjbG8vKH1jo8E3ATlVJ3CcuC91PA2BgEsnCya5_wQH2eLbo1F55DX_ByumpujsMRYD2ShnTlYoezLfdpv4s","twitter_creator":"@InformeLitoral","twitter_site":"@InformeLitoral","twitter_misc":{"Escrito por":"Gonzalo Schmidt","Tiempo de lectura":"3 minutos"},"schema":{"@context":"https:\/\/schema.org","@graph":[{"@type":"Article","@id":"https:\/\/informelitoral.com.ar\/detengan-esta-tragedia-dijo-el-papa-sobre-la-guerra-que-empezo-israel\/#article","isPartOf":{"@id":"https:\/\/informelitoral.com.ar\/detengan-esta-tragedia-dijo-el-papa-sobre-la-guerra-que-empezo-israel\/"},"author":{"name":"Gonzalo Schmidt","@id":"https:\/\/informelitoral.com.ar\/#\/schema\/person\/b9d00407c836482871ef1d57bf8e3180"},"headline":"\u00abDetengan esta tragedia\u00bb, dijo el Papa sobre la guerra que empez\u00f3 Israel","datePublished":"2025-06-22T13:38:24+00:00","mainEntityOfPage":{"@id":"https:\/\/informelitoral.com.ar\/detengan-esta-tragedia-dijo-el-papa-sobre-la-guerra-que-empezo-israel\/"},"wordCount":551,"commentCount":0,"publisher":{"@id":"https:\/\/informelitoral.com.ar\/#organization"},"image":{"@id":"https:\/\/informelitoral.com.ar\/detengan-esta-tragedia-dijo-el-papa-sobre-la-guerra-que-empezo-israel\/#primaryimage"},"thumbnailUrl":"https:\/\/lh3.googleusercontent.com\/drive-storage\/AJQWtBPFE6LbDvnrnH58j3jrWwpt0bIMgjbG8vKH1jo8E3ATlVJ3CcuC91PA2BgEsnCya5_wQH2eLbo1F55DX_ByumpujsMRYD2ShnTlYoezLfdpv4s","keywords":["Estados Unidos","Guerra","Iglesia Cat\u00f3lica","Iran","Israel","Papa","Papa Le\u00f3n XIV","Vaticano"],"articleSection":["Internacionales"],"inLanguage":"es","potentialAction":[{"@type":"CommentAction","name":"Comment","target":["https:\/\/informelitoral.com.ar\/detengan-esta-tragedia-dijo-el-papa-sobre-la-guerra-que-empezo-israel\/#respond"]}]},{"@type":"WebPage","@id":"https:\/\/informelitoral.com.ar\/detengan-esta-tragedia-dijo-el-papa-sobre-la-guerra-que-empezo-israel\/","url":"https:\/\/informelitoral.com.ar\/detengan-esta-tragedia-dijo-el-papa-sobre-la-guerra-que-empezo-israel\/","name":"\"Detengan esta tragedia\", dijo el Papa sobre la guerra que empez\u00f3 Israel - Informe Litoral","isPartOf":{"@id":"https:\/\/informelitoral.com.ar\/#website"},"primaryImageOfPage":{"@id":"https:\/\/informelitoral.com.ar\/detengan-esta-tragedia-dijo-el-papa-sobre-la-guerra-que-empezo-israel\/#primaryimage"},"image":{"@id":"https:\/\/informelitoral.com.ar\/detengan-esta-tragedia-dijo-el-papa-sobre-la-guerra-que-empezo-israel\/#primaryimage"},"thumbnailUrl":"https:\/\/lh3.googleusercontent.com\/drive-storage\/AJQWtBPFE6LbDvnrnH58j3jrWwpt0bIMgjbG8vKH1jo8E3ATlVJ3CcuC91PA2BgEsnCya5_wQH2eLbo1F55DX_ByumpujsMRYD2ShnTlYoezLfdpv4s","datePublished":"2025-06-22T13:38:24+00:00","breadcrumb":{"@id":"https:\/\/informelitoral.com.ar\/detengan-esta-tragedia-dijo-el-papa-sobre-la-guerra-que-empezo-israel\/#breadcrumb"},"inLanguage":"es","potentialAction":[{"@type":"ReadAction","target":["https:\/\/informelitoral.com.ar\/detengan-esta-tragedia-dijo-el-papa-sobre-la-guerra-que-empezo-israel\/"]}]},{"@type":"ImageObject","inLanguage":"es","@id":"https:\/\/informelitoral.com.ar\/detengan-esta-tragedia-dijo-el-papa-sobre-la-guerra-que-empezo-israel\/#primaryimage","url":"https:\/\/lh3.googleusercontent.com\/drive-storage\/AJQWtBPFE6LbDvnrnH58j3jrWwpt0bIMgjbG8vKH1jo8E3ATlVJ3CcuC91PA2BgEsnCya5_wQH2eLbo1F55DX_ByumpujsMRYD2ShnTlYoezLfdpv4s","contentUrl":"https:\/\/lh3.googleusercontent.com\/drive-storage\/AJQWtBPFE6LbDvnrnH58j3jrWwpt0bIMgjbG8vKH1jo8E3ATlVJ3CcuC91PA2BgEsnCya5_wQH2eLbo1F55DX_ByumpujsMRYD2ShnTlYoezLfdpv4s","width":"800","height":"450"},{"@type":"BreadcrumbList","@id":"https:\/\/informelitoral.com.ar\/detengan-esta-tragedia-dijo-el-papa-sobre-la-guerra-que-empezo-israel\/#breadcrumb","itemListElement":[{"@type":"ListItem","position":1,"name":"Portada","item":"https:\/\/informelitoral.com.ar\/"},{"@type":"ListItem","position":2,"name":"\u00abDetengan esta tragedia\u00bb, dijo el Papa sobre la guerra que empez\u00f3 Israel"}]},{"@type":"WebSite","@id":"https:\/\/informelitoral.com.ar\/#website","url":"https:\/\/informelitoral.com.ar\/","name":"Informe Litoral","description":"&quot;Nos informamos&quot; ","publisher":{"@id":"https:\/\/informelitoral.com.ar\/#organization"},"potentialAction":[{"@type":"SearchAction","target":{"@type":"EntryPoint","urlTemplate":"https:\/\/informelitoral.com.ar\/?s={search_term_string}"},"query-input":{"@type":"PropertyValueSpecification","valueRequired":true,"valueName":"search_term_string"}}],"inLanguage":"es"},{"@type":"Organization","@id":"https:\/\/informelitoral.com.ar\/#organization","name":"Informe Litoral","url":"https:\/\/informelitoral.com.ar\/","logo":{"@type":"ImageObject","inLanguage":"es","@id":"https:\/\/informelitoral.com.ar\/#\/schema\/logo\/image\/","url":"https:\/\/informelitoral.com.ar\/%77%70%2d%63%6f%6e%74%65%6e%74\/uploads\/2021\/01\/circulo.png","contentUrl":"https:\/\/informelitoral.com.ar\/%77%70%2d%63%6f%6e%74%65%6e%74\/uploads\/2021\/01\/circulo.png","width":723,"height":731,"caption":"Informe Litoral"},"image":{"@id":"https:\/\/informelitoral.com.ar\/#\/schema\/logo\/image\/"},"sameAs":["https:\/\/www.facebook.com\/informelitoral\/","https:\/\/x.com\/InformeLitoral","https:\/\/www.instagram.com\/informelitoral\/","https:\/\/www.youtube.com\/channel\/UCua4Qvz8Icb6MYqhoq9xLXw"]},{"@type":"Person","@id":"https:\/\/informelitoral.com.ar\/#\/schema\/person\/b9d00407c836482871ef1d57bf8e3180","name":"Gonzalo Schmidt","image":{"@type":"ImageObject","inLanguage":"es","@id":"https:\/\/secure.gravatar.com\/avatar\/31a1a7b66ff2de83bd0e9fd79d026630d2d99e55e8bfe501287647b4fd9743de?s=96&d=mm&r=g","url":"https:\/\/secure.gravatar.com\/avatar\/31a1a7b66ff2de83bd0e9fd79d026630d2d99e55e8bfe501287647b4fd9743de?s=96&d=mm&r=g","contentUrl":"https:\/\/secure.gravatar.com\/avatar\/31a1a7b66ff2de83bd0e9fd79d026630d2d99e55e8bfe501287647b4fd9743de?s=96&d=mm&r=g","caption":"Gonzalo Schmidt"},"description":"Sitio web de noticias de la provincia de Entre R\u00edos, Argentina. Informaci\u00f3n y entretenimiento. Informe Litoral, nos informamos.","sameAs":["http:\/\/www.isletasnoticias.com.ar"],"url":"https:\/\/informelitoral.com.ar\/author\/gonzalo\/"}]}},"fifu_image_url":"https:\/\/lh3.googleusercontent.com\/drive-storage\/AJQWtBPFE6LbDvnrnH58j3jrWwpt0bIMgjbG8vKH1jo8E3ATlVJ3CcuC91PA2BgEsnCya5_wQH2eLbo1F55DX_ByumpujsMRYD2ShnTlYoezLfdpv4s","_links":{"self":[{"href":"https:\/\/informelitoral.com.ar\/%77%70%2d%6a%73%6f%6e\/wp\/v2\/posts\/224822","targetHints":{"allow":["GET"]}}],"collection":[{"href":"https:\/\/informelitoral.com.ar\/%77%70%2d%6a%73%6f%6e\/wp\/v2\/posts"}],"about":[{"href":"https:\/\/informelitoral.com.ar\/%77%70%2d%6a%73%6f%6e\/wp\/v2\/types\/post"}],"author":[{"embeddable":true,"href":"https:\/\/informelitoral.com.ar\/%77%70%2d%6a%73%6f%6e\/wp\/v2\/users\/2"}],"replies":[{"embeddable":true,"href":"https:\/\/informelitoral.com.ar\/%77%70%2d%6a%73%6f%6e\/wp\/v2\/comments?post=224822"}],"version-history":[{"count":2,"href":"https:\/\/informelitoral.com.ar\/%77%70%2d%6a%73%6f%6e\/wp\/v2\/posts\/224822\/revisions"}],"predecessor-version":[{"id":224826,"href":"https:\/\/informelitoral.com.ar\/%77%70%2d%6a%73%6f%6e\/wp\/v2\/posts\/224822\/revisions\/224826"}],"wp:featuredmedia":[{"embeddable":true,"href":"https:\/\/informelitoral.com.ar\/%77%70%2d%6a%73%6f%6e\/wp\/v2\/media\/224824"}],"wp:attachment":[{"href":"https:\/\/informelitoral.com.ar\/%77%70%2d%6a%73%6f%6e\/wp\/v2\/media?parent=224822"}],"wp:term":[{"taxonomy":"category","embeddable":true,"href":"https:\/\/informelitoral.com.ar\/%77%70%2d%6a%73%6f%6e\/wp\/v2\/categories?post=224822"},{"taxonomy":"post_tag","embeddable":true,"href":"https:\/\/informelitoral.com.ar\/%77%70%2d%6a%73%6f%6e\/wp\/v2\/tags?post=224822"}],"curies":[{"name":"wp","href":"https:\/\/api.w.org\/{rel}","templated":true}]}}