{"id":224819,"date":"2025-06-22T10:05:37","date_gmt":"2025-06-22T13:05:37","guid":{"rendered":"https:\/\/informelitoral.com.ar\/?p=224819"},"modified":"2025-06-22T10:05:37","modified_gmt":"2025-06-22T13:05:37","slug":"trump-se-fue-a-la-guerra-estados-unidos-bombardeo-iran","status":"publish","type":"post","link":"https:\/\/informelitoral.com.ar\/trump-se-fue-a-la-guerra-estados-unidos-bombardeo-iran\/","title":{"rendered":"Trump se fue a la guerra: Estados Unidos bombarde\u00f3 Ir\u00e1n"},"content":{"rendered":"<p>El presidente<b>\u00a0Donald Trump<\/b>\u00a0afirm\u00f3 este s\u00e1bado que Estados Unidos hab\u00eda completado \u00abcon \u00e9xito\u00bb<b>\u00a0un ataque contra tres instalaciones nucleares iran\u00edes,<\/b>\u00a0<b>los primeros bombardeos estadounidenses que se producen en el marco del\u00a0conflicto actual entre Israel e Ir\u00e1n.\u00a0<\/b>\u00abHemos completado con gran \u00e9xito nuestro ataque contra las tres instalaciones nucleares de Ir\u00e1n, incluyendo\u00a0<b>Fordow, Natanz e Isfah\u00e1n<\/b>\u00ab, dijo el presidente en la red Truth Social.<\/p>\n<p>\u00abTodos los aviones se encuentran ahora fuera del espacio a\u00e9reo iran\u00ed. Se lanz\u00f3 una carga completa de bombas sobre la instalaci\u00f3n principal, Fordow. Todos los aviones regresan sanos y salvos a casa. Felicitaciones a nuestros grandes guerreros estadounidenses. Ning\u00fan otro ej\u00e9rcito en el mundo podr\u00eda haber hecho esto. \u00a1AHORA ES LA HORA DE LA PAZ! Gracias por su atenci\u00f3n a este asunto\u00bb, agreg\u00f3 el mandatario estadounidense.<\/p>\n<p>El secretario general de la ONU, <b>Ant\u00f3nio Guterres<\/b>, dijo sentirse \u00abgravemente alarmado por el uso de la fuerza de Estados Unidos contra Ir\u00e1n hoy\u00bb, y advirti\u00f3 de que \u00abno hay soluci\u00f3n militar\u00bb que sustituya a la diplomacia. \u00abEsta peligrosa escalada en una regi\u00f3n que ya est\u00e1 en el filo es una amenaza directa a la paz internacional y la seguridad\u00bb, dijo Guterres en un comunicado.<\/p>\n<h2><strong>Mensaje<\/strong><\/h2>\n<p>En un mensaje al pa\u00eds desde la Casa Blanca, flanqueado por su vicepresidente\u00a0<b>JD Vance<\/b>\u00a0y su secretario de Estado<b>\u00a0Marco Rubio<\/b>, el presidente estadounidense llam\u00f3 el bombardeo \u00abla operaci\u00f3n militar m\u00e1s compleja de la \u00faltimas d\u00e9cadas\u00bb, felicit\u00f3 a los pilotos que lo llevaron a cabo, agradeci\u00f3 la colaboraci\u00f3n de Israel y su Primer Ministro\u00a0<b>Benjamin Netanyahu<\/b>, y llam\u00f3 a Ir\u00e1n a negociar un alto el fuego.<\/p>\n<p>\u00abHabr\u00e1 paz o una tragedia para Ir\u00e1n mucho mayor que la que hemos presenciado en los \u00faltimos ocho d\u00edas. Recuerden, a\u00fan quedan muchos objetivos por alcanzar\u00bb, dijo Trump.<\/p>\n<p>Netanyahu felicit\u00f3 a Trump en un video que subi\u00f3 a las redes sociales. \u201cEn la acci\u00f3n de esta noche contra las instalaciones nucleares de Ir\u00e1n, Estados Unidos ha sido verdaderamente insuperable. Ha hecho lo que ning\u00fan otro pa\u00eds del mundo podr\u00eda hacer\u201d, se\u00f1al\u00f3.<\/p>\n<p>\u201cLa historia registrar\u00e1 que el presidente Trump actu\u00f3 para negarle al r\u00e9gimen m\u00e1s peligroso del mundo las armas m\u00e1s peligrosas del mundo. Su liderazgo actual ha marcado un hito hist\u00f3rico que puede ayudar a guiar a Oriente Medio y m\u00e1s all\u00e1 hacia un futuro de prosperidad y paz\u201d, agreg\u00f3.<\/p>\n<p>A su vez Ir\u00e1n reconoci\u00f3 los ataques en un despacho noticioso de su agencia oficial, IRNA \u201cHace unas horas, cuando se activaron las defensas a\u00e9reas de Qom y se identificaron objetivos hostiles, parte del sitio nuclear de Fordo fue atacado por enemigos\u201d, se\u00f1al\u00f3 un comunicado citado por\u00a0<i>IRNA<\/i>. La agencia cit\u00f3 a Akbar Salehi, vicegobernador de Isfah\u00e1n, quien confirm\u00f3 que los ataques tambi\u00e9n tuvieron como objetivo las instalaciones nucleares de Isfah\u00e1n y Natanz.<\/p>\n<h2><strong>\u00abNo es constitucional\u00bb<\/strong><\/h2>\n<p>Congresistas republicanos y dem\u00f3cratas condenaron el ataque estadounidense, denunciando que la decisi\u00f3n era inconstitucional y deb\u00eda haber pasado por el Congreso.<\/p>\n<p><b>\u00abEsto no es constitucional\u00bb,<\/b>\u00a0escribi\u00f3 en redes sociales el congresista por el Partido Republicano\u00a0<b>Thomas Massie<\/b>, citando el mensaje en el que el presidente anunci\u00f3 el ataque. El dem\u00f3crata<b>\u00a0Jim Himes<\/b>\u00a0record\u00f3 que los congresistas como \u00e9l deben tener voz en este tipo de asuntos \u00abantes de que caigan las bombas\u00bb.<\/p>\n<p>Las primeras reacciones internacionales al anuncio de Trump llegaron de latinoam\u00e9rica, una regi\u00f3n acostumbrada a sufrir las intervenciones de Estados Unidos. Cuba, Colombia y Venezuela se pronunciaron con condenas al ataque estadounidense.<\/p>\n<p>El Gobierno cubano denunci\u00f3 \u201cen\u00e9rgicamente\u201d los bombardeos. \u00abLa agresi\u00f3n viola gravemente la Carta de la ONU y el Derecho Internacional y arrastra a la humanidad a una crisis de irreversibles consecuencias\u201d, indic\u00f3 el presidente cubano\u00a0<b>Miguel D\u00edaz-Canel.<\/b><\/p>\n<p>El presidente de Colombia,\u00a0<b>Gustavo Petro<\/b>, acus\u00f3 a Trump de \u00abincendiar\u00bb Oriente Medio. \u00abTrump dice que acaba de atacar tres plantas nucleares de Ir\u00e1n. En Ir\u00e1n no hay desarrollo de armas nucleares, pensaba un desarrollo pac\u00edfico, pero ese hecho incendia el Medio Oriente\u00bb, manifest\u00f3 Petro durante un acto en Medell\u00edn.<\/p>\n<p>El gobierno venezolano emiti\u00f3 un comunicado a trav\u00e9s de las redes sociales. \u00abEste ataque constituye un acto de agresi\u00f3n ilegal, injustificable y extremadamente peligroso, que viola flagrantemente la Carta de las Naciones Unidas, el derecho internacional y los principios elementales de respeto a la soberan\u00eda de los Estados\u00bb dice el mensaje.<\/p>\n<h2><strong>Bombas antib\u00fanker<\/strong><\/h2>\n<p>Estados Unidos emple\u00f3 \u00abentre cinco y seis bombas antib\u00fanker\u00bb, lanzadas desde bombarderos B-2, adem\u00e1s de una treintena de misiles Tomahawk lanzados desde submarinos y destructores en el ataque contra tres instalaciones nucleares en Ir\u00e1n,\u00a0 inform\u00f3 el presentador de Fox News\u00a0<b>Sean Hannity<\/b>, despu\u00e9s de haber hablado con\u00a0 Trump.<\/p>\n<p>\u00abInicialmente se especul\u00f3 que solo se necesitar\u00edan dos (bombas antib\u00fanker). Resulta que usaron de cinco a seis, lanzadas desde los bombarderos furtivos B2 estadounidenses\u00bb, dijo Hannity tras su conversaci\u00f3n con el mandatario.<\/p>\n<p>Adem\u00e1s, afirm\u00f3 que las instalaciones nucleares de Natanz y Estefan \u00abfueron destruidas con 30 misiles Tomahawk lanzados por submarinos estadounidenses a unos 640 kil\u00f3metros de distancia\u00bb, as\u00ed como desde nav\u00edos de la Armada.<\/p>\n<p>Aparte de estas dos infraestructuras, Estados Unidos tambi\u00e9n bombarde\u00f3 la instalaci\u00f3n de Fordow, de gran valor dentro del programa nuclear iran\u00ed que Washington pretende destruir.<\/p>\n<p>Seg\u00fan fuentes consultadas por Fox News, Fordow, la principal fortificaci\u00f3n iran\u00ed en el programa de enriquecimiento de uranio, fue completamente destruida en los ataques, algo que Trump secund\u00f3 al republicar a una fuente de internet que aseguraba, sin fuentes, que\u00a0<b>\u00abFordow ha desaparecido\u00bb<\/b>.<\/p>\n<p>El hecho de que EE.UU. usara seis bombas antib\u00fanker de gran tonelaje implicar\u00eda que sobrevol\u00f3 Ir\u00e1n con tres bombarderos de \u00faltima generaci\u00f3n B-2, que seg\u00fan el mismo Trump al momento de su anuncio ya estaban fuera del espacio a\u00e9reo iran\u00ed.<\/p>\n<h2><strong>Atacar o no atacar<\/strong><\/h2>\n<p>La Casa Blanca llevaba varios d\u00edas sopesando un ataque a Ir\u00e1n, en el marco del conflicto actual entre Israel y el pa\u00eds persa.<\/p>\n<p>Durante este s\u00e1bado, en un ejercicio de despiste, permiti\u00f3 que los observadores detectaran varios B-2 camino del Pac\u00edfico, lo que supon\u00eda una ventana para el ataque mucho m\u00e1s tard\u00eda que la que finalmente fue. Seg\u00fan Fox, en realidad, de manera subrepticia los bombarderos volaron hacia el este, hacia el Atl\u00e1ntico desde una base a\u00e9rea de Whiteman, en Misuri, de manera m\u00e1s directa y r\u00e1pida hacia Ir\u00e1n<\/p>\n<p>El presidente republicano se hab\u00eda reunido este s\u00e1bado en la Casa Blanca con su equipo de seguridad nacional, en medio de la inc\u00f3gnita de si Estados Unidos se sumar\u00eda a los ataques israel\u00edes contra Ir\u00e1n.<\/p>\n<p>La Casa Blanca inform\u00f3 que<b>\u00a0el presidente decidir\u00eda en las pr\u00f3ximas dos semanas sobre la posibilidad de lanzar una ofensiva<\/b>\u00a0cuyo objetivo oficial ser\u00eda impedir que Ir\u00e1n lograra desarrollar un arma nuclear.<\/p>\n<p>Estados Unidos hab\u00eda desplegado parte de su colosal arsenal en las \u00faltimas semanas en Oriente Medio. A los\u00a0bombarderos B-2\u00a0se sum\u00f3 el\u00a0 despliegue en la regi\u00f3n del portaviones USS Nimitz y los cazas F-16, F-22 y F-35 de la Fuerza A\u00e9rea.<\/p>\n<p>Ir\u00e1n, que ha negado reiteradamente estar desarrollando armamento nuclear, intercambia ataques a\u00e9reos con Israel desde el pasado 13 de junio, cuando el Ej\u00e9rcito israel\u00ed bombarde\u00f3 instalaciones nucleares y militares en territorio iran\u00ed.<\/p>\n<p>El primer ministro israel\u00ed, Benjam\u00edn Netanyahu,\u00a0<b>orden\u00f3 la ofensiva mientras Ir\u00e1n negociaba con Estados Unidos\u00a0<\/b>un acuerdo sobre su programa nuclear. <em>(P\u00e1gina 12)<\/em><\/p>\n<h6><em><strong>Del archivo:\u00a0<a href=\"https:\/\/informelitoral.com.ar\/guerra-en-medio-oriente-analista-explica-porque-es-peligrosa-la-posicion-de-milei\/\" target=\"_blank\" rel=\"noopener\">Guerra en Medio Oriente: analista explica porqu\u00e9 es peligrosa la posici\u00f3n de Milei<\/a><\/strong><\/em><\/h6>\n","protected":false},"excerpt":{"rendered":"<p>Legisladores le criticaron el haber entrado en guerra sin permiso del Congreso mientras que Cuba, Colombia y Venezuela denunciaron violaciones al derecho internacional.<\/p>\n","protected":false},"author":2,"featured_media":224820,"comment_status":"open","ping_status":"open","sticky":false,"template":"","format":"standard","meta":{"fifu_image_url":"https:\/\/images.pagina12.com.ar\/styles\/focal_3_2_700x467\/public\/2025-06\/948546-cabezal-0.jpg?h=2eda0bdf&itok=vu87J5GC","fifu_image_alt":"","footnotes":""},"categories":[8],"tags":[86,4532,4823,505,5801],"class_list":{"0":"post-224819","1":"post","2":"type-post","3":"status-publish","4":"format-standard","5":"has-post-thumbnail","7":"category-internacionales","8":"tag-estados-unidos","9":"tag-guerra","10":"tag-iran","11":"tag-israel","12":"tag-medio-oriente"},"yoast_head":"<title>Trump se fue a la guerra: Estados Unidos bombarde\u00f3 Ir\u00e1n - Informe Litoral<\/title>\n<meta name=\"robots\" content=\"index, follow, max-snippet:-1, max-image-preview:large, max-video-preview:-1\" \/>\n<link rel=\"canonical\" href=\"https:\/\/informelitoral.com.ar\/trump-se-fue-a-la-guerra-estados-unidos-bombardeo-iran\/\" \/>\n<meta property=\"og:locale\" content=\"es_ES\" \/>\n<meta property=\"og:type\" content=\"article\" \/>\n<meta property=\"og:title\" content=\"Trump se fue a la guerra: Estados Unidos bombarde\u00f3 Ir\u00e1n - Informe Litoral\" \/>\n<meta property=\"og:description\" content=\"Legisladores le criticaron el haber entrado en guerra sin permiso del Congreso mientras que Cuba, Colombia y Venezuela denunciaron violaciones al derecho internacional.\" \/>\n<meta property=\"og:url\" content=\"https:\/\/informelitoral.com.ar\/trump-se-fue-a-la-guerra-estados-unidos-bombardeo-iran\/\" \/>\n<meta property=\"og:site_name\" content=\"Informe Litoral\" \/>\n<meta property=\"article:publisher\" content=\"https:\/\/www.facebook.com\/informelitoral\/\" \/>\n<meta property=\"article:published_time\" content=\"2025-06-22T13:05:37+00:00\" \/>\n<meta property=\"og:image\" content=\"https:\/\/images.pagina12.com.ar\/styles\/focal_3_2_700x467\/public\/2025-06\/948546-cabezal-0.jpg?h=2eda0bdf&itok=vu87J5GC\" \/><meta property=\"og:image\" content=\"https:\/\/images.pagina12.com.ar\/styles\/focal_3_2_700x467\/public\/2025-06\/948546-cabezal-0.jpg?h=2eda0bdf&itok=vu87J5GC\" \/>\n\t<meta property=\"og:image:width\" content=\"700\" \/>\n\t<meta property=\"og:image:height\" content=\"467\" \/>\n\t<meta property=\"og:image:type\" content=\"image\/jpeg\" \/>\n<meta name=\"author\" content=\"Gonzalo Schmidt\" \/>\n<meta name=\"twitter:card\" content=\"summary_large_image\" \/>\n<meta name=\"twitter:image\" content=\"https:\/\/images.pagina12.com.ar\/styles\/focal_3_2_700x467\/public\/2025-06\/948546-cabezal-0.jpg?h=2eda0bdf&itok=vu87J5GC\" \/>\n<meta name=\"twitter:creator\" content=\"@InformeLitoral\" \/>\n<meta name=\"twitter:site\" content=\"@InformeLitoral\" \/>\n<meta name=\"twitter:label1\" content=\"Escrito por\" \/>\n\t<meta name=\"twitter:data1\" content=\"Gonzalo Schmidt\" \/>\n\t<meta name=\"twitter:label2\" content=\"Tiempo de lectura\" \/>\n\t<meta name=\"twitter:data2\" content=\"6 minutos\" \/>\n<script type=\"application\/ld+json\" class=\"yoast-schema-graph\">{\"@context\":\"https:\\\/\\\/schema.org\",\"@graph\":[{\"@type\":\"Article\",\"@id\":\"https:\\\/\\\/informelitoral.com.ar\\\/trump-se-fue-a-la-guerra-estados-unidos-bombardeo-iran\\\/#article\",\"isPartOf\":{\"@id\":\"https:\\\/\\\/informelitoral.com.ar\\\/trump-se-fue-a-la-guerra-estados-unidos-bombardeo-iran\\\/\"},\"author\":{\"name\":\"Gonzalo Schmidt\",\"@id\":\"https:\\\/\\\/informelitoral.com.ar\\\/#\\\/schema\\\/person\\\/b9d00407c836482871ef1d57bf8e3180\"},\"headline\":\"Trump se fue a la guerra: Estados Unidos bombarde\u00f3 Ir\u00e1n\",\"datePublished\":\"2025-06-22T13:05:37+00:00\",\"mainEntityOfPage\":{\"@id\":\"https:\\\/\\\/informelitoral.com.ar\\\/trump-se-fue-a-la-guerra-estados-unidos-bombardeo-iran\\\/\"},\"wordCount\":1318,\"commentCount\":0,\"publisher\":{\"@id\":\"https:\\\/\\\/informelitoral.com.ar\\\/#organization\"},\"image\":{\"@id\":\"https:\\\/\\\/informelitoral.com.ar\\\/trump-se-fue-a-la-guerra-estados-unidos-bombardeo-iran\\\/#primaryimage\"},\"thumbnailUrl\":\"https:\\\/\\\/images.pagina12.com.ar\\\/styles\\\/focal_3_2_700x467\\\/public\\\/2025-06\\\/948546-cabezal-0.jpg?h=2eda0bdf&itok=vu87J5GC\",\"keywords\":[\"Estados Unidos\",\"Guerra\",\"Iran\",\"Israel\",\"Medio Oriente\"],\"articleSection\":[\"Internacionales\"],\"inLanguage\":\"es\",\"potentialAction\":[{\"@type\":\"CommentAction\",\"name\":\"Comment\",\"target\":[\"https:\\\/\\\/informelitoral.com.ar\\\/trump-se-fue-a-la-guerra-estados-unidos-bombardeo-iran\\\/#respond\"]}]},{\"@type\":\"WebPage\",\"@id\":\"https:\\\/\\\/informelitoral.com.ar\\\/trump-se-fue-a-la-guerra-estados-unidos-bombardeo-iran\\\/\",\"url\":\"https:\\\/\\\/informelitoral.com.ar\\\/trump-se-fue-a-la-guerra-estados-unidos-bombardeo-iran\\\/\",\"name\":\"Trump se fue a la guerra: Estados Unidos bombarde\u00f3 Ir\u00e1n - Informe Litoral\",\"isPartOf\":{\"@id\":\"https:\\\/\\\/informelitoral.com.ar\\\/#website\"},\"primaryImageOfPage\":{\"@id\":\"https:\\\/\\\/informelitoral.com.ar\\\/trump-se-fue-a-la-guerra-estados-unidos-bombardeo-iran\\\/#primaryimage\"},\"image\":{\"@id\":\"https:\\\/\\\/informelitoral.com.ar\\\/trump-se-fue-a-la-guerra-estados-unidos-bombardeo-iran\\\/#primaryimage\"},\"thumbnailUrl\":\"https:\\\/\\\/images.pagina12.com.ar\\\/styles\\\/focal_3_2_700x467\\\/public\\\/2025-06\\\/948546-cabezal-0.jpg?h=2eda0bdf&itok=vu87J5GC\",\"datePublished\":\"2025-06-22T13:05:37+00:00\",\"breadcrumb\":{\"@id\":\"https:\\\/\\\/informelitoral.com.ar\\\/trump-se-fue-a-la-guerra-estados-unidos-bombardeo-iran\\\/#breadcrumb\"},\"inLanguage\":\"es\",\"potentialAction\":[{\"@type\":\"ReadAction\",\"target\":[\"https:\\\/\\\/informelitoral.com.ar\\\/trump-se-fue-a-la-guerra-estados-unidos-bombardeo-iran\\\/\"]}]},{\"@type\":\"ImageObject\",\"inLanguage\":\"es\",\"@id\":\"https:\\\/\\\/informelitoral.com.ar\\\/trump-se-fue-a-la-guerra-estados-unidos-bombardeo-iran\\\/#primaryimage\",\"url\":\"https:\\\/\\\/images.pagina12.com.ar\\\/styles\\\/focal_3_2_700x467\\\/public\\\/2025-06\\\/948546-cabezal-0.jpg?h=2eda0bdf&itok=vu87J5GC\",\"contentUrl\":\"https:\\\/\\\/images.pagina12.com.ar\\\/styles\\\/focal_3_2_700x467\\\/public\\\/2025-06\\\/948546-cabezal-0.jpg?h=2eda0bdf&itok=vu87J5GC\",\"width\":\"700\",\"height\":\"467\"},{\"@type\":\"BreadcrumbList\",\"@id\":\"https:\\\/\\\/informelitoral.com.ar\\\/trump-se-fue-a-la-guerra-estados-unidos-bombardeo-iran\\\/#breadcrumb\",\"itemListElement\":[{\"@type\":\"ListItem\",\"position\":1,\"name\":\"Portada\",\"item\":\"https:\\\/\\\/informelitoral.com.ar\\\/\"},{\"@type\":\"ListItem\",\"position\":2,\"name\":\"Trump se fue a la guerra: Estados Unidos bombarde\u00f3 Ir\u00e1n\"}]},{\"@type\":\"WebSite\",\"@id\":\"https:\\\/\\\/informelitoral.com.ar\\\/#website\",\"url\":\"https:\\\/\\\/informelitoral.com.ar\\\/\",\"name\":\"Informe Litoral\",\"description\":\"&quot;Nos informamos&quot; \",\"publisher\":{\"@id\":\"https:\\\/\\\/informelitoral.com.ar\\\/#organization\"},\"potentialAction\":[{\"@type\":\"SearchAction\",\"target\":{\"@type\":\"EntryPoint\",\"urlTemplate\":\"https:\\\/\\\/informelitoral.com.ar\\\/?s={search_term_string}\"},\"query-input\":{\"@type\":\"PropertyValueSpecification\",\"valueRequired\":true,\"valueName\":\"search_term_string\"}}],\"inLanguage\":\"es\"},{\"@type\":\"Organization\",\"@id\":\"https:\\\/\\\/informelitoral.com.ar\\\/#organization\",\"name\":\"Informe Litoral\",\"url\":\"https:\\\/\\\/informelitoral.com.ar\\\/\",\"logo\":{\"@type\":\"ImageObject\",\"inLanguage\":\"es\",\"@id\":\"https:\\\/\\\/informelitoral.com.ar\\\/#\\\/schema\\\/logo\\\/image\\\/\",\"url\":\"https:\\\/\\\/informelitoral.com.ar\\\/%77%70%2d%63%6f%6e%74%65%6e%74\\\/uploads\\\/2021\\\/01\\\/circulo.png\",\"contentUrl\":\"https:\\\/\\\/informelitoral.com.ar\\\/%77%70%2d%63%6f%6e%74%65%6e%74\\\/uploads\\\/2021\\\/01\\\/circulo.png\",\"width\":723,\"height\":731,\"caption\":\"Informe Litoral\"},\"image\":{\"@id\":\"https:\\\/\\\/informelitoral.com.ar\\\/#\\\/schema\\\/logo\\\/image\\\/\"},\"sameAs\":[\"https:\\\/\\\/www.facebook.com\\\/informelitoral\\\/\",\"https:\\\/\\\/x.com\\\/InformeLitoral\",\"https:\\\/\\\/www.instagram.com\\\/informelitoral\\\/\",\"https:\\\/\\\/www.youtube.com\\\/channel\\\/UCua4Qvz8Icb6MYqhoq9xLXw\"]},{\"@type\":\"Person\",\"@id\":\"https:\\\/\\\/informelitoral.com.ar\\\/#\\\/schema\\\/person\\\/b9d00407c836482871ef1d57bf8e3180\",\"name\":\"Gonzalo Schmidt\",\"image\":{\"@type\":\"ImageObject\",\"inLanguage\":\"es\",\"@id\":\"https:\\\/\\\/secure.gravatar.com\\\/avatar\\\/31a1a7b66ff2de83bd0e9fd79d026630d2d99e55e8bfe501287647b4fd9743de?s=96&d=mm&r=g\",\"url\":\"https:\\\/\\\/secure.gravatar.com\\\/avatar\\\/31a1a7b66ff2de83bd0e9fd79d026630d2d99e55e8bfe501287647b4fd9743de?s=96&d=mm&r=g\",\"contentUrl\":\"https:\\\/\\\/secure.gravatar.com\\\/avatar\\\/31a1a7b66ff2de83bd0e9fd79d026630d2d99e55e8bfe501287647b4fd9743de?s=96&d=mm&r=g\",\"caption\":\"Gonzalo Schmidt\"},\"description\":\"Sitio web de noticias de la provincia de Entre R\u00edos, Argentina. Informaci\u00f3n y entretenimiento. Informe Litoral, nos informamos.\",\"sameAs\":[\"http:\\\/\\\/www.isletasnoticias.com.ar\"],\"url\":\"https:\\\/\\\/informelitoral.com.ar\\\/author\\\/gonzalo\\\/\"}]}<\/script>","yoast_head_json":{"title":"Trump se fue a la guerra: Estados Unidos bombarde\u00f3 Ir\u00e1n - Informe Litoral","robots":{"index":"index","follow":"follow","max-snippet":"max-snippet:-1","max-image-preview":"max-image-preview:large","max-video-preview":"max-video-preview:-1"},"canonical":"https:\/\/informelitoral.com.ar\/trump-se-fue-a-la-guerra-estados-unidos-bombardeo-iran\/","og_locale":"es_ES","og_type":"article","og_title":"Trump se fue a la guerra: Estados Unidos bombarde\u00f3 Ir\u00e1n - Informe Litoral","og_description":"Legisladores le criticaron el haber entrado en guerra sin permiso del Congreso mientras que Cuba, Colombia y Venezuela denunciaron violaciones al derecho internacional.","og_url":"https:\/\/informelitoral.com.ar\/trump-se-fue-a-la-guerra-estados-unidos-bombardeo-iran\/","og_site_name":"Informe Litoral","article_publisher":"https:\/\/www.facebook.com\/informelitoral\/","article_published_time":"2025-06-22T13:05:37+00:00","og_image":[{"url":"https:\/\/images.pagina12.com.ar\/styles\/focal_3_2_700x467\/public\/2025-06\/948546-cabezal-0.jpg?h=2eda0bdf&itok=vu87J5GC","type":"","width":"","height":""},{"width":700,"height":467,"url":"https:\/\/images.pagina12.com.ar\/styles\/focal_3_2_700x467\/public\/2025-06\/948546-cabezal-0.jpg?h=2eda0bdf&itok=vu87J5GC","type":"image\/jpeg"}],"author":"Gonzalo Schmidt","twitter_card":"summary_large_image","twitter_image":"https:\/\/images.pagina12.com.ar\/styles\/focal_3_2_700x467\/public\/2025-06\/948546-cabezal-0.jpg?h=2eda0bdf&itok=vu87J5GC","twitter_creator":"@InformeLitoral","twitter_site":"@InformeLitoral","twitter_misc":{"Escrito por":"Gonzalo Schmidt","Tiempo de lectura":"6 minutos"},"schema":{"@context":"https:\/\/schema.org","@graph":[{"@type":"Article","@id":"https:\/\/informelitoral.com.ar\/trump-se-fue-a-la-guerra-estados-unidos-bombardeo-iran\/#article","isPartOf":{"@id":"https:\/\/informelitoral.com.ar\/trump-se-fue-a-la-guerra-estados-unidos-bombardeo-iran\/"},"author":{"name":"Gonzalo Schmidt","@id":"https:\/\/informelitoral.com.ar\/#\/schema\/person\/b9d00407c836482871ef1d57bf8e3180"},"headline":"Trump se fue a la guerra: Estados Unidos bombarde\u00f3 Ir\u00e1n","datePublished":"2025-06-22T13:05:37+00:00","mainEntityOfPage":{"@id":"https:\/\/informelitoral.com.ar\/trump-se-fue-a-la-guerra-estados-unidos-bombardeo-iran\/"},"wordCount":1318,"commentCount":0,"publisher":{"@id":"https:\/\/informelitoral.com.ar\/#organization"},"image":{"@id":"https:\/\/informelitoral.com.ar\/trump-se-fue-a-la-guerra-estados-unidos-bombardeo-iran\/#primaryimage"},"thumbnailUrl":"https:\/\/images.pagina12.com.ar\/styles\/focal_3_2_700x467\/public\/2025-06\/948546-cabezal-0.jpg?h=2eda0bdf&itok=vu87J5GC","keywords":["Estados Unidos","Guerra","Iran","Israel","Medio Oriente"],"articleSection":["Internacionales"],"inLanguage":"es","potentialAction":[{"@type":"CommentAction","name":"Comment","target":["https:\/\/informelitoral.com.ar\/trump-se-fue-a-la-guerra-estados-unidos-bombardeo-iran\/#respond"]}]},{"@type":"WebPage","@id":"https:\/\/informelitoral.com.ar\/trump-se-fue-a-la-guerra-estados-unidos-bombardeo-iran\/","url":"https:\/\/informelitoral.com.ar\/trump-se-fue-a-la-guerra-estados-unidos-bombardeo-iran\/","name":"Trump se fue a la guerra: Estados Unidos bombarde\u00f3 Ir\u00e1n - Informe Litoral","isPartOf":{"@id":"https:\/\/informelitoral.com.ar\/#website"},"primaryImageOfPage":{"@id":"https:\/\/informelitoral.com.ar\/trump-se-fue-a-la-guerra-estados-unidos-bombardeo-iran\/#primaryimage"},"image":{"@id":"https:\/\/informelitoral.com.ar\/trump-se-fue-a-la-guerra-estados-unidos-bombardeo-iran\/#primaryimage"},"thumbnailUrl":"https:\/\/images.pagina12.com.ar\/styles\/focal_3_2_700x467\/public\/2025-06\/948546-cabezal-0.jpg?h=2eda0bdf&itok=vu87J5GC","datePublished":"2025-06-22T13:05:37+00:00","breadcrumb":{"@id":"https:\/\/informelitoral.com.ar\/trump-se-fue-a-la-guerra-estados-unidos-bombardeo-iran\/#breadcrumb"},"inLanguage":"es","potentialAction":[{"@type":"ReadAction","target":["https:\/\/informelitoral.com.ar\/trump-se-fue-a-la-guerra-estados-unidos-bombardeo-iran\/"]}]},{"@type":"ImageObject","inLanguage":"es","@id":"https:\/\/informelitoral.com.ar\/trump-se-fue-a-la-guerra-estados-unidos-bombardeo-iran\/#primaryimage","url":"https:\/\/images.pagina12.com.ar\/styles\/focal_3_2_700x467\/public\/2025-06\/948546-cabezal-0.jpg?h=2eda0bdf&itok=vu87J5GC","contentUrl":"https:\/\/images.pagina12.com.ar\/styles\/focal_3_2_700x467\/public\/2025-06\/948546-cabezal-0.jpg?h=2eda0bdf&itok=vu87J5GC","width":"700","height":"467"},{"@type":"BreadcrumbList","@id":"https:\/\/informelitoral.com.ar\/trump-se-fue-a-la-guerra-estados-unidos-bombardeo-iran\/#breadcrumb","itemListElement":[{"@type":"ListItem","position":1,"name":"Portada","item":"https:\/\/informelitoral.com.ar\/"},{"@type":"ListItem","position":2,"name":"Trump se fue a la guerra: Estados Unidos bombarde\u00f3 Ir\u00e1n"}]},{"@type":"WebSite","@id":"https:\/\/informelitoral.com.ar\/#website","url":"https:\/\/informelitoral.com.ar\/","name":"Informe Litoral","description":"&quot;Nos informamos&quot; ","publisher":{"@id":"https:\/\/informelitoral.com.ar\/#organization"},"potentialAction":[{"@type":"SearchAction","target":{"@type":"EntryPoint","urlTemplate":"https:\/\/informelitoral.com.ar\/?s={search_term_string}"},"query-input":{"@type":"PropertyValueSpecification","valueRequired":true,"valueName":"search_term_string"}}],"inLanguage":"es"},{"@type":"Organization","@id":"https:\/\/informelitoral.com.ar\/#organization","name":"Informe Litoral","url":"https:\/\/informelitoral.com.ar\/","logo":{"@type":"ImageObject","inLanguage":"es","@id":"https:\/\/informelitoral.com.ar\/#\/schema\/logo\/image\/","url":"https:\/\/informelitoral.com.ar\/%77%70%2d%63%6f%6e%74%65%6e%74\/uploads\/2021\/01\/circulo.png","contentUrl":"https:\/\/informelitoral.com.ar\/%77%70%2d%63%6f%6e%74%65%6e%74\/uploads\/2021\/01\/circulo.png","width":723,"height":731,"caption":"Informe Litoral"},"image":{"@id":"https:\/\/informelitoral.com.ar\/#\/schema\/logo\/image\/"},"sameAs":["https:\/\/www.facebook.com\/informelitoral\/","https:\/\/x.com\/InformeLitoral","https:\/\/www.instagram.com\/informelitoral\/","https:\/\/www.youtube.com\/channel\/UCua4Qvz8Icb6MYqhoq9xLXw"]},{"@type":"Person","@id":"https:\/\/informelitoral.com.ar\/#\/schema\/person\/b9d00407c836482871ef1d57bf8e3180","name":"Gonzalo Schmidt","image":{"@type":"ImageObject","inLanguage":"es","@id":"https:\/\/secure.gravatar.com\/avatar\/31a1a7b66ff2de83bd0e9fd79d026630d2d99e55e8bfe501287647b4fd9743de?s=96&d=mm&r=g","url":"https:\/\/secure.gravatar.com\/avatar\/31a1a7b66ff2de83bd0e9fd79d026630d2d99e55e8bfe501287647b4fd9743de?s=96&d=mm&r=g","contentUrl":"https:\/\/secure.gravatar.com\/avatar\/31a1a7b66ff2de83bd0e9fd79d026630d2d99e55e8bfe501287647b4fd9743de?s=96&d=mm&r=g","caption":"Gonzalo Schmidt"},"description":"Sitio web de noticias de la provincia de Entre R\u00edos, Argentina. Informaci\u00f3n y entretenimiento. Informe Litoral, nos informamos.","sameAs":["http:\/\/www.isletasnoticias.com.ar"],"url":"https:\/\/informelitoral.com.ar\/author\/gonzalo\/"}]}},"fifu_image_url":"https:\/\/images.pagina12.com.ar\/styles\/focal_3_2_700x467\/public\/2025-06\/948546-cabezal-0.jpg?h=2eda0bdf&itok=vu87J5GC","_links":{"self":[{"href":"https:\/\/informelitoral.com.ar\/%77%70%2d%6a%73%6f%6e\/wp\/v2\/posts\/224819","targetHints":{"allow":["GET"]}}],"collection":[{"href":"https:\/\/informelitoral.com.ar\/%77%70%2d%6a%73%6f%6e\/wp\/v2\/posts"}],"about":[{"href":"https:\/\/informelitoral.com.ar\/%77%70%2d%6a%73%6f%6e\/wp\/v2\/types\/post"}],"author":[{"embeddable":true,"href":"https:\/\/informelitoral.com.ar\/%77%70%2d%6a%73%6f%6e\/wp\/v2\/users\/2"}],"replies":[{"embeddable":true,"href":"https:\/\/informelitoral.com.ar\/%77%70%2d%6a%73%6f%6e\/wp\/v2\/comments?post=224819"}],"version-history":[{"count":1,"href":"https:\/\/informelitoral.com.ar\/%77%70%2d%6a%73%6f%6e\/wp\/v2\/posts\/224819\/revisions"}],"predecessor-version":[{"id":224821,"href":"https:\/\/informelitoral.com.ar\/%77%70%2d%6a%73%6f%6e\/wp\/v2\/posts\/224819\/revisions\/224821"}],"wp:featuredmedia":[{"embeddable":true,"href":"https:\/\/informelitoral.com.ar\/%77%70%2d%6a%73%6f%6e\/wp\/v2\/media\/224820"}],"wp:attachment":[{"href":"https:\/\/informelitoral.com.ar\/%77%70%2d%6a%73%6f%6e\/wp\/v2\/media?parent=224819"}],"wp:term":[{"taxonomy":"category","embeddable":true,"href":"https:\/\/informelitoral.com.ar\/%77%70%2d%6a%73%6f%6e\/wp\/v2\/categories?post=224819"},{"taxonomy":"post_tag","embeddable":true,"href":"https:\/\/informelitoral.com.ar\/%77%70%2d%6a%73%6f%6e\/wp\/v2\/tags?post=224819"}],"curies":[{"name":"wp","href":"https:\/\/api.w.org\/{rel}","templated":true}]}}