{"id":224813,"date":"2025-06-20T20:19:39","date_gmt":"2025-06-20T23:19:39","guid":{"rendered":"https:\/\/informelitoral.com.ar\/?p=224813"},"modified":"2025-06-21T20:25:11","modified_gmt":"2025-06-21T23:25:11","slug":"sin-frigerio-y-con-un-desfile-se-conmemoro-el-dia-de-la-bandera","status":"publish","type":"post","link":"https:\/\/informelitoral.com.ar\/sin-frigerio-y-con-un-desfile-se-conmemoro-el-dia-de-la-bandera\/","title":{"rendered":"Sin Frigerio y con un desfile, se conmemor\u00f3 el D\u00eda de la Bandera"},"content":{"rendered":"<p>Al conmemorarse el 205\u00ba aniversario del fallecimiento del General Manuel Belgrano, el gobierno provincial realiz\u00f3 un acto en la explanada de Casa de Gobierno, encabezado por la vicegobernadora <strong>Alicia Aluani,<\/strong> y el ministro de Seguridad y Justicia, <strong>N\u00e9stor Roncaglia.\u00a0<\/strong><\/p>\n<p>Tambi\u00e9n participaron el ministro de Hacienda y Finanzas, <strong>Fabi\u00e1n Boleas<\/strong>; el jefe de la Polic\u00eda de Entre R\u00edos, <strong>Claudio Gonz\u00e1lez<\/strong>; el director general del Servicio Penitenciario provincial, <strong>An\u00edbal Miotti<\/strong>; el jefe de la Agrupaci\u00f3n V Entre R\u00edos de Gendarmer\u00eda Nacional, <strong>Mariano Montes<\/strong>; el historiador <strong>Roberto Romani<\/strong>; legisladores nacionales y provinciales, autoridades provinciales y municipales; autoridades policiales y de fuerzas de seguridad; y veteranos de la Guerra de Malvinas.<\/p>\n<p>La vicegobernadora <strong>Aluani tom\u00f3 Juramento del Pabell\u00f3n Nacional a alumnos de cuarto grado de la Escuela \u00abGregoria P\u00e9rez\u00bb de la ciudad de Paran\u00e1<\/strong>. Luego,\u00a0 <strong>hizo lo propio con los cadetes de 3\u00b0 A\u00f1o de la Escuela de Oficiales \u00abDr. Salvador Maci\u00e1\u00bb, aspirantes a Agentes de la Escuela de Suboficiales \u00abGeneral Francisco Ram\u00edrez\u00bb y aspirantes de la Escuela de Agentes \u00abCrio. Gral. Pedro Campbell\u00bb y de los aspirantes de la Escuela de Agentes Penitenciarios \u00abSargento Adolfo Emilio Reynoso\u00bb.<\/strong> <strong>Como cierre del acto, se llev\u00f3 a cabo un desfile de las distintas divisiones que componen la Polic\u00eda de Entre R\u00edos y el Servicio Penitenciario provincial.<\/strong><\/p>\n<p>Antes de tomarles juramento al personal policial, Aluani dijo que \u00a8Hoy nos convoca una fecha que nos emociona y nos une profundamente como argentinos. El D\u00eda de la Bandera Nacional, s\u00edmbolo m\u00e1ximo de nuestra identidad y de los valores que sostienen a la Rep\u00fablica. Recordamos y rendimos homenaje a su creador, el General Manuel Belgrano. Un pr\u00f3cer que con coraje, honestidad y amor a la Patria, leg\u00f3 mucho m\u00e1s que una insignia. Nos dej\u00f3 el ejemplo de la entrega desinteresada por el bien com\u00fan\u00bb, destac\u00f3 al iniciar su alocuci\u00f3n.<\/p>\n<p>En la misma l\u00ednea, el ministro Roncaglia indic\u00f3 que este acto \u00abentra\u00f1a un ba\u00f1o de argentinidad\u00bb. Sobre el desfile de las fuerzas, expres\u00f3 que \u00abnos permite mostrar a nuestra sociedad todo el componente humano que tenemos, que es valios\u00edsimo, y todos los instrumentos que es para brindar seguridad a toda la sociedad entrerriana\u00bb. En cuanto a la toma de juramento a los futuros oficiales, Roncaglia manifest\u00f3 que \u00abes un compromiso que asumen p\u00fablicamente con mucha emoci\u00f3n, tanto de ellos como de sus familias\u00bb.<\/p>\n<p>En tanto, el historiador Roberto Romani, se refiri\u00f3 al General Manuel Joaqu\u00edn del Coraz\u00f3n de Jes\u00fas Belgrano. \u00abUn patriota que naci\u00f3 el 3 de junio de 1770, que estudi\u00f3 en Salamanca y prontamente se puso al servicio de aquellos hombres y mujeres que trabajaban en el R\u00edo de la Plata, fundamentalmente en el periodismo, donde volc\u00f3 sus iniciativas relacionadas con la agricultura, con el incipiente comercio de entonces. Y tambi\u00e9n, este, fue un hombre que tuvo su momento inolvidable cuando integr\u00f3 la Junta de Gobierno Patrio\u00bb, remarc\u00f3.<\/p>\n<p>Luego de la jura, el m\u00fasico diamantino<strong> Rub\u00e9n Gim\u00e9nez<\/strong>, interpret\u00f3 en vivo la canci\u00f3n Mi Bandera es Argentina, de su autor\u00eda.<\/p>\n<h6><em><strong>Del archivo: <a href=\"https:\/\/informelitoral.com.ar\/la-rehabilitacion-de-la-ruta-provincial-n-32-presenta-un-avance-del-64\/\" target=\"_blank\" rel=\"noopener\">La rehabilitaci\u00f3n de la ruta provincial N\u00b0 32 presenta un avance del 64%<\/a>\u00a0<\/strong><\/em><\/h6>\n","protected":false},"excerpt":{"rendered":"<p>M\u00e1s de 400 cadetes y aspirantes a suboficiales de la Polic\u00eda y agentes del Servicio Penitenciario de la provincia tomaron juramento a la insignia patria, en el marco del acto por el D\u00eda de la Bandera, que se realiz\u00f3 en la Plaza Mansilla de Paran\u00e1, con la presencia de la vicegobernadora, Alicia Aluani.<\/p>\n","protected":false},"author":2,"featured_media":224814,"comment_status":"open","ping_status":"open","sticky":false,"template":"","format":"standard","meta":{"fifu_image_url":"https:\/\/lh3.googleusercontent.com\/drive-storage\/AJQWtBOGhpCFaXZXeMpiSUCbNnBVkxZDohewhYyM4aEotV_DsefWBJ9_a3RAfoBQjyfgRet7WFbDjyHcOp8JQPRTFZblC8BGpL2V5QGL9SnbdKZyLw","fifu_image_alt":"","footnotes":""},"categories":[6],"tags":[2644,1325,45],"class_list":{"0":"post-224813","1":"post","2":"type-post","3":"status-publish","4":"format-standard","5":"has-post-thumbnail","7":"category-entre-rios","8":"tag-belgrano","9":"tag-dia-de-la-bandera","10":"tag-parana"},"yoast_head":"<title>Sin Frigerio y con un desfile, se conmemor\u00f3 el D\u00eda de la Bandera - Informe Litoral<\/title>\n<meta name=\"robots\" content=\"index, follow, max-snippet:-1, max-image-preview:large, max-video-preview:-1\" \/>\n<link rel=\"canonical\" href=\"https:\/\/informelitoral.com.ar\/sin-frigerio-y-con-un-desfile-se-conmemoro-el-dia-de-la-bandera\/\" \/>\n<meta property=\"og:locale\" content=\"es_ES\" \/>\n<meta property=\"og:type\" content=\"article\" \/>\n<meta property=\"og:title\" content=\"Sin Frigerio y con un desfile, se conmemor\u00f3 el D\u00eda de la Bandera - Informe Litoral\" \/>\n<meta property=\"og:description\" content=\"M\u00e1s de 400 cadetes y aspirantes a suboficiales de la Polic\u00eda y agentes del Servicio Penitenciario de la provincia tomaron juramento a la insignia patria, en el marco del acto por el D\u00eda de la Bandera, que se realiz\u00f3 en la Plaza Mansilla de Paran\u00e1, con la presencia de la vicegobernadora, Alicia Aluani.\" \/>\n<meta property=\"og:url\" content=\"https:\/\/informelitoral.com.ar\/sin-frigerio-y-con-un-desfile-se-conmemoro-el-dia-de-la-bandera\/\" \/>\n<meta property=\"og:site_name\" content=\"Informe Litoral\" \/>\n<meta property=\"article:publisher\" content=\"https:\/\/www.facebook.com\/informelitoral\/\" \/>\n<meta property=\"article:published_time\" content=\"2025-06-20T23:19:39+00:00\" \/>\n<meta property=\"article:modified_time\" content=\"2025-06-21T23:25:11+00:00\" \/>\n<meta property=\"og:image\" content=\"https:\/\/lh3.googleusercontent.com\/drive-storage\/AJQWtBOGhpCFaXZXeMpiSUCbNnBVkxZDohewhYyM4aEotV_DsefWBJ9_a3RAfoBQjyfgRet7WFbDjyHcOp8JQPRTFZblC8BGpL2V5QGL9SnbdKZyLw\" \/><meta property=\"og:image\" content=\"https:\/\/lh3.googleusercontent.com\/drive-storage\/AJQWtBOGhpCFaXZXeMpiSUCbNnBVkxZDohewhYyM4aEotV_DsefWBJ9_a3RAfoBQjyfgRet7WFbDjyHcOp8JQPRTFZblC8BGpL2V5QGL9SnbdKZyLw\" \/>\n\t<meta property=\"og:image:width\" content=\"1600\" \/>\n\t<meta property=\"og:image:height\" content=\"1066\" \/>\n\t<meta property=\"og:image:type\" content=\"image\/jpeg\" \/>\n<meta name=\"author\" content=\"Gonzalo Schmidt\" \/>\n<meta name=\"twitter:card\" content=\"summary_large_image\" \/>\n<meta name=\"twitter:image\" content=\"https:\/\/lh3.googleusercontent.com\/drive-storage\/AJQWtBOGhpCFaXZXeMpiSUCbNnBVkxZDohewhYyM4aEotV_DsefWBJ9_a3RAfoBQjyfgRet7WFbDjyHcOp8JQPRTFZblC8BGpL2V5QGL9SnbdKZyLw\" \/>\n<meta name=\"twitter:creator\" content=\"@InformeLitoral\" \/>\n<meta name=\"twitter:site\" content=\"@InformeLitoral\" \/>\n<meta name=\"twitter:label1\" content=\"Escrito por\" \/>\n\t<meta name=\"twitter:data1\" content=\"Gonzalo Schmidt\" \/>\n\t<meta name=\"twitter:label2\" content=\"Tiempo de lectura\" \/>\n\t<meta name=\"twitter:data2\" content=\"3 minutos\" \/>\n<script type=\"application\/ld+json\" class=\"yoast-schema-graph\">{\"@context\":\"https:\\\/\\\/schema.org\",\"@graph\":[{\"@type\":\"Article\",\"@id\":\"https:\\\/\\\/informelitoral.com.ar\\\/sin-frigerio-y-con-un-desfile-se-conmemoro-el-dia-de-la-bandera\\\/#article\",\"isPartOf\":{\"@id\":\"https:\\\/\\\/informelitoral.com.ar\\\/sin-frigerio-y-con-un-desfile-se-conmemoro-el-dia-de-la-bandera\\\/\"},\"author\":{\"name\":\"Gonzalo Schmidt\",\"@id\":\"https:\\\/\\\/informelitoral.com.ar\\\/#\\\/schema\\\/person\\\/b9d00407c836482871ef1d57bf8e3180\"},\"headline\":\"Sin Frigerio y con un desfile, se conmemor\u00f3 el D\u00eda de la Bandera\",\"datePublished\":\"2025-06-20T23:19:39+00:00\",\"dateModified\":\"2025-06-21T23:25:11+00:00\",\"mainEntityOfPage\":{\"@id\":\"https:\\\/\\\/informelitoral.com.ar\\\/sin-frigerio-y-con-un-desfile-se-conmemoro-el-dia-de-la-bandera\\\/\"},\"wordCount\":554,\"commentCount\":0,\"publisher\":{\"@id\":\"https:\\\/\\\/informelitoral.com.ar\\\/#organization\"},\"image\":{\"@id\":\"https:\\\/\\\/informelitoral.com.ar\\\/sin-frigerio-y-con-un-desfile-se-conmemoro-el-dia-de-la-bandera\\\/#primaryimage\"},\"thumbnailUrl\":\"https:\\\/\\\/lh3.googleusercontent.com\\\/drive-storage\\\/AJQWtBOGhpCFaXZXeMpiSUCbNnBVkxZDohewhYyM4aEotV_DsefWBJ9_a3RAfoBQjyfgRet7WFbDjyHcOp8JQPRTFZblC8BGpL2V5QGL9SnbdKZyLw\",\"keywords\":[\"Belgrano\",\"D\u00eda de la Bandera\",\"Paran\u00e1\"],\"articleSection\":[\"Entre R\u00edos\"],\"inLanguage\":\"es\",\"potentialAction\":[{\"@type\":\"CommentAction\",\"name\":\"Comment\",\"target\":[\"https:\\\/\\\/informelitoral.com.ar\\\/sin-frigerio-y-con-un-desfile-se-conmemoro-el-dia-de-la-bandera\\\/#respond\"]}]},{\"@type\":\"WebPage\",\"@id\":\"https:\\\/\\\/informelitoral.com.ar\\\/sin-frigerio-y-con-un-desfile-se-conmemoro-el-dia-de-la-bandera\\\/\",\"url\":\"https:\\\/\\\/informelitoral.com.ar\\\/sin-frigerio-y-con-un-desfile-se-conmemoro-el-dia-de-la-bandera\\\/\",\"name\":\"Sin Frigerio y con un desfile, se conmemor\u00f3 el D\u00eda de la Bandera - Informe Litoral\",\"isPartOf\":{\"@id\":\"https:\\\/\\\/informelitoral.com.ar\\\/#website\"},\"primaryImageOfPage\":{\"@id\":\"https:\\\/\\\/informelitoral.com.ar\\\/sin-frigerio-y-con-un-desfile-se-conmemoro-el-dia-de-la-bandera\\\/#primaryimage\"},\"image\":{\"@id\":\"https:\\\/\\\/informelitoral.com.ar\\\/sin-frigerio-y-con-un-desfile-se-conmemoro-el-dia-de-la-bandera\\\/#primaryimage\"},\"thumbnailUrl\":\"https:\\\/\\\/lh3.googleusercontent.com\\\/drive-storage\\\/AJQWtBOGhpCFaXZXeMpiSUCbNnBVkxZDohewhYyM4aEotV_DsefWBJ9_a3RAfoBQjyfgRet7WFbDjyHcOp8JQPRTFZblC8BGpL2V5QGL9SnbdKZyLw\",\"datePublished\":\"2025-06-20T23:19:39+00:00\",\"dateModified\":\"2025-06-21T23:25:11+00:00\",\"breadcrumb\":{\"@id\":\"https:\\\/\\\/informelitoral.com.ar\\\/sin-frigerio-y-con-un-desfile-se-conmemoro-el-dia-de-la-bandera\\\/#breadcrumb\"},\"inLanguage\":\"es\",\"potentialAction\":[{\"@type\":\"ReadAction\",\"target\":[\"https:\\\/\\\/informelitoral.com.ar\\\/sin-frigerio-y-con-un-desfile-se-conmemoro-el-dia-de-la-bandera\\\/\"]}]},{\"@type\":\"ImageObject\",\"inLanguage\":\"es\",\"@id\":\"https:\\\/\\\/informelitoral.com.ar\\\/sin-frigerio-y-con-un-desfile-se-conmemoro-el-dia-de-la-bandera\\\/#primaryimage\",\"url\":\"https:\\\/\\\/lh3.googleusercontent.com\\\/drive-storage\\\/AJQWtBOGhpCFaXZXeMpiSUCbNnBVkxZDohewhYyM4aEotV_DsefWBJ9_a3RAfoBQjyfgRet7WFbDjyHcOp8JQPRTFZblC8BGpL2V5QGL9SnbdKZyLw\",\"contentUrl\":\"https:\\\/\\\/lh3.googleusercontent.com\\\/drive-storage\\\/AJQWtBOGhpCFaXZXeMpiSUCbNnBVkxZDohewhYyM4aEotV_DsefWBJ9_a3RAfoBQjyfgRet7WFbDjyHcOp8JQPRTFZblC8BGpL2V5QGL9SnbdKZyLw\",\"width\":\"1600\",\"height\":\"1066\"},{\"@type\":\"BreadcrumbList\",\"@id\":\"https:\\\/\\\/informelitoral.com.ar\\\/sin-frigerio-y-con-un-desfile-se-conmemoro-el-dia-de-la-bandera\\\/#breadcrumb\",\"itemListElement\":[{\"@type\":\"ListItem\",\"position\":1,\"name\":\"Portada\",\"item\":\"https:\\\/\\\/informelitoral.com.ar\\\/\"},{\"@type\":\"ListItem\",\"position\":2,\"name\":\"Sin Frigerio y con un desfile, se conmemor\u00f3 el D\u00eda de la Bandera\"}]},{\"@type\":\"WebSite\",\"@id\":\"https:\\\/\\\/informelitoral.com.ar\\\/#website\",\"url\":\"https:\\\/\\\/informelitoral.com.ar\\\/\",\"name\":\"Informe Litoral\",\"description\":\"&quot;Nos informamos&quot; \",\"publisher\":{\"@id\":\"https:\\\/\\\/informelitoral.com.ar\\\/#organization\"},\"potentialAction\":[{\"@type\":\"SearchAction\",\"target\":{\"@type\":\"EntryPoint\",\"urlTemplate\":\"https:\\\/\\\/informelitoral.com.ar\\\/?s={search_term_string}\"},\"query-input\":{\"@type\":\"PropertyValueSpecification\",\"valueRequired\":true,\"valueName\":\"search_term_string\"}}],\"inLanguage\":\"es\"},{\"@type\":\"Organization\",\"@id\":\"https:\\\/\\\/informelitoral.com.ar\\\/#organization\",\"name\":\"Informe Litoral\",\"url\":\"https:\\\/\\\/informelitoral.com.ar\\\/\",\"logo\":{\"@type\":\"ImageObject\",\"inLanguage\":\"es\",\"@id\":\"https:\\\/\\\/informelitoral.com.ar\\\/#\\\/schema\\\/logo\\\/image\\\/\",\"url\":\"https:\\\/\\\/informelitoral.com.ar\\\/%77%70%2d%63%6f%6e%74%65%6e%74\\\/uploads\\\/2021\\\/01\\\/circulo.png\",\"contentUrl\":\"https:\\\/\\\/informelitoral.com.ar\\\/%77%70%2d%63%6f%6e%74%65%6e%74\\\/uploads\\\/2021\\\/01\\\/circulo.png\",\"width\":723,\"height\":731,\"caption\":\"Informe Litoral\"},\"image\":{\"@id\":\"https:\\\/\\\/informelitoral.com.ar\\\/#\\\/schema\\\/logo\\\/image\\\/\"},\"sameAs\":[\"https:\\\/\\\/www.facebook.com\\\/informelitoral\\\/\",\"https:\\\/\\\/x.com\\\/InformeLitoral\",\"https:\\\/\\\/www.instagram.com\\\/informelitoral\\\/\",\"https:\\\/\\\/www.youtube.com\\\/channel\\\/UCua4Qvz8Icb6MYqhoq9xLXw\"]},{\"@type\":\"Person\",\"@id\":\"https:\\\/\\\/informelitoral.com.ar\\\/#\\\/schema\\\/person\\\/b9d00407c836482871ef1d57bf8e3180\",\"name\":\"Gonzalo Schmidt\",\"image\":{\"@type\":\"ImageObject\",\"inLanguage\":\"es\",\"@id\":\"https:\\\/\\\/secure.gravatar.com\\\/avatar\\\/31a1a7b66ff2de83bd0e9fd79d026630d2d99e55e8bfe501287647b4fd9743de?s=96&d=mm&r=g\",\"url\":\"https:\\\/\\\/secure.gravatar.com\\\/avatar\\\/31a1a7b66ff2de83bd0e9fd79d026630d2d99e55e8bfe501287647b4fd9743de?s=96&d=mm&r=g\",\"contentUrl\":\"https:\\\/\\\/secure.gravatar.com\\\/avatar\\\/31a1a7b66ff2de83bd0e9fd79d026630d2d99e55e8bfe501287647b4fd9743de?s=96&d=mm&r=g\",\"caption\":\"Gonzalo Schmidt\"},\"description\":\"Sitio web de noticias de la provincia de Entre R\u00edos, Argentina. Informaci\u00f3n y entretenimiento. Informe Litoral, nos informamos.\",\"sameAs\":[\"http:\\\/\\\/www.isletasnoticias.com.ar\"],\"url\":\"https:\\\/\\\/informelitoral.com.ar\\\/author\\\/gonzalo\\\/\"}]}<\/script>","yoast_head_json":{"title":"Sin Frigerio y con un desfile, se conmemor\u00f3 el D\u00eda de la Bandera - Informe Litoral","robots":{"index":"index","follow":"follow","max-snippet":"max-snippet:-1","max-image-preview":"max-image-preview:large","max-video-preview":"max-video-preview:-1"},"canonical":"https:\/\/informelitoral.com.ar\/sin-frigerio-y-con-un-desfile-se-conmemoro-el-dia-de-la-bandera\/","og_locale":"es_ES","og_type":"article","og_title":"Sin Frigerio y con un desfile, se conmemor\u00f3 el D\u00eda de la Bandera - Informe Litoral","og_description":"M\u00e1s de 400 cadetes y aspirantes a suboficiales de la Polic\u00eda y agentes del Servicio Penitenciario de la provincia tomaron juramento a la insignia patria, en el marco del acto por el D\u00eda de la Bandera, que se realiz\u00f3 en la Plaza Mansilla de Paran\u00e1, con la presencia de la vicegobernadora, Alicia Aluani.","og_url":"https:\/\/informelitoral.com.ar\/sin-frigerio-y-con-un-desfile-se-conmemoro-el-dia-de-la-bandera\/","og_site_name":"Informe Litoral","article_publisher":"https:\/\/www.facebook.com\/informelitoral\/","article_published_time":"2025-06-20T23:19:39+00:00","article_modified_time":"2025-06-21T23:25:11+00:00","og_image":[{"url":"https:\/\/lh3.googleusercontent.com\/drive-storage\/AJQWtBOGhpCFaXZXeMpiSUCbNnBVkxZDohewhYyM4aEotV_DsefWBJ9_a3RAfoBQjyfgRet7WFbDjyHcOp8JQPRTFZblC8BGpL2V5QGL9SnbdKZyLw","type":"","width":"","height":""},{"width":1600,"height":1066,"url":"https:\/\/lh3.googleusercontent.com\/drive-storage\/AJQWtBOGhpCFaXZXeMpiSUCbNnBVkxZDohewhYyM4aEotV_DsefWBJ9_a3RAfoBQjyfgRet7WFbDjyHcOp8JQPRTFZblC8BGpL2V5QGL9SnbdKZyLw","type":"image\/jpeg"}],"author":"Gonzalo Schmidt","twitter_card":"summary_large_image","twitter_image":"https:\/\/lh3.googleusercontent.com\/drive-storage\/AJQWtBOGhpCFaXZXeMpiSUCbNnBVkxZDohewhYyM4aEotV_DsefWBJ9_a3RAfoBQjyfgRet7WFbDjyHcOp8JQPRTFZblC8BGpL2V5QGL9SnbdKZyLw","twitter_creator":"@InformeLitoral","twitter_site":"@InformeLitoral","twitter_misc":{"Escrito por":"Gonzalo Schmidt","Tiempo de lectura":"3 minutos"},"schema":{"@context":"https:\/\/schema.org","@graph":[{"@type":"Article","@id":"https:\/\/informelitoral.com.ar\/sin-frigerio-y-con-un-desfile-se-conmemoro-el-dia-de-la-bandera\/#article","isPartOf":{"@id":"https:\/\/informelitoral.com.ar\/sin-frigerio-y-con-un-desfile-se-conmemoro-el-dia-de-la-bandera\/"},"author":{"name":"Gonzalo Schmidt","@id":"https:\/\/informelitoral.com.ar\/#\/schema\/person\/b9d00407c836482871ef1d57bf8e3180"},"headline":"Sin Frigerio y con un desfile, se conmemor\u00f3 el D\u00eda de la Bandera","datePublished":"2025-06-20T23:19:39+00:00","dateModified":"2025-06-21T23:25:11+00:00","mainEntityOfPage":{"@id":"https:\/\/informelitoral.com.ar\/sin-frigerio-y-con-un-desfile-se-conmemoro-el-dia-de-la-bandera\/"},"wordCount":554,"commentCount":0,"publisher":{"@id":"https:\/\/informelitoral.com.ar\/#organization"},"image":{"@id":"https:\/\/informelitoral.com.ar\/sin-frigerio-y-con-un-desfile-se-conmemoro-el-dia-de-la-bandera\/#primaryimage"},"thumbnailUrl":"https:\/\/lh3.googleusercontent.com\/drive-storage\/AJQWtBOGhpCFaXZXeMpiSUCbNnBVkxZDohewhYyM4aEotV_DsefWBJ9_a3RAfoBQjyfgRet7WFbDjyHcOp8JQPRTFZblC8BGpL2V5QGL9SnbdKZyLw","keywords":["Belgrano","D\u00eda de la Bandera","Paran\u00e1"],"articleSection":["Entre R\u00edos"],"inLanguage":"es","potentialAction":[{"@type":"CommentAction","name":"Comment","target":["https:\/\/informelitoral.com.ar\/sin-frigerio-y-con-un-desfile-se-conmemoro-el-dia-de-la-bandera\/#respond"]}]},{"@type":"WebPage","@id":"https:\/\/informelitoral.com.ar\/sin-frigerio-y-con-un-desfile-se-conmemoro-el-dia-de-la-bandera\/","url":"https:\/\/informelitoral.com.ar\/sin-frigerio-y-con-un-desfile-se-conmemoro-el-dia-de-la-bandera\/","name":"Sin Frigerio y con un desfile, se conmemor\u00f3 el D\u00eda de la Bandera - Informe Litoral","isPartOf":{"@id":"https:\/\/informelitoral.com.ar\/#website"},"primaryImageOfPage":{"@id":"https:\/\/informelitoral.com.ar\/sin-frigerio-y-con-un-desfile-se-conmemoro-el-dia-de-la-bandera\/#primaryimage"},"image":{"@id":"https:\/\/informelitoral.com.ar\/sin-frigerio-y-con-un-desfile-se-conmemoro-el-dia-de-la-bandera\/#primaryimage"},"thumbnailUrl":"https:\/\/lh3.googleusercontent.com\/drive-storage\/AJQWtBOGhpCFaXZXeMpiSUCbNnBVkxZDohewhYyM4aEotV_DsefWBJ9_a3RAfoBQjyfgRet7WFbDjyHcOp8JQPRTFZblC8BGpL2V5QGL9SnbdKZyLw","datePublished":"2025-06-20T23:19:39+00:00","dateModified":"2025-06-21T23:25:11+00:00","breadcrumb":{"@id":"https:\/\/informelitoral.com.ar\/sin-frigerio-y-con-un-desfile-se-conmemoro-el-dia-de-la-bandera\/#breadcrumb"},"inLanguage":"es","potentialAction":[{"@type":"ReadAction","target":["https:\/\/informelitoral.com.ar\/sin-frigerio-y-con-un-desfile-se-conmemoro-el-dia-de-la-bandera\/"]}]},{"@type":"ImageObject","inLanguage":"es","@id":"https:\/\/informelitoral.com.ar\/sin-frigerio-y-con-un-desfile-se-conmemoro-el-dia-de-la-bandera\/#primaryimage","url":"https:\/\/lh3.googleusercontent.com\/drive-storage\/AJQWtBOGhpCFaXZXeMpiSUCbNnBVkxZDohewhYyM4aEotV_DsefWBJ9_a3RAfoBQjyfgRet7WFbDjyHcOp8JQPRTFZblC8BGpL2V5QGL9SnbdKZyLw","contentUrl":"https:\/\/lh3.googleusercontent.com\/drive-storage\/AJQWtBOGhpCFaXZXeMpiSUCbNnBVkxZDohewhYyM4aEotV_DsefWBJ9_a3RAfoBQjyfgRet7WFbDjyHcOp8JQPRTFZblC8BGpL2V5QGL9SnbdKZyLw","width":"1600","height":"1066"},{"@type":"BreadcrumbList","@id":"https:\/\/informelitoral.com.ar\/sin-frigerio-y-con-un-desfile-se-conmemoro-el-dia-de-la-bandera\/#breadcrumb","itemListElement":[{"@type":"ListItem","position":1,"name":"Portada","item":"https:\/\/informelitoral.com.ar\/"},{"@type":"ListItem","position":2,"name":"Sin Frigerio y con un desfile, se conmemor\u00f3 el D\u00eda de la Bandera"}]},{"@type":"WebSite","@id":"https:\/\/informelitoral.com.ar\/#website","url":"https:\/\/informelitoral.com.ar\/","name":"Informe Litoral","description":"&quot;Nos informamos&quot; ","publisher":{"@id":"https:\/\/informelitoral.com.ar\/#organization"},"potentialAction":[{"@type":"SearchAction","target":{"@type":"EntryPoint","urlTemplate":"https:\/\/informelitoral.com.ar\/?s={search_term_string}"},"query-input":{"@type":"PropertyValueSpecification","valueRequired":true,"valueName":"search_term_string"}}],"inLanguage":"es"},{"@type":"Organization","@id":"https:\/\/informelitoral.com.ar\/#organization","name":"Informe Litoral","url":"https:\/\/informelitoral.com.ar\/","logo":{"@type":"ImageObject","inLanguage":"es","@id":"https:\/\/informelitoral.com.ar\/#\/schema\/logo\/image\/","url":"https:\/\/informelitoral.com.ar\/%77%70%2d%63%6f%6e%74%65%6e%74\/uploads\/2021\/01\/circulo.png","contentUrl":"https:\/\/informelitoral.com.ar\/%77%70%2d%63%6f%6e%74%65%6e%74\/uploads\/2021\/01\/circulo.png","width":723,"height":731,"caption":"Informe Litoral"},"image":{"@id":"https:\/\/informelitoral.com.ar\/#\/schema\/logo\/image\/"},"sameAs":["https:\/\/www.facebook.com\/informelitoral\/","https:\/\/x.com\/InformeLitoral","https:\/\/www.instagram.com\/informelitoral\/","https:\/\/www.youtube.com\/channel\/UCua4Qvz8Icb6MYqhoq9xLXw"]},{"@type":"Person","@id":"https:\/\/informelitoral.com.ar\/#\/schema\/person\/b9d00407c836482871ef1d57bf8e3180","name":"Gonzalo Schmidt","image":{"@type":"ImageObject","inLanguage":"es","@id":"https:\/\/secure.gravatar.com\/avatar\/31a1a7b66ff2de83bd0e9fd79d026630d2d99e55e8bfe501287647b4fd9743de?s=96&d=mm&r=g","url":"https:\/\/secure.gravatar.com\/avatar\/31a1a7b66ff2de83bd0e9fd79d026630d2d99e55e8bfe501287647b4fd9743de?s=96&d=mm&r=g","contentUrl":"https:\/\/secure.gravatar.com\/avatar\/31a1a7b66ff2de83bd0e9fd79d026630d2d99e55e8bfe501287647b4fd9743de?s=96&d=mm&r=g","caption":"Gonzalo Schmidt"},"description":"Sitio web de noticias de la provincia de Entre R\u00edos, Argentina. Informaci\u00f3n y entretenimiento. Informe Litoral, nos informamos.","sameAs":["http:\/\/www.isletasnoticias.com.ar"],"url":"https:\/\/informelitoral.com.ar\/author\/gonzalo\/"}]}},"fifu_image_url":"https:\/\/lh3.googleusercontent.com\/drive-storage\/AJQWtBOGhpCFaXZXeMpiSUCbNnBVkxZDohewhYyM4aEotV_DsefWBJ9_a3RAfoBQjyfgRet7WFbDjyHcOp8JQPRTFZblC8BGpL2V5QGL9SnbdKZyLw","_links":{"self":[{"href":"https:\/\/informelitoral.com.ar\/%77%70%2d%6a%73%6f%6e\/wp\/v2\/posts\/224813","targetHints":{"allow":["GET"]}}],"collection":[{"href":"https:\/\/informelitoral.com.ar\/%77%70%2d%6a%73%6f%6e\/wp\/v2\/posts"}],"about":[{"href":"https:\/\/informelitoral.com.ar\/%77%70%2d%6a%73%6f%6e\/wp\/v2\/types\/post"}],"author":[{"embeddable":true,"href":"https:\/\/informelitoral.com.ar\/%77%70%2d%6a%73%6f%6e\/wp\/v2\/users\/2"}],"replies":[{"embeddable":true,"href":"https:\/\/informelitoral.com.ar\/%77%70%2d%6a%73%6f%6e\/wp\/v2\/comments?post=224813"}],"version-history":[{"count":1,"href":"https:\/\/informelitoral.com.ar\/%77%70%2d%6a%73%6f%6e\/wp\/v2\/posts\/224813\/revisions"}],"predecessor-version":[{"id":224815,"href":"https:\/\/informelitoral.com.ar\/%77%70%2d%6a%73%6f%6e\/wp\/v2\/posts\/224813\/revisions\/224815"}],"wp:featuredmedia":[{"embeddable":true,"href":"https:\/\/informelitoral.com.ar\/%77%70%2d%6a%73%6f%6e\/wp\/v2\/media\/224814"}],"wp:attachment":[{"href":"https:\/\/informelitoral.com.ar\/%77%70%2d%6a%73%6f%6e\/wp\/v2\/media?parent=224813"}],"wp:term":[{"taxonomy":"category","embeddable":true,"href":"https:\/\/informelitoral.com.ar\/%77%70%2d%6a%73%6f%6e\/wp\/v2\/categories?post=224813"},{"taxonomy":"post_tag","embeddable":true,"href":"https:\/\/informelitoral.com.ar\/%77%70%2d%6a%73%6f%6e\/wp\/v2\/tags?post=224813"}],"curies":[{"name":"wp","href":"https:\/\/api.w.org\/{rel}","templated":true}]}}