{"id":224766,"date":"2025-06-20T09:54:13","date_gmt":"2025-06-20T12:54:13","guid":{"rendered":"https:\/\/informelitoral.com.ar\/?p=224766"},"modified":"2025-06-20T10:04:48","modified_gmt":"2025-06-20T13:04:48","slug":"becas-progresar-beneficiarios-cobran-hasta-84-000-y-se-extiende-la-inscripcion-hasta-noviembre","status":"publish","type":"post","link":"https:\/\/informelitoral.com.ar\/becas-progresar-beneficiarios-cobran-hasta-84-000-y-se-extiende-la-inscripcion-hasta-noviembre\/","title":{"rendered":"Becas Progresar: beneficiarios cobran hasta $84.000 y se extiende la inscripci\u00f3n hasta noviembre"},"content":{"rendered":"<p data-sourcepos=\"9:1-9:435\">A cinco meses del cierre de inscripciones, los beneficiarios de las <strong>Becas Progresar<\/strong> pueden acceder a un monto de hasta <strong>$84.000<\/strong> en el presente mes. Sin embargo, no todos los participantes recibir\u00e1n esta suma, ya que el programa se divide en tres grupos con diferencias en sus asignaciones mensuales. La inscripci\u00f3n para nuevas postulaciones permanecer\u00e1 abierta hasta el <strong>30 de noviembre pr\u00f3ximo<\/strong>.<\/p>\n<p data-sourcepos=\"11:1-11:369\">El programa, dependiente del <strong>Ministerio de Capital Humano de la Naci\u00f3n<\/strong>, se estructura en tres l\u00edneas principales: <strong>Progresar Obligatorio<\/strong> (para la finalizaci\u00f3n de la escuela primaria y secundaria), <strong>Progresar Superior<\/strong> (que abarca carreras terciarias, universitarias y Progresar Enfermer\u00eda) y <strong>Progresar Trabajo<\/strong> (orientado a cursos de formaci\u00f3n profesional).<\/p>\n<p data-sourcepos=\"11:1-11:369\"><a href=\"https:\/\/informelitoral.com.ar\/%77%70%2d%63%6f%6e%74%65%6e%74\/uploads\/2024\/07\/becas-progresarjpg.webp\"><img loading=\"lazy\" decoding=\"async\" class=\"alignnone size-full wp-image-190521\" src=\"https:\/\/informelitoral.com.ar\/%77%70%2d%63%6f%6e%74%65%6e%74\/uploads\/2024\/07\/becas-progresarjpg.webp\" alt=\"\" width=\"540\" height=\"405\" srcset=\"https:\/\/informelitoral.com.ar\/%77%70%2d%63%6f%6e%74%65%6e%74\/uploads\/2024\/07\/becas-progresarjpg.webp 540w, https:\/\/informelitoral.com.ar\/%77%70%2d%63%6f%6e%74%65%6e%74\/uploads\/2024\/07\/becas-progresarjpg-300x225.webp 300w, https:\/\/informelitoral.com.ar\/%77%70%2d%63%6f%6e%74%65%6e%74\/uploads\/2024\/07\/becas-progresarjpg-80x60.webp 80w, https:\/\/informelitoral.com.ar\/%77%70%2d%63%6f%6e%74%65%6e%74\/uploads\/2024\/07\/becas-progresarjpg-265x198.webp 265w\" sizes=\"auto, (max-width: 540px) 100vw, 540px\" \/><\/a><\/p>\n<h2 data-sourcepos=\"13:1-13:38\"><strong>\u00bfPor qu\u00e9 no todos cobran lo mismo?<\/strong><\/h2>\n<p data-sourcepos=\"15:1-15:584\">La diferencia en los montos radica en la l\u00ednea de beca. En junio, los beneficiarios de <strong>Progresar Enfermer\u00eda<\/strong> recibir\u00e1n <strong>$35.000 mensuales<\/strong>, mientras que el resto de las l\u00edneas (Obligatorio, Superior y Trabajo) percibir\u00e1n <strong>$28.000 mensuales<\/strong>. Es importante destacar que los beneficiarios cobran inicialmente el <strong>80% de cada mes<\/strong>, y el <strong>20% restante<\/strong> se abona al finalizar el a\u00f1o lectivo, previa presentaci\u00f3n de la certificaci\u00f3n de alumno regular. Esto significa que la suma de $84.000 se corresponde con la acumulaci\u00f3n de montos de meses anteriores, o un c\u00e1lculo anualizado.<\/p>\n<h2 data-sourcepos=\"17:1-17:45\"><strong>Requisitos Clave y Proceso de Inscripci\u00f3n<\/strong><\/h2>\n<p data-sourcepos=\"19:1-19:244\">Progresar busca promover la formaci\u00f3n acad\u00e9mica, profesional y laboral de j\u00f3venes de todo el pa\u00eds, vinculando la ayuda econ\u00f3mica con la regularidad escolar, la participaci\u00f3n en actividades de extensi\u00f3n y el cumplimiento de objetivos educativos.<\/p>\n<p data-sourcepos=\"21:1-21:426\">Para las personas interesadas en postularse, la inscripci\u00f3n es responsabilidad de cada joven y debe realizarse online durante las fechas de convocatoria. Un punto fundamental para <strong>Progresar Trabajo<\/strong> es la necesidad de estar registrado como usuario en la aplicaci\u00f3n <strong>Mi Argentina<\/strong> antes de iniciar el tr\u00e1mite. Si ya se cuenta con usuario, se debe seleccionar la l\u00ednea correspondiente en la secci\u00f3n \u00abIngreso e inscripci\u00f3n\u00bb.<\/p>\n<p data-sourcepos=\"23:1-23:78\">A continuaci\u00f3n, se detallan los requisitos espec\u00edficos por cada l\u00ednea de beca:<\/p>\n<h2 data-sourcepos=\"25:1-25:26\"><strong>Progresar Obligatorio:<\/strong><\/h2>\n<ul data-sourcepos=\"26:1-32:0\">\n<li data-sourcepos=\"26:1-26:27\">Tener entre 16 y 24 a\u00f1os.<\/li>\n<li data-sourcepos=\"27:1-27:69\">Ser argentino o residente legal con un m\u00ednimo de 2 a\u00f1os en el pa\u00eds.<\/li>\n<li data-sourcepos=\"28:1-28:99\">Los ingresos del grupo familiar deben ser menores a 3 Salarios M\u00ednimos, Vitales y M\u00f3viles (SMVM).<\/li>\n<li data-sourcepos=\"29:1-29:21\">Ser alumno regular.<\/li>\n<li data-sourcepos=\"30:1-30:44\">Participar en actividades complementarias.<\/li>\n<li data-sourcepos=\"31:1-32:0\">Contar con esquema de vacunaci\u00f3n completo seg\u00fan la edad.<\/li>\n<\/ul>\n<h2 data-sourcepos=\"33:1-33:23\"><strong>Progresar Superior:<\/strong><\/h2>\n<ul data-sourcepos=\"34:1-42:0\">\n<li data-sourcepos=\"34:1-34:50\"><strong>Estudiantes ingresantes:<\/strong> entre 17 y 24 a\u00f1os.<\/li>\n<li data-sourcepos=\"35:1-35:43\"><strong>Estudiantes avanzados:<\/strong> hasta 30 a\u00f1os.<\/li>\n<li data-sourcepos=\"36:1-36:37\"><strong>Enfermer\u00eda:<\/strong> sin l\u00edmite de edad.<\/li>\n<li data-sourcepos=\"37:1-37:56\">Haber egresado del secundario sin materias pendientes.<\/li>\n<li data-sourcepos=\"38:1-38:106\">Estar inscripto en universidades, terciarios o profesorados p\u00fablicos (con algunas excepciones privadas).<\/li>\n<li data-sourcepos=\"39:1-39:43\">Ingresos familiares por debajo de 3 SMVM.<\/li>\n<li data-sourcepos=\"40:1-40:44\">Contar con esquema de vacunaci\u00f3n completo.<\/li>\n<li data-sourcepos=\"41:1-42:0\">Cumplir con los requisitos acad\u00e9micos y participar en las actividades del programa.<\/li>\n<\/ul>\n<h2 data-sourcepos=\"43:1-43:22\"><strong>Progresar Trabajo:<\/strong><\/h2>\n<ul data-sourcepos=\"44:1-48:0\">\n<li data-sourcepos=\"44:1-44:81\">Tener entre 18 y 24 a\u00f1os (hasta 35 a\u00f1os si no se cuenta con empleo registrado).<\/li>\n<li data-sourcepos=\"45:1-45:42\">Residir legalmente en Argentina con DNI.<\/li>\n<li data-sourcepos=\"46:1-46:54\">Ingresos familiares por debajo del umbral de 3 SMVM.<\/li>\n<li data-sourcepos=\"47:1-48:0\">Estar realizando un curso de formaci\u00f3n profesional validado por el INET y considerado estrat\u00e9gico por el CoNETyP.<\/li>\n<\/ul>\n<h6><em><strong>Dela archivo:\u00a0<a href=\"https:\/\/informelitoral.com.ar\/renatre-aumento-los-topes-de-la-prestacion-por-desempleo-para-trabajadores-rurales\/\">Aument\u00f3 los topes de la prestaci\u00f3n por desempleo para trabajadores rurales<\/a><\/strong><\/em><\/h6>\n","protected":false},"excerpt":{"rendered":"<p>Montos, requisitos y diferencias entre las l\u00edneas del programa que busca impulsar la formaci\u00f3n acad\u00e9mica y laboral.<\/p>\n","protected":false},"author":8,"featured_media":200074,"comment_status":"open","ping_status":"open","sticky":false,"template":"","format":"standard","meta":{"fifu_image_url":"","fifu_image_alt":"","footnotes":""},"categories":[1594],"tags":[2419,2581],"class_list":{"0":"post-224766","1":"post","2":"type-post","3":"status-publish","4":"format-standard","5":"has-post-thumbnail","7":"category-economia","8":"tag-becas-progresar","9":"tag-inscripciones"},"yoast_head":"<title>Becas Progresar: beneficiarios cobran hasta $84.000 y se extiende la inscripci\u00f3n hasta noviembre - Informe Litoral<\/title>\n<meta name=\"robots\" content=\"index, follow, max-snippet:-1, max-image-preview:large, max-video-preview:-1\" \/>\n<link rel=\"canonical\" href=\"https:\/\/informelitoral.com.ar\/becas-progresar-beneficiarios-cobran-hasta-84-000-y-se-extiende-la-inscripcion-hasta-noviembre\/\" \/>\n<meta property=\"og:locale\" content=\"es_ES\" \/>\n<meta property=\"og:type\" content=\"article\" \/>\n<meta property=\"og:title\" content=\"Becas Progresar: beneficiarios cobran hasta $84.000 y se extiende la inscripci\u00f3n hasta noviembre - Informe Litoral\" \/>\n<meta property=\"og:description\" content=\"Montos, requisitos y diferencias entre las l\u00edneas del programa que busca impulsar la formaci\u00f3n acad\u00e9mica y laboral.\" \/>\n<meta property=\"og:url\" content=\"https:\/\/informelitoral.com.ar\/becas-progresar-beneficiarios-cobran-hasta-84-000-y-se-extiende-la-inscripcion-hasta-noviembre\/\" \/>\n<meta property=\"og:site_name\" content=\"Informe Litoral\" \/>\n<meta property=\"article:publisher\" content=\"https:\/\/www.facebook.com\/informelitoral\/\" \/>\n<meta property=\"article:published_time\" content=\"2025-06-20T12:54:13+00:00\" \/>\n<meta property=\"article:modified_time\" content=\"2025-06-20T13:04:48+00:00\" \/>\n<meta property=\"og:image\" content=\"https:\/\/informelitoral.com.ar\/%77%70%2d%63%6f%6e%74%65%6e%74\/uploads\/2024\/10\/becas-progresar-foto2jpg.webp\" \/>\n\t<meta property=\"og:image:width\" content=\"1200\" \/>\n\t<meta property=\"og:image:height\" content=\"675\" \/>\n\t<meta property=\"og:image:type\" content=\"image\/webp\" \/>\n<meta name=\"author\" content=\"Sebastian\" \/>\n<meta name=\"twitter:card\" content=\"summary_large_image\" \/>\n<meta name=\"twitter:creator\" content=\"@InformeLitoral\" \/>\n<meta name=\"twitter:site\" content=\"@InformeLitoral\" \/>\n<meta name=\"twitter:label1\" content=\"Escrito por\" \/>\n\t<meta name=\"twitter:data1\" content=\"Sebastian\" \/>\n\t<meta name=\"twitter:label2\" content=\"Tiempo de lectura\" \/>\n\t<meta name=\"twitter:data2\" content=\"3 minutos\" \/>\n<script type=\"application\/ld+json\" class=\"yoast-schema-graph\">{\"@context\":\"https:\\\/\\\/schema.org\",\"@graph\":[{\"@type\":\"Article\",\"@id\":\"https:\\\/\\\/informelitoral.com.ar\\\/becas-progresar-beneficiarios-cobran-hasta-84-000-y-se-extiende-la-inscripcion-hasta-noviembre\\\/#article\",\"isPartOf\":{\"@id\":\"https:\\\/\\\/informelitoral.com.ar\\\/becas-progresar-beneficiarios-cobran-hasta-84-000-y-se-extiende-la-inscripcion-hasta-noviembre\\\/\"},\"author\":{\"name\":\"Sebastian\",\"@id\":\"https:\\\/\\\/informelitoral.com.ar\\\/#\\\/schema\\\/person\\\/f05f9f461677119578717524b127d6d5\"},\"headline\":\"Becas Progresar: beneficiarios cobran hasta $84.000 y se extiende la inscripci\u00f3n hasta noviembre\",\"datePublished\":\"2025-06-20T12:54:13+00:00\",\"dateModified\":\"2025-06-20T13:04:48+00:00\",\"mainEntityOfPage\":{\"@id\":\"https:\\\/\\\/informelitoral.com.ar\\\/becas-progresar-beneficiarios-cobran-hasta-84-000-y-se-extiende-la-inscripcion-hasta-noviembre\\\/\"},\"wordCount\":550,\"commentCount\":0,\"publisher\":{\"@id\":\"https:\\\/\\\/informelitoral.com.ar\\\/#organization\"},\"image\":{\"@id\":\"https:\\\/\\\/informelitoral.com.ar\\\/becas-progresar-beneficiarios-cobran-hasta-84-000-y-se-extiende-la-inscripcion-hasta-noviembre\\\/#primaryimage\"},\"thumbnailUrl\":\"https:\\\/\\\/informelitoral.com.ar\\\/%77%70%2d%63%6f%6e%74%65%6e%74\\\/uploads\\\/2024\\\/10\\\/becas-progresar-foto2jpg.webp\",\"keywords\":[\"Becas progresar\",\"Inscripciones\"],\"articleSection\":[\"Econom\u00eda\"],\"inLanguage\":\"es\",\"potentialAction\":[{\"@type\":\"CommentAction\",\"name\":\"Comment\",\"target\":[\"https:\\\/\\\/informelitoral.com.ar\\\/becas-progresar-beneficiarios-cobran-hasta-84-000-y-se-extiende-la-inscripcion-hasta-noviembre\\\/#respond\"]}]},{\"@type\":\"WebPage\",\"@id\":\"https:\\\/\\\/informelitoral.com.ar\\\/becas-progresar-beneficiarios-cobran-hasta-84-000-y-se-extiende-la-inscripcion-hasta-noviembre\\\/\",\"url\":\"https:\\\/\\\/informelitoral.com.ar\\\/becas-progresar-beneficiarios-cobran-hasta-84-000-y-se-extiende-la-inscripcion-hasta-noviembre\\\/\",\"name\":\"Becas Progresar: beneficiarios cobran hasta $84.000 y se extiende la inscripci\u00f3n hasta noviembre - Informe Litoral\",\"isPartOf\":{\"@id\":\"https:\\\/\\\/informelitoral.com.ar\\\/#website\"},\"primaryImageOfPage\":{\"@id\":\"https:\\\/\\\/informelitoral.com.ar\\\/becas-progresar-beneficiarios-cobran-hasta-84-000-y-se-extiende-la-inscripcion-hasta-noviembre\\\/#primaryimage\"},\"image\":{\"@id\":\"https:\\\/\\\/informelitoral.com.ar\\\/becas-progresar-beneficiarios-cobran-hasta-84-000-y-se-extiende-la-inscripcion-hasta-noviembre\\\/#primaryimage\"},\"thumbnailUrl\":\"https:\\\/\\\/informelitoral.com.ar\\\/%77%70%2d%63%6f%6e%74%65%6e%74\\\/uploads\\\/2024\\\/10\\\/becas-progresar-foto2jpg.webp\",\"datePublished\":\"2025-06-20T12:54:13+00:00\",\"dateModified\":\"2025-06-20T13:04:48+00:00\",\"breadcrumb\":{\"@id\":\"https:\\\/\\\/informelitoral.com.ar\\\/becas-progresar-beneficiarios-cobran-hasta-84-000-y-se-extiende-la-inscripcion-hasta-noviembre\\\/#breadcrumb\"},\"inLanguage\":\"es\",\"potentialAction\":[{\"@type\":\"ReadAction\",\"target\":[\"https:\\\/\\\/informelitoral.com.ar\\\/becas-progresar-beneficiarios-cobran-hasta-84-000-y-se-extiende-la-inscripcion-hasta-noviembre\\\/\"]}]},{\"@type\":\"ImageObject\",\"inLanguage\":\"es\",\"@id\":\"https:\\\/\\\/informelitoral.com.ar\\\/becas-progresar-beneficiarios-cobran-hasta-84-000-y-se-extiende-la-inscripcion-hasta-noviembre\\\/#primaryimage\",\"url\":\"https:\\\/\\\/informelitoral.com.ar\\\/%77%70%2d%63%6f%6e%74%65%6e%74\\\/uploads\\\/2024\\\/10\\\/becas-progresar-foto2jpg.webp\",\"contentUrl\":\"https:\\\/\\\/informelitoral.com.ar\\\/%77%70%2d%63%6f%6e%74%65%6e%74\\\/uploads\\\/2024\\\/10\\\/becas-progresar-foto2jpg.webp\",\"width\":1200,\"height\":675},{\"@type\":\"BreadcrumbList\",\"@id\":\"https:\\\/\\\/informelitoral.com.ar\\\/becas-progresar-beneficiarios-cobran-hasta-84-000-y-se-extiende-la-inscripcion-hasta-noviembre\\\/#breadcrumb\",\"itemListElement\":[{\"@type\":\"ListItem\",\"position\":1,\"name\":\"Portada\",\"item\":\"https:\\\/\\\/informelitoral.com.ar\\\/\"},{\"@type\":\"ListItem\",\"position\":2,\"name\":\"Becas Progresar: beneficiarios cobran hasta $84.000 y se extiende la inscripci\u00f3n hasta noviembre\"}]},{\"@type\":\"WebSite\",\"@id\":\"https:\\\/\\\/informelitoral.com.ar\\\/#website\",\"url\":\"https:\\\/\\\/informelitoral.com.ar\\\/\",\"name\":\"Informe Litoral\",\"description\":\"&quot;Nos informamos&quot; \",\"publisher\":{\"@id\":\"https:\\\/\\\/informelitoral.com.ar\\\/#organization\"},\"potentialAction\":[{\"@type\":\"SearchAction\",\"target\":{\"@type\":\"EntryPoint\",\"urlTemplate\":\"https:\\\/\\\/informelitoral.com.ar\\\/?s={search_term_string}\"},\"query-input\":{\"@type\":\"PropertyValueSpecification\",\"valueRequired\":true,\"valueName\":\"search_term_string\"}}],\"inLanguage\":\"es\"},{\"@type\":\"Organization\",\"@id\":\"https:\\\/\\\/informelitoral.com.ar\\\/#organization\",\"name\":\"Informe Litoral\",\"url\":\"https:\\\/\\\/informelitoral.com.ar\\\/\",\"logo\":{\"@type\":\"ImageObject\",\"inLanguage\":\"es\",\"@id\":\"https:\\\/\\\/informelitoral.com.ar\\\/#\\\/schema\\\/logo\\\/image\\\/\",\"url\":\"https:\\\/\\\/informelitoral.com.ar\\\/%77%70%2d%63%6f%6e%74%65%6e%74\\\/uploads\\\/2021\\\/01\\\/circulo.png\",\"contentUrl\":\"https:\\\/\\\/informelitoral.com.ar\\\/%77%70%2d%63%6f%6e%74%65%6e%74\\\/uploads\\\/2021\\\/01\\\/circulo.png\",\"width\":723,\"height\":731,\"caption\":\"Informe Litoral\"},\"image\":{\"@id\":\"https:\\\/\\\/informelitoral.com.ar\\\/#\\\/schema\\\/logo\\\/image\\\/\"},\"sameAs\":[\"https:\\\/\\\/www.facebook.com\\\/informelitoral\\\/\",\"https:\\\/\\\/x.com\\\/InformeLitoral\",\"https:\\\/\\\/www.instagram.com\\\/informelitoral\\\/\",\"https:\\\/\\\/www.youtube.com\\\/channel\\\/UCua4Qvz8Icb6MYqhoq9xLXw\"]},{\"@type\":\"Person\",\"@id\":\"https:\\\/\\\/informelitoral.com.ar\\\/#\\\/schema\\\/person\\\/f05f9f461677119578717524b127d6d5\",\"name\":\"Sebastian\",\"image\":{\"@type\":\"ImageObject\",\"inLanguage\":\"es\",\"@id\":\"https:\\\/\\\/secure.gravatar.com\\\/avatar\\\/b71bf7481d447dfb9583c7f2798e7cc64de6efb9067b74633ed8c31059a3bd82?s=96&d=mm&r=g\",\"url\":\"https:\\\/\\\/secure.gravatar.com\\\/avatar\\\/b71bf7481d447dfb9583c7f2798e7cc64de6efb9067b74633ed8c31059a3bd82?s=96&d=mm&r=g\",\"contentUrl\":\"https:\\\/\\\/secure.gravatar.com\\\/avatar\\\/b71bf7481d447dfb9583c7f2798e7cc64de6efb9067b74633ed8c31059a3bd82?s=96&d=mm&r=g\",\"caption\":\"Sebastian\"},\"url\":\"https:\\\/\\\/informelitoral.com.ar\\\/author\\\/sebastian\\\/\"}]}<\/script>","yoast_head_json":{"title":"Becas Progresar: beneficiarios cobran hasta $84.000 y se extiende la inscripci\u00f3n hasta noviembre - Informe Litoral","robots":{"index":"index","follow":"follow","max-snippet":"max-snippet:-1","max-image-preview":"max-image-preview:large","max-video-preview":"max-video-preview:-1"},"canonical":"https:\/\/informelitoral.com.ar\/becas-progresar-beneficiarios-cobran-hasta-84-000-y-se-extiende-la-inscripcion-hasta-noviembre\/","og_locale":"es_ES","og_type":"article","og_title":"Becas Progresar: beneficiarios cobran hasta $84.000 y se extiende la inscripci\u00f3n hasta noviembre - Informe Litoral","og_description":"Montos, requisitos y diferencias entre las l\u00edneas del programa que busca impulsar la formaci\u00f3n acad\u00e9mica y laboral.","og_url":"https:\/\/informelitoral.com.ar\/becas-progresar-beneficiarios-cobran-hasta-84-000-y-se-extiende-la-inscripcion-hasta-noviembre\/","og_site_name":"Informe Litoral","article_publisher":"https:\/\/www.facebook.com\/informelitoral\/","article_published_time":"2025-06-20T12:54:13+00:00","article_modified_time":"2025-06-20T13:04:48+00:00","og_image":[{"width":1200,"height":675,"url":"https:\/\/informelitoral.com.ar\/%77%70%2d%63%6f%6e%74%65%6e%74\/uploads\/2024\/10\/becas-progresar-foto2jpg.webp","type":"image\/webp"}],"author":"Sebastian","twitter_card":"summary_large_image","twitter_creator":"@InformeLitoral","twitter_site":"@InformeLitoral","twitter_misc":{"Escrito por":"Sebastian","Tiempo de lectura":"3 minutos"},"schema":{"@context":"https:\/\/schema.org","@graph":[{"@type":"Article","@id":"https:\/\/informelitoral.com.ar\/becas-progresar-beneficiarios-cobran-hasta-84-000-y-se-extiende-la-inscripcion-hasta-noviembre\/#article","isPartOf":{"@id":"https:\/\/informelitoral.com.ar\/becas-progresar-beneficiarios-cobran-hasta-84-000-y-se-extiende-la-inscripcion-hasta-noviembre\/"},"author":{"name":"Sebastian","@id":"https:\/\/informelitoral.com.ar\/#\/schema\/person\/f05f9f461677119578717524b127d6d5"},"headline":"Becas Progresar: beneficiarios cobran hasta $84.000 y se extiende la inscripci\u00f3n hasta noviembre","datePublished":"2025-06-20T12:54:13+00:00","dateModified":"2025-06-20T13:04:48+00:00","mainEntityOfPage":{"@id":"https:\/\/informelitoral.com.ar\/becas-progresar-beneficiarios-cobran-hasta-84-000-y-se-extiende-la-inscripcion-hasta-noviembre\/"},"wordCount":550,"commentCount":0,"publisher":{"@id":"https:\/\/informelitoral.com.ar\/#organization"},"image":{"@id":"https:\/\/informelitoral.com.ar\/becas-progresar-beneficiarios-cobran-hasta-84-000-y-se-extiende-la-inscripcion-hasta-noviembre\/#primaryimage"},"thumbnailUrl":"https:\/\/informelitoral.com.ar\/%77%70%2d%63%6f%6e%74%65%6e%74\/uploads\/2024\/10\/becas-progresar-foto2jpg.webp","keywords":["Becas progresar","Inscripciones"],"articleSection":["Econom\u00eda"],"inLanguage":"es","potentialAction":[{"@type":"CommentAction","name":"Comment","target":["https:\/\/informelitoral.com.ar\/becas-progresar-beneficiarios-cobran-hasta-84-000-y-se-extiende-la-inscripcion-hasta-noviembre\/#respond"]}]},{"@type":"WebPage","@id":"https:\/\/informelitoral.com.ar\/becas-progresar-beneficiarios-cobran-hasta-84-000-y-se-extiende-la-inscripcion-hasta-noviembre\/","url":"https:\/\/informelitoral.com.ar\/becas-progresar-beneficiarios-cobran-hasta-84-000-y-se-extiende-la-inscripcion-hasta-noviembre\/","name":"Becas Progresar: beneficiarios cobran hasta $84.000 y se extiende la inscripci\u00f3n hasta noviembre - Informe Litoral","isPartOf":{"@id":"https:\/\/informelitoral.com.ar\/#website"},"primaryImageOfPage":{"@id":"https:\/\/informelitoral.com.ar\/becas-progresar-beneficiarios-cobran-hasta-84-000-y-se-extiende-la-inscripcion-hasta-noviembre\/#primaryimage"},"image":{"@id":"https:\/\/informelitoral.com.ar\/becas-progresar-beneficiarios-cobran-hasta-84-000-y-se-extiende-la-inscripcion-hasta-noviembre\/#primaryimage"},"thumbnailUrl":"https:\/\/informelitoral.com.ar\/%77%70%2d%63%6f%6e%74%65%6e%74\/uploads\/2024\/10\/becas-progresar-foto2jpg.webp","datePublished":"2025-06-20T12:54:13+00:00","dateModified":"2025-06-20T13:04:48+00:00","breadcrumb":{"@id":"https:\/\/informelitoral.com.ar\/becas-progresar-beneficiarios-cobran-hasta-84-000-y-se-extiende-la-inscripcion-hasta-noviembre\/#breadcrumb"},"inLanguage":"es","potentialAction":[{"@type":"ReadAction","target":["https:\/\/informelitoral.com.ar\/becas-progresar-beneficiarios-cobran-hasta-84-000-y-se-extiende-la-inscripcion-hasta-noviembre\/"]}]},{"@type":"ImageObject","inLanguage":"es","@id":"https:\/\/informelitoral.com.ar\/becas-progresar-beneficiarios-cobran-hasta-84-000-y-se-extiende-la-inscripcion-hasta-noviembre\/#primaryimage","url":"https:\/\/informelitoral.com.ar\/%77%70%2d%63%6f%6e%74%65%6e%74\/uploads\/2024\/10\/becas-progresar-foto2jpg.webp","contentUrl":"https:\/\/informelitoral.com.ar\/%77%70%2d%63%6f%6e%74%65%6e%74\/uploads\/2024\/10\/becas-progresar-foto2jpg.webp","width":1200,"height":675},{"@type":"BreadcrumbList","@id":"https:\/\/informelitoral.com.ar\/becas-progresar-beneficiarios-cobran-hasta-84-000-y-se-extiende-la-inscripcion-hasta-noviembre\/#breadcrumb","itemListElement":[{"@type":"ListItem","position":1,"name":"Portada","item":"https:\/\/informelitoral.com.ar\/"},{"@type":"ListItem","position":2,"name":"Becas Progresar: beneficiarios cobran hasta $84.000 y se extiende la inscripci\u00f3n hasta noviembre"}]},{"@type":"WebSite","@id":"https:\/\/informelitoral.com.ar\/#website","url":"https:\/\/informelitoral.com.ar\/","name":"Informe Litoral","description":"&quot;Nos informamos&quot; ","publisher":{"@id":"https:\/\/informelitoral.com.ar\/#organization"},"potentialAction":[{"@type":"SearchAction","target":{"@type":"EntryPoint","urlTemplate":"https:\/\/informelitoral.com.ar\/?s={search_term_string}"},"query-input":{"@type":"PropertyValueSpecification","valueRequired":true,"valueName":"search_term_string"}}],"inLanguage":"es"},{"@type":"Organization","@id":"https:\/\/informelitoral.com.ar\/#organization","name":"Informe Litoral","url":"https:\/\/informelitoral.com.ar\/","logo":{"@type":"ImageObject","inLanguage":"es","@id":"https:\/\/informelitoral.com.ar\/#\/schema\/logo\/image\/","url":"https:\/\/informelitoral.com.ar\/%77%70%2d%63%6f%6e%74%65%6e%74\/uploads\/2021\/01\/circulo.png","contentUrl":"https:\/\/informelitoral.com.ar\/%77%70%2d%63%6f%6e%74%65%6e%74\/uploads\/2021\/01\/circulo.png","width":723,"height":731,"caption":"Informe Litoral"},"image":{"@id":"https:\/\/informelitoral.com.ar\/#\/schema\/logo\/image\/"},"sameAs":["https:\/\/www.facebook.com\/informelitoral\/","https:\/\/x.com\/InformeLitoral","https:\/\/www.instagram.com\/informelitoral\/","https:\/\/www.youtube.com\/channel\/UCua4Qvz8Icb6MYqhoq9xLXw"]},{"@type":"Person","@id":"https:\/\/informelitoral.com.ar\/#\/schema\/person\/f05f9f461677119578717524b127d6d5","name":"Sebastian","image":{"@type":"ImageObject","inLanguage":"es","@id":"https:\/\/secure.gravatar.com\/avatar\/b71bf7481d447dfb9583c7f2798e7cc64de6efb9067b74633ed8c31059a3bd82?s=96&d=mm&r=g","url":"https:\/\/secure.gravatar.com\/avatar\/b71bf7481d447dfb9583c7f2798e7cc64de6efb9067b74633ed8c31059a3bd82?s=96&d=mm&r=g","contentUrl":"https:\/\/secure.gravatar.com\/avatar\/b71bf7481d447dfb9583c7f2798e7cc64de6efb9067b74633ed8c31059a3bd82?s=96&d=mm&r=g","caption":"Sebastian"},"url":"https:\/\/informelitoral.com.ar\/author\/sebastian\/"}]}},"_links":{"self":[{"href":"https:\/\/informelitoral.com.ar\/%77%70%2d%6a%73%6f%6e\/wp\/v2\/posts\/224766","targetHints":{"allow":["GET"]}}],"collection":[{"href":"https:\/\/informelitoral.com.ar\/%77%70%2d%6a%73%6f%6e\/wp\/v2\/posts"}],"about":[{"href":"https:\/\/informelitoral.com.ar\/%77%70%2d%6a%73%6f%6e\/wp\/v2\/types\/post"}],"author":[{"embeddable":true,"href":"https:\/\/informelitoral.com.ar\/%77%70%2d%6a%73%6f%6e\/wp\/v2\/users\/8"}],"replies":[{"embeddable":true,"href":"https:\/\/informelitoral.com.ar\/%77%70%2d%6a%73%6f%6e\/wp\/v2\/comments?post=224766"}],"version-history":[{"count":2,"href":"https:\/\/informelitoral.com.ar\/%77%70%2d%6a%73%6f%6e\/wp\/v2\/posts\/224766\/revisions"}],"predecessor-version":[{"id":224768,"href":"https:\/\/informelitoral.com.ar\/%77%70%2d%6a%73%6f%6e\/wp\/v2\/posts\/224766\/revisions\/224768"}],"wp:featuredmedia":[{"embeddable":true,"href":"https:\/\/informelitoral.com.ar\/%77%70%2d%6a%73%6f%6e\/wp\/v2\/media\/200074"}],"wp:attachment":[{"href":"https:\/\/informelitoral.com.ar\/%77%70%2d%6a%73%6f%6e\/wp\/v2\/media?parent=224766"}],"wp:term":[{"taxonomy":"category","embeddable":true,"href":"https:\/\/informelitoral.com.ar\/%77%70%2d%6a%73%6f%6e\/wp\/v2\/categories?post=224766"},{"taxonomy":"post_tag","embeddable":true,"href":"https:\/\/informelitoral.com.ar\/%77%70%2d%6a%73%6f%6e\/wp\/v2\/tags?post=224766"}],"curies":[{"name":"wp","href":"https:\/\/api.w.org\/{rel}","templated":true}]}}