{"id":224745,"date":"2025-06-20T09:31:48","date_gmt":"2025-06-20T12:31:48","guid":{"rendered":"https:\/\/informelitoral.com.ar\/?p=224745"},"modified":"2025-06-20T10:07:46","modified_gmt":"2025-06-20T13:07:46","slug":"gobierno-confirmo-la-primera-reunion-del-consejo-de-mayo-enfocada-en-reforma-laboral","status":"publish","type":"post","link":"https:\/\/informelitoral.com.ar\/gobierno-confirmo-la-primera-reunion-del-consejo-de-mayo-enfocada-en-reforma-laboral\/","title":{"rendered":"Gobierno confirm\u00f3 la primera reuni\u00f3n del Consejo de Mayo, enfocada en reforma laboral"},"content":{"rendered":"<p>A casi un a\u00f1o de la firma del\u00a0<strong>Pacto de Mayo<\/strong>\u00a0en la provincia de Tucum\u00e1n,\u00a0<strong>Javier Milei<\/strong>\u00a0pondr\u00e1 en marcha la primera reuni\u00f3n del\u00a0<strong>Consejo de Mayo<\/strong>\u00a0Ser\u00e1 el pr\u00f3ximo martes en\u00a0<strong>Casa Rosada.<\/strong><\/p>\n<p>El encuentro<strong>\u00a0se llevar\u00e1 a cabo el 24 de junio a las 9\u00a0<\/strong>en el Sal\u00f3n de los Escudos de la Casa de Gobierno. El jefe de Gabinete,\u00a0<strong>Guillermo Francos<\/strong>, recibir\u00e1 a los miembros del encumbrado consejo creado luego del encuentro del 8 de julio del a\u00f1o pasado, en el que Milei junto a 17 gobernadores y el jefe de Gobierno porte\u00f1o rubricaron el pacto en la provincia del NOA.<\/p>\n<p>En aquel entonces,\u00a0Milei\u00a0anticip\u00f3 la puesta en marcha de un\u00a0<strong>\u201cConsejo de Mayo\u201d que estar\u00eda<\/strong>\u00a0encargado de traducir los incisos del Pacto<a href=\"https:\/\/www.ambito.com\/politica\/cuales-son-los-diez-puntos-del-pacto-mayo-n6028311\" target=\"_blank\" rel=\"noreferrer noopener\">\u00a0<\/a>a \u201clegislaci\u00f3n efectiva\u201d que se enviar\u00e1 al Congreso. La iniciativa deb\u00eda ponerse en marcha un mes despu\u00e9s, pero luego de m\u00e1s de 300 d\u00edas no vio la luz ante la demora en la designaci\u00f3n de sus integrantes.<\/p>\n<p><a href=\"https:\/\/informelitoral.com.ar\/%77%70%2d%63%6f%6e%74%65%6e%74\/uploads\/2021\/12\/javier-milei.jpg\"><img loading=\"lazy\" decoding=\"async\" class=\"alignnone wp-image-68272\" src=\"https:\/\/informelitoral.com.ar\/%77%70%2d%63%6f%6e%74%65%6e%74\/uploads\/2021\/12\/javier-milei.jpg\" alt=\"\" width=\"681\" height=\"386\" \/><\/a><\/p>\n<p>Ante ese panorama, el Gobierno public\u00f3 el\u00a0<strong>decreto 382\/2025<\/strong>\u00a0que modific\u00f3 el mecanismo de designaci\u00f3n, eludiendo la propuesta formal previa y avanzando hacia un nombramiento directo. \u201cEsta decisi\u00f3n busca evitar demoras y agilizar la puesta en marcha de los trabajos intersectoriales\u201d, argumentaron.<\/p>\n<p>El Consejo de Mayo se pondr\u00e1 en marcha para debatir un t\u00f3pico caliente:\u00a0<strong>la reforma de las leyes laborales<\/strong>. Actualmente, la discusi\u00f3n en el Congreso est\u00e1 protagonizada por el aumento de las jubilaciones y las mejoras en las pensiones de discapacidad, dos puntos que el mandatario nacional ya adelant\u00f3 que vetar\u00e1 si llegan a sancionarse.<\/p>\n<p>El \u00f3rgano tendr\u00e1 como fin elaborar\u00a0<strong>propuestas<\/strong>\u00a0y\u00a0<strong>proyectos legislativos<\/strong>\u00a0que permitan cumplir con los puntos acordados en el\u00a0<strong>Pacto de Mayo<\/strong>, uno de los cuales estaba centrado en promover \u201cuna reforma laboral moderna que promueva el trabajo formal\u201d, un punto que la administraci\u00f3n libertaria intent\u00f3 debatir, por ahora sin \u00e9xito, con los representantes gremiales.<\/p>\n<h6><em><strong>Del archivo:\u00a0<a href=\"https:\/\/informelitoral.com.ar\/el-gobierno-nacional-disolvio-el-regimen-de-promocion-de-la-ganaderia-ovina-y-otros-programas\/\" target=\"_blank\" rel=\"noopener\">El Gobierno nacional disolvi\u00f3 el r\u00e9gimen de promoci\u00f3n de la ganader\u00eda ovina y otros programas<\/a><\/strong><\/em><\/h6>\n","protected":false},"excerpt":{"rendered":"<p>El Presidente pondr\u00e1 en funciones el \u00f3rgano casi un a\u00f1o despu\u00e9s de su creaci\u00f3n.<\/p>\n","protected":false},"author":8,"featured_media":213684,"comment_status":"open","ping_status":"open","sticky":false,"template":"","format":"standard","meta":{"fifu_image_url":"","fifu_image_alt":"","footnotes":""},"categories":[16],"tags":[2603,642],"class_list":{"0":"post-224745","1":"post","2":"type-post","3":"status-publish","4":"format-standard","5":"has-post-thumbnail","7":"category-politi","8":"tag-javier-milei","9":"tag-reunion"},"yoast_head":"<title>Gobierno confirm\u00f3 la primera reuni\u00f3n del Consejo de Mayo, enfocada en reforma laboral - Informe Litoral<\/title>\n<meta name=\"robots\" content=\"index, follow, max-snippet:-1, max-image-preview:large, max-video-preview:-1\" \/>\n<link rel=\"canonical\" href=\"https:\/\/informelitoral.com.ar\/gobierno-confirmo-la-primera-reunion-del-consejo-de-mayo-enfocada-en-reforma-laboral\/\" \/>\n<meta property=\"og:locale\" content=\"es_ES\" \/>\n<meta property=\"og:type\" content=\"article\" \/>\n<meta property=\"og:title\" content=\"Gobierno confirm\u00f3 la primera reuni\u00f3n del Consejo de Mayo, enfocada en reforma laboral - Informe Litoral\" \/>\n<meta property=\"og:description\" content=\"El Presidente pondr\u00e1 en funciones el \u00f3rgano casi un a\u00f1o despu\u00e9s de su creaci\u00f3n.\" \/>\n<meta property=\"og:url\" content=\"https:\/\/informelitoral.com.ar\/gobierno-confirmo-la-primera-reunion-del-consejo-de-mayo-enfocada-en-reforma-laboral\/\" \/>\n<meta property=\"og:site_name\" content=\"Informe Litoral\" \/>\n<meta property=\"article:publisher\" content=\"https:\/\/www.facebook.com\/informelitoral\/\" \/>\n<meta property=\"article:published_time\" content=\"2025-06-20T12:31:48+00:00\" \/>\n<meta property=\"article:modified_time\" content=\"2025-06-20T13:07:46+00:00\" \/>\n<meta property=\"og:image\" content=\"https:\/\/informelitoral.com.ar\/%77%70%2d%63%6f%6e%74%65%6e%74\/uploads\/2025\/03\/cnne-1654684-topshot-argentina-election-runoff-results-milei-1.jpg\" \/>\n\t<meta property=\"og:image:width\" content=\"1480\" \/>\n\t<meta property=\"og:image:height\" content=\"833\" \/>\n\t<meta property=\"og:image:type\" content=\"image\/jpeg\" \/>\n<meta name=\"author\" content=\"Sebastian\" \/>\n<meta name=\"twitter:card\" content=\"summary_large_image\" \/>\n<meta name=\"twitter:creator\" content=\"@InformeLitoral\" \/>\n<meta name=\"twitter:site\" content=\"@InformeLitoral\" \/>\n<meta name=\"twitter:label1\" content=\"Escrito por\" \/>\n\t<meta name=\"twitter:data1\" content=\"Sebastian\" \/>\n\t<meta name=\"twitter:label2\" content=\"Tiempo de lectura\" \/>\n\t<meta name=\"twitter:data2\" content=\"2 minutos\" \/>\n<script type=\"application\/ld+json\" class=\"yoast-schema-graph\">{\"@context\":\"https:\\\/\\\/schema.org\",\"@graph\":[{\"@type\":\"Article\",\"@id\":\"https:\\\/\\\/informelitoral.com.ar\\\/gobierno-confirmo-la-primera-reunion-del-consejo-de-mayo-enfocada-en-reforma-laboral\\\/#article\",\"isPartOf\":{\"@id\":\"https:\\\/\\\/informelitoral.com.ar\\\/gobierno-confirmo-la-primera-reunion-del-consejo-de-mayo-enfocada-en-reforma-laboral\\\/\"},\"author\":{\"name\":\"Sebastian\",\"@id\":\"https:\\\/\\\/informelitoral.com.ar\\\/#\\\/schema\\\/person\\\/f05f9f461677119578717524b127d6d5\"},\"headline\":\"Gobierno confirm\u00f3 la primera reuni\u00f3n del Consejo de Mayo, enfocada en reforma laboral\",\"datePublished\":\"2025-06-20T12:31:48+00:00\",\"dateModified\":\"2025-06-20T13:07:46+00:00\",\"mainEntityOfPage\":{\"@id\":\"https:\\\/\\\/informelitoral.com.ar\\\/gobierno-confirmo-la-primera-reunion-del-consejo-de-mayo-enfocada-en-reforma-laboral\\\/\"},\"wordCount\":364,\"commentCount\":0,\"publisher\":{\"@id\":\"https:\\\/\\\/informelitoral.com.ar\\\/#organization\"},\"image\":{\"@id\":\"https:\\\/\\\/informelitoral.com.ar\\\/gobierno-confirmo-la-primera-reunion-del-consejo-de-mayo-enfocada-en-reforma-laboral\\\/#primaryimage\"},\"thumbnailUrl\":\"https:\\\/\\\/informelitoral.com.ar\\\/%77%70%2d%63%6f%6e%74%65%6e%74\\\/uploads\\\/2025\\\/03\\\/cnne-1654684-topshot-argentina-election-runoff-results-milei-1.jpg\",\"keywords\":[\"Javier Milei\",\"Reuni\u00f3n\"],\"articleSection\":[\"Politica\"],\"inLanguage\":\"es\",\"potentialAction\":[{\"@type\":\"CommentAction\",\"name\":\"Comment\",\"target\":[\"https:\\\/\\\/informelitoral.com.ar\\\/gobierno-confirmo-la-primera-reunion-del-consejo-de-mayo-enfocada-en-reforma-laboral\\\/#respond\"]}]},{\"@type\":\"WebPage\",\"@id\":\"https:\\\/\\\/informelitoral.com.ar\\\/gobierno-confirmo-la-primera-reunion-del-consejo-de-mayo-enfocada-en-reforma-laboral\\\/\",\"url\":\"https:\\\/\\\/informelitoral.com.ar\\\/gobierno-confirmo-la-primera-reunion-del-consejo-de-mayo-enfocada-en-reforma-laboral\\\/\",\"name\":\"Gobierno confirm\u00f3 la primera reuni\u00f3n del Consejo de Mayo, enfocada en reforma laboral - Informe Litoral\",\"isPartOf\":{\"@id\":\"https:\\\/\\\/informelitoral.com.ar\\\/#website\"},\"primaryImageOfPage\":{\"@id\":\"https:\\\/\\\/informelitoral.com.ar\\\/gobierno-confirmo-la-primera-reunion-del-consejo-de-mayo-enfocada-en-reforma-laboral\\\/#primaryimage\"},\"image\":{\"@id\":\"https:\\\/\\\/informelitoral.com.ar\\\/gobierno-confirmo-la-primera-reunion-del-consejo-de-mayo-enfocada-en-reforma-laboral\\\/#primaryimage\"},\"thumbnailUrl\":\"https:\\\/\\\/informelitoral.com.ar\\\/%77%70%2d%63%6f%6e%74%65%6e%74\\\/uploads\\\/2025\\\/03\\\/cnne-1654684-topshot-argentina-election-runoff-results-milei-1.jpg\",\"datePublished\":\"2025-06-20T12:31:48+00:00\",\"dateModified\":\"2025-06-20T13:07:46+00:00\",\"breadcrumb\":{\"@id\":\"https:\\\/\\\/informelitoral.com.ar\\\/gobierno-confirmo-la-primera-reunion-del-consejo-de-mayo-enfocada-en-reforma-laboral\\\/#breadcrumb\"},\"inLanguage\":\"es\",\"potentialAction\":[{\"@type\":\"ReadAction\",\"target\":[\"https:\\\/\\\/informelitoral.com.ar\\\/gobierno-confirmo-la-primera-reunion-del-consejo-de-mayo-enfocada-en-reforma-laboral\\\/\"]}]},{\"@type\":\"ImageObject\",\"inLanguage\":\"es\",\"@id\":\"https:\\\/\\\/informelitoral.com.ar\\\/gobierno-confirmo-la-primera-reunion-del-consejo-de-mayo-enfocada-en-reforma-laboral\\\/#primaryimage\",\"url\":\"https:\\\/\\\/informelitoral.com.ar\\\/%77%70%2d%63%6f%6e%74%65%6e%74\\\/uploads\\\/2025\\\/03\\\/cnne-1654684-topshot-argentina-election-runoff-results-milei-1.jpg\",\"contentUrl\":\"https:\\\/\\\/informelitoral.com.ar\\\/%77%70%2d%63%6f%6e%74%65%6e%74\\\/uploads\\\/2025\\\/03\\\/cnne-1654684-topshot-argentina-election-runoff-results-milei-1.jpg\",\"width\":1480,\"height\":833},{\"@type\":\"BreadcrumbList\",\"@id\":\"https:\\\/\\\/informelitoral.com.ar\\\/gobierno-confirmo-la-primera-reunion-del-consejo-de-mayo-enfocada-en-reforma-laboral\\\/#breadcrumb\",\"itemListElement\":[{\"@type\":\"ListItem\",\"position\":1,\"name\":\"Portada\",\"item\":\"https:\\\/\\\/informelitoral.com.ar\\\/\"},{\"@type\":\"ListItem\",\"position\":2,\"name\":\"Gobierno confirm\u00f3 la primera reuni\u00f3n del Consejo de Mayo, enfocada en reforma laboral\"}]},{\"@type\":\"WebSite\",\"@id\":\"https:\\\/\\\/informelitoral.com.ar\\\/#website\",\"url\":\"https:\\\/\\\/informelitoral.com.ar\\\/\",\"name\":\"Informe Litoral\",\"description\":\"&quot;Nos informamos&quot; \",\"publisher\":{\"@id\":\"https:\\\/\\\/informelitoral.com.ar\\\/#organization\"},\"potentialAction\":[{\"@type\":\"SearchAction\",\"target\":{\"@type\":\"EntryPoint\",\"urlTemplate\":\"https:\\\/\\\/informelitoral.com.ar\\\/?s={search_term_string}\"},\"query-input\":{\"@type\":\"PropertyValueSpecification\",\"valueRequired\":true,\"valueName\":\"search_term_string\"}}],\"inLanguage\":\"es\"},{\"@type\":\"Organization\",\"@id\":\"https:\\\/\\\/informelitoral.com.ar\\\/#organization\",\"name\":\"Informe Litoral\",\"url\":\"https:\\\/\\\/informelitoral.com.ar\\\/\",\"logo\":{\"@type\":\"ImageObject\",\"inLanguage\":\"es\",\"@id\":\"https:\\\/\\\/informelitoral.com.ar\\\/#\\\/schema\\\/logo\\\/image\\\/\",\"url\":\"https:\\\/\\\/informelitoral.com.ar\\\/%77%70%2d%63%6f%6e%74%65%6e%74\\\/uploads\\\/2021\\\/01\\\/circulo.png\",\"contentUrl\":\"https:\\\/\\\/informelitoral.com.ar\\\/%77%70%2d%63%6f%6e%74%65%6e%74\\\/uploads\\\/2021\\\/01\\\/circulo.png\",\"width\":723,\"height\":731,\"caption\":\"Informe Litoral\"},\"image\":{\"@id\":\"https:\\\/\\\/informelitoral.com.ar\\\/#\\\/schema\\\/logo\\\/image\\\/\"},\"sameAs\":[\"https:\\\/\\\/www.facebook.com\\\/informelitoral\\\/\",\"https:\\\/\\\/x.com\\\/InformeLitoral\",\"https:\\\/\\\/www.instagram.com\\\/informelitoral\\\/\",\"https:\\\/\\\/www.youtube.com\\\/channel\\\/UCua4Qvz8Icb6MYqhoq9xLXw\"]},{\"@type\":\"Person\",\"@id\":\"https:\\\/\\\/informelitoral.com.ar\\\/#\\\/schema\\\/person\\\/f05f9f461677119578717524b127d6d5\",\"name\":\"Sebastian\",\"image\":{\"@type\":\"ImageObject\",\"inLanguage\":\"es\",\"@id\":\"https:\\\/\\\/secure.gravatar.com\\\/avatar\\\/b71bf7481d447dfb9583c7f2798e7cc64de6efb9067b74633ed8c31059a3bd82?s=96&d=mm&r=g\",\"url\":\"https:\\\/\\\/secure.gravatar.com\\\/avatar\\\/b71bf7481d447dfb9583c7f2798e7cc64de6efb9067b74633ed8c31059a3bd82?s=96&d=mm&r=g\",\"contentUrl\":\"https:\\\/\\\/secure.gravatar.com\\\/avatar\\\/b71bf7481d447dfb9583c7f2798e7cc64de6efb9067b74633ed8c31059a3bd82?s=96&d=mm&r=g\",\"caption\":\"Sebastian\"},\"url\":\"https:\\\/\\\/informelitoral.com.ar\\\/author\\\/sebastian\\\/\"}]}<\/script>","yoast_head_json":{"title":"Gobierno confirm\u00f3 la primera reuni\u00f3n del Consejo de Mayo, enfocada en reforma laboral - Informe Litoral","robots":{"index":"index","follow":"follow","max-snippet":"max-snippet:-1","max-image-preview":"max-image-preview:large","max-video-preview":"max-video-preview:-1"},"canonical":"https:\/\/informelitoral.com.ar\/gobierno-confirmo-la-primera-reunion-del-consejo-de-mayo-enfocada-en-reforma-laboral\/","og_locale":"es_ES","og_type":"article","og_title":"Gobierno confirm\u00f3 la primera reuni\u00f3n del Consejo de Mayo, enfocada en reforma laboral - Informe Litoral","og_description":"El Presidente pondr\u00e1 en funciones el \u00f3rgano casi un a\u00f1o despu\u00e9s de su creaci\u00f3n.","og_url":"https:\/\/informelitoral.com.ar\/gobierno-confirmo-la-primera-reunion-del-consejo-de-mayo-enfocada-en-reforma-laboral\/","og_site_name":"Informe Litoral","article_publisher":"https:\/\/www.facebook.com\/informelitoral\/","article_published_time":"2025-06-20T12:31:48+00:00","article_modified_time":"2025-06-20T13:07:46+00:00","og_image":[{"width":1480,"height":833,"url":"https:\/\/informelitoral.com.ar\/%77%70%2d%63%6f%6e%74%65%6e%74\/uploads\/2025\/03\/cnne-1654684-topshot-argentina-election-runoff-results-milei-1.jpg","type":"image\/jpeg"}],"author":"Sebastian","twitter_card":"summary_large_image","twitter_creator":"@InformeLitoral","twitter_site":"@InformeLitoral","twitter_misc":{"Escrito por":"Sebastian","Tiempo de lectura":"2 minutos"},"schema":{"@context":"https:\/\/schema.org","@graph":[{"@type":"Article","@id":"https:\/\/informelitoral.com.ar\/gobierno-confirmo-la-primera-reunion-del-consejo-de-mayo-enfocada-en-reforma-laboral\/#article","isPartOf":{"@id":"https:\/\/informelitoral.com.ar\/gobierno-confirmo-la-primera-reunion-del-consejo-de-mayo-enfocada-en-reforma-laboral\/"},"author":{"name":"Sebastian","@id":"https:\/\/informelitoral.com.ar\/#\/schema\/person\/f05f9f461677119578717524b127d6d5"},"headline":"Gobierno confirm\u00f3 la primera reuni\u00f3n del Consejo de Mayo, enfocada en reforma laboral","datePublished":"2025-06-20T12:31:48+00:00","dateModified":"2025-06-20T13:07:46+00:00","mainEntityOfPage":{"@id":"https:\/\/informelitoral.com.ar\/gobierno-confirmo-la-primera-reunion-del-consejo-de-mayo-enfocada-en-reforma-laboral\/"},"wordCount":364,"commentCount":0,"publisher":{"@id":"https:\/\/informelitoral.com.ar\/#organization"},"image":{"@id":"https:\/\/informelitoral.com.ar\/gobierno-confirmo-la-primera-reunion-del-consejo-de-mayo-enfocada-en-reforma-laboral\/#primaryimage"},"thumbnailUrl":"https:\/\/informelitoral.com.ar\/%77%70%2d%63%6f%6e%74%65%6e%74\/uploads\/2025\/03\/cnne-1654684-topshot-argentina-election-runoff-results-milei-1.jpg","keywords":["Javier Milei","Reuni\u00f3n"],"articleSection":["Politica"],"inLanguage":"es","potentialAction":[{"@type":"CommentAction","name":"Comment","target":["https:\/\/informelitoral.com.ar\/gobierno-confirmo-la-primera-reunion-del-consejo-de-mayo-enfocada-en-reforma-laboral\/#respond"]}]},{"@type":"WebPage","@id":"https:\/\/informelitoral.com.ar\/gobierno-confirmo-la-primera-reunion-del-consejo-de-mayo-enfocada-en-reforma-laboral\/","url":"https:\/\/informelitoral.com.ar\/gobierno-confirmo-la-primera-reunion-del-consejo-de-mayo-enfocada-en-reforma-laboral\/","name":"Gobierno confirm\u00f3 la primera reuni\u00f3n del Consejo de Mayo, enfocada en reforma laboral - Informe Litoral","isPartOf":{"@id":"https:\/\/informelitoral.com.ar\/#website"},"primaryImageOfPage":{"@id":"https:\/\/informelitoral.com.ar\/gobierno-confirmo-la-primera-reunion-del-consejo-de-mayo-enfocada-en-reforma-laboral\/#primaryimage"},"image":{"@id":"https:\/\/informelitoral.com.ar\/gobierno-confirmo-la-primera-reunion-del-consejo-de-mayo-enfocada-en-reforma-laboral\/#primaryimage"},"thumbnailUrl":"https:\/\/informelitoral.com.ar\/%77%70%2d%63%6f%6e%74%65%6e%74\/uploads\/2025\/03\/cnne-1654684-topshot-argentina-election-runoff-results-milei-1.jpg","datePublished":"2025-06-20T12:31:48+00:00","dateModified":"2025-06-20T13:07:46+00:00","breadcrumb":{"@id":"https:\/\/informelitoral.com.ar\/gobierno-confirmo-la-primera-reunion-del-consejo-de-mayo-enfocada-en-reforma-laboral\/#breadcrumb"},"inLanguage":"es","potentialAction":[{"@type":"ReadAction","target":["https:\/\/informelitoral.com.ar\/gobierno-confirmo-la-primera-reunion-del-consejo-de-mayo-enfocada-en-reforma-laboral\/"]}]},{"@type":"ImageObject","inLanguage":"es","@id":"https:\/\/informelitoral.com.ar\/gobierno-confirmo-la-primera-reunion-del-consejo-de-mayo-enfocada-en-reforma-laboral\/#primaryimage","url":"https:\/\/informelitoral.com.ar\/%77%70%2d%63%6f%6e%74%65%6e%74\/uploads\/2025\/03\/cnne-1654684-topshot-argentina-election-runoff-results-milei-1.jpg","contentUrl":"https:\/\/informelitoral.com.ar\/%77%70%2d%63%6f%6e%74%65%6e%74\/uploads\/2025\/03\/cnne-1654684-topshot-argentina-election-runoff-results-milei-1.jpg","width":1480,"height":833},{"@type":"BreadcrumbList","@id":"https:\/\/informelitoral.com.ar\/gobierno-confirmo-la-primera-reunion-del-consejo-de-mayo-enfocada-en-reforma-laboral\/#breadcrumb","itemListElement":[{"@type":"ListItem","position":1,"name":"Portada","item":"https:\/\/informelitoral.com.ar\/"},{"@type":"ListItem","position":2,"name":"Gobierno confirm\u00f3 la primera reuni\u00f3n del Consejo de Mayo, enfocada en reforma laboral"}]},{"@type":"WebSite","@id":"https:\/\/informelitoral.com.ar\/#website","url":"https:\/\/informelitoral.com.ar\/","name":"Informe Litoral","description":"&quot;Nos informamos&quot; ","publisher":{"@id":"https:\/\/informelitoral.com.ar\/#organization"},"potentialAction":[{"@type":"SearchAction","target":{"@type":"EntryPoint","urlTemplate":"https:\/\/informelitoral.com.ar\/?s={search_term_string}"},"query-input":{"@type":"PropertyValueSpecification","valueRequired":true,"valueName":"search_term_string"}}],"inLanguage":"es"},{"@type":"Organization","@id":"https:\/\/informelitoral.com.ar\/#organization","name":"Informe Litoral","url":"https:\/\/informelitoral.com.ar\/","logo":{"@type":"ImageObject","inLanguage":"es","@id":"https:\/\/informelitoral.com.ar\/#\/schema\/logo\/image\/","url":"https:\/\/informelitoral.com.ar\/%77%70%2d%63%6f%6e%74%65%6e%74\/uploads\/2021\/01\/circulo.png","contentUrl":"https:\/\/informelitoral.com.ar\/%77%70%2d%63%6f%6e%74%65%6e%74\/uploads\/2021\/01\/circulo.png","width":723,"height":731,"caption":"Informe Litoral"},"image":{"@id":"https:\/\/informelitoral.com.ar\/#\/schema\/logo\/image\/"},"sameAs":["https:\/\/www.facebook.com\/informelitoral\/","https:\/\/x.com\/InformeLitoral","https:\/\/www.instagram.com\/informelitoral\/","https:\/\/www.youtube.com\/channel\/UCua4Qvz8Icb6MYqhoq9xLXw"]},{"@type":"Person","@id":"https:\/\/informelitoral.com.ar\/#\/schema\/person\/f05f9f461677119578717524b127d6d5","name":"Sebastian","image":{"@type":"ImageObject","inLanguage":"es","@id":"https:\/\/secure.gravatar.com\/avatar\/b71bf7481d447dfb9583c7f2798e7cc64de6efb9067b74633ed8c31059a3bd82?s=96&d=mm&r=g","url":"https:\/\/secure.gravatar.com\/avatar\/b71bf7481d447dfb9583c7f2798e7cc64de6efb9067b74633ed8c31059a3bd82?s=96&d=mm&r=g","contentUrl":"https:\/\/secure.gravatar.com\/avatar\/b71bf7481d447dfb9583c7f2798e7cc64de6efb9067b74633ed8c31059a3bd82?s=96&d=mm&r=g","caption":"Sebastian"},"url":"https:\/\/informelitoral.com.ar\/author\/sebastian\/"}]}},"_links":{"self":[{"href":"https:\/\/informelitoral.com.ar\/%77%70%2d%6a%73%6f%6e\/wp\/v2\/posts\/224745","targetHints":{"allow":["GET"]}}],"collection":[{"href":"https:\/\/informelitoral.com.ar\/%77%70%2d%6a%73%6f%6e\/wp\/v2\/posts"}],"about":[{"href":"https:\/\/informelitoral.com.ar\/%77%70%2d%6a%73%6f%6e\/wp\/v2\/types\/post"}],"author":[{"embeddable":true,"href":"https:\/\/informelitoral.com.ar\/%77%70%2d%6a%73%6f%6e\/wp\/v2\/users\/8"}],"replies":[{"embeddable":true,"href":"https:\/\/informelitoral.com.ar\/%77%70%2d%6a%73%6f%6e\/wp\/v2\/comments?post=224745"}],"version-history":[{"count":3,"href":"https:\/\/informelitoral.com.ar\/%77%70%2d%6a%73%6f%6e\/wp\/v2\/posts\/224745\/revisions"}],"predecessor-version":[{"id":224771,"href":"https:\/\/informelitoral.com.ar\/%77%70%2d%6a%73%6f%6e\/wp\/v2\/posts\/224745\/revisions\/224771"}],"wp:featuredmedia":[{"embeddable":true,"href":"https:\/\/informelitoral.com.ar\/%77%70%2d%6a%73%6f%6e\/wp\/v2\/media\/213684"}],"wp:attachment":[{"href":"https:\/\/informelitoral.com.ar\/%77%70%2d%6a%73%6f%6e\/wp\/v2\/media?parent=224745"}],"wp:term":[{"taxonomy":"category","embeddable":true,"href":"https:\/\/informelitoral.com.ar\/%77%70%2d%6a%73%6f%6e\/wp\/v2\/categories?post=224745"},{"taxonomy":"post_tag","embeddable":true,"href":"https:\/\/informelitoral.com.ar\/%77%70%2d%6a%73%6f%6e\/wp\/v2\/tags?post=224745"}],"curies":[{"name":"wp","href":"https:\/\/api.w.org\/{rel}","templated":true}]}}