{"id":224726,"date":"2025-06-20T08:55:37","date_gmt":"2025-06-20T11:55:37","guid":{"rendered":"https:\/\/informelitoral.com.ar\/?p=224726"},"modified":"2025-06-20T08:56:14","modified_gmt":"2025-06-20T11:56:14","slug":"224726-2","status":"publish","type":"post","link":"https:\/\/informelitoral.com.ar\/224726-2\/","title":{"rendered":"Bayern M\u00fanich vs. Boca: hora, formaciones y TV"},"content":{"rendered":"<p><b>Boca enfrentar\u00e1 este viernes al Bayern M\u00fanich<\/b>\u00a0de Alemania, desde las 22 de la Argentina, por la segunda fecha del grupo C del\u00a0<b>Mundial de Clubes<\/b>. El Xeneize se jugar\u00e1 sus chances de seguir en la competici\u00f3n ante el gigante b\u00e1varo nuevamente en el Hard Rock Stadium de Miami, en una cita que se robar\u00e1 todas las luces. De todas formas, antes estar\u00e1 atento a lo que pase antes en\u00a0Benfica-Auckland City.<\/p>\n<div class=\"alsoReadContainer\">\n<h2 class=\"alsoReadText\"><strong>La formaci\u00f3n de Boca vs. Bayern M\u00fanich, por el Mundial de Clubes<\/strong><\/h2>\n<\/div>\n<p>Luego de que\u00a0en el debut se le escapara el triunfo ante Benfica, contra el que termin\u00f3 igualando por 2-2, el conjunto de\u00a0<b>Miguel \u00c1ngel Russo<\/b>, que afrontar\u00e1 su segundo compromiso en este tercer ciclo al frente del azul y oro,\u00a0<b>necesita un buen resultado ante los alemanes para no complicar por dem\u00e1s sus aspiraciones\u00a0<\/b>de ser uno de los dos clasificados a la siguiente instancia.<\/p>\n<p>Los dirigidos por Vincent Kompany son los grandes candidatos a quedarse con la zona y\u00a0vienen de aplastar por 10-0 al Auckland City, equipo semiprofesional de Nueva Zelanda. Por eso,\u00a0<u>si los de la Ribera consiguen sumar al menos un punto quedar\u00edan muy bien parados<\/u> para enfrentar a los oce\u00e1nicos en la \u00faltima jornada, en la que los alemanes chocar\u00e1n con los lusos.<\/p>\n<div class=\"alsoReadContainer\">\n<h2 class=\"alsoReadText\"><strong>Boca vs. Bayern M\u00fanich, EN VIVO por el Mundial de Clubes: qu\u00e9 canal lo pasa por TV y d\u00f3nde ver online<\/strong><\/h2>\n<\/div>\n<p>Para este partido, Russo planea modificar nombres y esquema. Con respecto a los que salieron al campo de juego ante Las \u00c1guilas, ya\u00a0<b>no podr\u00e1 contar con Nicol\u00e1s Figal ni Ander Herrera<\/b>.\u00a0Ambos se fueron expulsados y recibieron cuatro fechas de suspensi\u00f3n, aunque el espa\u00f1ol ya estaba fuera de la cancha en ese momento: sali\u00f3 a los 20 del primer tiempo por una molestia muscular.<\/p>\n<h2><strong>La probable formaci\u00f3n de Boca vs. Bayern M\u00fanich, por el Mundial de Clubes<\/strong><\/h2>\n<p>Agust\u00edn Marches\u00edn; Luis Adv\u00edncula, Lautaro Di Lollo, Ayrton Costa, Lautaro Blanco; Kevin Zen\u00f3n o Malcom Braida, Rodrigo Battaglia, Tom\u00e1s Belmonte, Alan Velasco; Carlos Palacios y Miguel Merentiel. DT: Miguel \u00c1ngel Russo.<\/p>\n<h2><strong>El posible once de Bayern M\u00fanich vs. Boca, por el Mundial de Clubes<\/strong><\/h2>\n<p>Manuel Neuer; Sacha Boey, Jonathan Tah, Josip Stanisic, Raphael Guerreiro; Joshua Kimmich, Aleksandar Pavlovic; Michael Olise, Thomas Muller o Jamal Musiala, Kingsley Coman; Harry Kane. DT: Vincent Kompany<\/p>\n<h2><strong>Los datos de Boca vs. Bayern M\u00fanich, por el Mundial de Clubes<\/strong><\/h2>\n<ul>\n<li><u>Hora<\/u>: 22.00<\/li>\n<li><u>\u00c1rbitro<\/u>: Alireza Faghan<\/li>\n<li><u>Estadio<\/u>: Hard Rock de Miami<\/li>\n<li><u>TV<\/u>: Telef\u00e9 y DAZN (streaming)<\/li>\n<\/ul>\n<h2><strong>As\u00ed est\u00e1 el grupo de Boca en el Mundial de Clubes<\/strong><\/h2>\n<ol>\n<li><b>Bayern M\u00fanich<\/b>: 3 puntos (+10)<\/li>\n<li><b>Benfica<\/b>: 1 punto (0)<\/li>\n<li><b>Boca<\/b>: 1 punto (0)<\/li>\n<li><b>Auckland City<\/b>: 0 puntos (-10). (<em>TyC Sports<\/em>)<\/li>\n<\/ol>\n<h6><em><strong>Del archivo:\u00a0<a href=\"https:\/\/informelitoral.com.ar\/durisimo-golpe-para-boca-figal-y-herrera-suspendidos-por-cuatro-partidos-en-el-mundial-de-clubes\/\" target=\"_blank\" rel=\"noopener\">Dur\u00edsimo golpe para Boca: Figal y Herrera suspendidos por cuatro partidos en el Mundial de Clubes<\/a><\/strong><\/em><\/h6>\n","protected":false},"excerpt":{"rendered":"<p>El xeneize busca un buen resultado en Miami para mantener vivas sus aspiraciones en el grupo c<\/p>\n","protected":false},"author":8,"featured_media":224727,"comment_status":"open","ping_status":"open","sticky":false,"template":"","format":"standard","meta":{"fifu_image_url":"https:\/\/vstatic.vietnam.vn\/vietnam\/resource\/IMAGE\/2025\/6\/20\/d43fb7546ca943c688c25172abcc641b","fifu_image_alt":"","footnotes":""},"categories":[13],"tags":[5810,384],"class_list":{"0":"post-224726","1":"post","2":"type-post","3":"status-publish","4":"format-standard","5":"has-post-thumbnail","7":"category-deportes","8":"tag-bayern","9":"tag-boca-juniors"},"yoast_head":"<title>Bayern M\u00fanich vs. Boca: hora, formaciones y TV - Informe Litoral<\/title>\n<meta name=\"robots\" content=\"index, follow, max-snippet:-1, max-image-preview:large, max-video-preview:-1\" \/>\n<link rel=\"canonical\" href=\"https:\/\/informelitoral.com.ar\/224726-2\/\" \/>\n<meta property=\"og:locale\" content=\"es_ES\" \/>\n<meta property=\"og:type\" content=\"article\" \/>\n<meta property=\"og:title\" content=\"Bayern M\u00fanich vs. Boca: hora, formaciones y TV - Informe Litoral\" \/>\n<meta property=\"og:description\" content=\"El xeneize busca un buen resultado en Miami para mantener vivas sus aspiraciones en el grupo c\" \/>\n<meta property=\"og:url\" content=\"https:\/\/informelitoral.com.ar\/224726-2\/\" \/>\n<meta property=\"og:site_name\" content=\"Informe Litoral\" \/>\n<meta property=\"article:publisher\" content=\"https:\/\/www.facebook.com\/informelitoral\/\" \/>\n<meta property=\"article:published_time\" content=\"2025-06-20T11:55:37+00:00\" \/>\n<meta property=\"article:modified_time\" content=\"2025-06-20T11:56:14+00:00\" \/>\n<meta property=\"og:image\" content=\"https:\/\/vstatic.vietnam.vn\/vietnam\/resource\/IMAGE\/2025\/6\/20\/d43fb7546ca943c688c25172abcc641b\" \/><meta property=\"og:image\" content=\"https:\/\/vstatic.vietnam.vn\/vietnam\/resource\/IMAGE\/2025\/6\/20\/d43fb7546ca943c688c25172abcc641b\" \/>\n\t<meta property=\"og:image:width\" content=\"1000\" \/>\n\t<meta property=\"og:image:height\" content=\"561\" \/>\n\t<meta property=\"og:image:type\" content=\"image\/jpeg\" \/>\n<meta name=\"author\" content=\"Sebastian\" \/>\n<meta name=\"twitter:card\" content=\"summary_large_image\" \/>\n<meta name=\"twitter:image\" content=\"https:\/\/vstatic.vietnam.vn\/vietnam\/resource\/IMAGE\/2025\/6\/20\/d43fb7546ca943c688c25172abcc641b\" \/>\n<meta name=\"twitter:creator\" content=\"@InformeLitoral\" \/>\n<meta name=\"twitter:site\" content=\"@InformeLitoral\" \/>\n<meta name=\"twitter:label1\" content=\"Escrito por\" \/>\n\t<meta name=\"twitter:data1\" content=\"Sebastian\" \/>\n\t<meta name=\"twitter:label2\" content=\"Tiempo de lectura\" \/>\n\t<meta name=\"twitter:data2\" content=\"3 minutos\" \/>\n<script type=\"application\/ld+json\" class=\"yoast-schema-graph\">{\"@context\":\"https:\\\/\\\/schema.org\",\"@graph\":[{\"@type\":\"Article\",\"@id\":\"https:\\\/\\\/informelitoral.com.ar\\\/224726-2\\\/#article\",\"isPartOf\":{\"@id\":\"https:\\\/\\\/informelitoral.com.ar\\\/224726-2\\\/\"},\"author\":{\"name\":\"Sebastian\",\"@id\":\"https:\\\/\\\/informelitoral.com.ar\\\/#\\\/schema\\\/person\\\/f05f9f461677119578717524b127d6d5\"},\"headline\":\"Bayern M\u00fanich vs. Boca: hora, formaciones y TV\",\"datePublished\":\"2025-06-20T11:55:37+00:00\",\"dateModified\":\"2025-06-20T11:56:14+00:00\",\"mainEntityOfPage\":{\"@id\":\"https:\\\/\\\/informelitoral.com.ar\\\/224726-2\\\/\"},\"wordCount\":484,\"commentCount\":0,\"publisher\":{\"@id\":\"https:\\\/\\\/informelitoral.com.ar\\\/#organization\"},\"image\":{\"@id\":\"https:\\\/\\\/informelitoral.com.ar\\\/224726-2\\\/#primaryimage\"},\"thumbnailUrl\":\"https:\\\/\\\/vstatic.vietnam.vn\\\/vietnam\\\/resource\\\/IMAGE\\\/2025\\\/6\\\/20\\\/d43fb7546ca943c688c25172abcc641b\",\"keywords\":[\"Bayern\",\"Boca Juniors\"],\"articleSection\":[\"Deportes\"],\"inLanguage\":\"es\",\"potentialAction\":[{\"@type\":\"CommentAction\",\"name\":\"Comment\",\"target\":[\"https:\\\/\\\/informelitoral.com.ar\\\/224726-2\\\/#respond\"]}]},{\"@type\":\"WebPage\",\"@id\":\"https:\\\/\\\/informelitoral.com.ar\\\/224726-2\\\/\",\"url\":\"https:\\\/\\\/informelitoral.com.ar\\\/224726-2\\\/\",\"name\":\"Bayern M\u00fanich vs. Boca: hora, formaciones y TV - Informe Litoral\",\"isPartOf\":{\"@id\":\"https:\\\/\\\/informelitoral.com.ar\\\/#website\"},\"primaryImageOfPage\":{\"@id\":\"https:\\\/\\\/informelitoral.com.ar\\\/224726-2\\\/#primaryimage\"},\"image\":{\"@id\":\"https:\\\/\\\/informelitoral.com.ar\\\/224726-2\\\/#primaryimage\"},\"thumbnailUrl\":\"https:\\\/\\\/vstatic.vietnam.vn\\\/vietnam\\\/resource\\\/IMAGE\\\/2025\\\/6\\\/20\\\/d43fb7546ca943c688c25172abcc641b\",\"datePublished\":\"2025-06-20T11:55:37+00:00\",\"dateModified\":\"2025-06-20T11:56:14+00:00\",\"breadcrumb\":{\"@id\":\"https:\\\/\\\/informelitoral.com.ar\\\/224726-2\\\/#breadcrumb\"},\"inLanguage\":\"es\",\"potentialAction\":[{\"@type\":\"ReadAction\",\"target\":[\"https:\\\/\\\/informelitoral.com.ar\\\/224726-2\\\/\"]}]},{\"@type\":\"ImageObject\",\"inLanguage\":\"es\",\"@id\":\"https:\\\/\\\/informelitoral.com.ar\\\/224726-2\\\/#primaryimage\",\"url\":\"https:\\\/\\\/vstatic.vietnam.vn\\\/vietnam\\\/resource\\\/IMAGE\\\/2025\\\/6\\\/20\\\/d43fb7546ca943c688c25172abcc641b\",\"contentUrl\":\"https:\\\/\\\/vstatic.vietnam.vn\\\/vietnam\\\/resource\\\/IMAGE\\\/2025\\\/6\\\/20\\\/d43fb7546ca943c688c25172abcc641b\",\"width\":\"1000\",\"height\":\"561\"},{\"@type\":\"BreadcrumbList\",\"@id\":\"https:\\\/\\\/informelitoral.com.ar\\\/224726-2\\\/#breadcrumb\",\"itemListElement\":[{\"@type\":\"ListItem\",\"position\":1,\"name\":\"Portada\",\"item\":\"https:\\\/\\\/informelitoral.com.ar\\\/\"},{\"@type\":\"ListItem\",\"position\":2,\"name\":\"Bayern M\u00fanich vs. Boca: hora, formaciones y TV\"}]},{\"@type\":\"WebSite\",\"@id\":\"https:\\\/\\\/informelitoral.com.ar\\\/#website\",\"url\":\"https:\\\/\\\/informelitoral.com.ar\\\/\",\"name\":\"Informe Litoral\",\"description\":\"&quot;Nos informamos&quot; \",\"publisher\":{\"@id\":\"https:\\\/\\\/informelitoral.com.ar\\\/#organization\"},\"potentialAction\":[{\"@type\":\"SearchAction\",\"target\":{\"@type\":\"EntryPoint\",\"urlTemplate\":\"https:\\\/\\\/informelitoral.com.ar\\\/?s={search_term_string}\"},\"query-input\":{\"@type\":\"PropertyValueSpecification\",\"valueRequired\":true,\"valueName\":\"search_term_string\"}}],\"inLanguage\":\"es\"},{\"@type\":\"Organization\",\"@id\":\"https:\\\/\\\/informelitoral.com.ar\\\/#organization\",\"name\":\"Informe Litoral\",\"url\":\"https:\\\/\\\/informelitoral.com.ar\\\/\",\"logo\":{\"@type\":\"ImageObject\",\"inLanguage\":\"es\",\"@id\":\"https:\\\/\\\/informelitoral.com.ar\\\/#\\\/schema\\\/logo\\\/image\\\/\",\"url\":\"https:\\\/\\\/informelitoral.com.ar\\\/%77%70%2d%63%6f%6e%74%65%6e%74\\\/uploads\\\/2021\\\/01\\\/circulo.png\",\"contentUrl\":\"https:\\\/\\\/informelitoral.com.ar\\\/%77%70%2d%63%6f%6e%74%65%6e%74\\\/uploads\\\/2021\\\/01\\\/circulo.png\",\"width\":723,\"height\":731,\"caption\":\"Informe Litoral\"},\"image\":{\"@id\":\"https:\\\/\\\/informelitoral.com.ar\\\/#\\\/schema\\\/logo\\\/image\\\/\"},\"sameAs\":[\"https:\\\/\\\/www.facebook.com\\\/informelitoral\\\/\",\"https:\\\/\\\/x.com\\\/InformeLitoral\",\"https:\\\/\\\/www.instagram.com\\\/informelitoral\\\/\",\"https:\\\/\\\/www.youtube.com\\\/channel\\\/UCua4Qvz8Icb6MYqhoq9xLXw\"]},{\"@type\":\"Person\",\"@id\":\"https:\\\/\\\/informelitoral.com.ar\\\/#\\\/schema\\\/person\\\/f05f9f461677119578717524b127d6d5\",\"name\":\"Sebastian\",\"image\":{\"@type\":\"ImageObject\",\"inLanguage\":\"es\",\"@id\":\"https:\\\/\\\/secure.gravatar.com\\\/avatar\\\/b71bf7481d447dfb9583c7f2798e7cc64de6efb9067b74633ed8c31059a3bd82?s=96&d=mm&r=g\",\"url\":\"https:\\\/\\\/secure.gravatar.com\\\/avatar\\\/b71bf7481d447dfb9583c7f2798e7cc64de6efb9067b74633ed8c31059a3bd82?s=96&d=mm&r=g\",\"contentUrl\":\"https:\\\/\\\/secure.gravatar.com\\\/avatar\\\/b71bf7481d447dfb9583c7f2798e7cc64de6efb9067b74633ed8c31059a3bd82?s=96&d=mm&r=g\",\"caption\":\"Sebastian\"},\"url\":\"https:\\\/\\\/informelitoral.com.ar\\\/author\\\/sebastian\\\/\"}]}<\/script>","yoast_head_json":{"title":"Bayern M\u00fanich vs. Boca: hora, formaciones y TV - Informe Litoral","robots":{"index":"index","follow":"follow","max-snippet":"max-snippet:-1","max-image-preview":"max-image-preview:large","max-video-preview":"max-video-preview:-1"},"canonical":"https:\/\/informelitoral.com.ar\/224726-2\/","og_locale":"es_ES","og_type":"article","og_title":"Bayern M\u00fanich vs. Boca: hora, formaciones y TV - Informe Litoral","og_description":"El xeneize busca un buen resultado en Miami para mantener vivas sus aspiraciones en el grupo c","og_url":"https:\/\/informelitoral.com.ar\/224726-2\/","og_site_name":"Informe Litoral","article_publisher":"https:\/\/www.facebook.com\/informelitoral\/","article_published_time":"2025-06-20T11:55:37+00:00","article_modified_time":"2025-06-20T11:56:14+00:00","og_image":[{"url":"https:\/\/vstatic.vietnam.vn\/vietnam\/resource\/IMAGE\/2025\/6\/20\/d43fb7546ca943c688c25172abcc641b","type":"","width":"","height":""},{"width":1000,"height":561,"url":"https:\/\/vstatic.vietnam.vn\/vietnam\/resource\/IMAGE\/2025\/6\/20\/d43fb7546ca943c688c25172abcc641b","type":"image\/jpeg"}],"author":"Sebastian","twitter_card":"summary_large_image","twitter_image":"https:\/\/vstatic.vietnam.vn\/vietnam\/resource\/IMAGE\/2025\/6\/20\/d43fb7546ca943c688c25172abcc641b","twitter_creator":"@InformeLitoral","twitter_site":"@InformeLitoral","twitter_misc":{"Escrito por":"Sebastian","Tiempo de lectura":"3 minutos"},"schema":{"@context":"https:\/\/schema.org","@graph":[{"@type":"Article","@id":"https:\/\/informelitoral.com.ar\/224726-2\/#article","isPartOf":{"@id":"https:\/\/informelitoral.com.ar\/224726-2\/"},"author":{"name":"Sebastian","@id":"https:\/\/informelitoral.com.ar\/#\/schema\/person\/f05f9f461677119578717524b127d6d5"},"headline":"Bayern M\u00fanich vs. Boca: hora, formaciones y TV","datePublished":"2025-06-20T11:55:37+00:00","dateModified":"2025-06-20T11:56:14+00:00","mainEntityOfPage":{"@id":"https:\/\/informelitoral.com.ar\/224726-2\/"},"wordCount":484,"commentCount":0,"publisher":{"@id":"https:\/\/informelitoral.com.ar\/#organization"},"image":{"@id":"https:\/\/informelitoral.com.ar\/224726-2\/#primaryimage"},"thumbnailUrl":"https:\/\/vstatic.vietnam.vn\/vietnam\/resource\/IMAGE\/2025\/6\/20\/d43fb7546ca943c688c25172abcc641b","keywords":["Bayern","Boca Juniors"],"articleSection":["Deportes"],"inLanguage":"es","potentialAction":[{"@type":"CommentAction","name":"Comment","target":["https:\/\/informelitoral.com.ar\/224726-2\/#respond"]}]},{"@type":"WebPage","@id":"https:\/\/informelitoral.com.ar\/224726-2\/","url":"https:\/\/informelitoral.com.ar\/224726-2\/","name":"Bayern M\u00fanich vs. Boca: hora, formaciones y TV - Informe Litoral","isPartOf":{"@id":"https:\/\/informelitoral.com.ar\/#website"},"primaryImageOfPage":{"@id":"https:\/\/informelitoral.com.ar\/224726-2\/#primaryimage"},"image":{"@id":"https:\/\/informelitoral.com.ar\/224726-2\/#primaryimage"},"thumbnailUrl":"https:\/\/vstatic.vietnam.vn\/vietnam\/resource\/IMAGE\/2025\/6\/20\/d43fb7546ca943c688c25172abcc641b","datePublished":"2025-06-20T11:55:37+00:00","dateModified":"2025-06-20T11:56:14+00:00","breadcrumb":{"@id":"https:\/\/informelitoral.com.ar\/224726-2\/#breadcrumb"},"inLanguage":"es","potentialAction":[{"@type":"ReadAction","target":["https:\/\/informelitoral.com.ar\/224726-2\/"]}]},{"@type":"ImageObject","inLanguage":"es","@id":"https:\/\/informelitoral.com.ar\/224726-2\/#primaryimage","url":"https:\/\/vstatic.vietnam.vn\/vietnam\/resource\/IMAGE\/2025\/6\/20\/d43fb7546ca943c688c25172abcc641b","contentUrl":"https:\/\/vstatic.vietnam.vn\/vietnam\/resource\/IMAGE\/2025\/6\/20\/d43fb7546ca943c688c25172abcc641b","width":"1000","height":"561"},{"@type":"BreadcrumbList","@id":"https:\/\/informelitoral.com.ar\/224726-2\/#breadcrumb","itemListElement":[{"@type":"ListItem","position":1,"name":"Portada","item":"https:\/\/informelitoral.com.ar\/"},{"@type":"ListItem","position":2,"name":"Bayern M\u00fanich vs. Boca: hora, formaciones y TV"}]},{"@type":"WebSite","@id":"https:\/\/informelitoral.com.ar\/#website","url":"https:\/\/informelitoral.com.ar\/","name":"Informe Litoral","description":"&quot;Nos informamos&quot; ","publisher":{"@id":"https:\/\/informelitoral.com.ar\/#organization"},"potentialAction":[{"@type":"SearchAction","target":{"@type":"EntryPoint","urlTemplate":"https:\/\/informelitoral.com.ar\/?s={search_term_string}"},"query-input":{"@type":"PropertyValueSpecification","valueRequired":true,"valueName":"search_term_string"}}],"inLanguage":"es"},{"@type":"Organization","@id":"https:\/\/informelitoral.com.ar\/#organization","name":"Informe Litoral","url":"https:\/\/informelitoral.com.ar\/","logo":{"@type":"ImageObject","inLanguage":"es","@id":"https:\/\/informelitoral.com.ar\/#\/schema\/logo\/image\/","url":"https:\/\/informelitoral.com.ar\/%77%70%2d%63%6f%6e%74%65%6e%74\/uploads\/2021\/01\/circulo.png","contentUrl":"https:\/\/informelitoral.com.ar\/%77%70%2d%63%6f%6e%74%65%6e%74\/uploads\/2021\/01\/circulo.png","width":723,"height":731,"caption":"Informe Litoral"},"image":{"@id":"https:\/\/informelitoral.com.ar\/#\/schema\/logo\/image\/"},"sameAs":["https:\/\/www.facebook.com\/informelitoral\/","https:\/\/x.com\/InformeLitoral","https:\/\/www.instagram.com\/informelitoral\/","https:\/\/www.youtube.com\/channel\/UCua4Qvz8Icb6MYqhoq9xLXw"]},{"@type":"Person","@id":"https:\/\/informelitoral.com.ar\/#\/schema\/person\/f05f9f461677119578717524b127d6d5","name":"Sebastian","image":{"@type":"ImageObject","inLanguage":"es","@id":"https:\/\/secure.gravatar.com\/avatar\/b71bf7481d447dfb9583c7f2798e7cc64de6efb9067b74633ed8c31059a3bd82?s=96&d=mm&r=g","url":"https:\/\/secure.gravatar.com\/avatar\/b71bf7481d447dfb9583c7f2798e7cc64de6efb9067b74633ed8c31059a3bd82?s=96&d=mm&r=g","contentUrl":"https:\/\/secure.gravatar.com\/avatar\/b71bf7481d447dfb9583c7f2798e7cc64de6efb9067b74633ed8c31059a3bd82?s=96&d=mm&r=g","caption":"Sebastian"},"url":"https:\/\/informelitoral.com.ar\/author\/sebastian\/"}]}},"fifu_image_url":"https:\/\/vstatic.vietnam.vn\/vietnam\/resource\/IMAGE\/2025\/6\/20\/d43fb7546ca943c688c25172abcc641b","_links":{"self":[{"href":"https:\/\/informelitoral.com.ar\/%77%70%2d%6a%73%6f%6e\/wp\/v2\/posts\/224726","targetHints":{"allow":["GET"]}}],"collection":[{"href":"https:\/\/informelitoral.com.ar\/%77%70%2d%6a%73%6f%6e\/wp\/v2\/posts"}],"about":[{"href":"https:\/\/informelitoral.com.ar\/%77%70%2d%6a%73%6f%6e\/wp\/v2\/types\/post"}],"author":[{"embeddable":true,"href":"https:\/\/informelitoral.com.ar\/%77%70%2d%6a%73%6f%6e\/wp\/v2\/users\/8"}],"replies":[{"embeddable":true,"href":"https:\/\/informelitoral.com.ar\/%77%70%2d%6a%73%6f%6e\/wp\/v2\/comments?post=224726"}],"version-history":[{"count":2,"href":"https:\/\/informelitoral.com.ar\/%77%70%2d%6a%73%6f%6e\/wp\/v2\/posts\/224726\/revisions"}],"predecessor-version":[{"id":224730,"href":"https:\/\/informelitoral.com.ar\/%77%70%2d%6a%73%6f%6e\/wp\/v2\/posts\/224726\/revisions\/224730"}],"wp:featuredmedia":[{"embeddable":true,"href":"https:\/\/informelitoral.com.ar\/%77%70%2d%6a%73%6f%6e\/wp\/v2\/media\/224727"}],"wp:attachment":[{"href":"https:\/\/informelitoral.com.ar\/%77%70%2d%6a%73%6f%6e\/wp\/v2\/media?parent=224726"}],"wp:term":[{"taxonomy":"category","embeddable":true,"href":"https:\/\/informelitoral.com.ar\/%77%70%2d%6a%73%6f%6e\/wp\/v2\/categories?post=224726"},{"taxonomy":"post_tag","embeddable":true,"href":"https:\/\/informelitoral.com.ar\/%77%70%2d%6a%73%6f%6e\/wp\/v2\/tags?post=224726"}],"curies":[{"name":"wp","href":"https:\/\/api.w.org\/{rel}","templated":true}]}}