{"id":224720,"date":"2025-06-20T08:39:08","date_gmt":"2025-06-20T11:39:08","guid":{"rendered":"https:\/\/informelitoral.com.ar\/?p=224720"},"modified":"2025-06-20T08:41:34","modified_gmt":"2025-06-20T11:41:34","slug":"entre-rios-la-cosecha-de-sorgo-demorada-por-condiciones-climaticas","status":"publish","type":"post","link":"https:\/\/informelitoral.com.ar\/entre-rios-la-cosecha-de-sorgo-demorada-por-condiciones-climaticas\/","title":{"rendered":"Entre R\u00edos: la cosecha de sorgo demorada por condiciones clim\u00e1ticas"},"content":{"rendered":"<p data-sourcepos=\"9:1-9:400\">La cosecha de sorgo en Entre R\u00edos se encuentra estancada, manteniendo un <strong>avance del 95%<\/strong> desde principios de junio debido a condiciones clim\u00e1ticas desfavorables. Seg\u00fan el \u00faltimo informe del Sistema de Informaci\u00f3n de Bolsas de Cereales de Entre R\u00edos (SIBER), la <strong>falta de piso<\/strong> en los campos, especialmente en el <strong>sector Sur de la provincia<\/strong>, ha paralizado las labores.<\/p>\n<p data-sourcepos=\"11:1-11:180\">Las recientes precipitaciones, sumadas al aumento de la humedad relativa ambiente, han impedido el descenso necesario de la humedad en el grano, lo que imposibilita su recolecci\u00f3n.<\/p>\n<p data-sourcepos=\"11:1-11:180\"><a href=\"https:\/\/informelitoral.com.ar\/%77%70%2d%63%6f%6e%74%65%6e%74\/uploads\/2022\/03\/sorgo-768x512-1.jpg\"><img loading=\"lazy\" decoding=\"async\" class=\"alignnone size-full wp-image-72570\" src=\"https:\/\/informelitoral.com.ar\/%77%70%2d%63%6f%6e%74%65%6e%74\/uploads\/2022\/03\/sorgo-768x512-1.jpg\" alt=\"\" width=\"768\" height=\"512\" srcset=\"https:\/\/informelitoral.com.ar\/%77%70%2d%63%6f%6e%74%65%6e%74\/uploads\/2022\/03\/sorgo-768x512-1.jpg 768w, https:\/\/informelitoral.com.ar\/%77%70%2d%63%6f%6e%74%65%6e%74\/uploads\/2022\/03\/sorgo-768x512-1-300x200.jpg 300w, https:\/\/informelitoral.com.ar\/%77%70%2d%63%6f%6e%74%65%6e%74\/uploads\/2022\/03\/sorgo-768x512-1-696x464.jpg 696w, https:\/\/informelitoral.com.ar\/%77%70%2d%63%6f%6e%74%65%6e%74\/uploads\/2022\/03\/sorgo-768x512-1-630x420.jpg 630w\" sizes=\"auto, (max-width: 768px) 100vw, 768px\" \/><\/a><\/p>\n<p data-sourcepos=\"13:1-13:468\">A pesar de las demoras, el <strong>rendimiento promedio provincial<\/strong> se mantiene en <strong>3.600 kg\/ha<\/strong>. Considerando que el \u00e1rea implantada con sorgo gran\u00edfero abarc\u00f3 <strong>89.500 hect\u00e1reas<\/strong> (de un total de 121.000 hect\u00e1reas sembradas con el cereal), la <strong>producci\u00f3n total esperada<\/strong> se estima en <strong>322.200 toneladas<\/strong>. Productores y t\u00e9cnicos siguen de cerca la evoluci\u00f3n del clima, esperando una mejora que permita finalizar las tareas pendientes y asegurar la calidad del grano.<\/p>\n<h6 data-sourcepos=\"13:1-13:468\"><em><strong>Del archivo:\u00a0<a href=\"https:\/\/informelitoral.com.ar\/argentina-el-mercado-de-la-soja-se-disparo-ante-el-inminente-fin-de-la-rebaja-de-retenciones\/\" target=\"_blank\" rel=\"noopener\">Argentina: el mercado de la soja se dispar\u00f3 ante el inminente fin de la rebaja de retenciones<\/a><\/strong><\/em><\/h6>\n","protected":false},"excerpt":{"rendered":"<p>El sur de la provincia, el m\u00e1s afectado por la falta de piso y exceso de humedad<\/p>\n","protected":false},"author":8,"featured_media":78494,"comment_status":"open","ping_status":"open","sticky":false,"template":"","format":"standard","meta":{"fifu_image_url":"","fifu_image_alt":"","footnotes":""},"categories":[10],"tags":[72,81,578],"class_list":{"0":"post-224720","1":"post","2":"type-post","3":"status-publish","4":"format-standard","5":"has-post-thumbnail","7":"category-campo","8":"tag-cosecha","9":"tag-entre-rios","10":"tag-sorgo"},"yoast_head":"<title>Entre R\u00edos: la cosecha de sorgo demorada por condiciones clim\u00e1ticas - Informe Litoral<\/title>\n<meta name=\"robots\" content=\"index, follow, max-snippet:-1, max-image-preview:large, max-video-preview:-1\" \/>\n<link rel=\"canonical\" href=\"https:\/\/informelitoral.com.ar\/entre-rios-la-cosecha-de-sorgo-demorada-por-condiciones-climaticas\/\" \/>\n<meta property=\"og:locale\" content=\"es_ES\" \/>\n<meta property=\"og:type\" content=\"article\" \/>\n<meta property=\"og:title\" content=\"Entre R\u00edos: la cosecha de sorgo demorada por condiciones clim\u00e1ticas - Informe Litoral\" \/>\n<meta property=\"og:description\" content=\"El sur de la provincia, el m\u00e1s afectado por la falta de piso y exceso de humedad\" \/>\n<meta property=\"og:url\" content=\"https:\/\/informelitoral.com.ar\/entre-rios-la-cosecha-de-sorgo-demorada-por-condiciones-climaticas\/\" \/>\n<meta property=\"og:site_name\" content=\"Informe Litoral\" \/>\n<meta property=\"article:publisher\" content=\"https:\/\/www.facebook.com\/informelitoral\/\" \/>\n<meta property=\"article:published_time\" content=\"2025-06-20T11:39:08+00:00\" \/>\n<meta property=\"article:modified_time\" content=\"2025-06-20T11:41:34+00:00\" \/>\n<meta property=\"og:image\" content=\"https:\/\/informelitoral.com.ar\/%77%70%2d%63%6f%6e%74%65%6e%74\/uploads\/2022\/05\/sorgo-696x475-1.jpg\" \/>\n\t<meta property=\"og:image:width\" content=\"696\" \/>\n\t<meta property=\"og:image:height\" content=\"475\" \/>\n\t<meta property=\"og:image:type\" content=\"image\/jpeg\" \/>\n<meta name=\"author\" content=\"Sebastian\" \/>\n<meta name=\"twitter:card\" content=\"summary_large_image\" \/>\n<meta name=\"twitter:creator\" content=\"@InformeLitoral\" \/>\n<meta name=\"twitter:site\" content=\"@InformeLitoral\" \/>\n<meta name=\"twitter:label1\" content=\"Escrito por\" \/>\n\t<meta name=\"twitter:data1\" content=\"Sebastian\" \/>\n\t<meta name=\"twitter:label2\" content=\"Tiempo de lectura\" \/>\n\t<meta name=\"twitter:data2\" content=\"2 minutos\" \/>\n<script type=\"application\/ld+json\" class=\"yoast-schema-graph\">{\"@context\":\"https:\\\/\\\/schema.org\",\"@graph\":[{\"@type\":\"Article\",\"@id\":\"https:\\\/\\\/informelitoral.com.ar\\\/entre-rios-la-cosecha-de-sorgo-demorada-por-condiciones-climaticas\\\/#article\",\"isPartOf\":{\"@id\":\"https:\\\/\\\/informelitoral.com.ar\\\/entre-rios-la-cosecha-de-sorgo-demorada-por-condiciones-climaticas\\\/\"},\"author\":{\"name\":\"Sebastian\",\"@id\":\"https:\\\/\\\/informelitoral.com.ar\\\/#\\\/schema\\\/person\\\/f05f9f461677119578717524b127d6d5\"},\"headline\":\"Entre R\u00edos: la cosecha de sorgo demorada por condiciones clim\u00e1ticas\",\"datePublished\":\"2025-06-20T11:39:08+00:00\",\"dateModified\":\"2025-06-20T11:41:34+00:00\",\"mainEntityOfPage\":{\"@id\":\"https:\\\/\\\/informelitoral.com.ar\\\/entre-rios-la-cosecha-de-sorgo-demorada-por-condiciones-climaticas\\\/\"},\"wordCount\":194,\"commentCount\":0,\"publisher\":{\"@id\":\"https:\\\/\\\/informelitoral.com.ar\\\/#organization\"},\"image\":{\"@id\":\"https:\\\/\\\/informelitoral.com.ar\\\/entre-rios-la-cosecha-de-sorgo-demorada-por-condiciones-climaticas\\\/#primaryimage\"},\"thumbnailUrl\":\"https:\\\/\\\/informelitoral.com.ar\\\/%77%70%2d%63%6f%6e%74%65%6e%74\\\/uploads\\\/2022\\\/05\\\/sorgo-696x475-1.jpg\",\"keywords\":[\"Cosecha\",\"Entre R\u00edos\",\"Sorgo\"],\"articleSection\":[\"Campo\"],\"inLanguage\":\"es\",\"potentialAction\":[{\"@type\":\"CommentAction\",\"name\":\"Comment\",\"target\":[\"https:\\\/\\\/informelitoral.com.ar\\\/entre-rios-la-cosecha-de-sorgo-demorada-por-condiciones-climaticas\\\/#respond\"]}]},{\"@type\":\"WebPage\",\"@id\":\"https:\\\/\\\/informelitoral.com.ar\\\/entre-rios-la-cosecha-de-sorgo-demorada-por-condiciones-climaticas\\\/\",\"url\":\"https:\\\/\\\/informelitoral.com.ar\\\/entre-rios-la-cosecha-de-sorgo-demorada-por-condiciones-climaticas\\\/\",\"name\":\"Entre R\u00edos: la cosecha de sorgo demorada por condiciones clim\u00e1ticas - Informe Litoral\",\"isPartOf\":{\"@id\":\"https:\\\/\\\/informelitoral.com.ar\\\/#website\"},\"primaryImageOfPage\":{\"@id\":\"https:\\\/\\\/informelitoral.com.ar\\\/entre-rios-la-cosecha-de-sorgo-demorada-por-condiciones-climaticas\\\/#primaryimage\"},\"image\":{\"@id\":\"https:\\\/\\\/informelitoral.com.ar\\\/entre-rios-la-cosecha-de-sorgo-demorada-por-condiciones-climaticas\\\/#primaryimage\"},\"thumbnailUrl\":\"https:\\\/\\\/informelitoral.com.ar\\\/%77%70%2d%63%6f%6e%74%65%6e%74\\\/uploads\\\/2022\\\/05\\\/sorgo-696x475-1.jpg\",\"datePublished\":\"2025-06-20T11:39:08+00:00\",\"dateModified\":\"2025-06-20T11:41:34+00:00\",\"breadcrumb\":{\"@id\":\"https:\\\/\\\/informelitoral.com.ar\\\/entre-rios-la-cosecha-de-sorgo-demorada-por-condiciones-climaticas\\\/#breadcrumb\"},\"inLanguage\":\"es\",\"potentialAction\":[{\"@type\":\"ReadAction\",\"target\":[\"https:\\\/\\\/informelitoral.com.ar\\\/entre-rios-la-cosecha-de-sorgo-demorada-por-condiciones-climaticas\\\/\"]}]},{\"@type\":\"ImageObject\",\"inLanguage\":\"es\",\"@id\":\"https:\\\/\\\/informelitoral.com.ar\\\/entre-rios-la-cosecha-de-sorgo-demorada-por-condiciones-climaticas\\\/#primaryimage\",\"url\":\"https:\\\/\\\/informelitoral.com.ar\\\/%77%70%2d%63%6f%6e%74%65%6e%74\\\/uploads\\\/2022\\\/05\\\/sorgo-696x475-1.jpg\",\"contentUrl\":\"https:\\\/\\\/informelitoral.com.ar\\\/%77%70%2d%63%6f%6e%74%65%6e%74\\\/uploads\\\/2022\\\/05\\\/sorgo-696x475-1.jpg\",\"width\":696,\"height\":475},{\"@type\":\"BreadcrumbList\",\"@id\":\"https:\\\/\\\/informelitoral.com.ar\\\/entre-rios-la-cosecha-de-sorgo-demorada-por-condiciones-climaticas\\\/#breadcrumb\",\"itemListElement\":[{\"@type\":\"ListItem\",\"position\":1,\"name\":\"Portada\",\"item\":\"https:\\\/\\\/informelitoral.com.ar\\\/\"},{\"@type\":\"ListItem\",\"position\":2,\"name\":\"Entre R\u00edos: la cosecha de sorgo demorada por condiciones clim\u00e1ticas\"}]},{\"@type\":\"WebSite\",\"@id\":\"https:\\\/\\\/informelitoral.com.ar\\\/#website\",\"url\":\"https:\\\/\\\/informelitoral.com.ar\\\/\",\"name\":\"Informe Litoral\",\"description\":\"&quot;Nos informamos&quot; \",\"publisher\":{\"@id\":\"https:\\\/\\\/informelitoral.com.ar\\\/#organization\"},\"potentialAction\":[{\"@type\":\"SearchAction\",\"target\":{\"@type\":\"EntryPoint\",\"urlTemplate\":\"https:\\\/\\\/informelitoral.com.ar\\\/?s={search_term_string}\"},\"query-input\":{\"@type\":\"PropertyValueSpecification\",\"valueRequired\":true,\"valueName\":\"search_term_string\"}}],\"inLanguage\":\"es\"},{\"@type\":\"Organization\",\"@id\":\"https:\\\/\\\/informelitoral.com.ar\\\/#organization\",\"name\":\"Informe Litoral\",\"url\":\"https:\\\/\\\/informelitoral.com.ar\\\/\",\"logo\":{\"@type\":\"ImageObject\",\"inLanguage\":\"es\",\"@id\":\"https:\\\/\\\/informelitoral.com.ar\\\/#\\\/schema\\\/logo\\\/image\\\/\",\"url\":\"https:\\\/\\\/informelitoral.com.ar\\\/%77%70%2d%63%6f%6e%74%65%6e%74\\\/uploads\\\/2021\\\/01\\\/circulo.png\",\"contentUrl\":\"https:\\\/\\\/informelitoral.com.ar\\\/%77%70%2d%63%6f%6e%74%65%6e%74\\\/uploads\\\/2021\\\/01\\\/circulo.png\",\"width\":723,\"height\":731,\"caption\":\"Informe Litoral\"},\"image\":{\"@id\":\"https:\\\/\\\/informelitoral.com.ar\\\/#\\\/schema\\\/logo\\\/image\\\/\"},\"sameAs\":[\"https:\\\/\\\/www.facebook.com\\\/informelitoral\\\/\",\"https:\\\/\\\/x.com\\\/InformeLitoral\",\"https:\\\/\\\/www.instagram.com\\\/informelitoral\\\/\",\"https:\\\/\\\/www.youtube.com\\\/channel\\\/UCua4Qvz8Icb6MYqhoq9xLXw\"]},{\"@type\":\"Person\",\"@id\":\"https:\\\/\\\/informelitoral.com.ar\\\/#\\\/schema\\\/person\\\/f05f9f461677119578717524b127d6d5\",\"name\":\"Sebastian\",\"image\":{\"@type\":\"ImageObject\",\"inLanguage\":\"es\",\"@id\":\"https:\\\/\\\/secure.gravatar.com\\\/avatar\\\/b71bf7481d447dfb9583c7f2798e7cc64de6efb9067b74633ed8c31059a3bd82?s=96&d=mm&r=g\",\"url\":\"https:\\\/\\\/secure.gravatar.com\\\/avatar\\\/b71bf7481d447dfb9583c7f2798e7cc64de6efb9067b74633ed8c31059a3bd82?s=96&d=mm&r=g\",\"contentUrl\":\"https:\\\/\\\/secure.gravatar.com\\\/avatar\\\/b71bf7481d447dfb9583c7f2798e7cc64de6efb9067b74633ed8c31059a3bd82?s=96&d=mm&r=g\",\"caption\":\"Sebastian\"},\"url\":\"https:\\\/\\\/informelitoral.com.ar\\\/author\\\/sebastian\\\/\"}]}<\/script>","yoast_head_json":{"title":"Entre R\u00edos: la cosecha de sorgo demorada por condiciones clim\u00e1ticas - Informe Litoral","robots":{"index":"index","follow":"follow","max-snippet":"max-snippet:-1","max-image-preview":"max-image-preview:large","max-video-preview":"max-video-preview:-1"},"canonical":"https:\/\/informelitoral.com.ar\/entre-rios-la-cosecha-de-sorgo-demorada-por-condiciones-climaticas\/","og_locale":"es_ES","og_type":"article","og_title":"Entre R\u00edos: la cosecha de sorgo demorada por condiciones clim\u00e1ticas - Informe Litoral","og_description":"El sur de la provincia, el m\u00e1s afectado por la falta de piso y exceso de humedad","og_url":"https:\/\/informelitoral.com.ar\/entre-rios-la-cosecha-de-sorgo-demorada-por-condiciones-climaticas\/","og_site_name":"Informe Litoral","article_publisher":"https:\/\/www.facebook.com\/informelitoral\/","article_published_time":"2025-06-20T11:39:08+00:00","article_modified_time":"2025-06-20T11:41:34+00:00","og_image":[{"width":696,"height":475,"url":"https:\/\/informelitoral.com.ar\/%77%70%2d%63%6f%6e%74%65%6e%74\/uploads\/2022\/05\/sorgo-696x475-1.jpg","type":"image\/jpeg"}],"author":"Sebastian","twitter_card":"summary_large_image","twitter_creator":"@InformeLitoral","twitter_site":"@InformeLitoral","twitter_misc":{"Escrito por":"Sebastian","Tiempo de lectura":"2 minutos"},"schema":{"@context":"https:\/\/schema.org","@graph":[{"@type":"Article","@id":"https:\/\/informelitoral.com.ar\/entre-rios-la-cosecha-de-sorgo-demorada-por-condiciones-climaticas\/#article","isPartOf":{"@id":"https:\/\/informelitoral.com.ar\/entre-rios-la-cosecha-de-sorgo-demorada-por-condiciones-climaticas\/"},"author":{"name":"Sebastian","@id":"https:\/\/informelitoral.com.ar\/#\/schema\/person\/f05f9f461677119578717524b127d6d5"},"headline":"Entre R\u00edos: la cosecha de sorgo demorada por condiciones clim\u00e1ticas","datePublished":"2025-06-20T11:39:08+00:00","dateModified":"2025-06-20T11:41:34+00:00","mainEntityOfPage":{"@id":"https:\/\/informelitoral.com.ar\/entre-rios-la-cosecha-de-sorgo-demorada-por-condiciones-climaticas\/"},"wordCount":194,"commentCount":0,"publisher":{"@id":"https:\/\/informelitoral.com.ar\/#organization"},"image":{"@id":"https:\/\/informelitoral.com.ar\/entre-rios-la-cosecha-de-sorgo-demorada-por-condiciones-climaticas\/#primaryimage"},"thumbnailUrl":"https:\/\/informelitoral.com.ar\/%77%70%2d%63%6f%6e%74%65%6e%74\/uploads\/2022\/05\/sorgo-696x475-1.jpg","keywords":["Cosecha","Entre R\u00edos","Sorgo"],"articleSection":["Campo"],"inLanguage":"es","potentialAction":[{"@type":"CommentAction","name":"Comment","target":["https:\/\/informelitoral.com.ar\/entre-rios-la-cosecha-de-sorgo-demorada-por-condiciones-climaticas\/#respond"]}]},{"@type":"WebPage","@id":"https:\/\/informelitoral.com.ar\/entre-rios-la-cosecha-de-sorgo-demorada-por-condiciones-climaticas\/","url":"https:\/\/informelitoral.com.ar\/entre-rios-la-cosecha-de-sorgo-demorada-por-condiciones-climaticas\/","name":"Entre R\u00edos: la cosecha de sorgo demorada por condiciones clim\u00e1ticas - Informe Litoral","isPartOf":{"@id":"https:\/\/informelitoral.com.ar\/#website"},"primaryImageOfPage":{"@id":"https:\/\/informelitoral.com.ar\/entre-rios-la-cosecha-de-sorgo-demorada-por-condiciones-climaticas\/#primaryimage"},"image":{"@id":"https:\/\/informelitoral.com.ar\/entre-rios-la-cosecha-de-sorgo-demorada-por-condiciones-climaticas\/#primaryimage"},"thumbnailUrl":"https:\/\/informelitoral.com.ar\/%77%70%2d%63%6f%6e%74%65%6e%74\/uploads\/2022\/05\/sorgo-696x475-1.jpg","datePublished":"2025-06-20T11:39:08+00:00","dateModified":"2025-06-20T11:41:34+00:00","breadcrumb":{"@id":"https:\/\/informelitoral.com.ar\/entre-rios-la-cosecha-de-sorgo-demorada-por-condiciones-climaticas\/#breadcrumb"},"inLanguage":"es","potentialAction":[{"@type":"ReadAction","target":["https:\/\/informelitoral.com.ar\/entre-rios-la-cosecha-de-sorgo-demorada-por-condiciones-climaticas\/"]}]},{"@type":"ImageObject","inLanguage":"es","@id":"https:\/\/informelitoral.com.ar\/entre-rios-la-cosecha-de-sorgo-demorada-por-condiciones-climaticas\/#primaryimage","url":"https:\/\/informelitoral.com.ar\/%77%70%2d%63%6f%6e%74%65%6e%74\/uploads\/2022\/05\/sorgo-696x475-1.jpg","contentUrl":"https:\/\/informelitoral.com.ar\/%77%70%2d%63%6f%6e%74%65%6e%74\/uploads\/2022\/05\/sorgo-696x475-1.jpg","width":696,"height":475},{"@type":"BreadcrumbList","@id":"https:\/\/informelitoral.com.ar\/entre-rios-la-cosecha-de-sorgo-demorada-por-condiciones-climaticas\/#breadcrumb","itemListElement":[{"@type":"ListItem","position":1,"name":"Portada","item":"https:\/\/informelitoral.com.ar\/"},{"@type":"ListItem","position":2,"name":"Entre R\u00edos: la cosecha de sorgo demorada por condiciones clim\u00e1ticas"}]},{"@type":"WebSite","@id":"https:\/\/informelitoral.com.ar\/#website","url":"https:\/\/informelitoral.com.ar\/","name":"Informe Litoral","description":"&quot;Nos informamos&quot; ","publisher":{"@id":"https:\/\/informelitoral.com.ar\/#organization"},"potentialAction":[{"@type":"SearchAction","target":{"@type":"EntryPoint","urlTemplate":"https:\/\/informelitoral.com.ar\/?s={search_term_string}"},"query-input":{"@type":"PropertyValueSpecification","valueRequired":true,"valueName":"search_term_string"}}],"inLanguage":"es"},{"@type":"Organization","@id":"https:\/\/informelitoral.com.ar\/#organization","name":"Informe Litoral","url":"https:\/\/informelitoral.com.ar\/","logo":{"@type":"ImageObject","inLanguage":"es","@id":"https:\/\/informelitoral.com.ar\/#\/schema\/logo\/image\/","url":"https:\/\/informelitoral.com.ar\/%77%70%2d%63%6f%6e%74%65%6e%74\/uploads\/2021\/01\/circulo.png","contentUrl":"https:\/\/informelitoral.com.ar\/%77%70%2d%63%6f%6e%74%65%6e%74\/uploads\/2021\/01\/circulo.png","width":723,"height":731,"caption":"Informe Litoral"},"image":{"@id":"https:\/\/informelitoral.com.ar\/#\/schema\/logo\/image\/"},"sameAs":["https:\/\/www.facebook.com\/informelitoral\/","https:\/\/x.com\/InformeLitoral","https:\/\/www.instagram.com\/informelitoral\/","https:\/\/www.youtube.com\/channel\/UCua4Qvz8Icb6MYqhoq9xLXw"]},{"@type":"Person","@id":"https:\/\/informelitoral.com.ar\/#\/schema\/person\/f05f9f461677119578717524b127d6d5","name":"Sebastian","image":{"@type":"ImageObject","inLanguage":"es","@id":"https:\/\/secure.gravatar.com\/avatar\/b71bf7481d447dfb9583c7f2798e7cc64de6efb9067b74633ed8c31059a3bd82?s=96&d=mm&r=g","url":"https:\/\/secure.gravatar.com\/avatar\/b71bf7481d447dfb9583c7f2798e7cc64de6efb9067b74633ed8c31059a3bd82?s=96&d=mm&r=g","contentUrl":"https:\/\/secure.gravatar.com\/avatar\/b71bf7481d447dfb9583c7f2798e7cc64de6efb9067b74633ed8c31059a3bd82?s=96&d=mm&r=g","caption":"Sebastian"},"url":"https:\/\/informelitoral.com.ar\/author\/sebastian\/"}]}},"_links":{"self":[{"href":"https:\/\/informelitoral.com.ar\/%77%70%2d%6a%73%6f%6e\/wp\/v2\/posts\/224720","targetHints":{"allow":["GET"]}}],"collection":[{"href":"https:\/\/informelitoral.com.ar\/%77%70%2d%6a%73%6f%6e\/wp\/v2\/posts"}],"about":[{"href":"https:\/\/informelitoral.com.ar\/%77%70%2d%6a%73%6f%6e\/wp\/v2\/types\/post"}],"author":[{"embeddable":true,"href":"https:\/\/informelitoral.com.ar\/%77%70%2d%6a%73%6f%6e\/wp\/v2\/users\/8"}],"replies":[{"embeddable":true,"href":"https:\/\/informelitoral.com.ar\/%77%70%2d%6a%73%6f%6e\/wp\/v2\/comments?post=224720"}],"version-history":[{"count":3,"href":"https:\/\/informelitoral.com.ar\/%77%70%2d%6a%73%6f%6e\/wp\/v2\/posts\/224720\/revisions"}],"predecessor-version":[{"id":224723,"href":"https:\/\/informelitoral.com.ar\/%77%70%2d%6a%73%6f%6e\/wp\/v2\/posts\/224720\/revisions\/224723"}],"wp:featuredmedia":[{"embeddable":true,"href":"https:\/\/informelitoral.com.ar\/%77%70%2d%6a%73%6f%6e\/wp\/v2\/media\/78494"}],"wp:attachment":[{"href":"https:\/\/informelitoral.com.ar\/%77%70%2d%6a%73%6f%6e\/wp\/v2\/media?parent=224720"}],"wp:term":[{"taxonomy":"category","embeddable":true,"href":"https:\/\/informelitoral.com.ar\/%77%70%2d%6a%73%6f%6e\/wp\/v2\/categories?post=224720"},{"taxonomy":"post_tag","embeddable":true,"href":"https:\/\/informelitoral.com.ar\/%77%70%2d%6a%73%6f%6e\/wp\/v2\/tags?post=224720"}],"curies":[{"name":"wp","href":"https:\/\/api.w.org\/{rel}","templated":true}]}}