{"id":2247,"date":"2013-06-26T00:04:15","date_gmt":"2013-06-26T03:04:15","guid":{"rendered":"http:\/\/www.isletasnoticias.com.ar\/?p=2247"},"modified":"2013-06-26T00:04:15","modified_gmt":"2013-06-26T03:04:15","slug":"la-uta-amenaza-con-otro-paro-de-micros-de-larga-distancia","status":"publish","type":"post","link":"https:\/\/informelitoral.com.ar\/la-uta-amenaza-con-otro-paro-de-micros-de-larga-distancia\/","title":{"rendered":"La UTA amenaza con otro paro de micros de larga distancia"},"content":{"rendered":"<p><strong>\u00a0 Advirtieron una \u00abposible interrupci\u00f3n de servicios\u00bb de transporte de pasajeros, ante la falta de un acuer<strong>do salarial. \u201cLos empresarios contin\u00faan neg\u00e1ndose a pagar el aumento salarial del 23 % que reclamamos\u201d, dijeron desde el gremio.<\/strong><\/strong><\/p>\n<p><img loading=\"lazy\" decoding=\"async\" class=\"size-medium wp-image-2248 alignleft\" alt=\"paro de uta\" src=\"http:\/\/www.isletasnoticias.com.ar\/%77%70%2d%63%6f%6e%74%65%6e%74\/uploads\/2013\/06\/paro-de-uta-300x193.jpg\" width=\"300\" height=\"193\" srcset=\"https:\/\/informelitoral.com.ar\/%77%70%2d%63%6f%6e%74%65%6e%74\/uploads\/2013\/06\/paro-de-uta-300x193.jpg 300w, https:\/\/informelitoral.com.ar\/%77%70%2d%63%6f%6e%74%65%6e%74\/uploads\/2013\/06\/paro-de-uta-1024x661.jpg 1024w\" sizes=\"auto, (max-width: 300px) 100vw, 300px\" \/><\/p>\n<p>La Uni\u00f3n Tranviarios Automotor (UTA) que encabeza <strong>Roberto Fern\u00e1ndez,<\/strong> advirti\u00f3 este martes sobre una \u00abposible interrupci\u00f3n de servicios\u00bb del autotransporte de pasajeros larga distancia, ante la falta de acuerdo salarial con las c\u00e1maras empresarias del sector en el marco de las paritarias.<br \/>\nLa informaci\u00f3n fue proporcionada a la agencia<em> DyN,<\/em> por el vocero de prensa de la UTA, <strong>Mario Caligari,<\/strong> quien manifest\u00f3: \u00abLa negociaciones empezaron en enero se extendieron por seis meses y los empresarios contin\u00faan neg\u00e1ndose a pagar el aumento salarial del 23 por ciento que reclamamos\u00bb.<\/p>\n<p>El dirigente record\u00f3 que incluso \u00abpor el disposici\u00f3n del Ministerio de Trabajo los choferes de larga distancia deb\u00edan haber cobrado un 18 por ciento de aumento por los meses de enero, febrero y marzo y 23 por ciento a partir de abril pero nada de eso se concret\u00f3 hasta ahora\u00bb.<\/p>\n<p>Caligari resalt\u00f3 entonces la \u00abdif\u00edcil situaci\u00f3n\u00bb que se genera en el gremio la \u00abnegativa empresaria de aumentar los sueldos de unos 22 mil choferes que se desempe\u00f1an en el servicio de larga distancia\u00bb de ah\u00ed que \u00aben cualquier momento se paralizar\u00e1 el servicio\u00bb.<\/p>\n<p>En un comunicado, la UTA reiter\u00f3 que \u00abmotiva esta situaci\u00f3n de alerta la situaci\u00f3n que padecemos despu\u00e9s de seis meses de de negociaci\u00f3n sin lograr una soluci\u00f3n a nuestros planteos\u00bb salariales.<br \/>\nEn el parte que lleva la firma de Fern\u00e1ndez, la UTA remarca que \u00abpercibimos que d\u00eda a d\u00eda la situaci\u00f3n tiende a empeorarse con la precarizaci\u00f3n de las condiciones de trabajo de los conductores\u00bb de los micros.\u00a0Enfatiza que \u00abm\u00e1s all\u00e1 de nuestras buenas intenciones nos encontramos en una situaci\u00f3n de extrema gravedad de que no resolverse en las pr\u00f3ximas horas, pone en peligro la continuidad de los servicios\u00bb, del autotransporte de larga distancia.<\/p>\n","protected":false},"excerpt":{"rendered":"<p>&nbsp; Advirtieron una &laquo;posible interrupci&oacute;n de servicios&raquo; de transporte de pasajeros, ante la falta de un acuerdo salarial. &ldquo;Los empresarios contin&uacute;an neg&aacute;ndose a pagar el aumento salarial del 23 % que reclamamos&rdquo;, dijeron desde el gremio. La Uni&oacute;n Tranviarios Automotor (UTA) que encabeza Roberto Fern&aacute;ndez, advirti&oacute; este martes sobre una &laquo;posible interrupci&oacute;n de servicios&raquo; del [&hellip;]<\/p>\n","protected":false},"author":2,"featured_media":0,"comment_status":"open","ping_status":"open","sticky":false,"template":"","format":"standard","meta":{"fifu_image_url":"","fifu_image_alt":"","footnotes":""},"categories":[7],"tags":[],"class_list":{"0":"post-2247","1":"post","2":"type-post","3":"status-publish","4":"format-standard","6":"category-nacionales"},"yoast_head":"<title>La UTA amenaza con otro paro de micros de larga distancia - Informe Litoral<\/title>\n<meta name=\"robots\" content=\"index, follow, max-snippet:-1, max-image-preview:large, max-video-preview:-1\" \/>\n<link rel=\"canonical\" href=\"https:\/\/informelitoral.com.ar\/la-uta-amenaza-con-otro-paro-de-micros-de-larga-distancia\/\" \/>\n<meta property=\"og:locale\" content=\"es_ES\" \/>\n<meta property=\"og:type\" content=\"article\" \/>\n<meta property=\"og:title\" content=\"La UTA amenaza con otro paro de micros de larga distancia - Informe Litoral\" \/>\n<meta property=\"og:description\" content=\"&nbsp; Advirtieron una &laquo;posible interrupci&oacute;n de servicios&raquo; de transporte de pasajeros, ante la falta de un acuerdo salarial. &ldquo;Los empresarios contin&uacute;an neg&aacute;ndose a pagar el aumento salarial del 23 % que reclamamos&rdquo;, dijeron desde el gremio. La Uni&oacute;n Tranviarios Automotor (UTA) que encabeza Roberto Fern&aacute;ndez, advirti&oacute; este martes sobre una &laquo;posible interrupci&oacute;n de servicios&raquo; del [&hellip;]\" \/>\n<meta property=\"og:url\" content=\"https:\/\/informelitoral.com.ar\/la-uta-amenaza-con-otro-paro-de-micros-de-larga-distancia\/\" \/>\n<meta property=\"og:site_name\" content=\"Informe Litoral\" \/>\n<meta property=\"article:publisher\" content=\"https:\/\/www.facebook.com\/informelitoral\/\" \/>\n<meta property=\"article:published_time\" content=\"2013-06-26T03:04:15+00:00\" \/>\n<meta property=\"og:image\" content=\"https:\/\/informelitoral.com.ar\/%77%70%2d%63%6f%6e%74%65%6e%74\/uploads\/2013\/06\/paro-de-uta.jpg\" \/>\n\t<meta property=\"og:image:width\" content=\"2835\" \/>\n\t<meta property=\"og:image:height\" content=\"1832\" \/>\n\t<meta property=\"og:image:type\" content=\"image\/jpeg\" \/>\n<meta name=\"author\" content=\"Gonzalo Schmidt\" \/>\n<meta name=\"twitter:card\" content=\"summary_large_image\" \/>\n<meta name=\"twitter:creator\" content=\"@InformeLitoral\" \/>\n<meta name=\"twitter:site\" content=\"@InformeLitoral\" \/>\n<meta name=\"twitter:label1\" content=\"Escrito por\" \/>\n\t<meta name=\"twitter:data1\" content=\"Gonzalo Schmidt\" \/>\n\t<meta name=\"twitter:label2\" content=\"Tiempo de lectura\" \/>\n\t<meta name=\"twitter:data2\" content=\"2 minutos\" \/>\n<script type=\"application\/ld+json\" class=\"yoast-schema-graph\">{\"@context\":\"https:\\\/\\\/schema.org\",\"@graph\":[{\"@type\":\"Article\",\"@id\":\"https:\\\/\\\/informelitoral.com.ar\\\/la-uta-amenaza-con-otro-paro-de-micros-de-larga-distancia\\\/#article\",\"isPartOf\":{\"@id\":\"https:\\\/\\\/informelitoral.com.ar\\\/la-uta-amenaza-con-otro-paro-de-micros-de-larga-distancia\\\/\"},\"author\":{\"name\":\"Gonzalo Schmidt\",\"@id\":\"https:\\\/\\\/informelitoral.com.ar\\\/#\\\/schema\\\/person\\\/b9d00407c836482871ef1d57bf8e3180\"},\"headline\":\"La UTA amenaza con otro paro de micros de larga distancia\",\"datePublished\":\"2013-06-26T03:04:15+00:00\",\"mainEntityOfPage\":{\"@id\":\"https:\\\/\\\/informelitoral.com.ar\\\/la-uta-amenaza-con-otro-paro-de-micros-de-larga-distancia\\\/\"},\"wordCount\":354,\"commentCount\":0,\"publisher\":{\"@id\":\"https:\\\/\\\/informelitoral.com.ar\\\/#organization\"},\"image\":{\"@id\":\"https:\\\/\\\/informelitoral.com.ar\\\/la-uta-amenaza-con-otro-paro-de-micros-de-larga-distancia\\\/#primaryimage\"},\"thumbnailUrl\":\"http:\\\/\\\/www.isletasnoticias.com.ar\\\/%77%70%2d%63%6f%6e%74%65%6e%74\\\/uploads\\\/2013\\\/06\\\/paro-de-uta-300x193.jpg\",\"articleSection\":[\"Nacionales\"],\"inLanguage\":\"es\",\"potentialAction\":[{\"@type\":\"CommentAction\",\"name\":\"Comment\",\"target\":[\"https:\\\/\\\/informelitoral.com.ar\\\/la-uta-amenaza-con-otro-paro-de-micros-de-larga-distancia\\\/#respond\"]}]},{\"@type\":\"WebPage\",\"@id\":\"https:\\\/\\\/informelitoral.com.ar\\\/la-uta-amenaza-con-otro-paro-de-micros-de-larga-distancia\\\/\",\"url\":\"https:\\\/\\\/informelitoral.com.ar\\\/la-uta-amenaza-con-otro-paro-de-micros-de-larga-distancia\\\/\",\"name\":\"La UTA amenaza con otro paro de micros de larga distancia - Informe Litoral\",\"isPartOf\":{\"@id\":\"https:\\\/\\\/informelitoral.com.ar\\\/#website\"},\"primaryImageOfPage\":{\"@id\":\"https:\\\/\\\/informelitoral.com.ar\\\/la-uta-amenaza-con-otro-paro-de-micros-de-larga-distancia\\\/#primaryimage\"},\"image\":{\"@id\":\"https:\\\/\\\/informelitoral.com.ar\\\/la-uta-amenaza-con-otro-paro-de-micros-de-larga-distancia\\\/#primaryimage\"},\"thumbnailUrl\":\"http:\\\/\\\/www.isletasnoticias.com.ar\\\/%77%70%2d%63%6f%6e%74%65%6e%74\\\/uploads\\\/2013\\\/06\\\/paro-de-uta-300x193.jpg\",\"datePublished\":\"2013-06-26T03:04:15+00:00\",\"breadcrumb\":{\"@id\":\"https:\\\/\\\/informelitoral.com.ar\\\/la-uta-amenaza-con-otro-paro-de-micros-de-larga-distancia\\\/#breadcrumb\"},\"inLanguage\":\"es\",\"potentialAction\":[{\"@type\":\"ReadAction\",\"target\":[\"https:\\\/\\\/informelitoral.com.ar\\\/la-uta-amenaza-con-otro-paro-de-micros-de-larga-distancia\\\/\"]}]},{\"@type\":\"ImageObject\",\"inLanguage\":\"es\",\"@id\":\"https:\\\/\\\/informelitoral.com.ar\\\/la-uta-amenaza-con-otro-paro-de-micros-de-larga-distancia\\\/#primaryimage\",\"url\":\"http:\\\/\\\/www.isletasnoticias.com.ar\\\/%77%70%2d%63%6f%6e%74%65%6e%74\\\/uploads\\\/2013\\\/06\\\/paro-de-uta-300x193.jpg\",\"contentUrl\":\"http:\\\/\\\/www.isletasnoticias.com.ar\\\/%77%70%2d%63%6f%6e%74%65%6e%74\\\/uploads\\\/2013\\\/06\\\/paro-de-uta-300x193.jpg\"},{\"@type\":\"BreadcrumbList\",\"@id\":\"https:\\\/\\\/informelitoral.com.ar\\\/la-uta-amenaza-con-otro-paro-de-micros-de-larga-distancia\\\/#breadcrumb\",\"itemListElement\":[{\"@type\":\"ListItem\",\"position\":1,\"name\":\"Portada\",\"item\":\"https:\\\/\\\/informelitoral.com.ar\\\/\"},{\"@type\":\"ListItem\",\"position\":2,\"name\":\"La UTA amenaza con otro paro de micros de larga distancia\"}]},{\"@type\":\"WebSite\",\"@id\":\"https:\\\/\\\/informelitoral.com.ar\\\/#website\",\"url\":\"https:\\\/\\\/informelitoral.com.ar\\\/\",\"name\":\"Informe Litoral\",\"description\":\"&quot;Nos informamos&quot; \",\"publisher\":{\"@id\":\"https:\\\/\\\/informelitoral.com.ar\\\/#organization\"},\"potentialAction\":[{\"@type\":\"SearchAction\",\"target\":{\"@type\":\"EntryPoint\",\"urlTemplate\":\"https:\\\/\\\/informelitoral.com.ar\\\/?s={search_term_string}\"},\"query-input\":{\"@type\":\"PropertyValueSpecification\",\"valueRequired\":true,\"valueName\":\"search_term_string\"}}],\"inLanguage\":\"es\"},{\"@type\":\"Organization\",\"@id\":\"https:\\\/\\\/informelitoral.com.ar\\\/#organization\",\"name\":\"Informe Litoral\",\"url\":\"https:\\\/\\\/informelitoral.com.ar\\\/\",\"logo\":{\"@type\":\"ImageObject\",\"inLanguage\":\"es\",\"@id\":\"https:\\\/\\\/informelitoral.com.ar\\\/#\\\/schema\\\/logo\\\/image\\\/\",\"url\":\"https:\\\/\\\/informelitoral.com.ar\\\/%77%70%2d%63%6f%6e%74%65%6e%74\\\/uploads\\\/2021\\\/01\\\/circulo.png\",\"contentUrl\":\"https:\\\/\\\/informelitoral.com.ar\\\/%77%70%2d%63%6f%6e%74%65%6e%74\\\/uploads\\\/2021\\\/01\\\/circulo.png\",\"width\":723,\"height\":731,\"caption\":\"Informe Litoral\"},\"image\":{\"@id\":\"https:\\\/\\\/informelitoral.com.ar\\\/#\\\/schema\\\/logo\\\/image\\\/\"},\"sameAs\":[\"https:\\\/\\\/www.facebook.com\\\/informelitoral\\\/\",\"https:\\\/\\\/x.com\\\/InformeLitoral\",\"https:\\\/\\\/www.instagram.com\\\/informelitoral\\\/\",\"https:\\\/\\\/www.youtube.com\\\/channel\\\/UCua4Qvz8Icb6MYqhoq9xLXw\"]},{\"@type\":\"Person\",\"@id\":\"https:\\\/\\\/informelitoral.com.ar\\\/#\\\/schema\\\/person\\\/b9d00407c836482871ef1d57bf8e3180\",\"name\":\"Gonzalo Schmidt\",\"image\":{\"@type\":\"ImageObject\",\"inLanguage\":\"es\",\"@id\":\"https:\\\/\\\/secure.gravatar.com\\\/avatar\\\/31a1a7b66ff2de83bd0e9fd79d026630d2d99e55e8bfe501287647b4fd9743de?s=96&d=mm&r=g\",\"url\":\"https:\\\/\\\/secure.gravatar.com\\\/avatar\\\/31a1a7b66ff2de83bd0e9fd79d026630d2d99e55e8bfe501287647b4fd9743de?s=96&d=mm&r=g\",\"contentUrl\":\"https:\\\/\\\/secure.gravatar.com\\\/avatar\\\/31a1a7b66ff2de83bd0e9fd79d026630d2d99e55e8bfe501287647b4fd9743de?s=96&d=mm&r=g\",\"caption\":\"Gonzalo Schmidt\"},\"description\":\"Sitio web de noticias de la provincia de Entre R\u00edos, Argentina. Informaci\u00f3n y entretenimiento. Informe Litoral, nos informamos.\",\"sameAs\":[\"http:\\\/\\\/www.isletasnoticias.com.ar\"],\"url\":\"https:\\\/\\\/informelitoral.com.ar\\\/author\\\/gonzalo\\\/\"}]}<\/script>","yoast_head_json":{"title":"La UTA amenaza con otro paro de micros de larga distancia - Informe Litoral","robots":{"index":"index","follow":"follow","max-snippet":"max-snippet:-1","max-image-preview":"max-image-preview:large","max-video-preview":"max-video-preview:-1"},"canonical":"https:\/\/informelitoral.com.ar\/la-uta-amenaza-con-otro-paro-de-micros-de-larga-distancia\/","og_locale":"es_ES","og_type":"article","og_title":"La UTA amenaza con otro paro de micros de larga distancia - Informe Litoral","og_description":"&nbsp; Advirtieron una &laquo;posible interrupci&oacute;n de servicios&raquo; de transporte de pasajeros, ante la falta de un acuerdo salarial. &ldquo;Los empresarios contin&uacute;an neg&aacute;ndose a pagar el aumento salarial del 23 % que reclamamos&rdquo;, dijeron desde el gremio. La Uni&oacute;n Tranviarios Automotor (UTA) que encabeza Roberto Fern&aacute;ndez, advirti&oacute; este martes sobre una &laquo;posible interrupci&oacute;n de servicios&raquo; del [&hellip;]","og_url":"https:\/\/informelitoral.com.ar\/la-uta-amenaza-con-otro-paro-de-micros-de-larga-distancia\/","og_site_name":"Informe Litoral","article_publisher":"https:\/\/www.facebook.com\/informelitoral\/","article_published_time":"2013-06-26T03:04:15+00:00","og_image":[{"width":2835,"height":1832,"url":"https:\/\/informelitoral.com.ar\/%77%70%2d%63%6f%6e%74%65%6e%74\/uploads\/2013\/06\/paro-de-uta.jpg","type":"image\/jpeg"}],"author":"Gonzalo Schmidt","twitter_card":"summary_large_image","twitter_creator":"@InformeLitoral","twitter_site":"@InformeLitoral","twitter_misc":{"Escrito por":"Gonzalo Schmidt","Tiempo de lectura":"2 minutos"},"schema":{"@context":"https:\/\/schema.org","@graph":[{"@type":"Article","@id":"https:\/\/informelitoral.com.ar\/la-uta-amenaza-con-otro-paro-de-micros-de-larga-distancia\/#article","isPartOf":{"@id":"https:\/\/informelitoral.com.ar\/la-uta-amenaza-con-otro-paro-de-micros-de-larga-distancia\/"},"author":{"name":"Gonzalo Schmidt","@id":"https:\/\/informelitoral.com.ar\/#\/schema\/person\/b9d00407c836482871ef1d57bf8e3180"},"headline":"La UTA amenaza con otro paro de micros de larga distancia","datePublished":"2013-06-26T03:04:15+00:00","mainEntityOfPage":{"@id":"https:\/\/informelitoral.com.ar\/la-uta-amenaza-con-otro-paro-de-micros-de-larga-distancia\/"},"wordCount":354,"commentCount":0,"publisher":{"@id":"https:\/\/informelitoral.com.ar\/#organization"},"image":{"@id":"https:\/\/informelitoral.com.ar\/la-uta-amenaza-con-otro-paro-de-micros-de-larga-distancia\/#primaryimage"},"thumbnailUrl":"http:\/\/www.isletasnoticias.com.ar\/%77%70%2d%63%6f%6e%74%65%6e%74\/uploads\/2013\/06\/paro-de-uta-300x193.jpg","articleSection":["Nacionales"],"inLanguage":"es","potentialAction":[{"@type":"CommentAction","name":"Comment","target":["https:\/\/informelitoral.com.ar\/la-uta-amenaza-con-otro-paro-de-micros-de-larga-distancia\/#respond"]}]},{"@type":"WebPage","@id":"https:\/\/informelitoral.com.ar\/la-uta-amenaza-con-otro-paro-de-micros-de-larga-distancia\/","url":"https:\/\/informelitoral.com.ar\/la-uta-amenaza-con-otro-paro-de-micros-de-larga-distancia\/","name":"La UTA amenaza con otro paro de micros de larga distancia - Informe Litoral","isPartOf":{"@id":"https:\/\/informelitoral.com.ar\/#website"},"primaryImageOfPage":{"@id":"https:\/\/informelitoral.com.ar\/la-uta-amenaza-con-otro-paro-de-micros-de-larga-distancia\/#primaryimage"},"image":{"@id":"https:\/\/informelitoral.com.ar\/la-uta-amenaza-con-otro-paro-de-micros-de-larga-distancia\/#primaryimage"},"thumbnailUrl":"http:\/\/www.isletasnoticias.com.ar\/%77%70%2d%63%6f%6e%74%65%6e%74\/uploads\/2013\/06\/paro-de-uta-300x193.jpg","datePublished":"2013-06-26T03:04:15+00:00","breadcrumb":{"@id":"https:\/\/informelitoral.com.ar\/la-uta-amenaza-con-otro-paro-de-micros-de-larga-distancia\/#breadcrumb"},"inLanguage":"es","potentialAction":[{"@type":"ReadAction","target":["https:\/\/informelitoral.com.ar\/la-uta-amenaza-con-otro-paro-de-micros-de-larga-distancia\/"]}]},{"@type":"ImageObject","inLanguage":"es","@id":"https:\/\/informelitoral.com.ar\/la-uta-amenaza-con-otro-paro-de-micros-de-larga-distancia\/#primaryimage","url":"http:\/\/www.isletasnoticias.com.ar\/%77%70%2d%63%6f%6e%74%65%6e%74\/uploads\/2013\/06\/paro-de-uta-300x193.jpg","contentUrl":"http:\/\/www.isletasnoticias.com.ar\/%77%70%2d%63%6f%6e%74%65%6e%74\/uploads\/2013\/06\/paro-de-uta-300x193.jpg"},{"@type":"BreadcrumbList","@id":"https:\/\/informelitoral.com.ar\/la-uta-amenaza-con-otro-paro-de-micros-de-larga-distancia\/#breadcrumb","itemListElement":[{"@type":"ListItem","position":1,"name":"Portada","item":"https:\/\/informelitoral.com.ar\/"},{"@type":"ListItem","position":2,"name":"La UTA amenaza con otro paro de micros de larga distancia"}]},{"@type":"WebSite","@id":"https:\/\/informelitoral.com.ar\/#website","url":"https:\/\/informelitoral.com.ar\/","name":"Informe Litoral","description":"&quot;Nos informamos&quot; ","publisher":{"@id":"https:\/\/informelitoral.com.ar\/#organization"},"potentialAction":[{"@type":"SearchAction","target":{"@type":"EntryPoint","urlTemplate":"https:\/\/informelitoral.com.ar\/?s={search_term_string}"},"query-input":{"@type":"PropertyValueSpecification","valueRequired":true,"valueName":"search_term_string"}}],"inLanguage":"es"},{"@type":"Organization","@id":"https:\/\/informelitoral.com.ar\/#organization","name":"Informe Litoral","url":"https:\/\/informelitoral.com.ar\/","logo":{"@type":"ImageObject","inLanguage":"es","@id":"https:\/\/informelitoral.com.ar\/#\/schema\/logo\/image\/","url":"https:\/\/informelitoral.com.ar\/%77%70%2d%63%6f%6e%74%65%6e%74\/uploads\/2021\/01\/circulo.png","contentUrl":"https:\/\/informelitoral.com.ar\/%77%70%2d%63%6f%6e%74%65%6e%74\/uploads\/2021\/01\/circulo.png","width":723,"height":731,"caption":"Informe Litoral"},"image":{"@id":"https:\/\/informelitoral.com.ar\/#\/schema\/logo\/image\/"},"sameAs":["https:\/\/www.facebook.com\/informelitoral\/","https:\/\/x.com\/InformeLitoral","https:\/\/www.instagram.com\/informelitoral\/","https:\/\/www.youtube.com\/channel\/UCua4Qvz8Icb6MYqhoq9xLXw"]},{"@type":"Person","@id":"https:\/\/informelitoral.com.ar\/#\/schema\/person\/b9d00407c836482871ef1d57bf8e3180","name":"Gonzalo Schmidt","image":{"@type":"ImageObject","inLanguage":"es","@id":"https:\/\/secure.gravatar.com\/avatar\/31a1a7b66ff2de83bd0e9fd79d026630d2d99e55e8bfe501287647b4fd9743de?s=96&d=mm&r=g","url":"https:\/\/secure.gravatar.com\/avatar\/31a1a7b66ff2de83bd0e9fd79d026630d2d99e55e8bfe501287647b4fd9743de?s=96&d=mm&r=g","contentUrl":"https:\/\/secure.gravatar.com\/avatar\/31a1a7b66ff2de83bd0e9fd79d026630d2d99e55e8bfe501287647b4fd9743de?s=96&d=mm&r=g","caption":"Gonzalo Schmidt"},"description":"Sitio web de noticias de la provincia de Entre R\u00edos, Argentina. Informaci\u00f3n y entretenimiento. Informe Litoral, nos informamos.","sameAs":["http:\/\/www.isletasnoticias.com.ar"],"url":"https:\/\/informelitoral.com.ar\/author\/gonzalo\/"}]}},"_links":{"self":[{"href":"https:\/\/informelitoral.com.ar\/%77%70%2d%6a%73%6f%6e\/wp\/v2\/posts\/2247","targetHints":{"allow":["GET"]}}],"collection":[{"href":"https:\/\/informelitoral.com.ar\/%77%70%2d%6a%73%6f%6e\/wp\/v2\/posts"}],"about":[{"href":"https:\/\/informelitoral.com.ar\/%77%70%2d%6a%73%6f%6e\/wp\/v2\/types\/post"}],"author":[{"embeddable":true,"href":"https:\/\/informelitoral.com.ar\/%77%70%2d%6a%73%6f%6e\/wp\/v2\/users\/2"}],"replies":[{"embeddable":true,"href":"https:\/\/informelitoral.com.ar\/%77%70%2d%6a%73%6f%6e\/wp\/v2\/comments?post=2247"}],"version-history":[{"count":0,"href":"https:\/\/informelitoral.com.ar\/%77%70%2d%6a%73%6f%6e\/wp\/v2\/posts\/2247\/revisions"}],"wp:attachment":[{"href":"https:\/\/informelitoral.com.ar\/%77%70%2d%6a%73%6f%6e\/wp\/v2\/media?parent=2247"}],"wp:term":[{"taxonomy":"category","embeddable":true,"href":"https:\/\/informelitoral.com.ar\/%77%70%2d%6a%73%6f%6e\/wp\/v2\/categories?post=2247"},{"taxonomy":"post_tag","embeddable":true,"href":"https:\/\/informelitoral.com.ar\/%77%70%2d%6a%73%6f%6e\/wp\/v2\/tags?post=2247"}],"curies":[{"name":"wp","href":"https:\/\/api.w.org\/{rel}","templated":true}]}}