{"id":224695,"date":"2025-06-20T07:36:52","date_gmt":"2025-06-20T10:36:52","guid":{"rendered":"https:\/\/informelitoral.com.ar\/?p=224695"},"modified":"2025-06-20T07:36:52","modified_gmt":"2025-06-20T10:36:52","slug":"enersa-actualiza-el-diseno-de-su-factura-para-mejorar-la-lectura","status":"publish","type":"post","link":"https:\/\/informelitoral.com.ar\/enersa-actualiza-el-diseno-de-su-factura-para-mejorar-la-lectura\/","title":{"rendered":"Enersa actualiza el dise\u00f1o de su factura para mejorar la lectura"},"content":{"rendered":"<p><strong>Enersa<\/strong> comenz\u00f3 a implementar un nuevo dise\u00f1o en la factura del servicio el\u00e9ctrico como parte del proceso de modernizaci\u00f3n que impulsa el Gobierno de Entre R\u00edos. El objetivo es mejorar la experiencia de los usuarios a trav\u00e9s de una presentaci\u00f3n m\u00e1s clara y ordenada, que facilite la lectura y comprensi\u00f3n de los conceptos facturados.<\/p>\n<p>Durante un per\u00edodo de transici\u00f3n, la nueva factura convivir\u00e1 con el formato anterior, aunque ambas mantienen la misma validez legal e id\u00e9ntica informaci\u00f3n. Adem\u00e1s, la empresa habilit\u00f3 un micrositio en su portal institucional con materiales explicativos sobre las caracter\u00edsticas del redise\u00f1o, accesible en <a href=\"https:\/\/www.enersa.com.ar\/conoce-tu-factura\/\" target=\"_blank\" rel=\"noopener\">https:\/\/www.enersa.com.ar\/conoce-tu-factura\/<\/a>.<\/p>\n<p>La iniciativa se inscribe en una estrategia m\u00e1s amplia de Enersa centrada en la digitalizaci\u00f3n, la transparencia y el fortalecimiento del v\u00ednculo con los usuarios.<\/p>\n<h6><em><strong>Del archivo:\u00a0<a href=\"https:\/\/informelitoral.com.ar\/la-rehabilitacion-de-la-ruta-provincial-n-32-presenta-un-avance-del-64\/\" target=\"_blank\" rel=\"noopener\">La rehabilitaci\u00f3n de la ruta provincial N\u00b0 32 presenta un avance del 64%<\/a><\/strong><\/em><\/h6>\n","protected":false},"excerpt":{"rendered":"<p>La empresa estatal de energ\u00eda de la provincia lanz\u00f3 un nuevo modelo de factura con informaci\u00f3n m\u00e1s clara y ordenada; convivir\u00e1 un tiempo con la versi\u00f3n anterior.<\/p>\n","protected":false},"author":2,"featured_media":224696,"comment_status":"open","ping_status":"open","sticky":false,"template":"","format":"standard","meta":{"fifu_image_url":"https:\/\/lh3.googleusercontent.com\/drive-storage\/AJQWtBPETg4qL0aYrAxAI65m3nfdiwRSifrX6zRlfVf4L14mt7cUcpDXIW92HK27sM6eeup8ItKGndqCeXJ4gcX0E3Fd5vfzSw6r6ESuZHx27VbIQg","fifu_image_alt":"","footnotes":""},"categories":[6],"tags":[627,329,257],"class_list":{"0":"post-224695","1":"post","2":"type-post","3":"status-publish","4":"format-standard","5":"has-post-thumbnail","7":"category-entre-rios","8":"tag-energia-electrica","9":"tag-enersa","10":"tag-luz"},"yoast_head":"<title>Enersa actualiza el dise\u00f1o de su factura para mejorar la lectura - Informe Litoral<\/title>\n<meta name=\"robots\" content=\"index, follow, max-snippet:-1, max-image-preview:large, max-video-preview:-1\" \/>\n<link rel=\"canonical\" href=\"https:\/\/informelitoral.com.ar\/enersa-actualiza-el-diseno-de-su-factura-para-mejorar-la-lectura\/\" \/>\n<meta property=\"og:locale\" content=\"es_ES\" \/>\n<meta property=\"og:type\" content=\"article\" \/>\n<meta property=\"og:title\" content=\"Enersa actualiza el dise\u00f1o de su factura para mejorar la lectura - Informe Litoral\" \/>\n<meta property=\"og:description\" content=\"La empresa estatal de energ\u00eda de la provincia lanz\u00f3 un nuevo modelo de factura con informaci\u00f3n m\u00e1s clara y ordenada; convivir\u00e1 un tiempo con la versi\u00f3n anterior.\" \/>\n<meta property=\"og:url\" content=\"https:\/\/informelitoral.com.ar\/enersa-actualiza-el-diseno-de-su-factura-para-mejorar-la-lectura\/\" \/>\n<meta property=\"og:site_name\" content=\"Informe Litoral\" \/>\n<meta property=\"article:publisher\" content=\"https:\/\/www.facebook.com\/informelitoral\/\" \/>\n<meta property=\"article:published_time\" content=\"2025-06-20T10:36:52+00:00\" \/>\n<meta property=\"og:image\" content=\"https:\/\/lh3.googleusercontent.com\/drive-storage\/AJQWtBPETg4qL0aYrAxAI65m3nfdiwRSifrX6zRlfVf4L14mt7cUcpDXIW92HK27sM6eeup8ItKGndqCeXJ4gcX0E3Fd5vfzSw6r6ESuZHx27VbIQg\" \/><meta property=\"og:image\" content=\"https:\/\/lh3.googleusercontent.com\/drive-storage\/AJQWtBPETg4qL0aYrAxAI65m3nfdiwRSifrX6zRlfVf4L14mt7cUcpDXIW92HK27sM6eeup8ItKGndqCeXJ4gcX0E3Fd5vfzSw6r6ESuZHx27VbIQg\" \/>\n\t<meta property=\"og:image:width\" content=\"1600\" \/>\n\t<meta property=\"og:image:height\" content=\"900\" \/>\n\t<meta property=\"og:image:type\" content=\"image\/jpeg\" \/>\n<meta name=\"author\" content=\"Gonzalo Schmidt\" \/>\n<meta name=\"twitter:card\" content=\"summary_large_image\" \/>\n<meta name=\"twitter:image\" content=\"https:\/\/lh3.googleusercontent.com\/drive-storage\/AJQWtBPETg4qL0aYrAxAI65m3nfdiwRSifrX6zRlfVf4L14mt7cUcpDXIW92HK27sM6eeup8ItKGndqCeXJ4gcX0E3Fd5vfzSw6r6ESuZHx27VbIQg\" \/>\n<meta name=\"twitter:creator\" content=\"@InformeLitoral\" \/>\n<meta name=\"twitter:site\" content=\"@InformeLitoral\" \/>\n<meta name=\"twitter:label1\" content=\"Escrito por\" \/>\n\t<meta name=\"twitter:data1\" content=\"Gonzalo Schmidt\" \/>\n\t<meta name=\"twitter:label2\" content=\"Tiempo de lectura\" \/>\n\t<meta name=\"twitter:data2\" content=\"1 minuto\" \/>\n<script type=\"application\/ld+json\" class=\"yoast-schema-graph\">{\"@context\":\"https:\\\/\\\/schema.org\",\"@graph\":[{\"@type\":\"Article\",\"@id\":\"https:\\\/\\\/informelitoral.com.ar\\\/enersa-actualiza-el-diseno-de-su-factura-para-mejorar-la-lectura\\\/#article\",\"isPartOf\":{\"@id\":\"https:\\\/\\\/informelitoral.com.ar\\\/enersa-actualiza-el-diseno-de-su-factura-para-mejorar-la-lectura\\\/\"},\"author\":{\"name\":\"Gonzalo Schmidt\",\"@id\":\"https:\\\/\\\/informelitoral.com.ar\\\/#\\\/schema\\\/person\\\/b9d00407c836482871ef1d57bf8e3180\"},\"headline\":\"Enersa actualiza el dise\u00f1o de su factura para mejorar la lectura\",\"datePublished\":\"2025-06-20T10:36:52+00:00\",\"mainEntityOfPage\":{\"@id\":\"https:\\\/\\\/informelitoral.com.ar\\\/enersa-actualiza-el-diseno-de-su-factura-para-mejorar-la-lectura\\\/\"},\"wordCount\":172,\"commentCount\":0,\"publisher\":{\"@id\":\"https:\\\/\\\/informelitoral.com.ar\\\/#organization\"},\"image\":{\"@id\":\"https:\\\/\\\/informelitoral.com.ar\\\/enersa-actualiza-el-diseno-de-su-factura-para-mejorar-la-lectura\\\/#primaryimage\"},\"thumbnailUrl\":\"https:\\\/\\\/lh3.googleusercontent.com\\\/drive-storage\\\/AJQWtBPETg4qL0aYrAxAI65m3nfdiwRSifrX6zRlfVf4L14mt7cUcpDXIW92HK27sM6eeup8ItKGndqCeXJ4gcX0E3Fd5vfzSw6r6ESuZHx27VbIQg\",\"keywords\":[\"Energ\u00eda el\u00e9ctrica\",\"Enersa\",\"Luz\"],\"articleSection\":[\"Entre R\u00edos\"],\"inLanguage\":\"es\",\"potentialAction\":[{\"@type\":\"CommentAction\",\"name\":\"Comment\",\"target\":[\"https:\\\/\\\/informelitoral.com.ar\\\/enersa-actualiza-el-diseno-de-su-factura-para-mejorar-la-lectura\\\/#respond\"]}]},{\"@type\":\"WebPage\",\"@id\":\"https:\\\/\\\/informelitoral.com.ar\\\/enersa-actualiza-el-diseno-de-su-factura-para-mejorar-la-lectura\\\/\",\"url\":\"https:\\\/\\\/informelitoral.com.ar\\\/enersa-actualiza-el-diseno-de-su-factura-para-mejorar-la-lectura\\\/\",\"name\":\"Enersa actualiza el dise\u00f1o de su factura para mejorar la lectura - Informe Litoral\",\"isPartOf\":{\"@id\":\"https:\\\/\\\/informelitoral.com.ar\\\/#website\"},\"primaryImageOfPage\":{\"@id\":\"https:\\\/\\\/informelitoral.com.ar\\\/enersa-actualiza-el-diseno-de-su-factura-para-mejorar-la-lectura\\\/#primaryimage\"},\"image\":{\"@id\":\"https:\\\/\\\/informelitoral.com.ar\\\/enersa-actualiza-el-diseno-de-su-factura-para-mejorar-la-lectura\\\/#primaryimage\"},\"thumbnailUrl\":\"https:\\\/\\\/lh3.googleusercontent.com\\\/drive-storage\\\/AJQWtBPETg4qL0aYrAxAI65m3nfdiwRSifrX6zRlfVf4L14mt7cUcpDXIW92HK27sM6eeup8ItKGndqCeXJ4gcX0E3Fd5vfzSw6r6ESuZHx27VbIQg\",\"datePublished\":\"2025-06-20T10:36:52+00:00\",\"breadcrumb\":{\"@id\":\"https:\\\/\\\/informelitoral.com.ar\\\/enersa-actualiza-el-diseno-de-su-factura-para-mejorar-la-lectura\\\/#breadcrumb\"},\"inLanguage\":\"es\",\"potentialAction\":[{\"@type\":\"ReadAction\",\"target\":[\"https:\\\/\\\/informelitoral.com.ar\\\/enersa-actualiza-el-diseno-de-su-factura-para-mejorar-la-lectura\\\/\"]}]},{\"@type\":\"ImageObject\",\"inLanguage\":\"es\",\"@id\":\"https:\\\/\\\/informelitoral.com.ar\\\/enersa-actualiza-el-diseno-de-su-factura-para-mejorar-la-lectura\\\/#primaryimage\",\"url\":\"https:\\\/\\\/lh3.googleusercontent.com\\\/drive-storage\\\/AJQWtBPETg4qL0aYrAxAI65m3nfdiwRSifrX6zRlfVf4L14mt7cUcpDXIW92HK27sM6eeup8ItKGndqCeXJ4gcX0E3Fd5vfzSw6r6ESuZHx27VbIQg\",\"contentUrl\":\"https:\\\/\\\/lh3.googleusercontent.com\\\/drive-storage\\\/AJQWtBPETg4qL0aYrAxAI65m3nfdiwRSifrX6zRlfVf4L14mt7cUcpDXIW92HK27sM6eeup8ItKGndqCeXJ4gcX0E3Fd5vfzSw6r6ESuZHx27VbIQg\",\"width\":\"1600\",\"height\":\"900\"},{\"@type\":\"BreadcrumbList\",\"@id\":\"https:\\\/\\\/informelitoral.com.ar\\\/enersa-actualiza-el-diseno-de-su-factura-para-mejorar-la-lectura\\\/#breadcrumb\",\"itemListElement\":[{\"@type\":\"ListItem\",\"position\":1,\"name\":\"Portada\",\"item\":\"https:\\\/\\\/informelitoral.com.ar\\\/\"},{\"@type\":\"ListItem\",\"position\":2,\"name\":\"Enersa actualiza el dise\u00f1o de su factura para mejorar la lectura\"}]},{\"@type\":\"WebSite\",\"@id\":\"https:\\\/\\\/informelitoral.com.ar\\\/#website\",\"url\":\"https:\\\/\\\/informelitoral.com.ar\\\/\",\"name\":\"Informe Litoral\",\"description\":\"&quot;Nos informamos&quot; \",\"publisher\":{\"@id\":\"https:\\\/\\\/informelitoral.com.ar\\\/#organization\"},\"potentialAction\":[{\"@type\":\"SearchAction\",\"target\":{\"@type\":\"EntryPoint\",\"urlTemplate\":\"https:\\\/\\\/informelitoral.com.ar\\\/?s={search_term_string}\"},\"query-input\":{\"@type\":\"PropertyValueSpecification\",\"valueRequired\":true,\"valueName\":\"search_term_string\"}}],\"inLanguage\":\"es\"},{\"@type\":\"Organization\",\"@id\":\"https:\\\/\\\/informelitoral.com.ar\\\/#organization\",\"name\":\"Informe Litoral\",\"url\":\"https:\\\/\\\/informelitoral.com.ar\\\/\",\"logo\":{\"@type\":\"ImageObject\",\"inLanguage\":\"es\",\"@id\":\"https:\\\/\\\/informelitoral.com.ar\\\/#\\\/schema\\\/logo\\\/image\\\/\",\"url\":\"https:\\\/\\\/informelitoral.com.ar\\\/%77%70%2d%63%6f%6e%74%65%6e%74\\\/uploads\\\/2021\\\/01\\\/circulo.png\",\"contentUrl\":\"https:\\\/\\\/informelitoral.com.ar\\\/%77%70%2d%63%6f%6e%74%65%6e%74\\\/uploads\\\/2021\\\/01\\\/circulo.png\",\"width\":723,\"height\":731,\"caption\":\"Informe Litoral\"},\"image\":{\"@id\":\"https:\\\/\\\/informelitoral.com.ar\\\/#\\\/schema\\\/logo\\\/image\\\/\"},\"sameAs\":[\"https:\\\/\\\/www.facebook.com\\\/informelitoral\\\/\",\"https:\\\/\\\/x.com\\\/InformeLitoral\",\"https:\\\/\\\/www.instagram.com\\\/informelitoral\\\/\",\"https:\\\/\\\/www.youtube.com\\\/channel\\\/UCua4Qvz8Icb6MYqhoq9xLXw\"]},{\"@type\":\"Person\",\"@id\":\"https:\\\/\\\/informelitoral.com.ar\\\/#\\\/schema\\\/person\\\/b9d00407c836482871ef1d57bf8e3180\",\"name\":\"Gonzalo Schmidt\",\"image\":{\"@type\":\"ImageObject\",\"inLanguage\":\"es\",\"@id\":\"https:\\\/\\\/secure.gravatar.com\\\/avatar\\\/31a1a7b66ff2de83bd0e9fd79d026630d2d99e55e8bfe501287647b4fd9743de?s=96&d=mm&r=g\",\"url\":\"https:\\\/\\\/secure.gravatar.com\\\/avatar\\\/31a1a7b66ff2de83bd0e9fd79d026630d2d99e55e8bfe501287647b4fd9743de?s=96&d=mm&r=g\",\"contentUrl\":\"https:\\\/\\\/secure.gravatar.com\\\/avatar\\\/31a1a7b66ff2de83bd0e9fd79d026630d2d99e55e8bfe501287647b4fd9743de?s=96&d=mm&r=g\",\"caption\":\"Gonzalo Schmidt\"},\"description\":\"Sitio web de noticias de la provincia de Entre R\u00edos, Argentina. Informaci\u00f3n y entretenimiento. Informe Litoral, nos informamos.\",\"sameAs\":[\"http:\\\/\\\/www.isletasnoticias.com.ar\"],\"url\":\"https:\\\/\\\/informelitoral.com.ar\\\/author\\\/gonzalo\\\/\"}]}<\/script>","yoast_head_json":{"title":"Enersa actualiza el dise\u00f1o de su factura para mejorar la lectura - Informe Litoral","robots":{"index":"index","follow":"follow","max-snippet":"max-snippet:-1","max-image-preview":"max-image-preview:large","max-video-preview":"max-video-preview:-1"},"canonical":"https:\/\/informelitoral.com.ar\/enersa-actualiza-el-diseno-de-su-factura-para-mejorar-la-lectura\/","og_locale":"es_ES","og_type":"article","og_title":"Enersa actualiza el dise\u00f1o de su factura para mejorar la lectura - Informe Litoral","og_description":"La empresa estatal de energ\u00eda de la provincia lanz\u00f3 un nuevo modelo de factura con informaci\u00f3n m\u00e1s clara y ordenada; convivir\u00e1 un tiempo con la versi\u00f3n anterior.","og_url":"https:\/\/informelitoral.com.ar\/enersa-actualiza-el-diseno-de-su-factura-para-mejorar-la-lectura\/","og_site_name":"Informe Litoral","article_publisher":"https:\/\/www.facebook.com\/informelitoral\/","article_published_time":"2025-06-20T10:36:52+00:00","og_image":[{"url":"https:\/\/lh3.googleusercontent.com\/drive-storage\/AJQWtBPETg4qL0aYrAxAI65m3nfdiwRSifrX6zRlfVf4L14mt7cUcpDXIW92HK27sM6eeup8ItKGndqCeXJ4gcX0E3Fd5vfzSw6r6ESuZHx27VbIQg","type":"","width":"","height":""},{"width":1600,"height":900,"url":"https:\/\/lh3.googleusercontent.com\/drive-storage\/AJQWtBPETg4qL0aYrAxAI65m3nfdiwRSifrX6zRlfVf4L14mt7cUcpDXIW92HK27sM6eeup8ItKGndqCeXJ4gcX0E3Fd5vfzSw6r6ESuZHx27VbIQg","type":"image\/jpeg"}],"author":"Gonzalo Schmidt","twitter_card":"summary_large_image","twitter_image":"https:\/\/lh3.googleusercontent.com\/drive-storage\/AJQWtBPETg4qL0aYrAxAI65m3nfdiwRSifrX6zRlfVf4L14mt7cUcpDXIW92HK27sM6eeup8ItKGndqCeXJ4gcX0E3Fd5vfzSw6r6ESuZHx27VbIQg","twitter_creator":"@InformeLitoral","twitter_site":"@InformeLitoral","twitter_misc":{"Escrito por":"Gonzalo Schmidt","Tiempo de lectura":"1 minuto"},"schema":{"@context":"https:\/\/schema.org","@graph":[{"@type":"Article","@id":"https:\/\/informelitoral.com.ar\/enersa-actualiza-el-diseno-de-su-factura-para-mejorar-la-lectura\/#article","isPartOf":{"@id":"https:\/\/informelitoral.com.ar\/enersa-actualiza-el-diseno-de-su-factura-para-mejorar-la-lectura\/"},"author":{"name":"Gonzalo Schmidt","@id":"https:\/\/informelitoral.com.ar\/#\/schema\/person\/b9d00407c836482871ef1d57bf8e3180"},"headline":"Enersa actualiza el dise\u00f1o de su factura para mejorar la lectura","datePublished":"2025-06-20T10:36:52+00:00","mainEntityOfPage":{"@id":"https:\/\/informelitoral.com.ar\/enersa-actualiza-el-diseno-de-su-factura-para-mejorar-la-lectura\/"},"wordCount":172,"commentCount":0,"publisher":{"@id":"https:\/\/informelitoral.com.ar\/#organization"},"image":{"@id":"https:\/\/informelitoral.com.ar\/enersa-actualiza-el-diseno-de-su-factura-para-mejorar-la-lectura\/#primaryimage"},"thumbnailUrl":"https:\/\/lh3.googleusercontent.com\/drive-storage\/AJQWtBPETg4qL0aYrAxAI65m3nfdiwRSifrX6zRlfVf4L14mt7cUcpDXIW92HK27sM6eeup8ItKGndqCeXJ4gcX0E3Fd5vfzSw6r6ESuZHx27VbIQg","keywords":["Energ\u00eda el\u00e9ctrica","Enersa","Luz"],"articleSection":["Entre R\u00edos"],"inLanguage":"es","potentialAction":[{"@type":"CommentAction","name":"Comment","target":["https:\/\/informelitoral.com.ar\/enersa-actualiza-el-diseno-de-su-factura-para-mejorar-la-lectura\/#respond"]}]},{"@type":"WebPage","@id":"https:\/\/informelitoral.com.ar\/enersa-actualiza-el-diseno-de-su-factura-para-mejorar-la-lectura\/","url":"https:\/\/informelitoral.com.ar\/enersa-actualiza-el-diseno-de-su-factura-para-mejorar-la-lectura\/","name":"Enersa actualiza el dise\u00f1o de su factura para mejorar la lectura - Informe Litoral","isPartOf":{"@id":"https:\/\/informelitoral.com.ar\/#website"},"primaryImageOfPage":{"@id":"https:\/\/informelitoral.com.ar\/enersa-actualiza-el-diseno-de-su-factura-para-mejorar-la-lectura\/#primaryimage"},"image":{"@id":"https:\/\/informelitoral.com.ar\/enersa-actualiza-el-diseno-de-su-factura-para-mejorar-la-lectura\/#primaryimage"},"thumbnailUrl":"https:\/\/lh3.googleusercontent.com\/drive-storage\/AJQWtBPETg4qL0aYrAxAI65m3nfdiwRSifrX6zRlfVf4L14mt7cUcpDXIW92HK27sM6eeup8ItKGndqCeXJ4gcX0E3Fd5vfzSw6r6ESuZHx27VbIQg","datePublished":"2025-06-20T10:36:52+00:00","breadcrumb":{"@id":"https:\/\/informelitoral.com.ar\/enersa-actualiza-el-diseno-de-su-factura-para-mejorar-la-lectura\/#breadcrumb"},"inLanguage":"es","potentialAction":[{"@type":"ReadAction","target":["https:\/\/informelitoral.com.ar\/enersa-actualiza-el-diseno-de-su-factura-para-mejorar-la-lectura\/"]}]},{"@type":"ImageObject","inLanguage":"es","@id":"https:\/\/informelitoral.com.ar\/enersa-actualiza-el-diseno-de-su-factura-para-mejorar-la-lectura\/#primaryimage","url":"https:\/\/lh3.googleusercontent.com\/drive-storage\/AJQWtBPETg4qL0aYrAxAI65m3nfdiwRSifrX6zRlfVf4L14mt7cUcpDXIW92HK27sM6eeup8ItKGndqCeXJ4gcX0E3Fd5vfzSw6r6ESuZHx27VbIQg","contentUrl":"https:\/\/lh3.googleusercontent.com\/drive-storage\/AJQWtBPETg4qL0aYrAxAI65m3nfdiwRSifrX6zRlfVf4L14mt7cUcpDXIW92HK27sM6eeup8ItKGndqCeXJ4gcX0E3Fd5vfzSw6r6ESuZHx27VbIQg","width":"1600","height":"900"},{"@type":"BreadcrumbList","@id":"https:\/\/informelitoral.com.ar\/enersa-actualiza-el-diseno-de-su-factura-para-mejorar-la-lectura\/#breadcrumb","itemListElement":[{"@type":"ListItem","position":1,"name":"Portada","item":"https:\/\/informelitoral.com.ar\/"},{"@type":"ListItem","position":2,"name":"Enersa actualiza el dise\u00f1o de su factura para mejorar la lectura"}]},{"@type":"WebSite","@id":"https:\/\/informelitoral.com.ar\/#website","url":"https:\/\/informelitoral.com.ar\/","name":"Informe Litoral","description":"&quot;Nos informamos&quot; ","publisher":{"@id":"https:\/\/informelitoral.com.ar\/#organization"},"potentialAction":[{"@type":"SearchAction","target":{"@type":"EntryPoint","urlTemplate":"https:\/\/informelitoral.com.ar\/?s={search_term_string}"},"query-input":{"@type":"PropertyValueSpecification","valueRequired":true,"valueName":"search_term_string"}}],"inLanguage":"es"},{"@type":"Organization","@id":"https:\/\/informelitoral.com.ar\/#organization","name":"Informe Litoral","url":"https:\/\/informelitoral.com.ar\/","logo":{"@type":"ImageObject","inLanguage":"es","@id":"https:\/\/informelitoral.com.ar\/#\/schema\/logo\/image\/","url":"https:\/\/informelitoral.com.ar\/%77%70%2d%63%6f%6e%74%65%6e%74\/uploads\/2021\/01\/circulo.png","contentUrl":"https:\/\/informelitoral.com.ar\/%77%70%2d%63%6f%6e%74%65%6e%74\/uploads\/2021\/01\/circulo.png","width":723,"height":731,"caption":"Informe Litoral"},"image":{"@id":"https:\/\/informelitoral.com.ar\/#\/schema\/logo\/image\/"},"sameAs":["https:\/\/www.facebook.com\/informelitoral\/","https:\/\/x.com\/InformeLitoral","https:\/\/www.instagram.com\/informelitoral\/","https:\/\/www.youtube.com\/channel\/UCua4Qvz8Icb6MYqhoq9xLXw"]},{"@type":"Person","@id":"https:\/\/informelitoral.com.ar\/#\/schema\/person\/b9d00407c836482871ef1d57bf8e3180","name":"Gonzalo Schmidt","image":{"@type":"ImageObject","inLanguage":"es","@id":"https:\/\/secure.gravatar.com\/avatar\/31a1a7b66ff2de83bd0e9fd79d026630d2d99e55e8bfe501287647b4fd9743de?s=96&d=mm&r=g","url":"https:\/\/secure.gravatar.com\/avatar\/31a1a7b66ff2de83bd0e9fd79d026630d2d99e55e8bfe501287647b4fd9743de?s=96&d=mm&r=g","contentUrl":"https:\/\/secure.gravatar.com\/avatar\/31a1a7b66ff2de83bd0e9fd79d026630d2d99e55e8bfe501287647b4fd9743de?s=96&d=mm&r=g","caption":"Gonzalo Schmidt"},"description":"Sitio web de noticias de la provincia de Entre R\u00edos, Argentina. Informaci\u00f3n y entretenimiento. Informe Litoral, nos informamos.","sameAs":["http:\/\/www.isletasnoticias.com.ar"],"url":"https:\/\/informelitoral.com.ar\/author\/gonzalo\/"}]}},"fifu_image_url":"https:\/\/lh3.googleusercontent.com\/drive-storage\/AJQWtBPETg4qL0aYrAxAI65m3nfdiwRSifrX6zRlfVf4L14mt7cUcpDXIW92HK27sM6eeup8ItKGndqCeXJ4gcX0E3Fd5vfzSw6r6ESuZHx27VbIQg","_links":{"self":[{"href":"https:\/\/informelitoral.com.ar\/%77%70%2d%6a%73%6f%6e\/wp\/v2\/posts\/224695","targetHints":{"allow":["GET"]}}],"collection":[{"href":"https:\/\/informelitoral.com.ar\/%77%70%2d%6a%73%6f%6e\/wp\/v2\/posts"}],"about":[{"href":"https:\/\/informelitoral.com.ar\/%77%70%2d%6a%73%6f%6e\/wp\/v2\/types\/post"}],"author":[{"embeddable":true,"href":"https:\/\/informelitoral.com.ar\/%77%70%2d%6a%73%6f%6e\/wp\/v2\/users\/2"}],"replies":[{"embeddable":true,"href":"https:\/\/informelitoral.com.ar\/%77%70%2d%6a%73%6f%6e\/wp\/v2\/comments?post=224695"}],"version-history":[{"count":1,"href":"https:\/\/informelitoral.com.ar\/%77%70%2d%6a%73%6f%6e\/wp\/v2\/posts\/224695\/revisions"}],"predecessor-version":[{"id":224697,"href":"https:\/\/informelitoral.com.ar\/%77%70%2d%6a%73%6f%6e\/wp\/v2\/posts\/224695\/revisions\/224697"}],"wp:featuredmedia":[{"embeddable":true,"href":"https:\/\/informelitoral.com.ar\/%77%70%2d%6a%73%6f%6e\/wp\/v2\/media\/224696"}],"wp:attachment":[{"href":"https:\/\/informelitoral.com.ar\/%77%70%2d%6a%73%6f%6e\/wp\/v2\/media?parent=224695"}],"wp:term":[{"taxonomy":"category","embeddable":true,"href":"https:\/\/informelitoral.com.ar\/%77%70%2d%6a%73%6f%6e\/wp\/v2\/categories?post=224695"},{"taxonomy":"post_tag","embeddable":true,"href":"https:\/\/informelitoral.com.ar\/%77%70%2d%6a%73%6f%6e\/wp\/v2\/tags?post=224695"}],"curies":[{"name":"wp","href":"https:\/\/api.w.org\/{rel}","templated":true}]}}