{"id":224550,"date":"2025-06-18T20:58:27","date_gmt":"2025-06-18T23:58:27","guid":{"rendered":"https:\/\/informelitoral.com.ar\/?p=224550"},"modified":"2025-06-18T20:58:27","modified_gmt":"2025-06-18T23:58:27","slug":"coopar-72-anos-en-constante-evolucion","status":"publish","type":"post","link":"https:\/\/informelitoral.com.ar\/coopar-72-anos-en-constante-evolucion\/","title":{"rendered":"Coopar: 72 a\u00f1os en constante evoluci\u00f3n"},"content":{"rendered":"<p>Sabido es que el potencial de las cooperativas le ha dado vida y progreso a los pueblos, como es el caso de Aranguren, que pudo sostenerse y crecer a la par de su cooperativa.<\/p>\n<p>La fuerza del cooperativismo, el apoyo constante de productores, la pujanza y sapiencia de dirigentes, profesionales y trabajadores, sumado a la inserci\u00f3n social, entre otros factores, le permitieron a la cooperativa de Aranguren estar en constante evoluci\u00f3n.<\/p>\n<p>Del campo a la ciudad, de la industria al trabajo rural. Desde los 50 socios fundadores hasta los 800 actuales, desde el primer empleado hasta llegar a 170, desde la bolsa de arpillera hasta las 150.000 toneladas que se pueden acopiar y almacenar en el presente. Desde la presidencia de Don Am\u00e9rico Balbi hasta el presente de Gonzalo Salgado.<\/p>\n<p>La historia, el presente y los proyectos permiten avizorar la continuidad de un escenario pr\u00f3spero.<\/p>\n<h2><strong>Los comienzos<\/strong><\/h2>\n<h2><strong><a href=\"https:\/\/informelitoral.com.ar\/%77%70%2d%63%6f%6e%74%65%6e%74\/uploads\/2025\/06\/IMG_20250404_191602198_HDR.jpg\"><img loading=\"lazy\" decoding=\"async\" class=\"aligncenter wp-image-224552 size-full\" src=\"https:\/\/informelitoral.com.ar\/%77%70%2d%63%6f%6e%74%65%6e%74\/uploads\/2025\/06\/IMG_20250404_191602198_HDR.jpg\" alt=\"\" width=\"2326\" height=\"1440\" srcset=\"https:\/\/informelitoral.com.ar\/%77%70%2d%63%6f%6e%74%65%6e%74\/uploads\/2025\/06\/IMG_20250404_191602198_HDR.jpg 2326w, https:\/\/informelitoral.com.ar\/%77%70%2d%63%6f%6e%74%65%6e%74\/uploads\/2025\/06\/IMG_20250404_191602198_HDR-300x186.jpg 300w, https:\/\/informelitoral.com.ar\/%77%70%2d%63%6f%6e%74%65%6e%74\/uploads\/2025\/06\/IMG_20250404_191602198_HDR-1024x634.jpg 1024w, https:\/\/informelitoral.com.ar\/%77%70%2d%63%6f%6e%74%65%6e%74\/uploads\/2025\/06\/IMG_20250404_191602198_HDR-768x475.jpg 768w, https:\/\/informelitoral.com.ar\/%77%70%2d%63%6f%6e%74%65%6e%74\/uploads\/2025\/06\/IMG_20250404_191602198_HDR-1536x951.jpg 1536w, https:\/\/informelitoral.com.ar\/%77%70%2d%63%6f%6e%74%65%6e%74\/uploads\/2025\/06\/IMG_20250404_191602198_HDR-2048x1268.jpg 2048w, https:\/\/informelitoral.com.ar\/%77%70%2d%63%6f%6e%74%65%6e%74\/uploads\/2025\/06\/IMG_20250404_191602198_HDR-678x420.jpg 678w, https:\/\/informelitoral.com.ar\/%77%70%2d%63%6f%6e%74%65%6e%74\/uploads\/2025\/06\/IMG_20250404_191602198_HDR-696x431.jpg 696w, https:\/\/informelitoral.com.ar\/%77%70%2d%63%6f%6e%74%65%6e%74\/uploads\/2025\/06\/IMG_20250404_191602198_HDR-1068x661.jpg 1068w, https:\/\/informelitoral.com.ar\/%77%70%2d%63%6f%6e%74%65%6e%74\/uploads\/2025\/06\/IMG_20250404_191602198_HDR-1920x1189.jpg 1920w, https:\/\/informelitoral.com.ar\/%77%70%2d%63%6f%6e%74%65%6e%74\/uploads\/2025\/06\/IMG_20250404_191602198_HDR-356x220.jpg 356w\" sizes=\"auto, (max-width: 2326px) 100vw, 2326px\" \/><\/a><\/strong><\/h2>\n<p>Si nos remontamos a los inicios, a nivel mundial, el cooperativismo surgi\u00f3 en Inglaterra, en 1844. La idea a nuestro pa\u00eds arrib\u00f3 de la mano de los inmigrantes y las cooperativas agrarias comenzaron a expandirse con fuerza durante las primeras d\u00e9cadas del siglo XX con condiciones econ\u00f3micas muy dif\u00edciles, por lo tanto, fue el principio de solidaridad lo que sac\u00f3 adelante a los trabajadores de la tierra.<\/p>\n<p>Aranguren no escap\u00f3 a esa realidad: Un grupo de 50 productores se asociaron para comercializar juntos su cereal, confeccionaron y firmaron el acta fundacional de la Cooperativa Agr\u00edcola, Ganadera de Aranguren Limitada (COOPAR) el 20 de junio de 1953, en el local de la Federaci\u00f3n Agraria Argentina. La cara visible de la comisi\u00f3n fundadora fue Don Am\u00e9rico Balbi, primer presidente de COOPAR.<\/p>\n<p>Adquisiciones, obras, servicios, acopio de huevos y las instalaciones de silos marcaron la primera d\u00e9cada de vida institucional.<\/p>\n<p>Desde entonces, la cooperativa de Aranguren creci\u00f3 con esfuerzo, innovaci\u00f3n y el compromiso de sus socios.<\/p>\n<h2><strong>La consolidaci\u00f3n<\/strong><\/h2>\n<p>Con el paso de las d\u00e9cadas, COOPAR ampli\u00f3 la capacidad de acopio, diversific\u00f3 la producci\u00f3n y desarroll\u00f3 nuevas unidades de negocio. Incorpor\u00f3 tecnolog\u00eda, abri\u00f3 nuevas sucursales y fortaleci\u00f3 su red de servicios. Hoy, con presencia en Aranguren, Victoria, Nogoy\u00e1, Don Crist\u00f3bal Segunda y Crucesitas Octava, sigue creciendo con el mismo objetivo: potenciar la competitividad del sector agropecuario.<\/p>\n<p>COOPAR es mucho m\u00e1s que una cooperativa. Brinda un servicio integral con acopio y comercializaci\u00f3n de cereales y oleaginosas, provisi\u00f3n de insumos para el agro, semilleros especializados, estaciones de servicio, autoservicio, ferreter\u00eda, corral\u00f3n y maquinarias. La f\u00e1brica de alimentos balanceados para los sectores av\u00edcolas, bovinos y porcinos, abastece su propia granja porcina, garantizando calidad y sustentabilidad en toda la cadena productiva.<\/p>\n<p>La cooperativa de Aranguren est\u00e1 en constante evoluci\u00f3n, invirtiendo en infraestructura, adquiriendo tecnolog\u00eda de punta y fortaleciendo su presencia en mercados internacionales.<\/p>\n<p>Por citar ejemplos concretos de los \u00faltimos tiempos, entre 2023 y 2024, se construyeron 2 silos en Victoria con capacidad de 5000 toneladas cada uno.<\/p>\n<p>En 2024, se instal\u00f3 en Aranguren una moderna planta extrusora de oleaginosas para la producci\u00f3n de aceite y expeler de soja abasteciendo con el mismo la f\u00e1brica de alimentos balanceados, garantizando la calidad de sus productos. A su vez, COOPAR exporta directamente arvejas a Brasil y contin\u00faa explorando nuevas oportunidades de comercio interior y exterior. A su vez, ha generado especialidades como colza canola, arvejas y posee convenios con el INTA.<\/p>\n<p>En la cosecha 2023\/2024, COOPAR acopi\u00f3 un total de 318.842 toneladas de cereales y oleaginosas, reflejando la confianza y el compromiso de sus asociados.<\/p>\n<p>Las inversiones est\u00e1n a la orden del d\u00eda. Las nuevas, modernas y confortables oficinas de Victoria, inauguradas durante el primer semestre de 2025, hablan a las claras del fuerte compromiso con los asociados.<\/p>\n<p>En materia de transporte, durante el a\u00f1o en curso, se adquiri\u00f3 un cami\u00f3n Scania modelo 420 R B4x2, con acoplado, para transportar cerdos en pie destinados a faena, permitiendo mejorar la log\u00edstica que se realiza desde los distintos integrados de COOPAR hacia frigor\u00edficos de nuestra provincia, C\u00f3rdoba, Santa Fe y Buenos Aires.<\/p>\n<p>Y justamente, uno de los pilares fundamentales de su diversificaci\u00f3n es la producci\u00f3n porcina.<\/p>\n<p>La granja REYNAF\u00c9, en este \u00faltimo per\u00edodo, creci\u00f3 de 1200 a 1.700 madres, con un esquema de producci\u00f3n que abarca gestaci\u00f3n, maternidad, recr\u00eda y engorde. En total son diecis\u00e9is productores integrados, distribuidos en treinta y nueve galpones, lo que permite un eficiente sistema de cr\u00eda y abastecimiento. Adem\u00e1s, la alianza con Campo Austral fortalece la comercializaci\u00f3n de cerdos gordos, consolidando un circuito productivo estable y rentable para sus asociados.<\/p>\n<p>En sociedad con San Fernando S.A. y Cooperativa General San Mart\u00edn, COOPAR impuls\u00f3 el frigor\u00edfico de cerdos PONDESUR, agregando valor a la carne y garantizando un producto de calidad.<\/p>\n<p>En COOPAR se apuesta fuertemente al desarrollo sostenible y al trabajo en equipo.<\/p>\n<p>El \u00e1rea de Recursos Humanos est\u00e1 en constante trabajo junto al personal de COOPAR y con el desaf\u00edo permanente de continuar sumando capital humano para la empresa, que en definitiva son los pilares fundamentales para el desarrollo.<\/p>\n<p>Adem\u00e1s, es preciso destacar qu\u00e9, COOPAR participa activamente en federaciones y asociaciones como CAFER, FEDECO y PONDESUR S.A. Promueve capacitaciones, encuentros t\u00e9cnicos y fortalece los lazos con sus socios y las comunidades. Es preciso destacar qu\u00e9, la cooperativa es socia y participa activamente en Bioceres Semillas S.A., Cooperativa Santa Rosa Limitada y Santa Rosa Semillas S.A., asegurando la innovaci\u00f3n y el acceso a las mejores tecnolog\u00edas para el agro.<\/p>\n<p>A su vez, la Cooperativa de Aranguren est\u00e1 permanentemente en todos los foros representada y pujando con otros sectores para que el interior productivo del Pa\u00eds se desarrolle como corresponde. En ese sentido, la cooperativa de Aranguren acompa\u00f1a la labor de Federaci\u00f3n Agraria Argentina, apoyando de manera incesante a productores y cooperativas.<\/p>\n<p>Explorando nuevos negocios, COOPAR sigue sumando servicios para sus asociados, como lo es la venta de soluciones solares, lo cual permite un importante ahorro de energ\u00eda y dinero, sumado a la venta de seguros a campo.<\/p>\n<p>Por \u00faltimo, es muy importante remarcar lo que manifest\u00f3 hace un tiempo el Gerente, Cdor Marcelo Pagliaruzza, que cuando los productores comercializan con COOPAR, especialmente los granos, tienen un respaldo financiero, patrimonial y econ\u00f3mico de la cooperativa que es muy importante en los tiempos que corren.<\/p>\n<p>Con 72 a\u00f1os de historia, COOPAR sigue apostando por el crecimiento, la innovaci\u00f3n y la diversificaci\u00f3n. COOPAR es trabajo, compromiso y futuro.<\/p>\n<h6><em><strong>Del archivo:\u00a0<a href=\"https:\/\/informelitoral.com.ar\/andres-rosado-el-80-de-la-produccion-de-arvejas-de-coopar-se-exporta-directamente-a-brasil\/\" target=\"_blank\" rel=\"noopener\">Andr\u00e9s Rosado: \u201cEl 80% de la producci\u00f3n de arvejas de COOPAR se exporta directamente a Brasil\u201d<\/a><\/strong><\/em><\/h6>\n","protected":false},"excerpt":{"rendered":"<p>La Cooperativa Agr\u00edcola Ganadera y de Servicios P\u00fablicos Aranguren Limitada (Coopar) cumple 72 a\u00f1os de vida. Desde el 20 de junio de 1953 y hasta la actualidad han sido d\u00e9cadas signadas por el desarrollo sostenible y el constante crecimiento.<\/p>\n","protected":false},"author":2,"featured_media":224551,"comment_status":"open","ping_status":"open","sticky":false,"template":"","format":"standard","meta":{"fifu_image_url":"","fifu_image_alt":"","footnotes":""},"categories":[10,4592],"tags":[1966,320,143,1611,137,303,120],"class_list":{"0":"post-224550","1":"post","2":"type-post","3":"status-publish","4":"format-standard","5":"has-post-thumbnail","7":"category-campo","8":"category-departamento-nogoya","9":"tag-agro","10":"tag-aniversario","11":"tag-aranguren","12":"tag-coopar","13":"tag-cooperativa","14":"tag-cooperativismo","15":"tag-produccion"},"yoast_head":"<title>Coopar: 72 a\u00f1os en constante evoluci\u00f3n - Informe Litoral<\/title>\n<meta name=\"robots\" content=\"index, follow, max-snippet:-1, max-image-preview:large, max-video-preview:-1\" \/>\n<link rel=\"canonical\" href=\"https:\/\/informelitoral.com.ar\/coopar-72-anos-en-constante-evolucion\/\" \/>\n<meta property=\"og:locale\" content=\"es_ES\" \/>\n<meta property=\"og:type\" content=\"article\" \/>\n<meta property=\"og:title\" content=\"Coopar: 72 a\u00f1os en constante evoluci\u00f3n - Informe Litoral\" \/>\n<meta property=\"og:description\" content=\"La Cooperativa Agr\u00edcola Ganadera y de Servicios P\u00fablicos Aranguren Limitada (Coopar) cumple 72 a\u00f1os de vida. Desde el 20 de junio de 1953 y hasta la actualidad han sido d\u00e9cadas signadas por el desarrollo sostenible y el constante crecimiento.\" \/>\n<meta property=\"og:url\" content=\"https:\/\/informelitoral.com.ar\/coopar-72-anos-en-constante-evolucion\/\" \/>\n<meta property=\"og:site_name\" content=\"Informe Litoral\" \/>\n<meta property=\"article:publisher\" content=\"https:\/\/www.facebook.com\/informelitoral\/\" \/>\n<meta property=\"article:published_time\" content=\"2025-06-18T23:58:27+00:00\" \/>\n<meta property=\"og:image\" content=\"https:\/\/informelitoral.com.ar\/%77%70%2d%63%6f%6e%74%65%6e%74\/uploads\/2025\/06\/IMG_20250404_191532644_HDR-scaled.jpg\" \/>\n\t<meta property=\"og:image:width\" content=\"2560\" \/>\n\t<meta property=\"og:image:height\" content=\"1733\" \/>\n\t<meta property=\"og:image:type\" content=\"image\/jpeg\" \/>\n<meta name=\"author\" content=\"Gonzalo Schmidt\" \/>\n<meta name=\"twitter:card\" content=\"summary_large_image\" \/>\n<meta name=\"twitter:creator\" content=\"@InformeLitoral\" \/>\n<meta name=\"twitter:site\" content=\"@InformeLitoral\" \/>\n<meta name=\"twitter:label1\" content=\"Escrito por\" \/>\n\t<meta name=\"twitter:data1\" content=\"Gonzalo Schmidt\" \/>\n\t<meta name=\"twitter:label2\" content=\"Tiempo de lectura\" \/>\n\t<meta name=\"twitter:data2\" content=\"6 minutos\" \/>\n<script type=\"application\/ld+json\" class=\"yoast-schema-graph\">{\"@context\":\"https:\\\/\\\/schema.org\",\"@graph\":[{\"@type\":\"Article\",\"@id\":\"https:\\\/\\\/informelitoral.com.ar\\\/coopar-72-anos-en-constante-evolucion\\\/#article\",\"isPartOf\":{\"@id\":\"https:\\\/\\\/informelitoral.com.ar\\\/coopar-72-anos-en-constante-evolucion\\\/\"},\"author\":{\"name\":\"Gonzalo Schmidt\",\"@id\":\"https:\\\/\\\/informelitoral.com.ar\\\/#\\\/schema\\\/person\\\/b9d00407c836482871ef1d57bf8e3180\"},\"headline\":\"Coopar: 72 a\u00f1os en constante evoluci\u00f3n\",\"datePublished\":\"2025-06-18T23:58:27+00:00\",\"mainEntityOfPage\":{\"@id\":\"https:\\\/\\\/informelitoral.com.ar\\\/coopar-72-anos-en-constante-evolucion\\\/\"},\"wordCount\":1118,\"commentCount\":0,\"publisher\":{\"@id\":\"https:\\\/\\\/informelitoral.com.ar\\\/#organization\"},\"image\":{\"@id\":\"https:\\\/\\\/informelitoral.com.ar\\\/coopar-72-anos-en-constante-evolucion\\\/#primaryimage\"},\"thumbnailUrl\":\"https:\\\/\\\/informelitoral.com.ar\\\/%77%70%2d%63%6f%6e%74%65%6e%74\\\/uploads\\\/2025\\\/06\\\/IMG_20250404_191532644_HDR-scaled.jpg\",\"keywords\":[\"Agro\",\"Aniversario\",\"Aranguren\",\"Coopar\",\"Cooperativa\",\"Cooperativismo\",\"Producci\u00f3n\"],\"articleSection\":[\"Campo\",\"Departamento Nogoy\u00e1\"],\"inLanguage\":\"es\",\"potentialAction\":[{\"@type\":\"CommentAction\",\"name\":\"Comment\",\"target\":[\"https:\\\/\\\/informelitoral.com.ar\\\/coopar-72-anos-en-constante-evolucion\\\/#respond\"]}]},{\"@type\":\"WebPage\",\"@id\":\"https:\\\/\\\/informelitoral.com.ar\\\/coopar-72-anos-en-constante-evolucion\\\/\",\"url\":\"https:\\\/\\\/informelitoral.com.ar\\\/coopar-72-anos-en-constante-evolucion\\\/\",\"name\":\"Coopar: 72 a\u00f1os en constante evoluci\u00f3n - Informe Litoral\",\"isPartOf\":{\"@id\":\"https:\\\/\\\/informelitoral.com.ar\\\/#website\"},\"primaryImageOfPage\":{\"@id\":\"https:\\\/\\\/informelitoral.com.ar\\\/coopar-72-anos-en-constante-evolucion\\\/#primaryimage\"},\"image\":{\"@id\":\"https:\\\/\\\/informelitoral.com.ar\\\/coopar-72-anos-en-constante-evolucion\\\/#primaryimage\"},\"thumbnailUrl\":\"https:\\\/\\\/informelitoral.com.ar\\\/%77%70%2d%63%6f%6e%74%65%6e%74\\\/uploads\\\/2025\\\/06\\\/IMG_20250404_191532644_HDR-scaled.jpg\",\"datePublished\":\"2025-06-18T23:58:27+00:00\",\"breadcrumb\":{\"@id\":\"https:\\\/\\\/informelitoral.com.ar\\\/coopar-72-anos-en-constante-evolucion\\\/#breadcrumb\"},\"inLanguage\":\"es\",\"potentialAction\":[{\"@type\":\"ReadAction\",\"target\":[\"https:\\\/\\\/informelitoral.com.ar\\\/coopar-72-anos-en-constante-evolucion\\\/\"]}]},{\"@type\":\"ImageObject\",\"inLanguage\":\"es\",\"@id\":\"https:\\\/\\\/informelitoral.com.ar\\\/coopar-72-anos-en-constante-evolucion\\\/#primaryimage\",\"url\":\"https:\\\/\\\/informelitoral.com.ar\\\/%77%70%2d%63%6f%6e%74%65%6e%74\\\/uploads\\\/2025\\\/06\\\/IMG_20250404_191532644_HDR-scaled.jpg\",\"contentUrl\":\"https:\\\/\\\/informelitoral.com.ar\\\/%77%70%2d%63%6f%6e%74%65%6e%74\\\/uploads\\\/2025\\\/06\\\/IMG_20250404_191532644_HDR-scaled.jpg\",\"width\":2560,\"height\":1733},{\"@type\":\"BreadcrumbList\",\"@id\":\"https:\\\/\\\/informelitoral.com.ar\\\/coopar-72-anos-en-constante-evolucion\\\/#breadcrumb\",\"itemListElement\":[{\"@type\":\"ListItem\",\"position\":1,\"name\":\"Portada\",\"item\":\"https:\\\/\\\/informelitoral.com.ar\\\/\"},{\"@type\":\"ListItem\",\"position\":2,\"name\":\"Coopar: 72 a\u00f1os en constante evoluci\u00f3n\"}]},{\"@type\":\"WebSite\",\"@id\":\"https:\\\/\\\/informelitoral.com.ar\\\/#website\",\"url\":\"https:\\\/\\\/informelitoral.com.ar\\\/\",\"name\":\"Informe Litoral\",\"description\":\"&quot;Nos informamos&quot; \",\"publisher\":{\"@id\":\"https:\\\/\\\/informelitoral.com.ar\\\/#organization\"},\"potentialAction\":[{\"@type\":\"SearchAction\",\"target\":{\"@type\":\"EntryPoint\",\"urlTemplate\":\"https:\\\/\\\/informelitoral.com.ar\\\/?s={search_term_string}\"},\"query-input\":{\"@type\":\"PropertyValueSpecification\",\"valueRequired\":true,\"valueName\":\"search_term_string\"}}],\"inLanguage\":\"es\"},{\"@type\":\"Organization\",\"@id\":\"https:\\\/\\\/informelitoral.com.ar\\\/#organization\",\"name\":\"Informe Litoral\",\"url\":\"https:\\\/\\\/informelitoral.com.ar\\\/\",\"logo\":{\"@type\":\"ImageObject\",\"inLanguage\":\"es\",\"@id\":\"https:\\\/\\\/informelitoral.com.ar\\\/#\\\/schema\\\/logo\\\/image\\\/\",\"url\":\"https:\\\/\\\/informelitoral.com.ar\\\/%77%70%2d%63%6f%6e%74%65%6e%74\\\/uploads\\\/2021\\\/01\\\/circulo.png\",\"contentUrl\":\"https:\\\/\\\/informelitoral.com.ar\\\/%77%70%2d%63%6f%6e%74%65%6e%74\\\/uploads\\\/2021\\\/01\\\/circulo.png\",\"width\":723,\"height\":731,\"caption\":\"Informe Litoral\"},\"image\":{\"@id\":\"https:\\\/\\\/informelitoral.com.ar\\\/#\\\/schema\\\/logo\\\/image\\\/\"},\"sameAs\":[\"https:\\\/\\\/www.facebook.com\\\/informelitoral\\\/\",\"https:\\\/\\\/x.com\\\/InformeLitoral\",\"https:\\\/\\\/www.instagram.com\\\/informelitoral\\\/\",\"https:\\\/\\\/www.youtube.com\\\/channel\\\/UCua4Qvz8Icb6MYqhoq9xLXw\"]},{\"@type\":\"Person\",\"@id\":\"https:\\\/\\\/informelitoral.com.ar\\\/#\\\/schema\\\/person\\\/b9d00407c836482871ef1d57bf8e3180\",\"name\":\"Gonzalo Schmidt\",\"image\":{\"@type\":\"ImageObject\",\"inLanguage\":\"es\",\"@id\":\"https:\\\/\\\/secure.gravatar.com\\\/avatar\\\/31a1a7b66ff2de83bd0e9fd79d026630d2d99e55e8bfe501287647b4fd9743de?s=96&d=mm&r=g\",\"url\":\"https:\\\/\\\/secure.gravatar.com\\\/avatar\\\/31a1a7b66ff2de83bd0e9fd79d026630d2d99e55e8bfe501287647b4fd9743de?s=96&d=mm&r=g\",\"contentUrl\":\"https:\\\/\\\/secure.gravatar.com\\\/avatar\\\/31a1a7b66ff2de83bd0e9fd79d026630d2d99e55e8bfe501287647b4fd9743de?s=96&d=mm&r=g\",\"caption\":\"Gonzalo Schmidt\"},\"description\":\"Sitio web de noticias de la provincia de Entre R\u00edos, Argentina. Informaci\u00f3n y entretenimiento. Informe Litoral, nos informamos.\",\"sameAs\":[\"http:\\\/\\\/www.isletasnoticias.com.ar\"],\"url\":\"https:\\\/\\\/informelitoral.com.ar\\\/author\\\/gonzalo\\\/\"}]}<\/script>","yoast_head_json":{"title":"Coopar: 72 a\u00f1os en constante evoluci\u00f3n - Informe Litoral","robots":{"index":"index","follow":"follow","max-snippet":"max-snippet:-1","max-image-preview":"max-image-preview:large","max-video-preview":"max-video-preview:-1"},"canonical":"https:\/\/informelitoral.com.ar\/coopar-72-anos-en-constante-evolucion\/","og_locale":"es_ES","og_type":"article","og_title":"Coopar: 72 a\u00f1os en constante evoluci\u00f3n - Informe Litoral","og_description":"La Cooperativa Agr\u00edcola Ganadera y de Servicios P\u00fablicos Aranguren Limitada (Coopar) cumple 72 a\u00f1os de vida. Desde el 20 de junio de 1953 y hasta la actualidad han sido d\u00e9cadas signadas por el desarrollo sostenible y el constante crecimiento.","og_url":"https:\/\/informelitoral.com.ar\/coopar-72-anos-en-constante-evolucion\/","og_site_name":"Informe Litoral","article_publisher":"https:\/\/www.facebook.com\/informelitoral\/","article_published_time":"2025-06-18T23:58:27+00:00","og_image":[{"width":2560,"height":1733,"url":"https:\/\/informelitoral.com.ar\/%77%70%2d%63%6f%6e%74%65%6e%74\/uploads\/2025\/06\/IMG_20250404_191532644_HDR-scaled.jpg","type":"image\/jpeg"}],"author":"Gonzalo Schmidt","twitter_card":"summary_large_image","twitter_creator":"@InformeLitoral","twitter_site":"@InformeLitoral","twitter_misc":{"Escrito por":"Gonzalo Schmidt","Tiempo de lectura":"6 minutos"},"schema":{"@context":"https:\/\/schema.org","@graph":[{"@type":"Article","@id":"https:\/\/informelitoral.com.ar\/coopar-72-anos-en-constante-evolucion\/#article","isPartOf":{"@id":"https:\/\/informelitoral.com.ar\/coopar-72-anos-en-constante-evolucion\/"},"author":{"name":"Gonzalo Schmidt","@id":"https:\/\/informelitoral.com.ar\/#\/schema\/person\/b9d00407c836482871ef1d57bf8e3180"},"headline":"Coopar: 72 a\u00f1os en constante evoluci\u00f3n","datePublished":"2025-06-18T23:58:27+00:00","mainEntityOfPage":{"@id":"https:\/\/informelitoral.com.ar\/coopar-72-anos-en-constante-evolucion\/"},"wordCount":1118,"commentCount":0,"publisher":{"@id":"https:\/\/informelitoral.com.ar\/#organization"},"image":{"@id":"https:\/\/informelitoral.com.ar\/coopar-72-anos-en-constante-evolucion\/#primaryimage"},"thumbnailUrl":"https:\/\/informelitoral.com.ar\/%77%70%2d%63%6f%6e%74%65%6e%74\/uploads\/2025\/06\/IMG_20250404_191532644_HDR-scaled.jpg","keywords":["Agro","Aniversario","Aranguren","Coopar","Cooperativa","Cooperativismo","Producci\u00f3n"],"articleSection":["Campo","Departamento Nogoy\u00e1"],"inLanguage":"es","potentialAction":[{"@type":"CommentAction","name":"Comment","target":["https:\/\/informelitoral.com.ar\/coopar-72-anos-en-constante-evolucion\/#respond"]}]},{"@type":"WebPage","@id":"https:\/\/informelitoral.com.ar\/coopar-72-anos-en-constante-evolucion\/","url":"https:\/\/informelitoral.com.ar\/coopar-72-anos-en-constante-evolucion\/","name":"Coopar: 72 a\u00f1os en constante evoluci\u00f3n - Informe Litoral","isPartOf":{"@id":"https:\/\/informelitoral.com.ar\/#website"},"primaryImageOfPage":{"@id":"https:\/\/informelitoral.com.ar\/coopar-72-anos-en-constante-evolucion\/#primaryimage"},"image":{"@id":"https:\/\/informelitoral.com.ar\/coopar-72-anos-en-constante-evolucion\/#primaryimage"},"thumbnailUrl":"https:\/\/informelitoral.com.ar\/%77%70%2d%63%6f%6e%74%65%6e%74\/uploads\/2025\/06\/IMG_20250404_191532644_HDR-scaled.jpg","datePublished":"2025-06-18T23:58:27+00:00","breadcrumb":{"@id":"https:\/\/informelitoral.com.ar\/coopar-72-anos-en-constante-evolucion\/#breadcrumb"},"inLanguage":"es","potentialAction":[{"@type":"ReadAction","target":["https:\/\/informelitoral.com.ar\/coopar-72-anos-en-constante-evolucion\/"]}]},{"@type":"ImageObject","inLanguage":"es","@id":"https:\/\/informelitoral.com.ar\/coopar-72-anos-en-constante-evolucion\/#primaryimage","url":"https:\/\/informelitoral.com.ar\/%77%70%2d%63%6f%6e%74%65%6e%74\/uploads\/2025\/06\/IMG_20250404_191532644_HDR-scaled.jpg","contentUrl":"https:\/\/informelitoral.com.ar\/%77%70%2d%63%6f%6e%74%65%6e%74\/uploads\/2025\/06\/IMG_20250404_191532644_HDR-scaled.jpg","width":2560,"height":1733},{"@type":"BreadcrumbList","@id":"https:\/\/informelitoral.com.ar\/coopar-72-anos-en-constante-evolucion\/#breadcrumb","itemListElement":[{"@type":"ListItem","position":1,"name":"Portada","item":"https:\/\/informelitoral.com.ar\/"},{"@type":"ListItem","position":2,"name":"Coopar: 72 a\u00f1os en constante evoluci\u00f3n"}]},{"@type":"WebSite","@id":"https:\/\/informelitoral.com.ar\/#website","url":"https:\/\/informelitoral.com.ar\/","name":"Informe Litoral","description":"&quot;Nos informamos&quot; ","publisher":{"@id":"https:\/\/informelitoral.com.ar\/#organization"},"potentialAction":[{"@type":"SearchAction","target":{"@type":"EntryPoint","urlTemplate":"https:\/\/informelitoral.com.ar\/?s={search_term_string}"},"query-input":{"@type":"PropertyValueSpecification","valueRequired":true,"valueName":"search_term_string"}}],"inLanguage":"es"},{"@type":"Organization","@id":"https:\/\/informelitoral.com.ar\/#organization","name":"Informe Litoral","url":"https:\/\/informelitoral.com.ar\/","logo":{"@type":"ImageObject","inLanguage":"es","@id":"https:\/\/informelitoral.com.ar\/#\/schema\/logo\/image\/","url":"https:\/\/informelitoral.com.ar\/%77%70%2d%63%6f%6e%74%65%6e%74\/uploads\/2021\/01\/circulo.png","contentUrl":"https:\/\/informelitoral.com.ar\/%77%70%2d%63%6f%6e%74%65%6e%74\/uploads\/2021\/01\/circulo.png","width":723,"height":731,"caption":"Informe Litoral"},"image":{"@id":"https:\/\/informelitoral.com.ar\/#\/schema\/logo\/image\/"},"sameAs":["https:\/\/www.facebook.com\/informelitoral\/","https:\/\/x.com\/InformeLitoral","https:\/\/www.instagram.com\/informelitoral\/","https:\/\/www.youtube.com\/channel\/UCua4Qvz8Icb6MYqhoq9xLXw"]},{"@type":"Person","@id":"https:\/\/informelitoral.com.ar\/#\/schema\/person\/b9d00407c836482871ef1d57bf8e3180","name":"Gonzalo Schmidt","image":{"@type":"ImageObject","inLanguage":"es","@id":"https:\/\/secure.gravatar.com\/avatar\/31a1a7b66ff2de83bd0e9fd79d026630d2d99e55e8bfe501287647b4fd9743de?s=96&d=mm&r=g","url":"https:\/\/secure.gravatar.com\/avatar\/31a1a7b66ff2de83bd0e9fd79d026630d2d99e55e8bfe501287647b4fd9743de?s=96&d=mm&r=g","contentUrl":"https:\/\/secure.gravatar.com\/avatar\/31a1a7b66ff2de83bd0e9fd79d026630d2d99e55e8bfe501287647b4fd9743de?s=96&d=mm&r=g","caption":"Gonzalo Schmidt"},"description":"Sitio web de noticias de la provincia de Entre R\u00edos, Argentina. Informaci\u00f3n y entretenimiento. Informe Litoral, nos informamos.","sameAs":["http:\/\/www.isletasnoticias.com.ar"],"url":"https:\/\/informelitoral.com.ar\/author\/gonzalo\/"}]}},"_links":{"self":[{"href":"https:\/\/informelitoral.com.ar\/%77%70%2d%6a%73%6f%6e\/wp\/v2\/posts\/224550","targetHints":{"allow":["GET"]}}],"collection":[{"href":"https:\/\/informelitoral.com.ar\/%77%70%2d%6a%73%6f%6e\/wp\/v2\/posts"}],"about":[{"href":"https:\/\/informelitoral.com.ar\/%77%70%2d%6a%73%6f%6e\/wp\/v2\/types\/post"}],"author":[{"embeddable":true,"href":"https:\/\/informelitoral.com.ar\/%77%70%2d%6a%73%6f%6e\/wp\/v2\/users\/2"}],"replies":[{"embeddable":true,"href":"https:\/\/informelitoral.com.ar\/%77%70%2d%6a%73%6f%6e\/wp\/v2\/comments?post=224550"}],"version-history":[{"count":1,"href":"https:\/\/informelitoral.com.ar\/%77%70%2d%6a%73%6f%6e\/wp\/v2\/posts\/224550\/revisions"}],"predecessor-version":[{"id":224553,"href":"https:\/\/informelitoral.com.ar\/%77%70%2d%6a%73%6f%6e\/wp\/v2\/posts\/224550\/revisions\/224553"}],"wp:featuredmedia":[{"embeddable":true,"href":"https:\/\/informelitoral.com.ar\/%77%70%2d%6a%73%6f%6e\/wp\/v2\/media\/224551"}],"wp:attachment":[{"href":"https:\/\/informelitoral.com.ar\/%77%70%2d%6a%73%6f%6e\/wp\/v2\/media?parent=224550"}],"wp:term":[{"taxonomy":"category","embeddable":true,"href":"https:\/\/informelitoral.com.ar\/%77%70%2d%6a%73%6f%6e\/wp\/v2\/categories?post=224550"},{"taxonomy":"post_tag","embeddable":true,"href":"https:\/\/informelitoral.com.ar\/%77%70%2d%6a%73%6f%6e\/wp\/v2\/tags?post=224550"}],"curies":[{"name":"wp","href":"https:\/\/api.w.org\/{rel}","templated":true}]}}