{"id":224530,"date":"2025-06-18T13:26:43","date_gmt":"2025-06-18T16:26:43","guid":{"rendered":"https:\/\/informelitoral.com.ar\/?p=224530"},"modified":"2025-06-18T13:26:43","modified_gmt":"2025-06-18T16:26:43","slug":"sebastian-driussi-se-perdera-el-resto-del-mundial-de-clubes-por-su-lesion-en-el-debut-de-river","status":"publish","type":"post","link":"https:\/\/informelitoral.com.ar\/sebastian-driussi-se-perdera-el-resto-del-mundial-de-clubes-por-su-lesion-en-el-debut-de-river\/","title":{"rendered":"Sebasti\u00e1n Driussi se perder\u00e1 el resto del Mundial de Clubes por su lesi\u00f3n en el debut de River"},"content":{"rendered":"<p class=\"paragraph font__body-regular\">El delantero\u00a0<a title=\"https:\/\/tn.com.ar\/deportes\/futbol\/2025\/06\/17\/mundial-de-clubes-la-preocupante-frase-que-le-habria-dicho-sebastian-driussi-al-banco-de-river-tras-su-lesion\/\" href=\"https:\/\/tn.com.ar\/deportes\/futbol\/2025\/06\/17\/mundial-de-clubes-la-preocupante-frase-que-le-habria-dicho-sebastian-driussi-al-banco-de-river-tras-su-lesion\/\" target=\"_blank\" rel=\"noopener noreferrer\"><b>Sebasti\u00e1n Driussi<\/b><\/a>\u00a0se perder\u00e1 el resto del\u00a0<b>Mundial de Clubes de la FIFA<\/b>\u00a0debido a la lesi\u00f3n en el tobillo izquierdo que sufri\u00f3 luego de convertir el segundo gol en la victoria de\u00a0<b>River<\/b> ante Urawa Reds Diamonds (3-1) en Seattle.<\/p>\n<p class=\"paragraph font__body-regular\">Los estudios realizados al futbolista determinaron que sufri\u00f3 un \u201c<b>esguince severo de ligamento interno<\/b>\u201d, por lo que deber\u00e1 cumplir una recuperaci\u00f3n estimada de dos meses. En las primeras semanas de rehabilitaci\u00f3n, llevar\u00e1 una bota inmovilizadora.<\/p>\n<p class=\"paragraph font__body-regular\">Driussi se lesion\u00f3 en la jugada del segundo gol de River a los 48 minutos. Tras anticiparse al arquero Shusaku Nishikawa en un salto para conectar la pelota de cabeza, pis\u00f3 mal al caer y qued\u00f3 tendido en el c\u00e9sped con evidentes signos de dolor.<\/p>\n<p class=\"paragraph font__body-regular\">\u201c<b>Me romp\u00ed todo<\/b>\u201d, le dijo el jugador al banco de suplentes de River cuando fue reemplazado por el colombiano Miguel Borja. El delantero dej\u00f3 el campo de juego sin poder apoyar el pie y con la asistencia de dos colaboradores para caminar.<\/p>\n<p class=\"paragraph font__body-regular\">La lesi\u00f3n de Driussi supone un dolor de cabeza para el DT Marcelo Gallardo, ya que se trata de uno de los goleadores del ciclo (6) durante el primer semestre del a\u00f1o.<\/p>\n<p class=\"paragraph font__body-regular\">Tras quedar descartado en el Mundial de Clubes, todo indica que Borja asumir\u00e1 la titularidad en los siguientes partidos. River se enfrentar\u00e1 ante Monterrey de M\u00e9xico, el s\u00e1bado pr\u00f3ximo, y cerrar\u00e1 el Grupo E ante Inter de Otalia, el mi\u00e9rcoles 25.<\/p>\n","protected":false},"excerpt":{"rendered":"<p>El delantero sufri\u00f3 un esguince de ligamentos en el tobillo izquierdo tras convertir el segundo gol de la victoria ante Urawa Reds Diamonds.<\/p>\n","protected":false},"author":8,"featured_media":224531,"comment_status":"open","ping_status":"open","sticky":false,"template":"","format":"standard","meta":{"fifu_image_url":"https:\/\/santafedeportivo.com\/wp-content\/uploads\/2025\/06\/20250617_200909-770x470.jpg","fifu_image_alt":"","footnotes":""},"categories":[13],"tags":[],"class_list":{"0":"post-224530","1":"post","2":"type-post","3":"status-publish","4":"format-standard","5":"has-post-thumbnail","7":"category-deportes"},"yoast_head":"<title>Sebasti\u00e1n Driussi se perder\u00e1 el resto del Mundial de Clubes por su lesi\u00f3n en el debut de River - Informe Litoral<\/title>\n<meta name=\"robots\" content=\"index, follow, max-snippet:-1, max-image-preview:large, max-video-preview:-1\" \/>\n<link rel=\"canonical\" href=\"https:\/\/informelitoral.com.ar\/sebastian-driussi-se-perdera-el-resto-del-mundial-de-clubes-por-su-lesion-en-el-debut-de-river\/\" \/>\n<meta property=\"og:locale\" content=\"es_ES\" \/>\n<meta property=\"og:type\" content=\"article\" \/>\n<meta property=\"og:title\" content=\"Sebasti\u00e1n Driussi se perder\u00e1 el resto del Mundial de Clubes por su lesi\u00f3n en el debut de River - Informe Litoral\" \/>\n<meta property=\"og:description\" content=\"El delantero sufri\u00f3 un esguince de ligamentos en el tobillo izquierdo tras convertir el segundo gol de la victoria ante Urawa Reds Diamonds.\" \/>\n<meta property=\"og:url\" content=\"https:\/\/informelitoral.com.ar\/sebastian-driussi-se-perdera-el-resto-del-mundial-de-clubes-por-su-lesion-en-el-debut-de-river\/\" \/>\n<meta property=\"og:site_name\" content=\"Informe Litoral\" \/>\n<meta property=\"article:publisher\" content=\"https:\/\/www.facebook.com\/informelitoral\/\" \/>\n<meta property=\"article:published_time\" content=\"2025-06-18T16:26:43+00:00\" \/>\n<meta property=\"og:image\" content=\"https:\/\/santafedeportivo.com\/%77%70%2d%63%6f%6e%74%65%6e%74\/uploads\/2025\/06\/20250617_200909-770x470.jpg\" \/><meta property=\"og:image\" content=\"https:\/\/santafedeportivo.com\/%77%70%2d%63%6f%6e%74%65%6e%74\/uploads\/2025\/06\/20250617_200909-770x470.jpg\" \/>\n\t<meta property=\"og:image:width\" content=\"770\" \/>\n\t<meta property=\"og:image:height\" content=\"470\" \/>\n\t<meta property=\"og:image:type\" content=\"image\/jpeg\" \/>\n<meta name=\"author\" content=\"Sebastian\" \/>\n<meta name=\"twitter:card\" content=\"summary_large_image\" \/>\n<meta name=\"twitter:image\" content=\"https:\/\/santafedeportivo.com\/%77%70%2d%63%6f%6e%74%65%6e%74\/uploads\/2025\/06\/20250617_200909-770x470.jpg\" \/>\n<meta name=\"twitter:creator\" content=\"@InformeLitoral\" \/>\n<meta name=\"twitter:site\" content=\"@InformeLitoral\" \/>\n<meta name=\"twitter:label1\" content=\"Escrito por\" \/>\n\t<meta name=\"twitter:data1\" content=\"Sebastian\" \/>\n\t<meta name=\"twitter:label2\" content=\"Tiempo de lectura\" \/>\n\t<meta name=\"twitter:data2\" content=\"2 minutos\" \/>\n<script type=\"application\/ld+json\" class=\"yoast-schema-graph\">{\"@context\":\"https:\\\/\\\/schema.org\",\"@graph\":[{\"@type\":\"Article\",\"@id\":\"https:\\\/\\\/informelitoral.com.ar\\\/sebastian-driussi-se-perdera-el-resto-del-mundial-de-clubes-por-su-lesion-en-el-debut-de-river\\\/#article\",\"isPartOf\":{\"@id\":\"https:\\\/\\\/informelitoral.com.ar\\\/sebastian-driussi-se-perdera-el-resto-del-mundial-de-clubes-por-su-lesion-en-el-debut-de-river\\\/\"},\"author\":{\"name\":\"Sebastian\",\"@id\":\"https:\\\/\\\/informelitoral.com.ar\\\/#\\\/schema\\\/person\\\/f05f9f461677119578717524b127d6d5\"},\"headline\":\"Sebasti\u00e1n Driussi se perder\u00e1 el resto del Mundial de Clubes por su lesi\u00f3n en el debut de River\",\"datePublished\":\"2025-06-18T16:26:43+00:00\",\"mainEntityOfPage\":{\"@id\":\"https:\\\/\\\/informelitoral.com.ar\\\/sebastian-driussi-se-perdera-el-resto-del-mundial-de-clubes-por-su-lesion-en-el-debut-de-river\\\/\"},\"wordCount\":266,\"commentCount\":0,\"publisher\":{\"@id\":\"https:\\\/\\\/informelitoral.com.ar\\\/#organization\"},\"image\":{\"@id\":\"https:\\\/\\\/informelitoral.com.ar\\\/sebastian-driussi-se-perdera-el-resto-del-mundial-de-clubes-por-su-lesion-en-el-debut-de-river\\\/#primaryimage\"},\"thumbnailUrl\":\"https:\\\/\\\/santafedeportivo.com\\\/%77%70%2d%63%6f%6e%74%65%6e%74\\\/uploads\\\/2025\\\/06\\\/20250617_200909-770x470.jpg\",\"articleSection\":[\"Deportes\"],\"inLanguage\":\"es\",\"potentialAction\":[{\"@type\":\"CommentAction\",\"name\":\"Comment\",\"target\":[\"https:\\\/\\\/informelitoral.com.ar\\\/sebastian-driussi-se-perdera-el-resto-del-mundial-de-clubes-por-su-lesion-en-el-debut-de-river\\\/#respond\"]}]},{\"@type\":\"WebPage\",\"@id\":\"https:\\\/\\\/informelitoral.com.ar\\\/sebastian-driussi-se-perdera-el-resto-del-mundial-de-clubes-por-su-lesion-en-el-debut-de-river\\\/\",\"url\":\"https:\\\/\\\/informelitoral.com.ar\\\/sebastian-driussi-se-perdera-el-resto-del-mundial-de-clubes-por-su-lesion-en-el-debut-de-river\\\/\",\"name\":\"Sebasti\u00e1n Driussi se perder\u00e1 el resto del Mundial de Clubes por su lesi\u00f3n en el debut de River - Informe Litoral\",\"isPartOf\":{\"@id\":\"https:\\\/\\\/informelitoral.com.ar\\\/#website\"},\"primaryImageOfPage\":{\"@id\":\"https:\\\/\\\/informelitoral.com.ar\\\/sebastian-driussi-se-perdera-el-resto-del-mundial-de-clubes-por-su-lesion-en-el-debut-de-river\\\/#primaryimage\"},\"image\":{\"@id\":\"https:\\\/\\\/informelitoral.com.ar\\\/sebastian-driussi-se-perdera-el-resto-del-mundial-de-clubes-por-su-lesion-en-el-debut-de-river\\\/#primaryimage\"},\"thumbnailUrl\":\"https:\\\/\\\/santafedeportivo.com\\\/%77%70%2d%63%6f%6e%74%65%6e%74\\\/uploads\\\/2025\\\/06\\\/20250617_200909-770x470.jpg\",\"datePublished\":\"2025-06-18T16:26:43+00:00\",\"breadcrumb\":{\"@id\":\"https:\\\/\\\/informelitoral.com.ar\\\/sebastian-driussi-se-perdera-el-resto-del-mundial-de-clubes-por-su-lesion-en-el-debut-de-river\\\/#breadcrumb\"},\"inLanguage\":\"es\",\"potentialAction\":[{\"@type\":\"ReadAction\",\"target\":[\"https:\\\/\\\/informelitoral.com.ar\\\/sebastian-driussi-se-perdera-el-resto-del-mundial-de-clubes-por-su-lesion-en-el-debut-de-river\\\/\"]}]},{\"@type\":\"ImageObject\",\"inLanguage\":\"es\",\"@id\":\"https:\\\/\\\/informelitoral.com.ar\\\/sebastian-driussi-se-perdera-el-resto-del-mundial-de-clubes-por-su-lesion-en-el-debut-de-river\\\/#primaryimage\",\"url\":\"https:\\\/\\\/santafedeportivo.com\\\/%77%70%2d%63%6f%6e%74%65%6e%74\\\/uploads\\\/2025\\\/06\\\/20250617_200909-770x470.jpg\",\"contentUrl\":\"https:\\\/\\\/santafedeportivo.com\\\/%77%70%2d%63%6f%6e%74%65%6e%74\\\/uploads\\\/2025\\\/06\\\/20250617_200909-770x470.jpg\",\"width\":\"770\",\"height\":\"470\"},{\"@type\":\"BreadcrumbList\",\"@id\":\"https:\\\/\\\/informelitoral.com.ar\\\/sebastian-driussi-se-perdera-el-resto-del-mundial-de-clubes-por-su-lesion-en-el-debut-de-river\\\/#breadcrumb\",\"itemListElement\":[{\"@type\":\"ListItem\",\"position\":1,\"name\":\"Portada\",\"item\":\"https:\\\/\\\/informelitoral.com.ar\\\/\"},{\"@type\":\"ListItem\",\"position\":2,\"name\":\"Sebasti\u00e1n Driussi se perder\u00e1 el resto del Mundial de Clubes por su lesi\u00f3n en el debut de River\"}]},{\"@type\":\"WebSite\",\"@id\":\"https:\\\/\\\/informelitoral.com.ar\\\/#website\",\"url\":\"https:\\\/\\\/informelitoral.com.ar\\\/\",\"name\":\"Informe Litoral\",\"description\":\"&quot;Nos informamos&quot; \",\"publisher\":{\"@id\":\"https:\\\/\\\/informelitoral.com.ar\\\/#organization\"},\"potentialAction\":[{\"@type\":\"SearchAction\",\"target\":{\"@type\":\"EntryPoint\",\"urlTemplate\":\"https:\\\/\\\/informelitoral.com.ar\\\/?s={search_term_string}\"},\"query-input\":{\"@type\":\"PropertyValueSpecification\",\"valueRequired\":true,\"valueName\":\"search_term_string\"}}],\"inLanguage\":\"es\"},{\"@type\":\"Organization\",\"@id\":\"https:\\\/\\\/informelitoral.com.ar\\\/#organization\",\"name\":\"Informe Litoral\",\"url\":\"https:\\\/\\\/informelitoral.com.ar\\\/\",\"logo\":{\"@type\":\"ImageObject\",\"inLanguage\":\"es\",\"@id\":\"https:\\\/\\\/informelitoral.com.ar\\\/#\\\/schema\\\/logo\\\/image\\\/\",\"url\":\"https:\\\/\\\/informelitoral.com.ar\\\/%77%70%2d%63%6f%6e%74%65%6e%74\\\/uploads\\\/2021\\\/01\\\/circulo.png\",\"contentUrl\":\"https:\\\/\\\/informelitoral.com.ar\\\/%77%70%2d%63%6f%6e%74%65%6e%74\\\/uploads\\\/2021\\\/01\\\/circulo.png\",\"width\":723,\"height\":731,\"caption\":\"Informe Litoral\"},\"image\":{\"@id\":\"https:\\\/\\\/informelitoral.com.ar\\\/#\\\/schema\\\/logo\\\/image\\\/\"},\"sameAs\":[\"https:\\\/\\\/www.facebook.com\\\/informelitoral\\\/\",\"https:\\\/\\\/x.com\\\/InformeLitoral\",\"https:\\\/\\\/www.instagram.com\\\/informelitoral\\\/\",\"https:\\\/\\\/www.youtube.com\\\/channel\\\/UCua4Qvz8Icb6MYqhoq9xLXw\"]},{\"@type\":\"Person\",\"@id\":\"https:\\\/\\\/informelitoral.com.ar\\\/#\\\/schema\\\/person\\\/f05f9f461677119578717524b127d6d5\",\"name\":\"Sebastian\",\"image\":{\"@type\":\"ImageObject\",\"inLanguage\":\"es\",\"@id\":\"https:\\\/\\\/secure.gravatar.com\\\/avatar\\\/b71bf7481d447dfb9583c7f2798e7cc64de6efb9067b74633ed8c31059a3bd82?s=96&d=mm&r=g\",\"url\":\"https:\\\/\\\/secure.gravatar.com\\\/avatar\\\/b71bf7481d447dfb9583c7f2798e7cc64de6efb9067b74633ed8c31059a3bd82?s=96&d=mm&r=g\",\"contentUrl\":\"https:\\\/\\\/secure.gravatar.com\\\/avatar\\\/b71bf7481d447dfb9583c7f2798e7cc64de6efb9067b74633ed8c31059a3bd82?s=96&d=mm&r=g\",\"caption\":\"Sebastian\"},\"url\":\"https:\\\/\\\/informelitoral.com.ar\\\/author\\\/sebastian\\\/\"}]}<\/script>","yoast_head_json":{"title":"Sebasti\u00e1n Driussi se perder\u00e1 el resto del Mundial de Clubes por su lesi\u00f3n en el debut de River - Informe Litoral","robots":{"index":"index","follow":"follow","max-snippet":"max-snippet:-1","max-image-preview":"max-image-preview:large","max-video-preview":"max-video-preview:-1"},"canonical":"https:\/\/informelitoral.com.ar\/sebastian-driussi-se-perdera-el-resto-del-mundial-de-clubes-por-su-lesion-en-el-debut-de-river\/","og_locale":"es_ES","og_type":"article","og_title":"Sebasti\u00e1n Driussi se perder\u00e1 el resto del Mundial de Clubes por su lesi\u00f3n en el debut de River - Informe Litoral","og_description":"El delantero sufri\u00f3 un esguince de ligamentos en el tobillo izquierdo tras convertir el segundo gol de la victoria ante Urawa Reds Diamonds.","og_url":"https:\/\/informelitoral.com.ar\/sebastian-driussi-se-perdera-el-resto-del-mundial-de-clubes-por-su-lesion-en-el-debut-de-river\/","og_site_name":"Informe Litoral","article_publisher":"https:\/\/www.facebook.com\/informelitoral\/","article_published_time":"2025-06-18T16:26:43+00:00","og_image":[{"url":"https:\/\/santafedeportivo.com\/wp-content\/uploads\/2025\/06\/20250617_200909-770x470.jpg","type":"","width":"","height":""},{"width":770,"height":470,"url":"https:\/\/santafedeportivo.com\/wp-content\/uploads\/2025\/06\/20250617_200909-770x470.jpg","type":"image\/jpeg"}],"author":"Sebastian","twitter_card":"summary_large_image","twitter_image":"https:\/\/santafedeportivo.com\/wp-content\/uploads\/2025\/06\/20250617_200909-770x470.jpg","twitter_creator":"@InformeLitoral","twitter_site":"@InformeLitoral","twitter_misc":{"Escrito por":"Sebastian","Tiempo de lectura":"2 minutos"},"schema":{"@context":"https:\/\/schema.org","@graph":[{"@type":"Article","@id":"https:\/\/informelitoral.com.ar\/sebastian-driussi-se-perdera-el-resto-del-mundial-de-clubes-por-su-lesion-en-el-debut-de-river\/#article","isPartOf":{"@id":"https:\/\/informelitoral.com.ar\/sebastian-driussi-se-perdera-el-resto-del-mundial-de-clubes-por-su-lesion-en-el-debut-de-river\/"},"author":{"name":"Sebastian","@id":"https:\/\/informelitoral.com.ar\/#\/schema\/person\/f05f9f461677119578717524b127d6d5"},"headline":"Sebasti\u00e1n Driussi se perder\u00e1 el resto del Mundial de Clubes por su lesi\u00f3n en el debut de River","datePublished":"2025-06-18T16:26:43+00:00","mainEntityOfPage":{"@id":"https:\/\/informelitoral.com.ar\/sebastian-driussi-se-perdera-el-resto-del-mundial-de-clubes-por-su-lesion-en-el-debut-de-river\/"},"wordCount":266,"commentCount":0,"publisher":{"@id":"https:\/\/informelitoral.com.ar\/#organization"},"image":{"@id":"https:\/\/informelitoral.com.ar\/sebastian-driussi-se-perdera-el-resto-del-mundial-de-clubes-por-su-lesion-en-el-debut-de-river\/#primaryimage"},"thumbnailUrl":"https:\/\/santafedeportivo.com\/%77%70%2d%63%6f%6e%74%65%6e%74\/uploads\/2025\/06\/20250617_200909-770x470.jpg","articleSection":["Deportes"],"inLanguage":"es","potentialAction":[{"@type":"CommentAction","name":"Comment","target":["https:\/\/informelitoral.com.ar\/sebastian-driussi-se-perdera-el-resto-del-mundial-de-clubes-por-su-lesion-en-el-debut-de-river\/#respond"]}]},{"@type":"WebPage","@id":"https:\/\/informelitoral.com.ar\/sebastian-driussi-se-perdera-el-resto-del-mundial-de-clubes-por-su-lesion-en-el-debut-de-river\/","url":"https:\/\/informelitoral.com.ar\/sebastian-driussi-se-perdera-el-resto-del-mundial-de-clubes-por-su-lesion-en-el-debut-de-river\/","name":"Sebasti\u00e1n Driussi se perder\u00e1 el resto del Mundial de Clubes por su lesi\u00f3n en el debut de River - Informe Litoral","isPartOf":{"@id":"https:\/\/informelitoral.com.ar\/#website"},"primaryImageOfPage":{"@id":"https:\/\/informelitoral.com.ar\/sebastian-driussi-se-perdera-el-resto-del-mundial-de-clubes-por-su-lesion-en-el-debut-de-river\/#primaryimage"},"image":{"@id":"https:\/\/informelitoral.com.ar\/sebastian-driussi-se-perdera-el-resto-del-mundial-de-clubes-por-su-lesion-en-el-debut-de-river\/#primaryimage"},"thumbnailUrl":"https:\/\/santafedeportivo.com\/%77%70%2d%63%6f%6e%74%65%6e%74\/uploads\/2025\/06\/20250617_200909-770x470.jpg","datePublished":"2025-06-18T16:26:43+00:00","breadcrumb":{"@id":"https:\/\/informelitoral.com.ar\/sebastian-driussi-se-perdera-el-resto-del-mundial-de-clubes-por-su-lesion-en-el-debut-de-river\/#breadcrumb"},"inLanguage":"es","potentialAction":[{"@type":"ReadAction","target":["https:\/\/informelitoral.com.ar\/sebastian-driussi-se-perdera-el-resto-del-mundial-de-clubes-por-su-lesion-en-el-debut-de-river\/"]}]},{"@type":"ImageObject","inLanguage":"es","@id":"https:\/\/informelitoral.com.ar\/sebastian-driussi-se-perdera-el-resto-del-mundial-de-clubes-por-su-lesion-en-el-debut-de-river\/#primaryimage","url":"https:\/\/santafedeportivo.com\/%77%70%2d%63%6f%6e%74%65%6e%74\/uploads\/2025\/06\/20250617_200909-770x470.jpg","contentUrl":"https:\/\/santafedeportivo.com\/%77%70%2d%63%6f%6e%74%65%6e%74\/uploads\/2025\/06\/20250617_200909-770x470.jpg","width":"770","height":"470"},{"@type":"BreadcrumbList","@id":"https:\/\/informelitoral.com.ar\/sebastian-driussi-se-perdera-el-resto-del-mundial-de-clubes-por-su-lesion-en-el-debut-de-river\/#breadcrumb","itemListElement":[{"@type":"ListItem","position":1,"name":"Portada","item":"https:\/\/informelitoral.com.ar\/"},{"@type":"ListItem","position":2,"name":"Sebasti\u00e1n Driussi se perder\u00e1 el resto del Mundial de Clubes por su lesi\u00f3n en el debut de River"}]},{"@type":"WebSite","@id":"https:\/\/informelitoral.com.ar\/#website","url":"https:\/\/informelitoral.com.ar\/","name":"Informe Litoral","description":"&quot;Nos informamos&quot; ","publisher":{"@id":"https:\/\/informelitoral.com.ar\/#organization"},"potentialAction":[{"@type":"SearchAction","target":{"@type":"EntryPoint","urlTemplate":"https:\/\/informelitoral.com.ar\/?s={search_term_string}"},"query-input":{"@type":"PropertyValueSpecification","valueRequired":true,"valueName":"search_term_string"}}],"inLanguage":"es"},{"@type":"Organization","@id":"https:\/\/informelitoral.com.ar\/#organization","name":"Informe Litoral","url":"https:\/\/informelitoral.com.ar\/","logo":{"@type":"ImageObject","inLanguage":"es","@id":"https:\/\/informelitoral.com.ar\/#\/schema\/logo\/image\/","url":"https:\/\/informelitoral.com.ar\/%77%70%2d%63%6f%6e%74%65%6e%74\/uploads\/2021\/01\/circulo.png","contentUrl":"https:\/\/informelitoral.com.ar\/%77%70%2d%63%6f%6e%74%65%6e%74\/uploads\/2021\/01\/circulo.png","width":723,"height":731,"caption":"Informe Litoral"},"image":{"@id":"https:\/\/informelitoral.com.ar\/#\/schema\/logo\/image\/"},"sameAs":["https:\/\/www.facebook.com\/informelitoral\/","https:\/\/x.com\/InformeLitoral","https:\/\/www.instagram.com\/informelitoral\/","https:\/\/www.youtube.com\/channel\/UCua4Qvz8Icb6MYqhoq9xLXw"]},{"@type":"Person","@id":"https:\/\/informelitoral.com.ar\/#\/schema\/person\/f05f9f461677119578717524b127d6d5","name":"Sebastian","image":{"@type":"ImageObject","inLanguage":"es","@id":"https:\/\/secure.gravatar.com\/avatar\/b71bf7481d447dfb9583c7f2798e7cc64de6efb9067b74633ed8c31059a3bd82?s=96&d=mm&r=g","url":"https:\/\/secure.gravatar.com\/avatar\/b71bf7481d447dfb9583c7f2798e7cc64de6efb9067b74633ed8c31059a3bd82?s=96&d=mm&r=g","contentUrl":"https:\/\/secure.gravatar.com\/avatar\/b71bf7481d447dfb9583c7f2798e7cc64de6efb9067b74633ed8c31059a3bd82?s=96&d=mm&r=g","caption":"Sebastian"},"url":"https:\/\/informelitoral.com.ar\/author\/sebastian\/"}]}},"fifu_image_url":"https:\/\/santafedeportivo.com\/wp-content\/uploads\/2025\/06\/20250617_200909-770x470.jpg","_links":{"self":[{"href":"https:\/\/informelitoral.com.ar\/%77%70%2d%6a%73%6f%6e\/wp\/v2\/posts\/224530","targetHints":{"allow":["GET"]}}],"collection":[{"href":"https:\/\/informelitoral.com.ar\/%77%70%2d%6a%73%6f%6e\/wp\/v2\/posts"}],"about":[{"href":"https:\/\/informelitoral.com.ar\/%77%70%2d%6a%73%6f%6e\/wp\/v2\/types\/post"}],"author":[{"embeddable":true,"href":"https:\/\/informelitoral.com.ar\/%77%70%2d%6a%73%6f%6e\/wp\/v2\/users\/8"}],"replies":[{"embeddable":true,"href":"https:\/\/informelitoral.com.ar\/%77%70%2d%6a%73%6f%6e\/wp\/v2\/comments?post=224530"}],"version-history":[{"count":1,"href":"https:\/\/informelitoral.com.ar\/%77%70%2d%6a%73%6f%6e\/wp\/v2\/posts\/224530\/revisions"}],"predecessor-version":[{"id":224532,"href":"https:\/\/informelitoral.com.ar\/%77%70%2d%6a%73%6f%6e\/wp\/v2\/posts\/224530\/revisions\/224532"}],"wp:featuredmedia":[{"embeddable":true,"href":"https:\/\/informelitoral.com.ar\/%77%70%2d%6a%73%6f%6e\/wp\/v2\/media\/224531"}],"wp:attachment":[{"href":"https:\/\/informelitoral.com.ar\/%77%70%2d%6a%73%6f%6e\/wp\/v2\/media?parent=224530"}],"wp:term":[{"taxonomy":"category","embeddable":true,"href":"https:\/\/informelitoral.com.ar\/%77%70%2d%6a%73%6f%6e\/wp\/v2\/categories?post=224530"},{"taxonomy":"post_tag","embeddable":true,"href":"https:\/\/informelitoral.com.ar\/%77%70%2d%6a%73%6f%6e\/wp\/v2\/tags?post=224530"}],"curies":[{"name":"wp","href":"https:\/\/api.w.org\/{rel}","templated":true}]}}