{"id":224337,"date":"2025-06-17T07:52:39","date_gmt":"2025-06-17T10:52:39","guid":{"rendered":"https:\/\/informelitoral.com.ar\/?p=224337"},"modified":"2025-06-17T07:52:39","modified_gmt":"2025-06-17T10:52:39","slug":"futuro-incierto-para-el-inta-gvozdenovich-explico-como-impactara-decreto-de-milei-en-entre-rios","status":"publish","type":"post","link":"https:\/\/informelitoral.com.ar\/futuro-incierto-para-el-inta-gvozdenovich-explico-como-impactara-decreto-de-milei-en-entre-rios\/","title":{"rendered":"Futuro incierto para el INTA: Gvozdenovich explic\u00f3 c\u00f3mo impactar\u00e1 decreto de Milei en Entre R\u00edos"},"content":{"rendered":"<p data-sourcepos=\"3:1-3:377\">Un posible decreto gubernamental de Naci\u00f3n encendi\u00f3 las alarmas en el <strong><a href=\"https:\/\/www.instagram.com\/inta.argentina\/?hl=es\" target=\"_blank\" rel=\"noopener\">Instituto Nacional de Tecnolog\u00eda Agropecuaria (INTA)<\/a>,<\/strong> con advertencias de que podr\u00eda<strong> despojar a la instituci\u00f3n de su autonom\u00eda<\/strong>, <strong>impactar negativamente en las econom\u00edas regionales<\/strong> y <strong>poner en riesgo servicios de investigaci\u00f3n y extensi\u00f3n<\/strong> vitales para el sector agropecuario.<\/p>\n<h6 data-sourcepos=\"3:1-3:377\"><em><strong>Nota relacionada:\u00a0<a href=\"https:\/\/informelitoral.com.ar\/explican-porque-es-necesario-defender-el-inta-del-ajuste-de-milei\/\" target=\"_blank\" rel=\"noopener\">Explican porqu\u00e9 es necesario defender el INTA del ajuste de Milei<\/a><\/strong><\/em><\/h6>\n<p data-sourcepos=\"5:1-5:348\"><strong>Jorge Gvozdenovich<\/strong>, director regional del INTA Entre R\u00edos, ha sido una de las voces principales en alertar sobre las implicaciones de esta medida. Seg\u00fan Gvozdenovich,<strong> el decreto busca modificar la estructura del INTA, reduciendo dr\u00e1sticamente la representaci\u00f3n del sector privado y acad\u00e9mico en su Consejo Nacional y otorgando una mayor\u00eda absoluta al gobierno.<\/strong><\/p>\n<p data-sourcepos=\"7:1-7:316\">\u00abEste decreto despojar\u00eda al INTA de su gobernanza, autonom\u00eda y poder de decisi\u00f3n con respecto a las prioridades de investigaci\u00f3n\u00bb, sentenci\u00f3 Gvozdenovich en <a href=\"https:\/\/informelitoral.com.ar\/la-hora-del-6-cumple-seis-meses\/\" target=\"_blank\" rel=\"noopener\"><em><strong>La Hora del 6<\/strong><\/em><\/a> por <em>Canal 6 ERTV,<\/em> explicando que actualmente estas decisiones son tomadas por consejos regionales y nacionales que incluyen a representantes tanto del sector p\u00fablico como privado.<\/p>\n<p data-sourcepos=\"9:1-9:273\">Una de las principales preocupaciones es el <strong>posible impacto en las econom\u00edas regionales.<\/strong> Gvozdenovich enfatiz\u00f3 que este cambio podr\u00eda llevar a que las problem\u00e1ticas agr\u00edcolas espec\u00edficas de Entre R\u00edos pierdan relevancia si no se alinean con la visi\u00f3n del gobierno nacional.<\/p>\n<h2 data-sourcepos=\"11:1-11:75\"><strong>Amenaza a la investigaci\u00f3n y extensi\u00f3n, pilares del desarrollo agr\u00edcola<\/strong><\/h2>\n<p data-sourcepos=\"13:1-13:394\">El director del INTA Entre R\u00edos advirti\u00f3 que la medida podr\u00eda <strong>poner en peligro proyectos de investigaci\u00f3n a largo plazo<\/strong> y, lo que es a\u00fan m\u00e1s cr\u00edtico, <strong>eliminar los servicios de extensi\u00f3n del INTA.<\/strong> Estos servicios son fundamentales para la difusi\u00f3n del conocimiento y la provisi\u00f3n de soluciones inmediatas a los productores, especialmente en una provincia con una fuerte matriz agropecuaria como Entre R\u00edos.<\/p>\n<p data-sourcepos=\"15:1-15:79\"><strong>Gvozdenovich cit\u00f3 ejemplos concretos de la trascendental contribuci\u00f3n del INTA:<\/strong><\/p>\n<ul data-sourcepos=\"17:1-22:0\">\n<li data-sourcepos=\"17:1-17:100\">El desarrollo de soluciones para la degradaci\u00f3n del suelo y t\u00e9cnicas de sistematizaci\u00f3n en Paran\u00e1.<\/li>\n<li data-sourcepos=\"18:1-18:71\">Investigaciones en el cultivo de arroz con beneficios a nivel global.<\/li>\n<li data-sourcepos=\"19:1-19:64\">Avances en el manejo del ganado y la conservaci\u00f3n de c\u00edtricos.<\/li>\n<li data-sourcepos=\"20:1-20:83\">La r\u00e1pida respuesta y soluciones durante la plaga de la \u00abchicharrita\u00bb del ma\u00edz.<\/li>\n<li data-sourcepos=\"21:1-22:0\">La asistencia crucial a los productores durante la sequ\u00eda, que afect\u00f3 gravemente a los cultivos de avena y la ganader\u00eda.<\/li>\n<\/ul>\n<h2 data-sourcepos=\"23:1-23:61\"><strong>Desmitificando acusaciones y resaltando el valor del INTA<\/strong><\/h2>\n<p data-sourcepos=\"25:1-25:439\">Frente a posibles argumentos gubernamentales sobre gasto excesivo, dotaci\u00f3n de personal o corrupci\u00f3n, Gvozdenovich fue enf\u00e1tico en la refutaci\u00f3n. <strong>\u00abPor cada peso invertido, el INTA devuelve 11 pesos al sector productivo\u00bb,<\/strong> afirm\u00f3, destacando la eficiencia econ\u00f3mica de la instituci\u00f3n. Adem\u00e1s, subray\u00f3 que el INTA <strong>mantiene una fuerza laboral estable, contratada principalmente a trav\u00e9s de concursos p\u00fablicos, y sin antecedentes de corrupci\u00f3n.<\/strong><\/p>\n<p data-sourcepos=\"27:1-27:189\">Para Gvozdenovich,<strong> la postura del gobierno parece derivar de una \u00abfalta de comprensi\u00f3n\u00bb<\/strong> sobre las operaciones y el valor incalculable que el INTA aporta al desarrollo agropecuario del pa\u00eds.<\/p>\n<h2 data-sourcepos=\"29:1-29:46\"><strong>Apoyo de Frigerio y autocr\u00edtica institucional<\/strong><\/h2>\n<p data-sourcepos=\"31:1-31:358\">La situaci\u00f3n ha generado un amplio respaldo pol\u00edtico. El gobernador de Entre R\u00edos, <strong>Rogelio Frigerio,<\/strong> los recibi\u00f3 d\u00edas atr\u00e1s y<strong> se ha comprometido a elevar estas preocupaciones al Gobierno nacional.<\/strong> Asimismo, gobernadores de otras provincias de la <strong>Regi\u00f3n Centro defendieron p\u00fablicamente el papel fundamental del INTA<\/strong> en sus respectivos territorios.<\/p>\n<p data-sourcepos=\"33:1-33:428\">A pesar de la crisis, Gvozdenovich tambi\u00e9n realiz\u00f3 una <strong>autocr\u00edtica institucional,<\/strong> se\u00f1alando que<strong> el principal \u00abfracaso\u00bb del INTA ha sido no comunicar eficazmente sus logros y valor al p\u00fablico y a los productores.<\/strong> Sin embargo, enfatiz\u00f3 la autoevaluaci\u00f3n continua de la instituci\u00f3n y las rigurosas reuniones mensuales con representantes del sector p\u00fablico y privado para asegurar la relevancia y el progreso de sus investigaciones.<\/p>\n<p data-sourcepos=\"35:1-35:287\">La comunidad agropecuaria y cient\u00edfica de Entre R\u00edos se mantiene en vilo, esperando que la voz de la raz\u00f3n prevalezca y que el INTA, una instituci\u00f3n con m\u00e1s de medio siglo de historia y aportes invaluables, pueda seguir siendo un pilar fundamental para el desarrollo del campo argentino. <em>(Informe Litoral)<\/em><\/p>\n<h2 data-sourcepos=\"35:1-35:287\"><strong>Ver la entrevista completa con Jorge Gvozdenovich:<\/strong><\/h2>\n<div class=\"youtube-embed\" data-video_id=\"q92RIipyUw8\"><iframe loading=\"lazy\" title=\"INTA: Jorge Gvozdenovich explic\u00f3 qu\u00e9 significan las investigaciones para las econom\u00edas regionales\" width=\"696\" height=\"392\" src=\"https:\/\/www.youtube.com\/embed\/q92RIipyUw8?feature=oembed&#038;enablejsapi=1\" frameborder=\"0\" allow=\"accelerometer; autoplay; clipboard-write; encrypted-media; gyroscope; picture-in-picture; web-share\" referrerpolicy=\"strict-origin-when-cross-origin\" allowfullscreen><\/iframe><\/div>\n<h6 data-sourcepos=\"35:1-35:287\"><em><strong>Del archivo:\u00a0<a href=\"https:\/\/informelitoral.com.ar\/gobernador-frigerio-se-reunio-con-directivos-del-inta-entre-rios-ante-posibles-reformas-estructurales\/\" target=\"_blank\" rel=\"noopener\">Gobernador Frigerio se reuni\u00f3 con directivos del INTA Entre R\u00edos ante posibles reformas estructurales<\/a><\/strong><\/em><\/h6>\n","protected":false},"excerpt":{"rendered":"<p>Un nuevo decreto gubernamental amenaza la autonom\u00eda del INTA, alertan desde la instituci\u00f3n. En La Hora del 6, el director regional por Entre R\u00edos, explic\u00f3 que \u00abla medida pone en jaque la investigaci\u00f3n, los servicios de extensi\u00f3n y la capacidad de respuesta a las necesidades espec\u00edficas de los productores entrerrianos\u00bb.<\/p>\n","protected":false},"author":2,"featured_media":224231,"comment_status":"open","ping_status":"open","sticky":false,"template":"","format":"standard","meta":{"fifu_image_url":"","fifu_image_alt":"","footnotes":""},"categories":[10],"tags":[1966,71,2345,3476,160,1076,4304,5126],"class_list":{"0":"post-224337","1":"post","2":"type-post","3":"status-publish","4":"format-standard","5":"has-post-thumbnail","7":"category-campo","8":"tag-agro","9":"tag-campo","10":"tag-campo-entrerriano","11":"tag-canal-6-ertv","12":"tag-inta","13":"tag-investigacion","14":"tag-jorge-gvozdenovich","15":"tag-la-hora-del-6"},"yoast_head":"<title>Futuro incierto para el INTA: Gvozdenovich explic\u00f3 c\u00f3mo impactar\u00e1 decreto de Milei en Entre R\u00edos - Informe Litoral<\/title>\n<meta name=\"robots\" content=\"index, follow, max-snippet:-1, max-image-preview:large, max-video-preview:-1\" \/>\n<link rel=\"canonical\" href=\"https:\/\/informelitoral.com.ar\/futuro-incierto-para-el-inta-gvozdenovich-explico-como-impactara-decreto-de-milei-en-entre-rios\/\" \/>\n<meta property=\"og:locale\" content=\"es_ES\" \/>\n<meta property=\"og:type\" content=\"article\" \/>\n<meta property=\"og:title\" content=\"Futuro incierto para el INTA: Gvozdenovich explic\u00f3 c\u00f3mo impactar\u00e1 decreto de Milei en Entre R\u00edos - Informe Litoral\" \/>\n<meta property=\"og:description\" content=\"Un nuevo decreto gubernamental amenaza la autonom\u00eda del INTA, alertan desde la instituci\u00f3n. En La Hora del 6, el director regional por Entre R\u00edos, explic\u00f3 que &quot;la medida pone en jaque la investigaci\u00f3n, los servicios de extensi\u00f3n y la capacidad de respuesta a las necesidades espec\u00edficas de los productores entrerrianos&quot;.\" \/>\n<meta property=\"og:url\" content=\"https:\/\/informelitoral.com.ar\/futuro-incierto-para-el-inta-gvozdenovich-explico-como-impactara-decreto-de-milei-en-entre-rios\/\" \/>\n<meta property=\"og:site_name\" content=\"Informe Litoral\" \/>\n<meta property=\"article:publisher\" content=\"https:\/\/www.facebook.com\/informelitoral\/\" \/>\n<meta property=\"article:published_time\" content=\"2025-06-17T10:52:39+00:00\" \/>\n<meta property=\"og:image\" content=\"https:\/\/informelitoral.com.ar\/%77%70%2d%63%6f%6e%74%65%6e%74\/uploads\/2025\/06\/jorge-gvozdenovich-inta-la-hora-del-6-canal-6-ertv.jpg\" \/>\n\t<meta property=\"og:image:width\" content=\"1930\" \/>\n\t<meta property=\"og:image:height\" content=\"1080\" \/>\n\t<meta property=\"og:image:type\" content=\"image\/jpeg\" \/>\n<meta name=\"author\" content=\"Gonzalo Schmidt\" \/>\n<meta name=\"twitter:card\" content=\"summary_large_image\" \/>\n<meta name=\"twitter:creator\" content=\"@InformeLitoral\" \/>\n<meta name=\"twitter:site\" content=\"@InformeLitoral\" \/>\n<meta name=\"twitter:label1\" content=\"Escrito por\" \/>\n\t<meta name=\"twitter:data1\" content=\"Gonzalo Schmidt\" \/>\n\t<meta name=\"twitter:label2\" content=\"Tiempo de lectura\" \/>\n\t<meta name=\"twitter:data2\" content=\"4 minutos\" \/>\n<script type=\"application\/ld+json\" class=\"yoast-schema-graph\">{\"@context\":\"https:\\\/\\\/schema.org\",\"@graph\":[{\"@type\":\"Article\",\"@id\":\"https:\\\/\\\/informelitoral.com.ar\\\/futuro-incierto-para-el-inta-gvozdenovich-explico-como-impactara-decreto-de-milei-en-entre-rios\\\/#article\",\"isPartOf\":{\"@id\":\"https:\\\/\\\/informelitoral.com.ar\\\/futuro-incierto-para-el-inta-gvozdenovich-explico-como-impactara-decreto-de-milei-en-entre-rios\\\/\"},\"author\":{\"name\":\"Gonzalo Schmidt\",\"@id\":\"https:\\\/\\\/informelitoral.com.ar\\\/#\\\/schema\\\/person\\\/b9d00407c836482871ef1d57bf8e3180\"},\"headline\":\"Futuro incierto para el INTA: Gvozdenovich explic\u00f3 c\u00f3mo impactar\u00e1 decreto de Milei en Entre R\u00edos\",\"datePublished\":\"2025-06-17T10:52:39+00:00\",\"mainEntityOfPage\":{\"@id\":\"https:\\\/\\\/informelitoral.com.ar\\\/futuro-incierto-para-el-inta-gvozdenovich-explico-como-impactara-decreto-de-milei-en-entre-rios\\\/\"},\"wordCount\":758,\"commentCount\":0,\"publisher\":{\"@id\":\"https:\\\/\\\/informelitoral.com.ar\\\/#organization\"},\"image\":{\"@id\":\"https:\\\/\\\/informelitoral.com.ar\\\/futuro-incierto-para-el-inta-gvozdenovich-explico-como-impactara-decreto-de-milei-en-entre-rios\\\/#primaryimage\"},\"thumbnailUrl\":\"https:\\\/\\\/informelitoral.com.ar\\\/%77%70%2d%63%6f%6e%74%65%6e%74\\\/uploads\\\/2025\\\/06\\\/jorge-gvozdenovich-inta-la-hora-del-6-canal-6-ertv.jpg\",\"keywords\":[\"Agro\",\"Campo\",\"Campo entrerriano\",\"Canal 6 ERTV\",\"INTA\",\"Investigaci\u00f3n\",\"Jorge Gvozdenovich\",\"La hora del 6\"],\"articleSection\":[\"Campo\"],\"inLanguage\":\"es\",\"potentialAction\":[{\"@type\":\"CommentAction\",\"name\":\"Comment\",\"target\":[\"https:\\\/\\\/informelitoral.com.ar\\\/futuro-incierto-para-el-inta-gvozdenovich-explico-como-impactara-decreto-de-milei-en-entre-rios\\\/#respond\"]}]},{\"@type\":\"WebPage\",\"@id\":\"https:\\\/\\\/informelitoral.com.ar\\\/futuro-incierto-para-el-inta-gvozdenovich-explico-como-impactara-decreto-de-milei-en-entre-rios\\\/\",\"url\":\"https:\\\/\\\/informelitoral.com.ar\\\/futuro-incierto-para-el-inta-gvozdenovich-explico-como-impactara-decreto-de-milei-en-entre-rios\\\/\",\"name\":\"Futuro incierto para el INTA: Gvozdenovich explic\u00f3 c\u00f3mo impactar\u00e1 decreto de Milei en Entre R\u00edos - Informe Litoral\",\"isPartOf\":{\"@id\":\"https:\\\/\\\/informelitoral.com.ar\\\/#website\"},\"primaryImageOfPage\":{\"@id\":\"https:\\\/\\\/informelitoral.com.ar\\\/futuro-incierto-para-el-inta-gvozdenovich-explico-como-impactara-decreto-de-milei-en-entre-rios\\\/#primaryimage\"},\"image\":{\"@id\":\"https:\\\/\\\/informelitoral.com.ar\\\/futuro-incierto-para-el-inta-gvozdenovich-explico-como-impactara-decreto-de-milei-en-entre-rios\\\/#primaryimage\"},\"thumbnailUrl\":\"https:\\\/\\\/informelitoral.com.ar\\\/%77%70%2d%63%6f%6e%74%65%6e%74\\\/uploads\\\/2025\\\/06\\\/jorge-gvozdenovich-inta-la-hora-del-6-canal-6-ertv.jpg\",\"datePublished\":\"2025-06-17T10:52:39+00:00\",\"breadcrumb\":{\"@id\":\"https:\\\/\\\/informelitoral.com.ar\\\/futuro-incierto-para-el-inta-gvozdenovich-explico-como-impactara-decreto-de-milei-en-entre-rios\\\/#breadcrumb\"},\"inLanguage\":\"es\",\"potentialAction\":[{\"@type\":\"ReadAction\",\"target\":[\"https:\\\/\\\/informelitoral.com.ar\\\/futuro-incierto-para-el-inta-gvozdenovich-explico-como-impactara-decreto-de-milei-en-entre-rios\\\/\"]}]},{\"@type\":\"ImageObject\",\"inLanguage\":\"es\",\"@id\":\"https:\\\/\\\/informelitoral.com.ar\\\/futuro-incierto-para-el-inta-gvozdenovich-explico-como-impactara-decreto-de-milei-en-entre-rios\\\/#primaryimage\",\"url\":\"https:\\\/\\\/informelitoral.com.ar\\\/%77%70%2d%63%6f%6e%74%65%6e%74\\\/uploads\\\/2025\\\/06\\\/jorge-gvozdenovich-inta-la-hora-del-6-canal-6-ertv.jpg\",\"contentUrl\":\"https:\\\/\\\/informelitoral.com.ar\\\/%77%70%2d%63%6f%6e%74%65%6e%74\\\/uploads\\\/2025\\\/06\\\/jorge-gvozdenovich-inta-la-hora-del-6-canal-6-ertv.jpg\",\"width\":1930,\"height\":1080,\"caption\":\"Jorge Gvozdenovich, director del INTA Entre R\u00edos en La Hora del 6 por Canal 6 ERTV.\"},{\"@type\":\"BreadcrumbList\",\"@id\":\"https:\\\/\\\/informelitoral.com.ar\\\/futuro-incierto-para-el-inta-gvozdenovich-explico-como-impactara-decreto-de-milei-en-entre-rios\\\/#breadcrumb\",\"itemListElement\":[{\"@type\":\"ListItem\",\"position\":1,\"name\":\"Portada\",\"item\":\"https:\\\/\\\/informelitoral.com.ar\\\/\"},{\"@type\":\"ListItem\",\"position\":2,\"name\":\"Futuro incierto para el INTA: Gvozdenovich explic\u00f3 c\u00f3mo impactar\u00e1 decreto de Milei en Entre R\u00edos\"}]},{\"@type\":\"WebSite\",\"@id\":\"https:\\\/\\\/informelitoral.com.ar\\\/#website\",\"url\":\"https:\\\/\\\/informelitoral.com.ar\\\/\",\"name\":\"Informe Litoral\",\"description\":\"&quot;Nos informamos&quot; \",\"publisher\":{\"@id\":\"https:\\\/\\\/informelitoral.com.ar\\\/#organization\"},\"potentialAction\":[{\"@type\":\"SearchAction\",\"target\":{\"@type\":\"EntryPoint\",\"urlTemplate\":\"https:\\\/\\\/informelitoral.com.ar\\\/?s={search_term_string}\"},\"query-input\":{\"@type\":\"PropertyValueSpecification\",\"valueRequired\":true,\"valueName\":\"search_term_string\"}}],\"inLanguage\":\"es\"},{\"@type\":\"Organization\",\"@id\":\"https:\\\/\\\/informelitoral.com.ar\\\/#organization\",\"name\":\"Informe Litoral\",\"url\":\"https:\\\/\\\/informelitoral.com.ar\\\/\",\"logo\":{\"@type\":\"ImageObject\",\"inLanguage\":\"es\",\"@id\":\"https:\\\/\\\/informelitoral.com.ar\\\/#\\\/schema\\\/logo\\\/image\\\/\",\"url\":\"https:\\\/\\\/informelitoral.com.ar\\\/%77%70%2d%63%6f%6e%74%65%6e%74\\\/uploads\\\/2021\\\/01\\\/circulo.png\",\"contentUrl\":\"https:\\\/\\\/informelitoral.com.ar\\\/%77%70%2d%63%6f%6e%74%65%6e%74\\\/uploads\\\/2021\\\/01\\\/circulo.png\",\"width\":723,\"height\":731,\"caption\":\"Informe Litoral\"},\"image\":{\"@id\":\"https:\\\/\\\/informelitoral.com.ar\\\/#\\\/schema\\\/logo\\\/image\\\/\"},\"sameAs\":[\"https:\\\/\\\/www.facebook.com\\\/informelitoral\\\/\",\"https:\\\/\\\/x.com\\\/InformeLitoral\",\"https:\\\/\\\/www.instagram.com\\\/informelitoral\\\/\",\"https:\\\/\\\/www.youtube.com\\\/channel\\\/UCua4Qvz8Icb6MYqhoq9xLXw\"]},{\"@type\":\"Person\",\"@id\":\"https:\\\/\\\/informelitoral.com.ar\\\/#\\\/schema\\\/person\\\/b9d00407c836482871ef1d57bf8e3180\",\"name\":\"Gonzalo Schmidt\",\"image\":{\"@type\":\"ImageObject\",\"inLanguage\":\"es\",\"@id\":\"https:\\\/\\\/secure.gravatar.com\\\/avatar\\\/31a1a7b66ff2de83bd0e9fd79d026630d2d99e55e8bfe501287647b4fd9743de?s=96&d=mm&r=g\",\"url\":\"https:\\\/\\\/secure.gravatar.com\\\/avatar\\\/31a1a7b66ff2de83bd0e9fd79d026630d2d99e55e8bfe501287647b4fd9743de?s=96&d=mm&r=g\",\"contentUrl\":\"https:\\\/\\\/secure.gravatar.com\\\/avatar\\\/31a1a7b66ff2de83bd0e9fd79d026630d2d99e55e8bfe501287647b4fd9743de?s=96&d=mm&r=g\",\"caption\":\"Gonzalo Schmidt\"},\"description\":\"Sitio web de noticias de la provincia de Entre R\u00edos, Argentina. Informaci\u00f3n y entretenimiento. Informe Litoral, nos informamos.\",\"sameAs\":[\"http:\\\/\\\/www.isletasnoticias.com.ar\"],\"url\":\"https:\\\/\\\/informelitoral.com.ar\\\/author\\\/gonzalo\\\/\"}]}<\/script>","yoast_head_json":{"title":"Futuro incierto para el INTA: Gvozdenovich explic\u00f3 c\u00f3mo impactar\u00e1 decreto de Milei en Entre R\u00edos - Informe Litoral","robots":{"index":"index","follow":"follow","max-snippet":"max-snippet:-1","max-image-preview":"max-image-preview:large","max-video-preview":"max-video-preview:-1"},"canonical":"https:\/\/informelitoral.com.ar\/futuro-incierto-para-el-inta-gvozdenovich-explico-como-impactara-decreto-de-milei-en-entre-rios\/","og_locale":"es_ES","og_type":"article","og_title":"Futuro incierto para el INTA: Gvozdenovich explic\u00f3 c\u00f3mo impactar\u00e1 decreto de Milei en Entre R\u00edos - Informe Litoral","og_description":"Un nuevo decreto gubernamental amenaza la autonom\u00eda del INTA, alertan desde la instituci\u00f3n. En La Hora del 6, el director regional por Entre R\u00edos, explic\u00f3 que \"la medida pone en jaque la investigaci\u00f3n, los servicios de extensi\u00f3n y la capacidad de respuesta a las necesidades espec\u00edficas de los productores entrerrianos\".","og_url":"https:\/\/informelitoral.com.ar\/futuro-incierto-para-el-inta-gvozdenovich-explico-como-impactara-decreto-de-milei-en-entre-rios\/","og_site_name":"Informe Litoral","article_publisher":"https:\/\/www.facebook.com\/informelitoral\/","article_published_time":"2025-06-17T10:52:39+00:00","og_image":[{"width":1930,"height":1080,"url":"https:\/\/informelitoral.com.ar\/%77%70%2d%63%6f%6e%74%65%6e%74\/uploads\/2025\/06\/jorge-gvozdenovich-inta-la-hora-del-6-canal-6-ertv.jpg","type":"image\/jpeg"}],"author":"Gonzalo Schmidt","twitter_card":"summary_large_image","twitter_creator":"@InformeLitoral","twitter_site":"@InformeLitoral","twitter_misc":{"Escrito por":"Gonzalo Schmidt","Tiempo de lectura":"4 minutos"},"schema":{"@context":"https:\/\/schema.org","@graph":[{"@type":"Article","@id":"https:\/\/informelitoral.com.ar\/futuro-incierto-para-el-inta-gvozdenovich-explico-como-impactara-decreto-de-milei-en-entre-rios\/#article","isPartOf":{"@id":"https:\/\/informelitoral.com.ar\/futuro-incierto-para-el-inta-gvozdenovich-explico-como-impactara-decreto-de-milei-en-entre-rios\/"},"author":{"name":"Gonzalo Schmidt","@id":"https:\/\/informelitoral.com.ar\/#\/schema\/person\/b9d00407c836482871ef1d57bf8e3180"},"headline":"Futuro incierto para el INTA: Gvozdenovich explic\u00f3 c\u00f3mo impactar\u00e1 decreto de Milei en Entre R\u00edos","datePublished":"2025-06-17T10:52:39+00:00","mainEntityOfPage":{"@id":"https:\/\/informelitoral.com.ar\/futuro-incierto-para-el-inta-gvozdenovich-explico-como-impactara-decreto-de-milei-en-entre-rios\/"},"wordCount":758,"commentCount":0,"publisher":{"@id":"https:\/\/informelitoral.com.ar\/#organization"},"image":{"@id":"https:\/\/informelitoral.com.ar\/futuro-incierto-para-el-inta-gvozdenovich-explico-como-impactara-decreto-de-milei-en-entre-rios\/#primaryimage"},"thumbnailUrl":"https:\/\/informelitoral.com.ar\/%77%70%2d%63%6f%6e%74%65%6e%74\/uploads\/2025\/06\/jorge-gvozdenovich-inta-la-hora-del-6-canal-6-ertv.jpg","keywords":["Agro","Campo","Campo entrerriano","Canal 6 ERTV","INTA","Investigaci\u00f3n","Jorge Gvozdenovich","La hora del 6"],"articleSection":["Campo"],"inLanguage":"es","potentialAction":[{"@type":"CommentAction","name":"Comment","target":["https:\/\/informelitoral.com.ar\/futuro-incierto-para-el-inta-gvozdenovich-explico-como-impactara-decreto-de-milei-en-entre-rios\/#respond"]}]},{"@type":"WebPage","@id":"https:\/\/informelitoral.com.ar\/futuro-incierto-para-el-inta-gvozdenovich-explico-como-impactara-decreto-de-milei-en-entre-rios\/","url":"https:\/\/informelitoral.com.ar\/futuro-incierto-para-el-inta-gvozdenovich-explico-como-impactara-decreto-de-milei-en-entre-rios\/","name":"Futuro incierto para el INTA: Gvozdenovich explic\u00f3 c\u00f3mo impactar\u00e1 decreto de Milei en Entre R\u00edos - Informe Litoral","isPartOf":{"@id":"https:\/\/informelitoral.com.ar\/#website"},"primaryImageOfPage":{"@id":"https:\/\/informelitoral.com.ar\/futuro-incierto-para-el-inta-gvozdenovich-explico-como-impactara-decreto-de-milei-en-entre-rios\/#primaryimage"},"image":{"@id":"https:\/\/informelitoral.com.ar\/futuro-incierto-para-el-inta-gvozdenovich-explico-como-impactara-decreto-de-milei-en-entre-rios\/#primaryimage"},"thumbnailUrl":"https:\/\/informelitoral.com.ar\/%77%70%2d%63%6f%6e%74%65%6e%74\/uploads\/2025\/06\/jorge-gvozdenovich-inta-la-hora-del-6-canal-6-ertv.jpg","datePublished":"2025-06-17T10:52:39+00:00","breadcrumb":{"@id":"https:\/\/informelitoral.com.ar\/futuro-incierto-para-el-inta-gvozdenovich-explico-como-impactara-decreto-de-milei-en-entre-rios\/#breadcrumb"},"inLanguage":"es","potentialAction":[{"@type":"ReadAction","target":["https:\/\/informelitoral.com.ar\/futuro-incierto-para-el-inta-gvozdenovich-explico-como-impactara-decreto-de-milei-en-entre-rios\/"]}]},{"@type":"ImageObject","inLanguage":"es","@id":"https:\/\/informelitoral.com.ar\/futuro-incierto-para-el-inta-gvozdenovich-explico-como-impactara-decreto-de-milei-en-entre-rios\/#primaryimage","url":"https:\/\/informelitoral.com.ar\/%77%70%2d%63%6f%6e%74%65%6e%74\/uploads\/2025\/06\/jorge-gvozdenovich-inta-la-hora-del-6-canal-6-ertv.jpg","contentUrl":"https:\/\/informelitoral.com.ar\/%77%70%2d%63%6f%6e%74%65%6e%74\/uploads\/2025\/06\/jorge-gvozdenovich-inta-la-hora-del-6-canal-6-ertv.jpg","width":1930,"height":1080,"caption":"Jorge Gvozdenovich, director del INTA Entre R\u00edos en La Hora del 6 por Canal 6 ERTV."},{"@type":"BreadcrumbList","@id":"https:\/\/informelitoral.com.ar\/futuro-incierto-para-el-inta-gvozdenovich-explico-como-impactara-decreto-de-milei-en-entre-rios\/#breadcrumb","itemListElement":[{"@type":"ListItem","position":1,"name":"Portada","item":"https:\/\/informelitoral.com.ar\/"},{"@type":"ListItem","position":2,"name":"Futuro incierto para el INTA: Gvozdenovich explic\u00f3 c\u00f3mo impactar\u00e1 decreto de Milei en Entre R\u00edos"}]},{"@type":"WebSite","@id":"https:\/\/informelitoral.com.ar\/#website","url":"https:\/\/informelitoral.com.ar\/","name":"Informe Litoral","description":"&quot;Nos informamos&quot; ","publisher":{"@id":"https:\/\/informelitoral.com.ar\/#organization"},"potentialAction":[{"@type":"SearchAction","target":{"@type":"EntryPoint","urlTemplate":"https:\/\/informelitoral.com.ar\/?s={search_term_string}"},"query-input":{"@type":"PropertyValueSpecification","valueRequired":true,"valueName":"search_term_string"}}],"inLanguage":"es"},{"@type":"Organization","@id":"https:\/\/informelitoral.com.ar\/#organization","name":"Informe Litoral","url":"https:\/\/informelitoral.com.ar\/","logo":{"@type":"ImageObject","inLanguage":"es","@id":"https:\/\/informelitoral.com.ar\/#\/schema\/logo\/image\/","url":"https:\/\/informelitoral.com.ar\/%77%70%2d%63%6f%6e%74%65%6e%74\/uploads\/2021\/01\/circulo.png","contentUrl":"https:\/\/informelitoral.com.ar\/%77%70%2d%63%6f%6e%74%65%6e%74\/uploads\/2021\/01\/circulo.png","width":723,"height":731,"caption":"Informe Litoral"},"image":{"@id":"https:\/\/informelitoral.com.ar\/#\/schema\/logo\/image\/"},"sameAs":["https:\/\/www.facebook.com\/informelitoral\/","https:\/\/x.com\/InformeLitoral","https:\/\/www.instagram.com\/informelitoral\/","https:\/\/www.youtube.com\/channel\/UCua4Qvz8Icb6MYqhoq9xLXw"]},{"@type":"Person","@id":"https:\/\/informelitoral.com.ar\/#\/schema\/person\/b9d00407c836482871ef1d57bf8e3180","name":"Gonzalo Schmidt","image":{"@type":"ImageObject","inLanguage":"es","@id":"https:\/\/secure.gravatar.com\/avatar\/31a1a7b66ff2de83bd0e9fd79d026630d2d99e55e8bfe501287647b4fd9743de?s=96&d=mm&r=g","url":"https:\/\/secure.gravatar.com\/avatar\/31a1a7b66ff2de83bd0e9fd79d026630d2d99e55e8bfe501287647b4fd9743de?s=96&d=mm&r=g","contentUrl":"https:\/\/secure.gravatar.com\/avatar\/31a1a7b66ff2de83bd0e9fd79d026630d2d99e55e8bfe501287647b4fd9743de?s=96&d=mm&r=g","caption":"Gonzalo Schmidt"},"description":"Sitio web de noticias de la provincia de Entre R\u00edos, Argentina. Informaci\u00f3n y entretenimiento. Informe Litoral, nos informamos.","sameAs":["http:\/\/www.isletasnoticias.com.ar"],"url":"https:\/\/informelitoral.com.ar\/author\/gonzalo\/"}]}},"_links":{"self":[{"href":"https:\/\/informelitoral.com.ar\/%77%70%2d%6a%73%6f%6e\/wp\/v2\/posts\/224337","targetHints":{"allow":["GET"]}}],"collection":[{"href":"https:\/\/informelitoral.com.ar\/%77%70%2d%6a%73%6f%6e\/wp\/v2\/posts"}],"about":[{"href":"https:\/\/informelitoral.com.ar\/%77%70%2d%6a%73%6f%6e\/wp\/v2\/types\/post"}],"author":[{"embeddable":true,"href":"https:\/\/informelitoral.com.ar\/%77%70%2d%6a%73%6f%6e\/wp\/v2\/users\/2"}],"replies":[{"embeddable":true,"href":"https:\/\/informelitoral.com.ar\/%77%70%2d%6a%73%6f%6e\/wp\/v2\/comments?post=224337"}],"version-history":[{"count":2,"href":"https:\/\/informelitoral.com.ar\/%77%70%2d%6a%73%6f%6e\/wp\/v2\/posts\/224337\/revisions"}],"predecessor-version":[{"id":224339,"href":"https:\/\/informelitoral.com.ar\/%77%70%2d%6a%73%6f%6e\/wp\/v2\/posts\/224337\/revisions\/224339"}],"wp:featuredmedia":[{"embeddable":true,"href":"https:\/\/informelitoral.com.ar\/%77%70%2d%6a%73%6f%6e\/wp\/v2\/media\/224231"}],"wp:attachment":[{"href":"https:\/\/informelitoral.com.ar\/%77%70%2d%6a%73%6f%6e\/wp\/v2\/media?parent=224337"}],"wp:term":[{"taxonomy":"category","embeddable":true,"href":"https:\/\/informelitoral.com.ar\/%77%70%2d%6a%73%6f%6e\/wp\/v2\/categories?post=224337"},{"taxonomy":"post_tag","embeddable":true,"href":"https:\/\/informelitoral.com.ar\/%77%70%2d%6a%73%6f%6e\/wp\/v2\/tags?post=224337"}],"curies":[{"name":"wp","href":"https:\/\/api.w.org\/{rel}","templated":true}]}}