{"id":224019,"date":"2025-06-12T11:38:50","date_gmt":"2025-06-12T14:38:50","guid":{"rendered":"https:\/\/informelitoral.com.ar\/?p=224019"},"modified":"2025-06-12T11:40:20","modified_gmt":"2025-06-12T14:40:20","slug":"la-secretaria-de-energia-aumento-el-precio-del-biodiesel-un-2","status":"publish","type":"post","link":"https:\/\/informelitoral.com.ar\/la-secretaria-de-energia-aumento-el-precio-del-biodiesel-un-2\/","title":{"rendered":"La Secretar\u00eda de Energ\u00eda aument\u00f3 el precio del biodi\u00e9sel un 2%"},"content":{"rendered":"<p>La Secretar\u00eda de Energ\u00eda actualiz\u00f3 este jueves el precio del biodi\u00e9sel destinado para la mezcla obligatoria por ley con el gasoil, con un aumento del 2%, a trav\u00e9s de la Resoluci\u00f3n 261\/2025 publicada en el Bolet\u00edn Oficial.<\/p>\n<p>Con la actualizaci\u00f3n, el precio m\u00ednimo de adquisici\u00f3n del biodi\u00e9sel destinado a su mezcla obligatoria con gasoil qued\u00f3 en $1.276.874 por tonelada, para las operaciones a llevarse a cabo durante el mes de junio de 2025 y hasta la publicaci\u00f3n de un nuevo precio que lo reemplace.<\/p>\n<p>La normativa gubernamental determin\u00f3 que el plazo de pago del biodiesel no podr\u00e1 exceder, en ning\u00fan caso, los 7 d\u00edas corridos a contar desde la fecha de la factura correspondiente.<\/p>\n<p>Al mismo tiempo, aclar\u00f3 que el nuevo precio fijado \u201ces el valor m\u00ednimo al cual deber\u00e1n ser llevadas a cabo las operaciones de comercializaci\u00f3n en el mercado interno\u201d.<\/p>\n<h2><strong>Argumentos<\/strong><\/h2>\n<p>En los considerandos, se record\u00f3 que la secretar\u00eda energ\u00e9tica est\u00e1 facultada para modificar los precios \u201ctanto en los casos en que se detecten desfasajes entre los valores resultantes de su implementaci\u00f3n y los costos reales de elaboraci\u00f3n de los productos, o bien cuando dichos precios puedan generar distorsiones en los precios del combustible f\u00f3sil en el pico del surtidor, esto \u00faltimo lo cual resulta necesario atender en el contexto actual, fijando excepcionalmente un precio que se ajuste a dicha necesidad\u00bb.<\/p>\n<p>En el caso del bioetanol, tanto el elaborado a base de ca\u00f1a de az\u00facar como el elaborado a base de ma\u00edz, destinado a su mezcla obligatoria con la nafta, a\u00fan no se publicaron nuevos valores para el sexto mes del a\u00f1o, por lo que todav\u00eda rigen los precios de mayo.<\/p>\n<p>En el quinto mes de 2025, se fij\u00f3 el precio m\u00ednimo de adquisici\u00f3n por litro del bioetanol elaborado a base de ca\u00f1a de az\u00facar en $788,181. Mientras que, para el precio de adquisici\u00f3n del bioetanol elaborado a base de ma\u00edz, el valor est\u00e1 en $722,395.<\/p>\n<p>Los precios de los biocombustibles son parte de los costos que se reflejan en los surtidores, por lo que cada variaci\u00f3n en los mismos puede implicar una suba de los valores de la venta de nafta y gasoil al p\u00fablico, tal como sucedi\u00f3 el mes pasado con un alza de hasta 0,4%. En esta oportunidad, el precio del gasoil podr\u00eda exhibir el impacto con un aumento en el corto plazo. Fuente: Noticias Argentinas<\/p>\n","protected":false},"excerpt":{"rendered":"<p>La Secretar\u00eda de Energ\u00eda actualiz\u00f3 el valor del biodi\u00e9sel destinado a la mezcla obligatoria con gasoil, fij\u00e1ndolo en $1.276.874 por tonelada, con un aumento del 2%. Se prev\u00e9 impacto en el precio del combustible en los surtidores.<\/p>\n","protected":false},"author":8,"featured_media":62483,"comment_status":"open","ping_status":"open","sticky":false,"template":"","format":"standard","meta":{"fifu_image_url":"","fifu_image_alt":"","footnotes":""},"categories":[1594],"tags":[172,462],"class_list":{"0":"post-224019","1":"post","2":"type-post","3":"status-publish","4":"format-standard","5":"has-post-thumbnail","7":"category-economia","8":"tag-aumento","9":"tag-biodiesel"},"yoast_head":"<title>La Secretar\u00eda de Energ\u00eda aument\u00f3 el precio del biodi\u00e9sel un 2% - Informe Litoral<\/title>\n<meta name=\"robots\" content=\"index, follow, max-snippet:-1, max-image-preview:large, max-video-preview:-1\" \/>\n<link rel=\"canonical\" href=\"https:\/\/informelitoral.com.ar\/la-secretaria-de-energia-aumento-el-precio-del-biodiesel-un-2\/\" \/>\n<meta property=\"og:locale\" content=\"es_ES\" \/>\n<meta property=\"og:type\" content=\"article\" \/>\n<meta property=\"og:title\" content=\"La Secretar\u00eda de Energ\u00eda aument\u00f3 el precio del biodi\u00e9sel un 2% - Informe Litoral\" \/>\n<meta property=\"og:description\" content=\"La Secretar\u00eda de Energ\u00eda actualiz\u00f3 el valor del biodi\u00e9sel destinado a la mezcla obligatoria con gasoil, fij\u00e1ndolo en $1.276.874 por tonelada, con un aumento del 2%. Se prev\u00e9 impacto en el precio del combustible en los surtidores.\" \/>\n<meta property=\"og:url\" content=\"https:\/\/informelitoral.com.ar\/la-secretaria-de-energia-aumento-el-precio-del-biodiesel-un-2\/\" \/>\n<meta property=\"og:site_name\" content=\"Informe Litoral\" \/>\n<meta property=\"article:publisher\" content=\"https:\/\/www.facebook.com\/informelitoral\/\" \/>\n<meta property=\"article:published_time\" content=\"2025-06-12T14:38:50+00:00\" \/>\n<meta property=\"article:modified_time\" content=\"2025-06-12T14:40:20+00:00\" \/>\n<meta property=\"og:image\" content=\"https:\/\/informelitoral.com.ar\/%77%70%2d%63%6f%6e%74%65%6e%74\/uploads\/2021\/07\/946-BIODIESEL.jpg\" \/>\n\t<meta property=\"og:image:width\" content=\"1000\" \/>\n\t<meta property=\"og:image:height\" content=\"570\" \/>\n\t<meta property=\"og:image:type\" content=\"image\/jpeg\" \/>\n<meta name=\"author\" content=\"Sebastian\" \/>\n<meta name=\"twitter:card\" content=\"summary_large_image\" \/>\n<meta name=\"twitter:creator\" content=\"@InformeLitoral\" \/>\n<meta name=\"twitter:site\" content=\"@InformeLitoral\" \/>\n<meta name=\"twitter:label1\" content=\"Escrito por\" \/>\n\t<meta name=\"twitter:data1\" content=\"Sebastian\" \/>\n\t<meta name=\"twitter:label2\" content=\"Tiempo de lectura\" \/>\n\t<meta name=\"twitter:data2\" content=\"2 minutos\" \/>\n<script type=\"application\/ld+json\" class=\"yoast-schema-graph\">{\"@context\":\"https:\\\/\\\/schema.org\",\"@graph\":[{\"@type\":\"Article\",\"@id\":\"https:\\\/\\\/informelitoral.com.ar\\\/la-secretaria-de-energia-aumento-el-precio-del-biodiesel-un-2\\\/#article\",\"isPartOf\":{\"@id\":\"https:\\\/\\\/informelitoral.com.ar\\\/la-secretaria-de-energia-aumento-el-precio-del-biodiesel-un-2\\\/\"},\"author\":{\"name\":\"Sebastian\",\"@id\":\"https:\\\/\\\/informelitoral.com.ar\\\/#\\\/schema\\\/person\\\/f05f9f461677119578717524b127d6d5\"},\"headline\":\"La Secretar\u00eda de Energ\u00eda aument\u00f3 el precio del biodi\u00e9sel un 2%\",\"datePublished\":\"2025-06-12T14:38:50+00:00\",\"dateModified\":\"2025-06-12T14:40:20+00:00\",\"mainEntityOfPage\":{\"@id\":\"https:\\\/\\\/informelitoral.com.ar\\\/la-secretaria-de-energia-aumento-el-precio-del-biodiesel-un-2\\\/\"},\"wordCount\":431,\"commentCount\":0,\"publisher\":{\"@id\":\"https:\\\/\\\/informelitoral.com.ar\\\/#organization\"},\"image\":{\"@id\":\"https:\\\/\\\/informelitoral.com.ar\\\/la-secretaria-de-energia-aumento-el-precio-del-biodiesel-un-2\\\/#primaryimage\"},\"thumbnailUrl\":\"https:\\\/\\\/informelitoral.com.ar\\\/%77%70%2d%63%6f%6e%74%65%6e%74\\\/uploads\\\/2021\\\/07\\\/946-BIODIESEL.jpg\",\"keywords\":[\"Aumento\",\"Biodiesel\"],\"articleSection\":[\"Econom\u00eda\"],\"inLanguage\":\"es\",\"potentialAction\":[{\"@type\":\"CommentAction\",\"name\":\"Comment\",\"target\":[\"https:\\\/\\\/informelitoral.com.ar\\\/la-secretaria-de-energia-aumento-el-precio-del-biodiesel-un-2\\\/#respond\"]}]},{\"@type\":\"WebPage\",\"@id\":\"https:\\\/\\\/informelitoral.com.ar\\\/la-secretaria-de-energia-aumento-el-precio-del-biodiesel-un-2\\\/\",\"url\":\"https:\\\/\\\/informelitoral.com.ar\\\/la-secretaria-de-energia-aumento-el-precio-del-biodiesel-un-2\\\/\",\"name\":\"La Secretar\u00eda de Energ\u00eda aument\u00f3 el precio del biodi\u00e9sel un 2% - Informe Litoral\",\"isPartOf\":{\"@id\":\"https:\\\/\\\/informelitoral.com.ar\\\/#website\"},\"primaryImageOfPage\":{\"@id\":\"https:\\\/\\\/informelitoral.com.ar\\\/la-secretaria-de-energia-aumento-el-precio-del-biodiesel-un-2\\\/#primaryimage\"},\"image\":{\"@id\":\"https:\\\/\\\/informelitoral.com.ar\\\/la-secretaria-de-energia-aumento-el-precio-del-biodiesel-un-2\\\/#primaryimage\"},\"thumbnailUrl\":\"https:\\\/\\\/informelitoral.com.ar\\\/%77%70%2d%63%6f%6e%74%65%6e%74\\\/uploads\\\/2021\\\/07\\\/946-BIODIESEL.jpg\",\"datePublished\":\"2025-06-12T14:38:50+00:00\",\"dateModified\":\"2025-06-12T14:40:20+00:00\",\"breadcrumb\":{\"@id\":\"https:\\\/\\\/informelitoral.com.ar\\\/la-secretaria-de-energia-aumento-el-precio-del-biodiesel-un-2\\\/#breadcrumb\"},\"inLanguage\":\"es\",\"potentialAction\":[{\"@type\":\"ReadAction\",\"target\":[\"https:\\\/\\\/informelitoral.com.ar\\\/la-secretaria-de-energia-aumento-el-precio-del-biodiesel-un-2\\\/\"]}]},{\"@type\":\"ImageObject\",\"inLanguage\":\"es\",\"@id\":\"https:\\\/\\\/informelitoral.com.ar\\\/la-secretaria-de-energia-aumento-el-precio-del-biodiesel-un-2\\\/#primaryimage\",\"url\":\"https:\\\/\\\/informelitoral.com.ar\\\/%77%70%2d%63%6f%6e%74%65%6e%74\\\/uploads\\\/2021\\\/07\\\/946-BIODIESEL.jpg\",\"contentUrl\":\"https:\\\/\\\/informelitoral.com.ar\\\/%77%70%2d%63%6f%6e%74%65%6e%74\\\/uploads\\\/2021\\\/07\\\/946-BIODIESEL.jpg\",\"width\":1000,\"height\":570},{\"@type\":\"BreadcrumbList\",\"@id\":\"https:\\\/\\\/informelitoral.com.ar\\\/la-secretaria-de-energia-aumento-el-precio-del-biodiesel-un-2\\\/#breadcrumb\",\"itemListElement\":[{\"@type\":\"ListItem\",\"position\":1,\"name\":\"Portada\",\"item\":\"https:\\\/\\\/informelitoral.com.ar\\\/\"},{\"@type\":\"ListItem\",\"position\":2,\"name\":\"La Secretar\u00eda de Energ\u00eda aument\u00f3 el precio del biodi\u00e9sel un 2%\"}]},{\"@type\":\"WebSite\",\"@id\":\"https:\\\/\\\/informelitoral.com.ar\\\/#website\",\"url\":\"https:\\\/\\\/informelitoral.com.ar\\\/\",\"name\":\"Informe Litoral\",\"description\":\"&quot;Nos informamos&quot; \",\"publisher\":{\"@id\":\"https:\\\/\\\/informelitoral.com.ar\\\/#organization\"},\"potentialAction\":[{\"@type\":\"SearchAction\",\"target\":{\"@type\":\"EntryPoint\",\"urlTemplate\":\"https:\\\/\\\/informelitoral.com.ar\\\/?s={search_term_string}\"},\"query-input\":{\"@type\":\"PropertyValueSpecification\",\"valueRequired\":true,\"valueName\":\"search_term_string\"}}],\"inLanguage\":\"es\"},{\"@type\":\"Organization\",\"@id\":\"https:\\\/\\\/informelitoral.com.ar\\\/#organization\",\"name\":\"Informe Litoral\",\"url\":\"https:\\\/\\\/informelitoral.com.ar\\\/\",\"logo\":{\"@type\":\"ImageObject\",\"inLanguage\":\"es\",\"@id\":\"https:\\\/\\\/informelitoral.com.ar\\\/#\\\/schema\\\/logo\\\/image\\\/\",\"url\":\"https:\\\/\\\/informelitoral.com.ar\\\/%77%70%2d%63%6f%6e%74%65%6e%74\\\/uploads\\\/2021\\\/01\\\/circulo.png\",\"contentUrl\":\"https:\\\/\\\/informelitoral.com.ar\\\/%77%70%2d%63%6f%6e%74%65%6e%74\\\/uploads\\\/2021\\\/01\\\/circulo.png\",\"width\":723,\"height\":731,\"caption\":\"Informe Litoral\"},\"image\":{\"@id\":\"https:\\\/\\\/informelitoral.com.ar\\\/#\\\/schema\\\/logo\\\/image\\\/\"},\"sameAs\":[\"https:\\\/\\\/www.facebook.com\\\/informelitoral\\\/\",\"https:\\\/\\\/x.com\\\/InformeLitoral\",\"https:\\\/\\\/www.instagram.com\\\/informelitoral\\\/\",\"https:\\\/\\\/www.youtube.com\\\/channel\\\/UCua4Qvz8Icb6MYqhoq9xLXw\"]},{\"@type\":\"Person\",\"@id\":\"https:\\\/\\\/informelitoral.com.ar\\\/#\\\/schema\\\/person\\\/f05f9f461677119578717524b127d6d5\",\"name\":\"Sebastian\",\"image\":{\"@type\":\"ImageObject\",\"inLanguage\":\"es\",\"@id\":\"https:\\\/\\\/secure.gravatar.com\\\/avatar\\\/b71bf7481d447dfb9583c7f2798e7cc64de6efb9067b74633ed8c31059a3bd82?s=96&d=mm&r=g\",\"url\":\"https:\\\/\\\/secure.gravatar.com\\\/avatar\\\/b71bf7481d447dfb9583c7f2798e7cc64de6efb9067b74633ed8c31059a3bd82?s=96&d=mm&r=g\",\"contentUrl\":\"https:\\\/\\\/secure.gravatar.com\\\/avatar\\\/b71bf7481d447dfb9583c7f2798e7cc64de6efb9067b74633ed8c31059a3bd82?s=96&d=mm&r=g\",\"caption\":\"Sebastian\"},\"url\":\"https:\\\/\\\/informelitoral.com.ar\\\/author\\\/sebastian\\\/\"}]}<\/script>","yoast_head_json":{"title":"La Secretar\u00eda de Energ\u00eda aument\u00f3 el precio del biodi\u00e9sel un 2% - Informe Litoral","robots":{"index":"index","follow":"follow","max-snippet":"max-snippet:-1","max-image-preview":"max-image-preview:large","max-video-preview":"max-video-preview:-1"},"canonical":"https:\/\/informelitoral.com.ar\/la-secretaria-de-energia-aumento-el-precio-del-biodiesel-un-2\/","og_locale":"es_ES","og_type":"article","og_title":"La Secretar\u00eda de Energ\u00eda aument\u00f3 el precio del biodi\u00e9sel un 2% - Informe Litoral","og_description":"La Secretar\u00eda de Energ\u00eda actualiz\u00f3 el valor del biodi\u00e9sel destinado a la mezcla obligatoria con gasoil, fij\u00e1ndolo en $1.276.874 por tonelada, con un aumento del 2%. Se prev\u00e9 impacto en el precio del combustible en los surtidores.","og_url":"https:\/\/informelitoral.com.ar\/la-secretaria-de-energia-aumento-el-precio-del-biodiesel-un-2\/","og_site_name":"Informe Litoral","article_publisher":"https:\/\/www.facebook.com\/informelitoral\/","article_published_time":"2025-06-12T14:38:50+00:00","article_modified_time":"2025-06-12T14:40:20+00:00","og_image":[{"width":1000,"height":570,"url":"https:\/\/informelitoral.com.ar\/%77%70%2d%63%6f%6e%74%65%6e%74\/uploads\/2021\/07\/946-BIODIESEL.jpg","type":"image\/jpeg"}],"author":"Sebastian","twitter_card":"summary_large_image","twitter_creator":"@InformeLitoral","twitter_site":"@InformeLitoral","twitter_misc":{"Escrito por":"Sebastian","Tiempo de lectura":"2 minutos"},"schema":{"@context":"https:\/\/schema.org","@graph":[{"@type":"Article","@id":"https:\/\/informelitoral.com.ar\/la-secretaria-de-energia-aumento-el-precio-del-biodiesel-un-2\/#article","isPartOf":{"@id":"https:\/\/informelitoral.com.ar\/la-secretaria-de-energia-aumento-el-precio-del-biodiesel-un-2\/"},"author":{"name":"Sebastian","@id":"https:\/\/informelitoral.com.ar\/#\/schema\/person\/f05f9f461677119578717524b127d6d5"},"headline":"La Secretar\u00eda de Energ\u00eda aument\u00f3 el precio del biodi\u00e9sel un 2%","datePublished":"2025-06-12T14:38:50+00:00","dateModified":"2025-06-12T14:40:20+00:00","mainEntityOfPage":{"@id":"https:\/\/informelitoral.com.ar\/la-secretaria-de-energia-aumento-el-precio-del-biodiesel-un-2\/"},"wordCount":431,"commentCount":0,"publisher":{"@id":"https:\/\/informelitoral.com.ar\/#organization"},"image":{"@id":"https:\/\/informelitoral.com.ar\/la-secretaria-de-energia-aumento-el-precio-del-biodiesel-un-2\/#primaryimage"},"thumbnailUrl":"https:\/\/informelitoral.com.ar\/%77%70%2d%63%6f%6e%74%65%6e%74\/uploads\/2021\/07\/946-BIODIESEL.jpg","keywords":["Aumento","Biodiesel"],"articleSection":["Econom\u00eda"],"inLanguage":"es","potentialAction":[{"@type":"CommentAction","name":"Comment","target":["https:\/\/informelitoral.com.ar\/la-secretaria-de-energia-aumento-el-precio-del-biodiesel-un-2\/#respond"]}]},{"@type":"WebPage","@id":"https:\/\/informelitoral.com.ar\/la-secretaria-de-energia-aumento-el-precio-del-biodiesel-un-2\/","url":"https:\/\/informelitoral.com.ar\/la-secretaria-de-energia-aumento-el-precio-del-biodiesel-un-2\/","name":"La Secretar\u00eda de Energ\u00eda aument\u00f3 el precio del biodi\u00e9sel un 2% - Informe Litoral","isPartOf":{"@id":"https:\/\/informelitoral.com.ar\/#website"},"primaryImageOfPage":{"@id":"https:\/\/informelitoral.com.ar\/la-secretaria-de-energia-aumento-el-precio-del-biodiesel-un-2\/#primaryimage"},"image":{"@id":"https:\/\/informelitoral.com.ar\/la-secretaria-de-energia-aumento-el-precio-del-biodiesel-un-2\/#primaryimage"},"thumbnailUrl":"https:\/\/informelitoral.com.ar\/%77%70%2d%63%6f%6e%74%65%6e%74\/uploads\/2021\/07\/946-BIODIESEL.jpg","datePublished":"2025-06-12T14:38:50+00:00","dateModified":"2025-06-12T14:40:20+00:00","breadcrumb":{"@id":"https:\/\/informelitoral.com.ar\/la-secretaria-de-energia-aumento-el-precio-del-biodiesel-un-2\/#breadcrumb"},"inLanguage":"es","potentialAction":[{"@type":"ReadAction","target":["https:\/\/informelitoral.com.ar\/la-secretaria-de-energia-aumento-el-precio-del-biodiesel-un-2\/"]}]},{"@type":"ImageObject","inLanguage":"es","@id":"https:\/\/informelitoral.com.ar\/la-secretaria-de-energia-aumento-el-precio-del-biodiesel-un-2\/#primaryimage","url":"https:\/\/informelitoral.com.ar\/%77%70%2d%63%6f%6e%74%65%6e%74\/uploads\/2021\/07\/946-BIODIESEL.jpg","contentUrl":"https:\/\/informelitoral.com.ar\/%77%70%2d%63%6f%6e%74%65%6e%74\/uploads\/2021\/07\/946-BIODIESEL.jpg","width":1000,"height":570},{"@type":"BreadcrumbList","@id":"https:\/\/informelitoral.com.ar\/la-secretaria-de-energia-aumento-el-precio-del-biodiesel-un-2\/#breadcrumb","itemListElement":[{"@type":"ListItem","position":1,"name":"Portada","item":"https:\/\/informelitoral.com.ar\/"},{"@type":"ListItem","position":2,"name":"La Secretar\u00eda de Energ\u00eda aument\u00f3 el precio del biodi\u00e9sel un 2%"}]},{"@type":"WebSite","@id":"https:\/\/informelitoral.com.ar\/#website","url":"https:\/\/informelitoral.com.ar\/","name":"Informe Litoral","description":"&quot;Nos informamos&quot; ","publisher":{"@id":"https:\/\/informelitoral.com.ar\/#organization"},"potentialAction":[{"@type":"SearchAction","target":{"@type":"EntryPoint","urlTemplate":"https:\/\/informelitoral.com.ar\/?s={search_term_string}"},"query-input":{"@type":"PropertyValueSpecification","valueRequired":true,"valueName":"search_term_string"}}],"inLanguage":"es"},{"@type":"Organization","@id":"https:\/\/informelitoral.com.ar\/#organization","name":"Informe Litoral","url":"https:\/\/informelitoral.com.ar\/","logo":{"@type":"ImageObject","inLanguage":"es","@id":"https:\/\/informelitoral.com.ar\/#\/schema\/logo\/image\/","url":"https:\/\/informelitoral.com.ar\/%77%70%2d%63%6f%6e%74%65%6e%74\/uploads\/2021\/01\/circulo.png","contentUrl":"https:\/\/informelitoral.com.ar\/%77%70%2d%63%6f%6e%74%65%6e%74\/uploads\/2021\/01\/circulo.png","width":723,"height":731,"caption":"Informe Litoral"},"image":{"@id":"https:\/\/informelitoral.com.ar\/#\/schema\/logo\/image\/"},"sameAs":["https:\/\/www.facebook.com\/informelitoral\/","https:\/\/x.com\/InformeLitoral","https:\/\/www.instagram.com\/informelitoral\/","https:\/\/www.youtube.com\/channel\/UCua4Qvz8Icb6MYqhoq9xLXw"]},{"@type":"Person","@id":"https:\/\/informelitoral.com.ar\/#\/schema\/person\/f05f9f461677119578717524b127d6d5","name":"Sebastian","image":{"@type":"ImageObject","inLanguage":"es","@id":"https:\/\/secure.gravatar.com\/avatar\/b71bf7481d447dfb9583c7f2798e7cc64de6efb9067b74633ed8c31059a3bd82?s=96&d=mm&r=g","url":"https:\/\/secure.gravatar.com\/avatar\/b71bf7481d447dfb9583c7f2798e7cc64de6efb9067b74633ed8c31059a3bd82?s=96&d=mm&r=g","contentUrl":"https:\/\/secure.gravatar.com\/avatar\/b71bf7481d447dfb9583c7f2798e7cc64de6efb9067b74633ed8c31059a3bd82?s=96&d=mm&r=g","caption":"Sebastian"},"url":"https:\/\/informelitoral.com.ar\/author\/sebastian\/"}]}},"_links":{"self":[{"href":"https:\/\/informelitoral.com.ar\/%77%70%2d%6a%73%6f%6e\/wp\/v2\/posts\/224019","targetHints":{"allow":["GET"]}}],"collection":[{"href":"https:\/\/informelitoral.com.ar\/%77%70%2d%6a%73%6f%6e\/wp\/v2\/posts"}],"about":[{"href":"https:\/\/informelitoral.com.ar\/%77%70%2d%6a%73%6f%6e\/wp\/v2\/types\/post"}],"author":[{"embeddable":true,"href":"https:\/\/informelitoral.com.ar\/%77%70%2d%6a%73%6f%6e\/wp\/v2\/users\/8"}],"replies":[{"embeddable":true,"href":"https:\/\/informelitoral.com.ar\/%77%70%2d%6a%73%6f%6e\/wp\/v2\/comments?post=224019"}],"version-history":[{"count":3,"href":"https:\/\/informelitoral.com.ar\/%77%70%2d%6a%73%6f%6e\/wp\/v2\/posts\/224019\/revisions"}],"predecessor-version":[{"id":224022,"href":"https:\/\/informelitoral.com.ar\/%77%70%2d%6a%73%6f%6e\/wp\/v2\/posts\/224019\/revisions\/224022"}],"wp:featuredmedia":[{"embeddable":true,"href":"https:\/\/informelitoral.com.ar\/%77%70%2d%6a%73%6f%6e\/wp\/v2\/media\/62483"}],"wp:attachment":[{"href":"https:\/\/informelitoral.com.ar\/%77%70%2d%6a%73%6f%6e\/wp\/v2\/media?parent=224019"}],"wp:term":[{"taxonomy":"category","embeddable":true,"href":"https:\/\/informelitoral.com.ar\/%77%70%2d%6a%73%6f%6e\/wp\/v2\/categories?post=224019"},{"taxonomy":"post_tag","embeddable":true,"href":"https:\/\/informelitoral.com.ar\/%77%70%2d%6a%73%6f%6e\/wp\/v2\/tags?post=224019"}],"curies":[{"name":"wp","href":"https:\/\/api.w.org\/{rel}","templated":true}]}}