{"id":224,"date":"2013-03-14T10:53:38","date_gmt":"2013-03-14T13:53:38","guid":{"rendered":"http:\/\/www.isletasnoticias.com.ar\/?p=224"},"modified":"2013-03-14T10:53:51","modified_gmt":"2013-03-14T13:53:51","slug":"libertadores-alla-con-nacional-boca-necesita-no-perder-para-mantener-intacta-su-ilusion","status":"publish","type":"post","link":"https:\/\/informelitoral.com.ar\/libertadores-alla-con-nacional-boca-necesita-no-perder-para-mantener-intacta-su-ilusion\/","title":{"rendered":"Libertadores: all\u00e1, con Nacional, Boca necesita no perder para mantener intacta su ilusi\u00f3n"},"content":{"rendered":"<p>Desde las\u00a0<strong>19.15<\/strong>\u00a0en el estadio\u00a0<em>Centenario<\/em>\u00a0de Montevideo,\u00a0<strong>el \u201cXeneize\u201d afrontar\u00e1 una cita que puede marcar un punto de inflexi\u00f3n en el semestre<\/strong>. Frente al \u201cBolso\u201d, que viene de derrotarlo en la\u00a0<em>Bombonera<\/em>\u00a0y es l\u00edder del Grupo 1 de la Copa, deber\u00e1 sacar \u2018chapa\u2019 y sumar en un complicado reducto, ya que de lo contrario,\u00a0<strong>se podr\u00edan comprometer seriamente sus chances de clasificaci\u00f3n a Octavos de Final. El empate registrado anoche entre Barcelona y Toluca le da un poco de aire, tanto que si gana, quedar\u00eda solo en el segundo lugar.<\/strong>\u00a0Dirigir\u00e1 el brasile\u00f1o De Oliveira (televisar\u00e1\u00a0<em>Fox Sports<\/em>)<\/p>\n<p><a style=\"text-align: center;\" href=\"http:\/\/www.isletasnoticias.com.ar\/%77%70%2d%63%6f%6e%74%65%6e%74\/uploads\/2013\/03\/bocas.jpg\"><img loading=\"lazy\" decoding=\"async\" class=\"size-medium wp-image-225 aligncenter\" alt=\"bocas\" src=\"http:\/\/www.isletasnoticias.com.ar\/%77%70%2d%63%6f%6e%74%65%6e%74\/uploads\/2013\/03\/bocas-300x225.jpg\" width=\"300\" height=\"225\" srcset=\"https:\/\/informelitoral.com.ar\/%77%70%2d%63%6f%6e%74%65%6e%74\/uploads\/2013\/03\/bocas-300x225.jpg 300w, https:\/\/informelitoral.com.ar\/%77%70%2d%63%6f%6e%74%65%6e%74\/uploads\/2013\/03\/bocas.jpg 600w\" sizes=\"auto, (max-width: 300px) 100vw, 300px\" \/><\/a><\/p>\n<p style=\"text-align: center;\"><span style=\"color: #0000ee;\"><span style=\"text-decoration: underline;\">\u00a0<\/span><\/span><\/p>\n<p style=\"text-align: left;\">El arranque del semestre de Boca no es el esperado ni en el campeonato local, ni en el \u00e1mbito internacional, donde sum\u00f3 dos derrotas en condici\u00f3n de local que lo dejaron \u2018en coma\u2019 en su zona. Encima,\u00a0<strong>el panorama no<\/strong><strong>\u00a0es muy alentador, porq<\/strong><strong>ue esta tarde tendr\u00e1 que visitar al duro<\/strong>\u00a0<strong>Nacional<\/strong>, que viene de vencerlo en la\u00a0<em>Bombonera<\/em>\u00a0y es el puntero del\u00a0<strong>Grupo 1, con 7 unidades. Luego recibir\u00e1 al Barcelona (3 puntos) y\u00a0<\/strong>cerrar\u00e1 su presentaci\u00f3n en esta fase, en M\u00e9xico y contra el\u00a0<strong>Toluca (5)<\/strong>.<\/p>\n<p style=\"text-align: left;\">Los habituales titulares no participaron del \u00faltimo duelo en Santa Fe ante<strong>\u00a0Atl\u00e9tico Rafaela<\/strong>\u00a0por el\u00a0Final, pensando en que esta tarde habr\u00e1 que jugarse todas las fichas a un buen resultado que los reacomode y avive las llamas de ilusi\u00f3n de paso de\u00a0ronda.\u00a0<strong>Carlos Bianchi apuesta fuerte a esta Libertadores, la gran ilusi\u00f3n del pueblo \u201cxeneize\u201d<\/strong>desde que volvi\u00f3 para iniciar su tercer ciclo en el club, lo que se sum\u00f3 al retorno al f\u00fatbol profesional de<strong>\u00a0Juan Rom\u00e1n Riquelme.<\/strong><\/p>\n<p style=\"text-align: left;\">A pesar de que\u00a0<strong>Andr\u00e9s Scotti<\/strong>, quien marc\u00f3 el 1-0 en la\u00a0Bombonera, sali\u00f3 lesionado y parec\u00eda que no iba a ser de la partida, fue confirmado\u00a0<strong>entre los titulares del \u201cBolso\u201d en la defensa. Har\u00e1 dupla centra junto a Pablo \u00c1lvarez<\/strong>, teniendo en cuenta que<strong>Alejandro Lembo<\/strong>\u00a0vio la roja y se ausentar\u00e1 en esta jornada. El resto del equipo de Nacional, se alinear\u00e1 de la misma forma que la semana pasada en Buenos Aires, seg\u00fan prob\u00f3\u00a0<strong>Juan Carlos Blanco<\/strong>\u00a0en las pr\u00e1cticas.<\/p>\n<p style=\"text-align: left;\">Por su parte,\u00a0<strong>el \u201cVirrey\u201d decidi\u00f3 por no hacer viajar a Santiago Silva<\/strong>, quien pas\u00f3 de titular indiscutido a estar en la lista de \u2018borrados\u2019. En tanto, algunos se lo perder\u00e1n por estar lesionados, como\u00a0<strong>Lautaro Acosta<\/strong>, y otros van a arrancar desde el minuto cero a pesar de haber arrastrado molestias que los hac\u00edan mantener en duda:\u00a0<strong>Ribair Rodr\u00edguez, Claudio P\u00e9rez y Walter Erviti.<\/strong>\u00a0Boca, se puede jugar el semestre en este compromiso, ya que puede quedar al borde de la eliminaci\u00f3n y estando a 8 puntos del l\u00edder Lan\u00fas en el certamen local.<\/p>\n<p style=\"text-align: left;\">Desde las\u00a0<strong>19.15<\/strong>\u00a0en el m\u00edtico estadio\u00a0Centenario\u00a0de Montevideo, arbitrar\u00e1 el brasile\u00f1o Paulo C\u00e9sar De Oliveira y televisar\u00e1\u00a0Fox Sports.<\/p>\n<p style=\"text-align: left;\"><strong>Probables formaciones<\/strong>:<\/p>\n<p style=\"text-align: left;\"><strong>Nacional<\/strong>: Jorge Bava; Christian N\u00fa\u00f1ez, Andr\u00e9s Scotti, Pablo \u00c1lvarez, Juan Manuel D\u00edaz; Santiago Romero, Adri\u00e1n Romero, Israel Damonte; Juan Alb\u00edn; Gonzalo Bueno e Iv\u00e1n Alonso.\u00a0<strong>DT<\/strong>: Juan Carlos Blanco<\/p>\n<p style=\"text-align: left;\"><strong>Boca<\/strong>: Agust\u00edn\u00a0Ori\u00f3n;<strong>\u00a0<\/strong>Franco\u00a0Sosa, Claudio\u00a0P\u00e9rez, Guillermo\u00a0Burdisso, Clemente\u00a0Rodr\u00edguez; Ribair\u00a0Rodr\u00edguez, Cristian\u00a0Erbes, Walter Erviti; Juan Rom\u00e1n\u00a0Riquelme; Juan Manuel\u00a0Mart\u00ednez\u00a0y Lucas\u00a0Viatri.<strong>\u00a0DT:\u00a0<\/strong>Carlos Bianchi<em id=\"__mceDel\"><em id=\"__mceDel\"><em id=\"__mceDel\"><strong><\/strong><\/em><\/em><\/em><\/p>\n<p><strong>Estadio:\u00a0<\/strong>Centenario (Montevideo)<strong><\/strong><\/p>\n<p>\u00c1rbitro:\u00a0Paulo C\u00e9sar De Oliveira (Brasil)<strong><\/strong><\/p>\n<p>Hora:\u00a019.15<strong><\/strong><\/p>\n<p>Televisar\u00e1:\u00a0Fox Sports<\/p>\n<p style=\"text-align: left;\">Fuente: Playf\u00fatbol.<\/p>\n","protected":false},"excerpt":{"rendered":"<p>Desde las&nbsp;19.15&nbsp;en el estadio&nbsp;Centenario&nbsp;de Montevideo,&nbsp;el &ldquo;Xeneize&rdquo; afrontar&aacute; una cita que puede marcar un punto de inflexi&oacute;n en el semestre. Frente al &ldquo;Bolso&rdquo;, que viene de derrotarlo en la&nbsp;Bombonera&nbsp;y es l&iacute;der del Grupo 1 de la Copa, deber&aacute; sacar &lsquo;chapa&rsquo; y sumar en un complicado reducto, ya que de lo contrario,&nbsp;se podr&iacute;an comprometer seriamente sus chances [&hellip;]<\/p>\n","protected":false},"author":2,"featured_media":0,"comment_status":"open","ping_status":"open","sticky":false,"template":"","format":"standard","meta":{"fifu_image_url":"","fifu_image_alt":"","footnotes":""},"categories":[13],"tags":[],"class_list":{"0":"post-224","1":"post","2":"type-post","3":"status-publish","4":"format-standard","6":"category-deportes"},"yoast_head":"<title>Libertadores: all\u00e1, con Nacional, Boca necesita no perder para mantener intacta su ilusi\u00f3n - Informe Litoral<\/title>\n<meta name=\"robots\" content=\"index, follow, max-snippet:-1, max-image-preview:large, max-video-preview:-1\" \/>\n<link rel=\"canonical\" href=\"https:\/\/informelitoral.com.ar\/libertadores-alla-con-nacional-boca-necesita-no-perder-para-mantener-intacta-su-ilusion\/\" \/>\n<meta property=\"og:locale\" content=\"es_ES\" \/>\n<meta property=\"og:type\" content=\"article\" \/>\n<meta property=\"og:title\" content=\"Libertadores: all\u00e1, con Nacional, Boca necesita no perder para mantener intacta su ilusi\u00f3n - Informe Litoral\" \/>\n<meta property=\"og:description\" content=\"Desde las&nbsp;19.15&nbsp;en el estadio&nbsp;Centenario&nbsp;de Montevideo,&nbsp;el &ldquo;Xeneize&rdquo; afrontar&aacute; una cita que puede marcar un punto de inflexi&oacute;n en el semestre. Frente al &ldquo;Bolso&rdquo;, que viene de derrotarlo en la&nbsp;Bombonera&nbsp;y es l&iacute;der del Grupo 1 de la Copa, deber&aacute; sacar &lsquo;chapa&rsquo; y sumar en un complicado reducto, ya que de lo contrario,&nbsp;se podr&iacute;an comprometer seriamente sus chances [&hellip;]\" \/>\n<meta property=\"og:url\" content=\"https:\/\/informelitoral.com.ar\/libertadores-alla-con-nacional-boca-necesita-no-perder-para-mantener-intacta-su-ilusion\/\" \/>\n<meta property=\"og:site_name\" content=\"Informe Litoral\" \/>\n<meta property=\"article:publisher\" content=\"https:\/\/www.facebook.com\/informelitoral\/\" \/>\n<meta property=\"article:published_time\" content=\"2013-03-14T13:53:38+00:00\" \/>\n<meta property=\"article:modified_time\" content=\"2013-03-14T13:53:51+00:00\" \/>\n<meta property=\"og:image\" content=\"https:\/\/informelitoral.com.ar\/%77%70%2d%63%6f%6e%74%65%6e%74\/uploads\/2013\/03\/bocas.jpg\" \/>\n\t<meta property=\"og:image:width\" content=\"600\" \/>\n\t<meta property=\"og:image:height\" content=\"450\" \/>\n\t<meta property=\"og:image:type\" content=\"image\/jpeg\" \/>\n<meta name=\"author\" content=\"Gonzalo Schmidt\" \/>\n<meta name=\"twitter:card\" content=\"summary_large_image\" \/>\n<meta name=\"twitter:creator\" content=\"@InformeLitoral\" \/>\n<meta name=\"twitter:site\" content=\"@InformeLitoral\" \/>\n<meta name=\"twitter:label1\" content=\"Escrito por\" \/>\n\t<meta name=\"twitter:data1\" content=\"Gonzalo Schmidt\" \/>\n\t<meta name=\"twitter:label2\" content=\"Tiempo de lectura\" \/>\n\t<meta name=\"twitter:data2\" content=\"3 minutos\" \/>\n<script type=\"application\/ld+json\" class=\"yoast-schema-graph\">{\"@context\":\"https:\\\/\\\/schema.org\",\"@graph\":[{\"@type\":\"Article\",\"@id\":\"https:\\\/\\\/informelitoral.com.ar\\\/libertadores-alla-con-nacional-boca-necesita-no-perder-para-mantener-intacta-su-ilusion\\\/#article\",\"isPartOf\":{\"@id\":\"https:\\\/\\\/informelitoral.com.ar\\\/libertadores-alla-con-nacional-boca-necesita-no-perder-para-mantener-intacta-su-ilusion\\\/\"},\"author\":{\"name\":\"Gonzalo Schmidt\",\"@id\":\"https:\\\/\\\/informelitoral.com.ar\\\/#\\\/schema\\\/person\\\/b9d00407c836482871ef1d57bf8e3180\"},\"headline\":\"Libertadores: all\u00e1, con Nacional, Boca necesita no perder para mantener intacta su ilusi\u00f3n\",\"datePublished\":\"2013-03-14T13:53:38+00:00\",\"dateModified\":\"2013-03-14T13:53:51+00:00\",\"mainEntityOfPage\":{\"@id\":\"https:\\\/\\\/informelitoral.com.ar\\\/libertadores-alla-con-nacional-boca-necesita-no-perder-para-mantener-intacta-su-ilusion\\\/\"},\"wordCount\":596,\"commentCount\":0,\"publisher\":{\"@id\":\"https:\\\/\\\/informelitoral.com.ar\\\/#organization\"},\"image\":{\"@id\":\"https:\\\/\\\/informelitoral.com.ar\\\/libertadores-alla-con-nacional-boca-necesita-no-perder-para-mantener-intacta-su-ilusion\\\/#primaryimage\"},\"thumbnailUrl\":\"http:\\\/\\\/www.isletasnoticias.com.ar\\\/%77%70%2d%63%6f%6e%74%65%6e%74\\\/uploads\\\/2013\\\/03\\\/bocas-300x225.jpg\",\"articleSection\":[\"Deportes\"],\"inLanguage\":\"es\",\"potentialAction\":[{\"@type\":\"CommentAction\",\"name\":\"Comment\",\"target\":[\"https:\\\/\\\/informelitoral.com.ar\\\/libertadores-alla-con-nacional-boca-necesita-no-perder-para-mantener-intacta-su-ilusion\\\/#respond\"]}]},{\"@type\":\"WebPage\",\"@id\":\"https:\\\/\\\/informelitoral.com.ar\\\/libertadores-alla-con-nacional-boca-necesita-no-perder-para-mantener-intacta-su-ilusion\\\/\",\"url\":\"https:\\\/\\\/informelitoral.com.ar\\\/libertadores-alla-con-nacional-boca-necesita-no-perder-para-mantener-intacta-su-ilusion\\\/\",\"name\":\"Libertadores: all\u00e1, con Nacional, Boca necesita no perder para mantener intacta su ilusi\u00f3n - Informe Litoral\",\"isPartOf\":{\"@id\":\"https:\\\/\\\/informelitoral.com.ar\\\/#website\"},\"primaryImageOfPage\":{\"@id\":\"https:\\\/\\\/informelitoral.com.ar\\\/libertadores-alla-con-nacional-boca-necesita-no-perder-para-mantener-intacta-su-ilusion\\\/#primaryimage\"},\"image\":{\"@id\":\"https:\\\/\\\/informelitoral.com.ar\\\/libertadores-alla-con-nacional-boca-necesita-no-perder-para-mantener-intacta-su-ilusion\\\/#primaryimage\"},\"thumbnailUrl\":\"http:\\\/\\\/www.isletasnoticias.com.ar\\\/%77%70%2d%63%6f%6e%74%65%6e%74\\\/uploads\\\/2013\\\/03\\\/bocas-300x225.jpg\",\"datePublished\":\"2013-03-14T13:53:38+00:00\",\"dateModified\":\"2013-03-14T13:53:51+00:00\",\"breadcrumb\":{\"@id\":\"https:\\\/\\\/informelitoral.com.ar\\\/libertadores-alla-con-nacional-boca-necesita-no-perder-para-mantener-intacta-su-ilusion\\\/#breadcrumb\"},\"inLanguage\":\"es\",\"potentialAction\":[{\"@type\":\"ReadAction\",\"target\":[\"https:\\\/\\\/informelitoral.com.ar\\\/libertadores-alla-con-nacional-boca-necesita-no-perder-para-mantener-intacta-su-ilusion\\\/\"]}]},{\"@type\":\"ImageObject\",\"inLanguage\":\"es\",\"@id\":\"https:\\\/\\\/informelitoral.com.ar\\\/libertadores-alla-con-nacional-boca-necesita-no-perder-para-mantener-intacta-su-ilusion\\\/#primaryimage\",\"url\":\"http:\\\/\\\/www.isletasnoticias.com.ar\\\/%77%70%2d%63%6f%6e%74%65%6e%74\\\/uploads\\\/2013\\\/03\\\/bocas-300x225.jpg\",\"contentUrl\":\"http:\\\/\\\/www.isletasnoticias.com.ar\\\/%77%70%2d%63%6f%6e%74%65%6e%74\\\/uploads\\\/2013\\\/03\\\/bocas-300x225.jpg\"},{\"@type\":\"BreadcrumbList\",\"@id\":\"https:\\\/\\\/informelitoral.com.ar\\\/libertadores-alla-con-nacional-boca-necesita-no-perder-para-mantener-intacta-su-ilusion\\\/#breadcrumb\",\"itemListElement\":[{\"@type\":\"ListItem\",\"position\":1,\"name\":\"Portada\",\"item\":\"https:\\\/\\\/informelitoral.com.ar\\\/\"},{\"@type\":\"ListItem\",\"position\":2,\"name\":\"Libertadores: all\u00e1, con Nacional, Boca necesita no perder para mantener intacta su ilusi\u00f3n\"}]},{\"@type\":\"WebSite\",\"@id\":\"https:\\\/\\\/informelitoral.com.ar\\\/#website\",\"url\":\"https:\\\/\\\/informelitoral.com.ar\\\/\",\"name\":\"Informe Litoral\",\"description\":\"&quot;Nos informamos&quot; \",\"publisher\":{\"@id\":\"https:\\\/\\\/informelitoral.com.ar\\\/#organization\"},\"potentialAction\":[{\"@type\":\"SearchAction\",\"target\":{\"@type\":\"EntryPoint\",\"urlTemplate\":\"https:\\\/\\\/informelitoral.com.ar\\\/?s={search_term_string}\"},\"query-input\":{\"@type\":\"PropertyValueSpecification\",\"valueRequired\":true,\"valueName\":\"search_term_string\"}}],\"inLanguage\":\"es\"},{\"@type\":\"Organization\",\"@id\":\"https:\\\/\\\/informelitoral.com.ar\\\/#organization\",\"name\":\"Informe Litoral\",\"url\":\"https:\\\/\\\/informelitoral.com.ar\\\/\",\"logo\":{\"@type\":\"ImageObject\",\"inLanguage\":\"es\",\"@id\":\"https:\\\/\\\/informelitoral.com.ar\\\/#\\\/schema\\\/logo\\\/image\\\/\",\"url\":\"https:\\\/\\\/informelitoral.com.ar\\\/%77%70%2d%63%6f%6e%74%65%6e%74\\\/uploads\\\/2021\\\/01\\\/circulo.png\",\"contentUrl\":\"https:\\\/\\\/informelitoral.com.ar\\\/%77%70%2d%63%6f%6e%74%65%6e%74\\\/uploads\\\/2021\\\/01\\\/circulo.png\",\"width\":723,\"height\":731,\"caption\":\"Informe Litoral\"},\"image\":{\"@id\":\"https:\\\/\\\/informelitoral.com.ar\\\/#\\\/schema\\\/logo\\\/image\\\/\"},\"sameAs\":[\"https:\\\/\\\/www.facebook.com\\\/informelitoral\\\/\",\"https:\\\/\\\/x.com\\\/InformeLitoral\",\"https:\\\/\\\/www.instagram.com\\\/informelitoral\\\/\",\"https:\\\/\\\/www.youtube.com\\\/channel\\\/UCua4Qvz8Icb6MYqhoq9xLXw\"]},{\"@type\":\"Person\",\"@id\":\"https:\\\/\\\/informelitoral.com.ar\\\/#\\\/schema\\\/person\\\/b9d00407c836482871ef1d57bf8e3180\",\"name\":\"Gonzalo Schmidt\",\"image\":{\"@type\":\"ImageObject\",\"inLanguage\":\"es\",\"@id\":\"https:\\\/\\\/secure.gravatar.com\\\/avatar\\\/31a1a7b66ff2de83bd0e9fd79d026630d2d99e55e8bfe501287647b4fd9743de?s=96&d=mm&r=g\",\"url\":\"https:\\\/\\\/secure.gravatar.com\\\/avatar\\\/31a1a7b66ff2de83bd0e9fd79d026630d2d99e55e8bfe501287647b4fd9743de?s=96&d=mm&r=g\",\"contentUrl\":\"https:\\\/\\\/secure.gravatar.com\\\/avatar\\\/31a1a7b66ff2de83bd0e9fd79d026630d2d99e55e8bfe501287647b4fd9743de?s=96&d=mm&r=g\",\"caption\":\"Gonzalo Schmidt\"},\"description\":\"Sitio web de noticias de la provincia de Entre R\u00edos, Argentina. Informaci\u00f3n y entretenimiento. Informe Litoral, nos informamos.\",\"sameAs\":[\"http:\\\/\\\/www.isletasnoticias.com.ar\"],\"url\":\"https:\\\/\\\/informelitoral.com.ar\\\/author\\\/gonzalo\\\/\"}]}<\/script>","yoast_head_json":{"title":"Libertadores: all\u00e1, con Nacional, Boca necesita no perder para mantener intacta su ilusi\u00f3n - Informe Litoral","robots":{"index":"index","follow":"follow","max-snippet":"max-snippet:-1","max-image-preview":"max-image-preview:large","max-video-preview":"max-video-preview:-1"},"canonical":"https:\/\/informelitoral.com.ar\/libertadores-alla-con-nacional-boca-necesita-no-perder-para-mantener-intacta-su-ilusion\/","og_locale":"es_ES","og_type":"article","og_title":"Libertadores: all\u00e1, con Nacional, Boca necesita no perder para mantener intacta su ilusi\u00f3n - Informe Litoral","og_description":"Desde las&nbsp;19.15&nbsp;en el estadio&nbsp;Centenario&nbsp;de Montevideo,&nbsp;el &ldquo;Xeneize&rdquo; afrontar&aacute; una cita que puede marcar un punto de inflexi&oacute;n en el semestre. Frente al &ldquo;Bolso&rdquo;, que viene de derrotarlo en la&nbsp;Bombonera&nbsp;y es l&iacute;der del Grupo 1 de la Copa, deber&aacute; sacar &lsquo;chapa&rsquo; y sumar en un complicado reducto, ya que de lo contrario,&nbsp;se podr&iacute;an comprometer seriamente sus chances [&hellip;]","og_url":"https:\/\/informelitoral.com.ar\/libertadores-alla-con-nacional-boca-necesita-no-perder-para-mantener-intacta-su-ilusion\/","og_site_name":"Informe Litoral","article_publisher":"https:\/\/www.facebook.com\/informelitoral\/","article_published_time":"2013-03-14T13:53:38+00:00","article_modified_time":"2013-03-14T13:53:51+00:00","og_image":[{"width":600,"height":450,"url":"https:\/\/informelitoral.com.ar\/%77%70%2d%63%6f%6e%74%65%6e%74\/uploads\/2013\/03\/bocas.jpg","type":"image\/jpeg"}],"author":"Gonzalo Schmidt","twitter_card":"summary_large_image","twitter_creator":"@InformeLitoral","twitter_site":"@InformeLitoral","twitter_misc":{"Escrito por":"Gonzalo Schmidt","Tiempo de lectura":"3 minutos"},"schema":{"@context":"https:\/\/schema.org","@graph":[{"@type":"Article","@id":"https:\/\/informelitoral.com.ar\/libertadores-alla-con-nacional-boca-necesita-no-perder-para-mantener-intacta-su-ilusion\/#article","isPartOf":{"@id":"https:\/\/informelitoral.com.ar\/libertadores-alla-con-nacional-boca-necesita-no-perder-para-mantener-intacta-su-ilusion\/"},"author":{"name":"Gonzalo Schmidt","@id":"https:\/\/informelitoral.com.ar\/#\/schema\/person\/b9d00407c836482871ef1d57bf8e3180"},"headline":"Libertadores: all\u00e1, con Nacional, Boca necesita no perder para mantener intacta su ilusi\u00f3n","datePublished":"2013-03-14T13:53:38+00:00","dateModified":"2013-03-14T13:53:51+00:00","mainEntityOfPage":{"@id":"https:\/\/informelitoral.com.ar\/libertadores-alla-con-nacional-boca-necesita-no-perder-para-mantener-intacta-su-ilusion\/"},"wordCount":596,"commentCount":0,"publisher":{"@id":"https:\/\/informelitoral.com.ar\/#organization"},"image":{"@id":"https:\/\/informelitoral.com.ar\/libertadores-alla-con-nacional-boca-necesita-no-perder-para-mantener-intacta-su-ilusion\/#primaryimage"},"thumbnailUrl":"http:\/\/www.isletasnoticias.com.ar\/%77%70%2d%63%6f%6e%74%65%6e%74\/uploads\/2013\/03\/bocas-300x225.jpg","articleSection":["Deportes"],"inLanguage":"es","potentialAction":[{"@type":"CommentAction","name":"Comment","target":["https:\/\/informelitoral.com.ar\/libertadores-alla-con-nacional-boca-necesita-no-perder-para-mantener-intacta-su-ilusion\/#respond"]}]},{"@type":"WebPage","@id":"https:\/\/informelitoral.com.ar\/libertadores-alla-con-nacional-boca-necesita-no-perder-para-mantener-intacta-su-ilusion\/","url":"https:\/\/informelitoral.com.ar\/libertadores-alla-con-nacional-boca-necesita-no-perder-para-mantener-intacta-su-ilusion\/","name":"Libertadores: all\u00e1, con Nacional, Boca necesita no perder para mantener intacta su ilusi\u00f3n - Informe Litoral","isPartOf":{"@id":"https:\/\/informelitoral.com.ar\/#website"},"primaryImageOfPage":{"@id":"https:\/\/informelitoral.com.ar\/libertadores-alla-con-nacional-boca-necesita-no-perder-para-mantener-intacta-su-ilusion\/#primaryimage"},"image":{"@id":"https:\/\/informelitoral.com.ar\/libertadores-alla-con-nacional-boca-necesita-no-perder-para-mantener-intacta-su-ilusion\/#primaryimage"},"thumbnailUrl":"http:\/\/www.isletasnoticias.com.ar\/%77%70%2d%63%6f%6e%74%65%6e%74\/uploads\/2013\/03\/bocas-300x225.jpg","datePublished":"2013-03-14T13:53:38+00:00","dateModified":"2013-03-14T13:53:51+00:00","breadcrumb":{"@id":"https:\/\/informelitoral.com.ar\/libertadores-alla-con-nacional-boca-necesita-no-perder-para-mantener-intacta-su-ilusion\/#breadcrumb"},"inLanguage":"es","potentialAction":[{"@type":"ReadAction","target":["https:\/\/informelitoral.com.ar\/libertadores-alla-con-nacional-boca-necesita-no-perder-para-mantener-intacta-su-ilusion\/"]}]},{"@type":"ImageObject","inLanguage":"es","@id":"https:\/\/informelitoral.com.ar\/libertadores-alla-con-nacional-boca-necesita-no-perder-para-mantener-intacta-su-ilusion\/#primaryimage","url":"http:\/\/www.isletasnoticias.com.ar\/%77%70%2d%63%6f%6e%74%65%6e%74\/uploads\/2013\/03\/bocas-300x225.jpg","contentUrl":"http:\/\/www.isletasnoticias.com.ar\/%77%70%2d%63%6f%6e%74%65%6e%74\/uploads\/2013\/03\/bocas-300x225.jpg"},{"@type":"BreadcrumbList","@id":"https:\/\/informelitoral.com.ar\/libertadores-alla-con-nacional-boca-necesita-no-perder-para-mantener-intacta-su-ilusion\/#breadcrumb","itemListElement":[{"@type":"ListItem","position":1,"name":"Portada","item":"https:\/\/informelitoral.com.ar\/"},{"@type":"ListItem","position":2,"name":"Libertadores: all\u00e1, con Nacional, Boca necesita no perder para mantener intacta su ilusi\u00f3n"}]},{"@type":"WebSite","@id":"https:\/\/informelitoral.com.ar\/#website","url":"https:\/\/informelitoral.com.ar\/","name":"Informe Litoral","description":"&quot;Nos informamos&quot; ","publisher":{"@id":"https:\/\/informelitoral.com.ar\/#organization"},"potentialAction":[{"@type":"SearchAction","target":{"@type":"EntryPoint","urlTemplate":"https:\/\/informelitoral.com.ar\/?s={search_term_string}"},"query-input":{"@type":"PropertyValueSpecification","valueRequired":true,"valueName":"search_term_string"}}],"inLanguage":"es"},{"@type":"Organization","@id":"https:\/\/informelitoral.com.ar\/#organization","name":"Informe Litoral","url":"https:\/\/informelitoral.com.ar\/","logo":{"@type":"ImageObject","inLanguage":"es","@id":"https:\/\/informelitoral.com.ar\/#\/schema\/logo\/image\/","url":"https:\/\/informelitoral.com.ar\/%77%70%2d%63%6f%6e%74%65%6e%74\/uploads\/2021\/01\/circulo.png","contentUrl":"https:\/\/informelitoral.com.ar\/%77%70%2d%63%6f%6e%74%65%6e%74\/uploads\/2021\/01\/circulo.png","width":723,"height":731,"caption":"Informe Litoral"},"image":{"@id":"https:\/\/informelitoral.com.ar\/#\/schema\/logo\/image\/"},"sameAs":["https:\/\/www.facebook.com\/informelitoral\/","https:\/\/x.com\/InformeLitoral","https:\/\/www.instagram.com\/informelitoral\/","https:\/\/www.youtube.com\/channel\/UCua4Qvz8Icb6MYqhoq9xLXw"]},{"@type":"Person","@id":"https:\/\/informelitoral.com.ar\/#\/schema\/person\/b9d00407c836482871ef1d57bf8e3180","name":"Gonzalo Schmidt","image":{"@type":"ImageObject","inLanguage":"es","@id":"https:\/\/secure.gravatar.com\/avatar\/31a1a7b66ff2de83bd0e9fd79d026630d2d99e55e8bfe501287647b4fd9743de?s=96&d=mm&r=g","url":"https:\/\/secure.gravatar.com\/avatar\/31a1a7b66ff2de83bd0e9fd79d026630d2d99e55e8bfe501287647b4fd9743de?s=96&d=mm&r=g","contentUrl":"https:\/\/secure.gravatar.com\/avatar\/31a1a7b66ff2de83bd0e9fd79d026630d2d99e55e8bfe501287647b4fd9743de?s=96&d=mm&r=g","caption":"Gonzalo Schmidt"},"description":"Sitio web de noticias de la provincia de Entre R\u00edos, Argentina. Informaci\u00f3n y entretenimiento. Informe Litoral, nos informamos.","sameAs":["http:\/\/www.isletasnoticias.com.ar"],"url":"https:\/\/informelitoral.com.ar\/author\/gonzalo\/"}]}},"_links":{"self":[{"href":"https:\/\/informelitoral.com.ar\/%77%70%2d%6a%73%6f%6e\/wp\/v2\/posts\/224","targetHints":{"allow":["GET"]}}],"collection":[{"href":"https:\/\/informelitoral.com.ar\/%77%70%2d%6a%73%6f%6e\/wp\/v2\/posts"}],"about":[{"href":"https:\/\/informelitoral.com.ar\/%77%70%2d%6a%73%6f%6e\/wp\/v2\/types\/post"}],"author":[{"embeddable":true,"href":"https:\/\/informelitoral.com.ar\/%77%70%2d%6a%73%6f%6e\/wp\/v2\/users\/2"}],"replies":[{"embeddable":true,"href":"https:\/\/informelitoral.com.ar\/%77%70%2d%6a%73%6f%6e\/wp\/v2\/comments?post=224"}],"version-history":[{"count":0,"href":"https:\/\/informelitoral.com.ar\/%77%70%2d%6a%73%6f%6e\/wp\/v2\/posts\/224\/revisions"}],"wp:attachment":[{"href":"https:\/\/informelitoral.com.ar\/%77%70%2d%6a%73%6f%6e\/wp\/v2\/media?parent=224"}],"wp:term":[{"taxonomy":"category","embeddable":true,"href":"https:\/\/informelitoral.com.ar\/%77%70%2d%6a%73%6f%6e\/wp\/v2\/categories?post=224"},{"taxonomy":"post_tag","embeddable":true,"href":"https:\/\/informelitoral.com.ar\/%77%70%2d%6a%73%6f%6e\/wp\/v2\/tags?post=224"}],"curies":[{"name":"wp","href":"https:\/\/api.w.org\/{rel}","templated":true}]}}