{"id":223818,"date":"2025-06-11T08:56:45","date_gmt":"2025-06-11T11:56:45","guid":{"rendered":"https:\/\/informelitoral.com.ar\/?p=223818"},"modified":"2025-06-11T08:56:45","modified_gmt":"2025-06-11T11:56:45","slug":"apicultura-caracterizan-un-virus-que-afecta-a-las-abejas","status":"publish","type":"post","link":"https:\/\/informelitoral.com.ar\/apicultura-caracterizan-un-virus-que-afecta-a-las-abejas\/","title":{"rendered":"Apicultura: caracterizan un virus que afecta a las abejas"},"content":{"rendered":"<div class=\"wrapper\"><\/div>\n<div class=\"wrapper\">\n<div class=\"row\">\n<section class=\"col-md-9 detalleNota\">\n<article class=\"nota\">\n<p class=\"copete\">Se trata del virus de las alas deformadas, un pat\u00f3geno de relevancia a escala mundial debido a su alta prevalencia en los apiarios, que puede causar graves da\u00f1os a las abejas y ocasionar la perdida de las unidades productivas. Un equipo de investigadores del Instituto de Virolog\u00eda del INTA logr\u00f3 detectar y estudiar en detalle la presencia de este virus en<\/p>\n<div class=\"col-xs-12  col-sm-12 \">\n<p>La apicultura es una actividad con gran impacto en las econom\u00edas locales de 22 provincias argentinas. Por esto, un equipo de especialistas del INTA estudia los virus que pueden afectar a las abejas. Como parte de los proyectos llevados a cabo por el Instituto de Virolog\u00eda \u2014del Centro de Investigaci\u00f3n en Ciencias Veterinarias y Agron\u00f3micas\u2014, y en el marco de los proyectos del Programa Ap\u00edcola Nacional, se realiz\u00f3 un estudio para caracterizar la presencia del virus de alas deformadas (DWV, por su sigla en ingl\u00e9s) en apiarios destinados a la producci\u00f3n de miel.<\/p>\n<p>La presencia del virus se asocia con la aparici\u00f3n de abejas con alas deformadas y con la reducci\u00f3n en su expectativa de vida. \u201cSi la infecci\u00f3n no es controlada puede provocar una disminuci\u00f3n progresiva en la poblaci\u00f3n de la colonia hasta su colapso total, lo que genera un impacto negativo en la apicultura, debido a la p\u00e9rdida de unidades productivas\u201d, se\u00f1al\u00f3 Fernanda Gonz\u00e1lez, especialista del Instituto de Virolog\u00eda.<\/p>\n<p>El trabajo se realiz\u00f3 en la provincia de Entre R\u00edos, una de las principales zonas productoras de miel del pa\u00eds. All\u00ed, los investigadores analizaron 145 colmenas ubicadas en distintas regiones, apiarios ubicados en zonas destinadas al monocultivo de citrus y eucaliptus, y zonas con una floraci\u00f3n de pradera \u2014regiones donde se implementa el manejo ap\u00edcola migratorio o estacionario, respectivamente\u2014.<\/p>\n<picture><source srcset=\"https:\/\/intainforma.inta.gob.ar\/%77%70%2d%63%6f%6e%74%65%6e%74\/uploads\/5-47.jpg.webp 1600w, https:\/\/intainforma.inta.gob.ar\/%77%70%2d%63%6f%6e%74%65%6e%74\/uploads\/5-47-218x146.jpg.webp 218w, https:\/\/intainforma.inta.gob.ar\/%77%70%2d%63%6f%6e%74%65%6e%74\/uploads\/5-47-1024x685.jpg.webp 1024w, https:\/\/intainforma.inta.gob.ar\/%77%70%2d%63%6f%6e%74%65%6e%74\/uploads\/5-47-768x514.jpg.webp 768w, https:\/\/intainforma.inta.gob.ar\/%77%70%2d%63%6f%6e%74%65%6e%74\/uploads\/5-47-1536x1027.jpg.webp 1536w\" type=\"image\/webp\" sizes=\"850px\" data-srcset=\"https:\/\/intainforma.inta.gob.ar\/%77%70%2d%63%6f%6e%74%65%6e%74\/uploads\/5-47.jpg.webp 1600w, https:\/\/intainforma.inta.gob.ar\/%77%70%2d%63%6f%6e%74%65%6e%74\/uploads\/5-47-218x146.jpg.webp 218w, https:\/\/intainforma.inta.gob.ar\/%77%70%2d%63%6f%6e%74%65%6e%74\/uploads\/5-47-1024x685.jpg.webp 1024w, https:\/\/intainforma.inta.gob.ar\/%77%70%2d%63%6f%6e%74%65%6e%74\/uploads\/5-47-768x514.jpg.webp 768w, https:\/\/intainforma.inta.gob.ar\/%77%70%2d%63%6f%6e%74%65%6e%74\/uploads\/5-47-1536x1027.jpg.webp 1536w\" \/><img loading=\"lazy\" decoding=\"async\" class=\"alignnone wp-image-1278503 size-full lazyautosizes ls-is-cached lazyloaded\" src=\"https:\/\/intainforma.inta.gob.ar\/%77%70%2d%63%6f%6e%74%65%6e%74\/uploads\/5-47.jpg\" sizes=\"auto, 850px\" srcset=\"https:\/\/intainforma.inta.gob.ar\/%77%70%2d%63%6f%6e%74%65%6e%74\/uploads\/5-47.jpg 1600w, https:\/\/intainforma.inta.gob.ar\/%77%70%2d%63%6f%6e%74%65%6e%74\/uploads\/5-47-218x146.jpg 218w, https:\/\/intainforma.inta.gob.ar\/%77%70%2d%63%6f%6e%74%65%6e%74\/uploads\/5-47-1024x685.jpg 1024w, https:\/\/intainforma.inta.gob.ar\/%77%70%2d%63%6f%6e%74%65%6e%74\/uploads\/5-47-768x514.jpg 768w, https:\/\/intainforma.inta.gob.ar\/%77%70%2d%63%6f%6e%74%65%6e%74\/uploads\/5-47-1536x1027.jpg 1536w\" alt=\"\" width=\"1600\" height=\"1070\" data-eio=\"p\" data-src=\"https:\/\/intainforma.inta.gob.ar\/%77%70%2d%63%6f%6e%74%65%6e%74\/uploads\/5-47.jpg\" data-srcset=\"https:\/\/intainforma.inta.gob.ar\/%77%70%2d%63%6f%6e%74%65%6e%74\/uploads\/5-47.jpg 1600w, https:\/\/intainforma.inta.gob.ar\/%77%70%2d%63%6f%6e%74%65%6e%74\/uploads\/5-47-218x146.jpg 218w, https:\/\/intainforma.inta.gob.ar\/%77%70%2d%63%6f%6e%74%65%6e%74\/uploads\/5-47-1024x685.jpg 1024w, https:\/\/intainforma.inta.gob.ar\/%77%70%2d%63%6f%6e%74%65%6e%74\/uploads\/5-47-768x514.jpg 768w, https:\/\/intainforma.inta.gob.ar\/%77%70%2d%63%6f%6e%74%65%6e%74\/uploads\/5-47-1536x1027.jpg 1536w\" data-sizes=\"auto\" data-eio-rwidth=\"1600\" data-eio-rheight=\"1070\" \/><\/picture>\n<p>\u201cFue posible detectar la presencia del virus en colmenas que implementaron ambos tipos de manejo, estacionario y migratorio, sin registrar p\u00e9rdidas de colonias durante los muestreos\u201d, indic\u00f3 Gonz\u00e1lez. Adem\u00e1s, se clasific\u00f3 la fortaleza de las colmenas seg\u00fan su tama\u00f1o de la poblaci\u00f3n (fuerte, medias y d\u00e9biles).<\/p>\n<p>\u201cEl virus de las alas deformadas o DWV se detect\u00f3 en el 62,06 % de las colonias, es decir, 90 de 145 fueron positivas a esta infecci\u00f3n\u201d, afirm\u00f3 el investigador, quien agreg\u00f3 que \u201cla mayor prevalencia ocurri\u00f3 al inicio de la temporada en colmenas migratorias, con un 86,2 % de positivas, donde adem\u00e1s el 37,9 % fueron clasificadas como d\u00e9biles\u201d. Y, en contraste, \u201clos apiarios estacionarios solo presentaron colmenas fuertes o medias, con un 44,11 % de positividad para DWV\u201d.<\/p>\n<p>De acuerdo con Gonz\u00e1lez, el virus DWV puede transmitirse de muchas formas: desde la reina a sus cr\u00edas, entre abejas adultas o a trav\u00e9s de par\u00e1sitos como el \u00e1caro\u00a0<em>Varroa destructor<\/em>, que tambi\u00e9n fue analizado durante el estudio. En condiciones saludables, las abejas pueden convivir con el virus sin mostrar s\u00edntomas, pero si hay estr\u00e9s, mala alimentaci\u00f3n o infestaciones del \u00e1caro, los efectos pueden ser muy graves.<\/p>\n<picture><source srcset=\"https:\/\/intainforma.inta.gob.ar\/%77%70%2d%63%6f%6e%74%65%6e%74\/uploads\/4-102.jpg.webp 1600w, https:\/\/intainforma.inta.gob.ar\/%77%70%2d%63%6f%6e%74%65%6e%74\/uploads\/4-102-218x146.jpg.webp 218w, https:\/\/intainforma.inta.gob.ar\/%77%70%2d%63%6f%6e%74%65%6e%74\/uploads\/4-102-1024x685.jpg.webp 1024w, https:\/\/intainforma.inta.gob.ar\/%77%70%2d%63%6f%6e%74%65%6e%74\/uploads\/4-102-768x514.jpg.webp 768w, https:\/\/intainforma.inta.gob.ar\/%77%70%2d%63%6f%6e%74%65%6e%74\/uploads\/4-102-1536x1027.jpg.webp 1536w\" type=\"image\/webp\" sizes=\"850px\" data-srcset=\"https:\/\/intainforma.inta.gob.ar\/%77%70%2d%63%6f%6e%74%65%6e%74\/uploads\/4-102.jpg.webp 1600w, https:\/\/intainforma.inta.gob.ar\/%77%70%2d%63%6f%6e%74%65%6e%74\/uploads\/4-102-218x146.jpg.webp 218w, https:\/\/intainforma.inta.gob.ar\/%77%70%2d%63%6f%6e%74%65%6e%74\/uploads\/4-102-1024x685.jpg.webp 1024w, https:\/\/intainforma.inta.gob.ar\/%77%70%2d%63%6f%6e%74%65%6e%74\/uploads\/4-102-768x514.jpg.webp 768w, https:\/\/intainforma.inta.gob.ar\/%77%70%2d%63%6f%6e%74%65%6e%74\/uploads\/4-102-1536x1027.jpg.webp 1536w\" \/><img loading=\"lazy\" decoding=\"async\" class=\"alignnone wp-image-1278502 size-full lazyautosizes ls-is-cached lazyloaded\" src=\"https:\/\/intainforma.inta.gob.ar\/%77%70%2d%63%6f%6e%74%65%6e%74\/uploads\/4-102.jpg\" sizes=\"auto, 850px\" srcset=\"https:\/\/intainforma.inta.gob.ar\/%77%70%2d%63%6f%6e%74%65%6e%74\/uploads\/4-102.jpg 1600w, https:\/\/intainforma.inta.gob.ar\/%77%70%2d%63%6f%6e%74%65%6e%74\/uploads\/4-102-218x146.jpg 218w, https:\/\/intainforma.inta.gob.ar\/%77%70%2d%63%6f%6e%74%65%6e%74\/uploads\/4-102-1024x685.jpg 1024w, https:\/\/intainforma.inta.gob.ar\/%77%70%2d%63%6f%6e%74%65%6e%74\/uploads\/4-102-768x514.jpg 768w, https:\/\/intainforma.inta.gob.ar\/%77%70%2d%63%6f%6e%74%65%6e%74\/uploads\/4-102-1536x1027.jpg 1536w\" alt=\"\" width=\"1600\" height=\"1070\" data-eio=\"p\" data-src=\"https:\/\/intainforma.inta.gob.ar\/%77%70%2d%63%6f%6e%74%65%6e%74\/uploads\/4-102.jpg\" data-srcset=\"https:\/\/intainforma.inta.gob.ar\/%77%70%2d%63%6f%6e%74%65%6e%74\/uploads\/4-102.jpg 1600w, https:\/\/intainforma.inta.gob.ar\/%77%70%2d%63%6f%6e%74%65%6e%74\/uploads\/4-102-218x146.jpg 218w, https:\/\/intainforma.inta.gob.ar\/%77%70%2d%63%6f%6e%74%65%6e%74\/uploads\/4-102-1024x685.jpg 1024w, https:\/\/intainforma.inta.gob.ar\/%77%70%2d%63%6f%6e%74%65%6e%74\/uploads\/4-102-768x514.jpg 768w, https:\/\/intainforma.inta.gob.ar\/%77%70%2d%63%6f%6e%74%65%6e%74\/uploads\/4-102-1536x1027.jpg 1536w\" data-sizes=\"auto\" data-eio-rwidth=\"1600\" data-eio-rheight=\"1070\" \/><\/picture>\n<p>La investigaci\u00f3n no solo confirm\u00f3 la presencia del virus en la provincia de Entre R\u00edos, sino que por primera vez se logr\u00f3 secuenciar su genoma completo en la Argentina. Esta valiosa informaci\u00f3n permitir\u00e1 abordar nuevas investigaciones para conocer profundamente al DWV y c\u00f3mo combatirlo. Adem\u00e1s, tambi\u00e9n se obtuvo el genoma completo de otro virus que afecta a las abejas, conocido como\u00a0<em>Black queen cell virus<\/em>\u00a0(BQCV, por sus siglas en ingl\u00e9s), que puede impactar en la producci\u00f3n de nuevas reinas.<\/p>\n<p>\u201cEl conocimiento que obtuvimos con este estudio es clave para proteger a las abejas, que son fundamentales para la producci\u00f3n de miel y tambi\u00e9n para la polinizaci\u00f3n de cultivos\u201d, se\u00f1al\u00f3 Gonz\u00e1lez. Y destac\u00f3 que \u201ces muy importante tener buenas pr\u00e1cticas en el manejo de las colmenas, porque eso puede marcar la diferencia entre una colonia fuerte y otra que se pierde\u201d.<\/p>\n<p>La apicultura es una actividad que representa una fuente de ingresos clave para muchas econom\u00edas regionales. Con m\u00e1s informaci\u00f3n y tecnolog\u00eda aplicada, se busca fortalecer la salud de las colmenas y asegurar la continuidad de esta producci\u00f3n esencial.<\/p>\n<\/div>\n<\/article>\n<\/section>\n<\/div>\n<\/div>\n","protected":false},"excerpt":{"rendered":"<p>Se trata del virus de las alas deformadas, un pat\u00f3geno de relevancia a escala mundial debido a su alta prevalencia en los apiarios, que puede causar graves da\u00f1os a las abejas y ocasionar la perdida de las unidades productivas. Un equipo de investigadores del Instituto de Virolog\u00eda del INTA logr\u00f3 detectar y estudiar en detalle la presencia de este virus en colmenas de Entre R\u00edos. Adem\u00e1s, consigui\u00f3 secuenciar el genoma completo.<\/p>\n","protected":false},"author":8,"featured_media":174245,"comment_status":"open","ping_status":"open","sticky":false,"template":"","format":"standard","meta":{"fifu_image_url":"","fifu_image_alt":"","footnotes":""},"categories":[10],"tags":[203,206,1631],"class_list":{"0":"post-223818","1":"post","2":"type-post","3":"status-publish","4":"format-standard","5":"has-post-thumbnail","7":"category-campo","8":"tag-abejas","9":"tag-apicultura","10":"tag-virus"},"yoast_head":"<title>Apicultura: caracterizan un virus que afecta a las abejas - Informe Litoral<\/title>\n<meta name=\"robots\" content=\"index, follow, max-snippet:-1, max-image-preview:large, max-video-preview:-1\" \/>\n<link rel=\"canonical\" href=\"https:\/\/informelitoral.com.ar\/apicultura-caracterizan-un-virus-que-afecta-a-las-abejas\/\" \/>\n<meta property=\"og:locale\" content=\"es_ES\" \/>\n<meta property=\"og:type\" content=\"article\" \/>\n<meta property=\"og:title\" content=\"Apicultura: caracterizan un virus que afecta a las abejas - Informe Litoral\" \/>\n<meta property=\"og:description\" content=\"Se trata del virus de las alas deformadas, un pat\u00f3geno de relevancia a escala mundial debido a su alta prevalencia en los apiarios, que puede causar graves da\u00f1os a las abejas y ocasionar la perdida de las unidades productivas. Un equipo de investigadores del Instituto de Virolog\u00eda del INTA logr\u00f3 detectar y estudiar en detalle la presencia de este virus en colmenas de Entre R\u00edos. Adem\u00e1s, consigui\u00f3 secuenciar el genoma completo.\" \/>\n<meta property=\"og:url\" content=\"https:\/\/informelitoral.com.ar\/apicultura-caracterizan-un-virus-que-afecta-a-las-abejas\/\" \/>\n<meta property=\"og:site_name\" content=\"Informe Litoral\" \/>\n<meta property=\"article:publisher\" content=\"https:\/\/www.facebook.com\/informelitoral\/\" \/>\n<meta property=\"article:published_time\" content=\"2025-06-11T11:56:45+00:00\" \/>\n<meta property=\"og:image\" content=\"https:\/\/informelitoral.com.ar\/%77%70%2d%63%6f%6e%74%65%6e%74\/uploads\/2023\/11\/abejas-en-panal-828x548-1.jpg\" \/>\n\t<meta property=\"og:image:width\" content=\"828\" \/>\n\t<meta property=\"og:image:height\" content=\"548\" \/>\n\t<meta property=\"og:image:type\" content=\"image\/jpeg\" \/>\n<meta name=\"author\" content=\"Sebastian\" \/>\n<meta name=\"twitter:card\" content=\"summary_large_image\" \/>\n<meta name=\"twitter:creator\" content=\"@InformeLitoral\" \/>\n<meta name=\"twitter:site\" content=\"@InformeLitoral\" \/>\n<meta name=\"twitter:label1\" content=\"Escrito por\" \/>\n\t<meta name=\"twitter:data1\" content=\"Sebastian\" \/>\n\t<meta name=\"twitter:label2\" content=\"Tiempo de lectura\" \/>\n\t<meta name=\"twitter:data2\" content=\"4 minutos\" \/>\n<script type=\"application\/ld+json\" class=\"yoast-schema-graph\">{\"@context\":\"https:\\\/\\\/schema.org\",\"@graph\":[{\"@type\":\"Article\",\"@id\":\"https:\\\/\\\/informelitoral.com.ar\\\/apicultura-caracterizan-un-virus-que-afecta-a-las-abejas\\\/#article\",\"isPartOf\":{\"@id\":\"https:\\\/\\\/informelitoral.com.ar\\\/apicultura-caracterizan-un-virus-que-afecta-a-las-abejas\\\/\"},\"author\":{\"name\":\"Sebastian\",\"@id\":\"https:\\\/\\\/informelitoral.com.ar\\\/#\\\/schema\\\/person\\\/f05f9f461677119578717524b127d6d5\"},\"headline\":\"Apicultura: caracterizan un virus que afecta a las abejas\",\"datePublished\":\"2025-06-11T11:56:45+00:00\",\"mainEntityOfPage\":{\"@id\":\"https:\\\/\\\/informelitoral.com.ar\\\/apicultura-caracterizan-un-virus-que-afecta-a-las-abejas\\\/\"},\"wordCount\":710,\"commentCount\":0,\"publisher\":{\"@id\":\"https:\\\/\\\/informelitoral.com.ar\\\/#organization\"},\"image\":{\"@id\":\"https:\\\/\\\/informelitoral.com.ar\\\/apicultura-caracterizan-un-virus-que-afecta-a-las-abejas\\\/#primaryimage\"},\"thumbnailUrl\":\"https:\\\/\\\/informelitoral.com.ar\\\/%77%70%2d%63%6f%6e%74%65%6e%74\\\/uploads\\\/2023\\\/11\\\/abejas-en-panal-828x548-1.jpg\",\"keywords\":[\"Abejas\",\"Apicultura\",\"Virus\"],\"articleSection\":[\"Campo\"],\"inLanguage\":\"es\",\"potentialAction\":[{\"@type\":\"CommentAction\",\"name\":\"Comment\",\"target\":[\"https:\\\/\\\/informelitoral.com.ar\\\/apicultura-caracterizan-un-virus-que-afecta-a-las-abejas\\\/#respond\"]}]},{\"@type\":\"WebPage\",\"@id\":\"https:\\\/\\\/informelitoral.com.ar\\\/apicultura-caracterizan-un-virus-que-afecta-a-las-abejas\\\/\",\"url\":\"https:\\\/\\\/informelitoral.com.ar\\\/apicultura-caracterizan-un-virus-que-afecta-a-las-abejas\\\/\",\"name\":\"Apicultura: caracterizan un virus que afecta a las abejas - Informe Litoral\",\"isPartOf\":{\"@id\":\"https:\\\/\\\/informelitoral.com.ar\\\/#website\"},\"primaryImageOfPage\":{\"@id\":\"https:\\\/\\\/informelitoral.com.ar\\\/apicultura-caracterizan-un-virus-que-afecta-a-las-abejas\\\/#primaryimage\"},\"image\":{\"@id\":\"https:\\\/\\\/informelitoral.com.ar\\\/apicultura-caracterizan-un-virus-que-afecta-a-las-abejas\\\/#primaryimage\"},\"thumbnailUrl\":\"https:\\\/\\\/informelitoral.com.ar\\\/%77%70%2d%63%6f%6e%74%65%6e%74\\\/uploads\\\/2023\\\/11\\\/abejas-en-panal-828x548-1.jpg\",\"datePublished\":\"2025-06-11T11:56:45+00:00\",\"breadcrumb\":{\"@id\":\"https:\\\/\\\/informelitoral.com.ar\\\/apicultura-caracterizan-un-virus-que-afecta-a-las-abejas\\\/#breadcrumb\"},\"inLanguage\":\"es\",\"potentialAction\":[{\"@type\":\"ReadAction\",\"target\":[\"https:\\\/\\\/informelitoral.com.ar\\\/apicultura-caracterizan-un-virus-que-afecta-a-las-abejas\\\/\"]}]},{\"@type\":\"ImageObject\",\"inLanguage\":\"es\",\"@id\":\"https:\\\/\\\/informelitoral.com.ar\\\/apicultura-caracterizan-un-virus-que-afecta-a-las-abejas\\\/#primaryimage\",\"url\":\"https:\\\/\\\/informelitoral.com.ar\\\/%77%70%2d%63%6f%6e%74%65%6e%74\\\/uploads\\\/2023\\\/11\\\/abejas-en-panal-828x548-1.jpg\",\"contentUrl\":\"https:\\\/\\\/informelitoral.com.ar\\\/%77%70%2d%63%6f%6e%74%65%6e%74\\\/uploads\\\/2023\\\/11\\\/abejas-en-panal-828x548-1.jpg\",\"width\":828,\"height\":548},{\"@type\":\"BreadcrumbList\",\"@id\":\"https:\\\/\\\/informelitoral.com.ar\\\/apicultura-caracterizan-un-virus-que-afecta-a-las-abejas\\\/#breadcrumb\",\"itemListElement\":[{\"@type\":\"ListItem\",\"position\":1,\"name\":\"Portada\",\"item\":\"https:\\\/\\\/informelitoral.com.ar\\\/\"},{\"@type\":\"ListItem\",\"position\":2,\"name\":\"Apicultura: caracterizan un virus que afecta a las abejas\"}]},{\"@type\":\"WebSite\",\"@id\":\"https:\\\/\\\/informelitoral.com.ar\\\/#website\",\"url\":\"https:\\\/\\\/informelitoral.com.ar\\\/\",\"name\":\"Informe Litoral\",\"description\":\"&quot;Nos informamos&quot; \",\"publisher\":{\"@id\":\"https:\\\/\\\/informelitoral.com.ar\\\/#organization\"},\"potentialAction\":[{\"@type\":\"SearchAction\",\"target\":{\"@type\":\"EntryPoint\",\"urlTemplate\":\"https:\\\/\\\/informelitoral.com.ar\\\/?s={search_term_string}\"},\"query-input\":{\"@type\":\"PropertyValueSpecification\",\"valueRequired\":true,\"valueName\":\"search_term_string\"}}],\"inLanguage\":\"es\"},{\"@type\":\"Organization\",\"@id\":\"https:\\\/\\\/informelitoral.com.ar\\\/#organization\",\"name\":\"Informe Litoral\",\"url\":\"https:\\\/\\\/informelitoral.com.ar\\\/\",\"logo\":{\"@type\":\"ImageObject\",\"inLanguage\":\"es\",\"@id\":\"https:\\\/\\\/informelitoral.com.ar\\\/#\\\/schema\\\/logo\\\/image\\\/\",\"url\":\"https:\\\/\\\/informelitoral.com.ar\\\/%77%70%2d%63%6f%6e%74%65%6e%74\\\/uploads\\\/2021\\\/01\\\/circulo.png\",\"contentUrl\":\"https:\\\/\\\/informelitoral.com.ar\\\/%77%70%2d%63%6f%6e%74%65%6e%74\\\/uploads\\\/2021\\\/01\\\/circulo.png\",\"width\":723,\"height\":731,\"caption\":\"Informe Litoral\"},\"image\":{\"@id\":\"https:\\\/\\\/informelitoral.com.ar\\\/#\\\/schema\\\/logo\\\/image\\\/\"},\"sameAs\":[\"https:\\\/\\\/www.facebook.com\\\/informelitoral\\\/\",\"https:\\\/\\\/x.com\\\/InformeLitoral\",\"https:\\\/\\\/www.instagram.com\\\/informelitoral\\\/\",\"https:\\\/\\\/www.youtube.com\\\/channel\\\/UCua4Qvz8Icb6MYqhoq9xLXw\"]},{\"@type\":\"Person\",\"@id\":\"https:\\\/\\\/informelitoral.com.ar\\\/#\\\/schema\\\/person\\\/f05f9f461677119578717524b127d6d5\",\"name\":\"Sebastian\",\"image\":{\"@type\":\"ImageObject\",\"inLanguage\":\"es\",\"@id\":\"https:\\\/\\\/secure.gravatar.com\\\/avatar\\\/b71bf7481d447dfb9583c7f2798e7cc64de6efb9067b74633ed8c31059a3bd82?s=96&d=mm&r=g\",\"url\":\"https:\\\/\\\/secure.gravatar.com\\\/avatar\\\/b71bf7481d447dfb9583c7f2798e7cc64de6efb9067b74633ed8c31059a3bd82?s=96&d=mm&r=g\",\"contentUrl\":\"https:\\\/\\\/secure.gravatar.com\\\/avatar\\\/b71bf7481d447dfb9583c7f2798e7cc64de6efb9067b74633ed8c31059a3bd82?s=96&d=mm&r=g\",\"caption\":\"Sebastian\"},\"url\":\"https:\\\/\\\/informelitoral.com.ar\\\/author\\\/sebastian\\\/\"}]}<\/script>","yoast_head_json":{"title":"Apicultura: caracterizan un virus que afecta a las abejas - Informe Litoral","robots":{"index":"index","follow":"follow","max-snippet":"max-snippet:-1","max-image-preview":"max-image-preview:large","max-video-preview":"max-video-preview:-1"},"canonical":"https:\/\/informelitoral.com.ar\/apicultura-caracterizan-un-virus-que-afecta-a-las-abejas\/","og_locale":"es_ES","og_type":"article","og_title":"Apicultura: caracterizan un virus que afecta a las abejas - Informe Litoral","og_description":"Se trata del virus de las alas deformadas, un pat\u00f3geno de relevancia a escala mundial debido a su alta prevalencia en los apiarios, que puede causar graves da\u00f1os a las abejas y ocasionar la perdida de las unidades productivas. Un equipo de investigadores del Instituto de Virolog\u00eda del INTA logr\u00f3 detectar y estudiar en detalle la presencia de este virus en colmenas de Entre R\u00edos. Adem\u00e1s, consigui\u00f3 secuenciar el genoma completo.","og_url":"https:\/\/informelitoral.com.ar\/apicultura-caracterizan-un-virus-que-afecta-a-las-abejas\/","og_site_name":"Informe Litoral","article_publisher":"https:\/\/www.facebook.com\/informelitoral\/","article_published_time":"2025-06-11T11:56:45+00:00","og_image":[{"width":828,"height":548,"url":"https:\/\/informelitoral.com.ar\/%77%70%2d%63%6f%6e%74%65%6e%74\/uploads\/2023\/11\/abejas-en-panal-828x548-1.jpg","type":"image\/jpeg"}],"author":"Sebastian","twitter_card":"summary_large_image","twitter_creator":"@InformeLitoral","twitter_site":"@InformeLitoral","twitter_misc":{"Escrito por":"Sebastian","Tiempo de lectura":"4 minutos"},"schema":{"@context":"https:\/\/schema.org","@graph":[{"@type":"Article","@id":"https:\/\/informelitoral.com.ar\/apicultura-caracterizan-un-virus-que-afecta-a-las-abejas\/#article","isPartOf":{"@id":"https:\/\/informelitoral.com.ar\/apicultura-caracterizan-un-virus-que-afecta-a-las-abejas\/"},"author":{"name":"Sebastian","@id":"https:\/\/informelitoral.com.ar\/#\/schema\/person\/f05f9f461677119578717524b127d6d5"},"headline":"Apicultura: caracterizan un virus que afecta a las abejas","datePublished":"2025-06-11T11:56:45+00:00","mainEntityOfPage":{"@id":"https:\/\/informelitoral.com.ar\/apicultura-caracterizan-un-virus-que-afecta-a-las-abejas\/"},"wordCount":710,"commentCount":0,"publisher":{"@id":"https:\/\/informelitoral.com.ar\/#organization"},"image":{"@id":"https:\/\/informelitoral.com.ar\/apicultura-caracterizan-un-virus-que-afecta-a-las-abejas\/#primaryimage"},"thumbnailUrl":"https:\/\/informelitoral.com.ar\/%77%70%2d%63%6f%6e%74%65%6e%74\/uploads\/2023\/11\/abejas-en-panal-828x548-1.jpg","keywords":["Abejas","Apicultura","Virus"],"articleSection":["Campo"],"inLanguage":"es","potentialAction":[{"@type":"CommentAction","name":"Comment","target":["https:\/\/informelitoral.com.ar\/apicultura-caracterizan-un-virus-que-afecta-a-las-abejas\/#respond"]}]},{"@type":"WebPage","@id":"https:\/\/informelitoral.com.ar\/apicultura-caracterizan-un-virus-que-afecta-a-las-abejas\/","url":"https:\/\/informelitoral.com.ar\/apicultura-caracterizan-un-virus-que-afecta-a-las-abejas\/","name":"Apicultura: caracterizan un virus que afecta a las abejas - Informe Litoral","isPartOf":{"@id":"https:\/\/informelitoral.com.ar\/#website"},"primaryImageOfPage":{"@id":"https:\/\/informelitoral.com.ar\/apicultura-caracterizan-un-virus-que-afecta-a-las-abejas\/#primaryimage"},"image":{"@id":"https:\/\/informelitoral.com.ar\/apicultura-caracterizan-un-virus-que-afecta-a-las-abejas\/#primaryimage"},"thumbnailUrl":"https:\/\/informelitoral.com.ar\/%77%70%2d%63%6f%6e%74%65%6e%74\/uploads\/2023\/11\/abejas-en-panal-828x548-1.jpg","datePublished":"2025-06-11T11:56:45+00:00","breadcrumb":{"@id":"https:\/\/informelitoral.com.ar\/apicultura-caracterizan-un-virus-que-afecta-a-las-abejas\/#breadcrumb"},"inLanguage":"es","potentialAction":[{"@type":"ReadAction","target":["https:\/\/informelitoral.com.ar\/apicultura-caracterizan-un-virus-que-afecta-a-las-abejas\/"]}]},{"@type":"ImageObject","inLanguage":"es","@id":"https:\/\/informelitoral.com.ar\/apicultura-caracterizan-un-virus-que-afecta-a-las-abejas\/#primaryimage","url":"https:\/\/informelitoral.com.ar\/%77%70%2d%63%6f%6e%74%65%6e%74\/uploads\/2023\/11\/abejas-en-panal-828x548-1.jpg","contentUrl":"https:\/\/informelitoral.com.ar\/%77%70%2d%63%6f%6e%74%65%6e%74\/uploads\/2023\/11\/abejas-en-panal-828x548-1.jpg","width":828,"height":548},{"@type":"BreadcrumbList","@id":"https:\/\/informelitoral.com.ar\/apicultura-caracterizan-un-virus-que-afecta-a-las-abejas\/#breadcrumb","itemListElement":[{"@type":"ListItem","position":1,"name":"Portada","item":"https:\/\/informelitoral.com.ar\/"},{"@type":"ListItem","position":2,"name":"Apicultura: caracterizan un virus que afecta a las abejas"}]},{"@type":"WebSite","@id":"https:\/\/informelitoral.com.ar\/#website","url":"https:\/\/informelitoral.com.ar\/","name":"Informe Litoral","description":"&quot;Nos informamos&quot; ","publisher":{"@id":"https:\/\/informelitoral.com.ar\/#organization"},"potentialAction":[{"@type":"SearchAction","target":{"@type":"EntryPoint","urlTemplate":"https:\/\/informelitoral.com.ar\/?s={search_term_string}"},"query-input":{"@type":"PropertyValueSpecification","valueRequired":true,"valueName":"search_term_string"}}],"inLanguage":"es"},{"@type":"Organization","@id":"https:\/\/informelitoral.com.ar\/#organization","name":"Informe Litoral","url":"https:\/\/informelitoral.com.ar\/","logo":{"@type":"ImageObject","inLanguage":"es","@id":"https:\/\/informelitoral.com.ar\/#\/schema\/logo\/image\/","url":"https:\/\/informelitoral.com.ar\/%77%70%2d%63%6f%6e%74%65%6e%74\/uploads\/2021\/01\/circulo.png","contentUrl":"https:\/\/informelitoral.com.ar\/%77%70%2d%63%6f%6e%74%65%6e%74\/uploads\/2021\/01\/circulo.png","width":723,"height":731,"caption":"Informe Litoral"},"image":{"@id":"https:\/\/informelitoral.com.ar\/#\/schema\/logo\/image\/"},"sameAs":["https:\/\/www.facebook.com\/informelitoral\/","https:\/\/x.com\/InformeLitoral","https:\/\/www.instagram.com\/informelitoral\/","https:\/\/www.youtube.com\/channel\/UCua4Qvz8Icb6MYqhoq9xLXw"]},{"@type":"Person","@id":"https:\/\/informelitoral.com.ar\/#\/schema\/person\/f05f9f461677119578717524b127d6d5","name":"Sebastian","image":{"@type":"ImageObject","inLanguage":"es","@id":"https:\/\/secure.gravatar.com\/avatar\/b71bf7481d447dfb9583c7f2798e7cc64de6efb9067b74633ed8c31059a3bd82?s=96&d=mm&r=g","url":"https:\/\/secure.gravatar.com\/avatar\/b71bf7481d447dfb9583c7f2798e7cc64de6efb9067b74633ed8c31059a3bd82?s=96&d=mm&r=g","contentUrl":"https:\/\/secure.gravatar.com\/avatar\/b71bf7481d447dfb9583c7f2798e7cc64de6efb9067b74633ed8c31059a3bd82?s=96&d=mm&r=g","caption":"Sebastian"},"url":"https:\/\/informelitoral.com.ar\/author\/sebastian\/"}]}},"_links":{"self":[{"href":"https:\/\/informelitoral.com.ar\/%77%70%2d%6a%73%6f%6e\/wp\/v2\/posts\/223818","targetHints":{"allow":["GET"]}}],"collection":[{"href":"https:\/\/informelitoral.com.ar\/%77%70%2d%6a%73%6f%6e\/wp\/v2\/posts"}],"about":[{"href":"https:\/\/informelitoral.com.ar\/%77%70%2d%6a%73%6f%6e\/wp\/v2\/types\/post"}],"author":[{"embeddable":true,"href":"https:\/\/informelitoral.com.ar\/%77%70%2d%6a%73%6f%6e\/wp\/v2\/users\/8"}],"replies":[{"embeddable":true,"href":"https:\/\/informelitoral.com.ar\/%77%70%2d%6a%73%6f%6e\/wp\/v2\/comments?post=223818"}],"version-history":[{"count":1,"href":"https:\/\/informelitoral.com.ar\/%77%70%2d%6a%73%6f%6e\/wp\/v2\/posts\/223818\/revisions"}],"predecessor-version":[{"id":223819,"href":"https:\/\/informelitoral.com.ar\/%77%70%2d%6a%73%6f%6e\/wp\/v2\/posts\/223818\/revisions\/223819"}],"wp:featuredmedia":[{"embeddable":true,"href":"https:\/\/informelitoral.com.ar\/%77%70%2d%6a%73%6f%6e\/wp\/v2\/media\/174245"}],"wp:attachment":[{"href":"https:\/\/informelitoral.com.ar\/%77%70%2d%6a%73%6f%6e\/wp\/v2\/media?parent=223818"}],"wp:term":[{"taxonomy":"category","embeddable":true,"href":"https:\/\/informelitoral.com.ar\/%77%70%2d%6a%73%6f%6e\/wp\/v2\/categories?post=223818"},{"taxonomy":"post_tag","embeddable":true,"href":"https:\/\/informelitoral.com.ar\/%77%70%2d%6a%73%6f%6e\/wp\/v2\/tags?post=223818"}],"curies":[{"name":"wp","href":"https:\/\/api.w.org\/{rel}","templated":true}]}}