{"id":223791,"date":"2025-06-11T12:50:58","date_gmt":"2025-06-11T15:50:58","guid":{"rendered":"https:\/\/informelitoral.com.ar\/?p=223791"},"modified":"2025-06-11T14:26:37","modified_gmt":"2025-06-11T17:26:37","slug":"en-ramirez-luchan-para-que-no-se-cierre-el-centro-comunitario-de-educacion-permanente-no27","status":"publish","type":"post","link":"https:\/\/informelitoral.com.ar\/en-ramirez-luchan-para-que-no-se-cierre-el-centro-comunitario-de-educacion-permanente-no27\/","title":{"rendered":"En Ram\u00edrez luchan para que no se cierre el Centro Comunitario de Educaci\u00f3n Permanente N\u00ba27"},"content":{"rendered":"<p>El <strong>Centro Comunitario de Educaci\u00f3n Permanente N\u00ba27<\/strong> de <strong>General Ram\u00edrez<\/strong> tiene actualmente unos 13 alumnos desde los 15 hasta los 70 a\u00f1os. Son aquellos que por diferentes motivos <strong>no pudieron finalizar la Escuela Primaria.<\/strong> En un lugar que brinda educaci\u00f3n y contenci\u00f3n, siendo la \u00fanica posibilidad para que esas personas concluyan esta etapa educativa, adem\u00e1s de la realizaci\u00f3n de cursos, talleres y Educaci\u00f3n Secundaria.<\/p>\n<p>En los \u00faltimos d\u00edas se conoci\u00f3 que <strong>la instituci\u00f3n corre riesgo de cierre el 30 de junio,<\/strong> al igual que otras de su tipo en Diamante y Las Cuevas. Es por ello que surgi\u00f3 la convocatoria para realizar un abrazo simb\u00f3lico el cual obtuvo el eco no solo de sus integrantes sino de la comunidad en general que adem\u00e1s acompa\u00f1\u00f3 en redes sociales.<\/p>\n<p>En las \u00faltimas horas, si bien no depende del municipio, la propia intendenta, <strong>Flavia Pamberger,<\/strong> recibi\u00f3 a integrantes del Centro Comunitario, se interioriz\u00f3 sobre la situaci\u00f3n y habr\u00eda prometido trabajar hasta conseguir el no cierre del lugar. <em>(Informe Litoral)<\/em><\/p>\n<p><a href=\"https:\/\/informelitoral.com.ar\/%77%70%2d%63%6f%6e%74%65%6e%74\/uploads\/2025\/06\/4e899ca7-79ed-419b-b7bd-e0d837b949f0.jpg\"><img loading=\"lazy\" decoding=\"async\" class=\"alignnone size-full wp-image-223894\" src=\"https:\/\/informelitoral.com.ar\/%77%70%2d%63%6f%6e%74%65%6e%74\/uploads\/2025\/06\/4e899ca7-79ed-419b-b7bd-e0d837b949f0.jpg\" alt=\"\" width=\"1280\" height=\"578\" srcset=\"https:\/\/informelitoral.com.ar\/%77%70%2d%63%6f%6e%74%65%6e%74\/uploads\/2025\/06\/4e899ca7-79ed-419b-b7bd-e0d837b949f0.jpg 1280w, https:\/\/informelitoral.com.ar\/%77%70%2d%63%6f%6e%74%65%6e%74\/uploads\/2025\/06\/4e899ca7-79ed-419b-b7bd-e0d837b949f0-300x135.jpg 300w, https:\/\/informelitoral.com.ar\/%77%70%2d%63%6f%6e%74%65%6e%74\/uploads\/2025\/06\/4e899ca7-79ed-419b-b7bd-e0d837b949f0-1024x462.jpg 1024w, https:\/\/informelitoral.com.ar\/%77%70%2d%63%6f%6e%74%65%6e%74\/uploads\/2025\/06\/4e899ca7-79ed-419b-b7bd-e0d837b949f0-768x347.jpg 768w, https:\/\/informelitoral.com.ar\/%77%70%2d%63%6f%6e%74%65%6e%74\/uploads\/2025\/06\/4e899ca7-79ed-419b-b7bd-e0d837b949f0-930x420.jpg 930w, https:\/\/informelitoral.com.ar\/%77%70%2d%63%6f%6e%74%65%6e%74\/uploads\/2025\/06\/4e899ca7-79ed-419b-b7bd-e0d837b949f0-696x314.jpg 696w, https:\/\/informelitoral.com.ar\/%77%70%2d%63%6f%6e%74%65%6e%74\/uploads\/2025\/06\/4e899ca7-79ed-419b-b7bd-e0d837b949f0-1068x482.jpg 1068w\" sizes=\"auto, (max-width: 1280px) 100vw, 1280px\" \/><\/a><\/p>\n<h2><strong>Integrantes del Centro brindaron una entrevista al canal de cable local:\u00a0<\/strong><\/h2>\n<div class=\"youtube-embed\" data-video_id=\"DOXDfHitpnQ\"><iframe loading=\"lazy\" title=\"Juntan firmas para evitar el cierre del Centro Comunitario N\u00b0 27\" width=\"696\" height=\"392\" src=\"https:\/\/www.youtube.com\/embed\/DOXDfHitpnQ?feature=oembed&#038;enablejsapi=1\" frameborder=\"0\" allow=\"accelerometer; autoplay; clipboard-write; encrypted-media; gyroscope; picture-in-picture; web-share\" referrerpolicy=\"strict-origin-when-cross-origin\" allowfullscreen><\/iframe><\/div>\n<h6><em><strong>Del archivo:\u00a0<a href=\"https:\/\/informelitoral.com.ar\/general-ramirez-se-prepara-para-celebrar-el-dia-del-chamame-entrerriano\/\" target=\"_blank\" rel=\"noopener\">General Ram\u00edrez se prepara para celebrar el D\u00eda del Chamam\u00e9 Entrerriano<\/a><\/strong><\/em><\/h6>\n<h6><em><strong><a href=\"https:\/\/informelitoral.com.ar\/nuevas-capacitaciones-en-general-ramirez-cursos-de-aires-acondicionados-e-introduccion-a-la-programacion-con-ia\/\" target=\"_blank\" rel=\"noopener\">General Ram\u00edrez suma dos nuevos cursos con la UTN<\/a><\/strong><\/em><\/h6>\n","protected":false},"excerpt":{"rendered":"<p>Docentes, alumnos, exalumnos y vecinos realizaron un abrazo solidario a la instituci\u00f3n y juntaron firmas para evitar el cierre el 30 de junio. En las \u00faltimas horas fueron recibidos por la intendenta.<\/p>\n","protected":false},"author":2,"featured_media":223893,"comment_status":"open","ping_status":"open","sticky":false,"template":"","format":"standard","meta":{"fifu_image_url":"","fifu_image_alt":"","footnotes":""},"categories":[5,4586],"tags":[1864,209,98,1534,556,27],"class_list":{"0":"post-223791","1":"post","2":"type-post","3":"status-publish","4":"format-standard","5":"has-post-thumbnail","7":"category-zonales","8":"category-general-ramirez","9":"tag-adultos","10":"tag-cge","11":"tag-educacion","12":"tag-flavia-pamberger","13":"tag-general-ramirez","14":"tag-ramirez"},"yoast_head":"<title>En Ram\u00edrez luchan para que no se cierre el Centro Comunitario de Educaci\u00f3n Permanente N\u00ba27 - Informe Litoral<\/title>\n<meta name=\"robots\" content=\"index, follow, max-snippet:-1, max-image-preview:large, max-video-preview:-1\" \/>\n<link rel=\"canonical\" href=\"https:\/\/informelitoral.com.ar\/en-ramirez-luchan-para-que-no-se-cierre-el-centro-comunitario-de-educacion-permanente-no27\/\" \/>\n<meta property=\"og:locale\" content=\"es_ES\" \/>\n<meta property=\"og:type\" content=\"article\" \/>\n<meta property=\"og:title\" content=\"En Ram\u00edrez luchan para que no se cierre el Centro Comunitario de Educaci\u00f3n Permanente N\u00ba27 - Informe Litoral\" \/>\n<meta property=\"og:description\" content=\"Docentes, alumnos, exalumnos y vecinos realizaron un abrazo solidario a la instituci\u00f3n y juntaron firmas para evitar el cierre el 30 de junio. En las \u00faltimas horas fueron recibidos por la intendenta.\" \/>\n<meta property=\"og:url\" content=\"https:\/\/informelitoral.com.ar\/en-ramirez-luchan-para-que-no-se-cierre-el-centro-comunitario-de-educacion-permanente-no27\/\" \/>\n<meta property=\"og:site_name\" content=\"Informe Litoral\" \/>\n<meta property=\"article:publisher\" content=\"https:\/\/www.facebook.com\/informelitoral\/\" \/>\n<meta property=\"article:published_time\" content=\"2025-06-11T15:50:58+00:00\" \/>\n<meta property=\"article:modified_time\" content=\"2025-06-11T17:26:37+00:00\" \/>\n<meta property=\"og:image\" content=\"https:\/\/informelitoral.com.ar\/%77%70%2d%63%6f%6e%74%65%6e%74\/uploads\/2025\/06\/1f1e9178-b856-42ee-be8c-0394b10e8efe.jpg\" \/>\n\t<meta property=\"og:image:width\" content=\"1280\" \/>\n\t<meta property=\"og:image:height\" content=\"563\" \/>\n\t<meta property=\"og:image:type\" content=\"image\/jpeg\" \/>\n<meta name=\"author\" content=\"Gonzalo Schmidt\" \/>\n<meta name=\"twitter:card\" content=\"summary_large_image\" \/>\n<meta name=\"twitter:creator\" content=\"@InformeLitoral\" \/>\n<meta name=\"twitter:site\" content=\"@InformeLitoral\" \/>\n<meta name=\"twitter:label1\" content=\"Escrito por\" \/>\n\t<meta name=\"twitter:data1\" content=\"Gonzalo Schmidt\" \/>\n\t<meta name=\"twitter:label2\" content=\"Tiempo de lectura\" \/>\n\t<meta name=\"twitter:data2\" content=\"2 minutos\" \/>\n<script type=\"application\/ld+json\" class=\"yoast-schema-graph\">{\"@context\":\"https:\\\/\\\/schema.org\",\"@graph\":[{\"@type\":\"Article\",\"@id\":\"https:\\\/\\\/informelitoral.com.ar\\\/en-ramirez-luchan-para-que-no-se-cierre-el-centro-comunitario-de-educacion-permanente-no27\\\/#article\",\"isPartOf\":{\"@id\":\"https:\\\/\\\/informelitoral.com.ar\\\/en-ramirez-luchan-para-que-no-se-cierre-el-centro-comunitario-de-educacion-permanente-no27\\\/\"},\"author\":{\"name\":\"Gonzalo Schmidt\",\"@id\":\"https:\\\/\\\/informelitoral.com.ar\\\/#\\\/schema\\\/person\\\/b9d00407c836482871ef1d57bf8e3180\"},\"headline\":\"En Ram\u00edrez luchan para que no se cierre el Centro Comunitario de Educaci\u00f3n Permanente N\u00ba27\",\"datePublished\":\"2025-06-11T15:50:58+00:00\",\"dateModified\":\"2025-06-11T17:26:37+00:00\",\"mainEntityOfPage\":{\"@id\":\"https:\\\/\\\/informelitoral.com.ar\\\/en-ramirez-luchan-para-que-no-se-cierre-el-centro-comunitario-de-educacion-permanente-no27\\\/\"},\"wordCount\":236,\"commentCount\":0,\"publisher\":{\"@id\":\"https:\\\/\\\/informelitoral.com.ar\\\/#organization\"},\"image\":{\"@id\":\"https:\\\/\\\/informelitoral.com.ar\\\/en-ramirez-luchan-para-que-no-se-cierre-el-centro-comunitario-de-educacion-permanente-no27\\\/#primaryimage\"},\"thumbnailUrl\":\"https:\\\/\\\/informelitoral.com.ar\\\/%77%70%2d%63%6f%6e%74%65%6e%74\\\/uploads\\\/2025\\\/06\\\/1f1e9178-b856-42ee-be8c-0394b10e8efe.jpg\",\"keywords\":[\"Adultos\",\"CGE\",\"Educaci\u00f3n\",\"Flavia Pamberger\",\"General Ram\u00edrez\",\"Ram\u00edrez\"],\"articleSection\":[\"Departamento Diamante\",\"General Ram\u00edrez\"],\"inLanguage\":\"es\",\"potentialAction\":[{\"@type\":\"CommentAction\",\"name\":\"Comment\",\"target\":[\"https:\\\/\\\/informelitoral.com.ar\\\/en-ramirez-luchan-para-que-no-se-cierre-el-centro-comunitario-de-educacion-permanente-no27\\\/#respond\"]}]},{\"@type\":\"WebPage\",\"@id\":\"https:\\\/\\\/informelitoral.com.ar\\\/en-ramirez-luchan-para-que-no-se-cierre-el-centro-comunitario-de-educacion-permanente-no27\\\/\",\"url\":\"https:\\\/\\\/informelitoral.com.ar\\\/en-ramirez-luchan-para-que-no-se-cierre-el-centro-comunitario-de-educacion-permanente-no27\\\/\",\"name\":\"En Ram\u00edrez luchan para que no se cierre el Centro Comunitario de Educaci\u00f3n Permanente N\u00ba27 - Informe Litoral\",\"isPartOf\":{\"@id\":\"https:\\\/\\\/informelitoral.com.ar\\\/#website\"},\"primaryImageOfPage\":{\"@id\":\"https:\\\/\\\/informelitoral.com.ar\\\/en-ramirez-luchan-para-que-no-se-cierre-el-centro-comunitario-de-educacion-permanente-no27\\\/#primaryimage\"},\"image\":{\"@id\":\"https:\\\/\\\/informelitoral.com.ar\\\/en-ramirez-luchan-para-que-no-se-cierre-el-centro-comunitario-de-educacion-permanente-no27\\\/#primaryimage\"},\"thumbnailUrl\":\"https:\\\/\\\/informelitoral.com.ar\\\/%77%70%2d%63%6f%6e%74%65%6e%74\\\/uploads\\\/2025\\\/06\\\/1f1e9178-b856-42ee-be8c-0394b10e8efe.jpg\",\"datePublished\":\"2025-06-11T15:50:58+00:00\",\"dateModified\":\"2025-06-11T17:26:37+00:00\",\"breadcrumb\":{\"@id\":\"https:\\\/\\\/informelitoral.com.ar\\\/en-ramirez-luchan-para-que-no-se-cierre-el-centro-comunitario-de-educacion-permanente-no27\\\/#breadcrumb\"},\"inLanguage\":\"es\",\"potentialAction\":[{\"@type\":\"ReadAction\",\"target\":[\"https:\\\/\\\/informelitoral.com.ar\\\/en-ramirez-luchan-para-que-no-se-cierre-el-centro-comunitario-de-educacion-permanente-no27\\\/\"]}]},{\"@type\":\"ImageObject\",\"inLanguage\":\"es\",\"@id\":\"https:\\\/\\\/informelitoral.com.ar\\\/en-ramirez-luchan-para-que-no-se-cierre-el-centro-comunitario-de-educacion-permanente-no27\\\/#primaryimage\",\"url\":\"https:\\\/\\\/informelitoral.com.ar\\\/%77%70%2d%63%6f%6e%74%65%6e%74\\\/uploads\\\/2025\\\/06\\\/1f1e9178-b856-42ee-be8c-0394b10e8efe.jpg\",\"contentUrl\":\"https:\\\/\\\/informelitoral.com.ar\\\/%77%70%2d%63%6f%6e%74%65%6e%74\\\/uploads\\\/2025\\\/06\\\/1f1e9178-b856-42ee-be8c-0394b10e8efe.jpg\",\"width\":1280,\"height\":563},{\"@type\":\"BreadcrumbList\",\"@id\":\"https:\\\/\\\/informelitoral.com.ar\\\/en-ramirez-luchan-para-que-no-se-cierre-el-centro-comunitario-de-educacion-permanente-no27\\\/#breadcrumb\",\"itemListElement\":[{\"@type\":\"ListItem\",\"position\":1,\"name\":\"Portada\",\"item\":\"https:\\\/\\\/informelitoral.com.ar\\\/\"},{\"@type\":\"ListItem\",\"position\":2,\"name\":\"En Ram\u00edrez luchan para que no se cierre el Centro Comunitario de Educaci\u00f3n Permanente N\u00ba27\"}]},{\"@type\":\"WebSite\",\"@id\":\"https:\\\/\\\/informelitoral.com.ar\\\/#website\",\"url\":\"https:\\\/\\\/informelitoral.com.ar\\\/\",\"name\":\"Informe Litoral\",\"description\":\"&quot;Nos informamos&quot; \",\"publisher\":{\"@id\":\"https:\\\/\\\/informelitoral.com.ar\\\/#organization\"},\"potentialAction\":[{\"@type\":\"SearchAction\",\"target\":{\"@type\":\"EntryPoint\",\"urlTemplate\":\"https:\\\/\\\/informelitoral.com.ar\\\/?s={search_term_string}\"},\"query-input\":{\"@type\":\"PropertyValueSpecification\",\"valueRequired\":true,\"valueName\":\"search_term_string\"}}],\"inLanguage\":\"es\"},{\"@type\":\"Organization\",\"@id\":\"https:\\\/\\\/informelitoral.com.ar\\\/#organization\",\"name\":\"Informe Litoral\",\"url\":\"https:\\\/\\\/informelitoral.com.ar\\\/\",\"logo\":{\"@type\":\"ImageObject\",\"inLanguage\":\"es\",\"@id\":\"https:\\\/\\\/informelitoral.com.ar\\\/#\\\/schema\\\/logo\\\/image\\\/\",\"url\":\"https:\\\/\\\/informelitoral.com.ar\\\/%77%70%2d%63%6f%6e%74%65%6e%74\\\/uploads\\\/2021\\\/01\\\/circulo.png\",\"contentUrl\":\"https:\\\/\\\/informelitoral.com.ar\\\/%77%70%2d%63%6f%6e%74%65%6e%74\\\/uploads\\\/2021\\\/01\\\/circulo.png\",\"width\":723,\"height\":731,\"caption\":\"Informe Litoral\"},\"image\":{\"@id\":\"https:\\\/\\\/informelitoral.com.ar\\\/#\\\/schema\\\/logo\\\/image\\\/\"},\"sameAs\":[\"https:\\\/\\\/www.facebook.com\\\/informelitoral\\\/\",\"https:\\\/\\\/x.com\\\/InformeLitoral\",\"https:\\\/\\\/www.instagram.com\\\/informelitoral\\\/\",\"https:\\\/\\\/www.youtube.com\\\/channel\\\/UCua4Qvz8Icb6MYqhoq9xLXw\"]},{\"@type\":\"Person\",\"@id\":\"https:\\\/\\\/informelitoral.com.ar\\\/#\\\/schema\\\/person\\\/b9d00407c836482871ef1d57bf8e3180\",\"name\":\"Gonzalo Schmidt\",\"image\":{\"@type\":\"ImageObject\",\"inLanguage\":\"es\",\"@id\":\"https:\\\/\\\/secure.gravatar.com\\\/avatar\\\/31a1a7b66ff2de83bd0e9fd79d026630d2d99e55e8bfe501287647b4fd9743de?s=96&d=mm&r=g\",\"url\":\"https:\\\/\\\/secure.gravatar.com\\\/avatar\\\/31a1a7b66ff2de83bd0e9fd79d026630d2d99e55e8bfe501287647b4fd9743de?s=96&d=mm&r=g\",\"contentUrl\":\"https:\\\/\\\/secure.gravatar.com\\\/avatar\\\/31a1a7b66ff2de83bd0e9fd79d026630d2d99e55e8bfe501287647b4fd9743de?s=96&d=mm&r=g\",\"caption\":\"Gonzalo Schmidt\"},\"description\":\"Sitio web de noticias de la provincia de Entre R\u00edos, Argentina. Informaci\u00f3n y entretenimiento. Informe Litoral, nos informamos.\",\"sameAs\":[\"http:\\\/\\\/www.isletasnoticias.com.ar\"],\"url\":\"https:\\\/\\\/informelitoral.com.ar\\\/author\\\/gonzalo\\\/\"}]}<\/script>","yoast_head_json":{"title":"En Ram\u00edrez luchan para que no se cierre el Centro Comunitario de Educaci\u00f3n Permanente N\u00ba27 - Informe Litoral","robots":{"index":"index","follow":"follow","max-snippet":"max-snippet:-1","max-image-preview":"max-image-preview:large","max-video-preview":"max-video-preview:-1"},"canonical":"https:\/\/informelitoral.com.ar\/en-ramirez-luchan-para-que-no-se-cierre-el-centro-comunitario-de-educacion-permanente-no27\/","og_locale":"es_ES","og_type":"article","og_title":"En Ram\u00edrez luchan para que no se cierre el Centro Comunitario de Educaci\u00f3n Permanente N\u00ba27 - Informe Litoral","og_description":"Docentes, alumnos, exalumnos y vecinos realizaron un abrazo solidario a la instituci\u00f3n y juntaron firmas para evitar el cierre el 30 de junio. En las \u00faltimas horas fueron recibidos por la intendenta.","og_url":"https:\/\/informelitoral.com.ar\/en-ramirez-luchan-para-que-no-se-cierre-el-centro-comunitario-de-educacion-permanente-no27\/","og_site_name":"Informe Litoral","article_publisher":"https:\/\/www.facebook.com\/informelitoral\/","article_published_time":"2025-06-11T15:50:58+00:00","article_modified_time":"2025-06-11T17:26:37+00:00","og_image":[{"width":1280,"height":563,"url":"https:\/\/informelitoral.com.ar\/%77%70%2d%63%6f%6e%74%65%6e%74\/uploads\/2025\/06\/1f1e9178-b856-42ee-be8c-0394b10e8efe.jpg","type":"image\/jpeg"}],"author":"Gonzalo Schmidt","twitter_card":"summary_large_image","twitter_creator":"@InformeLitoral","twitter_site":"@InformeLitoral","twitter_misc":{"Escrito por":"Gonzalo Schmidt","Tiempo de lectura":"2 minutos"},"schema":{"@context":"https:\/\/schema.org","@graph":[{"@type":"Article","@id":"https:\/\/informelitoral.com.ar\/en-ramirez-luchan-para-que-no-se-cierre-el-centro-comunitario-de-educacion-permanente-no27\/#article","isPartOf":{"@id":"https:\/\/informelitoral.com.ar\/en-ramirez-luchan-para-que-no-se-cierre-el-centro-comunitario-de-educacion-permanente-no27\/"},"author":{"name":"Gonzalo Schmidt","@id":"https:\/\/informelitoral.com.ar\/#\/schema\/person\/b9d00407c836482871ef1d57bf8e3180"},"headline":"En Ram\u00edrez luchan para que no se cierre el Centro Comunitario de Educaci\u00f3n Permanente N\u00ba27","datePublished":"2025-06-11T15:50:58+00:00","dateModified":"2025-06-11T17:26:37+00:00","mainEntityOfPage":{"@id":"https:\/\/informelitoral.com.ar\/en-ramirez-luchan-para-que-no-se-cierre-el-centro-comunitario-de-educacion-permanente-no27\/"},"wordCount":236,"commentCount":0,"publisher":{"@id":"https:\/\/informelitoral.com.ar\/#organization"},"image":{"@id":"https:\/\/informelitoral.com.ar\/en-ramirez-luchan-para-que-no-se-cierre-el-centro-comunitario-de-educacion-permanente-no27\/#primaryimage"},"thumbnailUrl":"https:\/\/informelitoral.com.ar\/%77%70%2d%63%6f%6e%74%65%6e%74\/uploads\/2025\/06\/1f1e9178-b856-42ee-be8c-0394b10e8efe.jpg","keywords":["Adultos","CGE","Educaci\u00f3n","Flavia Pamberger","General Ram\u00edrez","Ram\u00edrez"],"articleSection":["Departamento Diamante","General Ram\u00edrez"],"inLanguage":"es","potentialAction":[{"@type":"CommentAction","name":"Comment","target":["https:\/\/informelitoral.com.ar\/en-ramirez-luchan-para-que-no-se-cierre-el-centro-comunitario-de-educacion-permanente-no27\/#respond"]}]},{"@type":"WebPage","@id":"https:\/\/informelitoral.com.ar\/en-ramirez-luchan-para-que-no-se-cierre-el-centro-comunitario-de-educacion-permanente-no27\/","url":"https:\/\/informelitoral.com.ar\/en-ramirez-luchan-para-que-no-se-cierre-el-centro-comunitario-de-educacion-permanente-no27\/","name":"En Ram\u00edrez luchan para que no se cierre el Centro Comunitario de Educaci\u00f3n Permanente N\u00ba27 - Informe Litoral","isPartOf":{"@id":"https:\/\/informelitoral.com.ar\/#website"},"primaryImageOfPage":{"@id":"https:\/\/informelitoral.com.ar\/en-ramirez-luchan-para-que-no-se-cierre-el-centro-comunitario-de-educacion-permanente-no27\/#primaryimage"},"image":{"@id":"https:\/\/informelitoral.com.ar\/en-ramirez-luchan-para-que-no-se-cierre-el-centro-comunitario-de-educacion-permanente-no27\/#primaryimage"},"thumbnailUrl":"https:\/\/informelitoral.com.ar\/%77%70%2d%63%6f%6e%74%65%6e%74\/uploads\/2025\/06\/1f1e9178-b856-42ee-be8c-0394b10e8efe.jpg","datePublished":"2025-06-11T15:50:58+00:00","dateModified":"2025-06-11T17:26:37+00:00","breadcrumb":{"@id":"https:\/\/informelitoral.com.ar\/en-ramirez-luchan-para-que-no-se-cierre-el-centro-comunitario-de-educacion-permanente-no27\/#breadcrumb"},"inLanguage":"es","potentialAction":[{"@type":"ReadAction","target":["https:\/\/informelitoral.com.ar\/en-ramirez-luchan-para-que-no-se-cierre-el-centro-comunitario-de-educacion-permanente-no27\/"]}]},{"@type":"ImageObject","inLanguage":"es","@id":"https:\/\/informelitoral.com.ar\/en-ramirez-luchan-para-que-no-se-cierre-el-centro-comunitario-de-educacion-permanente-no27\/#primaryimage","url":"https:\/\/informelitoral.com.ar\/%77%70%2d%63%6f%6e%74%65%6e%74\/uploads\/2025\/06\/1f1e9178-b856-42ee-be8c-0394b10e8efe.jpg","contentUrl":"https:\/\/informelitoral.com.ar\/%77%70%2d%63%6f%6e%74%65%6e%74\/uploads\/2025\/06\/1f1e9178-b856-42ee-be8c-0394b10e8efe.jpg","width":1280,"height":563},{"@type":"BreadcrumbList","@id":"https:\/\/informelitoral.com.ar\/en-ramirez-luchan-para-que-no-se-cierre-el-centro-comunitario-de-educacion-permanente-no27\/#breadcrumb","itemListElement":[{"@type":"ListItem","position":1,"name":"Portada","item":"https:\/\/informelitoral.com.ar\/"},{"@type":"ListItem","position":2,"name":"En Ram\u00edrez luchan para que no se cierre el Centro Comunitario de Educaci\u00f3n Permanente N\u00ba27"}]},{"@type":"WebSite","@id":"https:\/\/informelitoral.com.ar\/#website","url":"https:\/\/informelitoral.com.ar\/","name":"Informe Litoral","description":"&quot;Nos informamos&quot; ","publisher":{"@id":"https:\/\/informelitoral.com.ar\/#organization"},"potentialAction":[{"@type":"SearchAction","target":{"@type":"EntryPoint","urlTemplate":"https:\/\/informelitoral.com.ar\/?s={search_term_string}"},"query-input":{"@type":"PropertyValueSpecification","valueRequired":true,"valueName":"search_term_string"}}],"inLanguage":"es"},{"@type":"Organization","@id":"https:\/\/informelitoral.com.ar\/#organization","name":"Informe Litoral","url":"https:\/\/informelitoral.com.ar\/","logo":{"@type":"ImageObject","inLanguage":"es","@id":"https:\/\/informelitoral.com.ar\/#\/schema\/logo\/image\/","url":"https:\/\/informelitoral.com.ar\/%77%70%2d%63%6f%6e%74%65%6e%74\/uploads\/2021\/01\/circulo.png","contentUrl":"https:\/\/informelitoral.com.ar\/%77%70%2d%63%6f%6e%74%65%6e%74\/uploads\/2021\/01\/circulo.png","width":723,"height":731,"caption":"Informe Litoral"},"image":{"@id":"https:\/\/informelitoral.com.ar\/#\/schema\/logo\/image\/"},"sameAs":["https:\/\/www.facebook.com\/informelitoral\/","https:\/\/x.com\/InformeLitoral","https:\/\/www.instagram.com\/informelitoral\/","https:\/\/www.youtube.com\/channel\/UCua4Qvz8Icb6MYqhoq9xLXw"]},{"@type":"Person","@id":"https:\/\/informelitoral.com.ar\/#\/schema\/person\/b9d00407c836482871ef1d57bf8e3180","name":"Gonzalo Schmidt","image":{"@type":"ImageObject","inLanguage":"es","@id":"https:\/\/secure.gravatar.com\/avatar\/31a1a7b66ff2de83bd0e9fd79d026630d2d99e55e8bfe501287647b4fd9743de?s=96&d=mm&r=g","url":"https:\/\/secure.gravatar.com\/avatar\/31a1a7b66ff2de83bd0e9fd79d026630d2d99e55e8bfe501287647b4fd9743de?s=96&d=mm&r=g","contentUrl":"https:\/\/secure.gravatar.com\/avatar\/31a1a7b66ff2de83bd0e9fd79d026630d2d99e55e8bfe501287647b4fd9743de?s=96&d=mm&r=g","caption":"Gonzalo Schmidt"},"description":"Sitio web de noticias de la provincia de Entre R\u00edos, Argentina. Informaci\u00f3n y entretenimiento. Informe Litoral, nos informamos.","sameAs":["http:\/\/www.isletasnoticias.com.ar"],"url":"https:\/\/informelitoral.com.ar\/author\/gonzalo\/"}]}},"_links":{"self":[{"href":"https:\/\/informelitoral.com.ar\/%77%70%2d%6a%73%6f%6e\/wp\/v2\/posts\/223791","targetHints":{"allow":["GET"]}}],"collection":[{"href":"https:\/\/informelitoral.com.ar\/%77%70%2d%6a%73%6f%6e\/wp\/v2\/posts"}],"about":[{"href":"https:\/\/informelitoral.com.ar\/%77%70%2d%6a%73%6f%6e\/wp\/v2\/types\/post"}],"author":[{"embeddable":true,"href":"https:\/\/informelitoral.com.ar\/%77%70%2d%6a%73%6f%6e\/wp\/v2\/users\/2"}],"replies":[{"embeddable":true,"href":"https:\/\/informelitoral.com.ar\/%77%70%2d%6a%73%6f%6e\/wp\/v2\/comments?post=223791"}],"version-history":[{"count":6,"href":"https:\/\/informelitoral.com.ar\/%77%70%2d%6a%73%6f%6e\/wp\/v2\/posts\/223791\/revisions"}],"predecessor-version":[{"id":223896,"href":"https:\/\/informelitoral.com.ar\/%77%70%2d%6a%73%6f%6e\/wp\/v2\/posts\/223791\/revisions\/223896"}],"wp:featuredmedia":[{"embeddable":true,"href":"https:\/\/informelitoral.com.ar\/%77%70%2d%6a%73%6f%6e\/wp\/v2\/media\/223893"}],"wp:attachment":[{"href":"https:\/\/informelitoral.com.ar\/%77%70%2d%6a%73%6f%6e\/wp\/v2\/media?parent=223791"}],"wp:term":[{"taxonomy":"category","embeddable":true,"href":"https:\/\/informelitoral.com.ar\/%77%70%2d%6a%73%6f%6e\/wp\/v2\/categories?post=223791"},{"taxonomy":"post_tag","embeddable":true,"href":"https:\/\/informelitoral.com.ar\/%77%70%2d%6a%73%6f%6e\/wp\/v2\/tags?post=223791"}],"curies":[{"name":"wp","href":"https:\/\/api.w.org\/{rel}","templated":true}]}}