{"id":223785,"date":"2025-06-11T06:34:29","date_gmt":"2025-06-11T09:34:29","guid":{"rendered":"https:\/\/informelitoral.com.ar\/?p=223785"},"modified":"2025-06-11T06:34:29","modified_gmt":"2025-06-11T09:34:29","slug":"el-viernes-llegaran-las-lluvias-y-la-inestabilidad","status":"publish","type":"post","link":"https:\/\/informelitoral.com.ar\/el-viernes-llegaran-las-lluvias-y-la-inestabilidad\/","title":{"rendered":"El viernes llegar\u00e1n las lluvias y la inestabilidad"},"content":{"rendered":"<p><b>El tiempo estable se mantendr\u00e1 hoy y ma\u00f1ana tanto en Entre R\u00edos<\/b> como en gran parte del \u00e1rea central de Argentina. En nuestra zona, con cielo mayormente soleado, se esperan m\u00ednimas que oscilar\u00e1n de seis a ocho grados y m\u00e1ximas que podr\u00edan alcanzar los 19 grados.<\/p>\n<p><b>Se espera que desde el viernes se vaya consolidando un proceso de ciclog\u00e9nesis<\/b>, que \u201cimplicar\u00e1 la formaci\u00f3n de un centro de bajas presiones a nivel superficial sobre el norte argentino, que luego se profundizar\u00e1 y se desplazar\u00e1 hacia el sudeste en direcci\u00f3n hacia el Uruguay\u201d, advirtieron especialistas.\u00a0<b>Junto con el aumento de la inestabilidad atmosf\u00e9rica, se producir\u00e1 un descenso t\u00e9rmico.<\/b><\/p>\n<h2><strong>Probabilidad de lluvias y tormentas<\/strong><\/h2>\n<p>Seg\u00fan el meteor\u00f3logo, Christian Garavaglia, el tiempo \u201cir\u00e1 desmejorando durante el viernes de oeste a este en la franja central del pa\u00eds, comenzando a ser probable la formaci\u00f3n de\u00a0<b>lluvias y tormentas\u201d que, en Entre R\u00edos, podr\u00edan intensificarse hacia la tarde de dicha jornada<\/b>, para cuando se pronostican temperaturas que no superar\u00e1n los 19 grados.<\/p>\n<p>La <b>inestabilidad se mantendr\u00e1 el s\u00e1bado<\/b>, con lluvias aisladas, en lo que ser\u00eda, en principio, un d\u00eda desapacible, con marcas en los term\u00f3metros que no superar\u00e1n los 16 grados.<\/p>\n<p>Mientras tanto<b>, el domingo, D\u00eda del Padre, se dar\u00eda con mejores condiciones meteorol\u00f3gicas, aunque con fr\u00edo<\/b>: cielo algo nublado y marcas t\u00e9rmicas m\u00e1ximas de 16 grados.<\/p>\n<h2><strong>Qu\u00e9 se pronostica para lo que resta de junio<\/strong><\/h2>\n<p>La \u00faltima actualizaci\u00f3n del pron\u00f3stico meteorol\u00f3gico mensual destaca que\u00a0<b>la mayor parte del pa\u00eds continuar\u00e1 con temperaturas superiores a los niveles normales para el mes<\/b>, en l\u00ednea con lo que se hab\u00eda proyectado previamente.<\/p>\n<p>Sin embargo, \u201chay una zona que muestra una se\u00f1al diferente. Se trata del noreste argentino, donde se esperan valores t\u00e9rmicos algo por debajo del promedio, sobre todo en las provincias de Chaco y Formosa. En contraste, la regi\u00f3n cuyana y especialmente la Patagonia ser\u00edan las \u00e1reas con mayor desviaci\u00f3n positiva respecto de la media\u201d, detall\u00f3 el meteor\u00f3logo, Leonardo De Benedictis.<\/p>\n<p>Por otro lado, en\u00a0<b>cuanto a las lluvias, indic\u00f3 que \u201cel pron\u00f3stico ofrece se\u00f1ales m\u00e1s variadas. En el centro y este del pa\u00eds, incluyendo la provincia de Buenos Aires, el sur del Litoral y tambi\u00e9n Uruguay, se prev\u00e9n precipitaciones por debajo de lo habitual<\/b>. Este comportamiento, que ya se insinuaba en pron\u00f3sticos anteriores, se afianza ahora con una se\u00f1al m\u00e1s marcada\u201d.<\/p>\n<p>El resto del pa\u00eds \u201cmostrar\u00eda tambi\u00e9n una tendencia levemente deficitaria, especialmente en la Patagonia. La \u00fanica excepci\u00f3n ser\u00eda la franja norte, donde podr\u00edan darse lluvias algo superiores a lo normal\u201d. (<i>Con informaci\u00f3n de Meteored<\/i>)<\/p>\n","protected":false},"excerpt":{"rendered":"<p>Este mi\u00e9rcoles prevalecer\u00e1 el sol durante la tarde, al igual que el jueves. El viernes y s\u00e1bado llegar\u00e1 la inestabilidad con algunas lluvias, mientras que el domingo, D\u00eda del Padre, anticipan fr\u00edo pero sin precipitaciones. <\/p>\n","protected":false},"author":2,"featured_media":91739,"comment_status":"open","ping_status":"open","sticky":false,"template":"","format":"standard","meta":{"fifu_image_url":"","fifu_image_alt":"","footnotes":""},"categories":[7],"tags":[38,114,2759],"class_list":{"0":"post-223785","1":"post","2":"type-post","3":"status-publish","4":"format-standard","5":"has-post-thumbnail","7":"category-nacionales","8":"tag-el-tiempo","9":"tag-pronostico","10":"tag-pronostico-del-tiempo"},"yoast_head":"<title>El viernes llegar\u00e1n las lluvias y la inestabilidad - Informe Litoral<\/title>\n<meta name=\"robots\" content=\"index, follow, max-snippet:-1, max-image-preview:large, max-video-preview:-1\" \/>\n<link rel=\"canonical\" href=\"https:\/\/informelitoral.com.ar\/el-viernes-llegaran-las-lluvias-y-la-inestabilidad\/\" \/>\n<meta property=\"og:locale\" content=\"es_ES\" \/>\n<meta property=\"og:type\" content=\"article\" \/>\n<meta property=\"og:title\" content=\"El viernes llegar\u00e1n las lluvias y la inestabilidad - Informe Litoral\" \/>\n<meta property=\"og:description\" content=\"Este mi\u00e9rcoles prevalecer\u00e1 el sol durante la tarde, al igual que el jueves. El viernes y s\u00e1bado llegar\u00e1 la inestabilidad con algunas lluvias, mientras que el domingo, D\u00eda del Padre, anticipan fr\u00edo pero sin precipitaciones.\" \/>\n<meta property=\"og:url\" content=\"https:\/\/informelitoral.com.ar\/el-viernes-llegaran-las-lluvias-y-la-inestabilidad\/\" \/>\n<meta property=\"og:site_name\" content=\"Informe Litoral\" \/>\n<meta property=\"article:publisher\" content=\"https:\/\/www.facebook.com\/informelitoral\/\" \/>\n<meta property=\"article:published_time\" content=\"2025-06-11T09:34:29+00:00\" \/>\n<meta property=\"og:image\" content=\"https:\/\/informelitoral.com.ar\/%77%70%2d%63%6f%6e%74%65%6e%74\/uploads\/2022\/10\/clima-soleado.jpg\" \/>\n\t<meta property=\"og:image:width\" content=\"800\" \/>\n\t<meta property=\"og:image:height\" content=\"533\" \/>\n\t<meta property=\"og:image:type\" content=\"image\/jpeg\" \/>\n<meta name=\"author\" content=\"Gonzalo Schmidt\" \/>\n<meta name=\"twitter:card\" content=\"summary_large_image\" \/>\n<meta name=\"twitter:creator\" content=\"@InformeLitoral\" \/>\n<meta name=\"twitter:site\" content=\"@InformeLitoral\" \/>\n<meta name=\"twitter:label1\" content=\"Escrito por\" \/>\n\t<meta name=\"twitter:data1\" content=\"Gonzalo Schmidt\" \/>\n\t<meta name=\"twitter:label2\" content=\"Tiempo de lectura\" \/>\n\t<meta name=\"twitter:data2\" content=\"3 minutos\" \/>\n<script type=\"application\/ld+json\" class=\"yoast-schema-graph\">{\"@context\":\"https:\\\/\\\/schema.org\",\"@graph\":[{\"@type\":\"Article\",\"@id\":\"https:\\\/\\\/informelitoral.com.ar\\\/el-viernes-llegaran-las-lluvias-y-la-inestabilidad\\\/#article\",\"isPartOf\":{\"@id\":\"https:\\\/\\\/informelitoral.com.ar\\\/el-viernes-llegaran-las-lluvias-y-la-inestabilidad\\\/\"},\"author\":{\"name\":\"Gonzalo Schmidt\",\"@id\":\"https:\\\/\\\/informelitoral.com.ar\\\/#\\\/schema\\\/person\\\/b9d00407c836482871ef1d57bf8e3180\"},\"headline\":\"El viernes llegar\u00e1n las lluvias y la inestabilidad\",\"datePublished\":\"2025-06-11T09:34:29+00:00\",\"mainEntityOfPage\":{\"@id\":\"https:\\\/\\\/informelitoral.com.ar\\\/el-viernes-llegaran-las-lluvias-y-la-inestabilidad\\\/\"},\"wordCount\":481,\"commentCount\":0,\"publisher\":{\"@id\":\"https:\\\/\\\/informelitoral.com.ar\\\/#organization\"},\"image\":{\"@id\":\"https:\\\/\\\/informelitoral.com.ar\\\/el-viernes-llegaran-las-lluvias-y-la-inestabilidad\\\/#primaryimage\"},\"thumbnailUrl\":\"https:\\\/\\\/informelitoral.com.ar\\\/%77%70%2d%63%6f%6e%74%65%6e%74\\\/uploads\\\/2022\\\/10\\\/clima-soleado.jpg\",\"keywords\":[\"El tiempo\",\"Pron\u00f3stico\",\"Pron\u00f3stico del tiempo\"],\"articleSection\":[\"Nacionales\"],\"inLanguage\":\"es\",\"potentialAction\":[{\"@type\":\"CommentAction\",\"name\":\"Comment\",\"target\":[\"https:\\\/\\\/informelitoral.com.ar\\\/el-viernes-llegaran-las-lluvias-y-la-inestabilidad\\\/#respond\"]}]},{\"@type\":\"WebPage\",\"@id\":\"https:\\\/\\\/informelitoral.com.ar\\\/el-viernes-llegaran-las-lluvias-y-la-inestabilidad\\\/\",\"url\":\"https:\\\/\\\/informelitoral.com.ar\\\/el-viernes-llegaran-las-lluvias-y-la-inestabilidad\\\/\",\"name\":\"El viernes llegar\u00e1n las lluvias y la inestabilidad - Informe Litoral\",\"isPartOf\":{\"@id\":\"https:\\\/\\\/informelitoral.com.ar\\\/#website\"},\"primaryImageOfPage\":{\"@id\":\"https:\\\/\\\/informelitoral.com.ar\\\/el-viernes-llegaran-las-lluvias-y-la-inestabilidad\\\/#primaryimage\"},\"image\":{\"@id\":\"https:\\\/\\\/informelitoral.com.ar\\\/el-viernes-llegaran-las-lluvias-y-la-inestabilidad\\\/#primaryimage\"},\"thumbnailUrl\":\"https:\\\/\\\/informelitoral.com.ar\\\/%77%70%2d%63%6f%6e%74%65%6e%74\\\/uploads\\\/2022\\\/10\\\/clima-soleado.jpg\",\"datePublished\":\"2025-06-11T09:34:29+00:00\",\"breadcrumb\":{\"@id\":\"https:\\\/\\\/informelitoral.com.ar\\\/el-viernes-llegaran-las-lluvias-y-la-inestabilidad\\\/#breadcrumb\"},\"inLanguage\":\"es\",\"potentialAction\":[{\"@type\":\"ReadAction\",\"target\":[\"https:\\\/\\\/informelitoral.com.ar\\\/el-viernes-llegaran-las-lluvias-y-la-inestabilidad\\\/\"]}]},{\"@type\":\"ImageObject\",\"inLanguage\":\"es\",\"@id\":\"https:\\\/\\\/informelitoral.com.ar\\\/el-viernes-llegaran-las-lluvias-y-la-inestabilidad\\\/#primaryimage\",\"url\":\"https:\\\/\\\/informelitoral.com.ar\\\/%77%70%2d%63%6f%6e%74%65%6e%74\\\/uploads\\\/2022\\\/10\\\/clima-soleado.jpg\",\"contentUrl\":\"https:\\\/\\\/informelitoral.com.ar\\\/%77%70%2d%63%6f%6e%74%65%6e%74\\\/uploads\\\/2022\\\/10\\\/clima-soleado.jpg\",\"width\":800,\"height\":533},{\"@type\":\"BreadcrumbList\",\"@id\":\"https:\\\/\\\/informelitoral.com.ar\\\/el-viernes-llegaran-las-lluvias-y-la-inestabilidad\\\/#breadcrumb\",\"itemListElement\":[{\"@type\":\"ListItem\",\"position\":1,\"name\":\"Portada\",\"item\":\"https:\\\/\\\/informelitoral.com.ar\\\/\"},{\"@type\":\"ListItem\",\"position\":2,\"name\":\"El viernes llegar\u00e1n las lluvias y la inestabilidad\"}]},{\"@type\":\"WebSite\",\"@id\":\"https:\\\/\\\/informelitoral.com.ar\\\/#website\",\"url\":\"https:\\\/\\\/informelitoral.com.ar\\\/\",\"name\":\"Informe Litoral\",\"description\":\"&quot;Nos informamos&quot; \",\"publisher\":{\"@id\":\"https:\\\/\\\/informelitoral.com.ar\\\/#organization\"},\"potentialAction\":[{\"@type\":\"SearchAction\",\"target\":{\"@type\":\"EntryPoint\",\"urlTemplate\":\"https:\\\/\\\/informelitoral.com.ar\\\/?s={search_term_string}\"},\"query-input\":{\"@type\":\"PropertyValueSpecification\",\"valueRequired\":true,\"valueName\":\"search_term_string\"}}],\"inLanguage\":\"es\"},{\"@type\":\"Organization\",\"@id\":\"https:\\\/\\\/informelitoral.com.ar\\\/#organization\",\"name\":\"Informe Litoral\",\"url\":\"https:\\\/\\\/informelitoral.com.ar\\\/\",\"logo\":{\"@type\":\"ImageObject\",\"inLanguage\":\"es\",\"@id\":\"https:\\\/\\\/informelitoral.com.ar\\\/#\\\/schema\\\/logo\\\/image\\\/\",\"url\":\"https:\\\/\\\/informelitoral.com.ar\\\/%77%70%2d%63%6f%6e%74%65%6e%74\\\/uploads\\\/2021\\\/01\\\/circulo.png\",\"contentUrl\":\"https:\\\/\\\/informelitoral.com.ar\\\/%77%70%2d%63%6f%6e%74%65%6e%74\\\/uploads\\\/2021\\\/01\\\/circulo.png\",\"width\":723,\"height\":731,\"caption\":\"Informe Litoral\"},\"image\":{\"@id\":\"https:\\\/\\\/informelitoral.com.ar\\\/#\\\/schema\\\/logo\\\/image\\\/\"},\"sameAs\":[\"https:\\\/\\\/www.facebook.com\\\/informelitoral\\\/\",\"https:\\\/\\\/x.com\\\/InformeLitoral\",\"https:\\\/\\\/www.instagram.com\\\/informelitoral\\\/\",\"https:\\\/\\\/www.youtube.com\\\/channel\\\/UCua4Qvz8Icb6MYqhoq9xLXw\"]},{\"@type\":\"Person\",\"@id\":\"https:\\\/\\\/informelitoral.com.ar\\\/#\\\/schema\\\/person\\\/b9d00407c836482871ef1d57bf8e3180\",\"name\":\"Gonzalo Schmidt\",\"image\":{\"@type\":\"ImageObject\",\"inLanguage\":\"es\",\"@id\":\"https:\\\/\\\/secure.gravatar.com\\\/avatar\\\/31a1a7b66ff2de83bd0e9fd79d026630d2d99e55e8bfe501287647b4fd9743de?s=96&d=mm&r=g\",\"url\":\"https:\\\/\\\/secure.gravatar.com\\\/avatar\\\/31a1a7b66ff2de83bd0e9fd79d026630d2d99e55e8bfe501287647b4fd9743de?s=96&d=mm&r=g\",\"contentUrl\":\"https:\\\/\\\/secure.gravatar.com\\\/avatar\\\/31a1a7b66ff2de83bd0e9fd79d026630d2d99e55e8bfe501287647b4fd9743de?s=96&d=mm&r=g\",\"caption\":\"Gonzalo Schmidt\"},\"description\":\"Sitio web de noticias de la provincia de Entre R\u00edos, Argentina. Informaci\u00f3n y entretenimiento. Informe Litoral, nos informamos.\",\"sameAs\":[\"http:\\\/\\\/www.isletasnoticias.com.ar\"],\"url\":\"https:\\\/\\\/informelitoral.com.ar\\\/author\\\/gonzalo\\\/\"}]}<\/script>","yoast_head_json":{"title":"El viernes llegar\u00e1n las lluvias y la inestabilidad - Informe Litoral","robots":{"index":"index","follow":"follow","max-snippet":"max-snippet:-1","max-image-preview":"max-image-preview:large","max-video-preview":"max-video-preview:-1"},"canonical":"https:\/\/informelitoral.com.ar\/el-viernes-llegaran-las-lluvias-y-la-inestabilidad\/","og_locale":"es_ES","og_type":"article","og_title":"El viernes llegar\u00e1n las lluvias y la inestabilidad - Informe Litoral","og_description":"Este mi\u00e9rcoles prevalecer\u00e1 el sol durante la tarde, al igual que el jueves. El viernes y s\u00e1bado llegar\u00e1 la inestabilidad con algunas lluvias, mientras que el domingo, D\u00eda del Padre, anticipan fr\u00edo pero sin precipitaciones.","og_url":"https:\/\/informelitoral.com.ar\/el-viernes-llegaran-las-lluvias-y-la-inestabilidad\/","og_site_name":"Informe Litoral","article_publisher":"https:\/\/www.facebook.com\/informelitoral\/","article_published_time":"2025-06-11T09:34:29+00:00","og_image":[{"width":800,"height":533,"url":"https:\/\/informelitoral.com.ar\/%77%70%2d%63%6f%6e%74%65%6e%74\/uploads\/2022\/10\/clima-soleado.jpg","type":"image\/jpeg"}],"author":"Gonzalo Schmidt","twitter_card":"summary_large_image","twitter_creator":"@InformeLitoral","twitter_site":"@InformeLitoral","twitter_misc":{"Escrito por":"Gonzalo Schmidt","Tiempo de lectura":"3 minutos"},"schema":{"@context":"https:\/\/schema.org","@graph":[{"@type":"Article","@id":"https:\/\/informelitoral.com.ar\/el-viernes-llegaran-las-lluvias-y-la-inestabilidad\/#article","isPartOf":{"@id":"https:\/\/informelitoral.com.ar\/el-viernes-llegaran-las-lluvias-y-la-inestabilidad\/"},"author":{"name":"Gonzalo Schmidt","@id":"https:\/\/informelitoral.com.ar\/#\/schema\/person\/b9d00407c836482871ef1d57bf8e3180"},"headline":"El viernes llegar\u00e1n las lluvias y la inestabilidad","datePublished":"2025-06-11T09:34:29+00:00","mainEntityOfPage":{"@id":"https:\/\/informelitoral.com.ar\/el-viernes-llegaran-las-lluvias-y-la-inestabilidad\/"},"wordCount":481,"commentCount":0,"publisher":{"@id":"https:\/\/informelitoral.com.ar\/#organization"},"image":{"@id":"https:\/\/informelitoral.com.ar\/el-viernes-llegaran-las-lluvias-y-la-inestabilidad\/#primaryimage"},"thumbnailUrl":"https:\/\/informelitoral.com.ar\/%77%70%2d%63%6f%6e%74%65%6e%74\/uploads\/2022\/10\/clima-soleado.jpg","keywords":["El tiempo","Pron\u00f3stico","Pron\u00f3stico del tiempo"],"articleSection":["Nacionales"],"inLanguage":"es","potentialAction":[{"@type":"CommentAction","name":"Comment","target":["https:\/\/informelitoral.com.ar\/el-viernes-llegaran-las-lluvias-y-la-inestabilidad\/#respond"]}]},{"@type":"WebPage","@id":"https:\/\/informelitoral.com.ar\/el-viernes-llegaran-las-lluvias-y-la-inestabilidad\/","url":"https:\/\/informelitoral.com.ar\/el-viernes-llegaran-las-lluvias-y-la-inestabilidad\/","name":"El viernes llegar\u00e1n las lluvias y la inestabilidad - Informe Litoral","isPartOf":{"@id":"https:\/\/informelitoral.com.ar\/#website"},"primaryImageOfPage":{"@id":"https:\/\/informelitoral.com.ar\/el-viernes-llegaran-las-lluvias-y-la-inestabilidad\/#primaryimage"},"image":{"@id":"https:\/\/informelitoral.com.ar\/el-viernes-llegaran-las-lluvias-y-la-inestabilidad\/#primaryimage"},"thumbnailUrl":"https:\/\/informelitoral.com.ar\/%77%70%2d%63%6f%6e%74%65%6e%74\/uploads\/2022\/10\/clima-soleado.jpg","datePublished":"2025-06-11T09:34:29+00:00","breadcrumb":{"@id":"https:\/\/informelitoral.com.ar\/el-viernes-llegaran-las-lluvias-y-la-inestabilidad\/#breadcrumb"},"inLanguage":"es","potentialAction":[{"@type":"ReadAction","target":["https:\/\/informelitoral.com.ar\/el-viernes-llegaran-las-lluvias-y-la-inestabilidad\/"]}]},{"@type":"ImageObject","inLanguage":"es","@id":"https:\/\/informelitoral.com.ar\/el-viernes-llegaran-las-lluvias-y-la-inestabilidad\/#primaryimage","url":"https:\/\/informelitoral.com.ar\/%77%70%2d%63%6f%6e%74%65%6e%74\/uploads\/2022\/10\/clima-soleado.jpg","contentUrl":"https:\/\/informelitoral.com.ar\/%77%70%2d%63%6f%6e%74%65%6e%74\/uploads\/2022\/10\/clima-soleado.jpg","width":800,"height":533},{"@type":"BreadcrumbList","@id":"https:\/\/informelitoral.com.ar\/el-viernes-llegaran-las-lluvias-y-la-inestabilidad\/#breadcrumb","itemListElement":[{"@type":"ListItem","position":1,"name":"Portada","item":"https:\/\/informelitoral.com.ar\/"},{"@type":"ListItem","position":2,"name":"El viernes llegar\u00e1n las lluvias y la inestabilidad"}]},{"@type":"WebSite","@id":"https:\/\/informelitoral.com.ar\/#website","url":"https:\/\/informelitoral.com.ar\/","name":"Informe Litoral","description":"&quot;Nos informamos&quot; ","publisher":{"@id":"https:\/\/informelitoral.com.ar\/#organization"},"potentialAction":[{"@type":"SearchAction","target":{"@type":"EntryPoint","urlTemplate":"https:\/\/informelitoral.com.ar\/?s={search_term_string}"},"query-input":{"@type":"PropertyValueSpecification","valueRequired":true,"valueName":"search_term_string"}}],"inLanguage":"es"},{"@type":"Organization","@id":"https:\/\/informelitoral.com.ar\/#organization","name":"Informe Litoral","url":"https:\/\/informelitoral.com.ar\/","logo":{"@type":"ImageObject","inLanguage":"es","@id":"https:\/\/informelitoral.com.ar\/#\/schema\/logo\/image\/","url":"https:\/\/informelitoral.com.ar\/%77%70%2d%63%6f%6e%74%65%6e%74\/uploads\/2021\/01\/circulo.png","contentUrl":"https:\/\/informelitoral.com.ar\/%77%70%2d%63%6f%6e%74%65%6e%74\/uploads\/2021\/01\/circulo.png","width":723,"height":731,"caption":"Informe Litoral"},"image":{"@id":"https:\/\/informelitoral.com.ar\/#\/schema\/logo\/image\/"},"sameAs":["https:\/\/www.facebook.com\/informelitoral\/","https:\/\/x.com\/InformeLitoral","https:\/\/www.instagram.com\/informelitoral\/","https:\/\/www.youtube.com\/channel\/UCua4Qvz8Icb6MYqhoq9xLXw"]},{"@type":"Person","@id":"https:\/\/informelitoral.com.ar\/#\/schema\/person\/b9d00407c836482871ef1d57bf8e3180","name":"Gonzalo Schmidt","image":{"@type":"ImageObject","inLanguage":"es","@id":"https:\/\/secure.gravatar.com\/avatar\/31a1a7b66ff2de83bd0e9fd79d026630d2d99e55e8bfe501287647b4fd9743de?s=96&d=mm&r=g","url":"https:\/\/secure.gravatar.com\/avatar\/31a1a7b66ff2de83bd0e9fd79d026630d2d99e55e8bfe501287647b4fd9743de?s=96&d=mm&r=g","contentUrl":"https:\/\/secure.gravatar.com\/avatar\/31a1a7b66ff2de83bd0e9fd79d026630d2d99e55e8bfe501287647b4fd9743de?s=96&d=mm&r=g","caption":"Gonzalo Schmidt"},"description":"Sitio web de noticias de la provincia de Entre R\u00edos, Argentina. Informaci\u00f3n y entretenimiento. Informe Litoral, nos informamos.","sameAs":["http:\/\/www.isletasnoticias.com.ar"],"url":"https:\/\/informelitoral.com.ar\/author\/gonzalo\/"}]}},"_links":{"self":[{"href":"https:\/\/informelitoral.com.ar\/%77%70%2d%6a%73%6f%6e\/wp\/v2\/posts\/223785","targetHints":{"allow":["GET"]}}],"collection":[{"href":"https:\/\/informelitoral.com.ar\/%77%70%2d%6a%73%6f%6e\/wp\/v2\/posts"}],"about":[{"href":"https:\/\/informelitoral.com.ar\/%77%70%2d%6a%73%6f%6e\/wp\/v2\/types\/post"}],"author":[{"embeddable":true,"href":"https:\/\/informelitoral.com.ar\/%77%70%2d%6a%73%6f%6e\/wp\/v2\/users\/2"}],"replies":[{"embeddable":true,"href":"https:\/\/informelitoral.com.ar\/%77%70%2d%6a%73%6f%6e\/wp\/v2\/comments?post=223785"}],"version-history":[{"count":2,"href":"https:\/\/informelitoral.com.ar\/%77%70%2d%6a%73%6f%6e\/wp\/v2\/posts\/223785\/revisions"}],"predecessor-version":[{"id":223787,"href":"https:\/\/informelitoral.com.ar\/%77%70%2d%6a%73%6f%6e\/wp\/v2\/posts\/223785\/revisions\/223787"}],"wp:featuredmedia":[{"embeddable":true,"href":"https:\/\/informelitoral.com.ar\/%77%70%2d%6a%73%6f%6e\/wp\/v2\/media\/91739"}],"wp:attachment":[{"href":"https:\/\/informelitoral.com.ar\/%77%70%2d%6a%73%6f%6e\/wp\/v2\/media?parent=223785"}],"wp:term":[{"taxonomy":"category","embeddable":true,"href":"https:\/\/informelitoral.com.ar\/%77%70%2d%6a%73%6f%6e\/wp\/v2\/categories?post=223785"},{"taxonomy":"post_tag","embeddable":true,"href":"https:\/\/informelitoral.com.ar\/%77%70%2d%6a%73%6f%6e\/wp\/v2\/tags?post=223785"}],"curies":[{"name":"wp","href":"https:\/\/api.w.org\/{rel}","templated":true}]}}