{"id":223689,"date":"2025-06-10T09:58:58","date_gmt":"2025-06-10T12:58:58","guid":{"rendered":"https:\/\/informelitoral.com.ar\/?p=223689"},"modified":"2025-06-10T19:59:23","modified_gmt":"2025-06-10T22:59:23","slug":"nuevas-capacitaciones-en-general-ramirez-cursos-de-aires-acondicionados-e-introduccion-a-la-programacion-con-ia","status":"publish","type":"post","link":"https:\/\/informelitoral.com.ar\/nuevas-capacitaciones-en-general-ramirez-cursos-de-aires-acondicionados-e-introduccion-a-la-programacion-con-ia\/","title":{"rendered":"General Ram\u00edrez suma dos nuevos cursos con la UTN"},"content":{"rendered":"<p><strong>La Municipalidad de General Ram\u00edrez<\/strong> firm\u00f3 un convenio con la<strong> Universidad Tecnol\u00f3gica Nacional (UTN) Paran\u00e1<\/strong> para ofrecer dos nuevos cursos de capacitaci\u00f3n en la ciudad. Estas iniciativas, que se dictar\u00e1n de forma presencial, buscan brindar a los vecinos herramientas para la inserci\u00f3n laboral y el desarrollo en el \u00e1mbito tecnol\u00f3gico.<\/p>\n<h6><em><strong>Dela archivo: <a href=\"https:\/\/informelitoral.com.ar\/obras-publicas-en-general-ramirez-bacheo-y-mejoramiento-de-calles-para-mas-seguridad-vial\/\" target=\"_blank\" rel=\"noopener\">Obras P\u00fablicas en General Ram\u00edrez: bacheo y mejoramiento de calles para m\u00e1s seguridad vial<\/a><\/strong><\/em><\/h6>\n<h2><strong>Los dos cursos que se pondr\u00e1n en marcha son:<\/strong><\/h2>\n<ul>\n<li>Instalaci\u00f3n y mantenimiento de aires acondicionados<\/li>\n<li>Introducci\u00f3n a la programaci\u00f3n con inteligencia artificial. <em>(Informe Litoral)<\/em><\/li>\n<\/ul>\n<h6><em><strong>Del archivo:\u00a0<a href=\"https:\/\/informelitoral.com.ar\/entre-rios-promovio-dos-juicios-contra-el-estado-nacional-que-acumulan-casi-1-000-millones-de-dolares\/\" target=\"_blank\" rel=\"noopener\">Entre R\u00edos promovi\u00f3 dos juicios contra el Estado Nacional que acumulan casi 1.000 millones de d\u00f3lares<\/a><\/strong><\/em><\/h6>\n","protected":false},"excerpt":{"rendered":"<p>Adem\u00e1s, durante el encuentro con las autoridades de la UTN Paran\u00e1, se dialog\u00f3 sobre la posibilidad de que General Ram\u00edrez pueda contar con una Tecnicatura Universitaria el pr\u00f3ximo a\u00f1o, lo que representar\u00eda un paso significativo en la oferta educativa superior de la ciudad.<\/p>\n","protected":false},"author":8,"featured_media":223690,"comment_status":"open","ping_status":"open","sticky":false,"template":"","format":"standard","meta":{"fifu_image_url":"","fifu_image_alt":"","footnotes":""},"categories":[5,4586],"tags":[54,556,1433,4435],"class_list":{"0":"post-223689","1":"post","2":"type-post","3":"status-publish","4":"format-standard","5":"has-post-thumbnail","7":"category-zonales","8":"category-general-ramirez","9":"tag-capacitacion","10":"tag-general-ramirez","11":"tag-municipalidad-de-general-ramirez","12":"tag-utn"},"yoast_head":"<title>General Ram\u00edrez suma dos nuevos cursos con la UTN - Informe Litoral<\/title>\n<meta name=\"robots\" content=\"index, follow, max-snippet:-1, max-image-preview:large, max-video-preview:-1\" \/>\n<link rel=\"canonical\" href=\"https:\/\/informelitoral.com.ar\/nuevas-capacitaciones-en-general-ramirez-cursos-de-aires-acondicionados-e-introduccion-a-la-programacion-con-ia\/\" \/>\n<meta property=\"og:locale\" content=\"es_ES\" \/>\n<meta property=\"og:type\" content=\"article\" \/>\n<meta property=\"og:title\" content=\"General Ram\u00edrez suma dos nuevos cursos con la UTN - Informe Litoral\" \/>\n<meta property=\"og:description\" content=\"Adem\u00e1s, durante el encuentro con las autoridades de la UTN Paran\u00e1, se dialog\u00f3 sobre la posibilidad de que General Ram\u00edrez pueda contar con una Tecnicatura Universitaria el pr\u00f3ximo a\u00f1o, lo que representar\u00eda un paso significativo en la oferta educativa superior de la ciudad.\" \/>\n<meta property=\"og:url\" content=\"https:\/\/informelitoral.com.ar\/nuevas-capacitaciones-en-general-ramirez-cursos-de-aires-acondicionados-e-introduccion-a-la-programacion-con-ia\/\" \/>\n<meta property=\"og:site_name\" content=\"Informe Litoral\" \/>\n<meta property=\"article:publisher\" content=\"https:\/\/www.facebook.com\/informelitoral\/\" \/>\n<meta property=\"article:published_time\" content=\"2025-06-10T12:58:58+00:00\" \/>\n<meta property=\"article:modified_time\" content=\"2025-06-10T22:59:23+00:00\" \/>\n<meta property=\"og:image\" content=\"https:\/\/informelitoral.com.ar\/%77%70%2d%63%6f%6e%74%65%6e%74\/uploads\/2025\/06\/503988642_18469683403073115_4684614458065036500_n.jpg\" \/>\n\t<meta property=\"og:image:width\" content=\"1440\" \/>\n\t<meta property=\"og:image:height\" content=\"960\" \/>\n\t<meta property=\"og:image:type\" content=\"image\/jpeg\" \/>\n<meta name=\"author\" content=\"Sebastian\" \/>\n<meta name=\"twitter:card\" content=\"summary_large_image\" \/>\n<meta name=\"twitter:creator\" content=\"@InformeLitoral\" \/>\n<meta name=\"twitter:site\" content=\"@InformeLitoral\" \/>\n<meta name=\"twitter:label1\" content=\"Escrito por\" \/>\n\t<meta name=\"twitter:data1\" content=\"Sebastian\" \/>\n\t<meta name=\"twitter:label2\" content=\"Tiempo de lectura\" \/>\n\t<meta name=\"twitter:data2\" content=\"1 minuto\" \/>\n<script type=\"application\/ld+json\" class=\"yoast-schema-graph\">{\"@context\":\"https:\\\/\\\/schema.org\",\"@graph\":[{\"@type\":\"Article\",\"@id\":\"https:\\\/\\\/informelitoral.com.ar\\\/nuevas-capacitaciones-en-general-ramirez-cursos-de-aires-acondicionados-e-introduccion-a-la-programacion-con-ia\\\/#article\",\"isPartOf\":{\"@id\":\"https:\\\/\\\/informelitoral.com.ar\\\/nuevas-capacitaciones-en-general-ramirez-cursos-de-aires-acondicionados-e-introduccion-a-la-programacion-con-ia\\\/\"},\"author\":{\"name\":\"Sebastian\",\"@id\":\"https:\\\/\\\/informelitoral.com.ar\\\/#\\\/schema\\\/person\\\/f05f9f461677119578717524b127d6d5\"},\"headline\":\"General Ram\u00edrez suma dos nuevos cursos con la UTN\",\"datePublished\":\"2025-06-10T12:58:58+00:00\",\"dateModified\":\"2025-06-10T22:59:23+00:00\",\"mainEntityOfPage\":{\"@id\":\"https:\\\/\\\/informelitoral.com.ar\\\/nuevas-capacitaciones-en-general-ramirez-cursos-de-aires-acondicionados-e-introduccion-a-la-programacion-con-ia\\\/\"},\"wordCount\":132,\"commentCount\":0,\"publisher\":{\"@id\":\"https:\\\/\\\/informelitoral.com.ar\\\/#organization\"},\"image\":{\"@id\":\"https:\\\/\\\/informelitoral.com.ar\\\/nuevas-capacitaciones-en-general-ramirez-cursos-de-aires-acondicionados-e-introduccion-a-la-programacion-con-ia\\\/#primaryimage\"},\"thumbnailUrl\":\"https:\\\/\\\/informelitoral.com.ar\\\/%77%70%2d%63%6f%6e%74%65%6e%74\\\/uploads\\\/2025\\\/06\\\/503988642_18469683403073115_4684614458065036500_n.jpg\",\"keywords\":[\"Capacitaci\u00f3n\",\"General Ram\u00edrez\",\"Municipalidad de General Ram\u00edrez\",\"UTN\"],\"articleSection\":[\"Departamento Diamante\",\"General Ram\u00edrez\"],\"inLanguage\":\"es\",\"potentialAction\":[{\"@type\":\"CommentAction\",\"name\":\"Comment\",\"target\":[\"https:\\\/\\\/informelitoral.com.ar\\\/nuevas-capacitaciones-en-general-ramirez-cursos-de-aires-acondicionados-e-introduccion-a-la-programacion-con-ia\\\/#respond\"]}]},{\"@type\":\"WebPage\",\"@id\":\"https:\\\/\\\/informelitoral.com.ar\\\/nuevas-capacitaciones-en-general-ramirez-cursos-de-aires-acondicionados-e-introduccion-a-la-programacion-con-ia\\\/\",\"url\":\"https:\\\/\\\/informelitoral.com.ar\\\/nuevas-capacitaciones-en-general-ramirez-cursos-de-aires-acondicionados-e-introduccion-a-la-programacion-con-ia\\\/\",\"name\":\"General Ram\u00edrez suma dos nuevos cursos con la UTN - Informe Litoral\",\"isPartOf\":{\"@id\":\"https:\\\/\\\/informelitoral.com.ar\\\/#website\"},\"primaryImageOfPage\":{\"@id\":\"https:\\\/\\\/informelitoral.com.ar\\\/nuevas-capacitaciones-en-general-ramirez-cursos-de-aires-acondicionados-e-introduccion-a-la-programacion-con-ia\\\/#primaryimage\"},\"image\":{\"@id\":\"https:\\\/\\\/informelitoral.com.ar\\\/nuevas-capacitaciones-en-general-ramirez-cursos-de-aires-acondicionados-e-introduccion-a-la-programacion-con-ia\\\/#primaryimage\"},\"thumbnailUrl\":\"https:\\\/\\\/informelitoral.com.ar\\\/%77%70%2d%63%6f%6e%74%65%6e%74\\\/uploads\\\/2025\\\/06\\\/503988642_18469683403073115_4684614458065036500_n.jpg\",\"datePublished\":\"2025-06-10T12:58:58+00:00\",\"dateModified\":\"2025-06-10T22:59:23+00:00\",\"breadcrumb\":{\"@id\":\"https:\\\/\\\/informelitoral.com.ar\\\/nuevas-capacitaciones-en-general-ramirez-cursos-de-aires-acondicionados-e-introduccion-a-la-programacion-con-ia\\\/#breadcrumb\"},\"inLanguage\":\"es\",\"potentialAction\":[{\"@type\":\"ReadAction\",\"target\":[\"https:\\\/\\\/informelitoral.com.ar\\\/nuevas-capacitaciones-en-general-ramirez-cursos-de-aires-acondicionados-e-introduccion-a-la-programacion-con-ia\\\/\"]}]},{\"@type\":\"ImageObject\",\"inLanguage\":\"es\",\"@id\":\"https:\\\/\\\/informelitoral.com.ar\\\/nuevas-capacitaciones-en-general-ramirez-cursos-de-aires-acondicionados-e-introduccion-a-la-programacion-con-ia\\\/#primaryimage\",\"url\":\"https:\\\/\\\/informelitoral.com.ar\\\/%77%70%2d%63%6f%6e%74%65%6e%74\\\/uploads\\\/2025\\\/06\\\/503988642_18469683403073115_4684614458065036500_n.jpg\",\"contentUrl\":\"https:\\\/\\\/informelitoral.com.ar\\\/%77%70%2d%63%6f%6e%74%65%6e%74\\\/uploads\\\/2025\\\/06\\\/503988642_18469683403073115_4684614458065036500_n.jpg\",\"width\":1440,\"height\":960},{\"@type\":\"BreadcrumbList\",\"@id\":\"https:\\\/\\\/informelitoral.com.ar\\\/nuevas-capacitaciones-en-general-ramirez-cursos-de-aires-acondicionados-e-introduccion-a-la-programacion-con-ia\\\/#breadcrumb\",\"itemListElement\":[{\"@type\":\"ListItem\",\"position\":1,\"name\":\"Portada\",\"item\":\"https:\\\/\\\/informelitoral.com.ar\\\/\"},{\"@type\":\"ListItem\",\"position\":2,\"name\":\"General Ram\u00edrez suma dos nuevos cursos con la UTN\"}]},{\"@type\":\"WebSite\",\"@id\":\"https:\\\/\\\/informelitoral.com.ar\\\/#website\",\"url\":\"https:\\\/\\\/informelitoral.com.ar\\\/\",\"name\":\"Informe Litoral\",\"description\":\"&quot;Nos informamos&quot; \",\"publisher\":{\"@id\":\"https:\\\/\\\/informelitoral.com.ar\\\/#organization\"},\"potentialAction\":[{\"@type\":\"SearchAction\",\"target\":{\"@type\":\"EntryPoint\",\"urlTemplate\":\"https:\\\/\\\/informelitoral.com.ar\\\/?s={search_term_string}\"},\"query-input\":{\"@type\":\"PropertyValueSpecification\",\"valueRequired\":true,\"valueName\":\"search_term_string\"}}],\"inLanguage\":\"es\"},{\"@type\":\"Organization\",\"@id\":\"https:\\\/\\\/informelitoral.com.ar\\\/#organization\",\"name\":\"Informe Litoral\",\"url\":\"https:\\\/\\\/informelitoral.com.ar\\\/\",\"logo\":{\"@type\":\"ImageObject\",\"inLanguage\":\"es\",\"@id\":\"https:\\\/\\\/informelitoral.com.ar\\\/#\\\/schema\\\/logo\\\/image\\\/\",\"url\":\"https:\\\/\\\/informelitoral.com.ar\\\/%77%70%2d%63%6f%6e%74%65%6e%74\\\/uploads\\\/2021\\\/01\\\/circulo.png\",\"contentUrl\":\"https:\\\/\\\/informelitoral.com.ar\\\/%77%70%2d%63%6f%6e%74%65%6e%74\\\/uploads\\\/2021\\\/01\\\/circulo.png\",\"width\":723,\"height\":731,\"caption\":\"Informe Litoral\"},\"image\":{\"@id\":\"https:\\\/\\\/informelitoral.com.ar\\\/#\\\/schema\\\/logo\\\/image\\\/\"},\"sameAs\":[\"https:\\\/\\\/www.facebook.com\\\/informelitoral\\\/\",\"https:\\\/\\\/x.com\\\/InformeLitoral\",\"https:\\\/\\\/www.instagram.com\\\/informelitoral\\\/\",\"https:\\\/\\\/www.youtube.com\\\/channel\\\/UCua4Qvz8Icb6MYqhoq9xLXw\"]},{\"@type\":\"Person\",\"@id\":\"https:\\\/\\\/informelitoral.com.ar\\\/#\\\/schema\\\/person\\\/f05f9f461677119578717524b127d6d5\",\"name\":\"Sebastian\",\"image\":{\"@type\":\"ImageObject\",\"inLanguage\":\"es\",\"@id\":\"https:\\\/\\\/secure.gravatar.com\\\/avatar\\\/b71bf7481d447dfb9583c7f2798e7cc64de6efb9067b74633ed8c31059a3bd82?s=96&d=mm&r=g\",\"url\":\"https:\\\/\\\/secure.gravatar.com\\\/avatar\\\/b71bf7481d447dfb9583c7f2798e7cc64de6efb9067b74633ed8c31059a3bd82?s=96&d=mm&r=g\",\"contentUrl\":\"https:\\\/\\\/secure.gravatar.com\\\/avatar\\\/b71bf7481d447dfb9583c7f2798e7cc64de6efb9067b74633ed8c31059a3bd82?s=96&d=mm&r=g\",\"caption\":\"Sebastian\"},\"url\":\"https:\\\/\\\/informelitoral.com.ar\\\/author\\\/sebastian\\\/\"}]}<\/script>","yoast_head_json":{"title":"General Ram\u00edrez suma dos nuevos cursos con la UTN - Informe Litoral","robots":{"index":"index","follow":"follow","max-snippet":"max-snippet:-1","max-image-preview":"max-image-preview:large","max-video-preview":"max-video-preview:-1"},"canonical":"https:\/\/informelitoral.com.ar\/nuevas-capacitaciones-en-general-ramirez-cursos-de-aires-acondicionados-e-introduccion-a-la-programacion-con-ia\/","og_locale":"es_ES","og_type":"article","og_title":"General Ram\u00edrez suma dos nuevos cursos con la UTN - Informe Litoral","og_description":"Adem\u00e1s, durante el encuentro con las autoridades de la UTN Paran\u00e1, se dialog\u00f3 sobre la posibilidad de que General Ram\u00edrez pueda contar con una Tecnicatura Universitaria el pr\u00f3ximo a\u00f1o, lo que representar\u00eda un paso significativo en la oferta educativa superior de la ciudad.","og_url":"https:\/\/informelitoral.com.ar\/nuevas-capacitaciones-en-general-ramirez-cursos-de-aires-acondicionados-e-introduccion-a-la-programacion-con-ia\/","og_site_name":"Informe Litoral","article_publisher":"https:\/\/www.facebook.com\/informelitoral\/","article_published_time":"2025-06-10T12:58:58+00:00","article_modified_time":"2025-06-10T22:59:23+00:00","og_image":[{"width":1440,"height":960,"url":"https:\/\/informelitoral.com.ar\/%77%70%2d%63%6f%6e%74%65%6e%74\/uploads\/2025\/06\/503988642_18469683403073115_4684614458065036500_n.jpg","type":"image\/jpeg"}],"author":"Sebastian","twitter_card":"summary_large_image","twitter_creator":"@InformeLitoral","twitter_site":"@InformeLitoral","twitter_misc":{"Escrito por":"Sebastian","Tiempo de lectura":"1 minuto"},"schema":{"@context":"https:\/\/schema.org","@graph":[{"@type":"Article","@id":"https:\/\/informelitoral.com.ar\/nuevas-capacitaciones-en-general-ramirez-cursos-de-aires-acondicionados-e-introduccion-a-la-programacion-con-ia\/#article","isPartOf":{"@id":"https:\/\/informelitoral.com.ar\/nuevas-capacitaciones-en-general-ramirez-cursos-de-aires-acondicionados-e-introduccion-a-la-programacion-con-ia\/"},"author":{"name":"Sebastian","@id":"https:\/\/informelitoral.com.ar\/#\/schema\/person\/f05f9f461677119578717524b127d6d5"},"headline":"General Ram\u00edrez suma dos nuevos cursos con la UTN","datePublished":"2025-06-10T12:58:58+00:00","dateModified":"2025-06-10T22:59:23+00:00","mainEntityOfPage":{"@id":"https:\/\/informelitoral.com.ar\/nuevas-capacitaciones-en-general-ramirez-cursos-de-aires-acondicionados-e-introduccion-a-la-programacion-con-ia\/"},"wordCount":132,"commentCount":0,"publisher":{"@id":"https:\/\/informelitoral.com.ar\/#organization"},"image":{"@id":"https:\/\/informelitoral.com.ar\/nuevas-capacitaciones-en-general-ramirez-cursos-de-aires-acondicionados-e-introduccion-a-la-programacion-con-ia\/#primaryimage"},"thumbnailUrl":"https:\/\/informelitoral.com.ar\/%77%70%2d%63%6f%6e%74%65%6e%74\/uploads\/2025\/06\/503988642_18469683403073115_4684614458065036500_n.jpg","keywords":["Capacitaci\u00f3n","General Ram\u00edrez","Municipalidad de General Ram\u00edrez","UTN"],"articleSection":["Departamento Diamante","General Ram\u00edrez"],"inLanguage":"es","potentialAction":[{"@type":"CommentAction","name":"Comment","target":["https:\/\/informelitoral.com.ar\/nuevas-capacitaciones-en-general-ramirez-cursos-de-aires-acondicionados-e-introduccion-a-la-programacion-con-ia\/#respond"]}]},{"@type":"WebPage","@id":"https:\/\/informelitoral.com.ar\/nuevas-capacitaciones-en-general-ramirez-cursos-de-aires-acondicionados-e-introduccion-a-la-programacion-con-ia\/","url":"https:\/\/informelitoral.com.ar\/nuevas-capacitaciones-en-general-ramirez-cursos-de-aires-acondicionados-e-introduccion-a-la-programacion-con-ia\/","name":"General Ram\u00edrez suma dos nuevos cursos con la UTN - Informe Litoral","isPartOf":{"@id":"https:\/\/informelitoral.com.ar\/#website"},"primaryImageOfPage":{"@id":"https:\/\/informelitoral.com.ar\/nuevas-capacitaciones-en-general-ramirez-cursos-de-aires-acondicionados-e-introduccion-a-la-programacion-con-ia\/#primaryimage"},"image":{"@id":"https:\/\/informelitoral.com.ar\/nuevas-capacitaciones-en-general-ramirez-cursos-de-aires-acondicionados-e-introduccion-a-la-programacion-con-ia\/#primaryimage"},"thumbnailUrl":"https:\/\/informelitoral.com.ar\/%77%70%2d%63%6f%6e%74%65%6e%74\/uploads\/2025\/06\/503988642_18469683403073115_4684614458065036500_n.jpg","datePublished":"2025-06-10T12:58:58+00:00","dateModified":"2025-06-10T22:59:23+00:00","breadcrumb":{"@id":"https:\/\/informelitoral.com.ar\/nuevas-capacitaciones-en-general-ramirez-cursos-de-aires-acondicionados-e-introduccion-a-la-programacion-con-ia\/#breadcrumb"},"inLanguage":"es","potentialAction":[{"@type":"ReadAction","target":["https:\/\/informelitoral.com.ar\/nuevas-capacitaciones-en-general-ramirez-cursos-de-aires-acondicionados-e-introduccion-a-la-programacion-con-ia\/"]}]},{"@type":"ImageObject","inLanguage":"es","@id":"https:\/\/informelitoral.com.ar\/nuevas-capacitaciones-en-general-ramirez-cursos-de-aires-acondicionados-e-introduccion-a-la-programacion-con-ia\/#primaryimage","url":"https:\/\/informelitoral.com.ar\/%77%70%2d%63%6f%6e%74%65%6e%74\/uploads\/2025\/06\/503988642_18469683403073115_4684614458065036500_n.jpg","contentUrl":"https:\/\/informelitoral.com.ar\/%77%70%2d%63%6f%6e%74%65%6e%74\/uploads\/2025\/06\/503988642_18469683403073115_4684614458065036500_n.jpg","width":1440,"height":960},{"@type":"BreadcrumbList","@id":"https:\/\/informelitoral.com.ar\/nuevas-capacitaciones-en-general-ramirez-cursos-de-aires-acondicionados-e-introduccion-a-la-programacion-con-ia\/#breadcrumb","itemListElement":[{"@type":"ListItem","position":1,"name":"Portada","item":"https:\/\/informelitoral.com.ar\/"},{"@type":"ListItem","position":2,"name":"General Ram\u00edrez suma dos nuevos cursos con la UTN"}]},{"@type":"WebSite","@id":"https:\/\/informelitoral.com.ar\/#website","url":"https:\/\/informelitoral.com.ar\/","name":"Informe Litoral","description":"&quot;Nos informamos&quot; ","publisher":{"@id":"https:\/\/informelitoral.com.ar\/#organization"},"potentialAction":[{"@type":"SearchAction","target":{"@type":"EntryPoint","urlTemplate":"https:\/\/informelitoral.com.ar\/?s={search_term_string}"},"query-input":{"@type":"PropertyValueSpecification","valueRequired":true,"valueName":"search_term_string"}}],"inLanguage":"es"},{"@type":"Organization","@id":"https:\/\/informelitoral.com.ar\/#organization","name":"Informe Litoral","url":"https:\/\/informelitoral.com.ar\/","logo":{"@type":"ImageObject","inLanguage":"es","@id":"https:\/\/informelitoral.com.ar\/#\/schema\/logo\/image\/","url":"https:\/\/informelitoral.com.ar\/%77%70%2d%63%6f%6e%74%65%6e%74\/uploads\/2021\/01\/circulo.png","contentUrl":"https:\/\/informelitoral.com.ar\/%77%70%2d%63%6f%6e%74%65%6e%74\/uploads\/2021\/01\/circulo.png","width":723,"height":731,"caption":"Informe Litoral"},"image":{"@id":"https:\/\/informelitoral.com.ar\/#\/schema\/logo\/image\/"},"sameAs":["https:\/\/www.facebook.com\/informelitoral\/","https:\/\/x.com\/InformeLitoral","https:\/\/www.instagram.com\/informelitoral\/","https:\/\/www.youtube.com\/channel\/UCua4Qvz8Icb6MYqhoq9xLXw"]},{"@type":"Person","@id":"https:\/\/informelitoral.com.ar\/#\/schema\/person\/f05f9f461677119578717524b127d6d5","name":"Sebastian","image":{"@type":"ImageObject","inLanguage":"es","@id":"https:\/\/secure.gravatar.com\/avatar\/b71bf7481d447dfb9583c7f2798e7cc64de6efb9067b74633ed8c31059a3bd82?s=96&d=mm&r=g","url":"https:\/\/secure.gravatar.com\/avatar\/b71bf7481d447dfb9583c7f2798e7cc64de6efb9067b74633ed8c31059a3bd82?s=96&d=mm&r=g","contentUrl":"https:\/\/secure.gravatar.com\/avatar\/b71bf7481d447dfb9583c7f2798e7cc64de6efb9067b74633ed8c31059a3bd82?s=96&d=mm&r=g","caption":"Sebastian"},"url":"https:\/\/informelitoral.com.ar\/author\/sebastian\/"}]}},"_links":{"self":[{"href":"https:\/\/informelitoral.com.ar\/%77%70%2d%6a%73%6f%6e\/wp\/v2\/posts\/223689","targetHints":{"allow":["GET"]}}],"collection":[{"href":"https:\/\/informelitoral.com.ar\/%77%70%2d%6a%73%6f%6e\/wp\/v2\/posts"}],"about":[{"href":"https:\/\/informelitoral.com.ar\/%77%70%2d%6a%73%6f%6e\/wp\/v2\/types\/post"}],"author":[{"embeddable":true,"href":"https:\/\/informelitoral.com.ar\/%77%70%2d%6a%73%6f%6e\/wp\/v2\/users\/8"}],"replies":[{"embeddable":true,"href":"https:\/\/informelitoral.com.ar\/%77%70%2d%6a%73%6f%6e\/wp\/v2\/comments?post=223689"}],"version-history":[{"count":10,"href":"https:\/\/informelitoral.com.ar\/%77%70%2d%6a%73%6f%6e\/wp\/v2\/posts\/223689\/revisions"}],"predecessor-version":[{"id":223784,"href":"https:\/\/informelitoral.com.ar\/%77%70%2d%6a%73%6f%6e\/wp\/v2\/posts\/223689\/revisions\/223784"}],"wp:featuredmedia":[{"embeddable":true,"href":"https:\/\/informelitoral.com.ar\/%77%70%2d%6a%73%6f%6e\/wp\/v2\/media\/223690"}],"wp:attachment":[{"href":"https:\/\/informelitoral.com.ar\/%77%70%2d%6a%73%6f%6e\/wp\/v2\/media?parent=223689"}],"wp:term":[{"taxonomy":"category","embeddable":true,"href":"https:\/\/informelitoral.com.ar\/%77%70%2d%6a%73%6f%6e\/wp\/v2\/categories?post=223689"},{"taxonomy":"post_tag","embeddable":true,"href":"https:\/\/informelitoral.com.ar\/%77%70%2d%6a%73%6f%6e\/wp\/v2\/tags?post=223689"}],"curies":[{"name":"wp","href":"https:\/\/api.w.org\/{rel}","templated":true}]}}