{"id":2236,"date":"2013-06-25T13:59:11","date_gmt":"2013-06-25T16:59:11","guid":{"rendered":"http:\/\/www.isletasnoticias.com.ar\/?p=2236"},"modified":"2013-06-25T13:59:11","modified_gmt":"2013-06-25T16:59:11","slug":"quieren-que-baez-vaya-a-diputados-por-los-contratos-de-barreiro-y-o%c2%b4donell","status":"publish","type":"post","link":"https:\/\/informelitoral.com.ar\/quieren-que-baez-vaya-a-diputados-por-los-contratos-de-barreiro-y-o%c2%b4donell\/","title":{"rendered":"Quieren que B\u00e1ez vaya a Diputados por los contratos de Barreiro y O\u00b4Donell"},"content":{"rendered":"<p><strong>\u00a0 Piden que d\u00e9 explicaciones e informes en la C\u00e1mara respecto a las razones por la cual el CEICER lo contrat\u00f3 como coordinador, y por qu\u00e9 contrat\u00f3 al historiador bonaerense y no a un entrerriano. Tambi\u00e9n piden detalles sobre publicidad oficial.<\/strong><\/p>\n<p><strong><a href=\"http:\/\/www.isletasnoticias.com.ar\/%77%70%2d%63%6f%6e%74%65%6e%74\/uploads\/2013\/06\/dip-entre-rios-246x146.jpg\"><img loading=\"lazy\" decoding=\"async\" class=\"size-full wp-image-2237 alignleft\" alt=\"dip entre rios-246x146\" src=\"http:\/\/www.isletasnoticias.com.ar\/%77%70%2d%63%6f%6e%74%65%6e%74\/uploads\/2013\/06\/dip-entre-rios-246x146.jpg\" width=\"246\" height=\"146\" \/><\/a><\/strong>\u00a0A trav\u00e9s de un proyecto de resoluci\u00f3n, piden citar a la C\u00e1mara de Diputados al ministro de Comunicaci\u00f3n y Cultura de la provincia,<strong> Pedro B\u00e1ez<\/strong>, para que d\u00e9 explicaciones e informes a los legisladores\u00a0 respecto de las razones por las cuales el Centro Experimental de Industrias Culturales Entrerrianas (CEICER) contrat\u00f3 como coordinador de relaciones institucionales a <strong>Ricardo Fabi\u00e1n Barreiro<\/strong>, DNI 13.164.214, sindicado como el \u201cjardinero millonario\u201d del ex presidente <strong>N\u00e9stor Kirchner<\/strong>. Tambi\u00e9n piden que se informe respecto al contrato rubricado con el historiador bonaerense <strong>Mario Ernesto O&#8217;Donnell.<\/strong><\/p>\n<p>Sobre Barreiro, piden conocer: cu\u00e1l es el motivo de seleccionar para dicho rol a un ciudadano domiciliado en Comodoro Pi 144, de la ciudad de Calafate, Santa Cruz, (a m\u00e1s de 3.000 kil\u00f3metros de la capital entrerriana); con qu\u00e9 experiencia profesional y\/o acad\u00e9mica cuenta Barreiro para desempe\u00f1ar las labores de coordinador de relaciones institucionales y cu\u00e1les han sido las gestiones que ha realizado el contratado como coordinador de relaciones institucionales del C.E.I.C.E.R. desde la fecha de su contrataci\u00f3n; detallar si Ricardo Fabi\u00e1n Barreiro, recibi\u00f3 erogaciones por parte del gobierno entrerriano y, de ser as\u00ed, cu\u00e1l fue la suma y por qu\u00e9 concepto.<\/p>\n<p>Sobre el historiador, seg\u00fan el texto al que accedi\u00f3 <em>Recintonet,<\/em> requieren saber: cu\u00e1les son los trabajos encargados al historiador bonaerense Mario Ernesto O&#8217;Donnell por el cual el Ministerio que usted dirige erogar\u00e1 la suma de 120.000 pesos;\u00a0 cu\u00e1l es la raz\u00f3n por la cual no se prefiri\u00f3 contratar el trabajo de un historiador de nuestra provincia habida cuenta de que consta con destacados profesionales en este \u00e1rea, carreras de Licenciatura y Profesorado en Historia con egresados reconocidos y premiados y publicaciones remarcables como, por ejemplo, la revista \u00abHablemos de Historia\u00bb de la Facultad de Humanidades Artes y Ciencias Sociales de la Uader; cu\u00e1les han sido los trabajos desarrollados por O&#8217;Donnell durante el a\u00f1o 2012 cuando el gobierno provincial contrat\u00f3 los servicios del historiador por un monto de 100.000 pesos.<br \/>\n<em id=\"__mceDel\"><br \/>\n<\/em>Sobre la informaci\u00f3n que el diputado provincial <strong>Lisandro Viale<\/strong> (PS-Paran\u00e1), impulsor del pedido, quiere acceder respecto a la Publicidad Oficial est\u00e1n datos sobre el Decreto; los criterios utilizados para la distribuci\u00f3n de la pauta publicitaria realizada en el primer semestre del presente a\u00f1o; el monto total librado y la distribuci\u00f3n del presupuesto seg\u00fan cantidad de \u00f3rdenes de publicidad oficial para el presente a\u00f1o 2013; el detalle de la pauta publicitaria para ese segmento del a\u00f1o discriminado seg\u00fan el medio -gr\u00e1fico, radial, televisivo, electr\u00f3nico, agencia de publicidad o de noticias, carteleras en v\u00eda p\u00fablica, festivales y\/o espect\u00e1culos-, tipo de aviso publicitario, segundos de contrataci\u00f3n, monto adjudicado, campa\u00f1a publicitaria, y todo otro dato que grafique la distribuci\u00f3n presupuestaria.<em id=\"__mceDel\"><\/p>\n<p><\/em>Asimismo, exige conocer la distribuci\u00f3n de las \u00f3rdenes emitidas en ese semestre detallada en cantidad y porcentaje por departamento y localidad, como as\u00ed tambi\u00e9n detalle si hubo pautas adjudicadas a empresas y\/o medios no entrerrianos;\u00a0 y si se encomendaron piezas comunicacionales a terceros, detalle de ofertas presentadas, proveedores seleccionados, montos adjudicados, forma de elecci\u00f3n, descripci\u00f3n de la tarea encomendada y menci\u00f3n del decreto que dispuso la contrataci\u00f3n. Public\u00f3 Recintonet.<\/p>\n","protected":false},"excerpt":{"rendered":"<p>&nbsp; Piden que d&eacute; explicaciones e informes en la C&aacute;mara respecto a las razones por la cual el CEICER lo contrat&oacute; como coordinador, y por qu&eacute; contrat&oacute; al historiador bonaerense y no a un entrerriano. Tambi&eacute;n piden detalles sobre publicidad oficial. &nbsp;A trav&eacute;s de un proyecto de resoluci&oacute;n, piden citar a la C&aacute;mara de Diputados [&hellip;]<\/p>\n","protected":false},"author":2,"featured_media":0,"comment_status":"open","ping_status":"open","sticky":false,"template":"","format":"standard","meta":{"fifu_image_url":"","fifu_image_alt":"","footnotes":""},"categories":[6,16],"tags":[],"class_list":{"0":"post-2236","1":"post","2":"type-post","3":"status-publish","4":"format-standard","6":"category-entre-rios","7":"category-politi"},"yoast_head":"<title>Quieren que B\u00e1ez vaya a Diputados por los contratos de Barreiro y O\u00b4Donell - Informe Litoral<\/title>\n<meta name=\"robots\" content=\"index, follow, max-snippet:-1, max-image-preview:large, max-video-preview:-1\" \/>\n<link rel=\"canonical\" href=\"https:\/\/informelitoral.com.ar\/quieren-que-baez-vaya-a-diputados-por-los-contratos-de-barreiro-y-o\u00b4donell\/\" \/>\n<meta property=\"og:locale\" content=\"es_ES\" \/>\n<meta property=\"og:type\" content=\"article\" \/>\n<meta property=\"og:title\" content=\"Quieren que B\u00e1ez vaya a Diputados por los contratos de Barreiro y O\u00b4Donell - Informe Litoral\" \/>\n<meta property=\"og:description\" content=\"&nbsp; Piden que d&eacute; explicaciones e informes en la C&aacute;mara respecto a las razones por la cual el CEICER lo contrat&oacute; como coordinador, y por qu&eacute; contrat&oacute; al historiador bonaerense y no a un entrerriano. Tambi&eacute;n piden detalles sobre publicidad oficial. &nbsp;A trav&eacute;s de un proyecto de resoluci&oacute;n, piden citar a la C&aacute;mara de Diputados [&hellip;]\" \/>\n<meta property=\"og:url\" content=\"https:\/\/informelitoral.com.ar\/quieren-que-baez-vaya-a-diputados-por-los-contratos-de-barreiro-y-o\u00b4donell\/\" \/>\n<meta property=\"og:site_name\" content=\"Informe Litoral\" \/>\n<meta property=\"article:publisher\" content=\"https:\/\/www.facebook.com\/informelitoral\/\" \/>\n<meta property=\"article:published_time\" content=\"2013-06-25T16:59:11+00:00\" \/>\n<meta property=\"og:image\" content=\"https:\/\/informelitoral.com.ar\/%77%70%2d%63%6f%6e%74%65%6e%74\/uploads\/2013\/06\/dip-entre-rios-246x146.jpg\" \/>\n\t<meta property=\"og:image:width\" content=\"246\" \/>\n\t<meta property=\"og:image:height\" content=\"146\" \/>\n\t<meta property=\"og:image:type\" content=\"image\/jpeg\" \/>\n<meta name=\"author\" content=\"Gonzalo Schmidt\" \/>\n<meta name=\"twitter:card\" content=\"summary_large_image\" \/>\n<meta name=\"twitter:creator\" content=\"@InformeLitoral\" \/>\n<meta name=\"twitter:site\" content=\"@InformeLitoral\" \/>\n<meta name=\"twitter:label1\" content=\"Escrito por\" \/>\n\t<meta name=\"twitter:data1\" content=\"Gonzalo Schmidt\" \/>\n\t<meta name=\"twitter:label2\" content=\"Tiempo de lectura\" \/>\n\t<meta name=\"twitter:data2\" content=\"3 minutos\" \/>\n<script type=\"application\/ld+json\" class=\"yoast-schema-graph\">{\"@context\":\"https:\\\/\\\/schema.org\",\"@graph\":[{\"@type\":\"Article\",\"@id\":\"https:\\\/\\\/informelitoral.com.ar\\\/quieren-que-baez-vaya-a-diputados-por-los-contratos-de-barreiro-y-o%c2%b4donell\\\/#article\",\"isPartOf\":{\"@id\":\"https:\\\/\\\/informelitoral.com.ar\\\/quieren-que-baez-vaya-a-diputados-por-los-contratos-de-barreiro-y-o%c2%b4donell\\\/\"},\"author\":{\"name\":\"Gonzalo Schmidt\",\"@id\":\"https:\\\/\\\/informelitoral.com.ar\\\/#\\\/schema\\\/person\\\/b9d00407c836482871ef1d57bf8e3180\"},\"headline\":\"Quieren que B\u00e1ez vaya a Diputados por los contratos de Barreiro y O\u00b4Donell\",\"datePublished\":\"2013-06-25T16:59:11+00:00\",\"mainEntityOfPage\":{\"@id\":\"https:\\\/\\\/informelitoral.com.ar\\\/quieren-que-baez-vaya-a-diputados-por-los-contratos-de-barreiro-y-o%c2%b4donell\\\/\"},\"wordCount\":610,\"commentCount\":0,\"publisher\":{\"@id\":\"https:\\\/\\\/informelitoral.com.ar\\\/#organization\"},\"image\":{\"@id\":\"https:\\\/\\\/informelitoral.com.ar\\\/quieren-que-baez-vaya-a-diputados-por-los-contratos-de-barreiro-y-o%c2%b4donell\\\/#primaryimage\"},\"thumbnailUrl\":\"http:\\\/\\\/www.isletasnoticias.com.ar\\\/%77%70%2d%63%6f%6e%74%65%6e%74\\\/uploads\\\/2013\\\/06\\\/dip-entre-rios-246x146.jpg\",\"articleSection\":[\"Entre R\u00edos\",\"Politica\"],\"inLanguage\":\"es\",\"potentialAction\":[{\"@type\":\"CommentAction\",\"name\":\"Comment\",\"target\":[\"https:\\\/\\\/informelitoral.com.ar\\\/quieren-que-baez-vaya-a-diputados-por-los-contratos-de-barreiro-y-o%c2%b4donell\\\/#respond\"]}]},{\"@type\":\"WebPage\",\"@id\":\"https:\\\/\\\/informelitoral.com.ar\\\/quieren-que-baez-vaya-a-diputados-por-los-contratos-de-barreiro-y-o%c2%b4donell\\\/\",\"url\":\"https:\\\/\\\/informelitoral.com.ar\\\/quieren-que-baez-vaya-a-diputados-por-los-contratos-de-barreiro-y-o%c2%b4donell\\\/\",\"name\":\"Quieren que B\u00e1ez vaya a Diputados por los contratos de Barreiro y O\u00b4Donell - Informe Litoral\",\"isPartOf\":{\"@id\":\"https:\\\/\\\/informelitoral.com.ar\\\/#website\"},\"primaryImageOfPage\":{\"@id\":\"https:\\\/\\\/informelitoral.com.ar\\\/quieren-que-baez-vaya-a-diputados-por-los-contratos-de-barreiro-y-o%c2%b4donell\\\/#primaryimage\"},\"image\":{\"@id\":\"https:\\\/\\\/informelitoral.com.ar\\\/quieren-que-baez-vaya-a-diputados-por-los-contratos-de-barreiro-y-o%c2%b4donell\\\/#primaryimage\"},\"thumbnailUrl\":\"http:\\\/\\\/www.isletasnoticias.com.ar\\\/%77%70%2d%63%6f%6e%74%65%6e%74\\\/uploads\\\/2013\\\/06\\\/dip-entre-rios-246x146.jpg\",\"datePublished\":\"2013-06-25T16:59:11+00:00\",\"breadcrumb\":{\"@id\":\"https:\\\/\\\/informelitoral.com.ar\\\/quieren-que-baez-vaya-a-diputados-por-los-contratos-de-barreiro-y-o%c2%b4donell\\\/#breadcrumb\"},\"inLanguage\":\"es\",\"potentialAction\":[{\"@type\":\"ReadAction\",\"target\":[\"https:\\\/\\\/informelitoral.com.ar\\\/quieren-que-baez-vaya-a-diputados-por-los-contratos-de-barreiro-y-o%c2%b4donell\\\/\"]}]},{\"@type\":\"ImageObject\",\"inLanguage\":\"es\",\"@id\":\"https:\\\/\\\/informelitoral.com.ar\\\/quieren-que-baez-vaya-a-diputados-por-los-contratos-de-barreiro-y-o%c2%b4donell\\\/#primaryimage\",\"url\":\"http:\\\/\\\/www.isletasnoticias.com.ar\\\/%77%70%2d%63%6f%6e%74%65%6e%74\\\/uploads\\\/2013\\\/06\\\/dip-entre-rios-246x146.jpg\",\"contentUrl\":\"http:\\\/\\\/www.isletasnoticias.com.ar\\\/%77%70%2d%63%6f%6e%74%65%6e%74\\\/uploads\\\/2013\\\/06\\\/dip-entre-rios-246x146.jpg\"},{\"@type\":\"BreadcrumbList\",\"@id\":\"https:\\\/\\\/informelitoral.com.ar\\\/quieren-que-baez-vaya-a-diputados-por-los-contratos-de-barreiro-y-o%c2%b4donell\\\/#breadcrumb\",\"itemListElement\":[{\"@type\":\"ListItem\",\"position\":1,\"name\":\"Portada\",\"item\":\"https:\\\/\\\/informelitoral.com.ar\\\/\"},{\"@type\":\"ListItem\",\"position\":2,\"name\":\"Quieren que B\u00e1ez vaya a Diputados por los contratos de Barreiro y O\u00b4Donell\"}]},{\"@type\":\"WebSite\",\"@id\":\"https:\\\/\\\/informelitoral.com.ar\\\/#website\",\"url\":\"https:\\\/\\\/informelitoral.com.ar\\\/\",\"name\":\"Informe Litoral\",\"description\":\"&quot;Nos informamos&quot; \",\"publisher\":{\"@id\":\"https:\\\/\\\/informelitoral.com.ar\\\/#organization\"},\"potentialAction\":[{\"@type\":\"SearchAction\",\"target\":{\"@type\":\"EntryPoint\",\"urlTemplate\":\"https:\\\/\\\/informelitoral.com.ar\\\/?s={search_term_string}\"},\"query-input\":{\"@type\":\"PropertyValueSpecification\",\"valueRequired\":true,\"valueName\":\"search_term_string\"}}],\"inLanguage\":\"es\"},{\"@type\":\"Organization\",\"@id\":\"https:\\\/\\\/informelitoral.com.ar\\\/#organization\",\"name\":\"Informe Litoral\",\"url\":\"https:\\\/\\\/informelitoral.com.ar\\\/\",\"logo\":{\"@type\":\"ImageObject\",\"inLanguage\":\"es\",\"@id\":\"https:\\\/\\\/informelitoral.com.ar\\\/#\\\/schema\\\/logo\\\/image\\\/\",\"url\":\"https:\\\/\\\/informelitoral.com.ar\\\/%77%70%2d%63%6f%6e%74%65%6e%74\\\/uploads\\\/2021\\\/01\\\/circulo.png\",\"contentUrl\":\"https:\\\/\\\/informelitoral.com.ar\\\/%77%70%2d%63%6f%6e%74%65%6e%74\\\/uploads\\\/2021\\\/01\\\/circulo.png\",\"width\":723,\"height\":731,\"caption\":\"Informe Litoral\"},\"image\":{\"@id\":\"https:\\\/\\\/informelitoral.com.ar\\\/#\\\/schema\\\/logo\\\/image\\\/\"},\"sameAs\":[\"https:\\\/\\\/www.facebook.com\\\/informelitoral\\\/\",\"https:\\\/\\\/x.com\\\/InformeLitoral\",\"https:\\\/\\\/www.instagram.com\\\/informelitoral\\\/\",\"https:\\\/\\\/www.youtube.com\\\/channel\\\/UCua4Qvz8Icb6MYqhoq9xLXw\"]},{\"@type\":\"Person\",\"@id\":\"https:\\\/\\\/informelitoral.com.ar\\\/#\\\/schema\\\/person\\\/b9d00407c836482871ef1d57bf8e3180\",\"name\":\"Gonzalo Schmidt\",\"image\":{\"@type\":\"ImageObject\",\"inLanguage\":\"es\",\"@id\":\"https:\\\/\\\/secure.gravatar.com\\\/avatar\\\/31a1a7b66ff2de83bd0e9fd79d026630d2d99e55e8bfe501287647b4fd9743de?s=96&d=mm&r=g\",\"url\":\"https:\\\/\\\/secure.gravatar.com\\\/avatar\\\/31a1a7b66ff2de83bd0e9fd79d026630d2d99e55e8bfe501287647b4fd9743de?s=96&d=mm&r=g\",\"contentUrl\":\"https:\\\/\\\/secure.gravatar.com\\\/avatar\\\/31a1a7b66ff2de83bd0e9fd79d026630d2d99e55e8bfe501287647b4fd9743de?s=96&d=mm&r=g\",\"caption\":\"Gonzalo Schmidt\"},\"description\":\"Sitio web de noticias de la provincia de Entre R\u00edos, Argentina. Informaci\u00f3n y entretenimiento. Informe Litoral, nos informamos.\",\"sameAs\":[\"http:\\\/\\\/www.isletasnoticias.com.ar\"],\"url\":\"https:\\\/\\\/informelitoral.com.ar\\\/author\\\/gonzalo\\\/\"}]}<\/script>","yoast_head_json":{"title":"Quieren que B\u00e1ez vaya a Diputados por los contratos de Barreiro y O\u00b4Donell - Informe Litoral","robots":{"index":"index","follow":"follow","max-snippet":"max-snippet:-1","max-image-preview":"max-image-preview:large","max-video-preview":"max-video-preview:-1"},"canonical":"https:\/\/informelitoral.com.ar\/quieren-que-baez-vaya-a-diputados-por-los-contratos-de-barreiro-y-o\u00b4donell\/","og_locale":"es_ES","og_type":"article","og_title":"Quieren que B\u00e1ez vaya a Diputados por los contratos de Barreiro y O\u00b4Donell - Informe Litoral","og_description":"&nbsp; Piden que d&eacute; explicaciones e informes en la C&aacute;mara respecto a las razones por la cual el CEICER lo contrat&oacute; como coordinador, y por qu&eacute; contrat&oacute; al historiador bonaerense y no a un entrerriano. Tambi&eacute;n piden detalles sobre publicidad oficial. &nbsp;A trav&eacute;s de un proyecto de resoluci&oacute;n, piden citar a la C&aacute;mara de Diputados [&hellip;]","og_url":"https:\/\/informelitoral.com.ar\/quieren-que-baez-vaya-a-diputados-por-los-contratos-de-barreiro-y-o\u00b4donell\/","og_site_name":"Informe Litoral","article_publisher":"https:\/\/www.facebook.com\/informelitoral\/","article_published_time":"2013-06-25T16:59:11+00:00","og_image":[{"width":246,"height":146,"url":"https:\/\/informelitoral.com.ar\/%77%70%2d%63%6f%6e%74%65%6e%74\/uploads\/2013\/06\/dip-entre-rios-246x146.jpg","type":"image\/jpeg"}],"author":"Gonzalo Schmidt","twitter_card":"summary_large_image","twitter_creator":"@InformeLitoral","twitter_site":"@InformeLitoral","twitter_misc":{"Escrito por":"Gonzalo Schmidt","Tiempo de lectura":"3 minutos"},"schema":{"@context":"https:\/\/schema.org","@graph":[{"@type":"Article","@id":"https:\/\/informelitoral.com.ar\/quieren-que-baez-vaya-a-diputados-por-los-contratos-de-barreiro-y-o%c2%b4donell\/#article","isPartOf":{"@id":"https:\/\/informelitoral.com.ar\/quieren-que-baez-vaya-a-diputados-por-los-contratos-de-barreiro-y-o%c2%b4donell\/"},"author":{"name":"Gonzalo Schmidt","@id":"https:\/\/informelitoral.com.ar\/#\/schema\/person\/b9d00407c836482871ef1d57bf8e3180"},"headline":"Quieren que B\u00e1ez vaya a Diputados por los contratos de Barreiro y O\u00b4Donell","datePublished":"2013-06-25T16:59:11+00:00","mainEntityOfPage":{"@id":"https:\/\/informelitoral.com.ar\/quieren-que-baez-vaya-a-diputados-por-los-contratos-de-barreiro-y-o%c2%b4donell\/"},"wordCount":610,"commentCount":0,"publisher":{"@id":"https:\/\/informelitoral.com.ar\/#organization"},"image":{"@id":"https:\/\/informelitoral.com.ar\/quieren-que-baez-vaya-a-diputados-por-los-contratos-de-barreiro-y-o%c2%b4donell\/#primaryimage"},"thumbnailUrl":"http:\/\/www.isletasnoticias.com.ar\/%77%70%2d%63%6f%6e%74%65%6e%74\/uploads\/2013\/06\/dip-entre-rios-246x146.jpg","articleSection":["Entre R\u00edos","Politica"],"inLanguage":"es","potentialAction":[{"@type":"CommentAction","name":"Comment","target":["https:\/\/informelitoral.com.ar\/quieren-que-baez-vaya-a-diputados-por-los-contratos-de-barreiro-y-o%c2%b4donell\/#respond"]}]},{"@type":"WebPage","@id":"https:\/\/informelitoral.com.ar\/quieren-que-baez-vaya-a-diputados-por-los-contratos-de-barreiro-y-o%c2%b4donell\/","url":"https:\/\/informelitoral.com.ar\/quieren-que-baez-vaya-a-diputados-por-los-contratos-de-barreiro-y-o%c2%b4donell\/","name":"Quieren que B\u00e1ez vaya a Diputados por los contratos de Barreiro y O\u00b4Donell - Informe Litoral","isPartOf":{"@id":"https:\/\/informelitoral.com.ar\/#website"},"primaryImageOfPage":{"@id":"https:\/\/informelitoral.com.ar\/quieren-que-baez-vaya-a-diputados-por-los-contratos-de-barreiro-y-o%c2%b4donell\/#primaryimage"},"image":{"@id":"https:\/\/informelitoral.com.ar\/quieren-que-baez-vaya-a-diputados-por-los-contratos-de-barreiro-y-o%c2%b4donell\/#primaryimage"},"thumbnailUrl":"http:\/\/www.isletasnoticias.com.ar\/%77%70%2d%63%6f%6e%74%65%6e%74\/uploads\/2013\/06\/dip-entre-rios-246x146.jpg","datePublished":"2013-06-25T16:59:11+00:00","breadcrumb":{"@id":"https:\/\/informelitoral.com.ar\/quieren-que-baez-vaya-a-diputados-por-los-contratos-de-barreiro-y-o%c2%b4donell\/#breadcrumb"},"inLanguage":"es","potentialAction":[{"@type":"ReadAction","target":["https:\/\/informelitoral.com.ar\/quieren-que-baez-vaya-a-diputados-por-los-contratos-de-barreiro-y-o%c2%b4donell\/"]}]},{"@type":"ImageObject","inLanguage":"es","@id":"https:\/\/informelitoral.com.ar\/quieren-que-baez-vaya-a-diputados-por-los-contratos-de-barreiro-y-o%c2%b4donell\/#primaryimage","url":"http:\/\/www.isletasnoticias.com.ar\/%77%70%2d%63%6f%6e%74%65%6e%74\/uploads\/2013\/06\/dip-entre-rios-246x146.jpg","contentUrl":"http:\/\/www.isletasnoticias.com.ar\/%77%70%2d%63%6f%6e%74%65%6e%74\/uploads\/2013\/06\/dip-entre-rios-246x146.jpg"},{"@type":"BreadcrumbList","@id":"https:\/\/informelitoral.com.ar\/quieren-que-baez-vaya-a-diputados-por-los-contratos-de-barreiro-y-o%c2%b4donell\/#breadcrumb","itemListElement":[{"@type":"ListItem","position":1,"name":"Portada","item":"https:\/\/informelitoral.com.ar\/"},{"@type":"ListItem","position":2,"name":"Quieren que B\u00e1ez vaya a Diputados por los contratos de Barreiro y O\u00b4Donell"}]},{"@type":"WebSite","@id":"https:\/\/informelitoral.com.ar\/#website","url":"https:\/\/informelitoral.com.ar\/","name":"Informe Litoral","description":"&quot;Nos informamos&quot; ","publisher":{"@id":"https:\/\/informelitoral.com.ar\/#organization"},"potentialAction":[{"@type":"SearchAction","target":{"@type":"EntryPoint","urlTemplate":"https:\/\/informelitoral.com.ar\/?s={search_term_string}"},"query-input":{"@type":"PropertyValueSpecification","valueRequired":true,"valueName":"search_term_string"}}],"inLanguage":"es"},{"@type":"Organization","@id":"https:\/\/informelitoral.com.ar\/#organization","name":"Informe Litoral","url":"https:\/\/informelitoral.com.ar\/","logo":{"@type":"ImageObject","inLanguage":"es","@id":"https:\/\/informelitoral.com.ar\/#\/schema\/logo\/image\/","url":"https:\/\/informelitoral.com.ar\/%77%70%2d%63%6f%6e%74%65%6e%74\/uploads\/2021\/01\/circulo.png","contentUrl":"https:\/\/informelitoral.com.ar\/%77%70%2d%63%6f%6e%74%65%6e%74\/uploads\/2021\/01\/circulo.png","width":723,"height":731,"caption":"Informe Litoral"},"image":{"@id":"https:\/\/informelitoral.com.ar\/#\/schema\/logo\/image\/"},"sameAs":["https:\/\/www.facebook.com\/informelitoral\/","https:\/\/x.com\/InformeLitoral","https:\/\/www.instagram.com\/informelitoral\/","https:\/\/www.youtube.com\/channel\/UCua4Qvz8Icb6MYqhoq9xLXw"]},{"@type":"Person","@id":"https:\/\/informelitoral.com.ar\/#\/schema\/person\/b9d00407c836482871ef1d57bf8e3180","name":"Gonzalo Schmidt","image":{"@type":"ImageObject","inLanguage":"es","@id":"https:\/\/secure.gravatar.com\/avatar\/31a1a7b66ff2de83bd0e9fd79d026630d2d99e55e8bfe501287647b4fd9743de?s=96&d=mm&r=g","url":"https:\/\/secure.gravatar.com\/avatar\/31a1a7b66ff2de83bd0e9fd79d026630d2d99e55e8bfe501287647b4fd9743de?s=96&d=mm&r=g","contentUrl":"https:\/\/secure.gravatar.com\/avatar\/31a1a7b66ff2de83bd0e9fd79d026630d2d99e55e8bfe501287647b4fd9743de?s=96&d=mm&r=g","caption":"Gonzalo Schmidt"},"description":"Sitio web de noticias de la provincia de Entre R\u00edos, Argentina. Informaci\u00f3n y entretenimiento. Informe Litoral, nos informamos.","sameAs":["http:\/\/www.isletasnoticias.com.ar"],"url":"https:\/\/informelitoral.com.ar\/author\/gonzalo\/"}]}},"_links":{"self":[{"href":"https:\/\/informelitoral.com.ar\/%77%70%2d%6a%73%6f%6e\/wp\/v2\/posts\/2236","targetHints":{"allow":["GET"]}}],"collection":[{"href":"https:\/\/informelitoral.com.ar\/%77%70%2d%6a%73%6f%6e\/wp\/v2\/posts"}],"about":[{"href":"https:\/\/informelitoral.com.ar\/%77%70%2d%6a%73%6f%6e\/wp\/v2\/types\/post"}],"author":[{"embeddable":true,"href":"https:\/\/informelitoral.com.ar\/%77%70%2d%6a%73%6f%6e\/wp\/v2\/users\/2"}],"replies":[{"embeddable":true,"href":"https:\/\/informelitoral.com.ar\/%77%70%2d%6a%73%6f%6e\/wp\/v2\/comments?post=2236"}],"version-history":[{"count":0,"href":"https:\/\/informelitoral.com.ar\/%77%70%2d%6a%73%6f%6e\/wp\/v2\/posts\/2236\/revisions"}],"wp:attachment":[{"href":"https:\/\/informelitoral.com.ar\/%77%70%2d%6a%73%6f%6e\/wp\/v2\/media?parent=2236"}],"wp:term":[{"taxonomy":"category","embeddable":true,"href":"https:\/\/informelitoral.com.ar\/%77%70%2d%6a%73%6f%6e\/wp\/v2\/categories?post=2236"},{"taxonomy":"post_tag","embeddable":true,"href":"https:\/\/informelitoral.com.ar\/%77%70%2d%6a%73%6f%6e\/wp\/v2\/tags?post=2236"}],"curies":[{"name":"wp","href":"https:\/\/api.w.org\/{rel}","templated":true}]}}