{"id":223497,"date":"2025-06-09T08:38:12","date_gmt":"2025-06-09T11:38:12","guid":{"rendered":"https:\/\/informelitoral.com.ar\/?p=223497"},"modified":"2025-06-10T07:04:52","modified_gmt":"2025-06-10T10:04:52","slug":"alfredo-odiard-la-clave-esta-en-apostar-a-diferentes-producciones","status":"publish","type":"post","link":"https:\/\/informelitoral.com.ar\/alfredo-odiard-la-clave-esta-en-apostar-a-diferentes-producciones\/","title":{"rendered":"Alfredo Odiard: \u201cLa clave est\u00e1 en apostar a diferentes producciones\u201d"},"content":{"rendered":"<p>Record\u00f3 que la primera arrocera comenz\u00f3 el 8 de septiembre de 1978, con una serie de labores diferentes a las de hoy en d\u00eda: \u201cse preparaba la tierra, se sembraba, se pasaba el nivel. Dos a caballo, uno con una tabla, otro con un nivel \u00f3ptico. Se iba marcando d\u00f3nde se iba a hacer la taipa a nivel, pero ya despu\u00e9s de sembrado. Ah\u00ed enterr\u00e1bamos un mont\u00f3n de semilla que no nac\u00eda, y luego se tiraba un poco de semilla en la cuneta para que haya un poco m\u00e1s de arroz en la chacra\u201d.<\/p>\n<p>Destac\u00f3 que, a finales de la d\u00e9cada del 70, \u201csembr\u00e1bamos entre 50 y 55 hect\u00e1reas en los primeros a\u00f1os, en una sola chacra. Empec\u00e9 con mi padre y un hermano, para luego seguir por mi cuenta. Mis hijos siguen el camino trazado oportunamente. Yo los ayudo, aunque no como en un principio. Llevo 64 a\u00f1os arriba de los tractores, trabajando\u201d.<\/p>\n<p>En cuanto a los vaivenes del arroz, coment\u00f3 que en \u201cSan Salvador vivimos \u00e9pocas buenas y otras no tanto. Tenemos muchos molinos, es la principal econom\u00eda de la regi\u00f3n, y si bien puede cerrar uno, tambi\u00e9n abre otro en diferentes escalas\u201d. Detall\u00f3 que \u201cun n\u00famero importante de molinos grandes fueron creados por los propios productores que siembran grandes superficies\u201d.<\/p>\n<h2><strong>La trilla<\/strong><\/h2>\n<p>En los primeros tiempos, \u201ccosech\u00e1bamos con una Susana que contrat\u00e1bamos. Luego compramos una Senor V3 a los pocos a\u00f1os, de 16 pies, que era lo m\u00e1s grande que hab\u00eda en el mercado; mientras que hoy tenemos m\u00e1quinas de 30 pies\u201d. Coment\u00f3 que, en el presente, \u201ctrillar entre 15 y 20 hect\u00e1reas por d\u00eda es una barbaridad, cuando en nuestros primeros pasos hac\u00edamos,con suerte, tres hect\u00e1reas por d\u00eda\u201d.<\/p>\n<h2><strong>El futuro<\/strong><\/h2>\n<p>Se\u00f1al\u00f3 que \u201csiempre es esperanzador. Dejar de sembrar es lo \u00faltimo que podemos hacer. La clave est\u00e1 en hacer una producci\u00f3n variada. A veces el precio del arroz, como ahora, est\u00e1 muy bajo, pero puede llegar a ser el valor de la soja, el ma\u00edz, el trigo o la ganader\u00eda lo que mantenga un equilibrio\u201d, ejemplific\u00f3. Resalt\u00f3 que \u201cdurante muchos a\u00f1os hicimos apicultura, que fue la base para llevar adelante nuestra familia, adem\u00e1s del arroz\u201d.<\/p>\n<h6><em><strong>Del archivo:\u00a0<a href=\"https:\/\/informelitoral.com.ar\/mas-de-90-artistas-vivieron-el-becario-en-escena-parana\/\" target=\"_blank\" rel=\"noopener\">M\u00e1s de 90 artistas vivieron el Becario en Escena Paran\u00e1<\/a><\/strong><\/em><\/h6>\n<h6><em><strong><a href=\"https:\/\/informelitoral.com.ar\/andres-rosado-el-80-de-la-produccion-de-arvejas-de-coopar-se-exporta-directamente-a-brasil\/\" target=\"_blank\" rel=\"noopener\">Andr\u00e9s Rosado: \u201cEl 80% de la producci\u00f3n de arvejas de COOPAR se exporta directamente a Brasil\u201d<\/a><\/strong><\/em><\/h6>\n","protected":false},"excerpt":{"rendered":"<p>Un productor de 70 a\u00f1os, con 64 campa\u00f1as en el campo, apuesta a la diversificaci\u00f3n para mantener viva la tradici\u00f3n familiar.<\/p>\n","protected":false},"author":8,"featured_media":223498,"comment_status":"open","ping_status":"open","sticky":false,"template":"","format":"standard","meta":{"fifu_image_url":"https:\/\/aimdigital.com.ar\/galeria\/fotos\/2025\/06\/09\/o_1749469793.png","fifu_image_alt":"","footnotes":""},"categories":[10],"tags":[3507,4289,120,3441],"class_list":{"0":"post-223497","1":"post","2":"type-post","3":"status-publish","4":"format-standard","5":"has-post-thumbnail","7":"category-campo","8":"tag-faa","9":"tag-federacion-agraria-de-entre-rios","10":"tag-produccion","11":"tag-sector-agricola"},"yoast_head":"<title>Alfredo Odiard: \u201cLa clave est\u00e1 en apostar a diferentes producciones\u201d - Informe Litoral<\/title>\n<meta name=\"robots\" content=\"index, follow, max-snippet:-1, max-image-preview:large, max-video-preview:-1\" \/>\n<link rel=\"canonical\" href=\"https:\/\/informelitoral.com.ar\/alfredo-odiard-la-clave-esta-en-apostar-a-diferentes-producciones\/\" \/>\n<meta property=\"og:locale\" content=\"es_ES\" \/>\n<meta property=\"og:type\" content=\"article\" \/>\n<meta property=\"og:title\" content=\"Alfredo Odiard: \u201cLa clave est\u00e1 en apostar a diferentes producciones\u201d - Informe Litoral\" \/>\n<meta property=\"og:description\" content=\"Un productor de 70 a\u00f1os, con 64 campa\u00f1as en el campo, apuesta a la diversificaci\u00f3n para mantener viva la tradici\u00f3n familiar.\" \/>\n<meta property=\"og:url\" content=\"https:\/\/informelitoral.com.ar\/alfredo-odiard-la-clave-esta-en-apostar-a-diferentes-producciones\/\" \/>\n<meta property=\"og:site_name\" content=\"Informe Litoral\" \/>\n<meta property=\"article:publisher\" content=\"https:\/\/www.facebook.com\/informelitoral\/\" \/>\n<meta property=\"article:published_time\" content=\"2025-06-09T11:38:12+00:00\" \/>\n<meta property=\"article:modified_time\" content=\"2025-06-10T10:04:52+00:00\" \/>\n<meta property=\"og:image\" content=\"https:\/\/aimdigital.com.ar\/galeria\/fotos\/2025\/06\/09\/o_1749469793.png\" \/><meta property=\"og:image\" content=\"https:\/\/aimdigital.com.ar\/galeria\/fotos\/2025\/06\/09\/o_1749469793.png\" \/>\n\t<meta property=\"og:image:width\" content=\"600\" \/>\n\t<meta property=\"og:image:height\" content=\"400\" \/>\n\t<meta property=\"og:image:type\" content=\"image\/jpeg\" \/>\n<meta name=\"author\" content=\"Sebastian\" \/>\n<meta name=\"twitter:card\" content=\"summary_large_image\" \/>\n<meta name=\"twitter:image\" content=\"https:\/\/aimdigital.com.ar\/galeria\/fotos\/2025\/06\/09\/o_1749469793.png\" \/>\n<meta name=\"twitter:creator\" content=\"@InformeLitoral\" \/>\n<meta name=\"twitter:site\" content=\"@InformeLitoral\" \/>\n<meta name=\"twitter:label1\" content=\"Escrito por\" \/>\n\t<meta name=\"twitter:data1\" content=\"Sebastian\" \/>\n\t<meta name=\"twitter:label2\" content=\"Tiempo de lectura\" \/>\n\t<meta name=\"twitter:data2\" content=\"2 minutos\" \/>\n<script type=\"application\/ld+json\" class=\"yoast-schema-graph\">{\"@context\":\"https:\\\/\\\/schema.org\",\"@graph\":[{\"@type\":\"Article\",\"@id\":\"https:\\\/\\\/informelitoral.com.ar\\\/alfredo-odiard-la-clave-esta-en-apostar-a-diferentes-producciones\\\/#article\",\"isPartOf\":{\"@id\":\"https:\\\/\\\/informelitoral.com.ar\\\/alfredo-odiard-la-clave-esta-en-apostar-a-diferentes-producciones\\\/\"},\"author\":{\"name\":\"Sebastian\",\"@id\":\"https:\\\/\\\/informelitoral.com.ar\\\/#\\\/schema\\\/person\\\/f05f9f461677119578717524b127d6d5\"},\"headline\":\"Alfredo Odiard: \u201cLa clave est\u00e1 en apostar a diferentes producciones\u201d\",\"datePublished\":\"2025-06-09T11:38:12+00:00\",\"dateModified\":\"2025-06-10T10:04:52+00:00\",\"mainEntityOfPage\":{\"@id\":\"https:\\\/\\\/informelitoral.com.ar\\\/alfredo-odiard-la-clave-esta-en-apostar-a-diferentes-producciones\\\/\"},\"wordCount\":422,\"commentCount\":0,\"publisher\":{\"@id\":\"https:\\\/\\\/informelitoral.com.ar\\\/#organization\"},\"image\":{\"@id\":\"https:\\\/\\\/informelitoral.com.ar\\\/alfredo-odiard-la-clave-esta-en-apostar-a-diferentes-producciones\\\/#primaryimage\"},\"thumbnailUrl\":\"https:\\\/\\\/aimdigital.com.ar\\\/galeria\\\/fotos\\\/2025\\\/06\\\/09\\\/o_1749469793.png\",\"keywords\":[\"FAA\",\"Federaci\u00f3n Agraria de Entre R\u00edos\",\"Producci\u00f3n\",\"Sector agr\u00edcola\"],\"articleSection\":[\"Campo\"],\"inLanguage\":\"es\",\"potentialAction\":[{\"@type\":\"CommentAction\",\"name\":\"Comment\",\"target\":[\"https:\\\/\\\/informelitoral.com.ar\\\/alfredo-odiard-la-clave-esta-en-apostar-a-diferentes-producciones\\\/#respond\"]}]},{\"@type\":\"WebPage\",\"@id\":\"https:\\\/\\\/informelitoral.com.ar\\\/alfredo-odiard-la-clave-esta-en-apostar-a-diferentes-producciones\\\/\",\"url\":\"https:\\\/\\\/informelitoral.com.ar\\\/alfredo-odiard-la-clave-esta-en-apostar-a-diferentes-producciones\\\/\",\"name\":\"Alfredo Odiard: \u201cLa clave est\u00e1 en apostar a diferentes producciones\u201d - Informe Litoral\",\"isPartOf\":{\"@id\":\"https:\\\/\\\/informelitoral.com.ar\\\/#website\"},\"primaryImageOfPage\":{\"@id\":\"https:\\\/\\\/informelitoral.com.ar\\\/alfredo-odiard-la-clave-esta-en-apostar-a-diferentes-producciones\\\/#primaryimage\"},\"image\":{\"@id\":\"https:\\\/\\\/informelitoral.com.ar\\\/alfredo-odiard-la-clave-esta-en-apostar-a-diferentes-producciones\\\/#primaryimage\"},\"thumbnailUrl\":\"https:\\\/\\\/aimdigital.com.ar\\\/galeria\\\/fotos\\\/2025\\\/06\\\/09\\\/o_1749469793.png\",\"datePublished\":\"2025-06-09T11:38:12+00:00\",\"dateModified\":\"2025-06-10T10:04:52+00:00\",\"breadcrumb\":{\"@id\":\"https:\\\/\\\/informelitoral.com.ar\\\/alfredo-odiard-la-clave-esta-en-apostar-a-diferentes-producciones\\\/#breadcrumb\"},\"inLanguage\":\"es\",\"potentialAction\":[{\"@type\":\"ReadAction\",\"target\":[\"https:\\\/\\\/informelitoral.com.ar\\\/alfredo-odiard-la-clave-esta-en-apostar-a-diferentes-producciones\\\/\"]}]},{\"@type\":\"ImageObject\",\"inLanguage\":\"es\",\"@id\":\"https:\\\/\\\/informelitoral.com.ar\\\/alfredo-odiard-la-clave-esta-en-apostar-a-diferentes-producciones\\\/#primaryimage\",\"url\":\"https:\\\/\\\/aimdigital.com.ar\\\/galeria\\\/fotos\\\/2025\\\/06\\\/09\\\/o_1749469793.png\",\"contentUrl\":\"https:\\\/\\\/aimdigital.com.ar\\\/galeria\\\/fotos\\\/2025\\\/06\\\/09\\\/o_1749469793.png\",\"width\":\"600\",\"height\":\"400\"},{\"@type\":\"BreadcrumbList\",\"@id\":\"https:\\\/\\\/informelitoral.com.ar\\\/alfredo-odiard-la-clave-esta-en-apostar-a-diferentes-producciones\\\/#breadcrumb\",\"itemListElement\":[{\"@type\":\"ListItem\",\"position\":1,\"name\":\"Portada\",\"item\":\"https:\\\/\\\/informelitoral.com.ar\\\/\"},{\"@type\":\"ListItem\",\"position\":2,\"name\":\"Alfredo Odiard: \u201cLa clave est\u00e1 en apostar a diferentes producciones\u201d\"}]},{\"@type\":\"WebSite\",\"@id\":\"https:\\\/\\\/informelitoral.com.ar\\\/#website\",\"url\":\"https:\\\/\\\/informelitoral.com.ar\\\/\",\"name\":\"Informe Litoral\",\"description\":\"&quot;Nos informamos&quot; \",\"publisher\":{\"@id\":\"https:\\\/\\\/informelitoral.com.ar\\\/#organization\"},\"potentialAction\":[{\"@type\":\"SearchAction\",\"target\":{\"@type\":\"EntryPoint\",\"urlTemplate\":\"https:\\\/\\\/informelitoral.com.ar\\\/?s={search_term_string}\"},\"query-input\":{\"@type\":\"PropertyValueSpecification\",\"valueRequired\":true,\"valueName\":\"search_term_string\"}}],\"inLanguage\":\"es\"},{\"@type\":\"Organization\",\"@id\":\"https:\\\/\\\/informelitoral.com.ar\\\/#organization\",\"name\":\"Informe Litoral\",\"url\":\"https:\\\/\\\/informelitoral.com.ar\\\/\",\"logo\":{\"@type\":\"ImageObject\",\"inLanguage\":\"es\",\"@id\":\"https:\\\/\\\/informelitoral.com.ar\\\/#\\\/schema\\\/logo\\\/image\\\/\",\"url\":\"https:\\\/\\\/informelitoral.com.ar\\\/%77%70%2d%63%6f%6e%74%65%6e%74\\\/uploads\\\/2021\\\/01\\\/circulo.png\",\"contentUrl\":\"https:\\\/\\\/informelitoral.com.ar\\\/%77%70%2d%63%6f%6e%74%65%6e%74\\\/uploads\\\/2021\\\/01\\\/circulo.png\",\"width\":723,\"height\":731,\"caption\":\"Informe Litoral\"},\"image\":{\"@id\":\"https:\\\/\\\/informelitoral.com.ar\\\/#\\\/schema\\\/logo\\\/image\\\/\"},\"sameAs\":[\"https:\\\/\\\/www.facebook.com\\\/informelitoral\\\/\",\"https:\\\/\\\/x.com\\\/InformeLitoral\",\"https:\\\/\\\/www.instagram.com\\\/informelitoral\\\/\",\"https:\\\/\\\/www.youtube.com\\\/channel\\\/UCua4Qvz8Icb6MYqhoq9xLXw\"]},{\"@type\":\"Person\",\"@id\":\"https:\\\/\\\/informelitoral.com.ar\\\/#\\\/schema\\\/person\\\/f05f9f461677119578717524b127d6d5\",\"name\":\"Sebastian\",\"image\":{\"@type\":\"ImageObject\",\"inLanguage\":\"es\",\"@id\":\"https:\\\/\\\/secure.gravatar.com\\\/avatar\\\/b71bf7481d447dfb9583c7f2798e7cc64de6efb9067b74633ed8c31059a3bd82?s=96&d=mm&r=g\",\"url\":\"https:\\\/\\\/secure.gravatar.com\\\/avatar\\\/b71bf7481d447dfb9583c7f2798e7cc64de6efb9067b74633ed8c31059a3bd82?s=96&d=mm&r=g\",\"contentUrl\":\"https:\\\/\\\/secure.gravatar.com\\\/avatar\\\/b71bf7481d447dfb9583c7f2798e7cc64de6efb9067b74633ed8c31059a3bd82?s=96&d=mm&r=g\",\"caption\":\"Sebastian\"},\"url\":\"https:\\\/\\\/informelitoral.com.ar\\\/author\\\/sebastian\\\/\"}]}<\/script>","yoast_head_json":{"title":"Alfredo Odiard: \u201cLa clave est\u00e1 en apostar a diferentes producciones\u201d - Informe Litoral","robots":{"index":"index","follow":"follow","max-snippet":"max-snippet:-1","max-image-preview":"max-image-preview:large","max-video-preview":"max-video-preview:-1"},"canonical":"https:\/\/informelitoral.com.ar\/alfredo-odiard-la-clave-esta-en-apostar-a-diferentes-producciones\/","og_locale":"es_ES","og_type":"article","og_title":"Alfredo Odiard: \u201cLa clave est\u00e1 en apostar a diferentes producciones\u201d - Informe Litoral","og_description":"Un productor de 70 a\u00f1os, con 64 campa\u00f1as en el campo, apuesta a la diversificaci\u00f3n para mantener viva la tradici\u00f3n familiar.","og_url":"https:\/\/informelitoral.com.ar\/alfredo-odiard-la-clave-esta-en-apostar-a-diferentes-producciones\/","og_site_name":"Informe Litoral","article_publisher":"https:\/\/www.facebook.com\/informelitoral\/","article_published_time":"2025-06-09T11:38:12+00:00","article_modified_time":"2025-06-10T10:04:52+00:00","og_image":[{"url":"https:\/\/aimdigital.com.ar\/galeria\/fotos\/2025\/06\/09\/o_1749469793.png","type":"","width":"","height":""},{"width":600,"height":400,"url":"https:\/\/aimdigital.com.ar\/galeria\/fotos\/2025\/06\/09\/o_1749469793.png","type":"image\/jpeg"}],"author":"Sebastian","twitter_card":"summary_large_image","twitter_image":"https:\/\/aimdigital.com.ar\/galeria\/fotos\/2025\/06\/09\/o_1749469793.png","twitter_creator":"@InformeLitoral","twitter_site":"@InformeLitoral","twitter_misc":{"Escrito por":"Sebastian","Tiempo de lectura":"2 minutos"},"schema":{"@context":"https:\/\/schema.org","@graph":[{"@type":"Article","@id":"https:\/\/informelitoral.com.ar\/alfredo-odiard-la-clave-esta-en-apostar-a-diferentes-producciones\/#article","isPartOf":{"@id":"https:\/\/informelitoral.com.ar\/alfredo-odiard-la-clave-esta-en-apostar-a-diferentes-producciones\/"},"author":{"name":"Sebastian","@id":"https:\/\/informelitoral.com.ar\/#\/schema\/person\/f05f9f461677119578717524b127d6d5"},"headline":"Alfredo Odiard: \u201cLa clave est\u00e1 en apostar a diferentes producciones\u201d","datePublished":"2025-06-09T11:38:12+00:00","dateModified":"2025-06-10T10:04:52+00:00","mainEntityOfPage":{"@id":"https:\/\/informelitoral.com.ar\/alfredo-odiard-la-clave-esta-en-apostar-a-diferentes-producciones\/"},"wordCount":422,"commentCount":0,"publisher":{"@id":"https:\/\/informelitoral.com.ar\/#organization"},"image":{"@id":"https:\/\/informelitoral.com.ar\/alfredo-odiard-la-clave-esta-en-apostar-a-diferentes-producciones\/#primaryimage"},"thumbnailUrl":"https:\/\/aimdigital.com.ar\/galeria\/fotos\/2025\/06\/09\/o_1749469793.png","keywords":["FAA","Federaci\u00f3n Agraria de Entre R\u00edos","Producci\u00f3n","Sector agr\u00edcola"],"articleSection":["Campo"],"inLanguage":"es","potentialAction":[{"@type":"CommentAction","name":"Comment","target":["https:\/\/informelitoral.com.ar\/alfredo-odiard-la-clave-esta-en-apostar-a-diferentes-producciones\/#respond"]}]},{"@type":"WebPage","@id":"https:\/\/informelitoral.com.ar\/alfredo-odiard-la-clave-esta-en-apostar-a-diferentes-producciones\/","url":"https:\/\/informelitoral.com.ar\/alfredo-odiard-la-clave-esta-en-apostar-a-diferentes-producciones\/","name":"Alfredo Odiard: \u201cLa clave est\u00e1 en apostar a diferentes producciones\u201d - Informe Litoral","isPartOf":{"@id":"https:\/\/informelitoral.com.ar\/#website"},"primaryImageOfPage":{"@id":"https:\/\/informelitoral.com.ar\/alfredo-odiard-la-clave-esta-en-apostar-a-diferentes-producciones\/#primaryimage"},"image":{"@id":"https:\/\/informelitoral.com.ar\/alfredo-odiard-la-clave-esta-en-apostar-a-diferentes-producciones\/#primaryimage"},"thumbnailUrl":"https:\/\/aimdigital.com.ar\/galeria\/fotos\/2025\/06\/09\/o_1749469793.png","datePublished":"2025-06-09T11:38:12+00:00","dateModified":"2025-06-10T10:04:52+00:00","breadcrumb":{"@id":"https:\/\/informelitoral.com.ar\/alfredo-odiard-la-clave-esta-en-apostar-a-diferentes-producciones\/#breadcrumb"},"inLanguage":"es","potentialAction":[{"@type":"ReadAction","target":["https:\/\/informelitoral.com.ar\/alfredo-odiard-la-clave-esta-en-apostar-a-diferentes-producciones\/"]}]},{"@type":"ImageObject","inLanguage":"es","@id":"https:\/\/informelitoral.com.ar\/alfredo-odiard-la-clave-esta-en-apostar-a-diferentes-producciones\/#primaryimage","url":"https:\/\/aimdigital.com.ar\/galeria\/fotos\/2025\/06\/09\/o_1749469793.png","contentUrl":"https:\/\/aimdigital.com.ar\/galeria\/fotos\/2025\/06\/09\/o_1749469793.png","width":"600","height":"400"},{"@type":"BreadcrumbList","@id":"https:\/\/informelitoral.com.ar\/alfredo-odiard-la-clave-esta-en-apostar-a-diferentes-producciones\/#breadcrumb","itemListElement":[{"@type":"ListItem","position":1,"name":"Portada","item":"https:\/\/informelitoral.com.ar\/"},{"@type":"ListItem","position":2,"name":"Alfredo Odiard: \u201cLa clave est\u00e1 en apostar a diferentes producciones\u201d"}]},{"@type":"WebSite","@id":"https:\/\/informelitoral.com.ar\/#website","url":"https:\/\/informelitoral.com.ar\/","name":"Informe Litoral","description":"&quot;Nos informamos&quot; ","publisher":{"@id":"https:\/\/informelitoral.com.ar\/#organization"},"potentialAction":[{"@type":"SearchAction","target":{"@type":"EntryPoint","urlTemplate":"https:\/\/informelitoral.com.ar\/?s={search_term_string}"},"query-input":{"@type":"PropertyValueSpecification","valueRequired":true,"valueName":"search_term_string"}}],"inLanguage":"es"},{"@type":"Organization","@id":"https:\/\/informelitoral.com.ar\/#organization","name":"Informe Litoral","url":"https:\/\/informelitoral.com.ar\/","logo":{"@type":"ImageObject","inLanguage":"es","@id":"https:\/\/informelitoral.com.ar\/#\/schema\/logo\/image\/","url":"https:\/\/informelitoral.com.ar\/%77%70%2d%63%6f%6e%74%65%6e%74\/uploads\/2021\/01\/circulo.png","contentUrl":"https:\/\/informelitoral.com.ar\/%77%70%2d%63%6f%6e%74%65%6e%74\/uploads\/2021\/01\/circulo.png","width":723,"height":731,"caption":"Informe Litoral"},"image":{"@id":"https:\/\/informelitoral.com.ar\/#\/schema\/logo\/image\/"},"sameAs":["https:\/\/www.facebook.com\/informelitoral\/","https:\/\/x.com\/InformeLitoral","https:\/\/www.instagram.com\/informelitoral\/","https:\/\/www.youtube.com\/channel\/UCua4Qvz8Icb6MYqhoq9xLXw"]},{"@type":"Person","@id":"https:\/\/informelitoral.com.ar\/#\/schema\/person\/f05f9f461677119578717524b127d6d5","name":"Sebastian","image":{"@type":"ImageObject","inLanguage":"es","@id":"https:\/\/secure.gravatar.com\/avatar\/b71bf7481d447dfb9583c7f2798e7cc64de6efb9067b74633ed8c31059a3bd82?s=96&d=mm&r=g","url":"https:\/\/secure.gravatar.com\/avatar\/b71bf7481d447dfb9583c7f2798e7cc64de6efb9067b74633ed8c31059a3bd82?s=96&d=mm&r=g","contentUrl":"https:\/\/secure.gravatar.com\/avatar\/b71bf7481d447dfb9583c7f2798e7cc64de6efb9067b74633ed8c31059a3bd82?s=96&d=mm&r=g","caption":"Sebastian"},"url":"https:\/\/informelitoral.com.ar\/author\/sebastian\/"}]}},"fifu_image_url":"https:\/\/aimdigital.com.ar\/galeria\/fotos\/2025\/06\/09\/o_1749469793.png","_links":{"self":[{"href":"https:\/\/informelitoral.com.ar\/%77%70%2d%6a%73%6f%6e\/wp\/v2\/posts\/223497","targetHints":{"allow":["GET"]}}],"collection":[{"href":"https:\/\/informelitoral.com.ar\/%77%70%2d%6a%73%6f%6e\/wp\/v2\/posts"}],"about":[{"href":"https:\/\/informelitoral.com.ar\/%77%70%2d%6a%73%6f%6e\/wp\/v2\/types\/post"}],"author":[{"embeddable":true,"href":"https:\/\/informelitoral.com.ar\/%77%70%2d%6a%73%6f%6e\/wp\/v2\/users\/8"}],"replies":[{"embeddable":true,"href":"https:\/\/informelitoral.com.ar\/%77%70%2d%6a%73%6f%6e\/wp\/v2\/comments?post=223497"}],"version-history":[{"count":3,"href":"https:\/\/informelitoral.com.ar\/%77%70%2d%6a%73%6f%6e\/wp\/v2\/posts\/223497\/revisions"}],"predecessor-version":[{"id":223569,"href":"https:\/\/informelitoral.com.ar\/%77%70%2d%6a%73%6f%6e\/wp\/v2\/posts\/223497\/revisions\/223569"}],"wp:featuredmedia":[{"embeddable":true,"href":"https:\/\/informelitoral.com.ar\/%77%70%2d%6a%73%6f%6e\/wp\/v2\/media\/223498"}],"wp:attachment":[{"href":"https:\/\/informelitoral.com.ar\/%77%70%2d%6a%73%6f%6e\/wp\/v2\/media?parent=223497"}],"wp:term":[{"taxonomy":"category","embeddable":true,"href":"https:\/\/informelitoral.com.ar\/%77%70%2d%6a%73%6f%6e\/wp\/v2\/categories?post=223497"},{"taxonomy":"post_tag","embeddable":true,"href":"https:\/\/informelitoral.com.ar\/%77%70%2d%6a%73%6f%6e\/wp\/v2\/tags?post=223497"}],"curies":[{"name":"wp","href":"https:\/\/api.w.org\/{rel}","templated":true}]}}