{"id":223462,"date":"2025-06-09T08:57:58","date_gmt":"2025-06-09T11:57:58","guid":{"rendered":"https:\/\/informelitoral.com.ar\/?p=223462"},"modified":"2025-06-09T09:05:44","modified_gmt":"2025-06-09T12:05:44","slug":"obras-publicas-en-general-ramirez-bacheo-y-mejoramiento-de-calles-para-mas-seguridad-vial","status":"publish","type":"post","link":"https:\/\/informelitoral.com.ar\/obras-publicas-en-general-ramirez-bacheo-y-mejoramiento-de-calles-para-mas-seguridad-vial\/","title":{"rendered":"Obras P\u00fablicas en General Ram\u00edrez: bacheo y mejoramiento de calles para m\u00e1s seguridad vial"},"content":{"rendered":"<p>La <strong>Municipalidad de General Ram\u00edrez<\/strong> informa sobre la intensificaci\u00f3n de las tareas de mejoramiento vial en diversos puntos de la ciudad, con el objetivo de optimizar la seguridad y la fluidez del tr\u00e1nsito.<\/p>\n<p>Uno de los focos principales de intervenci\u00f3n ha sido la rotonda del pasaje<strong> Eloy Elsesser<\/strong>, donde se realizaron importantes trabajos de bacheo. Esta acci\u00f3n busca mejorar la circulaci\u00f3n en un sector clave de la ciudad, reduciendo los riesgos para conductores y peatones.<\/p>\n<p>Adem\u00e1s, las cuadrillas municipales avanzaron con trabajos de reposici\u00f3n de material y estabilizado de calles en los barrios <strong>San Carlos y Barrio Sur<\/strong>.(<em>Informa Litoral<\/em>)<\/p>\n<h6><em><strong>Del archivo:\u00a0<a href=\"https:\/\/informelitoral.com.ar\/general-ramirez-celebro-una-exitosa-jornada-de-ecocanje\/\" target=\"_blank\" rel=\"noopener\">General Ram\u00edrez celebr\u00f3 una exitosa jornada de EcoCanje<\/a><\/strong><\/em><\/h6>\n","protected":false},"excerpt":{"rendered":"<p>La Municipalidad avanza con trabajos de infraestructura en puntos clave y barrios San Carlos y Sur.<\/p>\n","protected":false},"author":8,"featured_media":223463,"comment_status":"open","ping_status":"open","sticky":false,"template":"","format":"standard","meta":{"fifu_image_url":"https:\/\/scontent.fpra1-1.fna.fbcdn.net\/v\/t39.30808-6\/504727611_1153608450139532_4400900331373293482_n.jpg?stp=dst-jpg_p526x395_tt6&_nc_cat=111&cb=64d46a15-dccda127&ccb=1-7&_nc_sid=127cfc&_nc_eui2=AeG9PRKZ91mXZN7NNz-ZtGHojrW4JP2tEL-Otbgk_a0Qv9dClaZDZ-bMoZODXNgyTnw9q2bCdZdhEmtxkBjOqJJh&_nc_ohc=SHSL7uncCwwQ7kNvwFyduvn&_nc_oc=Adlx___x5TQoKhNc_ONX4vAbVG4uZJ4gRnI1jqzTGjO6Mzsmjni_1z-bSjiyTzCo24Q&_nc_zt=23&_nc_ht=scontent.fpra1-1.fna&_nc_gid=VnniDqVARXAwDZY6FbVo6g&oh=00_AfOJJA-Xzg6mLh381HpSBOc5FU3g5eww6WgyX9EDqYhMew&oe=684C8325","fifu_image_alt":"","footnotes":""},"categories":[5,4586],"tags":[556,107],"class_list":{"0":"post-223462","1":"post","2":"type-post","3":"status-publish","4":"format-standard","5":"has-post-thumbnail","7":"category-zonales","8":"category-general-ramirez","9":"tag-general-ramirez","10":"tag-obras-viales"},"yoast_head":"<title>Obras P\u00fablicas en General Ram\u00edrez: bacheo y mejoramiento de calles para m\u00e1s seguridad vial - Informe Litoral<\/title>\n<meta name=\"robots\" content=\"index, follow, max-snippet:-1, max-image-preview:large, max-video-preview:-1\" \/>\n<link rel=\"canonical\" href=\"https:\/\/informelitoral.com.ar\/obras-publicas-en-general-ramirez-bacheo-y-mejoramiento-de-calles-para-mas-seguridad-vial\/\" \/>\n<meta property=\"og:locale\" content=\"es_ES\" \/>\n<meta property=\"og:type\" content=\"article\" \/>\n<meta property=\"og:title\" content=\"Obras P\u00fablicas en General Ram\u00edrez: bacheo y mejoramiento de calles para m\u00e1s seguridad vial - Informe Litoral\" \/>\n<meta property=\"og:description\" content=\"La Municipalidad avanza con trabajos de infraestructura en puntos clave y barrios San Carlos y Sur.\" \/>\n<meta property=\"og:url\" content=\"https:\/\/informelitoral.com.ar\/obras-publicas-en-general-ramirez-bacheo-y-mejoramiento-de-calles-para-mas-seguridad-vial\/\" \/>\n<meta property=\"og:site_name\" content=\"Informe Litoral\" \/>\n<meta property=\"article:publisher\" content=\"https:\/\/www.facebook.com\/informelitoral\/\" \/>\n<meta property=\"article:published_time\" content=\"2025-06-09T11:57:58+00:00\" \/>\n<meta property=\"article:modified_time\" content=\"2025-06-09T12:05:44+00:00\" \/>\n<meta property=\"og:image\" content=\"https:\/\/scontent.fpra1-1.fna.fbcdn.net\/v\/t39.30808-6\/504727611_1153608450139532_4400900331373293482_n.jpg?stp=dst-jpg_p526x395_tt6&_nc_cat=111&cb=64d46a15-dccda127&ccb=1-7&_nc_sid=127cfc&_nc_eui2=AeG9PRKZ91mXZN7NNz-ZtGHojrW4JP2tEL-Otbgk_a0Qv9dClaZDZ-bMoZODXNgyTnw9q2bCdZdhEmtxkBjOqJJh&_nc_ohc=SHSL7uncCwwQ7kNvwFyduvn&_nc_oc=Adlx___x5TQoKhNc_ONX4vAbVG4uZJ4gRnI1jqzTGjO6Mzsmjni_1z-bSjiyTzCo24Q&_nc_zt=23&_nc_ht=scontent.fpra1-1.fna&_nc_gid=VnniDqVARXAwDZY6FbVo6g&oh=00_AfOJJA-Xzg6mLh381HpSBOc5FU3g5eww6WgyX9EDqYhMew&oe=684C8325\" \/>\n<meta name=\"author\" content=\"Sebastian\" \/>\n<meta name=\"twitter:card\" content=\"summary_large_image\" \/>\n<meta name=\"twitter:image\" content=\"https:\/\/scontent.fpra1-1.fna.fbcdn.net\/v\/t39.30808-6\/504727611_1153608450139532_4400900331373293482_n.jpg?stp=dst-jpg_p526x395_tt6&_nc_cat=111&cb=64d46a15-dccda127&ccb=1-7&_nc_sid=127cfc&_nc_eui2=AeG9PRKZ91mXZN7NNz-ZtGHojrW4JP2tEL-Otbgk_a0Qv9dClaZDZ-bMoZODXNgyTnw9q2bCdZdhEmtxkBjOqJJh&_nc_ohc=SHSL7uncCwwQ7kNvwFyduvn&_nc_oc=Adlx___x5TQoKhNc_ONX4vAbVG4uZJ4gRnI1jqzTGjO6Mzsmjni_1z-bSjiyTzCo24Q&_nc_zt=23&_nc_ht=scontent.fpra1-1.fna&_nc_gid=VnniDqVARXAwDZY6FbVo6g&oh=00_AfOJJA-Xzg6mLh381HpSBOc5FU3g5eww6WgyX9EDqYhMew&oe=684C8325\" \/>\n<meta name=\"twitter:creator\" content=\"@InformeLitoral\" \/>\n<meta name=\"twitter:site\" content=\"@InformeLitoral\" \/>\n<meta name=\"twitter:label1\" content=\"Escrito por\" \/>\n\t<meta name=\"twitter:data1\" content=\"Sebastian\" \/>\n\t<meta name=\"twitter:label2\" content=\"Tiempo de lectura\" \/>\n\t<meta name=\"twitter:data2\" content=\"1 minuto\" \/>\n<script type=\"application\/ld+json\" class=\"yoast-schema-graph\">{\"@context\":\"https:\\\/\\\/schema.org\",\"@graph\":[{\"@type\":\"Article\",\"@id\":\"https:\\\/\\\/informelitoral.com.ar\\\/obras-publicas-en-general-ramirez-bacheo-y-mejoramiento-de-calles-para-mas-seguridad-vial\\\/#article\",\"isPartOf\":{\"@id\":\"https:\\\/\\\/informelitoral.com.ar\\\/obras-publicas-en-general-ramirez-bacheo-y-mejoramiento-de-calles-para-mas-seguridad-vial\\\/\"},\"author\":{\"name\":\"Sebastian\",\"@id\":\"https:\\\/\\\/informelitoral.com.ar\\\/#\\\/schema\\\/person\\\/f05f9f461677119578717524b127d6d5\"},\"headline\":\"Obras P\u00fablicas en General Ram\u00edrez: bacheo y mejoramiento de calles para m\u00e1s seguridad vial\",\"datePublished\":\"2025-06-09T11:57:58+00:00\",\"dateModified\":\"2025-06-09T12:05:44+00:00\",\"mainEntityOfPage\":{\"@id\":\"https:\\\/\\\/informelitoral.com.ar\\\/obras-publicas-en-general-ramirez-bacheo-y-mejoramiento-de-calles-para-mas-seguridad-vial\\\/\"},\"wordCount\":136,\"commentCount\":0,\"publisher\":{\"@id\":\"https:\\\/\\\/informelitoral.com.ar\\\/#organization\"},\"image\":{\"@id\":\"https:\\\/\\\/informelitoral.com.ar\\\/obras-publicas-en-general-ramirez-bacheo-y-mejoramiento-de-calles-para-mas-seguridad-vial\\\/#primaryimage\"},\"thumbnailUrl\":\"https:\\\/\\\/scontent.fpra1-1.fna.fbcdn.net\\\/v\\\/t39.30808-6\\\/504727611_1153608450139532_4400900331373293482_n.jpg?stp=dst-jpg_p526x395_tt6&_nc_cat=111&cb=64d46a15-dccda127&ccb=1-7&_nc_sid=127cfc&_nc_eui2=AeG9PRKZ91mXZN7NNz-ZtGHojrW4JP2tEL-Otbgk_a0Qv9dClaZDZ-bMoZODXNgyTnw9q2bCdZdhEmtxkBjOqJJh&_nc_ohc=SHSL7uncCwwQ7kNvwFyduvn&_nc_oc=Adlx___x5TQoKhNc_ONX4vAbVG4uZJ4gRnI1jqzTGjO6Mzsmjni_1z-bSjiyTzCo24Q&_nc_zt=23&_nc_ht=scontent.fpra1-1.fna&_nc_gid=VnniDqVARXAwDZY6FbVo6g&oh=00_AfOJJA-Xzg6mLh381HpSBOc5FU3g5eww6WgyX9EDqYhMew&oe=684C8325\",\"keywords\":[\"General Ram\u00edrez\",\"Obras viales\"],\"articleSection\":[\"Departamento Diamante\",\"General Ram\u00edrez\"],\"inLanguage\":\"es\",\"potentialAction\":[{\"@type\":\"CommentAction\",\"name\":\"Comment\",\"target\":[\"https:\\\/\\\/informelitoral.com.ar\\\/obras-publicas-en-general-ramirez-bacheo-y-mejoramiento-de-calles-para-mas-seguridad-vial\\\/#respond\"]}]},{\"@type\":\"WebPage\",\"@id\":\"https:\\\/\\\/informelitoral.com.ar\\\/obras-publicas-en-general-ramirez-bacheo-y-mejoramiento-de-calles-para-mas-seguridad-vial\\\/\",\"url\":\"https:\\\/\\\/informelitoral.com.ar\\\/obras-publicas-en-general-ramirez-bacheo-y-mejoramiento-de-calles-para-mas-seguridad-vial\\\/\",\"name\":\"Obras P\u00fablicas en General Ram\u00edrez: bacheo y mejoramiento de calles para m\u00e1s seguridad vial - Informe Litoral\",\"isPartOf\":{\"@id\":\"https:\\\/\\\/informelitoral.com.ar\\\/#website\"},\"primaryImageOfPage\":{\"@id\":\"https:\\\/\\\/informelitoral.com.ar\\\/obras-publicas-en-general-ramirez-bacheo-y-mejoramiento-de-calles-para-mas-seguridad-vial\\\/#primaryimage\"},\"image\":{\"@id\":\"https:\\\/\\\/informelitoral.com.ar\\\/obras-publicas-en-general-ramirez-bacheo-y-mejoramiento-de-calles-para-mas-seguridad-vial\\\/#primaryimage\"},\"thumbnailUrl\":\"https:\\\/\\\/scontent.fpra1-1.fna.fbcdn.net\\\/v\\\/t39.30808-6\\\/504727611_1153608450139532_4400900331373293482_n.jpg?stp=dst-jpg_p526x395_tt6&_nc_cat=111&cb=64d46a15-dccda127&ccb=1-7&_nc_sid=127cfc&_nc_eui2=AeG9PRKZ91mXZN7NNz-ZtGHojrW4JP2tEL-Otbgk_a0Qv9dClaZDZ-bMoZODXNgyTnw9q2bCdZdhEmtxkBjOqJJh&_nc_ohc=SHSL7uncCwwQ7kNvwFyduvn&_nc_oc=Adlx___x5TQoKhNc_ONX4vAbVG4uZJ4gRnI1jqzTGjO6Mzsmjni_1z-bSjiyTzCo24Q&_nc_zt=23&_nc_ht=scontent.fpra1-1.fna&_nc_gid=VnniDqVARXAwDZY6FbVo6g&oh=00_AfOJJA-Xzg6mLh381HpSBOc5FU3g5eww6WgyX9EDqYhMew&oe=684C8325\",\"datePublished\":\"2025-06-09T11:57:58+00:00\",\"dateModified\":\"2025-06-09T12:05:44+00:00\",\"breadcrumb\":{\"@id\":\"https:\\\/\\\/informelitoral.com.ar\\\/obras-publicas-en-general-ramirez-bacheo-y-mejoramiento-de-calles-para-mas-seguridad-vial\\\/#breadcrumb\"},\"inLanguage\":\"es\",\"potentialAction\":[{\"@type\":\"ReadAction\",\"target\":[\"https:\\\/\\\/informelitoral.com.ar\\\/obras-publicas-en-general-ramirez-bacheo-y-mejoramiento-de-calles-para-mas-seguridad-vial\\\/\"]}]},{\"@type\":\"ImageObject\",\"inLanguage\":\"es\",\"@id\":\"https:\\\/\\\/informelitoral.com.ar\\\/obras-publicas-en-general-ramirez-bacheo-y-mejoramiento-de-calles-para-mas-seguridad-vial\\\/#primaryimage\",\"url\":\"https:\\\/\\\/scontent.fpra1-1.fna.fbcdn.net\\\/v\\\/t39.30808-6\\\/504727611_1153608450139532_4400900331373293482_n.jpg?stp=dst-jpg_p526x395_tt6&_nc_cat=111&cb=64d46a15-dccda127&ccb=1-7&_nc_sid=127cfc&_nc_eui2=AeG9PRKZ91mXZN7NNz-ZtGHojrW4JP2tEL-Otbgk_a0Qv9dClaZDZ-bMoZODXNgyTnw9q2bCdZdhEmtxkBjOqJJh&_nc_ohc=SHSL7uncCwwQ7kNvwFyduvn&_nc_oc=Adlx___x5TQoKhNc_ONX4vAbVG4uZJ4gRnI1jqzTGjO6Mzsmjni_1z-bSjiyTzCo24Q&_nc_zt=23&_nc_ht=scontent.fpra1-1.fna&_nc_gid=VnniDqVARXAwDZY6FbVo6g&oh=00_AfOJJA-Xzg6mLh381HpSBOc5FU3g5eww6WgyX9EDqYhMew&oe=684C8325\",\"contentUrl\":\"https:\\\/\\\/scontent.fpra1-1.fna.fbcdn.net\\\/v\\\/t39.30808-6\\\/504727611_1153608450139532_4400900331373293482_n.jpg?stp=dst-jpg_p526x395_tt6&_nc_cat=111&cb=64d46a15-dccda127&ccb=1-7&_nc_sid=127cfc&_nc_eui2=AeG9PRKZ91mXZN7NNz-ZtGHojrW4JP2tEL-Otbgk_a0Qv9dClaZDZ-bMoZODXNgyTnw9q2bCdZdhEmtxkBjOqJJh&_nc_ohc=SHSL7uncCwwQ7kNvwFyduvn&_nc_oc=Adlx___x5TQoKhNc_ONX4vAbVG4uZJ4gRnI1jqzTGjO6Mzsmjni_1z-bSjiyTzCo24Q&_nc_zt=23&_nc_ht=scontent.fpra1-1.fna&_nc_gid=VnniDqVARXAwDZY6FbVo6g&oh=00_AfOJJA-Xzg6mLh381HpSBOc5FU3g5eww6WgyX9EDqYhMew&oe=684C8325\",\"width\":\"593\",\"height\":\"395\"},{\"@type\":\"BreadcrumbList\",\"@id\":\"https:\\\/\\\/informelitoral.com.ar\\\/obras-publicas-en-general-ramirez-bacheo-y-mejoramiento-de-calles-para-mas-seguridad-vial\\\/#breadcrumb\",\"itemListElement\":[{\"@type\":\"ListItem\",\"position\":1,\"name\":\"Portada\",\"item\":\"https:\\\/\\\/informelitoral.com.ar\\\/\"},{\"@type\":\"ListItem\",\"position\":2,\"name\":\"Obras P\u00fablicas en General Ram\u00edrez: bacheo y mejoramiento de calles para m\u00e1s seguridad vial\"}]},{\"@type\":\"WebSite\",\"@id\":\"https:\\\/\\\/informelitoral.com.ar\\\/#website\",\"url\":\"https:\\\/\\\/informelitoral.com.ar\\\/\",\"name\":\"Informe Litoral\",\"description\":\"&quot;Nos informamos&quot; \",\"publisher\":{\"@id\":\"https:\\\/\\\/informelitoral.com.ar\\\/#organization\"},\"potentialAction\":[{\"@type\":\"SearchAction\",\"target\":{\"@type\":\"EntryPoint\",\"urlTemplate\":\"https:\\\/\\\/informelitoral.com.ar\\\/?s={search_term_string}\"},\"query-input\":{\"@type\":\"PropertyValueSpecification\",\"valueRequired\":true,\"valueName\":\"search_term_string\"}}],\"inLanguage\":\"es\"},{\"@type\":\"Organization\",\"@id\":\"https:\\\/\\\/informelitoral.com.ar\\\/#organization\",\"name\":\"Informe Litoral\",\"url\":\"https:\\\/\\\/informelitoral.com.ar\\\/\",\"logo\":{\"@type\":\"ImageObject\",\"inLanguage\":\"es\",\"@id\":\"https:\\\/\\\/informelitoral.com.ar\\\/#\\\/schema\\\/logo\\\/image\\\/\",\"url\":\"https:\\\/\\\/informelitoral.com.ar\\\/%77%70%2d%63%6f%6e%74%65%6e%74\\\/uploads\\\/2021\\\/01\\\/circulo.png\",\"contentUrl\":\"https:\\\/\\\/informelitoral.com.ar\\\/%77%70%2d%63%6f%6e%74%65%6e%74\\\/uploads\\\/2021\\\/01\\\/circulo.png\",\"width\":723,\"height\":731,\"caption\":\"Informe Litoral\"},\"image\":{\"@id\":\"https:\\\/\\\/informelitoral.com.ar\\\/#\\\/schema\\\/logo\\\/image\\\/\"},\"sameAs\":[\"https:\\\/\\\/www.facebook.com\\\/informelitoral\\\/\",\"https:\\\/\\\/x.com\\\/InformeLitoral\",\"https:\\\/\\\/www.instagram.com\\\/informelitoral\\\/\",\"https:\\\/\\\/www.youtube.com\\\/channel\\\/UCua4Qvz8Icb6MYqhoq9xLXw\"]},{\"@type\":\"Person\",\"@id\":\"https:\\\/\\\/informelitoral.com.ar\\\/#\\\/schema\\\/person\\\/f05f9f461677119578717524b127d6d5\",\"name\":\"Sebastian\",\"image\":{\"@type\":\"ImageObject\",\"inLanguage\":\"es\",\"@id\":\"https:\\\/\\\/secure.gravatar.com\\\/avatar\\\/b71bf7481d447dfb9583c7f2798e7cc64de6efb9067b74633ed8c31059a3bd82?s=96&d=mm&r=g\",\"url\":\"https:\\\/\\\/secure.gravatar.com\\\/avatar\\\/b71bf7481d447dfb9583c7f2798e7cc64de6efb9067b74633ed8c31059a3bd82?s=96&d=mm&r=g\",\"contentUrl\":\"https:\\\/\\\/secure.gravatar.com\\\/avatar\\\/b71bf7481d447dfb9583c7f2798e7cc64de6efb9067b74633ed8c31059a3bd82?s=96&d=mm&r=g\",\"caption\":\"Sebastian\"},\"url\":\"https:\\\/\\\/informelitoral.com.ar\\\/author\\\/sebastian\\\/\"}]}<\/script>","yoast_head_json":{"title":"Obras P\u00fablicas en General Ram\u00edrez: bacheo y mejoramiento de calles para m\u00e1s seguridad vial - Informe Litoral","robots":{"index":"index","follow":"follow","max-snippet":"max-snippet:-1","max-image-preview":"max-image-preview:large","max-video-preview":"max-video-preview:-1"},"canonical":"https:\/\/informelitoral.com.ar\/obras-publicas-en-general-ramirez-bacheo-y-mejoramiento-de-calles-para-mas-seguridad-vial\/","og_locale":"es_ES","og_type":"article","og_title":"Obras P\u00fablicas en General Ram\u00edrez: bacheo y mejoramiento de calles para m\u00e1s seguridad vial - Informe Litoral","og_description":"La Municipalidad avanza con trabajos de infraestructura en puntos clave y barrios San Carlos y Sur.","og_url":"https:\/\/informelitoral.com.ar\/obras-publicas-en-general-ramirez-bacheo-y-mejoramiento-de-calles-para-mas-seguridad-vial\/","og_site_name":"Informe Litoral","article_publisher":"https:\/\/www.facebook.com\/informelitoral\/","article_published_time":"2025-06-09T11:57:58+00:00","article_modified_time":"2025-06-09T12:05:44+00:00","og_image":[{"url":"https:\/\/scontent.fpra1-1.fna.fbcdn.net\/v\/t39.30808-6\/504727611_1153608450139532_4400900331373293482_n.jpg?stp=dst-jpg_p526x395_tt6&_nc_cat=111&cb=64d46a15-dccda127&ccb=1-7&_nc_sid=127cfc&_nc_eui2=AeG9PRKZ91mXZN7NNz-ZtGHojrW4JP2tEL-Otbgk_a0Qv9dClaZDZ-bMoZODXNgyTnw9q2bCdZdhEmtxkBjOqJJh&_nc_ohc=SHSL7uncCwwQ7kNvwFyduvn&_nc_oc=Adlx___x5TQoKhNc_ONX4vAbVG4uZJ4gRnI1jqzTGjO6Mzsmjni_1z-bSjiyTzCo24Q&_nc_zt=23&_nc_ht=scontent.fpra1-1.fna&_nc_gid=VnniDqVARXAwDZY6FbVo6g&oh=00_AfOJJA-Xzg6mLh381HpSBOc5FU3g5eww6WgyX9EDqYhMew&oe=684C8325","type":"","width":"","height":""}],"author":"Sebastian","twitter_card":"summary_large_image","twitter_image":"https:\/\/scontent.fpra1-1.fna.fbcdn.net\/v\/t39.30808-6\/504727611_1153608450139532_4400900331373293482_n.jpg?stp=dst-jpg_p526x395_tt6&_nc_cat=111&cb=64d46a15-dccda127&ccb=1-7&_nc_sid=127cfc&_nc_eui2=AeG9PRKZ91mXZN7NNz-ZtGHojrW4JP2tEL-Otbgk_a0Qv9dClaZDZ-bMoZODXNgyTnw9q2bCdZdhEmtxkBjOqJJh&_nc_ohc=SHSL7uncCwwQ7kNvwFyduvn&_nc_oc=Adlx___x5TQoKhNc_ONX4vAbVG4uZJ4gRnI1jqzTGjO6Mzsmjni_1z-bSjiyTzCo24Q&_nc_zt=23&_nc_ht=scontent.fpra1-1.fna&_nc_gid=VnniDqVARXAwDZY6FbVo6g&oh=00_AfOJJA-Xzg6mLh381HpSBOc5FU3g5eww6WgyX9EDqYhMew&oe=684C8325","twitter_creator":"@InformeLitoral","twitter_site":"@InformeLitoral","twitter_misc":{"Escrito por":"Sebastian","Tiempo de lectura":"1 minuto"},"schema":{"@context":"https:\/\/schema.org","@graph":[{"@type":"Article","@id":"https:\/\/informelitoral.com.ar\/obras-publicas-en-general-ramirez-bacheo-y-mejoramiento-de-calles-para-mas-seguridad-vial\/#article","isPartOf":{"@id":"https:\/\/informelitoral.com.ar\/obras-publicas-en-general-ramirez-bacheo-y-mejoramiento-de-calles-para-mas-seguridad-vial\/"},"author":{"name":"Sebastian","@id":"https:\/\/informelitoral.com.ar\/#\/schema\/person\/f05f9f461677119578717524b127d6d5"},"headline":"Obras P\u00fablicas en General Ram\u00edrez: bacheo y mejoramiento de calles para m\u00e1s seguridad vial","datePublished":"2025-06-09T11:57:58+00:00","dateModified":"2025-06-09T12:05:44+00:00","mainEntityOfPage":{"@id":"https:\/\/informelitoral.com.ar\/obras-publicas-en-general-ramirez-bacheo-y-mejoramiento-de-calles-para-mas-seguridad-vial\/"},"wordCount":136,"commentCount":0,"publisher":{"@id":"https:\/\/informelitoral.com.ar\/#organization"},"image":{"@id":"https:\/\/informelitoral.com.ar\/obras-publicas-en-general-ramirez-bacheo-y-mejoramiento-de-calles-para-mas-seguridad-vial\/#primaryimage"},"thumbnailUrl":"https:\/\/scontent.fpra1-1.fna.fbcdn.net\/v\/t39.30808-6\/504727611_1153608450139532_4400900331373293482_n.jpg?stp=dst-jpg_p526x395_tt6&_nc_cat=111&cb=64d46a15-dccda127&ccb=1-7&_nc_sid=127cfc&_nc_eui2=AeG9PRKZ91mXZN7NNz-ZtGHojrW4JP2tEL-Otbgk_a0Qv9dClaZDZ-bMoZODXNgyTnw9q2bCdZdhEmtxkBjOqJJh&_nc_ohc=SHSL7uncCwwQ7kNvwFyduvn&_nc_oc=Adlx___x5TQoKhNc_ONX4vAbVG4uZJ4gRnI1jqzTGjO6Mzsmjni_1z-bSjiyTzCo24Q&_nc_zt=23&_nc_ht=scontent.fpra1-1.fna&_nc_gid=VnniDqVARXAwDZY6FbVo6g&oh=00_AfOJJA-Xzg6mLh381HpSBOc5FU3g5eww6WgyX9EDqYhMew&oe=684C8325","keywords":["General Ram\u00edrez","Obras viales"],"articleSection":["Departamento Diamante","General Ram\u00edrez"],"inLanguage":"es","potentialAction":[{"@type":"CommentAction","name":"Comment","target":["https:\/\/informelitoral.com.ar\/obras-publicas-en-general-ramirez-bacheo-y-mejoramiento-de-calles-para-mas-seguridad-vial\/#respond"]}]},{"@type":"WebPage","@id":"https:\/\/informelitoral.com.ar\/obras-publicas-en-general-ramirez-bacheo-y-mejoramiento-de-calles-para-mas-seguridad-vial\/","url":"https:\/\/informelitoral.com.ar\/obras-publicas-en-general-ramirez-bacheo-y-mejoramiento-de-calles-para-mas-seguridad-vial\/","name":"Obras P\u00fablicas en General Ram\u00edrez: bacheo y mejoramiento de calles para m\u00e1s seguridad vial - Informe Litoral","isPartOf":{"@id":"https:\/\/informelitoral.com.ar\/#website"},"primaryImageOfPage":{"@id":"https:\/\/informelitoral.com.ar\/obras-publicas-en-general-ramirez-bacheo-y-mejoramiento-de-calles-para-mas-seguridad-vial\/#primaryimage"},"image":{"@id":"https:\/\/informelitoral.com.ar\/obras-publicas-en-general-ramirez-bacheo-y-mejoramiento-de-calles-para-mas-seguridad-vial\/#primaryimage"},"thumbnailUrl":"https:\/\/scontent.fpra1-1.fna.fbcdn.net\/v\/t39.30808-6\/504727611_1153608450139532_4400900331373293482_n.jpg?stp=dst-jpg_p526x395_tt6&_nc_cat=111&cb=64d46a15-dccda127&ccb=1-7&_nc_sid=127cfc&_nc_eui2=AeG9PRKZ91mXZN7NNz-ZtGHojrW4JP2tEL-Otbgk_a0Qv9dClaZDZ-bMoZODXNgyTnw9q2bCdZdhEmtxkBjOqJJh&_nc_ohc=SHSL7uncCwwQ7kNvwFyduvn&_nc_oc=Adlx___x5TQoKhNc_ONX4vAbVG4uZJ4gRnI1jqzTGjO6Mzsmjni_1z-bSjiyTzCo24Q&_nc_zt=23&_nc_ht=scontent.fpra1-1.fna&_nc_gid=VnniDqVARXAwDZY6FbVo6g&oh=00_AfOJJA-Xzg6mLh381HpSBOc5FU3g5eww6WgyX9EDqYhMew&oe=684C8325","datePublished":"2025-06-09T11:57:58+00:00","dateModified":"2025-06-09T12:05:44+00:00","breadcrumb":{"@id":"https:\/\/informelitoral.com.ar\/obras-publicas-en-general-ramirez-bacheo-y-mejoramiento-de-calles-para-mas-seguridad-vial\/#breadcrumb"},"inLanguage":"es","potentialAction":[{"@type":"ReadAction","target":["https:\/\/informelitoral.com.ar\/obras-publicas-en-general-ramirez-bacheo-y-mejoramiento-de-calles-para-mas-seguridad-vial\/"]}]},{"@type":"ImageObject","inLanguage":"es","@id":"https:\/\/informelitoral.com.ar\/obras-publicas-en-general-ramirez-bacheo-y-mejoramiento-de-calles-para-mas-seguridad-vial\/#primaryimage","url":"https:\/\/scontent.fpra1-1.fna.fbcdn.net\/v\/t39.30808-6\/504727611_1153608450139532_4400900331373293482_n.jpg?stp=dst-jpg_p526x395_tt6&_nc_cat=111&cb=64d46a15-dccda127&ccb=1-7&_nc_sid=127cfc&_nc_eui2=AeG9PRKZ91mXZN7NNz-ZtGHojrW4JP2tEL-Otbgk_a0Qv9dClaZDZ-bMoZODXNgyTnw9q2bCdZdhEmtxkBjOqJJh&_nc_ohc=SHSL7uncCwwQ7kNvwFyduvn&_nc_oc=Adlx___x5TQoKhNc_ONX4vAbVG4uZJ4gRnI1jqzTGjO6Mzsmjni_1z-bSjiyTzCo24Q&_nc_zt=23&_nc_ht=scontent.fpra1-1.fna&_nc_gid=VnniDqVARXAwDZY6FbVo6g&oh=00_AfOJJA-Xzg6mLh381HpSBOc5FU3g5eww6WgyX9EDqYhMew&oe=684C8325","contentUrl":"https:\/\/scontent.fpra1-1.fna.fbcdn.net\/v\/t39.30808-6\/504727611_1153608450139532_4400900331373293482_n.jpg?stp=dst-jpg_p526x395_tt6&_nc_cat=111&cb=64d46a15-dccda127&ccb=1-7&_nc_sid=127cfc&_nc_eui2=AeG9PRKZ91mXZN7NNz-ZtGHojrW4JP2tEL-Otbgk_a0Qv9dClaZDZ-bMoZODXNgyTnw9q2bCdZdhEmtxkBjOqJJh&_nc_ohc=SHSL7uncCwwQ7kNvwFyduvn&_nc_oc=Adlx___x5TQoKhNc_ONX4vAbVG4uZJ4gRnI1jqzTGjO6Mzsmjni_1z-bSjiyTzCo24Q&_nc_zt=23&_nc_ht=scontent.fpra1-1.fna&_nc_gid=VnniDqVARXAwDZY6FbVo6g&oh=00_AfOJJA-Xzg6mLh381HpSBOc5FU3g5eww6WgyX9EDqYhMew&oe=684C8325","width":"593","height":"395"},{"@type":"BreadcrumbList","@id":"https:\/\/informelitoral.com.ar\/obras-publicas-en-general-ramirez-bacheo-y-mejoramiento-de-calles-para-mas-seguridad-vial\/#breadcrumb","itemListElement":[{"@type":"ListItem","position":1,"name":"Portada","item":"https:\/\/informelitoral.com.ar\/"},{"@type":"ListItem","position":2,"name":"Obras P\u00fablicas en General Ram\u00edrez: bacheo y mejoramiento de calles para m\u00e1s seguridad vial"}]},{"@type":"WebSite","@id":"https:\/\/informelitoral.com.ar\/#website","url":"https:\/\/informelitoral.com.ar\/","name":"Informe Litoral","description":"&quot;Nos informamos&quot; ","publisher":{"@id":"https:\/\/informelitoral.com.ar\/#organization"},"potentialAction":[{"@type":"SearchAction","target":{"@type":"EntryPoint","urlTemplate":"https:\/\/informelitoral.com.ar\/?s={search_term_string}"},"query-input":{"@type":"PropertyValueSpecification","valueRequired":true,"valueName":"search_term_string"}}],"inLanguage":"es"},{"@type":"Organization","@id":"https:\/\/informelitoral.com.ar\/#organization","name":"Informe Litoral","url":"https:\/\/informelitoral.com.ar\/","logo":{"@type":"ImageObject","inLanguage":"es","@id":"https:\/\/informelitoral.com.ar\/#\/schema\/logo\/image\/","url":"https:\/\/informelitoral.com.ar\/%77%70%2d%63%6f%6e%74%65%6e%74\/uploads\/2021\/01\/circulo.png","contentUrl":"https:\/\/informelitoral.com.ar\/%77%70%2d%63%6f%6e%74%65%6e%74\/uploads\/2021\/01\/circulo.png","width":723,"height":731,"caption":"Informe Litoral"},"image":{"@id":"https:\/\/informelitoral.com.ar\/#\/schema\/logo\/image\/"},"sameAs":["https:\/\/www.facebook.com\/informelitoral\/","https:\/\/x.com\/InformeLitoral","https:\/\/www.instagram.com\/informelitoral\/","https:\/\/www.youtube.com\/channel\/UCua4Qvz8Icb6MYqhoq9xLXw"]},{"@type":"Person","@id":"https:\/\/informelitoral.com.ar\/#\/schema\/person\/f05f9f461677119578717524b127d6d5","name":"Sebastian","image":{"@type":"ImageObject","inLanguage":"es","@id":"https:\/\/secure.gravatar.com\/avatar\/b71bf7481d447dfb9583c7f2798e7cc64de6efb9067b74633ed8c31059a3bd82?s=96&d=mm&r=g","url":"https:\/\/secure.gravatar.com\/avatar\/b71bf7481d447dfb9583c7f2798e7cc64de6efb9067b74633ed8c31059a3bd82?s=96&d=mm&r=g","contentUrl":"https:\/\/secure.gravatar.com\/avatar\/b71bf7481d447dfb9583c7f2798e7cc64de6efb9067b74633ed8c31059a3bd82?s=96&d=mm&r=g","caption":"Sebastian"},"url":"https:\/\/informelitoral.com.ar\/author\/sebastian\/"}]}},"fifu_image_url":"https:\/\/scontent.fpra1-1.fna.fbcdn.net\/v\/t39.30808-6\/504727611_1153608450139532_4400900331373293482_n.jpg?stp=dst-jpg_p526x395_tt6&_nc_cat=111&cb=64d46a15-dccda127&ccb=1-7&_nc_sid=127cfc&_nc_eui2=AeG9PRKZ91mXZN7NNz-ZtGHojrW4JP2tEL-Otbgk_a0Qv9dClaZDZ-bMoZODXNgyTnw9q2bCdZdhEmtxkBjOqJJh&_nc_ohc=SHSL7uncCwwQ7kNvwFyduvn&_nc_oc=Adlx___x5TQoKhNc_ONX4vAbVG4uZJ4gRnI1jqzTGjO6Mzsmjni_1z-bSjiyTzCo24Q&_nc_zt=23&_nc_ht=scontent.fpra1-1.fna&_nc_gid=VnniDqVARXAwDZY6FbVo6g&oh=00_AfOJJA-Xzg6mLh381HpSBOc5FU3g5eww6WgyX9EDqYhMew&oe=684C8325","_links":{"self":[{"href":"https:\/\/informelitoral.com.ar\/%77%70%2d%6a%73%6f%6e\/wp\/v2\/posts\/223462","targetHints":{"allow":["GET"]}}],"collection":[{"href":"https:\/\/informelitoral.com.ar\/%77%70%2d%6a%73%6f%6e\/wp\/v2\/posts"}],"about":[{"href":"https:\/\/informelitoral.com.ar\/%77%70%2d%6a%73%6f%6e\/wp\/v2\/types\/post"}],"author":[{"embeddable":true,"href":"https:\/\/informelitoral.com.ar\/%77%70%2d%6a%73%6f%6e\/wp\/v2\/users\/8"}],"replies":[{"embeddable":true,"href":"https:\/\/informelitoral.com.ar\/%77%70%2d%6a%73%6f%6e\/wp\/v2\/comments?post=223462"}],"version-history":[{"count":2,"href":"https:\/\/informelitoral.com.ar\/%77%70%2d%6a%73%6f%6e\/wp\/v2\/posts\/223462\/revisions"}],"predecessor-version":[{"id":223465,"href":"https:\/\/informelitoral.com.ar\/%77%70%2d%6a%73%6f%6e\/wp\/v2\/posts\/223462\/revisions\/223465"}],"wp:featuredmedia":[{"embeddable":true,"href":"https:\/\/informelitoral.com.ar\/%77%70%2d%6a%73%6f%6e\/wp\/v2\/media\/223463"}],"wp:attachment":[{"href":"https:\/\/informelitoral.com.ar\/%77%70%2d%6a%73%6f%6e\/wp\/v2\/media?parent=223462"}],"wp:term":[{"taxonomy":"category","embeddable":true,"href":"https:\/\/informelitoral.com.ar\/%77%70%2d%6a%73%6f%6e\/wp\/v2\/categories?post=223462"},{"taxonomy":"post_tag","embeddable":true,"href":"https:\/\/informelitoral.com.ar\/%77%70%2d%6a%73%6f%6e\/wp\/v2\/tags?post=223462"}],"curies":[{"name":"wp","href":"https:\/\/api.w.org\/{rel}","templated":true}]}}