{"id":22344,"date":"2017-07-17T08:07:48","date_gmt":"2017-07-17T11:07:48","guid":{"rendered":"http:\/\/www.isletasnoticias.com.ar\/?p=22344"},"modified":"2017-07-17T08:07:48","modified_gmt":"2017-07-17T11:07:48","slug":"cambios-en-el-gabinete-juraran-los-ministros-de-defensa-y-educacion","status":"publish","type":"post","link":"https:\/\/informelitoral.com.ar\/cambios-en-el-gabinete-juraran-los-ministros-de-defensa-y-educacion\/","title":{"rendered":"Cambios en el Gabinete: jurar\u00e1n los ministros de Defensa y Educaci\u00f3n"},"content":{"rendered":"<div class=\"post-right\">\n<p class=\"post-excerpt\"><strong><em>Esteban Bullrich<\/em> y <em>Julio Mart\u00ednez<\/em> dejar\u00e1n Educaci\u00f3n y Defensa y ser\u00e1n reemplazados por <em>Alejandro Finocchiaro<\/em> y <em>Oscar Aguad<\/em>, respectivamente. El juramento est\u00e1 previsto para este lunes a las 11 y no se descartan m\u00e1s cambios en el gobierno de Macri para los pr\u00f3ximos meses.<a href=\"http:\/\/www.isletasnoticias.com.ar\/%77%70%2d%63%6f%6e%74%65%6e%74\/uploads\/2017\/07\/casa-rosada-buenos-aires.jpg\"><img loading=\"lazy\" decoding=\"async\" class=\"aligncenter wp-image-22345 size-full\" src=\"http:\/\/www.isletasnoticias.com.ar\/%77%70%2d%63%6f%6e%74%65%6e%74\/uploads\/2017\/07\/casa-rosada-buenos-aires.jpg\" alt=\"\" width=\"990\" height=\"640\" srcset=\"https:\/\/informelitoral.com.ar\/%77%70%2d%63%6f%6e%74%65%6e%74\/uploads\/2017\/07\/casa-rosada-buenos-aires.jpg 990w, https:\/\/informelitoral.com.ar\/%77%70%2d%63%6f%6e%74%65%6e%74\/uploads\/2017\/07\/casa-rosada-buenos-aires-300x194.jpg 300w, https:\/\/informelitoral.com.ar\/%77%70%2d%63%6f%6e%74%65%6e%74\/uploads\/2017\/07\/casa-rosada-buenos-aires-768x496.jpg 768w\" sizes=\"auto, (max-width: 990px) 100vw, 990px\" \/><\/a><\/strong><\/p>\n<\/div>\n<div class=\"post-body-inner\">\n<div class=\"row\">\n<div class=\"col-xs-12 col-print-12\">\n<p class=\"element element-paragraph\">Luego de que el viernes comenzara oficialmente la campa\u00f1a de cara a las\u00a0<strong>PASO del 13 de agosto<\/strong>, el presidente\u00a0<strong>Mauricio\u00a0Macri<\/strong>\u00a0tomar\u00e1 juramento a las 11 de este lunes a los nuevos ministros de\u00a0<strong>Educaci\u00f3n<\/strong>\u00a0y de\u00a0<strong>Defensa,<\/strong>\u00a0Alejandro\u00a0<strong>Finocchiaro<\/strong>\u00a0y Oscar\u00a0<strong>Aguad,<\/strong>\u00a0respectivamente, quienes asumir\u00e1n formalmente esas funciones en reemplazo de Esteban\u00a0<strong>Bullrich<\/strong>\u00a0y de Julio\u00a0<strong>Mart\u00ednez,<\/strong>\u00a0quienes renunciaron para ser\u00a0<strong>precandidatos<\/strong>\u00a0a legisladores nacionales por\u00a0<strong>Cambiemos.\u00a0<\/strong><\/p>\n<\/div>\n<\/div>\n<div class=\"row\">\n<div class=\"col-xs-12 col-print-12\">\n<p class=\"element element-paragraph\">Las modificaciones fueron comunicadas a trav\u00e9s de los decretos 508, 509, 510, 514 y 515, que aparecen en el Bolet\u00edn Oficial de este lunes.<\/p>\n<\/div>\n<\/div>\n<div class=\"row\">\n<figure class=\"element element-image col-xs-12\">\n<div class=\"single-image\">\n<p><img decoding=\"async\" id=\"NFQKRWCFSVEYXEYIDHTINFNONI\" class=\"image-lazy\" src=\"http:\/\/www.infobae.com\/new-resizer\/DLRPUVS1m2xzBe0voxG71k-KF14=\/600x0\/s3.amazonaws.com\/arc-wordpress-client-uploads\/infobae-wp\/%77%70%2d%63%6f%6e%74%65%6e%74\/uploads\/2017\/07\/16170121\/Alejandro-Finocchiario-y-de-Oscar-Aguad-1920.jpg?token=bar\" alt=\"Alejandro Finocchiario y de Oscar Aguad\" width=\"750\" height=\"421.484375\" data-url=\"http:\/\/www.infobae.com\/politica\/2017\/07\/16\/manana-empiezan-los-cambios-en-el-gabinete-juran-los-nuevos-ministros-de-defensa-y-educacion\/%23NFQKRWCFSVEYXEYIDHTINFNONI\" data-original=\"http:\/\/www.infobae.com\/new-resizer\/DLRPUVS1m2xzBe0voxG71k-KF14=\/600x0\/s3.amazonaws.com\/arc-wordpress-client-uploads\/infobae-wp\/%77%70%2d%63%6f%6e%74%65%6e%74\/uploads\/2017\/07\/16170121\/Alejandro-Finocchiario-y-de-Oscar-Aguad-1920.jpg?token=bar\" \/><\/p>\n<\/div><figcaption class=\"\"><em><span class=\"credit\">Alejandro Finocchiario y Oscar Aguad<\/span><\/em><\/figcaption><\/figure>\n<\/div>\n<div class=\"row\">\n<div class=\"col-xs-12 col-print-12\">\n<p class=\"element element-paragraph\">Por otro lado, circulan rumores sobre una segunda reestructuraci\u00f3n del Gabinete nacional. Seg\u00fan la agencia\u00a0<em>DyN,<\/em>\u00a0en el\u00a0<strong>Ministerio de Comunicaciones<\/strong>\u00a0podr\u00edan eliminar algunas\u00a0<strong>secretar\u00edas<\/strong>\u00a0y\u00a0<strong>direcciones,<\/strong>\u00a0mientras que la\u00a0<strong>Secretar\u00eda de Deportes,<\/strong>\u00a0que actualmente depende del Ministerio de Educaci\u00f3n, pasar\u00e1 a depender directamente de la\u00a0<strong>Secretar\u00eda General de Presidencia<\/strong>.<\/p>\n<\/div>\n<\/div>\n<div class=\"row\">\n<div class=\"col-xs-12 col-print-12\">\n<p class=\"element element-paragraph\">El Ministerio de Comunicaciones bajar\u00e1 al rango de Secretar\u00eda y depender\u00e1 del Ministerio de Modernizaci\u00f3n, que conduce Andr\u00e9s\u00a0<strong>Ibarra,<\/strong>\u00a0que a su vez pasar\u00e1 a controlar el\u00a0<strong>Correo Argentino<\/strong>\u00a0y\u00a0<strong>ARSAT<\/strong>, seg\u00fan indica el decreto 513, tambi\u00e9n publicado este lunes.<\/p>\n<\/div>\n<\/div>\n<div class=\"row\">\n<div class=\"col-xs-12 col-print-12\">\n<p class=\"element element-paragraph\">En tanto, la agencia\u00a0<em>DyN<\/em>\u00a0destac\u00f3 que en el Gobierno defin\u00edan en las \u00faltimas horas si el Ente Nacional de Comunicaciones\u00a0<strong>(ENACOM),<\/strong>\u00a0un ente\u00a0<strong>aut\u00e1rquico<\/strong>\u00a0y\u00a0<strong>descentralizado<\/strong>\u00a0que funciona en el \u00e1mbito del Ministerio de Comunicaciones y que conduce el proceso de convergencia tecnol\u00f3gica y busca garantizar el acceso a servicios de Internet, telefon\u00eda fija y m\u00f3vil, radio, postales y televisi\u00f3n,\u00a0<strong>tambi\u00e9n cambiar\u00e1 a la \u00f3rbita del Ministerio de Modernizaci\u00f3n de Ibarra<\/strong>, o a la Secretar\u00eda de Comunicaci\u00f3n P\u00fablica que encabeza Jorge\u00a0<strong>Grecco.<\/strong><\/p>\n<\/div>\n<\/div>\n<div class=\"row\">\n<div class=\"col-xs-12 col-print-12\">\n<p class=\"element element-paragraph\">Desde la salida de Susana\u00a0<strong>Malcorra<\/strong>\u00a0de la Canciller\u00eda el mes pasado, hay que ir hasta diciembre de\u00a0<strong>2016<\/strong>\u00a0para rastrear el anterior cambio en el Gabinete de Macri, cuando Alfonso\u00a0<strong>Prat-Gay<\/strong>\u00a0dej\u00f3 el ministerio de\u00a0<strong>Econom\u00eda.<\/strong><\/p>\n<\/div>\n<\/div>\n<div class=\"row\">\n<div class=\"col-xs-12 col-print-12\">\n<p class=\"element element-paragraph\">Las dimisiones de la titular de la Autoridad de Cuenca Matanza Riachuelo (ACUMAR) y el jefe de la Unidad Plan Belgrano fueron comunicadas hoy a trav\u00e9s de los decretos 512 y 511, respectivamente.<\/p>\n<\/div>\n<\/div>\n<div class=\"row\">\n<div class=\"col-xs-12 col-print-12\">\n<p class=\"element element-paragraph\">Gonz\u00e1lez deja la gesti\u00f3n para dedicarse a la campa\u00f1a como precandidata a senadora nacional por la Provincia de Buenos Aires. En la lista de Cambiemos, su nombre figurar\u00e1 debajo del de Bullrich.<\/p>\n<\/div>\n<\/div>\n<div class=\"row\">\n<div class=\"col-xs-12 col-print-12\">\n<p class=\"element element-paragraph\">Por su parte, el encargado del Plan Belgrano en Jefatura de Gabinete es precandidato a diputado nacional por la provincia de Tucum\u00e1n.<em>\u00a0(Infobae)<\/em><\/p>\n<\/div>\n<\/div>\n<\/div>\n","protected":false},"excerpt":{"rendered":"<p>Esteban Bullrich y Julio Mart&iacute;nez dejar&aacute;n Educaci&oacute;n y Defensa y ser&aacute;n reemplazados por Alejandro Finocchiaro y Oscar Aguad, respectivamente. El juramento est&aacute; previsto para este lunes a las 11 y no se descartan m&aacute;s cambios en el gobierno de Macri para los pr&oacute;ximos meses. Luego de que el viernes comenzara oficialmente la campa&ntilde;a de cara [&hellip;]<\/p>\n","protected":false},"author":2,"featured_media":0,"comment_status":"open","ping_status":"open","sticky":false,"template":"","format":"standard","meta":{"fifu_image_url":"","fifu_image_alt":"","footnotes":""},"categories":[7,16],"tags":[],"class_list":{"0":"post-22344","1":"post","2":"type-post","3":"status-publish","4":"format-standard","6":"category-nacionales","7":"category-politi"},"yoast_head":"<title>Cambios en el Gabinete: jurar\u00e1n los ministros de Defensa y Educaci\u00f3n - Informe Litoral<\/title>\n<meta name=\"robots\" content=\"index, follow, max-snippet:-1, max-image-preview:large, max-video-preview:-1\" \/>\n<link rel=\"canonical\" href=\"https:\/\/informelitoral.com.ar\/cambios-en-el-gabinete-juraran-los-ministros-de-defensa-y-educacion\/\" \/>\n<meta property=\"og:locale\" content=\"es_ES\" \/>\n<meta property=\"og:type\" content=\"article\" \/>\n<meta property=\"og:title\" content=\"Cambios en el Gabinete: jurar\u00e1n los ministros de Defensa y Educaci\u00f3n - Informe Litoral\" \/>\n<meta property=\"og:description\" content=\"Esteban Bullrich y Julio Mart&iacute;nez dejar&aacute;n Educaci&oacute;n y Defensa y ser&aacute;n reemplazados por Alejandro Finocchiaro y Oscar Aguad, respectivamente. El juramento est&aacute; previsto para este lunes a las 11 y no se descartan m&aacute;s cambios en el gobierno de Macri para los pr&oacute;ximos meses. Luego de que el viernes comenzara oficialmente la campa&ntilde;a de cara [&hellip;]\" \/>\n<meta property=\"og:url\" content=\"https:\/\/informelitoral.com.ar\/cambios-en-el-gabinete-juraran-los-ministros-de-defensa-y-educacion\/\" \/>\n<meta property=\"og:site_name\" content=\"Informe Litoral\" \/>\n<meta property=\"article:publisher\" content=\"https:\/\/www.facebook.com\/informelitoral\/\" \/>\n<meta property=\"article:published_time\" content=\"2017-07-17T11:07:48+00:00\" \/>\n<meta property=\"og:image\" content=\"https:\/\/informelitoral.com.ar\/%77%70%2d%63%6f%6e%74%65%6e%74\/uploads\/2017\/07\/casa-rosada-buenos-aires.jpg\" \/>\n\t<meta property=\"og:image:width\" content=\"990\" \/>\n\t<meta property=\"og:image:height\" content=\"640\" \/>\n\t<meta property=\"og:image:type\" content=\"image\/jpeg\" \/>\n<meta name=\"author\" content=\"Gonzalo Schmidt\" \/>\n<meta name=\"twitter:card\" content=\"summary_large_image\" \/>\n<meta name=\"twitter:creator\" content=\"@InformeLitoral\" \/>\n<meta name=\"twitter:site\" content=\"@InformeLitoral\" \/>\n<meta name=\"twitter:label1\" content=\"Escrito por\" \/>\n\t<meta name=\"twitter:data1\" content=\"Gonzalo Schmidt\" \/>\n\t<meta name=\"twitter:label2\" content=\"Tiempo de lectura\" \/>\n\t<meta name=\"twitter:data2\" content=\"2 minutos\" \/>\n<script type=\"application\/ld+json\" class=\"yoast-schema-graph\">{\"@context\":\"https:\\\/\\\/schema.org\",\"@graph\":[{\"@type\":\"Article\",\"@id\":\"https:\\\/\\\/informelitoral.com.ar\\\/cambios-en-el-gabinete-juraran-los-ministros-de-defensa-y-educacion\\\/#article\",\"isPartOf\":{\"@id\":\"https:\\\/\\\/informelitoral.com.ar\\\/cambios-en-el-gabinete-juraran-los-ministros-de-defensa-y-educacion\\\/\"},\"author\":{\"name\":\"Gonzalo Schmidt\",\"@id\":\"https:\\\/\\\/informelitoral.com.ar\\\/#\\\/schema\\\/person\\\/b9d00407c836482871ef1d57bf8e3180\"},\"headline\":\"Cambios en el Gabinete: jurar\u00e1n los ministros de Defensa y Educaci\u00f3n\",\"datePublished\":\"2017-07-17T11:07:48+00:00\",\"mainEntityOfPage\":{\"@id\":\"https:\\\/\\\/informelitoral.com.ar\\\/cambios-en-el-gabinete-juraran-los-ministros-de-defensa-y-educacion\\\/\"},\"wordCount\":483,\"commentCount\":0,\"publisher\":{\"@id\":\"https:\\\/\\\/informelitoral.com.ar\\\/#organization\"},\"image\":{\"@id\":\"https:\\\/\\\/informelitoral.com.ar\\\/cambios-en-el-gabinete-juraran-los-ministros-de-defensa-y-educacion\\\/#primaryimage\"},\"thumbnailUrl\":\"http:\\\/\\\/www.isletasnoticias.com.ar\\\/%77%70%2d%63%6f%6e%74%65%6e%74\\\/uploads\\\/2017\\\/07\\\/casa-rosada-buenos-aires.jpg\",\"articleSection\":[\"Nacionales\",\"Politica\"],\"inLanguage\":\"es\",\"potentialAction\":[{\"@type\":\"CommentAction\",\"name\":\"Comment\",\"target\":[\"https:\\\/\\\/informelitoral.com.ar\\\/cambios-en-el-gabinete-juraran-los-ministros-de-defensa-y-educacion\\\/#respond\"]}]},{\"@type\":\"WebPage\",\"@id\":\"https:\\\/\\\/informelitoral.com.ar\\\/cambios-en-el-gabinete-juraran-los-ministros-de-defensa-y-educacion\\\/\",\"url\":\"https:\\\/\\\/informelitoral.com.ar\\\/cambios-en-el-gabinete-juraran-los-ministros-de-defensa-y-educacion\\\/\",\"name\":\"Cambios en el Gabinete: jurar\u00e1n los ministros de Defensa y Educaci\u00f3n - Informe Litoral\",\"isPartOf\":{\"@id\":\"https:\\\/\\\/informelitoral.com.ar\\\/#website\"},\"primaryImageOfPage\":{\"@id\":\"https:\\\/\\\/informelitoral.com.ar\\\/cambios-en-el-gabinete-juraran-los-ministros-de-defensa-y-educacion\\\/#primaryimage\"},\"image\":{\"@id\":\"https:\\\/\\\/informelitoral.com.ar\\\/cambios-en-el-gabinete-juraran-los-ministros-de-defensa-y-educacion\\\/#primaryimage\"},\"thumbnailUrl\":\"http:\\\/\\\/www.isletasnoticias.com.ar\\\/%77%70%2d%63%6f%6e%74%65%6e%74\\\/uploads\\\/2017\\\/07\\\/casa-rosada-buenos-aires.jpg\",\"datePublished\":\"2017-07-17T11:07:48+00:00\",\"breadcrumb\":{\"@id\":\"https:\\\/\\\/informelitoral.com.ar\\\/cambios-en-el-gabinete-juraran-los-ministros-de-defensa-y-educacion\\\/#breadcrumb\"},\"inLanguage\":\"es\",\"potentialAction\":[{\"@type\":\"ReadAction\",\"target\":[\"https:\\\/\\\/informelitoral.com.ar\\\/cambios-en-el-gabinete-juraran-los-ministros-de-defensa-y-educacion\\\/\"]}]},{\"@type\":\"ImageObject\",\"inLanguage\":\"es\",\"@id\":\"https:\\\/\\\/informelitoral.com.ar\\\/cambios-en-el-gabinete-juraran-los-ministros-de-defensa-y-educacion\\\/#primaryimage\",\"url\":\"http:\\\/\\\/www.isletasnoticias.com.ar\\\/%77%70%2d%63%6f%6e%74%65%6e%74\\\/uploads\\\/2017\\\/07\\\/casa-rosada-buenos-aires.jpg\",\"contentUrl\":\"http:\\\/\\\/www.isletasnoticias.com.ar\\\/%77%70%2d%63%6f%6e%74%65%6e%74\\\/uploads\\\/2017\\\/07\\\/casa-rosada-buenos-aires.jpg\"},{\"@type\":\"BreadcrumbList\",\"@id\":\"https:\\\/\\\/informelitoral.com.ar\\\/cambios-en-el-gabinete-juraran-los-ministros-de-defensa-y-educacion\\\/#breadcrumb\",\"itemListElement\":[{\"@type\":\"ListItem\",\"position\":1,\"name\":\"Portada\",\"item\":\"https:\\\/\\\/informelitoral.com.ar\\\/\"},{\"@type\":\"ListItem\",\"position\":2,\"name\":\"Cambios en el Gabinete: jurar\u00e1n los ministros de Defensa y Educaci\u00f3n\"}]},{\"@type\":\"WebSite\",\"@id\":\"https:\\\/\\\/informelitoral.com.ar\\\/#website\",\"url\":\"https:\\\/\\\/informelitoral.com.ar\\\/\",\"name\":\"Informe Litoral\",\"description\":\"&quot;Nos informamos&quot; \",\"publisher\":{\"@id\":\"https:\\\/\\\/informelitoral.com.ar\\\/#organization\"},\"potentialAction\":[{\"@type\":\"SearchAction\",\"target\":{\"@type\":\"EntryPoint\",\"urlTemplate\":\"https:\\\/\\\/informelitoral.com.ar\\\/?s={search_term_string}\"},\"query-input\":{\"@type\":\"PropertyValueSpecification\",\"valueRequired\":true,\"valueName\":\"search_term_string\"}}],\"inLanguage\":\"es\"},{\"@type\":\"Organization\",\"@id\":\"https:\\\/\\\/informelitoral.com.ar\\\/#organization\",\"name\":\"Informe Litoral\",\"url\":\"https:\\\/\\\/informelitoral.com.ar\\\/\",\"logo\":{\"@type\":\"ImageObject\",\"inLanguage\":\"es\",\"@id\":\"https:\\\/\\\/informelitoral.com.ar\\\/#\\\/schema\\\/logo\\\/image\\\/\",\"url\":\"https:\\\/\\\/informelitoral.com.ar\\\/%77%70%2d%63%6f%6e%74%65%6e%74\\\/uploads\\\/2021\\\/01\\\/circulo.png\",\"contentUrl\":\"https:\\\/\\\/informelitoral.com.ar\\\/%77%70%2d%63%6f%6e%74%65%6e%74\\\/uploads\\\/2021\\\/01\\\/circulo.png\",\"width\":723,\"height\":731,\"caption\":\"Informe Litoral\"},\"image\":{\"@id\":\"https:\\\/\\\/informelitoral.com.ar\\\/#\\\/schema\\\/logo\\\/image\\\/\"},\"sameAs\":[\"https:\\\/\\\/www.facebook.com\\\/informelitoral\\\/\",\"https:\\\/\\\/x.com\\\/InformeLitoral\",\"https:\\\/\\\/www.instagram.com\\\/informelitoral\\\/\",\"https:\\\/\\\/www.youtube.com\\\/channel\\\/UCua4Qvz8Icb6MYqhoq9xLXw\"]},{\"@type\":\"Person\",\"@id\":\"https:\\\/\\\/informelitoral.com.ar\\\/#\\\/schema\\\/person\\\/b9d00407c836482871ef1d57bf8e3180\",\"name\":\"Gonzalo Schmidt\",\"image\":{\"@type\":\"ImageObject\",\"inLanguage\":\"es\",\"@id\":\"https:\\\/\\\/secure.gravatar.com\\\/avatar\\\/31a1a7b66ff2de83bd0e9fd79d026630d2d99e55e8bfe501287647b4fd9743de?s=96&d=mm&r=g\",\"url\":\"https:\\\/\\\/secure.gravatar.com\\\/avatar\\\/31a1a7b66ff2de83bd0e9fd79d026630d2d99e55e8bfe501287647b4fd9743de?s=96&d=mm&r=g\",\"contentUrl\":\"https:\\\/\\\/secure.gravatar.com\\\/avatar\\\/31a1a7b66ff2de83bd0e9fd79d026630d2d99e55e8bfe501287647b4fd9743de?s=96&d=mm&r=g\",\"caption\":\"Gonzalo Schmidt\"},\"description\":\"Sitio web de noticias de la provincia de Entre R\u00edos, Argentina. Informaci\u00f3n y entretenimiento. Informe Litoral, nos informamos.\",\"sameAs\":[\"http:\\\/\\\/www.isletasnoticias.com.ar\"],\"url\":\"https:\\\/\\\/informelitoral.com.ar\\\/author\\\/gonzalo\\\/\"}]}<\/script>","yoast_head_json":{"title":"Cambios en el Gabinete: jurar\u00e1n los ministros de Defensa y Educaci\u00f3n - Informe Litoral","robots":{"index":"index","follow":"follow","max-snippet":"max-snippet:-1","max-image-preview":"max-image-preview:large","max-video-preview":"max-video-preview:-1"},"canonical":"https:\/\/informelitoral.com.ar\/cambios-en-el-gabinete-juraran-los-ministros-de-defensa-y-educacion\/","og_locale":"es_ES","og_type":"article","og_title":"Cambios en el Gabinete: jurar\u00e1n los ministros de Defensa y Educaci\u00f3n - Informe Litoral","og_description":"Esteban Bullrich y Julio Mart&iacute;nez dejar&aacute;n Educaci&oacute;n y Defensa y ser&aacute;n reemplazados por Alejandro Finocchiaro y Oscar Aguad, respectivamente. El juramento est&aacute; previsto para este lunes a las 11 y no se descartan m&aacute;s cambios en el gobierno de Macri para los pr&oacute;ximos meses. Luego de que el viernes comenzara oficialmente la campa&ntilde;a de cara [&hellip;]","og_url":"https:\/\/informelitoral.com.ar\/cambios-en-el-gabinete-juraran-los-ministros-de-defensa-y-educacion\/","og_site_name":"Informe Litoral","article_publisher":"https:\/\/www.facebook.com\/informelitoral\/","article_published_time":"2017-07-17T11:07:48+00:00","og_image":[{"width":990,"height":640,"url":"https:\/\/informelitoral.com.ar\/%77%70%2d%63%6f%6e%74%65%6e%74\/uploads\/2017\/07\/casa-rosada-buenos-aires.jpg","type":"image\/jpeg"}],"author":"Gonzalo Schmidt","twitter_card":"summary_large_image","twitter_creator":"@InformeLitoral","twitter_site":"@InformeLitoral","twitter_misc":{"Escrito por":"Gonzalo Schmidt","Tiempo de lectura":"2 minutos"},"schema":{"@context":"https:\/\/schema.org","@graph":[{"@type":"Article","@id":"https:\/\/informelitoral.com.ar\/cambios-en-el-gabinete-juraran-los-ministros-de-defensa-y-educacion\/#article","isPartOf":{"@id":"https:\/\/informelitoral.com.ar\/cambios-en-el-gabinete-juraran-los-ministros-de-defensa-y-educacion\/"},"author":{"name":"Gonzalo Schmidt","@id":"https:\/\/informelitoral.com.ar\/#\/schema\/person\/b9d00407c836482871ef1d57bf8e3180"},"headline":"Cambios en el Gabinete: jurar\u00e1n los ministros de Defensa y Educaci\u00f3n","datePublished":"2017-07-17T11:07:48+00:00","mainEntityOfPage":{"@id":"https:\/\/informelitoral.com.ar\/cambios-en-el-gabinete-juraran-los-ministros-de-defensa-y-educacion\/"},"wordCount":483,"commentCount":0,"publisher":{"@id":"https:\/\/informelitoral.com.ar\/#organization"},"image":{"@id":"https:\/\/informelitoral.com.ar\/cambios-en-el-gabinete-juraran-los-ministros-de-defensa-y-educacion\/#primaryimage"},"thumbnailUrl":"http:\/\/www.isletasnoticias.com.ar\/%77%70%2d%63%6f%6e%74%65%6e%74\/uploads\/2017\/07\/casa-rosada-buenos-aires.jpg","articleSection":["Nacionales","Politica"],"inLanguage":"es","potentialAction":[{"@type":"CommentAction","name":"Comment","target":["https:\/\/informelitoral.com.ar\/cambios-en-el-gabinete-juraran-los-ministros-de-defensa-y-educacion\/#respond"]}]},{"@type":"WebPage","@id":"https:\/\/informelitoral.com.ar\/cambios-en-el-gabinete-juraran-los-ministros-de-defensa-y-educacion\/","url":"https:\/\/informelitoral.com.ar\/cambios-en-el-gabinete-juraran-los-ministros-de-defensa-y-educacion\/","name":"Cambios en el Gabinete: jurar\u00e1n los ministros de Defensa y Educaci\u00f3n - Informe Litoral","isPartOf":{"@id":"https:\/\/informelitoral.com.ar\/#website"},"primaryImageOfPage":{"@id":"https:\/\/informelitoral.com.ar\/cambios-en-el-gabinete-juraran-los-ministros-de-defensa-y-educacion\/#primaryimage"},"image":{"@id":"https:\/\/informelitoral.com.ar\/cambios-en-el-gabinete-juraran-los-ministros-de-defensa-y-educacion\/#primaryimage"},"thumbnailUrl":"http:\/\/www.isletasnoticias.com.ar\/%77%70%2d%63%6f%6e%74%65%6e%74\/uploads\/2017\/07\/casa-rosada-buenos-aires.jpg","datePublished":"2017-07-17T11:07:48+00:00","breadcrumb":{"@id":"https:\/\/informelitoral.com.ar\/cambios-en-el-gabinete-juraran-los-ministros-de-defensa-y-educacion\/#breadcrumb"},"inLanguage":"es","potentialAction":[{"@type":"ReadAction","target":["https:\/\/informelitoral.com.ar\/cambios-en-el-gabinete-juraran-los-ministros-de-defensa-y-educacion\/"]}]},{"@type":"ImageObject","inLanguage":"es","@id":"https:\/\/informelitoral.com.ar\/cambios-en-el-gabinete-juraran-los-ministros-de-defensa-y-educacion\/#primaryimage","url":"http:\/\/www.isletasnoticias.com.ar\/%77%70%2d%63%6f%6e%74%65%6e%74\/uploads\/2017\/07\/casa-rosada-buenos-aires.jpg","contentUrl":"http:\/\/www.isletasnoticias.com.ar\/%77%70%2d%63%6f%6e%74%65%6e%74\/uploads\/2017\/07\/casa-rosada-buenos-aires.jpg"},{"@type":"BreadcrumbList","@id":"https:\/\/informelitoral.com.ar\/cambios-en-el-gabinete-juraran-los-ministros-de-defensa-y-educacion\/#breadcrumb","itemListElement":[{"@type":"ListItem","position":1,"name":"Portada","item":"https:\/\/informelitoral.com.ar\/"},{"@type":"ListItem","position":2,"name":"Cambios en el Gabinete: jurar\u00e1n los ministros de Defensa y Educaci\u00f3n"}]},{"@type":"WebSite","@id":"https:\/\/informelitoral.com.ar\/#website","url":"https:\/\/informelitoral.com.ar\/","name":"Informe Litoral","description":"&quot;Nos informamos&quot; ","publisher":{"@id":"https:\/\/informelitoral.com.ar\/#organization"},"potentialAction":[{"@type":"SearchAction","target":{"@type":"EntryPoint","urlTemplate":"https:\/\/informelitoral.com.ar\/?s={search_term_string}"},"query-input":{"@type":"PropertyValueSpecification","valueRequired":true,"valueName":"search_term_string"}}],"inLanguage":"es"},{"@type":"Organization","@id":"https:\/\/informelitoral.com.ar\/#organization","name":"Informe Litoral","url":"https:\/\/informelitoral.com.ar\/","logo":{"@type":"ImageObject","inLanguage":"es","@id":"https:\/\/informelitoral.com.ar\/#\/schema\/logo\/image\/","url":"https:\/\/informelitoral.com.ar\/%77%70%2d%63%6f%6e%74%65%6e%74\/uploads\/2021\/01\/circulo.png","contentUrl":"https:\/\/informelitoral.com.ar\/%77%70%2d%63%6f%6e%74%65%6e%74\/uploads\/2021\/01\/circulo.png","width":723,"height":731,"caption":"Informe Litoral"},"image":{"@id":"https:\/\/informelitoral.com.ar\/#\/schema\/logo\/image\/"},"sameAs":["https:\/\/www.facebook.com\/informelitoral\/","https:\/\/x.com\/InformeLitoral","https:\/\/www.instagram.com\/informelitoral\/","https:\/\/www.youtube.com\/channel\/UCua4Qvz8Icb6MYqhoq9xLXw"]},{"@type":"Person","@id":"https:\/\/informelitoral.com.ar\/#\/schema\/person\/b9d00407c836482871ef1d57bf8e3180","name":"Gonzalo Schmidt","image":{"@type":"ImageObject","inLanguage":"es","@id":"https:\/\/secure.gravatar.com\/avatar\/31a1a7b66ff2de83bd0e9fd79d026630d2d99e55e8bfe501287647b4fd9743de?s=96&d=mm&r=g","url":"https:\/\/secure.gravatar.com\/avatar\/31a1a7b66ff2de83bd0e9fd79d026630d2d99e55e8bfe501287647b4fd9743de?s=96&d=mm&r=g","contentUrl":"https:\/\/secure.gravatar.com\/avatar\/31a1a7b66ff2de83bd0e9fd79d026630d2d99e55e8bfe501287647b4fd9743de?s=96&d=mm&r=g","caption":"Gonzalo Schmidt"},"description":"Sitio web de noticias de la provincia de Entre R\u00edos, Argentina. Informaci\u00f3n y entretenimiento. Informe Litoral, nos informamos.","sameAs":["http:\/\/www.isletasnoticias.com.ar"],"url":"https:\/\/informelitoral.com.ar\/author\/gonzalo\/"}]}},"_links":{"self":[{"href":"https:\/\/informelitoral.com.ar\/%77%70%2d%6a%73%6f%6e\/wp\/v2\/posts\/22344","targetHints":{"allow":["GET"]}}],"collection":[{"href":"https:\/\/informelitoral.com.ar\/%77%70%2d%6a%73%6f%6e\/wp\/v2\/posts"}],"about":[{"href":"https:\/\/informelitoral.com.ar\/%77%70%2d%6a%73%6f%6e\/wp\/v2\/types\/post"}],"author":[{"embeddable":true,"href":"https:\/\/informelitoral.com.ar\/%77%70%2d%6a%73%6f%6e\/wp\/v2\/users\/2"}],"replies":[{"embeddable":true,"href":"https:\/\/informelitoral.com.ar\/%77%70%2d%6a%73%6f%6e\/wp\/v2\/comments?post=22344"}],"version-history":[{"count":0,"href":"https:\/\/informelitoral.com.ar\/%77%70%2d%6a%73%6f%6e\/wp\/v2\/posts\/22344\/revisions"}],"wp:attachment":[{"href":"https:\/\/informelitoral.com.ar\/%77%70%2d%6a%73%6f%6e\/wp\/v2\/media?parent=22344"}],"wp:term":[{"taxonomy":"category","embeddable":true,"href":"https:\/\/informelitoral.com.ar\/%77%70%2d%6a%73%6f%6e\/wp\/v2\/categories?post=22344"},{"taxonomy":"post_tag","embeddable":true,"href":"https:\/\/informelitoral.com.ar\/%77%70%2d%6a%73%6f%6e\/wp\/v2\/tags?post=22344"}],"curies":[{"name":"wp","href":"https:\/\/api.w.org\/{rel}","templated":true}]}}