{"id":223437,"date":"2025-06-09T08:39:55","date_gmt":"2025-06-09T11:39:55","guid":{"rendered":"https:\/\/informelitoral.com.ar\/?p=223437"},"modified":"2025-06-09T08:39:55","modified_gmt":"2025-06-09T11:39:55","slug":"bombazo-en-el-futbol-argentino-franco-mastantuono-jugara-en-el-real-madrid","status":"publish","type":"post","link":"https:\/\/informelitoral.com.ar\/bombazo-en-el-futbol-argentino-franco-mastantuono-jugara-en-el-real-madrid\/","title":{"rendered":"\u00a1Bombazo en el f\u00fatbol argentino! Franco Mastantuono jugar\u00e1 en el Real Madrid"},"content":{"rendered":"<p class=\"paragraph font__body-regular\">La novela sobre el futuro deportivo de\u00a0<a title=\"https:\/\/tn.com.ar\/deportes\/futbol\/2025\/06\/08\/el-acuerdo-esta-cerca-franco-mastantuono-quedo-a-un-paso-de-convertirse-en-nuevo-jugador-del-real-madrid\/\" href=\"https:\/\/tn.com.ar\/deportes\/futbol\/2025\/06\/08\/el-acuerdo-esta-cerca-franco-mastantuono-quedo-a-un-paso-de-convertirse-en-nuevo-jugador-del-real-madrid\/\" target=\"_blank\" rel=\"noopener noreferrer\"><b>Franco Mastantuono<\/b><\/a><b>\u00a0<\/b>lleg\u00f3 a su fin.\u00a0<b>El delantero dejar\u00e1 de ser jugador de River y reforzar\u00e1 al Real Madrid<\/b>\u00a0por el valor de la cl\u00e1usula de rescisi\u00f3n de su contrato, estimada en\u00a0<b>45 millones de euros\u00a0<\/b>descontando impuestos y variables. Una venta r\u00e9cord para el f\u00fatbol argentino.<\/p>\n<p class=\"paragraph font__body-regular\">A falta de detalles para la transacci\u00f3n, el jugador futbolista de 17 a\u00f1os\u00a0<b>se ir\u00eda del club de N\u00fa\u00f1ez una vez finalice la participaci\u00f3n del equipo de Marcelo Gallardo en el Mundial de Clubes\u00a0<\/b>que se jugar\u00e1 en Estados Unidos.\u00a0<b>No est\u00e1 descartada su salida antes del inicio del torneo<\/b>\u00a0que tambi\u00e9n contar\u00e1 con la participaci\u00f3n del Merengue desde la fase de grupos.<\/p>\n<p class=\"paragraph font__body-regular\">Una vez arribe a Espa\u00f1a, Mastantuono ser\u00e1 presentado en el m\u00edtico Estadio Santiago Bernab\u00e9u no sin antes haber firmado un v\u00ednculo que tendr\u00e1 vigencia hasta\u00a0<b>junio de 2031<\/b>. Luego, se integrar\u00e1 al plantel dirigido por<b>\u00a0Xabi Alonso<\/b>\u00a0para realizar la pretemporada con el Merengue, con la cabeza puesta en el inicio de LaLiga 2025\/26 que tendr\u00e1 lugar a mediados de agosto.<\/p>\n<p class=\"paragraph font__body-regular\">Mientras tanto, el jugador forma parte de la delegaci\u00f3n de la\u00a0<b>Selecci\u00f3n argentina<\/b>\u00a0durante la presente fecha FIFA. Franco hizo su debut con la Albiceleste el pasado jueves contra Chile, marcando un hito en el combinado nacional, y espera por volver a tener rodaje este martes ante\u00a0<b>Colombia<\/b>\u00a0en el Monumental.<\/p>\n<figure class=\"\" data-testid=\"figure-testid\">\n<div class=\"aspect_ratio__container\"><picture class=\"responsive-image\"><source srcset=\"https:\/\/tn.com.ar\/resizer\/v2\/el-juvenil-debuto-en-la-seleccion-argentina-mayor-foto-reuters-EYARGKXS5JEB3MFR56B7R3VVAQ.jfif?auth=4f9d818c56efa53a1b206f2ec631e8067885e4c7e1cad8464cbfbf745269eb15&amp;width=767\" type=\"image\/jpg\" media=\"(max-width: 728px)\" \/><source srcset=\"https:\/\/tn.com.ar\/resizer\/v2\/el-juvenil-debuto-en-la-seleccion-argentina-mayor-foto-reuters-EYARGKXS5JEB3MFR56B7R3VVAQ.jfif?auth=4f9d818c56efa53a1b206f2ec631e8067885e4c7e1cad8464cbfbf745269eb15&amp;width=1023\" type=\"image\/jpg\" media=\"(max-width: 1023px)\" \/><source srcset=\"https:\/\/tn.com.ar\/resizer\/v2\/el-juvenil-debuto-en-la-seleccion-argentina-mayor-foto-reuters-EYARGKXS5JEB3MFR56B7R3VVAQ.jfif?auth=4f9d818c56efa53a1b206f2ec631e8067885e4c7e1cad8464cbfbf745269eb15&amp;width=1440\" type=\"image\/jpg\" \/><img loading=\"lazy\" decoding=\"async\" class=\"image content-image image_placeholder\" src=\"https:\/\/tn.com.ar\/resizer\/v2\/el-juvenil-debuto-en-la-seleccion-argentina-mayor-foto-reuters-EYARGKXS5JEB3MFR56B7R3VVAQ.jfif?auth=4f9d818c56efa53a1b206f2ec631e8067885e4c7e1cad8464cbfbf745269eb15&amp;width=767\" alt=\"El juvenil debut\u00f3 en la Selecci\u00f3n argentina mayor (Foto: Reuters).\" width=\"767\" height=\"511\" data-testid=\"loading-testid\" \/><\/picture><\/div>\n<\/figure>\n<h2 class=\"font--primary font__display\"><strong>Cu\u00e1ndo ser\u00eda el debut de Franco Mastantuono en el Real Madrid<\/strong><\/h2>\n<p class=\"paragraph font__body-regular\">La fecha del debut de\u00a0<b>Franco Mastantuono\u00a0<\/b>en el\u00a0<b>Real Madrid\u00a0<\/b>se conocer\u00e1 con claridad al momento de comunicar el acuerdo entre los equipos. Si se queda a jugar con\u00a0<b>River\u00a0<\/b>el Mundial de Clubes, el estreno oficial del delantero con el Merengue podr\u00eda darse el fin de semana del 17 de agosto, cuando arranque LaLiga de Espa\u00f1a. De lo contrario, esperar\u00e1 por su oportunidad en el certamen FIFA que iniciar\u00e1 el pr\u00f3ximo s\u00e1bado.<\/p>\n","protected":false},"excerpt":{"rendered":"<p>El delantero de 17 a\u00f1os dejar\u00e1 el Millonario a cambio de una cifra hist\u00f3rica para el f\u00fatbol argentino.<\/p>\n","protected":false},"author":8,"featured_media":223439,"comment_status":"open","ping_status":"open","sticky":false,"template":"","format":"standard","meta":{"fifu_image_url":"https:\/\/media.a24.com\/p\/bb783b9602500bfa4a34f0c15efdf85e\/adjuntos\/296\/imagenes\/009\/568\/0009568309\/1200x675\/smart\/mastantuono_river3jpg.jpg","fifu_image_alt":"","footnotes":""},"categories":[13],"tags":[5788,5789,3528],"class_list":{"0":"post-223437","1":"post","2":"type-post","3":"status-publish","4":"format-standard","5":"has-post-thumbnail","7":"category-deportes","8":"tag-franco-mastantuono","9":"tag-real-madrid","10":"tag-river-plate"},"yoast_head":"<title>\u00a1Bombazo en el f\u00fatbol argentino! Franco Mastantuono jugar\u00e1 en el Real Madrid - Informe Litoral<\/title>\n<meta name=\"robots\" content=\"index, follow, max-snippet:-1, max-image-preview:large, max-video-preview:-1\" \/>\n<link rel=\"canonical\" href=\"https:\/\/informelitoral.com.ar\/bombazo-en-el-futbol-argentino-franco-mastantuono-jugara-en-el-real-madrid\/\" \/>\n<meta property=\"og:locale\" content=\"es_ES\" \/>\n<meta property=\"og:type\" content=\"article\" \/>\n<meta property=\"og:title\" content=\"\u00a1Bombazo en el f\u00fatbol argentino! Franco Mastantuono jugar\u00e1 en el Real Madrid - Informe Litoral\" \/>\n<meta property=\"og:description\" content=\"El delantero de 17 a\u00f1os dejar\u00e1 el Millonario a cambio de una cifra hist\u00f3rica para el f\u00fatbol argentino.\" \/>\n<meta property=\"og:url\" content=\"https:\/\/informelitoral.com.ar\/bombazo-en-el-futbol-argentino-franco-mastantuono-jugara-en-el-real-madrid\/\" \/>\n<meta property=\"og:site_name\" content=\"Informe Litoral\" \/>\n<meta property=\"article:publisher\" content=\"https:\/\/www.facebook.com\/informelitoral\/\" \/>\n<meta property=\"article:published_time\" content=\"2025-06-09T11:39:55+00:00\" \/>\n<meta property=\"og:image\" content=\"https:\/\/media.a24.com\/p\/bb783b9602500bfa4a34f0c15efdf85e\/adjuntos\/296\/imagenes\/009\/568\/0009568309\/1200x675\/smart\/mastantuono_river3jpg.jpg\" \/><meta property=\"og:image\" content=\"https:\/\/media.a24.com\/p\/bb783b9602500bfa4a34f0c15efdf85e\/adjuntos\/296\/imagenes\/009\/568\/0009568309\/1200x675\/smart\/mastantuono_river3jpg.jpg\" \/>\n\t<meta property=\"og:image:width\" content=\"1200\" \/>\n\t<meta property=\"og:image:height\" content=\"675\" \/>\n\t<meta property=\"og:image:type\" content=\"image\/jpeg\" \/>\n<meta name=\"author\" content=\"Sebastian\" \/>\n<meta name=\"twitter:card\" content=\"summary_large_image\" \/>\n<meta name=\"twitter:image\" content=\"https:\/\/media.a24.com\/p\/bb783b9602500bfa4a34f0c15efdf85e\/adjuntos\/296\/imagenes\/009\/568\/0009568309\/1200x675\/smart\/mastantuono_river3jpg.jpg\" \/>\n<meta name=\"twitter:creator\" content=\"@InformeLitoral\" \/>\n<meta name=\"twitter:site\" content=\"@InformeLitoral\" \/>\n<meta name=\"twitter:label1\" content=\"Escrito por\" \/>\n\t<meta name=\"twitter:data1\" content=\"Sebastian\" \/>\n\t<meta name=\"twitter:label2\" content=\"Tiempo de lectura\" \/>\n\t<meta name=\"twitter:data2\" content=\"2 minutos\" \/>\n<script type=\"application\/ld+json\" class=\"yoast-schema-graph\">{\"@context\":\"https:\\\/\\\/schema.org\",\"@graph\":[{\"@type\":\"Article\",\"@id\":\"https:\\\/\\\/informelitoral.com.ar\\\/bombazo-en-el-futbol-argentino-franco-mastantuono-jugara-en-el-real-madrid\\\/#article\",\"isPartOf\":{\"@id\":\"https:\\\/\\\/informelitoral.com.ar\\\/bombazo-en-el-futbol-argentino-franco-mastantuono-jugara-en-el-real-madrid\\\/\"},\"author\":{\"name\":\"Sebastian\",\"@id\":\"https:\\\/\\\/informelitoral.com.ar\\\/#\\\/schema\\\/person\\\/f05f9f461677119578717524b127d6d5\"},\"headline\":\"\u00a1Bombazo en el f\u00fatbol argentino! Franco Mastantuono jugar\u00e1 en el Real Madrid\",\"datePublished\":\"2025-06-09T11:39:55+00:00\",\"mainEntityOfPage\":{\"@id\":\"https:\\\/\\\/informelitoral.com.ar\\\/bombazo-en-el-futbol-argentino-franco-mastantuono-jugara-en-el-real-madrid\\\/\"},\"wordCount\":345,\"commentCount\":0,\"publisher\":{\"@id\":\"https:\\\/\\\/informelitoral.com.ar\\\/#organization\"},\"image\":{\"@id\":\"https:\\\/\\\/informelitoral.com.ar\\\/bombazo-en-el-futbol-argentino-franco-mastantuono-jugara-en-el-real-madrid\\\/#primaryimage\"},\"thumbnailUrl\":\"https:\\\/\\\/media.a24.com\\\/p\\\/bb783b9602500bfa4a34f0c15efdf85e\\\/adjuntos\\\/296\\\/imagenes\\\/009\\\/568\\\/0009568309\\\/1200x675\\\/smart\\\/mastantuono_river3jpg.jpg\",\"keywords\":[\"Franco Mastantuono\",\"Real Madrid\",\"River Plate\"],\"articleSection\":[\"Deportes\"],\"inLanguage\":\"es\",\"potentialAction\":[{\"@type\":\"CommentAction\",\"name\":\"Comment\",\"target\":[\"https:\\\/\\\/informelitoral.com.ar\\\/bombazo-en-el-futbol-argentino-franco-mastantuono-jugara-en-el-real-madrid\\\/#respond\"]}]},{\"@type\":\"WebPage\",\"@id\":\"https:\\\/\\\/informelitoral.com.ar\\\/bombazo-en-el-futbol-argentino-franco-mastantuono-jugara-en-el-real-madrid\\\/\",\"url\":\"https:\\\/\\\/informelitoral.com.ar\\\/bombazo-en-el-futbol-argentino-franco-mastantuono-jugara-en-el-real-madrid\\\/\",\"name\":\"\u00a1Bombazo en el f\u00fatbol argentino! Franco Mastantuono jugar\u00e1 en el Real Madrid - Informe Litoral\",\"isPartOf\":{\"@id\":\"https:\\\/\\\/informelitoral.com.ar\\\/#website\"},\"primaryImageOfPage\":{\"@id\":\"https:\\\/\\\/informelitoral.com.ar\\\/bombazo-en-el-futbol-argentino-franco-mastantuono-jugara-en-el-real-madrid\\\/#primaryimage\"},\"image\":{\"@id\":\"https:\\\/\\\/informelitoral.com.ar\\\/bombazo-en-el-futbol-argentino-franco-mastantuono-jugara-en-el-real-madrid\\\/#primaryimage\"},\"thumbnailUrl\":\"https:\\\/\\\/media.a24.com\\\/p\\\/bb783b9602500bfa4a34f0c15efdf85e\\\/adjuntos\\\/296\\\/imagenes\\\/009\\\/568\\\/0009568309\\\/1200x675\\\/smart\\\/mastantuono_river3jpg.jpg\",\"datePublished\":\"2025-06-09T11:39:55+00:00\",\"breadcrumb\":{\"@id\":\"https:\\\/\\\/informelitoral.com.ar\\\/bombazo-en-el-futbol-argentino-franco-mastantuono-jugara-en-el-real-madrid\\\/#breadcrumb\"},\"inLanguage\":\"es\",\"potentialAction\":[{\"@type\":\"ReadAction\",\"target\":[\"https:\\\/\\\/informelitoral.com.ar\\\/bombazo-en-el-futbol-argentino-franco-mastantuono-jugara-en-el-real-madrid\\\/\"]}]},{\"@type\":\"ImageObject\",\"inLanguage\":\"es\",\"@id\":\"https:\\\/\\\/informelitoral.com.ar\\\/bombazo-en-el-futbol-argentino-franco-mastantuono-jugara-en-el-real-madrid\\\/#primaryimage\",\"url\":\"https:\\\/\\\/media.a24.com\\\/p\\\/bb783b9602500bfa4a34f0c15efdf85e\\\/adjuntos\\\/296\\\/imagenes\\\/009\\\/568\\\/0009568309\\\/1200x675\\\/smart\\\/mastantuono_river3jpg.jpg\",\"contentUrl\":\"https:\\\/\\\/media.a24.com\\\/p\\\/bb783b9602500bfa4a34f0c15efdf85e\\\/adjuntos\\\/296\\\/imagenes\\\/009\\\/568\\\/0009568309\\\/1200x675\\\/smart\\\/mastantuono_river3jpg.jpg\",\"width\":\"1200\",\"height\":\"675\"},{\"@type\":\"BreadcrumbList\",\"@id\":\"https:\\\/\\\/informelitoral.com.ar\\\/bombazo-en-el-futbol-argentino-franco-mastantuono-jugara-en-el-real-madrid\\\/#breadcrumb\",\"itemListElement\":[{\"@type\":\"ListItem\",\"position\":1,\"name\":\"Portada\",\"item\":\"https:\\\/\\\/informelitoral.com.ar\\\/\"},{\"@type\":\"ListItem\",\"position\":2,\"name\":\"\u00a1Bombazo en el f\u00fatbol argentino! Franco Mastantuono jugar\u00e1 en el Real Madrid\"}]},{\"@type\":\"WebSite\",\"@id\":\"https:\\\/\\\/informelitoral.com.ar\\\/#website\",\"url\":\"https:\\\/\\\/informelitoral.com.ar\\\/\",\"name\":\"Informe Litoral\",\"description\":\"&quot;Nos informamos&quot; \",\"publisher\":{\"@id\":\"https:\\\/\\\/informelitoral.com.ar\\\/#organization\"},\"potentialAction\":[{\"@type\":\"SearchAction\",\"target\":{\"@type\":\"EntryPoint\",\"urlTemplate\":\"https:\\\/\\\/informelitoral.com.ar\\\/?s={search_term_string}\"},\"query-input\":{\"@type\":\"PropertyValueSpecification\",\"valueRequired\":true,\"valueName\":\"search_term_string\"}}],\"inLanguage\":\"es\"},{\"@type\":\"Organization\",\"@id\":\"https:\\\/\\\/informelitoral.com.ar\\\/#organization\",\"name\":\"Informe Litoral\",\"url\":\"https:\\\/\\\/informelitoral.com.ar\\\/\",\"logo\":{\"@type\":\"ImageObject\",\"inLanguage\":\"es\",\"@id\":\"https:\\\/\\\/informelitoral.com.ar\\\/#\\\/schema\\\/logo\\\/image\\\/\",\"url\":\"https:\\\/\\\/informelitoral.com.ar\\\/%77%70%2d%63%6f%6e%74%65%6e%74\\\/uploads\\\/2021\\\/01\\\/circulo.png\",\"contentUrl\":\"https:\\\/\\\/informelitoral.com.ar\\\/%77%70%2d%63%6f%6e%74%65%6e%74\\\/uploads\\\/2021\\\/01\\\/circulo.png\",\"width\":723,\"height\":731,\"caption\":\"Informe Litoral\"},\"image\":{\"@id\":\"https:\\\/\\\/informelitoral.com.ar\\\/#\\\/schema\\\/logo\\\/image\\\/\"},\"sameAs\":[\"https:\\\/\\\/www.facebook.com\\\/informelitoral\\\/\",\"https:\\\/\\\/x.com\\\/InformeLitoral\",\"https:\\\/\\\/www.instagram.com\\\/informelitoral\\\/\",\"https:\\\/\\\/www.youtube.com\\\/channel\\\/UCua4Qvz8Icb6MYqhoq9xLXw\"]},{\"@type\":\"Person\",\"@id\":\"https:\\\/\\\/informelitoral.com.ar\\\/#\\\/schema\\\/person\\\/f05f9f461677119578717524b127d6d5\",\"name\":\"Sebastian\",\"image\":{\"@type\":\"ImageObject\",\"inLanguage\":\"es\",\"@id\":\"https:\\\/\\\/secure.gravatar.com\\\/avatar\\\/b71bf7481d447dfb9583c7f2798e7cc64de6efb9067b74633ed8c31059a3bd82?s=96&d=mm&r=g\",\"url\":\"https:\\\/\\\/secure.gravatar.com\\\/avatar\\\/b71bf7481d447dfb9583c7f2798e7cc64de6efb9067b74633ed8c31059a3bd82?s=96&d=mm&r=g\",\"contentUrl\":\"https:\\\/\\\/secure.gravatar.com\\\/avatar\\\/b71bf7481d447dfb9583c7f2798e7cc64de6efb9067b74633ed8c31059a3bd82?s=96&d=mm&r=g\",\"caption\":\"Sebastian\"},\"url\":\"https:\\\/\\\/informelitoral.com.ar\\\/author\\\/sebastian\\\/\"}]}<\/script>","yoast_head_json":{"title":"\u00a1Bombazo en el f\u00fatbol argentino! Franco Mastantuono jugar\u00e1 en el Real Madrid - Informe Litoral","robots":{"index":"index","follow":"follow","max-snippet":"max-snippet:-1","max-image-preview":"max-image-preview:large","max-video-preview":"max-video-preview:-1"},"canonical":"https:\/\/informelitoral.com.ar\/bombazo-en-el-futbol-argentino-franco-mastantuono-jugara-en-el-real-madrid\/","og_locale":"es_ES","og_type":"article","og_title":"\u00a1Bombazo en el f\u00fatbol argentino! Franco Mastantuono jugar\u00e1 en el Real Madrid - Informe Litoral","og_description":"El delantero de 17 a\u00f1os dejar\u00e1 el Millonario a cambio de una cifra hist\u00f3rica para el f\u00fatbol argentino.","og_url":"https:\/\/informelitoral.com.ar\/bombazo-en-el-futbol-argentino-franco-mastantuono-jugara-en-el-real-madrid\/","og_site_name":"Informe Litoral","article_publisher":"https:\/\/www.facebook.com\/informelitoral\/","article_published_time":"2025-06-09T11:39:55+00:00","og_image":[{"url":"https:\/\/media.a24.com\/p\/bb783b9602500bfa4a34f0c15efdf85e\/adjuntos\/296\/imagenes\/009\/568\/0009568309\/1200x675\/smart\/mastantuono_river3jpg.jpg","type":"","width":"","height":""},{"width":1200,"height":675,"url":"https:\/\/media.a24.com\/p\/bb783b9602500bfa4a34f0c15efdf85e\/adjuntos\/296\/imagenes\/009\/568\/0009568309\/1200x675\/smart\/mastantuono_river3jpg.jpg","type":"image\/jpeg"}],"author":"Sebastian","twitter_card":"summary_large_image","twitter_image":"https:\/\/media.a24.com\/p\/bb783b9602500bfa4a34f0c15efdf85e\/adjuntos\/296\/imagenes\/009\/568\/0009568309\/1200x675\/smart\/mastantuono_river3jpg.jpg","twitter_creator":"@InformeLitoral","twitter_site":"@InformeLitoral","twitter_misc":{"Escrito por":"Sebastian","Tiempo de lectura":"2 minutos"},"schema":{"@context":"https:\/\/schema.org","@graph":[{"@type":"Article","@id":"https:\/\/informelitoral.com.ar\/bombazo-en-el-futbol-argentino-franco-mastantuono-jugara-en-el-real-madrid\/#article","isPartOf":{"@id":"https:\/\/informelitoral.com.ar\/bombazo-en-el-futbol-argentino-franco-mastantuono-jugara-en-el-real-madrid\/"},"author":{"name":"Sebastian","@id":"https:\/\/informelitoral.com.ar\/#\/schema\/person\/f05f9f461677119578717524b127d6d5"},"headline":"\u00a1Bombazo en el f\u00fatbol argentino! Franco Mastantuono jugar\u00e1 en el Real Madrid","datePublished":"2025-06-09T11:39:55+00:00","mainEntityOfPage":{"@id":"https:\/\/informelitoral.com.ar\/bombazo-en-el-futbol-argentino-franco-mastantuono-jugara-en-el-real-madrid\/"},"wordCount":345,"commentCount":0,"publisher":{"@id":"https:\/\/informelitoral.com.ar\/#organization"},"image":{"@id":"https:\/\/informelitoral.com.ar\/bombazo-en-el-futbol-argentino-franco-mastantuono-jugara-en-el-real-madrid\/#primaryimage"},"thumbnailUrl":"https:\/\/media.a24.com\/p\/bb783b9602500bfa4a34f0c15efdf85e\/adjuntos\/296\/imagenes\/009\/568\/0009568309\/1200x675\/smart\/mastantuono_river3jpg.jpg","keywords":["Franco Mastantuono","Real Madrid","River Plate"],"articleSection":["Deportes"],"inLanguage":"es","potentialAction":[{"@type":"CommentAction","name":"Comment","target":["https:\/\/informelitoral.com.ar\/bombazo-en-el-futbol-argentino-franco-mastantuono-jugara-en-el-real-madrid\/#respond"]}]},{"@type":"WebPage","@id":"https:\/\/informelitoral.com.ar\/bombazo-en-el-futbol-argentino-franco-mastantuono-jugara-en-el-real-madrid\/","url":"https:\/\/informelitoral.com.ar\/bombazo-en-el-futbol-argentino-franco-mastantuono-jugara-en-el-real-madrid\/","name":"\u00a1Bombazo en el f\u00fatbol argentino! Franco Mastantuono jugar\u00e1 en el Real Madrid - Informe Litoral","isPartOf":{"@id":"https:\/\/informelitoral.com.ar\/#website"},"primaryImageOfPage":{"@id":"https:\/\/informelitoral.com.ar\/bombazo-en-el-futbol-argentino-franco-mastantuono-jugara-en-el-real-madrid\/#primaryimage"},"image":{"@id":"https:\/\/informelitoral.com.ar\/bombazo-en-el-futbol-argentino-franco-mastantuono-jugara-en-el-real-madrid\/#primaryimage"},"thumbnailUrl":"https:\/\/media.a24.com\/p\/bb783b9602500bfa4a34f0c15efdf85e\/adjuntos\/296\/imagenes\/009\/568\/0009568309\/1200x675\/smart\/mastantuono_river3jpg.jpg","datePublished":"2025-06-09T11:39:55+00:00","breadcrumb":{"@id":"https:\/\/informelitoral.com.ar\/bombazo-en-el-futbol-argentino-franco-mastantuono-jugara-en-el-real-madrid\/#breadcrumb"},"inLanguage":"es","potentialAction":[{"@type":"ReadAction","target":["https:\/\/informelitoral.com.ar\/bombazo-en-el-futbol-argentino-franco-mastantuono-jugara-en-el-real-madrid\/"]}]},{"@type":"ImageObject","inLanguage":"es","@id":"https:\/\/informelitoral.com.ar\/bombazo-en-el-futbol-argentino-franco-mastantuono-jugara-en-el-real-madrid\/#primaryimage","url":"https:\/\/media.a24.com\/p\/bb783b9602500bfa4a34f0c15efdf85e\/adjuntos\/296\/imagenes\/009\/568\/0009568309\/1200x675\/smart\/mastantuono_river3jpg.jpg","contentUrl":"https:\/\/media.a24.com\/p\/bb783b9602500bfa4a34f0c15efdf85e\/adjuntos\/296\/imagenes\/009\/568\/0009568309\/1200x675\/smart\/mastantuono_river3jpg.jpg","width":"1200","height":"675"},{"@type":"BreadcrumbList","@id":"https:\/\/informelitoral.com.ar\/bombazo-en-el-futbol-argentino-franco-mastantuono-jugara-en-el-real-madrid\/#breadcrumb","itemListElement":[{"@type":"ListItem","position":1,"name":"Portada","item":"https:\/\/informelitoral.com.ar\/"},{"@type":"ListItem","position":2,"name":"\u00a1Bombazo en el f\u00fatbol argentino! Franco Mastantuono jugar\u00e1 en el Real Madrid"}]},{"@type":"WebSite","@id":"https:\/\/informelitoral.com.ar\/#website","url":"https:\/\/informelitoral.com.ar\/","name":"Informe Litoral","description":"&quot;Nos informamos&quot; ","publisher":{"@id":"https:\/\/informelitoral.com.ar\/#organization"},"potentialAction":[{"@type":"SearchAction","target":{"@type":"EntryPoint","urlTemplate":"https:\/\/informelitoral.com.ar\/?s={search_term_string}"},"query-input":{"@type":"PropertyValueSpecification","valueRequired":true,"valueName":"search_term_string"}}],"inLanguage":"es"},{"@type":"Organization","@id":"https:\/\/informelitoral.com.ar\/#organization","name":"Informe Litoral","url":"https:\/\/informelitoral.com.ar\/","logo":{"@type":"ImageObject","inLanguage":"es","@id":"https:\/\/informelitoral.com.ar\/#\/schema\/logo\/image\/","url":"https:\/\/informelitoral.com.ar\/%77%70%2d%63%6f%6e%74%65%6e%74\/uploads\/2021\/01\/circulo.png","contentUrl":"https:\/\/informelitoral.com.ar\/%77%70%2d%63%6f%6e%74%65%6e%74\/uploads\/2021\/01\/circulo.png","width":723,"height":731,"caption":"Informe Litoral"},"image":{"@id":"https:\/\/informelitoral.com.ar\/#\/schema\/logo\/image\/"},"sameAs":["https:\/\/www.facebook.com\/informelitoral\/","https:\/\/x.com\/InformeLitoral","https:\/\/www.instagram.com\/informelitoral\/","https:\/\/www.youtube.com\/channel\/UCua4Qvz8Icb6MYqhoq9xLXw"]},{"@type":"Person","@id":"https:\/\/informelitoral.com.ar\/#\/schema\/person\/f05f9f461677119578717524b127d6d5","name":"Sebastian","image":{"@type":"ImageObject","inLanguage":"es","@id":"https:\/\/secure.gravatar.com\/avatar\/b71bf7481d447dfb9583c7f2798e7cc64de6efb9067b74633ed8c31059a3bd82?s=96&d=mm&r=g","url":"https:\/\/secure.gravatar.com\/avatar\/b71bf7481d447dfb9583c7f2798e7cc64de6efb9067b74633ed8c31059a3bd82?s=96&d=mm&r=g","contentUrl":"https:\/\/secure.gravatar.com\/avatar\/b71bf7481d447dfb9583c7f2798e7cc64de6efb9067b74633ed8c31059a3bd82?s=96&d=mm&r=g","caption":"Sebastian"},"url":"https:\/\/informelitoral.com.ar\/author\/sebastian\/"}]}},"fifu_image_url":"https:\/\/media.a24.com\/p\/bb783b9602500bfa4a34f0c15efdf85e\/adjuntos\/296\/imagenes\/009\/568\/0009568309\/1200x675\/smart\/mastantuono_river3jpg.jpg","_links":{"self":[{"href":"https:\/\/informelitoral.com.ar\/%77%70%2d%6a%73%6f%6e\/wp\/v2\/posts\/223437","targetHints":{"allow":["GET"]}}],"collection":[{"href":"https:\/\/informelitoral.com.ar\/%77%70%2d%6a%73%6f%6e\/wp\/v2\/posts"}],"about":[{"href":"https:\/\/informelitoral.com.ar\/%77%70%2d%6a%73%6f%6e\/wp\/v2\/types\/post"}],"author":[{"embeddable":true,"href":"https:\/\/informelitoral.com.ar\/%77%70%2d%6a%73%6f%6e\/wp\/v2\/users\/8"}],"replies":[{"embeddable":true,"href":"https:\/\/informelitoral.com.ar\/%77%70%2d%6a%73%6f%6e\/wp\/v2\/comments?post=223437"}],"version-history":[{"count":1,"href":"https:\/\/informelitoral.com.ar\/%77%70%2d%6a%73%6f%6e\/wp\/v2\/posts\/223437\/revisions"}],"predecessor-version":[{"id":223440,"href":"https:\/\/informelitoral.com.ar\/%77%70%2d%6a%73%6f%6e\/wp\/v2\/posts\/223437\/revisions\/223440"}],"wp:featuredmedia":[{"embeddable":true,"href":"https:\/\/informelitoral.com.ar\/%77%70%2d%6a%73%6f%6e\/wp\/v2\/media\/223439"}],"wp:attachment":[{"href":"https:\/\/informelitoral.com.ar\/%77%70%2d%6a%73%6f%6e\/wp\/v2\/media?parent=223437"}],"wp:term":[{"taxonomy":"category","embeddable":true,"href":"https:\/\/informelitoral.com.ar\/%77%70%2d%6a%73%6f%6e\/wp\/v2\/categories?post=223437"},{"taxonomy":"post_tag","embeddable":true,"href":"https:\/\/informelitoral.com.ar\/%77%70%2d%6a%73%6f%6e\/wp\/v2\/tags?post=223437"}],"curies":[{"name":"wp","href":"https:\/\/api.w.org\/{rel}","templated":true}]}}