{"id":223410,"date":"2025-06-09T07:27:40","date_gmt":"2025-06-09T10:27:40","guid":{"rendered":"https:\/\/informelitoral.com.ar\/?p=223410"},"modified":"2025-06-09T07:27:40","modified_gmt":"2025-06-09T10:27:40","slug":"mas-de-90-artistas-vivieron-el-becario-en-escena-parana","status":"publish","type":"post","link":"https:\/\/informelitoral.com.ar\/mas-de-90-artistas-vivieron-el-becario-en-escena-parana\/","title":{"rendered":"M\u00e1s de 90 artistas vivieron el Becario en Escena Paran\u00e1"},"content":{"rendered":"<p>El director del organismo, <strong>Mariano Berdi\u00f1as<\/strong>, destac\u00f3 que \u00abc\u00f3mo nos solicit\u00f3 el gobernador Rogelio Frigerio, seguimos federalizando los programas y servicios del Instituto. Hac\u00eda muchos a\u00f1os que este evento cultural no se realizaba en Paran\u00e1, por lo que consideramos importante volver a realizarlo ac\u00e1\u00bb.<\/p>\n<p>\u00abEstamos muy agradecidos por todo el trabajo mancomunado que nos permiti\u00f3 desarrollar esta Gala de muy buen nivel, con m\u00e1s de 90 futuros valores de nuestra cultura. Con esta iniciativa y a partir de estas becas, seguiremos acompa\u00f1ando sue\u00f1os de los estudiantes entrerrianos\u00bb, dijo Berdi\u00f1as.<\/p>\n<p>Por su parte, la senadora<strong> Claudia Silva<\/strong> subray\u00f3 que \u00abeste certamen permite que nuestros ni\u00f1os y j\u00f3venes muestren su talento. No s\u00f3lo los hace visibles, tambi\u00e9n garantiza igualdad de oportunidades. Es una alegr\u00eda enorme poder compartir esta experiencia con ellos y ojal\u00e1 que cada vez m\u00e1s puedan descubrir en la cultura un camino para desarrollarse, crecer y proyectar su futuro. En esta edici\u00f3n, es especialmente emocionante ver a los j\u00f3venes de Paran\u00e1 tomar el escenario y demostrar todo lo que son capaces de hacer\u00bb.<\/p>\n<p>Finalmente, la intendenta<strong> Rosario Romero<\/strong> hizo hincapi\u00e9 en que \u00abes un est\u00edmulo impresionante a la movida art\u00edstica y vemos que 90 participantes engalanan las salas. Me encanta que as\u00ed sea y me parece que a los chicos que quieren hacer arte, el Becario hace muy bien en estimularlos de este modo\u00bb.<\/p>\n<p>Romero subray\u00f3 adem\u00e1s que Paran\u00e1, como capital de la provincia, tiene un rol clave en el impulso cultural. \u00abNuestra ciudad es semillero de artistas y este tipo de iniciativas potencian ese talento\u00bb, concluy\u00f3.<\/p>\n<p>Adem\u00e1s, estuvieron presentes el secretario de Modernizaci\u00f3n de Entre R\u00edos, <strong>Emanuel Gainza<\/strong>; la secretaria de Participaci\u00f3n y Atenci\u00f3n Ciudadana de la provincia, <strong>Valentina G\u00f6tte<\/strong>; y la secretaria de Educaci\u00f3n y Cultura de Paran\u00e1, <strong>Nadia Bilat.<\/strong><\/p>\n<h2><strong>Ganadores<\/strong><\/h2>\n<ul>\n<li>6 a 12 a\u00f1os: \u00a0Martino Guti\u00e9rrez Bilat.<\/li>\n<li>13 a 18: Mora Milagros, Jaime G\u00f3mez.<\/li>\n<li>19 a 25: Eli\u00fa Farias Contreras.<\/li>\n<li>Grupal: \u00a0Justina Santa Mar\u00eda, Ian Santa Mar\u00eda.<\/li>\n<\/ul>\n<h2><strong>Menciones especiales<\/strong><\/h2>\n<ul>\n<li>Micaela Sangoy, Julieta Lomagno, Tobias Boneto, Cesar Giordano, Pilar Solano, Noah Villagra.<\/li>\n<li>Donatella Cuneo.<\/li>\n<li>Marcos, Mora Rosales Valdez, Milena Lencina, Gaspar G\u00f3mez, Bounacimo Ignacio, Katia Nomaez.<\/li>\n<li>Candela Clavel Heis.<\/li>\n<li>Dante Abud.<\/li>\n<li>Guadalupe Florentin, Danisa Ledesma.<\/li>\n<li>Belinda Baroli.<\/li>\n<li>Agustina Soledad Gonz\u00e1lez.<\/li>\n<\/ul>\n","protected":false},"excerpt":{"rendered":"<p>El evento cultural convoc\u00f3 a ni\u00f1os y j\u00f3venes de la capital provincial y la regi\u00f3n, con 50 n\u00fameros art\u00edsticos sobre el escenario. Los ganadores fueron acreedores de una beca para perfeccionarse en la rama escogida.<\/p>\n","protected":false},"author":2,"featured_media":223411,"comment_status":"open","ping_status":"open","sticky":false,"template":"","format":"standard","meta":{"fifu_image_url":"https:\/\/apfdigital-s3.cdn.net.ar\/s3i233\/2025\/06\/apfdigital\/images\/01\/95\/18\/1951878_479d98762135832d3b16ee6424232150f5ac21cd0ef1b88e9848571aeb53551a\/md.webp","fifu_image_alt":"","footnotes":""},"categories":[1597],"tags":[4809,3625,418,45],"class_list":{"0":"post-223410","1":"post","2":"type-post","3":"status-publish","4":"format-standard","5":"has-post-thumbnail","7":"category-parana","8":"tag-becario","9":"tag-el-becario","10":"tag-instituto-becario","11":"tag-parana"},"yoast_head":"<title>M\u00e1s de 90 artistas vivieron el Becario en Escena Paran\u00e1 - Informe Litoral<\/title>\n<meta name=\"robots\" content=\"index, follow, max-snippet:-1, max-image-preview:large, max-video-preview:-1\" \/>\n<link rel=\"canonical\" href=\"https:\/\/informelitoral.com.ar\/mas-de-90-artistas-vivieron-el-becario-en-escena-parana\/\" \/>\n<meta property=\"og:locale\" content=\"es_ES\" \/>\n<meta property=\"og:type\" content=\"article\" \/>\n<meta property=\"og:title\" content=\"M\u00e1s de 90 artistas vivieron el Becario en Escena Paran\u00e1 - Informe Litoral\" \/>\n<meta property=\"og:description\" content=\"El evento cultural convoc\u00f3 a ni\u00f1os y j\u00f3venes de la capital provincial y la regi\u00f3n, con 50 n\u00fameros art\u00edsticos sobre el escenario. Los ganadores fueron acreedores de una beca para perfeccionarse en la rama escogida.\" \/>\n<meta property=\"og:url\" content=\"https:\/\/informelitoral.com.ar\/mas-de-90-artistas-vivieron-el-becario-en-escena-parana\/\" \/>\n<meta property=\"og:site_name\" content=\"Informe Litoral\" \/>\n<meta property=\"article:publisher\" content=\"https:\/\/www.facebook.com\/informelitoral\/\" \/>\n<meta property=\"article:published_time\" content=\"2025-06-09T10:27:40+00:00\" \/>\n<meta property=\"og:image\" content=\"https:\/\/apfdigital-s3.cdn.net.ar\/s3i233\/2025\/06\/apfdigital\/images\/01\/95\/18\/1951878_479d98762135832d3b16ee6424232150f5ac21cd0ef1b88e9848571aeb53551a\/md.webp\" \/><meta property=\"og:image\" content=\"https:\/\/apfdigital-s3.cdn.net.ar\/s3i233\/2025\/06\/apfdigital\/images\/01\/95\/18\/1951878_479d98762135832d3b16ee6424232150f5ac21cd0ef1b88e9848571aeb53551a\/md.webp\" \/>\n\t<meta property=\"og:image:width\" content=\"992\" \/>\n\t<meta property=\"og:image:height\" content=\"662\" \/>\n\t<meta property=\"og:image:type\" content=\"image\/jpeg\" \/>\n<meta name=\"author\" content=\"Gonzalo Schmidt\" \/>\n<meta name=\"twitter:card\" content=\"summary_large_image\" \/>\n<meta name=\"twitter:image\" content=\"https:\/\/apfdigital-s3.cdn.net.ar\/s3i233\/2025\/06\/apfdigital\/images\/01\/95\/18\/1951878_479d98762135832d3b16ee6424232150f5ac21cd0ef1b88e9848571aeb53551a\/md.webp\" \/>\n<meta name=\"twitter:creator\" content=\"@InformeLitoral\" \/>\n<meta name=\"twitter:site\" content=\"@InformeLitoral\" \/>\n<meta name=\"twitter:label1\" content=\"Escrito por\" \/>\n\t<meta name=\"twitter:data1\" content=\"Gonzalo Schmidt\" \/>\n\t<meta name=\"twitter:label2\" content=\"Tiempo de lectura\" \/>\n\t<meta name=\"twitter:data2\" content=\"2 minutos\" \/>\n<script type=\"application\/ld+json\" class=\"yoast-schema-graph\">{\"@context\":\"https:\\\/\\\/schema.org\",\"@graph\":[{\"@type\":\"Article\",\"@id\":\"https:\\\/\\\/informelitoral.com.ar\\\/mas-de-90-artistas-vivieron-el-becario-en-escena-parana\\\/#article\",\"isPartOf\":{\"@id\":\"https:\\\/\\\/informelitoral.com.ar\\\/mas-de-90-artistas-vivieron-el-becario-en-escena-parana\\\/\"},\"author\":{\"name\":\"Gonzalo Schmidt\",\"@id\":\"https:\\\/\\\/informelitoral.com.ar\\\/#\\\/schema\\\/person\\\/b9d00407c836482871ef1d57bf8e3180\"},\"headline\":\"M\u00e1s de 90 artistas vivieron el Becario en Escena Paran\u00e1\",\"datePublished\":\"2025-06-09T10:27:40+00:00\",\"mainEntityOfPage\":{\"@id\":\"https:\\\/\\\/informelitoral.com.ar\\\/mas-de-90-artistas-vivieron-el-becario-en-escena-parana\\\/\"},\"wordCount\":397,\"commentCount\":0,\"publisher\":{\"@id\":\"https:\\\/\\\/informelitoral.com.ar\\\/#organization\"},\"image\":{\"@id\":\"https:\\\/\\\/informelitoral.com.ar\\\/mas-de-90-artistas-vivieron-el-becario-en-escena-parana\\\/#primaryimage\"},\"thumbnailUrl\":\"https:\\\/\\\/apfdigital-s3.cdn.net.ar\\\/s3i233\\\/2025\\\/06\\\/apfdigital\\\/images\\\/01\\\/95\\\/18\\\/1951878_479d98762135832d3b16ee6424232150f5ac21cd0ef1b88e9848571aeb53551a\\\/md.webp\",\"keywords\":[\"Becario\",\"El Becario\",\"Instituto Becario\",\"Paran\u00e1\"],\"articleSection\":[\"Paran\u00e1\"],\"inLanguage\":\"es\",\"potentialAction\":[{\"@type\":\"CommentAction\",\"name\":\"Comment\",\"target\":[\"https:\\\/\\\/informelitoral.com.ar\\\/mas-de-90-artistas-vivieron-el-becario-en-escena-parana\\\/#respond\"]}]},{\"@type\":\"WebPage\",\"@id\":\"https:\\\/\\\/informelitoral.com.ar\\\/mas-de-90-artistas-vivieron-el-becario-en-escena-parana\\\/\",\"url\":\"https:\\\/\\\/informelitoral.com.ar\\\/mas-de-90-artistas-vivieron-el-becario-en-escena-parana\\\/\",\"name\":\"M\u00e1s de 90 artistas vivieron el Becario en Escena Paran\u00e1 - Informe Litoral\",\"isPartOf\":{\"@id\":\"https:\\\/\\\/informelitoral.com.ar\\\/#website\"},\"primaryImageOfPage\":{\"@id\":\"https:\\\/\\\/informelitoral.com.ar\\\/mas-de-90-artistas-vivieron-el-becario-en-escena-parana\\\/#primaryimage\"},\"image\":{\"@id\":\"https:\\\/\\\/informelitoral.com.ar\\\/mas-de-90-artistas-vivieron-el-becario-en-escena-parana\\\/#primaryimage\"},\"thumbnailUrl\":\"https:\\\/\\\/apfdigital-s3.cdn.net.ar\\\/s3i233\\\/2025\\\/06\\\/apfdigital\\\/images\\\/01\\\/95\\\/18\\\/1951878_479d98762135832d3b16ee6424232150f5ac21cd0ef1b88e9848571aeb53551a\\\/md.webp\",\"datePublished\":\"2025-06-09T10:27:40+00:00\",\"breadcrumb\":{\"@id\":\"https:\\\/\\\/informelitoral.com.ar\\\/mas-de-90-artistas-vivieron-el-becario-en-escena-parana\\\/#breadcrumb\"},\"inLanguage\":\"es\",\"potentialAction\":[{\"@type\":\"ReadAction\",\"target\":[\"https:\\\/\\\/informelitoral.com.ar\\\/mas-de-90-artistas-vivieron-el-becario-en-escena-parana\\\/\"]}]},{\"@type\":\"ImageObject\",\"inLanguage\":\"es\",\"@id\":\"https:\\\/\\\/informelitoral.com.ar\\\/mas-de-90-artistas-vivieron-el-becario-en-escena-parana\\\/#primaryimage\",\"url\":\"https:\\\/\\\/apfdigital-s3.cdn.net.ar\\\/s3i233\\\/2025\\\/06\\\/apfdigital\\\/images\\\/01\\\/95\\\/18\\\/1951878_479d98762135832d3b16ee6424232150f5ac21cd0ef1b88e9848571aeb53551a\\\/md.webp\",\"contentUrl\":\"https:\\\/\\\/apfdigital-s3.cdn.net.ar\\\/s3i233\\\/2025\\\/06\\\/apfdigital\\\/images\\\/01\\\/95\\\/18\\\/1951878_479d98762135832d3b16ee6424232150f5ac21cd0ef1b88e9848571aeb53551a\\\/md.webp\",\"width\":\"992\",\"height\":\"662\"},{\"@type\":\"BreadcrumbList\",\"@id\":\"https:\\\/\\\/informelitoral.com.ar\\\/mas-de-90-artistas-vivieron-el-becario-en-escena-parana\\\/#breadcrumb\",\"itemListElement\":[{\"@type\":\"ListItem\",\"position\":1,\"name\":\"Portada\",\"item\":\"https:\\\/\\\/informelitoral.com.ar\\\/\"},{\"@type\":\"ListItem\",\"position\":2,\"name\":\"M\u00e1s de 90 artistas vivieron el Becario en Escena Paran\u00e1\"}]},{\"@type\":\"WebSite\",\"@id\":\"https:\\\/\\\/informelitoral.com.ar\\\/#website\",\"url\":\"https:\\\/\\\/informelitoral.com.ar\\\/\",\"name\":\"Informe Litoral\",\"description\":\"&quot;Nos informamos&quot; \",\"publisher\":{\"@id\":\"https:\\\/\\\/informelitoral.com.ar\\\/#organization\"},\"potentialAction\":[{\"@type\":\"SearchAction\",\"target\":{\"@type\":\"EntryPoint\",\"urlTemplate\":\"https:\\\/\\\/informelitoral.com.ar\\\/?s={search_term_string}\"},\"query-input\":{\"@type\":\"PropertyValueSpecification\",\"valueRequired\":true,\"valueName\":\"search_term_string\"}}],\"inLanguage\":\"es\"},{\"@type\":\"Organization\",\"@id\":\"https:\\\/\\\/informelitoral.com.ar\\\/#organization\",\"name\":\"Informe Litoral\",\"url\":\"https:\\\/\\\/informelitoral.com.ar\\\/\",\"logo\":{\"@type\":\"ImageObject\",\"inLanguage\":\"es\",\"@id\":\"https:\\\/\\\/informelitoral.com.ar\\\/#\\\/schema\\\/logo\\\/image\\\/\",\"url\":\"https:\\\/\\\/informelitoral.com.ar\\\/%77%70%2d%63%6f%6e%74%65%6e%74\\\/uploads\\\/2021\\\/01\\\/circulo.png\",\"contentUrl\":\"https:\\\/\\\/informelitoral.com.ar\\\/%77%70%2d%63%6f%6e%74%65%6e%74\\\/uploads\\\/2021\\\/01\\\/circulo.png\",\"width\":723,\"height\":731,\"caption\":\"Informe Litoral\"},\"image\":{\"@id\":\"https:\\\/\\\/informelitoral.com.ar\\\/#\\\/schema\\\/logo\\\/image\\\/\"},\"sameAs\":[\"https:\\\/\\\/www.facebook.com\\\/informelitoral\\\/\",\"https:\\\/\\\/x.com\\\/InformeLitoral\",\"https:\\\/\\\/www.instagram.com\\\/informelitoral\\\/\",\"https:\\\/\\\/www.youtube.com\\\/channel\\\/UCua4Qvz8Icb6MYqhoq9xLXw\"]},{\"@type\":\"Person\",\"@id\":\"https:\\\/\\\/informelitoral.com.ar\\\/#\\\/schema\\\/person\\\/b9d00407c836482871ef1d57bf8e3180\",\"name\":\"Gonzalo Schmidt\",\"image\":{\"@type\":\"ImageObject\",\"inLanguage\":\"es\",\"@id\":\"https:\\\/\\\/secure.gravatar.com\\\/avatar\\\/31a1a7b66ff2de83bd0e9fd79d026630d2d99e55e8bfe501287647b4fd9743de?s=96&d=mm&r=g\",\"url\":\"https:\\\/\\\/secure.gravatar.com\\\/avatar\\\/31a1a7b66ff2de83bd0e9fd79d026630d2d99e55e8bfe501287647b4fd9743de?s=96&d=mm&r=g\",\"contentUrl\":\"https:\\\/\\\/secure.gravatar.com\\\/avatar\\\/31a1a7b66ff2de83bd0e9fd79d026630d2d99e55e8bfe501287647b4fd9743de?s=96&d=mm&r=g\",\"caption\":\"Gonzalo Schmidt\"},\"description\":\"Sitio web de noticias de la provincia de Entre R\u00edos, Argentina. Informaci\u00f3n y entretenimiento. Informe Litoral, nos informamos.\",\"sameAs\":[\"http:\\\/\\\/www.isletasnoticias.com.ar\"],\"url\":\"https:\\\/\\\/informelitoral.com.ar\\\/author\\\/gonzalo\\\/\"}]}<\/script>","yoast_head_json":{"title":"M\u00e1s de 90 artistas vivieron el Becario en Escena Paran\u00e1 - Informe Litoral","robots":{"index":"index","follow":"follow","max-snippet":"max-snippet:-1","max-image-preview":"max-image-preview:large","max-video-preview":"max-video-preview:-1"},"canonical":"https:\/\/informelitoral.com.ar\/mas-de-90-artistas-vivieron-el-becario-en-escena-parana\/","og_locale":"es_ES","og_type":"article","og_title":"M\u00e1s de 90 artistas vivieron el Becario en Escena Paran\u00e1 - Informe Litoral","og_description":"El evento cultural convoc\u00f3 a ni\u00f1os y j\u00f3venes de la capital provincial y la regi\u00f3n, con 50 n\u00fameros art\u00edsticos sobre el escenario. Los ganadores fueron acreedores de una beca para perfeccionarse en la rama escogida.","og_url":"https:\/\/informelitoral.com.ar\/mas-de-90-artistas-vivieron-el-becario-en-escena-parana\/","og_site_name":"Informe Litoral","article_publisher":"https:\/\/www.facebook.com\/informelitoral\/","article_published_time":"2025-06-09T10:27:40+00:00","og_image":[{"url":"https:\/\/apfdigital-s3.cdn.net.ar\/s3i233\/2025\/06\/apfdigital\/images\/01\/95\/18\/1951878_479d98762135832d3b16ee6424232150f5ac21cd0ef1b88e9848571aeb53551a\/md.webp","type":"","width":"","height":""},{"width":992,"height":662,"url":"https:\/\/apfdigital-s3.cdn.net.ar\/s3i233\/2025\/06\/apfdigital\/images\/01\/95\/18\/1951878_479d98762135832d3b16ee6424232150f5ac21cd0ef1b88e9848571aeb53551a\/md.webp","type":"image\/jpeg"}],"author":"Gonzalo Schmidt","twitter_card":"summary_large_image","twitter_image":"https:\/\/apfdigital-s3.cdn.net.ar\/s3i233\/2025\/06\/apfdigital\/images\/01\/95\/18\/1951878_479d98762135832d3b16ee6424232150f5ac21cd0ef1b88e9848571aeb53551a\/md.webp","twitter_creator":"@InformeLitoral","twitter_site":"@InformeLitoral","twitter_misc":{"Escrito por":"Gonzalo Schmidt","Tiempo de lectura":"2 minutos"},"schema":{"@context":"https:\/\/schema.org","@graph":[{"@type":"Article","@id":"https:\/\/informelitoral.com.ar\/mas-de-90-artistas-vivieron-el-becario-en-escena-parana\/#article","isPartOf":{"@id":"https:\/\/informelitoral.com.ar\/mas-de-90-artistas-vivieron-el-becario-en-escena-parana\/"},"author":{"name":"Gonzalo Schmidt","@id":"https:\/\/informelitoral.com.ar\/#\/schema\/person\/b9d00407c836482871ef1d57bf8e3180"},"headline":"M\u00e1s de 90 artistas vivieron el Becario en Escena Paran\u00e1","datePublished":"2025-06-09T10:27:40+00:00","mainEntityOfPage":{"@id":"https:\/\/informelitoral.com.ar\/mas-de-90-artistas-vivieron-el-becario-en-escena-parana\/"},"wordCount":397,"commentCount":0,"publisher":{"@id":"https:\/\/informelitoral.com.ar\/#organization"},"image":{"@id":"https:\/\/informelitoral.com.ar\/mas-de-90-artistas-vivieron-el-becario-en-escena-parana\/#primaryimage"},"thumbnailUrl":"https:\/\/apfdigital-s3.cdn.net.ar\/s3i233\/2025\/06\/apfdigital\/images\/01\/95\/18\/1951878_479d98762135832d3b16ee6424232150f5ac21cd0ef1b88e9848571aeb53551a\/md.webp","keywords":["Becario","El Becario","Instituto Becario","Paran\u00e1"],"articleSection":["Paran\u00e1"],"inLanguage":"es","potentialAction":[{"@type":"CommentAction","name":"Comment","target":["https:\/\/informelitoral.com.ar\/mas-de-90-artistas-vivieron-el-becario-en-escena-parana\/#respond"]}]},{"@type":"WebPage","@id":"https:\/\/informelitoral.com.ar\/mas-de-90-artistas-vivieron-el-becario-en-escena-parana\/","url":"https:\/\/informelitoral.com.ar\/mas-de-90-artistas-vivieron-el-becario-en-escena-parana\/","name":"M\u00e1s de 90 artistas vivieron el Becario en Escena Paran\u00e1 - Informe Litoral","isPartOf":{"@id":"https:\/\/informelitoral.com.ar\/#website"},"primaryImageOfPage":{"@id":"https:\/\/informelitoral.com.ar\/mas-de-90-artistas-vivieron-el-becario-en-escena-parana\/#primaryimage"},"image":{"@id":"https:\/\/informelitoral.com.ar\/mas-de-90-artistas-vivieron-el-becario-en-escena-parana\/#primaryimage"},"thumbnailUrl":"https:\/\/apfdigital-s3.cdn.net.ar\/s3i233\/2025\/06\/apfdigital\/images\/01\/95\/18\/1951878_479d98762135832d3b16ee6424232150f5ac21cd0ef1b88e9848571aeb53551a\/md.webp","datePublished":"2025-06-09T10:27:40+00:00","breadcrumb":{"@id":"https:\/\/informelitoral.com.ar\/mas-de-90-artistas-vivieron-el-becario-en-escena-parana\/#breadcrumb"},"inLanguage":"es","potentialAction":[{"@type":"ReadAction","target":["https:\/\/informelitoral.com.ar\/mas-de-90-artistas-vivieron-el-becario-en-escena-parana\/"]}]},{"@type":"ImageObject","inLanguage":"es","@id":"https:\/\/informelitoral.com.ar\/mas-de-90-artistas-vivieron-el-becario-en-escena-parana\/#primaryimage","url":"https:\/\/apfdigital-s3.cdn.net.ar\/s3i233\/2025\/06\/apfdigital\/images\/01\/95\/18\/1951878_479d98762135832d3b16ee6424232150f5ac21cd0ef1b88e9848571aeb53551a\/md.webp","contentUrl":"https:\/\/apfdigital-s3.cdn.net.ar\/s3i233\/2025\/06\/apfdigital\/images\/01\/95\/18\/1951878_479d98762135832d3b16ee6424232150f5ac21cd0ef1b88e9848571aeb53551a\/md.webp","width":"992","height":"662"},{"@type":"BreadcrumbList","@id":"https:\/\/informelitoral.com.ar\/mas-de-90-artistas-vivieron-el-becario-en-escena-parana\/#breadcrumb","itemListElement":[{"@type":"ListItem","position":1,"name":"Portada","item":"https:\/\/informelitoral.com.ar\/"},{"@type":"ListItem","position":2,"name":"M\u00e1s de 90 artistas vivieron el Becario en Escena Paran\u00e1"}]},{"@type":"WebSite","@id":"https:\/\/informelitoral.com.ar\/#website","url":"https:\/\/informelitoral.com.ar\/","name":"Informe Litoral","description":"&quot;Nos informamos&quot; ","publisher":{"@id":"https:\/\/informelitoral.com.ar\/#organization"},"potentialAction":[{"@type":"SearchAction","target":{"@type":"EntryPoint","urlTemplate":"https:\/\/informelitoral.com.ar\/?s={search_term_string}"},"query-input":{"@type":"PropertyValueSpecification","valueRequired":true,"valueName":"search_term_string"}}],"inLanguage":"es"},{"@type":"Organization","@id":"https:\/\/informelitoral.com.ar\/#organization","name":"Informe Litoral","url":"https:\/\/informelitoral.com.ar\/","logo":{"@type":"ImageObject","inLanguage":"es","@id":"https:\/\/informelitoral.com.ar\/#\/schema\/logo\/image\/","url":"https:\/\/informelitoral.com.ar\/%77%70%2d%63%6f%6e%74%65%6e%74\/uploads\/2021\/01\/circulo.png","contentUrl":"https:\/\/informelitoral.com.ar\/%77%70%2d%63%6f%6e%74%65%6e%74\/uploads\/2021\/01\/circulo.png","width":723,"height":731,"caption":"Informe Litoral"},"image":{"@id":"https:\/\/informelitoral.com.ar\/#\/schema\/logo\/image\/"},"sameAs":["https:\/\/www.facebook.com\/informelitoral\/","https:\/\/x.com\/InformeLitoral","https:\/\/www.instagram.com\/informelitoral\/","https:\/\/www.youtube.com\/channel\/UCua4Qvz8Icb6MYqhoq9xLXw"]},{"@type":"Person","@id":"https:\/\/informelitoral.com.ar\/#\/schema\/person\/b9d00407c836482871ef1d57bf8e3180","name":"Gonzalo Schmidt","image":{"@type":"ImageObject","inLanguage":"es","@id":"https:\/\/secure.gravatar.com\/avatar\/31a1a7b66ff2de83bd0e9fd79d026630d2d99e55e8bfe501287647b4fd9743de?s=96&d=mm&r=g","url":"https:\/\/secure.gravatar.com\/avatar\/31a1a7b66ff2de83bd0e9fd79d026630d2d99e55e8bfe501287647b4fd9743de?s=96&d=mm&r=g","contentUrl":"https:\/\/secure.gravatar.com\/avatar\/31a1a7b66ff2de83bd0e9fd79d026630d2d99e55e8bfe501287647b4fd9743de?s=96&d=mm&r=g","caption":"Gonzalo Schmidt"},"description":"Sitio web de noticias de la provincia de Entre R\u00edos, Argentina. Informaci\u00f3n y entretenimiento. Informe Litoral, nos informamos.","sameAs":["http:\/\/www.isletasnoticias.com.ar"],"url":"https:\/\/informelitoral.com.ar\/author\/gonzalo\/"}]}},"fifu_image_url":"https:\/\/apfdigital-s3.cdn.net.ar\/s3i233\/2025\/06\/apfdigital\/images\/01\/95\/18\/1951878_479d98762135832d3b16ee6424232150f5ac21cd0ef1b88e9848571aeb53551a\/md.webp","_links":{"self":[{"href":"https:\/\/informelitoral.com.ar\/%77%70%2d%6a%73%6f%6e\/wp\/v2\/posts\/223410","targetHints":{"allow":["GET"]}}],"collection":[{"href":"https:\/\/informelitoral.com.ar\/%77%70%2d%6a%73%6f%6e\/wp\/v2\/posts"}],"about":[{"href":"https:\/\/informelitoral.com.ar\/%77%70%2d%6a%73%6f%6e\/wp\/v2\/types\/post"}],"author":[{"embeddable":true,"href":"https:\/\/informelitoral.com.ar\/%77%70%2d%6a%73%6f%6e\/wp\/v2\/users\/2"}],"replies":[{"embeddable":true,"href":"https:\/\/informelitoral.com.ar\/%77%70%2d%6a%73%6f%6e\/wp\/v2\/comments?post=223410"}],"version-history":[{"count":1,"href":"https:\/\/informelitoral.com.ar\/%77%70%2d%6a%73%6f%6e\/wp\/v2\/posts\/223410\/revisions"}],"predecessor-version":[{"id":223412,"href":"https:\/\/informelitoral.com.ar\/%77%70%2d%6a%73%6f%6e\/wp\/v2\/posts\/223410\/revisions\/223412"}],"wp:featuredmedia":[{"embeddable":true,"href":"https:\/\/informelitoral.com.ar\/%77%70%2d%6a%73%6f%6e\/wp\/v2\/media\/223411"}],"wp:attachment":[{"href":"https:\/\/informelitoral.com.ar\/%77%70%2d%6a%73%6f%6e\/wp\/v2\/media?parent=223410"}],"wp:term":[{"taxonomy":"category","embeddable":true,"href":"https:\/\/informelitoral.com.ar\/%77%70%2d%6a%73%6f%6e\/wp\/v2\/categories?post=223410"},{"taxonomy":"post_tag","embeddable":true,"href":"https:\/\/informelitoral.com.ar\/%77%70%2d%6a%73%6f%6e\/wp\/v2\/tags?post=223410"}],"curies":[{"name":"wp","href":"https:\/\/api.w.org\/{rel}","templated":true}]}}