{"id":22341,"date":"2017-07-17T08:05:20","date_gmt":"2017-07-17T11:05:20","guid":{"rendered":"http:\/\/www.isletasnoticias.com.ar\/?p=22341"},"modified":"2017-07-17T08:05:20","modified_gmt":"2017-07-17T11:05:20","slug":"el-gobierno-de-entre-rios-impulsa-becas-de-oficios","status":"publish","type":"post","link":"https:\/\/informelitoral.com.ar\/el-gobierno-de-entre-rios-impulsa-becas-de-oficios\/","title":{"rendered":"El gobierno de Entre R\u00edos impulsa \u201cbecas de oficios\u201d"},"content":{"rendered":"<div class=\"post-right\">\n<p class=\"post-excerpt\"><strong>Esta semana se pondr\u00e1 en marcha un nuevo programa que permitir\u00e1 que entrerrianos reciban una beca para aprender y desarrollarse en electricidad y construcci\u00f3n en seco. Los inscriptos tendr\u00e1n su capacitaci\u00f3n laboral en empresas del sector af\u00edn. La inversi\u00f3n superar\u00e1 los 5 millones de pesos.<a href=\"http:\/\/www.isletasnoticias.com.ar\/%77%70%2d%63%6f%6e%74%65%6e%74\/uploads\/2017\/07\/curso-de-electricidad.jpg\"><img loading=\"lazy\" decoding=\"async\" class=\"aligncenter wp-image-22342 size-full\" src=\"http:\/\/www.isletasnoticias.com.ar\/%77%70%2d%63%6f%6e%74%65%6e%74\/uploads\/2017\/07\/curso-de-electricidad.jpg\" alt=\"\" width=\"800\" height=\"450\" srcset=\"https:\/\/informelitoral.com.ar\/%77%70%2d%63%6f%6e%74%65%6e%74\/uploads\/2017\/07\/curso-de-electricidad.jpg 800w, https:\/\/informelitoral.com.ar\/%77%70%2d%63%6f%6e%74%65%6e%74\/uploads\/2017\/07\/curso-de-electricidad-300x169.jpg 300w, https:\/\/informelitoral.com.ar\/%77%70%2d%63%6f%6e%74%65%6e%74\/uploads\/2017\/07\/curso-de-electricidad-768x432.jpg 768w\" sizes=\"auto, (max-width: 800px) 100vw, 800px\" \/><\/a><\/strong><\/p>\n<\/div>\n<div class=\"post-body-inner\">\n<p>El gobierno provincial contin\u00faa llevando a cabo pol\u00edticas educativas y de capacitaci\u00f3n para j\u00f3venes entrerrianos. Las nuevas\u00a0<strong>Becas de Oficios<\/strong>\u00a0brindan contenci\u00f3n y una nueva posibilidad de capacitaci\u00f3n para la reinserci\u00f3n de muchos j\u00f3venes al mundo laboral.<\/p>\n<p>Un ejemplo de ello es el<strong>\u00a0programa \u201cImpulsate\u201d<\/strong>\u00a0que coordina la Secretar\u00eda de la Juventud, con el apoyo de entes descentralizados, sindicatos y otros actores fundamentales que permiten la generaci\u00f3n de estas herramientas para promover a los j\u00f3venes a un futuro mejor. De la misma manera, la\u00a0<strong>Escuela de Oficios de Concordia<\/strong>, gracias al convenio rubricado oportunamente entre el municipio, el Ministerio de Defensa de la Naci\u00f3n y el Instituto Aut\u00e1rquico Becario Provincial. All\u00ed, 100 concordienses se especializar\u00e1n en herrer\u00eda, torner\u00eda, alba\u00f1iler\u00eda, pintura, tabalarter\u00eda, entre otros.\u00a0<a class=\"thickbox\" href=\"http:\/\/www.entremediosweb.com\/%77%70%2d%63%6f%6e%74%65%6e%74\/uploads\/2017\/07\/Becas-de-oficio.jpg\"><img loading=\"lazy\" decoding=\"async\" class=\"aligncenter wp-image-42619 size-large\" src=\"http:\/\/www.entremediosweb.com\/%77%70%2d%63%6f%6e%74%65%6e%74\/uploads\/2017\/07\/Becas-de-oficio-640x227.jpg\" sizes=\"auto, (max-width: 640px) 100vw, 640px\" srcset=\"http:\/\/www.entremediosweb.com\/%77%70%2d%63%6f%6e%74%65%6e%74\/uploads\/2017\/07\/Becas-de-oficio-640x227.jpg 640w, http:\/\/www.entremediosweb.com\/%77%70%2d%63%6f%6e%74%65%6e%74\/uploads\/2017\/07\/Becas-de-oficio-240x85.jpg 240w, http:\/\/www.entremediosweb.com\/%77%70%2d%63%6f%6e%74%65%6e%74\/uploads\/2017\/07\/Becas-de-oficio-400x142.jpg 400w, http:\/\/www.entremediosweb.com\/%77%70%2d%63%6f%6e%74%65%6e%74\/uploads\/2017\/07\/Becas-de-oficio-768x272.jpg 768w\" alt=\"\" width=\"640\" height=\"227\" \/><\/a><br \/>\nLa directora Ejecutiva del Instituto Becario,\u00a0<strong>Mayda Cresto<\/strong>, expres\u00f3 que \u201cel gobernador Gustavo Bordet nos pidi\u00f3 generar nuevas propuestas educativas e inclusivas. Tomamos buenos ejemplos y apostamos a complementarnos para desarrollar una opci\u00f3n integral, que en un futuro cercano llegue a todos los departamentos\u201d, dijo.<\/p>\n<p><strong>\u201cCada uno de los participantes en los distintos cursos de Oficios, recibir\u00e1n \u201cuna beca de 1.500 pesos durante seis meses\u201d.<\/strong>\u00a0De esta forma se busca que los j\u00f3venes que han quedado fuera del sistema educativo, puedan finalizar estos nuevos estudios.<\/p>\n<p><strong>El programa de Becas de oficios tendr\u00e1 una inversi\u00f3n total, en este 2017, que supera los 3 millones de pesos. Ser\u00e1n m\u00e1s de 300 los beneficiarios proyectados para lo que resta del a\u00f1o.\u00a0<\/strong><\/p>\n<p>Por su parte, el secretario de la Juventud,\u00a0<strong>Nicol\u00e1s Mathieu<\/strong>\u00a0habl\u00f3 la importancia de dicha inversi\u00f3n estatal: \u201cAdem\u00e1s del incentivo de las becas, que son una gran ayuda para que los j\u00f3venes puedan continuar las capacitaciones, hemos logrado que puedan insertarse en empresas en las que realizar\u00e1n sus pr\u00e1cticas, en las que una vez terminada su formaci\u00f3n, podr\u00e1n realizar pasant\u00edas\u201d.<\/p>\n<p>El titular de Juventud, destac\u00f3 adem\u00e1s que: \u201cla b\u00fasqueda de empleo es una de las principales problem\u00e1ticas que los j\u00f3venes nos plantean, este programa es de las pol\u00edticas que ejecutamos desde el gobierno provincial para brindar una respuesta integral a sus demandas\u201d.<\/p>\n<p>Cabe se\u00f1alar que tambi\u00e9n habr\u00e1 una fuerte\u00a0<strong>inversi\u00f3n en los capacitadores, indumentaria de trabajo<\/strong>, entre otros \u00edtems, para que esta apuesta signifique una real oportunidad de crecimiento.<\/p>\n<p><b>Firma de convenio<br \/>\n<\/b><br \/>\nEste martes, en el sal\u00f3n de los Gobernadores de la Casa Gris, se llevar\u00e1 a cabo la r\u00fabrica del convenio entre los ministerios de Gobierno y Desarrollo Social; el Instituto Aut\u00e1rquico Becario Provincial; la Secretaria de la juventud; Enersa, Uocra, C\u00e1mara de la Construcci\u00f3n de Entre R\u00edos y el Consejo General de Educaci\u00f3n, quienes ser\u00e1n actores fundamentales en la articulaci\u00f3n de esta propuesta amplia, de formaci\u00f3n y generadora de oportunidades.<\/p>\n<p>Tambi\u00e9n participar\u00e1 la Secretar\u00eda de Trabajo, dependencia que colaborar\u00e1 en la relaci\u00f3n entre Estado \u2013 Sector privado para fomentar el empleo joven y la inserci\u00f3n de mano de obra calificada en las empresas de la provincia. La cita ser\u00e1 a las 10.<\/p>\n<p><b>Inscripci\u00f3n<\/b><\/p>\n<p>Despu\u00e9s de la firma de los convenios, los interesados deber\u00e1n acercarse personalmente a la secretar\u00eda de la Juventud \u2013cito en Pasaje Falucho 334- de 8:30 a 13.00. All\u00ed se realizar\u00e1 una entrevista preliminar y se otorgar\u00e1 el formulario para ingresar al sistema de becas de oficio. Cabe se\u00f1alar que este programa contempla a quienes nacieron entre 1987 y 2001.<\/p>\n<\/div>\n","protected":false},"excerpt":{"rendered":"<p>Esta semana se pondr&aacute; en marcha un nuevo programa que permitir&aacute; que entrerrianos reciban una beca para aprender y desarrollarse en electricidad y construcci&oacute;n en seco. Los inscriptos tendr&aacute;n su capacitaci&oacute;n laboral en empresas del sector af&iacute;n. La inversi&oacute;n superar&aacute; los 5 millones de pesos. El gobierno provincial contin&uacute;a llevando a cabo pol&iacute;ticas educativas y [&hellip;]<\/p>\n","protected":false},"author":2,"featured_media":0,"comment_status":"open","ping_status":"open","sticky":false,"template":"","format":"standard","meta":{"fifu_image_url":"","fifu_image_alt":"","footnotes":""},"categories":[6],"tags":[],"class_list":{"0":"post-22341","1":"post","2":"type-post","3":"status-publish","4":"format-standard","6":"category-entre-rios"},"yoast_head":"<title>El gobierno de Entre R\u00edos impulsa \u201cbecas de oficios\u201d - Informe Litoral<\/title>\n<meta name=\"robots\" content=\"index, follow, max-snippet:-1, max-image-preview:large, max-video-preview:-1\" \/>\n<link rel=\"canonical\" href=\"https:\/\/informelitoral.com.ar\/el-gobierno-de-entre-rios-impulsa-becas-de-oficios\/\" \/>\n<meta property=\"og:locale\" content=\"es_ES\" \/>\n<meta property=\"og:type\" content=\"article\" \/>\n<meta property=\"og:title\" content=\"El gobierno de Entre R\u00edos impulsa \u201cbecas de oficios\u201d - Informe Litoral\" \/>\n<meta property=\"og:description\" content=\"Esta semana se pondr&aacute; en marcha un nuevo programa que permitir&aacute; que entrerrianos reciban una beca para aprender y desarrollarse en electricidad y construcci&oacute;n en seco. Los inscriptos tendr&aacute;n su capacitaci&oacute;n laboral en empresas del sector af&iacute;n. La inversi&oacute;n superar&aacute; los 5 millones de pesos. El gobierno provincial contin&uacute;a llevando a cabo pol&iacute;ticas educativas y [&hellip;]\" \/>\n<meta property=\"og:url\" content=\"https:\/\/informelitoral.com.ar\/el-gobierno-de-entre-rios-impulsa-becas-de-oficios\/\" \/>\n<meta property=\"og:site_name\" content=\"Informe Litoral\" \/>\n<meta property=\"article:publisher\" content=\"https:\/\/www.facebook.com\/informelitoral\/\" \/>\n<meta property=\"article:published_time\" content=\"2017-07-17T11:05:20+00:00\" \/>\n<meta property=\"og:image\" content=\"https:\/\/informelitoral.com.ar\/%77%70%2d%63%6f%6e%74%65%6e%74\/uploads\/2017\/07\/curso-de-electricidad.jpg\" \/>\n\t<meta property=\"og:image:width\" content=\"800\" \/>\n\t<meta property=\"og:image:height\" content=\"450\" \/>\n\t<meta property=\"og:image:type\" content=\"image\/jpeg\" \/>\n<meta name=\"author\" content=\"Gonzalo Schmidt\" \/>\n<meta name=\"twitter:card\" content=\"summary_large_image\" \/>\n<meta name=\"twitter:creator\" content=\"@InformeLitoral\" \/>\n<meta name=\"twitter:site\" content=\"@InformeLitoral\" \/>\n<meta name=\"twitter:label1\" content=\"Escrito por\" \/>\n\t<meta name=\"twitter:data1\" content=\"Gonzalo Schmidt\" \/>\n\t<meta name=\"twitter:label2\" content=\"Tiempo de lectura\" \/>\n\t<meta name=\"twitter:data2\" content=\"3 minutos\" \/>\n<script type=\"application\/ld+json\" class=\"yoast-schema-graph\">{\"@context\":\"https:\\\/\\\/schema.org\",\"@graph\":[{\"@type\":\"Article\",\"@id\":\"https:\\\/\\\/informelitoral.com.ar\\\/el-gobierno-de-entre-rios-impulsa-becas-de-oficios\\\/#article\",\"isPartOf\":{\"@id\":\"https:\\\/\\\/informelitoral.com.ar\\\/el-gobierno-de-entre-rios-impulsa-becas-de-oficios\\\/\"},\"author\":{\"name\":\"Gonzalo Schmidt\",\"@id\":\"https:\\\/\\\/informelitoral.com.ar\\\/#\\\/schema\\\/person\\\/b9d00407c836482871ef1d57bf8e3180\"},\"headline\":\"El gobierno de Entre R\u00edos impulsa \u201cbecas de oficios\u201d\",\"datePublished\":\"2017-07-17T11:05:20+00:00\",\"mainEntityOfPage\":{\"@id\":\"https:\\\/\\\/informelitoral.com.ar\\\/el-gobierno-de-entre-rios-impulsa-becas-de-oficios\\\/\"},\"wordCount\":655,\"commentCount\":0,\"publisher\":{\"@id\":\"https:\\\/\\\/informelitoral.com.ar\\\/#organization\"},\"image\":{\"@id\":\"https:\\\/\\\/informelitoral.com.ar\\\/el-gobierno-de-entre-rios-impulsa-becas-de-oficios\\\/#primaryimage\"},\"thumbnailUrl\":\"http:\\\/\\\/www.isletasnoticias.com.ar\\\/%77%70%2d%63%6f%6e%74%65%6e%74\\\/uploads\\\/2017\\\/07\\\/curso-de-electricidad.jpg\",\"articleSection\":[\"Entre R\u00edos\"],\"inLanguage\":\"es\",\"potentialAction\":[{\"@type\":\"CommentAction\",\"name\":\"Comment\",\"target\":[\"https:\\\/\\\/informelitoral.com.ar\\\/el-gobierno-de-entre-rios-impulsa-becas-de-oficios\\\/#respond\"]}]},{\"@type\":\"WebPage\",\"@id\":\"https:\\\/\\\/informelitoral.com.ar\\\/el-gobierno-de-entre-rios-impulsa-becas-de-oficios\\\/\",\"url\":\"https:\\\/\\\/informelitoral.com.ar\\\/el-gobierno-de-entre-rios-impulsa-becas-de-oficios\\\/\",\"name\":\"El gobierno de Entre R\u00edos impulsa \u201cbecas de oficios\u201d - Informe Litoral\",\"isPartOf\":{\"@id\":\"https:\\\/\\\/informelitoral.com.ar\\\/#website\"},\"primaryImageOfPage\":{\"@id\":\"https:\\\/\\\/informelitoral.com.ar\\\/el-gobierno-de-entre-rios-impulsa-becas-de-oficios\\\/#primaryimage\"},\"image\":{\"@id\":\"https:\\\/\\\/informelitoral.com.ar\\\/el-gobierno-de-entre-rios-impulsa-becas-de-oficios\\\/#primaryimage\"},\"thumbnailUrl\":\"http:\\\/\\\/www.isletasnoticias.com.ar\\\/%77%70%2d%63%6f%6e%74%65%6e%74\\\/uploads\\\/2017\\\/07\\\/curso-de-electricidad.jpg\",\"datePublished\":\"2017-07-17T11:05:20+00:00\",\"breadcrumb\":{\"@id\":\"https:\\\/\\\/informelitoral.com.ar\\\/el-gobierno-de-entre-rios-impulsa-becas-de-oficios\\\/#breadcrumb\"},\"inLanguage\":\"es\",\"potentialAction\":[{\"@type\":\"ReadAction\",\"target\":[\"https:\\\/\\\/informelitoral.com.ar\\\/el-gobierno-de-entre-rios-impulsa-becas-de-oficios\\\/\"]}]},{\"@type\":\"ImageObject\",\"inLanguage\":\"es\",\"@id\":\"https:\\\/\\\/informelitoral.com.ar\\\/el-gobierno-de-entre-rios-impulsa-becas-de-oficios\\\/#primaryimage\",\"url\":\"http:\\\/\\\/www.isletasnoticias.com.ar\\\/%77%70%2d%63%6f%6e%74%65%6e%74\\\/uploads\\\/2017\\\/07\\\/curso-de-electricidad.jpg\",\"contentUrl\":\"http:\\\/\\\/www.isletasnoticias.com.ar\\\/%77%70%2d%63%6f%6e%74%65%6e%74\\\/uploads\\\/2017\\\/07\\\/curso-de-electricidad.jpg\"},{\"@type\":\"BreadcrumbList\",\"@id\":\"https:\\\/\\\/informelitoral.com.ar\\\/el-gobierno-de-entre-rios-impulsa-becas-de-oficios\\\/#breadcrumb\",\"itemListElement\":[{\"@type\":\"ListItem\",\"position\":1,\"name\":\"Portada\",\"item\":\"https:\\\/\\\/informelitoral.com.ar\\\/\"},{\"@type\":\"ListItem\",\"position\":2,\"name\":\"El gobierno de Entre R\u00edos impulsa \u201cbecas de oficios\u201d\"}]},{\"@type\":\"WebSite\",\"@id\":\"https:\\\/\\\/informelitoral.com.ar\\\/#website\",\"url\":\"https:\\\/\\\/informelitoral.com.ar\\\/\",\"name\":\"Informe Litoral\",\"description\":\"&quot;Nos informamos&quot; \",\"publisher\":{\"@id\":\"https:\\\/\\\/informelitoral.com.ar\\\/#organization\"},\"potentialAction\":[{\"@type\":\"SearchAction\",\"target\":{\"@type\":\"EntryPoint\",\"urlTemplate\":\"https:\\\/\\\/informelitoral.com.ar\\\/?s={search_term_string}\"},\"query-input\":{\"@type\":\"PropertyValueSpecification\",\"valueRequired\":true,\"valueName\":\"search_term_string\"}}],\"inLanguage\":\"es\"},{\"@type\":\"Organization\",\"@id\":\"https:\\\/\\\/informelitoral.com.ar\\\/#organization\",\"name\":\"Informe Litoral\",\"url\":\"https:\\\/\\\/informelitoral.com.ar\\\/\",\"logo\":{\"@type\":\"ImageObject\",\"inLanguage\":\"es\",\"@id\":\"https:\\\/\\\/informelitoral.com.ar\\\/#\\\/schema\\\/logo\\\/image\\\/\",\"url\":\"https:\\\/\\\/informelitoral.com.ar\\\/%77%70%2d%63%6f%6e%74%65%6e%74\\\/uploads\\\/2021\\\/01\\\/circulo.png\",\"contentUrl\":\"https:\\\/\\\/informelitoral.com.ar\\\/%77%70%2d%63%6f%6e%74%65%6e%74\\\/uploads\\\/2021\\\/01\\\/circulo.png\",\"width\":723,\"height\":731,\"caption\":\"Informe Litoral\"},\"image\":{\"@id\":\"https:\\\/\\\/informelitoral.com.ar\\\/#\\\/schema\\\/logo\\\/image\\\/\"},\"sameAs\":[\"https:\\\/\\\/www.facebook.com\\\/informelitoral\\\/\",\"https:\\\/\\\/x.com\\\/InformeLitoral\",\"https:\\\/\\\/www.instagram.com\\\/informelitoral\\\/\",\"https:\\\/\\\/www.youtube.com\\\/channel\\\/UCua4Qvz8Icb6MYqhoq9xLXw\"]},{\"@type\":\"Person\",\"@id\":\"https:\\\/\\\/informelitoral.com.ar\\\/#\\\/schema\\\/person\\\/b9d00407c836482871ef1d57bf8e3180\",\"name\":\"Gonzalo Schmidt\",\"image\":{\"@type\":\"ImageObject\",\"inLanguage\":\"es\",\"@id\":\"https:\\\/\\\/secure.gravatar.com\\\/avatar\\\/31a1a7b66ff2de83bd0e9fd79d026630d2d99e55e8bfe501287647b4fd9743de?s=96&d=mm&r=g\",\"url\":\"https:\\\/\\\/secure.gravatar.com\\\/avatar\\\/31a1a7b66ff2de83bd0e9fd79d026630d2d99e55e8bfe501287647b4fd9743de?s=96&d=mm&r=g\",\"contentUrl\":\"https:\\\/\\\/secure.gravatar.com\\\/avatar\\\/31a1a7b66ff2de83bd0e9fd79d026630d2d99e55e8bfe501287647b4fd9743de?s=96&d=mm&r=g\",\"caption\":\"Gonzalo Schmidt\"},\"description\":\"Sitio web de noticias de la provincia de Entre R\u00edos, Argentina. Informaci\u00f3n y entretenimiento. Informe Litoral, nos informamos.\",\"sameAs\":[\"http:\\\/\\\/www.isletasnoticias.com.ar\"],\"url\":\"https:\\\/\\\/informelitoral.com.ar\\\/author\\\/gonzalo\\\/\"}]}<\/script>","yoast_head_json":{"title":"El gobierno de Entre R\u00edos impulsa \u201cbecas de oficios\u201d - Informe Litoral","robots":{"index":"index","follow":"follow","max-snippet":"max-snippet:-1","max-image-preview":"max-image-preview:large","max-video-preview":"max-video-preview:-1"},"canonical":"https:\/\/informelitoral.com.ar\/el-gobierno-de-entre-rios-impulsa-becas-de-oficios\/","og_locale":"es_ES","og_type":"article","og_title":"El gobierno de Entre R\u00edos impulsa \u201cbecas de oficios\u201d - Informe Litoral","og_description":"Esta semana se pondr&aacute; en marcha un nuevo programa que permitir&aacute; que entrerrianos reciban una beca para aprender y desarrollarse en electricidad y construcci&oacute;n en seco. Los inscriptos tendr&aacute;n su capacitaci&oacute;n laboral en empresas del sector af&iacute;n. La inversi&oacute;n superar&aacute; los 5 millones de pesos. El gobierno provincial contin&uacute;a llevando a cabo pol&iacute;ticas educativas y [&hellip;]","og_url":"https:\/\/informelitoral.com.ar\/el-gobierno-de-entre-rios-impulsa-becas-de-oficios\/","og_site_name":"Informe Litoral","article_publisher":"https:\/\/www.facebook.com\/informelitoral\/","article_published_time":"2017-07-17T11:05:20+00:00","og_image":[{"width":800,"height":450,"url":"https:\/\/informelitoral.com.ar\/%77%70%2d%63%6f%6e%74%65%6e%74\/uploads\/2017\/07\/curso-de-electricidad.jpg","type":"image\/jpeg"}],"author":"Gonzalo Schmidt","twitter_card":"summary_large_image","twitter_creator":"@InformeLitoral","twitter_site":"@InformeLitoral","twitter_misc":{"Escrito por":"Gonzalo Schmidt","Tiempo de lectura":"3 minutos"},"schema":{"@context":"https:\/\/schema.org","@graph":[{"@type":"Article","@id":"https:\/\/informelitoral.com.ar\/el-gobierno-de-entre-rios-impulsa-becas-de-oficios\/#article","isPartOf":{"@id":"https:\/\/informelitoral.com.ar\/el-gobierno-de-entre-rios-impulsa-becas-de-oficios\/"},"author":{"name":"Gonzalo Schmidt","@id":"https:\/\/informelitoral.com.ar\/#\/schema\/person\/b9d00407c836482871ef1d57bf8e3180"},"headline":"El gobierno de Entre R\u00edos impulsa \u201cbecas de oficios\u201d","datePublished":"2017-07-17T11:05:20+00:00","mainEntityOfPage":{"@id":"https:\/\/informelitoral.com.ar\/el-gobierno-de-entre-rios-impulsa-becas-de-oficios\/"},"wordCount":655,"commentCount":0,"publisher":{"@id":"https:\/\/informelitoral.com.ar\/#organization"},"image":{"@id":"https:\/\/informelitoral.com.ar\/el-gobierno-de-entre-rios-impulsa-becas-de-oficios\/#primaryimage"},"thumbnailUrl":"http:\/\/www.isletasnoticias.com.ar\/%77%70%2d%63%6f%6e%74%65%6e%74\/uploads\/2017\/07\/curso-de-electricidad.jpg","articleSection":["Entre R\u00edos"],"inLanguage":"es","potentialAction":[{"@type":"CommentAction","name":"Comment","target":["https:\/\/informelitoral.com.ar\/el-gobierno-de-entre-rios-impulsa-becas-de-oficios\/#respond"]}]},{"@type":"WebPage","@id":"https:\/\/informelitoral.com.ar\/el-gobierno-de-entre-rios-impulsa-becas-de-oficios\/","url":"https:\/\/informelitoral.com.ar\/el-gobierno-de-entre-rios-impulsa-becas-de-oficios\/","name":"El gobierno de Entre R\u00edos impulsa \u201cbecas de oficios\u201d - Informe Litoral","isPartOf":{"@id":"https:\/\/informelitoral.com.ar\/#website"},"primaryImageOfPage":{"@id":"https:\/\/informelitoral.com.ar\/el-gobierno-de-entre-rios-impulsa-becas-de-oficios\/#primaryimage"},"image":{"@id":"https:\/\/informelitoral.com.ar\/el-gobierno-de-entre-rios-impulsa-becas-de-oficios\/#primaryimage"},"thumbnailUrl":"http:\/\/www.isletasnoticias.com.ar\/%77%70%2d%63%6f%6e%74%65%6e%74\/uploads\/2017\/07\/curso-de-electricidad.jpg","datePublished":"2017-07-17T11:05:20+00:00","breadcrumb":{"@id":"https:\/\/informelitoral.com.ar\/el-gobierno-de-entre-rios-impulsa-becas-de-oficios\/#breadcrumb"},"inLanguage":"es","potentialAction":[{"@type":"ReadAction","target":["https:\/\/informelitoral.com.ar\/el-gobierno-de-entre-rios-impulsa-becas-de-oficios\/"]}]},{"@type":"ImageObject","inLanguage":"es","@id":"https:\/\/informelitoral.com.ar\/el-gobierno-de-entre-rios-impulsa-becas-de-oficios\/#primaryimage","url":"http:\/\/www.isletasnoticias.com.ar\/%77%70%2d%63%6f%6e%74%65%6e%74\/uploads\/2017\/07\/curso-de-electricidad.jpg","contentUrl":"http:\/\/www.isletasnoticias.com.ar\/%77%70%2d%63%6f%6e%74%65%6e%74\/uploads\/2017\/07\/curso-de-electricidad.jpg"},{"@type":"BreadcrumbList","@id":"https:\/\/informelitoral.com.ar\/el-gobierno-de-entre-rios-impulsa-becas-de-oficios\/#breadcrumb","itemListElement":[{"@type":"ListItem","position":1,"name":"Portada","item":"https:\/\/informelitoral.com.ar\/"},{"@type":"ListItem","position":2,"name":"El gobierno de Entre R\u00edos impulsa \u201cbecas de oficios\u201d"}]},{"@type":"WebSite","@id":"https:\/\/informelitoral.com.ar\/#website","url":"https:\/\/informelitoral.com.ar\/","name":"Informe Litoral","description":"&quot;Nos informamos&quot; ","publisher":{"@id":"https:\/\/informelitoral.com.ar\/#organization"},"potentialAction":[{"@type":"SearchAction","target":{"@type":"EntryPoint","urlTemplate":"https:\/\/informelitoral.com.ar\/?s={search_term_string}"},"query-input":{"@type":"PropertyValueSpecification","valueRequired":true,"valueName":"search_term_string"}}],"inLanguage":"es"},{"@type":"Organization","@id":"https:\/\/informelitoral.com.ar\/#organization","name":"Informe Litoral","url":"https:\/\/informelitoral.com.ar\/","logo":{"@type":"ImageObject","inLanguage":"es","@id":"https:\/\/informelitoral.com.ar\/#\/schema\/logo\/image\/","url":"https:\/\/informelitoral.com.ar\/%77%70%2d%63%6f%6e%74%65%6e%74\/uploads\/2021\/01\/circulo.png","contentUrl":"https:\/\/informelitoral.com.ar\/%77%70%2d%63%6f%6e%74%65%6e%74\/uploads\/2021\/01\/circulo.png","width":723,"height":731,"caption":"Informe Litoral"},"image":{"@id":"https:\/\/informelitoral.com.ar\/#\/schema\/logo\/image\/"},"sameAs":["https:\/\/www.facebook.com\/informelitoral\/","https:\/\/x.com\/InformeLitoral","https:\/\/www.instagram.com\/informelitoral\/","https:\/\/www.youtube.com\/channel\/UCua4Qvz8Icb6MYqhoq9xLXw"]},{"@type":"Person","@id":"https:\/\/informelitoral.com.ar\/#\/schema\/person\/b9d00407c836482871ef1d57bf8e3180","name":"Gonzalo Schmidt","image":{"@type":"ImageObject","inLanguage":"es","@id":"https:\/\/secure.gravatar.com\/avatar\/31a1a7b66ff2de83bd0e9fd79d026630d2d99e55e8bfe501287647b4fd9743de?s=96&d=mm&r=g","url":"https:\/\/secure.gravatar.com\/avatar\/31a1a7b66ff2de83bd0e9fd79d026630d2d99e55e8bfe501287647b4fd9743de?s=96&d=mm&r=g","contentUrl":"https:\/\/secure.gravatar.com\/avatar\/31a1a7b66ff2de83bd0e9fd79d026630d2d99e55e8bfe501287647b4fd9743de?s=96&d=mm&r=g","caption":"Gonzalo Schmidt"},"description":"Sitio web de noticias de la provincia de Entre R\u00edos, Argentina. Informaci\u00f3n y entretenimiento. Informe Litoral, nos informamos.","sameAs":["http:\/\/www.isletasnoticias.com.ar"],"url":"https:\/\/informelitoral.com.ar\/author\/gonzalo\/"}]}},"_links":{"self":[{"href":"https:\/\/informelitoral.com.ar\/%77%70%2d%6a%73%6f%6e\/wp\/v2\/posts\/22341","targetHints":{"allow":["GET"]}}],"collection":[{"href":"https:\/\/informelitoral.com.ar\/%77%70%2d%6a%73%6f%6e\/wp\/v2\/posts"}],"about":[{"href":"https:\/\/informelitoral.com.ar\/%77%70%2d%6a%73%6f%6e\/wp\/v2\/types\/post"}],"author":[{"embeddable":true,"href":"https:\/\/informelitoral.com.ar\/%77%70%2d%6a%73%6f%6e\/wp\/v2\/users\/2"}],"replies":[{"embeddable":true,"href":"https:\/\/informelitoral.com.ar\/%77%70%2d%6a%73%6f%6e\/wp\/v2\/comments?post=22341"}],"version-history":[{"count":0,"href":"https:\/\/informelitoral.com.ar\/%77%70%2d%6a%73%6f%6e\/wp\/v2\/posts\/22341\/revisions"}],"wp:attachment":[{"href":"https:\/\/informelitoral.com.ar\/%77%70%2d%6a%73%6f%6e\/wp\/v2\/media?parent=22341"}],"wp:term":[{"taxonomy":"category","embeddable":true,"href":"https:\/\/informelitoral.com.ar\/%77%70%2d%6a%73%6f%6e\/wp\/v2\/categories?post=22341"},{"taxonomy":"post_tag","embeddable":true,"href":"https:\/\/informelitoral.com.ar\/%77%70%2d%6a%73%6f%6e\/wp\/v2\/tags?post=22341"}],"curies":[{"name":"wp","href":"https:\/\/api.w.org\/{rel}","templated":true}]}}