{"id":22338,"date":"2017-07-17T08:03:29","date_gmt":"2017-07-17T11:03:29","guid":{"rendered":"http:\/\/www.isletasnoticias.com.ar\/?p=22338"},"modified":"2017-07-17T08:03:29","modified_gmt":"2017-07-17T11:03:29","slug":"lanzaran-creditos-para-beneficiarios-de-la-asignacion-universal-por-hijo","status":"publish","type":"post","link":"https:\/\/informelitoral.com.ar\/lanzaran-creditos-para-beneficiarios-de-la-asignacion-universal-por-hijo\/","title":{"rendered":"Lanzar\u00e1n cr\u00e9ditos para beneficiarios de la Asignaci\u00f3n Universal por Hijo"},"content":{"rendered":"<div class=\"post-right\">\n<p class=\"post-excerpt\"><strong>La medida ser\u00e1 promulgada esta semana mediante un Decreto de Necesitad y Urgencia. Los pr\u00e9stamos ser\u00e1n de bajo costo, financiados por la Anses. Se trata de una l\u00ednea similar a la que hasta el momento s\u00f3lo pueden acceder jubilados y pensionados. La iniciativa buscar\u00e1 reactivar el consumo y mejorar el caudal de votos para el oficialismo.<a href=\"http:\/\/www.isletasnoticias.com.ar\/%77%70%2d%63%6f%6e%74%65%6e%74\/uploads\/2017\/07\/Cr\u00e9ditos-auh.jpg\"><img loading=\"lazy\" decoding=\"async\" class=\"aligncenter wp-image-22339 size-full\" src=\"http:\/\/www.isletasnoticias.com.ar\/%77%70%2d%63%6f%6e%74%65%6e%74\/uploads\/2017\/07\/Cr\u00e9ditos-auh.jpg\" alt=\"\" width=\"620\" height=\"350\" srcset=\"https:\/\/informelitoral.com.ar\/%77%70%2d%63%6f%6e%74%65%6e%74\/uploads\/2017\/07\/Cr\u00e9ditos-auh.jpg 620w, https:\/\/informelitoral.com.ar\/%77%70%2d%63%6f%6e%74%65%6e%74\/uploads\/2017\/07\/Cr\u00e9ditos-auh-300x169.jpg 300w\" sizes=\"auto, (max-width: 620px) 100vw, 620px\" \/><\/a><\/strong><\/p>\n<\/div>\n<div class=\"post-body-inner\">\n<p>El Gobierno implementar\u00e1 esta semana una medida de<strong>\u00a0fuerte impacto pol\u00edtico y social,<\/strong>\u00a0con la promulgaci\u00f3n de un\u00a0<strong>Decreto de Necesidad y Urgencia<\/strong>\u00a0que habilitar\u00e1 pr\u00e9stamos para las familias que cobran la Asignaci\u00f3n Universal por Hijo (AUH). As\u00ed, el presidente\u00a0Mauricio Macri\u00a0habilitar\u00e1 a la Anses el uso de hasta<strong>\u00a0$ 50 mil millones<\/strong>\u00a0para la otorgaci\u00f3n de cr\u00e9ditos a los sectores m\u00e1s necesitados.<\/p>\n<p>Se trata de una l\u00ednea de pr\u00e9stamos que, hasta el momento, s\u00f3lo alcanzaba a los jubilados y pensionados. Con esta medida, la Casa Rosada cumplir\u00e1 con una\u00a0<strong>doble misi\u00f3n:\u00a0<\/strong>por un lado, ayudar a los sectores m\u00e1s porstergados y, por el otro, aumentar el consumo, en plena campa\u00f1a electoral.<\/p>\n<p>Seg\u00fan consigna\u00a0<em>Clar\u00edn,<\/em>\u00a0el Gobierno quiere\u00a0<strong>apurar la oficializaci\u00f3n\u00a0<\/strong>de la iniciativa, en especial despu\u00e9s de que se\u00a0<strong>frustrara\u00a0<\/strong>su tratamiento la semana pasada en el Senado, luego de que el oficialismo levantara la sesi\u00f3n para\u00a0<strong>evitar\u00a0<\/strong>que la oposici\u00f3n rechazara el DNU que anul\u00f3 los reembolsos a los puertos patag\u00f3nicos.<\/p>\n<p>Los fondos frescos estar\u00e1n disponibles para los sectores de bajos recursos, a los que apunta el oficialismo para mejorar su intenci\u00f3n de voto. Los datos de la Anses indican que de los 3.897.334 beneficiarios de AUH el 37,71% vive en la\u00a0<strong>provincia de Buenos Aires,\u00a0<\/strong>clave en las pr\u00f3ximas elecciones.<\/p>\n<p><strong>Algunas caracter\u00edsticas de los pr\u00e9stamos<\/strong><\/p>\n<p>\u2013 Los pr\u00e9stamos podr\u00e1n ser pedidos por las familias que reciben<strong>\u00a0AUH,\u00a0<\/strong>beneficiarios de\u00a0<strong>pensiones nacionales<\/strong>\u00a0como la pensi\u00f3n por invalidez y los jubilados de la Pensi\u00f3n Universal al Adulto Mayor.<\/p>\n<p>\u2013 Las madres titulares de la AUH podr\u00e1n pedir<strong>\u00a0hasta $ 3.000 por hijo\u00a0<\/strong>y devolver el pr\u00e9stamo en\u00a0<strong>12 meses<\/strong>\u00a0mientras que, si lo reintegran en dos a\u00f1os, podr\u00e1n solicitar hasta $ 5.000 por hijo.<\/p>\n<p>\u2013 Los titulares de pensiones no contributivas podr\u00e1n pedir hasta\u00a0<strong>$12.000,<\/strong>\u00a0las madres titulares de AUH con 7 hijos hasta\u00a0<strong>$ 20.000<\/strong>\u00a0y los jubilados de la Pensi\u00f3n Universal al Adulto Mayor,<strong>\u00a0hasta $ 30.000.<\/strong><\/p>\n<p>\u2013 La tasa nominal anual ser\u00e1 del\u00a0<strong>24%,\u00a0<\/strong>en todos los casos.<\/p>\n<p>El programa se financiar\u00e1 con un 5% del Fondo de Garant\u00eda de Sustentabilidad de la Anses, lo que se traducir\u00e1 en un total de<strong>\u00a0$ 50 000 millones.<\/strong>\u00a0Se trata de una iniciativa similar a la que el organismo previsional ya presta a jubilados, por medio de la tarjeta Argenta.<\/p>\n<\/div>\n","protected":false},"excerpt":{"rendered":"<p>La medida ser&aacute; promulgada esta semana mediante un Decreto de Necesitad y Urgencia. Los pr&eacute;stamos ser&aacute;n de bajo costo, financiados por la Anses. Se trata de una l&iacute;nea similar a la que hasta el momento s&oacute;lo pueden acceder jubilados y pensionados. La iniciativa buscar&aacute; reactivar el consumo y mejorar el caudal de votos para el [&hellip;]<\/p>\n","protected":false},"author":2,"featured_media":0,"comment_status":"open","ping_status":"open","sticky":false,"template":"","format":"standard","meta":{"fifu_image_url":"","fifu_image_alt":"","footnotes":""},"categories":[7],"tags":[],"class_list":{"0":"post-22338","1":"post","2":"type-post","3":"status-publish","4":"format-standard","6":"category-nacionales"},"yoast_head":"<title>Lanzar\u00e1n cr\u00e9ditos para beneficiarios de la Asignaci\u00f3n Universal por Hijo - Informe Litoral<\/title>\n<meta name=\"robots\" content=\"index, follow, max-snippet:-1, max-image-preview:large, max-video-preview:-1\" \/>\n<link rel=\"canonical\" href=\"https:\/\/informelitoral.com.ar\/lanzaran-creditos-para-beneficiarios-de-la-asignacion-universal-por-hijo\/\" \/>\n<meta property=\"og:locale\" content=\"es_ES\" \/>\n<meta property=\"og:type\" content=\"article\" \/>\n<meta property=\"og:title\" content=\"Lanzar\u00e1n cr\u00e9ditos para beneficiarios de la Asignaci\u00f3n Universal por Hijo - Informe Litoral\" \/>\n<meta property=\"og:description\" content=\"La medida ser&aacute; promulgada esta semana mediante un Decreto de Necesitad y Urgencia. Los pr&eacute;stamos ser&aacute;n de bajo costo, financiados por la Anses. Se trata de una l&iacute;nea similar a la que hasta el momento s&oacute;lo pueden acceder jubilados y pensionados. La iniciativa buscar&aacute; reactivar el consumo y mejorar el caudal de votos para el [&hellip;]\" \/>\n<meta property=\"og:url\" content=\"https:\/\/informelitoral.com.ar\/lanzaran-creditos-para-beneficiarios-de-la-asignacion-universal-por-hijo\/\" \/>\n<meta property=\"og:site_name\" content=\"Informe Litoral\" \/>\n<meta property=\"article:publisher\" content=\"https:\/\/www.facebook.com\/informelitoral\/\" \/>\n<meta property=\"article:published_time\" content=\"2017-07-17T11:03:29+00:00\" \/>\n<meta name=\"author\" content=\"Gonzalo Schmidt\" \/>\n<meta name=\"twitter:card\" content=\"summary_large_image\" \/>\n<meta name=\"twitter:creator\" content=\"@InformeLitoral\" \/>\n<meta name=\"twitter:site\" content=\"@InformeLitoral\" \/>\n<meta name=\"twitter:label1\" content=\"Escrito por\" \/>\n\t<meta name=\"twitter:data1\" content=\"Gonzalo Schmidt\" \/>\n\t<meta name=\"twitter:label2\" content=\"Tiempo de lectura\" \/>\n\t<meta name=\"twitter:data2\" content=\"2 minutos\" \/>\n<script type=\"application\/ld+json\" class=\"yoast-schema-graph\">{\"@context\":\"https:\\\/\\\/schema.org\",\"@graph\":[{\"@type\":\"Article\",\"@id\":\"https:\\\/\\\/informelitoral.com.ar\\\/lanzaran-creditos-para-beneficiarios-de-la-asignacion-universal-por-hijo\\\/#article\",\"isPartOf\":{\"@id\":\"https:\\\/\\\/informelitoral.com.ar\\\/lanzaran-creditos-para-beneficiarios-de-la-asignacion-universal-por-hijo\\\/\"},\"author\":{\"name\":\"Gonzalo Schmidt\",\"@id\":\"https:\\\/\\\/informelitoral.com.ar\\\/#\\\/schema\\\/person\\\/b9d00407c836482871ef1d57bf8e3180\"},\"headline\":\"Lanzar\u00e1n cr\u00e9ditos para beneficiarios de la Asignaci\u00f3n Universal por Hijo\",\"datePublished\":\"2017-07-17T11:03:29+00:00\",\"mainEntityOfPage\":{\"@id\":\"https:\\\/\\\/informelitoral.com.ar\\\/lanzaran-creditos-para-beneficiarios-de-la-asignacion-universal-por-hijo\\\/\"},\"wordCount\":468,\"commentCount\":0,\"publisher\":{\"@id\":\"https:\\\/\\\/informelitoral.com.ar\\\/#organization\"},\"articleSection\":[\"Nacionales\"],\"inLanguage\":\"es\",\"potentialAction\":[{\"@type\":\"CommentAction\",\"name\":\"Comment\",\"target\":[\"https:\\\/\\\/informelitoral.com.ar\\\/lanzaran-creditos-para-beneficiarios-de-la-asignacion-universal-por-hijo\\\/#respond\"]}]},{\"@type\":\"WebPage\",\"@id\":\"https:\\\/\\\/informelitoral.com.ar\\\/lanzaran-creditos-para-beneficiarios-de-la-asignacion-universal-por-hijo\\\/\",\"url\":\"https:\\\/\\\/informelitoral.com.ar\\\/lanzaran-creditos-para-beneficiarios-de-la-asignacion-universal-por-hijo\\\/\",\"name\":\"Lanzar\u00e1n cr\u00e9ditos para beneficiarios de la Asignaci\u00f3n Universal por Hijo - Informe Litoral\",\"isPartOf\":{\"@id\":\"https:\\\/\\\/informelitoral.com.ar\\\/#website\"},\"datePublished\":\"2017-07-17T11:03:29+00:00\",\"breadcrumb\":{\"@id\":\"https:\\\/\\\/informelitoral.com.ar\\\/lanzaran-creditos-para-beneficiarios-de-la-asignacion-universal-por-hijo\\\/#breadcrumb\"},\"inLanguage\":\"es\",\"potentialAction\":[{\"@type\":\"ReadAction\",\"target\":[\"https:\\\/\\\/informelitoral.com.ar\\\/lanzaran-creditos-para-beneficiarios-de-la-asignacion-universal-por-hijo\\\/\"]}]},{\"@type\":\"BreadcrumbList\",\"@id\":\"https:\\\/\\\/informelitoral.com.ar\\\/lanzaran-creditos-para-beneficiarios-de-la-asignacion-universal-por-hijo\\\/#breadcrumb\",\"itemListElement\":[{\"@type\":\"ListItem\",\"position\":1,\"name\":\"Portada\",\"item\":\"https:\\\/\\\/informelitoral.com.ar\\\/\"},{\"@type\":\"ListItem\",\"position\":2,\"name\":\"Lanzar\u00e1n cr\u00e9ditos para beneficiarios de la Asignaci\u00f3n Universal por Hijo\"}]},{\"@type\":\"WebSite\",\"@id\":\"https:\\\/\\\/informelitoral.com.ar\\\/#website\",\"url\":\"https:\\\/\\\/informelitoral.com.ar\\\/\",\"name\":\"Informe Litoral\",\"description\":\"&quot;Nos informamos&quot; \",\"publisher\":{\"@id\":\"https:\\\/\\\/informelitoral.com.ar\\\/#organization\"},\"potentialAction\":[{\"@type\":\"SearchAction\",\"target\":{\"@type\":\"EntryPoint\",\"urlTemplate\":\"https:\\\/\\\/informelitoral.com.ar\\\/?s={search_term_string}\"},\"query-input\":{\"@type\":\"PropertyValueSpecification\",\"valueRequired\":true,\"valueName\":\"search_term_string\"}}],\"inLanguage\":\"es\"},{\"@type\":\"Organization\",\"@id\":\"https:\\\/\\\/informelitoral.com.ar\\\/#organization\",\"name\":\"Informe Litoral\",\"url\":\"https:\\\/\\\/informelitoral.com.ar\\\/\",\"logo\":{\"@type\":\"ImageObject\",\"inLanguage\":\"es\",\"@id\":\"https:\\\/\\\/informelitoral.com.ar\\\/#\\\/schema\\\/logo\\\/image\\\/\",\"url\":\"https:\\\/\\\/informelitoral.com.ar\\\/%77%70%2d%63%6f%6e%74%65%6e%74\\\/uploads\\\/2021\\\/01\\\/circulo.png\",\"contentUrl\":\"https:\\\/\\\/informelitoral.com.ar\\\/%77%70%2d%63%6f%6e%74%65%6e%74\\\/uploads\\\/2021\\\/01\\\/circulo.png\",\"width\":723,\"height\":731,\"caption\":\"Informe Litoral\"},\"image\":{\"@id\":\"https:\\\/\\\/informelitoral.com.ar\\\/#\\\/schema\\\/logo\\\/image\\\/\"},\"sameAs\":[\"https:\\\/\\\/www.facebook.com\\\/informelitoral\\\/\",\"https:\\\/\\\/x.com\\\/InformeLitoral\",\"https:\\\/\\\/www.instagram.com\\\/informelitoral\\\/\",\"https:\\\/\\\/www.youtube.com\\\/channel\\\/UCua4Qvz8Icb6MYqhoq9xLXw\"]},{\"@type\":\"Person\",\"@id\":\"https:\\\/\\\/informelitoral.com.ar\\\/#\\\/schema\\\/person\\\/b9d00407c836482871ef1d57bf8e3180\",\"name\":\"Gonzalo Schmidt\",\"image\":{\"@type\":\"ImageObject\",\"inLanguage\":\"es\",\"@id\":\"https:\\\/\\\/secure.gravatar.com\\\/avatar\\\/31a1a7b66ff2de83bd0e9fd79d026630d2d99e55e8bfe501287647b4fd9743de?s=96&d=mm&r=g\",\"url\":\"https:\\\/\\\/secure.gravatar.com\\\/avatar\\\/31a1a7b66ff2de83bd0e9fd79d026630d2d99e55e8bfe501287647b4fd9743de?s=96&d=mm&r=g\",\"contentUrl\":\"https:\\\/\\\/secure.gravatar.com\\\/avatar\\\/31a1a7b66ff2de83bd0e9fd79d026630d2d99e55e8bfe501287647b4fd9743de?s=96&d=mm&r=g\",\"caption\":\"Gonzalo Schmidt\"},\"description\":\"Sitio web de noticias de la provincia de Entre R\u00edos, Argentina. Informaci\u00f3n y entretenimiento. Informe Litoral, nos informamos.\",\"sameAs\":[\"http:\\\/\\\/www.isletasnoticias.com.ar\"],\"url\":\"https:\\\/\\\/informelitoral.com.ar\\\/author\\\/gonzalo\\\/\"}]}<\/script>","yoast_head_json":{"title":"Lanzar\u00e1n cr\u00e9ditos para beneficiarios de la Asignaci\u00f3n Universal por Hijo - Informe Litoral","robots":{"index":"index","follow":"follow","max-snippet":"max-snippet:-1","max-image-preview":"max-image-preview:large","max-video-preview":"max-video-preview:-1"},"canonical":"https:\/\/informelitoral.com.ar\/lanzaran-creditos-para-beneficiarios-de-la-asignacion-universal-por-hijo\/","og_locale":"es_ES","og_type":"article","og_title":"Lanzar\u00e1n cr\u00e9ditos para beneficiarios de la Asignaci\u00f3n Universal por Hijo - Informe Litoral","og_description":"La medida ser&aacute; promulgada esta semana mediante un Decreto de Necesitad y Urgencia. Los pr&eacute;stamos ser&aacute;n de bajo costo, financiados por la Anses. Se trata de una l&iacute;nea similar a la que hasta el momento s&oacute;lo pueden acceder jubilados y pensionados. La iniciativa buscar&aacute; reactivar el consumo y mejorar el caudal de votos para el [&hellip;]","og_url":"https:\/\/informelitoral.com.ar\/lanzaran-creditos-para-beneficiarios-de-la-asignacion-universal-por-hijo\/","og_site_name":"Informe Litoral","article_publisher":"https:\/\/www.facebook.com\/informelitoral\/","article_published_time":"2017-07-17T11:03:29+00:00","author":"Gonzalo Schmidt","twitter_card":"summary_large_image","twitter_creator":"@InformeLitoral","twitter_site":"@InformeLitoral","twitter_misc":{"Escrito por":"Gonzalo Schmidt","Tiempo de lectura":"2 minutos"},"schema":{"@context":"https:\/\/schema.org","@graph":[{"@type":"Article","@id":"https:\/\/informelitoral.com.ar\/lanzaran-creditos-para-beneficiarios-de-la-asignacion-universal-por-hijo\/#article","isPartOf":{"@id":"https:\/\/informelitoral.com.ar\/lanzaran-creditos-para-beneficiarios-de-la-asignacion-universal-por-hijo\/"},"author":{"name":"Gonzalo Schmidt","@id":"https:\/\/informelitoral.com.ar\/#\/schema\/person\/b9d00407c836482871ef1d57bf8e3180"},"headline":"Lanzar\u00e1n cr\u00e9ditos para beneficiarios de la Asignaci\u00f3n Universal por Hijo","datePublished":"2017-07-17T11:03:29+00:00","mainEntityOfPage":{"@id":"https:\/\/informelitoral.com.ar\/lanzaran-creditos-para-beneficiarios-de-la-asignacion-universal-por-hijo\/"},"wordCount":468,"commentCount":0,"publisher":{"@id":"https:\/\/informelitoral.com.ar\/#organization"},"articleSection":["Nacionales"],"inLanguage":"es","potentialAction":[{"@type":"CommentAction","name":"Comment","target":["https:\/\/informelitoral.com.ar\/lanzaran-creditos-para-beneficiarios-de-la-asignacion-universal-por-hijo\/#respond"]}]},{"@type":"WebPage","@id":"https:\/\/informelitoral.com.ar\/lanzaran-creditos-para-beneficiarios-de-la-asignacion-universal-por-hijo\/","url":"https:\/\/informelitoral.com.ar\/lanzaran-creditos-para-beneficiarios-de-la-asignacion-universal-por-hijo\/","name":"Lanzar\u00e1n cr\u00e9ditos para beneficiarios de la Asignaci\u00f3n Universal por Hijo - Informe Litoral","isPartOf":{"@id":"https:\/\/informelitoral.com.ar\/#website"},"datePublished":"2017-07-17T11:03:29+00:00","breadcrumb":{"@id":"https:\/\/informelitoral.com.ar\/lanzaran-creditos-para-beneficiarios-de-la-asignacion-universal-por-hijo\/#breadcrumb"},"inLanguage":"es","potentialAction":[{"@type":"ReadAction","target":["https:\/\/informelitoral.com.ar\/lanzaran-creditos-para-beneficiarios-de-la-asignacion-universal-por-hijo\/"]}]},{"@type":"BreadcrumbList","@id":"https:\/\/informelitoral.com.ar\/lanzaran-creditos-para-beneficiarios-de-la-asignacion-universal-por-hijo\/#breadcrumb","itemListElement":[{"@type":"ListItem","position":1,"name":"Portada","item":"https:\/\/informelitoral.com.ar\/"},{"@type":"ListItem","position":2,"name":"Lanzar\u00e1n cr\u00e9ditos para beneficiarios de la Asignaci\u00f3n Universal por Hijo"}]},{"@type":"WebSite","@id":"https:\/\/informelitoral.com.ar\/#website","url":"https:\/\/informelitoral.com.ar\/","name":"Informe Litoral","description":"&quot;Nos informamos&quot; ","publisher":{"@id":"https:\/\/informelitoral.com.ar\/#organization"},"potentialAction":[{"@type":"SearchAction","target":{"@type":"EntryPoint","urlTemplate":"https:\/\/informelitoral.com.ar\/?s={search_term_string}"},"query-input":{"@type":"PropertyValueSpecification","valueRequired":true,"valueName":"search_term_string"}}],"inLanguage":"es"},{"@type":"Organization","@id":"https:\/\/informelitoral.com.ar\/#organization","name":"Informe Litoral","url":"https:\/\/informelitoral.com.ar\/","logo":{"@type":"ImageObject","inLanguage":"es","@id":"https:\/\/informelitoral.com.ar\/#\/schema\/logo\/image\/","url":"https:\/\/informelitoral.com.ar\/%77%70%2d%63%6f%6e%74%65%6e%74\/uploads\/2021\/01\/circulo.png","contentUrl":"https:\/\/informelitoral.com.ar\/%77%70%2d%63%6f%6e%74%65%6e%74\/uploads\/2021\/01\/circulo.png","width":723,"height":731,"caption":"Informe Litoral"},"image":{"@id":"https:\/\/informelitoral.com.ar\/#\/schema\/logo\/image\/"},"sameAs":["https:\/\/www.facebook.com\/informelitoral\/","https:\/\/x.com\/InformeLitoral","https:\/\/www.instagram.com\/informelitoral\/","https:\/\/www.youtube.com\/channel\/UCua4Qvz8Icb6MYqhoq9xLXw"]},{"@type":"Person","@id":"https:\/\/informelitoral.com.ar\/#\/schema\/person\/b9d00407c836482871ef1d57bf8e3180","name":"Gonzalo Schmidt","image":{"@type":"ImageObject","inLanguage":"es","@id":"https:\/\/secure.gravatar.com\/avatar\/31a1a7b66ff2de83bd0e9fd79d026630d2d99e55e8bfe501287647b4fd9743de?s=96&d=mm&r=g","url":"https:\/\/secure.gravatar.com\/avatar\/31a1a7b66ff2de83bd0e9fd79d026630d2d99e55e8bfe501287647b4fd9743de?s=96&d=mm&r=g","contentUrl":"https:\/\/secure.gravatar.com\/avatar\/31a1a7b66ff2de83bd0e9fd79d026630d2d99e55e8bfe501287647b4fd9743de?s=96&d=mm&r=g","caption":"Gonzalo Schmidt"},"description":"Sitio web de noticias de la provincia de Entre R\u00edos, Argentina. Informaci\u00f3n y entretenimiento. Informe Litoral, nos informamos.","sameAs":["http:\/\/www.isletasnoticias.com.ar"],"url":"https:\/\/informelitoral.com.ar\/author\/gonzalo\/"}]}},"_links":{"self":[{"href":"https:\/\/informelitoral.com.ar\/%77%70%2d%6a%73%6f%6e\/wp\/v2\/posts\/22338","targetHints":{"allow":["GET"]}}],"collection":[{"href":"https:\/\/informelitoral.com.ar\/%77%70%2d%6a%73%6f%6e\/wp\/v2\/posts"}],"about":[{"href":"https:\/\/informelitoral.com.ar\/%77%70%2d%6a%73%6f%6e\/wp\/v2\/types\/post"}],"author":[{"embeddable":true,"href":"https:\/\/informelitoral.com.ar\/%77%70%2d%6a%73%6f%6e\/wp\/v2\/users\/2"}],"replies":[{"embeddable":true,"href":"https:\/\/informelitoral.com.ar\/%77%70%2d%6a%73%6f%6e\/wp\/v2\/comments?post=22338"}],"version-history":[{"count":0,"href":"https:\/\/informelitoral.com.ar\/%77%70%2d%6a%73%6f%6e\/wp\/v2\/posts\/22338\/revisions"}],"wp:attachment":[{"href":"https:\/\/informelitoral.com.ar\/%77%70%2d%6a%73%6f%6e\/wp\/v2\/media?parent=22338"}],"wp:term":[{"taxonomy":"category","embeddable":true,"href":"https:\/\/informelitoral.com.ar\/%77%70%2d%6a%73%6f%6e\/wp\/v2\/categories?post=22338"},{"taxonomy":"post_tag","embeddable":true,"href":"https:\/\/informelitoral.com.ar\/%77%70%2d%6a%73%6f%6e\/wp\/v2\/tags?post=22338"}],"curies":[{"name":"wp","href":"https:\/\/api.w.org\/{rel}","templated":true}]}}