{"id":22325,"date":"2017-07-14T21:02:40","date_gmt":"2017-07-15T00:02:40","guid":{"rendered":"http:\/\/www.isletasnoticias.com.ar\/?p=22325"},"modified":"2017-07-14T21:15:57","modified_gmt":"2017-07-15T00:15:57","slug":"ramirez-el-municipio-adquirio-una-camioneta-0-km-y-esperan-mas-vehiculos","status":"publish","type":"post","link":"https:\/\/informelitoral.com.ar\/ramirez-el-municipio-adquirio-una-camioneta-0-km-y-esperan-mas-vehiculos\/","title":{"rendered":"Ram\u00edrez: el municipio adquiri\u00f3 una camioneta 0 km y esperan m\u00e1s veh\u00edculos"},"content":{"rendered":"<p><strong>La Ford Ranger lleg\u00f3 en los \u00faltimos d\u00edas y el municipio lleva abonado aproximadamente un 55% del valor total del veh\u00edculo.\u00a0\u00a0Adem\u00e1s, esperan una Renault Kangoo, una F\u00edat Fiorino y un cami\u00f3n compactador.<a href=\"http:\/\/www.isletasnoticias.com.ar\/%77%70%2d%63%6f%6e%74%65%6e%74\/uploads\/2017\/07\/19990365_846350268849230_3218381891611176214_n.jpg\"><img loading=\"lazy\" decoding=\"async\" class=\"aligncenter wp-image-22329 size-full\" src=\"http:\/\/www.isletasnoticias.com.ar\/%77%70%2d%63%6f%6e%74%65%6e%74\/uploads\/2017\/07\/19990365_846350268849230_3218381891611176214_n.jpg\" alt=\"\" width=\"960\" height=\"640\" srcset=\"https:\/\/informelitoral.com.ar\/%77%70%2d%63%6f%6e%74%65%6e%74\/uploads\/2017\/07\/19990365_846350268849230_3218381891611176214_n.jpg 960w, https:\/\/informelitoral.com.ar\/%77%70%2d%63%6f%6e%74%65%6e%74\/uploads\/2017\/07\/19990365_846350268849230_3218381891611176214_n-300x200.jpg 300w, https:\/\/informelitoral.com.ar\/%77%70%2d%63%6f%6e%74%65%6e%74\/uploads\/2017\/07\/19990365_846350268849230_3218381891611176214_n-768x512.jpg 768w\" sizes=\"auto, (max-width: 960px) 100vw, 960px\" \/><\/a><\/strong><\/p>\n<p>Desde la Municipalidad de General Ram\u00edrez adquirieron una camioneta 0 kil\u00f3metro, destinada al \u00e1rea de Obras y Servicios P\u00fablicos. Se trata de Ford Ranger, modelo Safety, Motor Diesel 2.2 lts, 4&#215;2. La misma cuenta con Air Bag, sistema de frenos ABS, adem\u00e1s de levantavidrios y ajuste de espejos manuales.<\/p>\n<p>Seg\u00fan detallaron desde el municipio en un texto enviado a <em><strong>IN,<\/strong><\/em>\u00a0\u00abla camioneta fue adquirida por Sistema de Ahorro Previo a trav\u00e9s de un plan 70\/30 de Plan Ovalo, suscripto en abril de 2016 en la Concesionaria Oficial Ford Folmer S.A., de la ciudad de Victoria. El plan permite adjudicar las unidades de dos maneras: por sorteo mensual dentro del grupo o por licitaci\u00f3n mensual. En todos los casos, se debe cancelar el 30% al momento de la entrega\u00bb, indicaron.<\/p>\n<p>Tras participar en varias compulsas, la Municipalidad result\u00f3 ganadora de la licitaci\u00f3n en mayo. Una vez cumplidos los requisitos administrativos de adjudicaci\u00f3n y registro, llevados a cabo por las \u00e1rea de Compras y Asuntos Legales, fue entregada en los \u00faltimos d\u00edas.<\/p>\n<p>A su llegada de Victoria, el presidente municipal, <strong>Gustavo Vergara<\/strong> sostuvo \u201cseguimos dando pasos importantes para capitalizar a nuestro municipio. Hoy tenemos un parque automotor que pide renovaci\u00f3n a gritos. La mayor\u00eda de las camionetas que usan los sectores de servicios est\u00e1n en permanente reparaci\u00f3n y hay muchas \u00e1reas que directamente no cuentan con movilidad propia\u00bb, expres\u00f3.<\/p>\n<p><strong>Detalles del pago y otras adquisiciones\u00a0<\/strong><br \/>\nEl valor total abonado hasta julio asciende a $ 289.651 (aproximadamente el 55% del valor del veh\u00edculo), incluyendo: 13 cuotas pagas, 8 adelantos de cuotas, $ 180.000 correspondiente a la licitaci\u00f3n y gastos administrativos. En adelante restan pagar 57 cuotas de aproximadamente $4.240 cada una.<\/p>\n<p>Seg\u00fan el comunicado, \u00abal d\u00eda de hoy, el municipio est\u00e1 suscripto a otros planes de ahorro previo que permitir\u00e1n incorporar -en un plazo no muy lejano- una camioneta Renault Kangoo (plan iniciado durante la gesti\u00f3n anterior, en el Concesionario Oficial Renault Folmer S.A. de Crespo), tambi\u00e9n est\u00e1 abonando el cr\u00e9dito con el Banco de la Naci\u00f3n Argentina de un cami\u00f3n compactador que comenz\u00f3 a pagarse en diciembre de 2013 y finalizar\u00e1 en diciembre de 2018, el mismo fue adquirido en una empresa llamada Corsa de la Ciudad de C\u00f3rdoba y las cuotas son de $8050 mensuales\u00bb, indica el informe.<\/p>\n<p>\u00abAdem\u00e1s de esto, una camioneta F\u00edat Fiorino (Concesionario Oficial F\u00edat Valmotor de Paran\u00e1). Esta \u00faltima, ya fue adjudicada por licitaci\u00f3n en el mes de mayo y esperamos recibirla en aproximadamente 45 d\u00edas para ser incorporada al trabajo de la Direcci\u00f3n de Deportes\u00bb, adelantaron.<\/p>\n","protected":false},"excerpt":{"rendered":"<p>La Ford Ranger lleg&oacute; en los &uacute;ltimos d&iacute;as y el municipio lleva abonado aproximadamente un 55% del valor total del veh&iacute;culo.&nbsp;&nbsp;Adem&aacute;s, esperan una Renault Kangoo, una F&iacute;at Fiorino y un cami&oacute;n compactador. Desde la Municipalidad de General Ram&iacute;rez adquirieron una camioneta 0 kil&oacute;metro, destinada al &aacute;rea de Obras y Servicios P&uacute;blicos. Se trata de Ford [&hellip;]<\/p>\n","protected":false},"author":2,"featured_media":0,"comment_status":"open","ping_status":"open","sticky":false,"template":"","format":"standard","meta":{"fifu_image_url":"","fifu_image_alt":"","footnotes":""},"categories":[5],"tags":[],"class_list":{"0":"post-22325","1":"post","2":"type-post","3":"status-publish","4":"format-standard","6":"category-zonales"},"yoast_head":"<title>Ram\u00edrez: el municipio adquiri\u00f3 una camioneta 0 km y esperan m\u00e1s veh\u00edculos - Informe Litoral<\/title>\n<meta name=\"robots\" content=\"index, follow, max-snippet:-1, max-image-preview:large, max-video-preview:-1\" \/>\n<link rel=\"canonical\" href=\"https:\/\/informelitoral.com.ar\/ramirez-el-municipio-adquirio-una-camioneta-0-km-y-esperan-mas-vehiculos\/\" \/>\n<meta property=\"og:locale\" content=\"es_ES\" \/>\n<meta property=\"og:type\" content=\"article\" \/>\n<meta property=\"og:title\" content=\"Ram\u00edrez: el municipio adquiri\u00f3 una camioneta 0 km y esperan m\u00e1s veh\u00edculos - Informe Litoral\" \/>\n<meta property=\"og:description\" content=\"La Ford Ranger lleg&oacute; en los &uacute;ltimos d&iacute;as y el municipio lleva abonado aproximadamente un 55% del valor total del veh&iacute;culo.&nbsp;&nbsp;Adem&aacute;s, esperan una Renault Kangoo, una F&iacute;at Fiorino y un cami&oacute;n compactador. Desde la Municipalidad de General Ram&iacute;rez adquirieron una camioneta 0 kil&oacute;metro, destinada al &aacute;rea de Obras y Servicios P&uacute;blicos. Se trata de Ford [&hellip;]\" \/>\n<meta property=\"og:url\" content=\"https:\/\/informelitoral.com.ar\/ramirez-el-municipio-adquirio-una-camioneta-0-km-y-esperan-mas-vehiculos\/\" \/>\n<meta property=\"og:site_name\" content=\"Informe Litoral\" \/>\n<meta property=\"article:publisher\" content=\"https:\/\/www.facebook.com\/informelitoral\/\" \/>\n<meta property=\"article:published_time\" content=\"2017-07-15T00:02:40+00:00\" \/>\n<meta property=\"article:modified_time\" content=\"2017-07-15T00:15:57+00:00\" \/>\n<meta property=\"og:image\" content=\"https:\/\/informelitoral.com.ar\/%77%70%2d%63%6f%6e%74%65%6e%74\/uploads\/2017\/07\/19990365_846350268849230_3218381891611176214_n.jpg\" \/>\n\t<meta property=\"og:image:width\" content=\"960\" \/>\n\t<meta property=\"og:image:height\" content=\"640\" \/>\n\t<meta property=\"og:image:type\" content=\"image\/jpeg\" \/>\n<meta name=\"author\" content=\"Gonzalo Schmidt\" \/>\n<meta name=\"twitter:card\" content=\"summary_large_image\" \/>\n<meta name=\"twitter:creator\" content=\"@InformeLitoral\" \/>\n<meta name=\"twitter:site\" content=\"@InformeLitoral\" \/>\n<meta name=\"twitter:label1\" content=\"Escrito por\" \/>\n\t<meta name=\"twitter:data1\" content=\"Gonzalo Schmidt\" \/>\n\t<meta name=\"twitter:label2\" content=\"Tiempo de lectura\" \/>\n\t<meta name=\"twitter:data2\" content=\"2 minutos\" \/>\n<script type=\"application\/ld+json\" class=\"yoast-schema-graph\">{\"@context\":\"https:\\\/\\\/schema.org\",\"@graph\":[{\"@type\":\"Article\",\"@id\":\"https:\\\/\\\/informelitoral.com.ar\\\/ramirez-el-municipio-adquirio-una-camioneta-0-km-y-esperan-mas-vehiculos\\\/#article\",\"isPartOf\":{\"@id\":\"https:\\\/\\\/informelitoral.com.ar\\\/ramirez-el-municipio-adquirio-una-camioneta-0-km-y-esperan-mas-vehiculos\\\/\"},\"author\":{\"name\":\"Gonzalo Schmidt\",\"@id\":\"https:\\\/\\\/informelitoral.com.ar\\\/#\\\/schema\\\/person\\\/b9d00407c836482871ef1d57bf8e3180\"},\"headline\":\"Ram\u00edrez: el municipio adquiri\u00f3 una camioneta 0 km y esperan m\u00e1s veh\u00edculos\",\"datePublished\":\"2017-07-15T00:02:40+00:00\",\"dateModified\":\"2017-07-15T00:15:57+00:00\",\"mainEntityOfPage\":{\"@id\":\"https:\\\/\\\/informelitoral.com.ar\\\/ramirez-el-municipio-adquirio-una-camioneta-0-km-y-esperan-mas-vehiculos\\\/\"},\"wordCount\":486,\"commentCount\":0,\"publisher\":{\"@id\":\"https:\\\/\\\/informelitoral.com.ar\\\/#organization\"},\"image\":{\"@id\":\"https:\\\/\\\/informelitoral.com.ar\\\/ramirez-el-municipio-adquirio-una-camioneta-0-km-y-esperan-mas-vehiculos\\\/#primaryimage\"},\"thumbnailUrl\":\"http:\\\/\\\/www.isletasnoticias.com.ar\\\/%77%70%2d%63%6f%6e%74%65%6e%74\\\/uploads\\\/2017\\\/07\\\/19990365_846350268849230_3218381891611176214_n.jpg\",\"articleSection\":[\"Departamento Diamante\"],\"inLanguage\":\"es\",\"potentialAction\":[{\"@type\":\"CommentAction\",\"name\":\"Comment\",\"target\":[\"https:\\\/\\\/informelitoral.com.ar\\\/ramirez-el-municipio-adquirio-una-camioneta-0-km-y-esperan-mas-vehiculos\\\/#respond\"]}]},{\"@type\":\"WebPage\",\"@id\":\"https:\\\/\\\/informelitoral.com.ar\\\/ramirez-el-municipio-adquirio-una-camioneta-0-km-y-esperan-mas-vehiculos\\\/\",\"url\":\"https:\\\/\\\/informelitoral.com.ar\\\/ramirez-el-municipio-adquirio-una-camioneta-0-km-y-esperan-mas-vehiculos\\\/\",\"name\":\"Ram\u00edrez: el municipio adquiri\u00f3 una camioneta 0 km y esperan m\u00e1s veh\u00edculos - Informe Litoral\",\"isPartOf\":{\"@id\":\"https:\\\/\\\/informelitoral.com.ar\\\/#website\"},\"primaryImageOfPage\":{\"@id\":\"https:\\\/\\\/informelitoral.com.ar\\\/ramirez-el-municipio-adquirio-una-camioneta-0-km-y-esperan-mas-vehiculos\\\/#primaryimage\"},\"image\":{\"@id\":\"https:\\\/\\\/informelitoral.com.ar\\\/ramirez-el-municipio-adquirio-una-camioneta-0-km-y-esperan-mas-vehiculos\\\/#primaryimage\"},\"thumbnailUrl\":\"http:\\\/\\\/www.isletasnoticias.com.ar\\\/%77%70%2d%63%6f%6e%74%65%6e%74\\\/uploads\\\/2017\\\/07\\\/19990365_846350268849230_3218381891611176214_n.jpg\",\"datePublished\":\"2017-07-15T00:02:40+00:00\",\"dateModified\":\"2017-07-15T00:15:57+00:00\",\"breadcrumb\":{\"@id\":\"https:\\\/\\\/informelitoral.com.ar\\\/ramirez-el-municipio-adquirio-una-camioneta-0-km-y-esperan-mas-vehiculos\\\/#breadcrumb\"},\"inLanguage\":\"es\",\"potentialAction\":[{\"@type\":\"ReadAction\",\"target\":[\"https:\\\/\\\/informelitoral.com.ar\\\/ramirez-el-municipio-adquirio-una-camioneta-0-km-y-esperan-mas-vehiculos\\\/\"]}]},{\"@type\":\"ImageObject\",\"inLanguage\":\"es\",\"@id\":\"https:\\\/\\\/informelitoral.com.ar\\\/ramirez-el-municipio-adquirio-una-camioneta-0-km-y-esperan-mas-vehiculos\\\/#primaryimage\",\"url\":\"http:\\\/\\\/www.isletasnoticias.com.ar\\\/%77%70%2d%63%6f%6e%74%65%6e%74\\\/uploads\\\/2017\\\/07\\\/19990365_846350268849230_3218381891611176214_n.jpg\",\"contentUrl\":\"http:\\\/\\\/www.isletasnoticias.com.ar\\\/%77%70%2d%63%6f%6e%74%65%6e%74\\\/uploads\\\/2017\\\/07\\\/19990365_846350268849230_3218381891611176214_n.jpg\"},{\"@type\":\"BreadcrumbList\",\"@id\":\"https:\\\/\\\/informelitoral.com.ar\\\/ramirez-el-municipio-adquirio-una-camioneta-0-km-y-esperan-mas-vehiculos\\\/#breadcrumb\",\"itemListElement\":[{\"@type\":\"ListItem\",\"position\":1,\"name\":\"Portada\",\"item\":\"https:\\\/\\\/informelitoral.com.ar\\\/\"},{\"@type\":\"ListItem\",\"position\":2,\"name\":\"Ram\u00edrez: el municipio adquiri\u00f3 una camioneta 0 km y esperan m\u00e1s veh\u00edculos\"}]},{\"@type\":\"WebSite\",\"@id\":\"https:\\\/\\\/informelitoral.com.ar\\\/#website\",\"url\":\"https:\\\/\\\/informelitoral.com.ar\\\/\",\"name\":\"Informe Litoral\",\"description\":\"&quot;Nos informamos&quot; \",\"publisher\":{\"@id\":\"https:\\\/\\\/informelitoral.com.ar\\\/#organization\"},\"potentialAction\":[{\"@type\":\"SearchAction\",\"target\":{\"@type\":\"EntryPoint\",\"urlTemplate\":\"https:\\\/\\\/informelitoral.com.ar\\\/?s={search_term_string}\"},\"query-input\":{\"@type\":\"PropertyValueSpecification\",\"valueRequired\":true,\"valueName\":\"search_term_string\"}}],\"inLanguage\":\"es\"},{\"@type\":\"Organization\",\"@id\":\"https:\\\/\\\/informelitoral.com.ar\\\/#organization\",\"name\":\"Informe Litoral\",\"url\":\"https:\\\/\\\/informelitoral.com.ar\\\/\",\"logo\":{\"@type\":\"ImageObject\",\"inLanguage\":\"es\",\"@id\":\"https:\\\/\\\/informelitoral.com.ar\\\/#\\\/schema\\\/logo\\\/image\\\/\",\"url\":\"https:\\\/\\\/informelitoral.com.ar\\\/%77%70%2d%63%6f%6e%74%65%6e%74\\\/uploads\\\/2021\\\/01\\\/circulo.png\",\"contentUrl\":\"https:\\\/\\\/informelitoral.com.ar\\\/%77%70%2d%63%6f%6e%74%65%6e%74\\\/uploads\\\/2021\\\/01\\\/circulo.png\",\"width\":723,\"height\":731,\"caption\":\"Informe Litoral\"},\"image\":{\"@id\":\"https:\\\/\\\/informelitoral.com.ar\\\/#\\\/schema\\\/logo\\\/image\\\/\"},\"sameAs\":[\"https:\\\/\\\/www.facebook.com\\\/informelitoral\\\/\",\"https:\\\/\\\/x.com\\\/InformeLitoral\",\"https:\\\/\\\/www.instagram.com\\\/informelitoral\\\/\",\"https:\\\/\\\/www.youtube.com\\\/channel\\\/UCua4Qvz8Icb6MYqhoq9xLXw\"]},{\"@type\":\"Person\",\"@id\":\"https:\\\/\\\/informelitoral.com.ar\\\/#\\\/schema\\\/person\\\/b9d00407c836482871ef1d57bf8e3180\",\"name\":\"Gonzalo Schmidt\",\"image\":{\"@type\":\"ImageObject\",\"inLanguage\":\"es\",\"@id\":\"https:\\\/\\\/secure.gravatar.com\\\/avatar\\\/31a1a7b66ff2de83bd0e9fd79d026630d2d99e55e8bfe501287647b4fd9743de?s=96&d=mm&r=g\",\"url\":\"https:\\\/\\\/secure.gravatar.com\\\/avatar\\\/31a1a7b66ff2de83bd0e9fd79d026630d2d99e55e8bfe501287647b4fd9743de?s=96&d=mm&r=g\",\"contentUrl\":\"https:\\\/\\\/secure.gravatar.com\\\/avatar\\\/31a1a7b66ff2de83bd0e9fd79d026630d2d99e55e8bfe501287647b4fd9743de?s=96&d=mm&r=g\",\"caption\":\"Gonzalo Schmidt\"},\"description\":\"Sitio web de noticias de la provincia de Entre R\u00edos, Argentina. Informaci\u00f3n y entretenimiento. Informe Litoral, nos informamos.\",\"sameAs\":[\"http:\\\/\\\/www.isletasnoticias.com.ar\"],\"url\":\"https:\\\/\\\/informelitoral.com.ar\\\/author\\\/gonzalo\\\/\"}]}<\/script>","yoast_head_json":{"title":"Ram\u00edrez: el municipio adquiri\u00f3 una camioneta 0 km y esperan m\u00e1s veh\u00edculos - Informe Litoral","robots":{"index":"index","follow":"follow","max-snippet":"max-snippet:-1","max-image-preview":"max-image-preview:large","max-video-preview":"max-video-preview:-1"},"canonical":"https:\/\/informelitoral.com.ar\/ramirez-el-municipio-adquirio-una-camioneta-0-km-y-esperan-mas-vehiculos\/","og_locale":"es_ES","og_type":"article","og_title":"Ram\u00edrez: el municipio adquiri\u00f3 una camioneta 0 km y esperan m\u00e1s veh\u00edculos - Informe Litoral","og_description":"La Ford Ranger lleg&oacute; en los &uacute;ltimos d&iacute;as y el municipio lleva abonado aproximadamente un 55% del valor total del veh&iacute;culo.&nbsp;&nbsp;Adem&aacute;s, esperan una Renault Kangoo, una F&iacute;at Fiorino y un cami&oacute;n compactador. Desde la Municipalidad de General Ram&iacute;rez adquirieron una camioneta 0 kil&oacute;metro, destinada al &aacute;rea de Obras y Servicios P&uacute;blicos. Se trata de Ford [&hellip;]","og_url":"https:\/\/informelitoral.com.ar\/ramirez-el-municipio-adquirio-una-camioneta-0-km-y-esperan-mas-vehiculos\/","og_site_name":"Informe Litoral","article_publisher":"https:\/\/www.facebook.com\/informelitoral\/","article_published_time":"2017-07-15T00:02:40+00:00","article_modified_time":"2017-07-15T00:15:57+00:00","og_image":[{"width":960,"height":640,"url":"https:\/\/informelitoral.com.ar\/%77%70%2d%63%6f%6e%74%65%6e%74\/uploads\/2017\/07\/19990365_846350268849230_3218381891611176214_n.jpg","type":"image\/jpeg"}],"author":"Gonzalo Schmidt","twitter_card":"summary_large_image","twitter_creator":"@InformeLitoral","twitter_site":"@InformeLitoral","twitter_misc":{"Escrito por":"Gonzalo Schmidt","Tiempo de lectura":"2 minutos"},"schema":{"@context":"https:\/\/schema.org","@graph":[{"@type":"Article","@id":"https:\/\/informelitoral.com.ar\/ramirez-el-municipio-adquirio-una-camioneta-0-km-y-esperan-mas-vehiculos\/#article","isPartOf":{"@id":"https:\/\/informelitoral.com.ar\/ramirez-el-municipio-adquirio-una-camioneta-0-km-y-esperan-mas-vehiculos\/"},"author":{"name":"Gonzalo Schmidt","@id":"https:\/\/informelitoral.com.ar\/#\/schema\/person\/b9d00407c836482871ef1d57bf8e3180"},"headline":"Ram\u00edrez: el municipio adquiri\u00f3 una camioneta 0 km y esperan m\u00e1s veh\u00edculos","datePublished":"2017-07-15T00:02:40+00:00","dateModified":"2017-07-15T00:15:57+00:00","mainEntityOfPage":{"@id":"https:\/\/informelitoral.com.ar\/ramirez-el-municipio-adquirio-una-camioneta-0-km-y-esperan-mas-vehiculos\/"},"wordCount":486,"commentCount":0,"publisher":{"@id":"https:\/\/informelitoral.com.ar\/#organization"},"image":{"@id":"https:\/\/informelitoral.com.ar\/ramirez-el-municipio-adquirio-una-camioneta-0-km-y-esperan-mas-vehiculos\/#primaryimage"},"thumbnailUrl":"http:\/\/www.isletasnoticias.com.ar\/%77%70%2d%63%6f%6e%74%65%6e%74\/uploads\/2017\/07\/19990365_846350268849230_3218381891611176214_n.jpg","articleSection":["Departamento Diamante"],"inLanguage":"es","potentialAction":[{"@type":"CommentAction","name":"Comment","target":["https:\/\/informelitoral.com.ar\/ramirez-el-municipio-adquirio-una-camioneta-0-km-y-esperan-mas-vehiculos\/#respond"]}]},{"@type":"WebPage","@id":"https:\/\/informelitoral.com.ar\/ramirez-el-municipio-adquirio-una-camioneta-0-km-y-esperan-mas-vehiculos\/","url":"https:\/\/informelitoral.com.ar\/ramirez-el-municipio-adquirio-una-camioneta-0-km-y-esperan-mas-vehiculos\/","name":"Ram\u00edrez: el municipio adquiri\u00f3 una camioneta 0 km y esperan m\u00e1s veh\u00edculos - Informe Litoral","isPartOf":{"@id":"https:\/\/informelitoral.com.ar\/#website"},"primaryImageOfPage":{"@id":"https:\/\/informelitoral.com.ar\/ramirez-el-municipio-adquirio-una-camioneta-0-km-y-esperan-mas-vehiculos\/#primaryimage"},"image":{"@id":"https:\/\/informelitoral.com.ar\/ramirez-el-municipio-adquirio-una-camioneta-0-km-y-esperan-mas-vehiculos\/#primaryimage"},"thumbnailUrl":"http:\/\/www.isletasnoticias.com.ar\/%77%70%2d%63%6f%6e%74%65%6e%74\/uploads\/2017\/07\/19990365_846350268849230_3218381891611176214_n.jpg","datePublished":"2017-07-15T00:02:40+00:00","dateModified":"2017-07-15T00:15:57+00:00","breadcrumb":{"@id":"https:\/\/informelitoral.com.ar\/ramirez-el-municipio-adquirio-una-camioneta-0-km-y-esperan-mas-vehiculos\/#breadcrumb"},"inLanguage":"es","potentialAction":[{"@type":"ReadAction","target":["https:\/\/informelitoral.com.ar\/ramirez-el-municipio-adquirio-una-camioneta-0-km-y-esperan-mas-vehiculos\/"]}]},{"@type":"ImageObject","inLanguage":"es","@id":"https:\/\/informelitoral.com.ar\/ramirez-el-municipio-adquirio-una-camioneta-0-km-y-esperan-mas-vehiculos\/#primaryimage","url":"http:\/\/www.isletasnoticias.com.ar\/%77%70%2d%63%6f%6e%74%65%6e%74\/uploads\/2017\/07\/19990365_846350268849230_3218381891611176214_n.jpg","contentUrl":"http:\/\/www.isletasnoticias.com.ar\/%77%70%2d%63%6f%6e%74%65%6e%74\/uploads\/2017\/07\/19990365_846350268849230_3218381891611176214_n.jpg"},{"@type":"BreadcrumbList","@id":"https:\/\/informelitoral.com.ar\/ramirez-el-municipio-adquirio-una-camioneta-0-km-y-esperan-mas-vehiculos\/#breadcrumb","itemListElement":[{"@type":"ListItem","position":1,"name":"Portada","item":"https:\/\/informelitoral.com.ar\/"},{"@type":"ListItem","position":2,"name":"Ram\u00edrez: el municipio adquiri\u00f3 una camioneta 0 km y esperan m\u00e1s veh\u00edculos"}]},{"@type":"WebSite","@id":"https:\/\/informelitoral.com.ar\/#website","url":"https:\/\/informelitoral.com.ar\/","name":"Informe Litoral","description":"&quot;Nos informamos&quot; ","publisher":{"@id":"https:\/\/informelitoral.com.ar\/#organization"},"potentialAction":[{"@type":"SearchAction","target":{"@type":"EntryPoint","urlTemplate":"https:\/\/informelitoral.com.ar\/?s={search_term_string}"},"query-input":{"@type":"PropertyValueSpecification","valueRequired":true,"valueName":"search_term_string"}}],"inLanguage":"es"},{"@type":"Organization","@id":"https:\/\/informelitoral.com.ar\/#organization","name":"Informe Litoral","url":"https:\/\/informelitoral.com.ar\/","logo":{"@type":"ImageObject","inLanguage":"es","@id":"https:\/\/informelitoral.com.ar\/#\/schema\/logo\/image\/","url":"https:\/\/informelitoral.com.ar\/%77%70%2d%63%6f%6e%74%65%6e%74\/uploads\/2021\/01\/circulo.png","contentUrl":"https:\/\/informelitoral.com.ar\/%77%70%2d%63%6f%6e%74%65%6e%74\/uploads\/2021\/01\/circulo.png","width":723,"height":731,"caption":"Informe Litoral"},"image":{"@id":"https:\/\/informelitoral.com.ar\/#\/schema\/logo\/image\/"},"sameAs":["https:\/\/www.facebook.com\/informelitoral\/","https:\/\/x.com\/InformeLitoral","https:\/\/www.instagram.com\/informelitoral\/","https:\/\/www.youtube.com\/channel\/UCua4Qvz8Icb6MYqhoq9xLXw"]},{"@type":"Person","@id":"https:\/\/informelitoral.com.ar\/#\/schema\/person\/b9d00407c836482871ef1d57bf8e3180","name":"Gonzalo Schmidt","image":{"@type":"ImageObject","inLanguage":"es","@id":"https:\/\/secure.gravatar.com\/avatar\/31a1a7b66ff2de83bd0e9fd79d026630d2d99e55e8bfe501287647b4fd9743de?s=96&d=mm&r=g","url":"https:\/\/secure.gravatar.com\/avatar\/31a1a7b66ff2de83bd0e9fd79d026630d2d99e55e8bfe501287647b4fd9743de?s=96&d=mm&r=g","contentUrl":"https:\/\/secure.gravatar.com\/avatar\/31a1a7b66ff2de83bd0e9fd79d026630d2d99e55e8bfe501287647b4fd9743de?s=96&d=mm&r=g","caption":"Gonzalo Schmidt"},"description":"Sitio web de noticias de la provincia de Entre R\u00edos, Argentina. Informaci\u00f3n y entretenimiento. Informe Litoral, nos informamos.","sameAs":["http:\/\/www.isletasnoticias.com.ar"],"url":"https:\/\/informelitoral.com.ar\/author\/gonzalo\/"}]}},"_links":{"self":[{"href":"https:\/\/informelitoral.com.ar\/%77%70%2d%6a%73%6f%6e\/wp\/v2\/posts\/22325","targetHints":{"allow":["GET"]}}],"collection":[{"href":"https:\/\/informelitoral.com.ar\/%77%70%2d%6a%73%6f%6e\/wp\/v2\/posts"}],"about":[{"href":"https:\/\/informelitoral.com.ar\/%77%70%2d%6a%73%6f%6e\/wp\/v2\/types\/post"}],"author":[{"embeddable":true,"href":"https:\/\/informelitoral.com.ar\/%77%70%2d%6a%73%6f%6e\/wp\/v2\/users\/2"}],"replies":[{"embeddable":true,"href":"https:\/\/informelitoral.com.ar\/%77%70%2d%6a%73%6f%6e\/wp\/v2\/comments?post=22325"}],"version-history":[{"count":0,"href":"https:\/\/informelitoral.com.ar\/%77%70%2d%6a%73%6f%6e\/wp\/v2\/posts\/22325\/revisions"}],"wp:attachment":[{"href":"https:\/\/informelitoral.com.ar\/%77%70%2d%6a%73%6f%6e\/wp\/v2\/media?parent=22325"}],"wp:term":[{"taxonomy":"category","embeddable":true,"href":"https:\/\/informelitoral.com.ar\/%77%70%2d%6a%73%6f%6e\/wp\/v2\/categories?post=22325"},{"taxonomy":"post_tag","embeddable":true,"href":"https:\/\/informelitoral.com.ar\/%77%70%2d%6a%73%6f%6e\/wp\/v2\/tags?post=22325"}],"curies":[{"name":"wp","href":"https:\/\/api.w.org\/{rel}","templated":true}]}}