{"id":22322,"date":"2017-07-14T07:39:57","date_gmt":"2017-07-14T10:39:57","guid":{"rendered":"http:\/\/www.isletasnoticias.com.ar\/?p=22322"},"modified":"2017-07-14T07:39:57","modified_gmt":"2017-07-14T10:39:57","slug":"las-langostas-avanzan-con-una-expansion-que-no-se-veia-desde-hace-decadas","status":"publish","type":"post","link":"https:\/\/informelitoral.com.ar\/las-langostas-avanzan-con-una-expansion-que-no-se-veia-desde-hace-decadas\/","title":{"rendered":"Las langostas avanzan con una expansi\u00f3n que no se ve\u00eda desde hace d\u00e9cadas"},"content":{"rendered":"<p><strong>Desde hacia varias d\u00e9cadas no se detectan brotes poblacionales con una expansi\u00f3n geogr\u00e1fica de langostas tan marcada como la actual, aseguran los especialistas del Instituto Nacional de Tecnolog\u00eda Agropecuaria (INTA).Las mangas ya arrasaron lotes enteros en el noreste del pa\u00eds y se desplazan hacia el sur.<\/strong><\/p>\n<p><a href=\"http:\/\/www.isletasnoticias.com.ar\/%77%70%2d%63%6f%6e%74%65%6e%74\/uploads\/2017\/07\/IMG-10249673.jpg\"><img loading=\"lazy\" decoding=\"async\" class=\"aligncenter wp-image-22323 size-full\" src=\"http:\/\/www.isletasnoticias.com.ar\/%77%70%2d%63%6f%6e%74%65%6e%74\/uploads\/2017\/07\/IMG-10249673.jpg\" alt=\"\" width=\"800\" height=\"695\" srcset=\"https:\/\/informelitoral.com.ar\/%77%70%2d%63%6f%6e%74%65%6e%74\/uploads\/2017\/07\/IMG-10249673.jpg 800w, https:\/\/informelitoral.com.ar\/%77%70%2d%63%6f%6e%74%65%6e%74\/uploads\/2017\/07\/IMG-10249673-300x261.jpg 300w, https:\/\/informelitoral.com.ar\/%77%70%2d%63%6f%6e%74%65%6e%74\/uploads\/2017\/07\/IMG-10249673-768x667.jpg 768w\" sizes=\"auto, (max-width: 800px) 100vw, 800px\" \/><\/a><\/p>\n<p>La plaga fue detectada en Salta, Formosa, Chaco, Santiago del Estero y norte de Santa Fe pero desde el INTA y el Senasa (Sevicio Nacional de Sanidad y Calidad Agroalimentaria) afirman que no se registraron da\u00f1os de importancia en los cultivos de invierno \u2013en funci\u00f3n de la magnitud de la problem\u00e1tica\u2013 y destacan la necesidad del monitoreo permanente y aviso a las autoridades. No obstante, algunos videos publicados por productores de las zonas afectadas dan cuenta de lotes completamente arrasados por la plaga.<\/p>\n<p>\u201cEste brote poblacional de langostas es producto de la combinaci\u00f3n de un conjunto de factores meteorol\u00f3gicos particulares\u201d, explic\u00f3\u00a0Eduardo Trumper, t\u00e9cnico del INTA e integrante del Comit\u00e9 interinstitucional de crisis por emergencia de la langosta comandado por el Senasa.<\/p>\n<p>Los especialistas\u00a0del INTA y del Senasa sostienen como hip\u00f3tesis que \u201cun invierno con temperaturas medias elevadas y precipitaciones m\u00e1s frecuentes al promedio hist\u00f3rico, contribuyeron a que las langostas adultas anticipen la interrupci\u00f3n de su letargo invernal y reinicien su fase reproductiva\u201d. De esta manera, se desarrollan\u00a0tres generaciones en un mismo a\u00f1o, en lugar de una o a lo sumo dos. \u201cEsta es la condici\u00f3n demogr\u00e1fica necesaria para que se cumpla un proceso de crecimiento poblacional exponencial y se dispare el cambio de fase solitaria a fase gregaria\u201d, advirti\u00f3 Trumper. \u201cCuando esto sucede, las ninfas tienden a formar bandas que marchan coordinadamente en densos grupos y los adultos integran mangas capaces de cubrir grandes distancias. Esto es lo que les confiere la capacidad de expandir su rango de distribuci\u00f3n\u201d, explic\u00f3.<\/p>\n<p>Para contener la expansi\u00f3n de la plaga, Ignacio Luna, especialista en Protecci\u00f3n Vegetal del INTA Quimil\u00ed, (Santiago del Estero), destac\u00f3 la importancia de realizar \u201cun monitoreo permanente a fin de notificar la presencia de langostas lo antes posible a los organismos involucrados: Senasa, INTA y Agencias de Desarrollo de la provincia\u201d.<\/p>\n<p>De acuerdo a Luna, la\u00a0problem\u00e1tica est\u00e1 presente en la regi\u00f3n desde 2015. \u201cDesde entonces, trabajamos junto al Senasa en su difusi\u00f3n y capacitamos a los productores con el objetivo de aumentar la toma de conciencia para notificar la presencia de langostas lo antes posible a los organismos involucrados\u201d.<\/p>\n<p>En este sentido, Trumper asegur\u00f3 que \u201ctrabajan en articulaci\u00f3n con el Senasa y las provincias en el dise\u00f1o de una estrategia global sobre acciones que van desde la contenci\u00f3n de la emergencia hasta el desarrollo de l\u00edneas de investigaci\u00f3n para analizar los factores determinantes en la expansi\u00f3n demogr\u00e1fica, los movimientos de dispersi\u00f3n de peque\u00f1a escala y de migraci\u00f3n de escala geogr\u00e1fica de esta plaga\u201d. <em>(Infocampo)<\/em><\/p>\n","protected":false},"excerpt":{"rendered":"<p>Desde hacia varias d&eacute;cadas no se detectan brotes poblacionales con una expansi&oacute;n geogr&aacute;fica de langostas tan marcada como la actual, aseguran los especialistas del Instituto Nacional de Tecnolog&iacute;a Agropecuaria (INTA).Las mangas ya arrasaron lotes enteros en el noreste del pa&iacute;s y se desplazan hacia el sur. La plaga fue detectada en Salta, Formosa, Chaco, Santiago [&hellip;]<\/p>\n","protected":false},"author":2,"featured_media":0,"comment_status":"open","ping_status":"open","sticky":false,"template":"","format":"standard","meta":{"fifu_image_url":"","fifu_image_alt":"","footnotes":""},"categories":[10],"tags":[],"class_list":{"0":"post-22322","1":"post","2":"type-post","3":"status-publish","4":"format-standard","6":"category-campo"},"yoast_head":"<title>Las langostas avanzan con una expansi\u00f3n que no se ve\u00eda desde hace d\u00e9cadas - Informe Litoral<\/title>\n<meta name=\"robots\" content=\"index, follow, max-snippet:-1, max-image-preview:large, max-video-preview:-1\" \/>\n<link rel=\"canonical\" href=\"https:\/\/informelitoral.com.ar\/las-langostas-avanzan-con-una-expansion-que-no-se-veia-desde-hace-decadas\/\" \/>\n<meta property=\"og:locale\" content=\"es_ES\" \/>\n<meta property=\"og:type\" content=\"article\" \/>\n<meta property=\"og:title\" content=\"Las langostas avanzan con una expansi\u00f3n que no se ve\u00eda desde hace d\u00e9cadas - Informe Litoral\" \/>\n<meta property=\"og:description\" content=\"Desde hacia varias d&eacute;cadas no se detectan brotes poblacionales con una expansi&oacute;n geogr&aacute;fica de langostas tan marcada como la actual, aseguran los especialistas del Instituto Nacional de Tecnolog&iacute;a Agropecuaria (INTA).Las mangas ya arrasaron lotes enteros en el noreste del pa&iacute;s y se desplazan hacia el sur. La plaga fue detectada en Salta, Formosa, Chaco, Santiago [&hellip;]\" \/>\n<meta property=\"og:url\" content=\"https:\/\/informelitoral.com.ar\/las-langostas-avanzan-con-una-expansion-que-no-se-veia-desde-hace-decadas\/\" \/>\n<meta property=\"og:site_name\" content=\"Informe Litoral\" \/>\n<meta property=\"article:publisher\" content=\"https:\/\/www.facebook.com\/informelitoral\/\" \/>\n<meta property=\"article:published_time\" content=\"2017-07-14T10:39:57+00:00\" \/>\n<meta property=\"og:image\" content=\"https:\/\/informelitoral.com.ar\/%77%70%2d%63%6f%6e%74%65%6e%74\/uploads\/2017\/07\/IMG-10249673.jpg\" \/>\n\t<meta property=\"og:image:width\" content=\"800\" \/>\n\t<meta property=\"og:image:height\" content=\"695\" \/>\n\t<meta property=\"og:image:type\" content=\"image\/jpeg\" \/>\n<meta name=\"author\" content=\"Gonzalo Schmidt\" \/>\n<meta name=\"twitter:card\" content=\"summary_large_image\" \/>\n<meta name=\"twitter:creator\" content=\"@InformeLitoral\" \/>\n<meta name=\"twitter:site\" content=\"@InformeLitoral\" \/>\n<meta name=\"twitter:label1\" content=\"Escrito por\" \/>\n\t<meta name=\"twitter:data1\" content=\"Gonzalo Schmidt\" \/>\n\t<meta name=\"twitter:label2\" content=\"Tiempo de lectura\" \/>\n\t<meta name=\"twitter:data2\" content=\"2 minutos\" \/>\n<script type=\"application\/ld+json\" class=\"yoast-schema-graph\">{\"@context\":\"https:\\\/\\\/schema.org\",\"@graph\":[{\"@type\":\"Article\",\"@id\":\"https:\\\/\\\/informelitoral.com.ar\\\/las-langostas-avanzan-con-una-expansion-que-no-se-veia-desde-hace-decadas\\\/#article\",\"isPartOf\":{\"@id\":\"https:\\\/\\\/informelitoral.com.ar\\\/las-langostas-avanzan-con-una-expansion-que-no-se-veia-desde-hace-decadas\\\/\"},\"author\":{\"name\":\"Gonzalo Schmidt\",\"@id\":\"https:\\\/\\\/informelitoral.com.ar\\\/#\\\/schema\\\/person\\\/b9d00407c836482871ef1d57bf8e3180\"},\"headline\":\"Las langostas avanzan con una expansi\u00f3n que no se ve\u00eda desde hace d\u00e9cadas\",\"datePublished\":\"2017-07-14T10:39:57+00:00\",\"mainEntityOfPage\":{\"@id\":\"https:\\\/\\\/informelitoral.com.ar\\\/las-langostas-avanzan-con-una-expansion-que-no-se-veia-desde-hace-decadas\\\/\"},\"wordCount\":515,\"commentCount\":0,\"publisher\":{\"@id\":\"https:\\\/\\\/informelitoral.com.ar\\\/#organization\"},\"image\":{\"@id\":\"https:\\\/\\\/informelitoral.com.ar\\\/las-langostas-avanzan-con-una-expansion-que-no-se-veia-desde-hace-decadas\\\/#primaryimage\"},\"thumbnailUrl\":\"http:\\\/\\\/www.isletasnoticias.com.ar\\\/%77%70%2d%63%6f%6e%74%65%6e%74\\\/uploads\\\/2017\\\/07\\\/IMG-10249673.jpg\",\"articleSection\":[\"Campo\"],\"inLanguage\":\"es\",\"potentialAction\":[{\"@type\":\"CommentAction\",\"name\":\"Comment\",\"target\":[\"https:\\\/\\\/informelitoral.com.ar\\\/las-langostas-avanzan-con-una-expansion-que-no-se-veia-desde-hace-decadas\\\/#respond\"]}]},{\"@type\":\"WebPage\",\"@id\":\"https:\\\/\\\/informelitoral.com.ar\\\/las-langostas-avanzan-con-una-expansion-que-no-se-veia-desde-hace-decadas\\\/\",\"url\":\"https:\\\/\\\/informelitoral.com.ar\\\/las-langostas-avanzan-con-una-expansion-que-no-se-veia-desde-hace-decadas\\\/\",\"name\":\"Las langostas avanzan con una expansi\u00f3n que no se ve\u00eda desde hace d\u00e9cadas - Informe Litoral\",\"isPartOf\":{\"@id\":\"https:\\\/\\\/informelitoral.com.ar\\\/#website\"},\"primaryImageOfPage\":{\"@id\":\"https:\\\/\\\/informelitoral.com.ar\\\/las-langostas-avanzan-con-una-expansion-que-no-se-veia-desde-hace-decadas\\\/#primaryimage\"},\"image\":{\"@id\":\"https:\\\/\\\/informelitoral.com.ar\\\/las-langostas-avanzan-con-una-expansion-que-no-se-veia-desde-hace-decadas\\\/#primaryimage\"},\"thumbnailUrl\":\"http:\\\/\\\/www.isletasnoticias.com.ar\\\/%77%70%2d%63%6f%6e%74%65%6e%74\\\/uploads\\\/2017\\\/07\\\/IMG-10249673.jpg\",\"datePublished\":\"2017-07-14T10:39:57+00:00\",\"breadcrumb\":{\"@id\":\"https:\\\/\\\/informelitoral.com.ar\\\/las-langostas-avanzan-con-una-expansion-que-no-se-veia-desde-hace-decadas\\\/#breadcrumb\"},\"inLanguage\":\"es\",\"potentialAction\":[{\"@type\":\"ReadAction\",\"target\":[\"https:\\\/\\\/informelitoral.com.ar\\\/las-langostas-avanzan-con-una-expansion-que-no-se-veia-desde-hace-decadas\\\/\"]}]},{\"@type\":\"ImageObject\",\"inLanguage\":\"es\",\"@id\":\"https:\\\/\\\/informelitoral.com.ar\\\/las-langostas-avanzan-con-una-expansion-que-no-se-veia-desde-hace-decadas\\\/#primaryimage\",\"url\":\"http:\\\/\\\/www.isletasnoticias.com.ar\\\/%77%70%2d%63%6f%6e%74%65%6e%74\\\/uploads\\\/2017\\\/07\\\/IMG-10249673.jpg\",\"contentUrl\":\"http:\\\/\\\/www.isletasnoticias.com.ar\\\/%77%70%2d%63%6f%6e%74%65%6e%74\\\/uploads\\\/2017\\\/07\\\/IMG-10249673.jpg\"},{\"@type\":\"BreadcrumbList\",\"@id\":\"https:\\\/\\\/informelitoral.com.ar\\\/las-langostas-avanzan-con-una-expansion-que-no-se-veia-desde-hace-decadas\\\/#breadcrumb\",\"itemListElement\":[{\"@type\":\"ListItem\",\"position\":1,\"name\":\"Portada\",\"item\":\"https:\\\/\\\/informelitoral.com.ar\\\/\"},{\"@type\":\"ListItem\",\"position\":2,\"name\":\"Las langostas avanzan con una expansi\u00f3n que no se ve\u00eda desde hace d\u00e9cadas\"}]},{\"@type\":\"WebSite\",\"@id\":\"https:\\\/\\\/informelitoral.com.ar\\\/#website\",\"url\":\"https:\\\/\\\/informelitoral.com.ar\\\/\",\"name\":\"Informe Litoral\",\"description\":\"&quot;Nos informamos&quot; \",\"publisher\":{\"@id\":\"https:\\\/\\\/informelitoral.com.ar\\\/#organization\"},\"potentialAction\":[{\"@type\":\"SearchAction\",\"target\":{\"@type\":\"EntryPoint\",\"urlTemplate\":\"https:\\\/\\\/informelitoral.com.ar\\\/?s={search_term_string}\"},\"query-input\":{\"@type\":\"PropertyValueSpecification\",\"valueRequired\":true,\"valueName\":\"search_term_string\"}}],\"inLanguage\":\"es\"},{\"@type\":\"Organization\",\"@id\":\"https:\\\/\\\/informelitoral.com.ar\\\/#organization\",\"name\":\"Informe Litoral\",\"url\":\"https:\\\/\\\/informelitoral.com.ar\\\/\",\"logo\":{\"@type\":\"ImageObject\",\"inLanguage\":\"es\",\"@id\":\"https:\\\/\\\/informelitoral.com.ar\\\/#\\\/schema\\\/logo\\\/image\\\/\",\"url\":\"https:\\\/\\\/informelitoral.com.ar\\\/%77%70%2d%63%6f%6e%74%65%6e%74\\\/uploads\\\/2021\\\/01\\\/circulo.png\",\"contentUrl\":\"https:\\\/\\\/informelitoral.com.ar\\\/%77%70%2d%63%6f%6e%74%65%6e%74\\\/uploads\\\/2021\\\/01\\\/circulo.png\",\"width\":723,\"height\":731,\"caption\":\"Informe Litoral\"},\"image\":{\"@id\":\"https:\\\/\\\/informelitoral.com.ar\\\/#\\\/schema\\\/logo\\\/image\\\/\"},\"sameAs\":[\"https:\\\/\\\/www.facebook.com\\\/informelitoral\\\/\",\"https:\\\/\\\/x.com\\\/InformeLitoral\",\"https:\\\/\\\/www.instagram.com\\\/informelitoral\\\/\",\"https:\\\/\\\/www.youtube.com\\\/channel\\\/UCua4Qvz8Icb6MYqhoq9xLXw\"]},{\"@type\":\"Person\",\"@id\":\"https:\\\/\\\/informelitoral.com.ar\\\/#\\\/schema\\\/person\\\/b9d00407c836482871ef1d57bf8e3180\",\"name\":\"Gonzalo Schmidt\",\"image\":{\"@type\":\"ImageObject\",\"inLanguage\":\"es\",\"@id\":\"https:\\\/\\\/secure.gravatar.com\\\/avatar\\\/31a1a7b66ff2de83bd0e9fd79d026630d2d99e55e8bfe501287647b4fd9743de?s=96&d=mm&r=g\",\"url\":\"https:\\\/\\\/secure.gravatar.com\\\/avatar\\\/31a1a7b66ff2de83bd0e9fd79d026630d2d99e55e8bfe501287647b4fd9743de?s=96&d=mm&r=g\",\"contentUrl\":\"https:\\\/\\\/secure.gravatar.com\\\/avatar\\\/31a1a7b66ff2de83bd0e9fd79d026630d2d99e55e8bfe501287647b4fd9743de?s=96&d=mm&r=g\",\"caption\":\"Gonzalo Schmidt\"},\"description\":\"Sitio web de noticias de la provincia de Entre R\u00edos, Argentina. Informaci\u00f3n y entretenimiento. Informe Litoral, nos informamos.\",\"sameAs\":[\"http:\\\/\\\/www.isletasnoticias.com.ar\"],\"url\":\"https:\\\/\\\/informelitoral.com.ar\\\/author\\\/gonzalo\\\/\"}]}<\/script>","yoast_head_json":{"title":"Las langostas avanzan con una expansi\u00f3n que no se ve\u00eda desde hace d\u00e9cadas - Informe Litoral","robots":{"index":"index","follow":"follow","max-snippet":"max-snippet:-1","max-image-preview":"max-image-preview:large","max-video-preview":"max-video-preview:-1"},"canonical":"https:\/\/informelitoral.com.ar\/las-langostas-avanzan-con-una-expansion-que-no-se-veia-desde-hace-decadas\/","og_locale":"es_ES","og_type":"article","og_title":"Las langostas avanzan con una expansi\u00f3n que no se ve\u00eda desde hace d\u00e9cadas - Informe Litoral","og_description":"Desde hacia varias d&eacute;cadas no se detectan brotes poblacionales con una expansi&oacute;n geogr&aacute;fica de langostas tan marcada como la actual, aseguran los especialistas del Instituto Nacional de Tecnolog&iacute;a Agropecuaria (INTA).Las mangas ya arrasaron lotes enteros en el noreste del pa&iacute;s y se desplazan hacia el sur. La plaga fue detectada en Salta, Formosa, Chaco, Santiago [&hellip;]","og_url":"https:\/\/informelitoral.com.ar\/las-langostas-avanzan-con-una-expansion-que-no-se-veia-desde-hace-decadas\/","og_site_name":"Informe Litoral","article_publisher":"https:\/\/www.facebook.com\/informelitoral\/","article_published_time":"2017-07-14T10:39:57+00:00","og_image":[{"width":800,"height":695,"url":"https:\/\/informelitoral.com.ar\/%77%70%2d%63%6f%6e%74%65%6e%74\/uploads\/2017\/07\/IMG-10249673.jpg","type":"image\/jpeg"}],"author":"Gonzalo Schmidt","twitter_card":"summary_large_image","twitter_creator":"@InformeLitoral","twitter_site":"@InformeLitoral","twitter_misc":{"Escrito por":"Gonzalo Schmidt","Tiempo de lectura":"2 minutos"},"schema":{"@context":"https:\/\/schema.org","@graph":[{"@type":"Article","@id":"https:\/\/informelitoral.com.ar\/las-langostas-avanzan-con-una-expansion-que-no-se-veia-desde-hace-decadas\/#article","isPartOf":{"@id":"https:\/\/informelitoral.com.ar\/las-langostas-avanzan-con-una-expansion-que-no-se-veia-desde-hace-decadas\/"},"author":{"name":"Gonzalo Schmidt","@id":"https:\/\/informelitoral.com.ar\/#\/schema\/person\/b9d00407c836482871ef1d57bf8e3180"},"headline":"Las langostas avanzan con una expansi\u00f3n que no se ve\u00eda desde hace d\u00e9cadas","datePublished":"2017-07-14T10:39:57+00:00","mainEntityOfPage":{"@id":"https:\/\/informelitoral.com.ar\/las-langostas-avanzan-con-una-expansion-que-no-se-veia-desde-hace-decadas\/"},"wordCount":515,"commentCount":0,"publisher":{"@id":"https:\/\/informelitoral.com.ar\/#organization"},"image":{"@id":"https:\/\/informelitoral.com.ar\/las-langostas-avanzan-con-una-expansion-que-no-se-veia-desde-hace-decadas\/#primaryimage"},"thumbnailUrl":"http:\/\/www.isletasnoticias.com.ar\/%77%70%2d%63%6f%6e%74%65%6e%74\/uploads\/2017\/07\/IMG-10249673.jpg","articleSection":["Campo"],"inLanguage":"es","potentialAction":[{"@type":"CommentAction","name":"Comment","target":["https:\/\/informelitoral.com.ar\/las-langostas-avanzan-con-una-expansion-que-no-se-veia-desde-hace-decadas\/#respond"]}]},{"@type":"WebPage","@id":"https:\/\/informelitoral.com.ar\/las-langostas-avanzan-con-una-expansion-que-no-se-veia-desde-hace-decadas\/","url":"https:\/\/informelitoral.com.ar\/las-langostas-avanzan-con-una-expansion-que-no-se-veia-desde-hace-decadas\/","name":"Las langostas avanzan con una expansi\u00f3n que no se ve\u00eda desde hace d\u00e9cadas - Informe Litoral","isPartOf":{"@id":"https:\/\/informelitoral.com.ar\/#website"},"primaryImageOfPage":{"@id":"https:\/\/informelitoral.com.ar\/las-langostas-avanzan-con-una-expansion-que-no-se-veia-desde-hace-decadas\/#primaryimage"},"image":{"@id":"https:\/\/informelitoral.com.ar\/las-langostas-avanzan-con-una-expansion-que-no-se-veia-desde-hace-decadas\/#primaryimage"},"thumbnailUrl":"http:\/\/www.isletasnoticias.com.ar\/%77%70%2d%63%6f%6e%74%65%6e%74\/uploads\/2017\/07\/IMG-10249673.jpg","datePublished":"2017-07-14T10:39:57+00:00","breadcrumb":{"@id":"https:\/\/informelitoral.com.ar\/las-langostas-avanzan-con-una-expansion-que-no-se-veia-desde-hace-decadas\/#breadcrumb"},"inLanguage":"es","potentialAction":[{"@type":"ReadAction","target":["https:\/\/informelitoral.com.ar\/las-langostas-avanzan-con-una-expansion-que-no-se-veia-desde-hace-decadas\/"]}]},{"@type":"ImageObject","inLanguage":"es","@id":"https:\/\/informelitoral.com.ar\/las-langostas-avanzan-con-una-expansion-que-no-se-veia-desde-hace-decadas\/#primaryimage","url":"http:\/\/www.isletasnoticias.com.ar\/%77%70%2d%63%6f%6e%74%65%6e%74\/uploads\/2017\/07\/IMG-10249673.jpg","contentUrl":"http:\/\/www.isletasnoticias.com.ar\/%77%70%2d%63%6f%6e%74%65%6e%74\/uploads\/2017\/07\/IMG-10249673.jpg"},{"@type":"BreadcrumbList","@id":"https:\/\/informelitoral.com.ar\/las-langostas-avanzan-con-una-expansion-que-no-se-veia-desde-hace-decadas\/#breadcrumb","itemListElement":[{"@type":"ListItem","position":1,"name":"Portada","item":"https:\/\/informelitoral.com.ar\/"},{"@type":"ListItem","position":2,"name":"Las langostas avanzan con una expansi\u00f3n que no se ve\u00eda desde hace d\u00e9cadas"}]},{"@type":"WebSite","@id":"https:\/\/informelitoral.com.ar\/#website","url":"https:\/\/informelitoral.com.ar\/","name":"Informe Litoral","description":"&quot;Nos informamos&quot; ","publisher":{"@id":"https:\/\/informelitoral.com.ar\/#organization"},"potentialAction":[{"@type":"SearchAction","target":{"@type":"EntryPoint","urlTemplate":"https:\/\/informelitoral.com.ar\/?s={search_term_string}"},"query-input":{"@type":"PropertyValueSpecification","valueRequired":true,"valueName":"search_term_string"}}],"inLanguage":"es"},{"@type":"Organization","@id":"https:\/\/informelitoral.com.ar\/#organization","name":"Informe Litoral","url":"https:\/\/informelitoral.com.ar\/","logo":{"@type":"ImageObject","inLanguage":"es","@id":"https:\/\/informelitoral.com.ar\/#\/schema\/logo\/image\/","url":"https:\/\/informelitoral.com.ar\/%77%70%2d%63%6f%6e%74%65%6e%74\/uploads\/2021\/01\/circulo.png","contentUrl":"https:\/\/informelitoral.com.ar\/%77%70%2d%63%6f%6e%74%65%6e%74\/uploads\/2021\/01\/circulo.png","width":723,"height":731,"caption":"Informe Litoral"},"image":{"@id":"https:\/\/informelitoral.com.ar\/#\/schema\/logo\/image\/"},"sameAs":["https:\/\/www.facebook.com\/informelitoral\/","https:\/\/x.com\/InformeLitoral","https:\/\/www.instagram.com\/informelitoral\/","https:\/\/www.youtube.com\/channel\/UCua4Qvz8Icb6MYqhoq9xLXw"]},{"@type":"Person","@id":"https:\/\/informelitoral.com.ar\/#\/schema\/person\/b9d00407c836482871ef1d57bf8e3180","name":"Gonzalo Schmidt","image":{"@type":"ImageObject","inLanguage":"es","@id":"https:\/\/secure.gravatar.com\/avatar\/31a1a7b66ff2de83bd0e9fd79d026630d2d99e55e8bfe501287647b4fd9743de?s=96&d=mm&r=g","url":"https:\/\/secure.gravatar.com\/avatar\/31a1a7b66ff2de83bd0e9fd79d026630d2d99e55e8bfe501287647b4fd9743de?s=96&d=mm&r=g","contentUrl":"https:\/\/secure.gravatar.com\/avatar\/31a1a7b66ff2de83bd0e9fd79d026630d2d99e55e8bfe501287647b4fd9743de?s=96&d=mm&r=g","caption":"Gonzalo Schmidt"},"description":"Sitio web de noticias de la provincia de Entre R\u00edos, Argentina. Informaci\u00f3n y entretenimiento. Informe Litoral, nos informamos.","sameAs":["http:\/\/www.isletasnoticias.com.ar"],"url":"https:\/\/informelitoral.com.ar\/author\/gonzalo\/"}]}},"_links":{"self":[{"href":"https:\/\/informelitoral.com.ar\/%77%70%2d%6a%73%6f%6e\/wp\/v2\/posts\/22322","targetHints":{"allow":["GET"]}}],"collection":[{"href":"https:\/\/informelitoral.com.ar\/%77%70%2d%6a%73%6f%6e\/wp\/v2\/posts"}],"about":[{"href":"https:\/\/informelitoral.com.ar\/%77%70%2d%6a%73%6f%6e\/wp\/v2\/types\/post"}],"author":[{"embeddable":true,"href":"https:\/\/informelitoral.com.ar\/%77%70%2d%6a%73%6f%6e\/wp\/v2\/users\/2"}],"replies":[{"embeddable":true,"href":"https:\/\/informelitoral.com.ar\/%77%70%2d%6a%73%6f%6e\/wp\/v2\/comments?post=22322"}],"version-history":[{"count":0,"href":"https:\/\/informelitoral.com.ar\/%77%70%2d%6a%73%6f%6e\/wp\/v2\/posts\/22322\/revisions"}],"wp:attachment":[{"href":"https:\/\/informelitoral.com.ar\/%77%70%2d%6a%73%6f%6e\/wp\/v2\/media?parent=22322"}],"wp:term":[{"taxonomy":"category","embeddable":true,"href":"https:\/\/informelitoral.com.ar\/%77%70%2d%6a%73%6f%6e\/wp\/v2\/categories?post=22322"},{"taxonomy":"post_tag","embeddable":true,"href":"https:\/\/informelitoral.com.ar\/%77%70%2d%6a%73%6f%6e\/wp\/v2\/tags?post=22322"}],"curies":[{"name":"wp","href":"https:\/\/api.w.org\/{rel}","templated":true}]}}