{"id":223191,"date":"2025-06-05T07:55:38","date_gmt":"2025-06-05T10:55:38","guid":{"rendered":"https:\/\/informelitoral.com.ar\/?p=223191"},"modified":"2025-06-05T16:43:12","modified_gmt":"2025-06-05T19:43:12","slug":"el-gobierno-lanza-concesiones-de-rutas-nacionales-4-000-km-mas-bajo-gestion-privada","status":"publish","type":"post","link":"https:\/\/informelitoral.com.ar\/el-gobierno-lanza-concesiones-de-rutas-nacionales-4-000-km-mas-bajo-gestion-privada\/","title":{"rendered":"El Gobierno lanz\u00f3 concesiones de rutas nacionales: 4.000 Km m\u00e1s bajo gesti\u00f3n privada"},"content":{"rendered":"<p>El Gobierno<b>\u00a0convoc\u00f3 a nuevas audiencias p\u00fablicas para concesionar otros 4.000 kil\u00f3metros de rutas nacionales,\u00a0<\/b>como parte de la tercera etapa del proceso de privatizaci\u00f3n de 9.145 kil\u00f3metros de v\u00edas pertenecientes a su jurisdicci\u00f3n, que actualmente son administradas por la empresa estatal Corredores Viales S.A.<\/p>\n<p>En el marco del desarrollo de la Red Federal de Concesiones (RFC), el Ejecutivo lanz\u00f3 la Etapa III, para avanzar en el nuevo sistema a cargo de la operaci\u00f3n y mantenimiento de la Red Vial Nacional.<\/p>\n<p>De esta manera, la Direcci\u00f3n Nacional de Vialidad llam\u00f3 a una serie de audiencias p\u00fablicas mediante la Resoluci\u00f3n 924\/2025, publicada este jueves en el Bolet\u00edn Oficial, con \u201cel objetivo de promover una mayor competencia, generar mayor transparencia y confianza y lograr mejores resultados para los usuarios\u201d.<\/p>\n<div class=\"embed nota-relacionada\">\n<div class=\"inner-art\">\n<article class=\" en-bandera\">\n<header class=\"en-bandera__header\">\n<h2 class=\"en-bandera__h2 titulo-sub \"><strong>Licitan las concesiones de rutas nacionales vitales para Entre R\u00edos<\/strong><\/h2>\n<\/header>\n<\/article>\n<\/div>\n<\/div>\n<h2><strong>Tramos estrat\u00e9gicos en todo el pa\u00eds<\/strong><\/h2>\n<p>En este marco, se tratar\u00e1n los tramos que conforman<b>\u00a0la tercera fase de la RFC, constituida por casi 4.000 kil\u00f3metros de rutas nacionales, divididos en 8 tramos<\/b> ubicados en el centro del pa\u00eds, cuyo, el litoral y el norte, abarcando las provincias de Santa Fe, C\u00f3rdoba, Entre R\u00edos, Mendoza, Santiago del Estero, Tucum\u00e1n, Salta, Jujuy, Chaco y Misiones.<\/p>\n<p>En los tramos seleccionados se incluyen\u00a0<b>la ruta nacional 7 que conecta al pa\u00eds con Chile;<\/b>\u00a0la 9 en el tramo que une C\u00f3rdoba con Rosario y de Santiago del Estero hasta Salta; la 34 en el sector que va de la ciudad cuna de la bandera hasta Santa Fe y de la capital provincial hasta Santiago; y un trayecto de\u00a0<b>la ruta nacional 12, que conecta Corrientes con el acceso al Puente Internacional Tancredo que lleva a Brasil.<\/b><\/p>\n<p>Las instancias de participaci\u00f3n p\u00fablica\u00a0<b>se llevar\u00e1n a cabo entre el 30 de junio y el 7 de julio<\/b>\u00a0y para quienes tengan inter\u00e9s, deber\u00e1n inscribirse por un formulario disponible en la web de Vialidad Nacional, de forma libre y gratuita entre el 8 y el 28 de junio de 2025.<\/p>\n<h2><strong>Las audiencias p\u00fablicas que se realizar\u00e1n:<\/strong><\/h2>\n<p>-Tramo Cuyo: lunes 30 de junio de 2025 a las 10 a.m., en el Microcine Municipal David Eisenchlas ubicado en 9 de Julio 500, Mendoza, capital.<\/p>\n<p>-Tramos Centro Norte y Noroeste: mi\u00e9rcoles 02 de julio de 2025 a las 10 a.m., en el Teatro Municipal Rosita \u00c1vila ubicado en Combate de Las Piedras 1500, San Miguel de Tucum\u00e1n, Tucum\u00e1n.<\/p>\n<p>-Tramos Chaco Santa Fe, Litoral y Noreste: viernes 04 de julio de 2025 a las 10 a.m., en el Auditorio de la Direcci\u00f3n Provincial de Vialidad ubicado en Av. 25 de Mayo y Ruta Nacional N\u00ba 11, Resistencia &#8211; Chaco.<\/p>\n<p><b>-Tramos Mesopot\u00e1mico y Centro: lunes 07 de julio de 2025 a las 10 a.m., en la Sala Mayo ubicada en Mart\u00edn Miguel de G\u00fcemes, Paran\u00e1, Entre R\u00edos.<\/b><\/p>\n<p>Desde el Gobierno destacaron que \u201cel desarrollo de la Red Federal de Concesiones es posible gracias a que se generaron las condiciones para que los capitales privados puedan invertir en la operaci\u00f3n y mantenimiento de estas trazas nacionales y de esta manera, reducir los gastos que esto genera al Tesoro nacional\u201d. Asimismo, recordaron que \u201cel nuevo sistema\u00a0<b>no contar\u00e1 con ning\u00fan subsidio por parte del sector p\u00fablico<\/b>, que hasta el momento realizaba aportes para sostener un esquema de concesi\u00f3n deficitario y que no brindaba beneficios reales para los usuarios\u201d.<\/p>\n<p>A su vez, aclararon que \u201cVialidad Nacional, organismo descentralizado actuante en el \u00e1mbito de la Secretar\u00eda de Transporte, ser\u00e1 la autoridad encargada de supervisar y controlar los contratos de concesi\u00f3n actuales y futuros, asegurando su cumplimiento en beneficio de los usuarios y el desarrollo de la infraestructura vial\u201d.(<em>LN<\/em>)<\/p>\n","protected":false},"excerpt":{"rendered":"<p>Las nuevas concesiones incluyen tramos estrat\u00e9gicos en el centro, norte y litoral del pa\u00eds. Las audiencias p\u00fablicas se realizar\u00e1n entre el 30 de junio y el 7 de julio, una de ellas en la capital provincial.<\/p>\n","protected":false},"author":8,"featured_media":223192,"comment_status":"open","ping_status":"open","sticky":false,"template":"","format":"standard","meta":{"fifu_image_url":"https:\/\/elonce-media.elonce.com\/fotos\/2024\/09\/25\/l_1727272769_54415.webp","fifu_image_alt":"","footnotes":""},"categories":[6],"tags":[600,107],"class_list":{"0":"post-223191","1":"post","2":"type-post","3":"status-publish","4":"format-standard","5":"has-post-thumbnail","7":"category-entre-rios","8":"tag-licitacion","9":"tag-obras-viales"},"yoast_head":"<title>El Gobierno lanz\u00f3 concesiones de rutas nacionales: 4.000 Km m\u00e1s bajo gesti\u00f3n privada - Informe Litoral<\/title>\n<meta name=\"robots\" content=\"index, follow, max-snippet:-1, max-image-preview:large, max-video-preview:-1\" \/>\n<link rel=\"canonical\" href=\"https:\/\/informelitoral.com.ar\/el-gobierno-lanza-concesiones-de-rutas-nacionales-4-000-km-mas-bajo-gestion-privada\/\" \/>\n<meta property=\"og:locale\" content=\"es_ES\" \/>\n<meta property=\"og:type\" content=\"article\" \/>\n<meta property=\"og:title\" content=\"El Gobierno lanz\u00f3 concesiones de rutas nacionales: 4.000 Km m\u00e1s bajo gesti\u00f3n privada - Informe Litoral\" \/>\n<meta property=\"og:description\" content=\"Las nuevas concesiones incluyen tramos estrat\u00e9gicos en el centro, norte y litoral del pa\u00eds. Las audiencias p\u00fablicas se realizar\u00e1n entre el 30 de junio y el 7 de julio, una de ellas en la capital provincial.\" \/>\n<meta property=\"og:url\" content=\"https:\/\/informelitoral.com.ar\/el-gobierno-lanza-concesiones-de-rutas-nacionales-4-000-km-mas-bajo-gestion-privada\/\" \/>\n<meta property=\"og:site_name\" content=\"Informe Litoral\" \/>\n<meta property=\"article:publisher\" content=\"https:\/\/www.facebook.com\/informelitoral\/\" \/>\n<meta property=\"article:published_time\" content=\"2025-06-05T10:55:38+00:00\" \/>\n<meta property=\"article:modified_time\" content=\"2025-06-05T19:43:12+00:00\" \/>\n<meta property=\"og:image\" content=\"https:\/\/elonce-media.elonce.com\/fotos\/2024\/09\/25\/l_1727272769_54415.webp\" \/><meta property=\"og:image\" content=\"https:\/\/elonce-media.elonce.com\/fotos\/2024\/09\/25\/l_1727272769_54415.webp\" \/>\n\t<meta property=\"og:image:width\" content=\"1200\" \/>\n\t<meta property=\"og:image:height\" content=\"800\" \/>\n\t<meta property=\"og:image:type\" content=\"image\/jpeg\" \/>\n<meta name=\"author\" content=\"Sebastian\" \/>\n<meta name=\"twitter:card\" content=\"summary_large_image\" \/>\n<meta name=\"twitter:image\" content=\"https:\/\/elonce-media.elonce.com\/fotos\/2024\/09\/25\/l_1727272769_54415.webp\" \/>\n<meta name=\"twitter:creator\" content=\"@InformeLitoral\" \/>\n<meta name=\"twitter:site\" content=\"@InformeLitoral\" \/>\n<meta name=\"twitter:label1\" content=\"Escrito por\" \/>\n\t<meta name=\"twitter:data1\" content=\"Sebastian\" \/>\n\t<meta name=\"twitter:label2\" content=\"Tiempo de lectura\" \/>\n\t<meta name=\"twitter:data2\" content=\"3 minutos\" \/>\n<script type=\"application\/ld+json\" class=\"yoast-schema-graph\">{\"@context\":\"https:\\\/\\\/schema.org\",\"@graph\":[{\"@type\":\"Article\",\"@id\":\"https:\\\/\\\/informelitoral.com.ar\\\/el-gobierno-lanza-concesiones-de-rutas-nacionales-4-000-km-mas-bajo-gestion-privada\\\/#article\",\"isPartOf\":{\"@id\":\"https:\\\/\\\/informelitoral.com.ar\\\/el-gobierno-lanza-concesiones-de-rutas-nacionales-4-000-km-mas-bajo-gestion-privada\\\/\"},\"author\":{\"name\":\"Sebastian\",\"@id\":\"https:\\\/\\\/informelitoral.com.ar\\\/#\\\/schema\\\/person\\\/f05f9f461677119578717524b127d6d5\"},\"headline\":\"El Gobierno lanz\u00f3 concesiones de rutas nacionales: 4.000 Km m\u00e1s bajo gesti\u00f3n privada\",\"datePublished\":\"2025-06-05T10:55:38+00:00\",\"dateModified\":\"2025-06-05T19:43:12+00:00\",\"mainEntityOfPage\":{\"@id\":\"https:\\\/\\\/informelitoral.com.ar\\\/el-gobierno-lanza-concesiones-de-rutas-nacionales-4-000-km-mas-bajo-gestion-privada\\\/\"},\"wordCount\":632,\"commentCount\":0,\"publisher\":{\"@id\":\"https:\\\/\\\/informelitoral.com.ar\\\/#organization\"},\"image\":{\"@id\":\"https:\\\/\\\/informelitoral.com.ar\\\/el-gobierno-lanza-concesiones-de-rutas-nacionales-4-000-km-mas-bajo-gestion-privada\\\/#primaryimage\"},\"thumbnailUrl\":\"https:\\\/\\\/elonce-media.elonce.com\\\/fotos\\\/2024\\\/09\\\/25\\\/l_1727272769_54415.webp\",\"keywords\":[\"Licitaci\u00f3n\",\"Obras viales\"],\"articleSection\":[\"Entre R\u00edos\"],\"inLanguage\":\"es\",\"potentialAction\":[{\"@type\":\"CommentAction\",\"name\":\"Comment\",\"target\":[\"https:\\\/\\\/informelitoral.com.ar\\\/el-gobierno-lanza-concesiones-de-rutas-nacionales-4-000-km-mas-bajo-gestion-privada\\\/#respond\"]}]},{\"@type\":\"WebPage\",\"@id\":\"https:\\\/\\\/informelitoral.com.ar\\\/el-gobierno-lanza-concesiones-de-rutas-nacionales-4-000-km-mas-bajo-gestion-privada\\\/\",\"url\":\"https:\\\/\\\/informelitoral.com.ar\\\/el-gobierno-lanza-concesiones-de-rutas-nacionales-4-000-km-mas-bajo-gestion-privada\\\/\",\"name\":\"El Gobierno lanz\u00f3 concesiones de rutas nacionales: 4.000 Km m\u00e1s bajo gesti\u00f3n privada - Informe Litoral\",\"isPartOf\":{\"@id\":\"https:\\\/\\\/informelitoral.com.ar\\\/#website\"},\"primaryImageOfPage\":{\"@id\":\"https:\\\/\\\/informelitoral.com.ar\\\/el-gobierno-lanza-concesiones-de-rutas-nacionales-4-000-km-mas-bajo-gestion-privada\\\/#primaryimage\"},\"image\":{\"@id\":\"https:\\\/\\\/informelitoral.com.ar\\\/el-gobierno-lanza-concesiones-de-rutas-nacionales-4-000-km-mas-bajo-gestion-privada\\\/#primaryimage\"},\"thumbnailUrl\":\"https:\\\/\\\/elonce-media.elonce.com\\\/fotos\\\/2024\\\/09\\\/25\\\/l_1727272769_54415.webp\",\"datePublished\":\"2025-06-05T10:55:38+00:00\",\"dateModified\":\"2025-06-05T19:43:12+00:00\",\"breadcrumb\":{\"@id\":\"https:\\\/\\\/informelitoral.com.ar\\\/el-gobierno-lanza-concesiones-de-rutas-nacionales-4-000-km-mas-bajo-gestion-privada\\\/#breadcrumb\"},\"inLanguage\":\"es\",\"potentialAction\":[{\"@type\":\"ReadAction\",\"target\":[\"https:\\\/\\\/informelitoral.com.ar\\\/el-gobierno-lanza-concesiones-de-rutas-nacionales-4-000-km-mas-bajo-gestion-privada\\\/\"]}]},{\"@type\":\"ImageObject\",\"inLanguage\":\"es\",\"@id\":\"https:\\\/\\\/informelitoral.com.ar\\\/el-gobierno-lanza-concesiones-de-rutas-nacionales-4-000-km-mas-bajo-gestion-privada\\\/#primaryimage\",\"url\":\"https:\\\/\\\/elonce-media.elonce.com\\\/fotos\\\/2024\\\/09\\\/25\\\/l_1727272769_54415.webp\",\"contentUrl\":\"https:\\\/\\\/elonce-media.elonce.com\\\/fotos\\\/2024\\\/09\\\/25\\\/l_1727272769_54415.webp\",\"width\":\"1200\",\"height\":\"800\"},{\"@type\":\"BreadcrumbList\",\"@id\":\"https:\\\/\\\/informelitoral.com.ar\\\/el-gobierno-lanza-concesiones-de-rutas-nacionales-4-000-km-mas-bajo-gestion-privada\\\/#breadcrumb\",\"itemListElement\":[{\"@type\":\"ListItem\",\"position\":1,\"name\":\"Portada\",\"item\":\"https:\\\/\\\/informelitoral.com.ar\\\/\"},{\"@type\":\"ListItem\",\"position\":2,\"name\":\"El Gobierno lanz\u00f3 concesiones de rutas nacionales: 4.000 Km m\u00e1s bajo gesti\u00f3n privada\"}]},{\"@type\":\"WebSite\",\"@id\":\"https:\\\/\\\/informelitoral.com.ar\\\/#website\",\"url\":\"https:\\\/\\\/informelitoral.com.ar\\\/\",\"name\":\"Informe Litoral\",\"description\":\"&quot;Nos informamos&quot; \",\"publisher\":{\"@id\":\"https:\\\/\\\/informelitoral.com.ar\\\/#organization\"},\"potentialAction\":[{\"@type\":\"SearchAction\",\"target\":{\"@type\":\"EntryPoint\",\"urlTemplate\":\"https:\\\/\\\/informelitoral.com.ar\\\/?s={search_term_string}\"},\"query-input\":{\"@type\":\"PropertyValueSpecification\",\"valueRequired\":true,\"valueName\":\"search_term_string\"}}],\"inLanguage\":\"es\"},{\"@type\":\"Organization\",\"@id\":\"https:\\\/\\\/informelitoral.com.ar\\\/#organization\",\"name\":\"Informe Litoral\",\"url\":\"https:\\\/\\\/informelitoral.com.ar\\\/\",\"logo\":{\"@type\":\"ImageObject\",\"inLanguage\":\"es\",\"@id\":\"https:\\\/\\\/informelitoral.com.ar\\\/#\\\/schema\\\/logo\\\/image\\\/\",\"url\":\"https:\\\/\\\/informelitoral.com.ar\\\/%77%70%2d%63%6f%6e%74%65%6e%74\\\/uploads\\\/2021\\\/01\\\/circulo.png\",\"contentUrl\":\"https:\\\/\\\/informelitoral.com.ar\\\/%77%70%2d%63%6f%6e%74%65%6e%74\\\/uploads\\\/2021\\\/01\\\/circulo.png\",\"width\":723,\"height\":731,\"caption\":\"Informe Litoral\"},\"image\":{\"@id\":\"https:\\\/\\\/informelitoral.com.ar\\\/#\\\/schema\\\/logo\\\/image\\\/\"},\"sameAs\":[\"https:\\\/\\\/www.facebook.com\\\/informelitoral\\\/\",\"https:\\\/\\\/x.com\\\/InformeLitoral\",\"https:\\\/\\\/www.instagram.com\\\/informelitoral\\\/\",\"https:\\\/\\\/www.youtube.com\\\/channel\\\/UCua4Qvz8Icb6MYqhoq9xLXw\"]},{\"@type\":\"Person\",\"@id\":\"https:\\\/\\\/informelitoral.com.ar\\\/#\\\/schema\\\/person\\\/f05f9f461677119578717524b127d6d5\",\"name\":\"Sebastian\",\"image\":{\"@type\":\"ImageObject\",\"inLanguage\":\"es\",\"@id\":\"https:\\\/\\\/secure.gravatar.com\\\/avatar\\\/b71bf7481d447dfb9583c7f2798e7cc64de6efb9067b74633ed8c31059a3bd82?s=96&d=mm&r=g\",\"url\":\"https:\\\/\\\/secure.gravatar.com\\\/avatar\\\/b71bf7481d447dfb9583c7f2798e7cc64de6efb9067b74633ed8c31059a3bd82?s=96&d=mm&r=g\",\"contentUrl\":\"https:\\\/\\\/secure.gravatar.com\\\/avatar\\\/b71bf7481d447dfb9583c7f2798e7cc64de6efb9067b74633ed8c31059a3bd82?s=96&d=mm&r=g\",\"caption\":\"Sebastian\"},\"url\":\"https:\\\/\\\/informelitoral.com.ar\\\/author\\\/sebastian\\\/\"}]}<\/script>","yoast_head_json":{"title":"El Gobierno lanz\u00f3 concesiones de rutas nacionales: 4.000 Km m\u00e1s bajo gesti\u00f3n privada - Informe Litoral","robots":{"index":"index","follow":"follow","max-snippet":"max-snippet:-1","max-image-preview":"max-image-preview:large","max-video-preview":"max-video-preview:-1"},"canonical":"https:\/\/informelitoral.com.ar\/el-gobierno-lanza-concesiones-de-rutas-nacionales-4-000-km-mas-bajo-gestion-privada\/","og_locale":"es_ES","og_type":"article","og_title":"El Gobierno lanz\u00f3 concesiones de rutas nacionales: 4.000 Km m\u00e1s bajo gesti\u00f3n privada - Informe Litoral","og_description":"Las nuevas concesiones incluyen tramos estrat\u00e9gicos en el centro, norte y litoral del pa\u00eds. Las audiencias p\u00fablicas se realizar\u00e1n entre el 30 de junio y el 7 de julio, una de ellas en la capital provincial.","og_url":"https:\/\/informelitoral.com.ar\/el-gobierno-lanza-concesiones-de-rutas-nacionales-4-000-km-mas-bajo-gestion-privada\/","og_site_name":"Informe Litoral","article_publisher":"https:\/\/www.facebook.com\/informelitoral\/","article_published_time":"2025-06-05T10:55:38+00:00","article_modified_time":"2025-06-05T19:43:12+00:00","og_image":[{"url":"https:\/\/elonce-media.elonce.com\/fotos\/2024\/09\/25\/l_1727272769_54415.webp","type":"","width":"","height":""},{"width":1200,"height":800,"url":"https:\/\/elonce-media.elonce.com\/fotos\/2024\/09\/25\/l_1727272769_54415.webp","type":"image\/jpeg"}],"author":"Sebastian","twitter_card":"summary_large_image","twitter_image":"https:\/\/elonce-media.elonce.com\/fotos\/2024\/09\/25\/l_1727272769_54415.webp","twitter_creator":"@InformeLitoral","twitter_site":"@InformeLitoral","twitter_misc":{"Escrito por":"Sebastian","Tiempo de lectura":"3 minutos"},"schema":{"@context":"https:\/\/schema.org","@graph":[{"@type":"Article","@id":"https:\/\/informelitoral.com.ar\/el-gobierno-lanza-concesiones-de-rutas-nacionales-4-000-km-mas-bajo-gestion-privada\/#article","isPartOf":{"@id":"https:\/\/informelitoral.com.ar\/el-gobierno-lanza-concesiones-de-rutas-nacionales-4-000-km-mas-bajo-gestion-privada\/"},"author":{"name":"Sebastian","@id":"https:\/\/informelitoral.com.ar\/#\/schema\/person\/f05f9f461677119578717524b127d6d5"},"headline":"El Gobierno lanz\u00f3 concesiones de rutas nacionales: 4.000 Km m\u00e1s bajo gesti\u00f3n privada","datePublished":"2025-06-05T10:55:38+00:00","dateModified":"2025-06-05T19:43:12+00:00","mainEntityOfPage":{"@id":"https:\/\/informelitoral.com.ar\/el-gobierno-lanza-concesiones-de-rutas-nacionales-4-000-km-mas-bajo-gestion-privada\/"},"wordCount":632,"commentCount":0,"publisher":{"@id":"https:\/\/informelitoral.com.ar\/#organization"},"image":{"@id":"https:\/\/informelitoral.com.ar\/el-gobierno-lanza-concesiones-de-rutas-nacionales-4-000-km-mas-bajo-gestion-privada\/#primaryimage"},"thumbnailUrl":"https:\/\/elonce-media.elonce.com\/fotos\/2024\/09\/25\/l_1727272769_54415.webp","keywords":["Licitaci\u00f3n","Obras viales"],"articleSection":["Entre R\u00edos"],"inLanguage":"es","potentialAction":[{"@type":"CommentAction","name":"Comment","target":["https:\/\/informelitoral.com.ar\/el-gobierno-lanza-concesiones-de-rutas-nacionales-4-000-km-mas-bajo-gestion-privada\/#respond"]}]},{"@type":"WebPage","@id":"https:\/\/informelitoral.com.ar\/el-gobierno-lanza-concesiones-de-rutas-nacionales-4-000-km-mas-bajo-gestion-privada\/","url":"https:\/\/informelitoral.com.ar\/el-gobierno-lanza-concesiones-de-rutas-nacionales-4-000-km-mas-bajo-gestion-privada\/","name":"El Gobierno lanz\u00f3 concesiones de rutas nacionales: 4.000 Km m\u00e1s bajo gesti\u00f3n privada - Informe Litoral","isPartOf":{"@id":"https:\/\/informelitoral.com.ar\/#website"},"primaryImageOfPage":{"@id":"https:\/\/informelitoral.com.ar\/el-gobierno-lanza-concesiones-de-rutas-nacionales-4-000-km-mas-bajo-gestion-privada\/#primaryimage"},"image":{"@id":"https:\/\/informelitoral.com.ar\/el-gobierno-lanza-concesiones-de-rutas-nacionales-4-000-km-mas-bajo-gestion-privada\/#primaryimage"},"thumbnailUrl":"https:\/\/elonce-media.elonce.com\/fotos\/2024\/09\/25\/l_1727272769_54415.webp","datePublished":"2025-06-05T10:55:38+00:00","dateModified":"2025-06-05T19:43:12+00:00","breadcrumb":{"@id":"https:\/\/informelitoral.com.ar\/el-gobierno-lanza-concesiones-de-rutas-nacionales-4-000-km-mas-bajo-gestion-privada\/#breadcrumb"},"inLanguage":"es","potentialAction":[{"@type":"ReadAction","target":["https:\/\/informelitoral.com.ar\/el-gobierno-lanza-concesiones-de-rutas-nacionales-4-000-km-mas-bajo-gestion-privada\/"]}]},{"@type":"ImageObject","inLanguage":"es","@id":"https:\/\/informelitoral.com.ar\/el-gobierno-lanza-concesiones-de-rutas-nacionales-4-000-km-mas-bajo-gestion-privada\/#primaryimage","url":"https:\/\/elonce-media.elonce.com\/fotos\/2024\/09\/25\/l_1727272769_54415.webp","contentUrl":"https:\/\/elonce-media.elonce.com\/fotos\/2024\/09\/25\/l_1727272769_54415.webp","width":"1200","height":"800"},{"@type":"BreadcrumbList","@id":"https:\/\/informelitoral.com.ar\/el-gobierno-lanza-concesiones-de-rutas-nacionales-4-000-km-mas-bajo-gestion-privada\/#breadcrumb","itemListElement":[{"@type":"ListItem","position":1,"name":"Portada","item":"https:\/\/informelitoral.com.ar\/"},{"@type":"ListItem","position":2,"name":"El Gobierno lanz\u00f3 concesiones de rutas nacionales: 4.000 Km m\u00e1s bajo gesti\u00f3n privada"}]},{"@type":"WebSite","@id":"https:\/\/informelitoral.com.ar\/#website","url":"https:\/\/informelitoral.com.ar\/","name":"Informe Litoral","description":"&quot;Nos informamos&quot; ","publisher":{"@id":"https:\/\/informelitoral.com.ar\/#organization"},"potentialAction":[{"@type":"SearchAction","target":{"@type":"EntryPoint","urlTemplate":"https:\/\/informelitoral.com.ar\/?s={search_term_string}"},"query-input":{"@type":"PropertyValueSpecification","valueRequired":true,"valueName":"search_term_string"}}],"inLanguage":"es"},{"@type":"Organization","@id":"https:\/\/informelitoral.com.ar\/#organization","name":"Informe Litoral","url":"https:\/\/informelitoral.com.ar\/","logo":{"@type":"ImageObject","inLanguage":"es","@id":"https:\/\/informelitoral.com.ar\/#\/schema\/logo\/image\/","url":"https:\/\/informelitoral.com.ar\/%77%70%2d%63%6f%6e%74%65%6e%74\/uploads\/2021\/01\/circulo.png","contentUrl":"https:\/\/informelitoral.com.ar\/%77%70%2d%63%6f%6e%74%65%6e%74\/uploads\/2021\/01\/circulo.png","width":723,"height":731,"caption":"Informe Litoral"},"image":{"@id":"https:\/\/informelitoral.com.ar\/#\/schema\/logo\/image\/"},"sameAs":["https:\/\/www.facebook.com\/informelitoral\/","https:\/\/x.com\/InformeLitoral","https:\/\/www.instagram.com\/informelitoral\/","https:\/\/www.youtube.com\/channel\/UCua4Qvz8Icb6MYqhoq9xLXw"]},{"@type":"Person","@id":"https:\/\/informelitoral.com.ar\/#\/schema\/person\/f05f9f461677119578717524b127d6d5","name":"Sebastian","image":{"@type":"ImageObject","inLanguage":"es","@id":"https:\/\/secure.gravatar.com\/avatar\/b71bf7481d447dfb9583c7f2798e7cc64de6efb9067b74633ed8c31059a3bd82?s=96&d=mm&r=g","url":"https:\/\/secure.gravatar.com\/avatar\/b71bf7481d447dfb9583c7f2798e7cc64de6efb9067b74633ed8c31059a3bd82?s=96&d=mm&r=g","contentUrl":"https:\/\/secure.gravatar.com\/avatar\/b71bf7481d447dfb9583c7f2798e7cc64de6efb9067b74633ed8c31059a3bd82?s=96&d=mm&r=g","caption":"Sebastian"},"url":"https:\/\/informelitoral.com.ar\/author\/sebastian\/"}]}},"fifu_image_url":"https:\/\/elonce-media.elonce.com\/fotos\/2024\/09\/25\/l_1727272769_54415.webp","_links":{"self":[{"href":"https:\/\/informelitoral.com.ar\/%77%70%2d%6a%73%6f%6e\/wp\/v2\/posts\/223191","targetHints":{"allow":["GET"]}}],"collection":[{"href":"https:\/\/informelitoral.com.ar\/%77%70%2d%6a%73%6f%6e\/wp\/v2\/posts"}],"about":[{"href":"https:\/\/informelitoral.com.ar\/%77%70%2d%6a%73%6f%6e\/wp\/v2\/types\/post"}],"author":[{"embeddable":true,"href":"https:\/\/informelitoral.com.ar\/%77%70%2d%6a%73%6f%6e\/wp\/v2\/users\/8"}],"replies":[{"embeddable":true,"href":"https:\/\/informelitoral.com.ar\/%77%70%2d%6a%73%6f%6e\/wp\/v2\/comments?post=223191"}],"version-history":[{"count":3,"href":"https:\/\/informelitoral.com.ar\/%77%70%2d%6a%73%6f%6e\/wp\/v2\/posts\/223191\/revisions"}],"predecessor-version":[{"id":223195,"href":"https:\/\/informelitoral.com.ar\/%77%70%2d%6a%73%6f%6e\/wp\/v2\/posts\/223191\/revisions\/223195"}],"wp:featuredmedia":[{"embeddable":true,"href":"https:\/\/informelitoral.com.ar\/%77%70%2d%6a%73%6f%6e\/wp\/v2\/media\/223192"}],"wp:attachment":[{"href":"https:\/\/informelitoral.com.ar\/%77%70%2d%6a%73%6f%6e\/wp\/v2\/media?parent=223191"}],"wp:term":[{"taxonomy":"category","embeddable":true,"href":"https:\/\/informelitoral.com.ar\/%77%70%2d%6a%73%6f%6e\/wp\/v2\/categories?post=223191"},{"taxonomy":"post_tag","embeddable":true,"href":"https:\/\/informelitoral.com.ar\/%77%70%2d%6a%73%6f%6e\/wp\/v2\/tags?post=223191"}],"curies":[{"name":"wp","href":"https:\/\/api.w.org\/{rel}","templated":true}]}}