{"id":2231,"date":"2013-06-25T09:00:18","date_gmt":"2013-06-25T12:00:18","guid":{"rendered":"http:\/\/www.isletasnoticias.com.ar\/?p=2231"},"modified":"2013-06-25T09:04:47","modified_gmt":"2013-06-25T12:04:47","slug":"solicitan-que-la-junta-de-gobierno-declare-a-isletas-libre-de-fracking","status":"publish","type":"post","link":"https:\/\/informelitoral.com.ar\/solicitan-que-la-junta-de-gobierno-declare-a-isletas-libre-de-fracking\/","title":{"rendered":"Solicitan que la Junta de Gobierno declare a Isletas \u00ablibre de fracking\u00bb"},"content":{"rendered":"<p><strong> La Juventud Radical de Isletas, elabor\u00f3 una nota donde solicitan a la Junta de Gobierno local que se declare al Distrito \u00ablibre de fracking\u00bb. Con ello, Isletas se sumar\u00eda a otras ciudades que se declararon en tal sentido, com<strong>o Diamante y San Jaime. Ahora son las autoridades locales quienes deber\u00e1n tomar la decisi\u00f3n.<\/strong><\/strong><\/p>\n<p><img loading=\"lazy\" decoding=\"async\" class=\"size-medium wp-image-2232 aligncenter\" alt=\"fracking\" src=\"http:\/\/www.isletasnoticias.com.ar\/%77%70%2d%63%6f%6e%74%65%6e%74\/uploads\/2013\/06\/fracking-300x175.png\" width=\"300\" height=\"175\" srcset=\"https:\/\/informelitoral.com.ar\/%77%70%2d%63%6f%6e%74%65%6e%74\/uploads\/2013\/06\/fracking-300x175.png 300w, https:\/\/informelitoral.com.ar\/%77%70%2d%63%6f%6e%74%65%6e%74\/uploads\/2013\/06\/fracking.png 764w\" sizes=\"auto, (max-width: 300px) 100vw, 300px\" \/><\/p>\n<p>Los integrantes de la Juventud Radical local ya entregaron la solicitud a las autoridades locales. Con la misma buscan generar conciencia y\u00a0manifestarse en el mismo sentido que el partido al que pertenecen.<\/p>\n<p>El primer punto de la presentaci\u00f3n, pide\u00a0\u00abExpresar un terminante rechazo a todo intento de permitir la exploraci\u00f3n y\/o explotaci\u00f3n de hidrocarburos a trav\u00e9s del m\u00e9todo del \u00abfracking\u00bb o fractura hidr\u00e1ulica en la provincia de Entre R\u00edos\u00bb. En segundo t\u00e9rmino, se dirigen a las autoridades de la &#8216;Junta&#8217; para \u00abInstarlos a sancionar con car\u00e1cter de ordenanza la prohibici\u00f3n de la actividad de Exploraci\u00f3n y Explotaci\u00f3n de yacimientos no convencionales de hidrocarburos bajo la t\u00e9cnica de Fractura Hidr\u00e1ulica o Fracking en el Distrito Isletas, Departamento Diamante; para preservar el sistema ecol\u00f3gico, los recursos naturales y el medio ambiente, a efectos de garantizar las condiciones de vida de los habitantes dentro de nuestra jurisdicci\u00f3n; y donde adem\u00e1s se exija la obligatoriedad de la Evaluaci\u00f3n Ambiental Estrat\u00e9gica, instrumento de la pol\u00edtica ambiental creado en la reforma constitucional de 2008, aplicado al conjunto de planes, programas y proyectos vinculados a la actividad hidrocarbur\u00edfera, de manera previa\u00a0al otorgamiento de cualquier permiso \u00ab.<\/p>\n<p><a href=\"http:\/\/www.isletasnoticias.com.ar\/%77%70%2d%63%6f%6e%74%65%6e%74\/uploads\/2013\/03\/lucas-eichman.jpg\"><img loading=\"lazy\" decoding=\"async\" class=\"size-medium wp-image-592 alignright\" title=\"Lucas Eichmann, presidente de la JR\" alt=\"lucas eichman\" src=\"http:\/\/www.isletasnoticias.com.ar\/%77%70%2d%63%6f%6e%74%65%6e%74\/uploads\/2013\/03\/lucas-eichman-225x300.jpg\" width=\"225\" height=\"300\" srcset=\"https:\/\/informelitoral.com.ar\/%77%70%2d%63%6f%6e%74%65%6e%74\/uploads\/2013\/03\/lucas-eichman-225x300.jpg 225w, https:\/\/informelitoral.com.ar\/%77%70%2d%63%6f%6e%74%65%6e%74\/uploads\/2013\/03\/lucas-eichman-768x1024.jpg 768w, https:\/\/informelitoral.com.ar\/%77%70%2d%63%6f%6e%74%65%6e%74\/uploads\/2013\/03\/lucas-eichman.jpg 1200w\" sizes=\"auto, (max-width: 225px) 100vw, 225px\" \/><\/a><\/p>\n<p style=\"text-align: left;\">\u00a0 En comunicaci\u00f3n telef\u00f3nica con <em><strong>ISLETAS NOTICIAS<\/strong><\/em>, el presiente de la JR<strong> Lucas Fabricio Eichmann,<\/strong> se mostr\u00f3 sorprendido por la repercusi\u00f3n de la solicitud y a la vez destac\u00f3 que Isletas se declare en coincidencia con ciudades de la regi\u00f3n como Diamante y a la vez haci\u00e9ndose eco del \u00abdespliegue de concientizaci\u00f3n y rechazo llevado adelante por nuestra fuerza pol\u00edtica.\u00bb Remarc\u00f3 el joven militante y finalmente \u00a0reconoci\u00f3 que ahora deben esperar a lo que resuelvan los integrantes de la Junta de Gobierno.<\/p>\n<p style=\"text-align: left;\">\u00a0 Cabe destacar, que en caso de que la Junta de Gobierno le de el visto bueno al proyecto, Isletas ser\u00eda la primer localidad rural en declararse libre de fracking.<\/p>\n","protected":false},"excerpt":{"rendered":"<p>La Juventud Radical de Isletas, elabor&oacute; una nota donde solicitan a la Junta de Gobierno local que se declare al Distrito &laquo;libre de fracking&raquo;. Con ello, Isletas se sumar&iacute;a a otras ciudades que se declararon en tal sentido, como Diamante y San Jaime. Ahora son las autoridades locales quienes deber&aacute;n tomar la decisi&oacute;n. Los integrantes [&hellip;]<\/p>\n","protected":false},"author":2,"featured_media":0,"comment_status":"open","ping_status":"open","sticky":false,"template":"","format":"standard","meta":{"fifu_image_url":"","fifu_image_alt":"","footnotes":""},"categories":[4,16],"tags":[],"class_list":{"0":"post-2231","1":"post","2":"type-post","3":"status-publish","4":"format-standard","6":"category-locales","7":"category-politi"},"yoast_head":"<title>Solicitan que la Junta de Gobierno declare a Isletas &quot;libre de fracking&quot; - Informe Litoral<\/title>\n<meta name=\"robots\" content=\"index, follow, max-snippet:-1, max-image-preview:large, max-video-preview:-1\" \/>\n<link rel=\"canonical\" href=\"https:\/\/informelitoral.com.ar\/solicitan-que-la-junta-de-gobierno-declare-a-isletas-libre-de-fracking\/\" \/>\n<meta property=\"og:locale\" content=\"es_ES\" \/>\n<meta property=\"og:type\" content=\"article\" \/>\n<meta property=\"og:title\" content=\"Solicitan que la Junta de Gobierno declare a Isletas &quot;libre de fracking&quot; - Informe Litoral\" \/>\n<meta property=\"og:description\" content=\"La Juventud Radical de Isletas, elabor&oacute; una nota donde solicitan a la Junta de Gobierno local que se declare al Distrito &laquo;libre de fracking&raquo;. Con ello, Isletas se sumar&iacute;a a otras ciudades que se declararon en tal sentido, como Diamante y San Jaime. Ahora son las autoridades locales quienes deber&aacute;n tomar la decisi&oacute;n. Los integrantes [&hellip;]\" \/>\n<meta property=\"og:url\" content=\"https:\/\/informelitoral.com.ar\/solicitan-que-la-junta-de-gobierno-declare-a-isletas-libre-de-fracking\/\" \/>\n<meta property=\"og:site_name\" content=\"Informe Litoral\" \/>\n<meta property=\"article:publisher\" content=\"https:\/\/www.facebook.com\/informelitoral\/\" \/>\n<meta property=\"article:published_time\" content=\"2013-06-25T12:00:18+00:00\" \/>\n<meta property=\"article:modified_time\" content=\"2013-06-25T12:04:47+00:00\" \/>\n<meta property=\"og:image\" content=\"https:\/\/informelitoral.com.ar\/%77%70%2d%63%6f%6e%74%65%6e%74\/uploads\/2013\/06\/fracking.png\" \/>\n\t<meta property=\"og:image:width\" content=\"764\" \/>\n\t<meta property=\"og:image:height\" content=\"446\" \/>\n\t<meta property=\"og:image:type\" content=\"image\/png\" \/>\n<meta name=\"author\" content=\"Gonzalo Schmidt\" \/>\n<meta name=\"twitter:card\" content=\"summary_large_image\" \/>\n<meta name=\"twitter:creator\" content=\"@InformeLitoral\" \/>\n<meta name=\"twitter:site\" content=\"@InformeLitoral\" \/>\n<meta name=\"twitter:label1\" content=\"Escrito por\" \/>\n\t<meta name=\"twitter:data1\" content=\"Gonzalo Schmidt\" \/>\n\t<meta name=\"twitter:label2\" content=\"Tiempo de lectura\" \/>\n\t<meta name=\"twitter:data2\" content=\"2 minutos\" \/>\n<script type=\"application\/ld+json\" class=\"yoast-schema-graph\">{\"@context\":\"https:\\\/\\\/schema.org\",\"@graph\":[{\"@type\":\"Article\",\"@id\":\"https:\\\/\\\/informelitoral.com.ar\\\/solicitan-que-la-junta-de-gobierno-declare-a-isletas-libre-de-fracking\\\/#article\",\"isPartOf\":{\"@id\":\"https:\\\/\\\/informelitoral.com.ar\\\/solicitan-que-la-junta-de-gobierno-declare-a-isletas-libre-de-fracking\\\/\"},\"author\":{\"name\":\"Gonzalo Schmidt\",\"@id\":\"https:\\\/\\\/informelitoral.com.ar\\\/#\\\/schema\\\/person\\\/b9d00407c836482871ef1d57bf8e3180\"},\"headline\":\"Solicitan que la Junta de Gobierno declare a Isletas \u00ablibre de fracking\u00bb\",\"datePublished\":\"2013-06-25T12:00:18+00:00\",\"dateModified\":\"2013-06-25T12:04:47+00:00\",\"mainEntityOfPage\":{\"@id\":\"https:\\\/\\\/informelitoral.com.ar\\\/solicitan-que-la-junta-de-gobierno-declare-a-isletas-libre-de-fracking\\\/\"},\"wordCount\":397,\"commentCount\":0,\"publisher\":{\"@id\":\"https:\\\/\\\/informelitoral.com.ar\\\/#organization\"},\"image\":{\"@id\":\"https:\\\/\\\/informelitoral.com.ar\\\/solicitan-que-la-junta-de-gobierno-declare-a-isletas-libre-de-fracking\\\/#primaryimage\"},\"thumbnailUrl\":\"http:\\\/\\\/www.isletasnoticias.com.ar\\\/%77%70%2d%63%6f%6e%74%65%6e%74\\\/uploads\\\/2013\\\/06\\\/fracking-300x175.png\",\"articleSection\":[\"Isletas\",\"Politica\"],\"inLanguage\":\"es\",\"potentialAction\":[{\"@type\":\"CommentAction\",\"name\":\"Comment\",\"target\":[\"https:\\\/\\\/informelitoral.com.ar\\\/solicitan-que-la-junta-de-gobierno-declare-a-isletas-libre-de-fracking\\\/#respond\"]}]},{\"@type\":\"WebPage\",\"@id\":\"https:\\\/\\\/informelitoral.com.ar\\\/solicitan-que-la-junta-de-gobierno-declare-a-isletas-libre-de-fracking\\\/\",\"url\":\"https:\\\/\\\/informelitoral.com.ar\\\/solicitan-que-la-junta-de-gobierno-declare-a-isletas-libre-de-fracking\\\/\",\"name\":\"Solicitan que la Junta de Gobierno declare a Isletas \\\"libre de fracking\\\" - Informe Litoral\",\"isPartOf\":{\"@id\":\"https:\\\/\\\/informelitoral.com.ar\\\/#website\"},\"primaryImageOfPage\":{\"@id\":\"https:\\\/\\\/informelitoral.com.ar\\\/solicitan-que-la-junta-de-gobierno-declare-a-isletas-libre-de-fracking\\\/#primaryimage\"},\"image\":{\"@id\":\"https:\\\/\\\/informelitoral.com.ar\\\/solicitan-que-la-junta-de-gobierno-declare-a-isletas-libre-de-fracking\\\/#primaryimage\"},\"thumbnailUrl\":\"http:\\\/\\\/www.isletasnoticias.com.ar\\\/%77%70%2d%63%6f%6e%74%65%6e%74\\\/uploads\\\/2013\\\/06\\\/fracking-300x175.png\",\"datePublished\":\"2013-06-25T12:00:18+00:00\",\"dateModified\":\"2013-06-25T12:04:47+00:00\",\"breadcrumb\":{\"@id\":\"https:\\\/\\\/informelitoral.com.ar\\\/solicitan-que-la-junta-de-gobierno-declare-a-isletas-libre-de-fracking\\\/#breadcrumb\"},\"inLanguage\":\"es\",\"potentialAction\":[{\"@type\":\"ReadAction\",\"target\":[\"https:\\\/\\\/informelitoral.com.ar\\\/solicitan-que-la-junta-de-gobierno-declare-a-isletas-libre-de-fracking\\\/\"]}]},{\"@type\":\"ImageObject\",\"inLanguage\":\"es\",\"@id\":\"https:\\\/\\\/informelitoral.com.ar\\\/solicitan-que-la-junta-de-gobierno-declare-a-isletas-libre-de-fracking\\\/#primaryimage\",\"url\":\"http:\\\/\\\/www.isletasnoticias.com.ar\\\/%77%70%2d%63%6f%6e%74%65%6e%74\\\/uploads\\\/2013\\\/06\\\/fracking-300x175.png\",\"contentUrl\":\"http:\\\/\\\/www.isletasnoticias.com.ar\\\/%77%70%2d%63%6f%6e%74%65%6e%74\\\/uploads\\\/2013\\\/06\\\/fracking-300x175.png\"},{\"@type\":\"BreadcrumbList\",\"@id\":\"https:\\\/\\\/informelitoral.com.ar\\\/solicitan-que-la-junta-de-gobierno-declare-a-isletas-libre-de-fracking\\\/#breadcrumb\",\"itemListElement\":[{\"@type\":\"ListItem\",\"position\":1,\"name\":\"Portada\",\"item\":\"https:\\\/\\\/informelitoral.com.ar\\\/\"},{\"@type\":\"ListItem\",\"position\":2,\"name\":\"Solicitan que la Junta de Gobierno declare a Isletas \u00ablibre de fracking\u00bb\"}]},{\"@type\":\"WebSite\",\"@id\":\"https:\\\/\\\/informelitoral.com.ar\\\/#website\",\"url\":\"https:\\\/\\\/informelitoral.com.ar\\\/\",\"name\":\"Informe Litoral\",\"description\":\"&quot;Nos informamos&quot; \",\"publisher\":{\"@id\":\"https:\\\/\\\/informelitoral.com.ar\\\/#organization\"},\"potentialAction\":[{\"@type\":\"SearchAction\",\"target\":{\"@type\":\"EntryPoint\",\"urlTemplate\":\"https:\\\/\\\/informelitoral.com.ar\\\/?s={search_term_string}\"},\"query-input\":{\"@type\":\"PropertyValueSpecification\",\"valueRequired\":true,\"valueName\":\"search_term_string\"}}],\"inLanguage\":\"es\"},{\"@type\":\"Organization\",\"@id\":\"https:\\\/\\\/informelitoral.com.ar\\\/#organization\",\"name\":\"Informe Litoral\",\"url\":\"https:\\\/\\\/informelitoral.com.ar\\\/\",\"logo\":{\"@type\":\"ImageObject\",\"inLanguage\":\"es\",\"@id\":\"https:\\\/\\\/informelitoral.com.ar\\\/#\\\/schema\\\/logo\\\/image\\\/\",\"url\":\"https:\\\/\\\/informelitoral.com.ar\\\/%77%70%2d%63%6f%6e%74%65%6e%74\\\/uploads\\\/2021\\\/01\\\/circulo.png\",\"contentUrl\":\"https:\\\/\\\/informelitoral.com.ar\\\/%77%70%2d%63%6f%6e%74%65%6e%74\\\/uploads\\\/2021\\\/01\\\/circulo.png\",\"width\":723,\"height\":731,\"caption\":\"Informe Litoral\"},\"image\":{\"@id\":\"https:\\\/\\\/informelitoral.com.ar\\\/#\\\/schema\\\/logo\\\/image\\\/\"},\"sameAs\":[\"https:\\\/\\\/www.facebook.com\\\/informelitoral\\\/\",\"https:\\\/\\\/x.com\\\/InformeLitoral\",\"https:\\\/\\\/www.instagram.com\\\/informelitoral\\\/\",\"https:\\\/\\\/www.youtube.com\\\/channel\\\/UCua4Qvz8Icb6MYqhoq9xLXw\"]},{\"@type\":\"Person\",\"@id\":\"https:\\\/\\\/informelitoral.com.ar\\\/#\\\/schema\\\/person\\\/b9d00407c836482871ef1d57bf8e3180\",\"name\":\"Gonzalo Schmidt\",\"image\":{\"@type\":\"ImageObject\",\"inLanguage\":\"es\",\"@id\":\"https:\\\/\\\/secure.gravatar.com\\\/avatar\\\/31a1a7b66ff2de83bd0e9fd79d026630d2d99e55e8bfe501287647b4fd9743de?s=96&d=mm&r=g\",\"url\":\"https:\\\/\\\/secure.gravatar.com\\\/avatar\\\/31a1a7b66ff2de83bd0e9fd79d026630d2d99e55e8bfe501287647b4fd9743de?s=96&d=mm&r=g\",\"contentUrl\":\"https:\\\/\\\/secure.gravatar.com\\\/avatar\\\/31a1a7b66ff2de83bd0e9fd79d026630d2d99e55e8bfe501287647b4fd9743de?s=96&d=mm&r=g\",\"caption\":\"Gonzalo Schmidt\"},\"description\":\"Sitio web de noticias de la provincia de Entre R\u00edos, Argentina. Informaci\u00f3n y entretenimiento. Informe Litoral, nos informamos.\",\"sameAs\":[\"http:\\\/\\\/www.isletasnoticias.com.ar\"],\"url\":\"https:\\\/\\\/informelitoral.com.ar\\\/author\\\/gonzalo\\\/\"}]}<\/script>","yoast_head_json":{"title":"Solicitan que la Junta de Gobierno declare a Isletas \"libre de fracking\" - Informe Litoral","robots":{"index":"index","follow":"follow","max-snippet":"max-snippet:-1","max-image-preview":"max-image-preview:large","max-video-preview":"max-video-preview:-1"},"canonical":"https:\/\/informelitoral.com.ar\/solicitan-que-la-junta-de-gobierno-declare-a-isletas-libre-de-fracking\/","og_locale":"es_ES","og_type":"article","og_title":"Solicitan que la Junta de Gobierno declare a Isletas \"libre de fracking\" - Informe Litoral","og_description":"La Juventud Radical de Isletas, elabor&oacute; una nota donde solicitan a la Junta de Gobierno local que se declare al Distrito &laquo;libre de fracking&raquo;. Con ello, Isletas se sumar&iacute;a a otras ciudades que se declararon en tal sentido, como Diamante y San Jaime. Ahora son las autoridades locales quienes deber&aacute;n tomar la decisi&oacute;n. Los integrantes [&hellip;]","og_url":"https:\/\/informelitoral.com.ar\/solicitan-que-la-junta-de-gobierno-declare-a-isletas-libre-de-fracking\/","og_site_name":"Informe Litoral","article_publisher":"https:\/\/www.facebook.com\/informelitoral\/","article_published_time":"2013-06-25T12:00:18+00:00","article_modified_time":"2013-06-25T12:04:47+00:00","og_image":[{"width":764,"height":446,"url":"https:\/\/informelitoral.com.ar\/%77%70%2d%63%6f%6e%74%65%6e%74\/uploads\/2013\/06\/fracking.png","type":"image\/png"}],"author":"Gonzalo Schmidt","twitter_card":"summary_large_image","twitter_creator":"@InformeLitoral","twitter_site":"@InformeLitoral","twitter_misc":{"Escrito por":"Gonzalo Schmidt","Tiempo de lectura":"2 minutos"},"schema":{"@context":"https:\/\/schema.org","@graph":[{"@type":"Article","@id":"https:\/\/informelitoral.com.ar\/solicitan-que-la-junta-de-gobierno-declare-a-isletas-libre-de-fracking\/#article","isPartOf":{"@id":"https:\/\/informelitoral.com.ar\/solicitan-que-la-junta-de-gobierno-declare-a-isletas-libre-de-fracking\/"},"author":{"name":"Gonzalo Schmidt","@id":"https:\/\/informelitoral.com.ar\/#\/schema\/person\/b9d00407c836482871ef1d57bf8e3180"},"headline":"Solicitan que la Junta de Gobierno declare a Isletas \u00ablibre de fracking\u00bb","datePublished":"2013-06-25T12:00:18+00:00","dateModified":"2013-06-25T12:04:47+00:00","mainEntityOfPage":{"@id":"https:\/\/informelitoral.com.ar\/solicitan-que-la-junta-de-gobierno-declare-a-isletas-libre-de-fracking\/"},"wordCount":397,"commentCount":0,"publisher":{"@id":"https:\/\/informelitoral.com.ar\/#organization"},"image":{"@id":"https:\/\/informelitoral.com.ar\/solicitan-que-la-junta-de-gobierno-declare-a-isletas-libre-de-fracking\/#primaryimage"},"thumbnailUrl":"http:\/\/www.isletasnoticias.com.ar\/%77%70%2d%63%6f%6e%74%65%6e%74\/uploads\/2013\/06\/fracking-300x175.png","articleSection":["Isletas","Politica"],"inLanguage":"es","potentialAction":[{"@type":"CommentAction","name":"Comment","target":["https:\/\/informelitoral.com.ar\/solicitan-que-la-junta-de-gobierno-declare-a-isletas-libre-de-fracking\/#respond"]}]},{"@type":"WebPage","@id":"https:\/\/informelitoral.com.ar\/solicitan-que-la-junta-de-gobierno-declare-a-isletas-libre-de-fracking\/","url":"https:\/\/informelitoral.com.ar\/solicitan-que-la-junta-de-gobierno-declare-a-isletas-libre-de-fracking\/","name":"Solicitan que la Junta de Gobierno declare a Isletas \"libre de fracking\" - Informe Litoral","isPartOf":{"@id":"https:\/\/informelitoral.com.ar\/#website"},"primaryImageOfPage":{"@id":"https:\/\/informelitoral.com.ar\/solicitan-que-la-junta-de-gobierno-declare-a-isletas-libre-de-fracking\/#primaryimage"},"image":{"@id":"https:\/\/informelitoral.com.ar\/solicitan-que-la-junta-de-gobierno-declare-a-isletas-libre-de-fracking\/#primaryimage"},"thumbnailUrl":"http:\/\/www.isletasnoticias.com.ar\/%77%70%2d%63%6f%6e%74%65%6e%74\/uploads\/2013\/06\/fracking-300x175.png","datePublished":"2013-06-25T12:00:18+00:00","dateModified":"2013-06-25T12:04:47+00:00","breadcrumb":{"@id":"https:\/\/informelitoral.com.ar\/solicitan-que-la-junta-de-gobierno-declare-a-isletas-libre-de-fracking\/#breadcrumb"},"inLanguage":"es","potentialAction":[{"@type":"ReadAction","target":["https:\/\/informelitoral.com.ar\/solicitan-que-la-junta-de-gobierno-declare-a-isletas-libre-de-fracking\/"]}]},{"@type":"ImageObject","inLanguage":"es","@id":"https:\/\/informelitoral.com.ar\/solicitan-que-la-junta-de-gobierno-declare-a-isletas-libre-de-fracking\/#primaryimage","url":"http:\/\/www.isletasnoticias.com.ar\/%77%70%2d%63%6f%6e%74%65%6e%74\/uploads\/2013\/06\/fracking-300x175.png","contentUrl":"http:\/\/www.isletasnoticias.com.ar\/%77%70%2d%63%6f%6e%74%65%6e%74\/uploads\/2013\/06\/fracking-300x175.png"},{"@type":"BreadcrumbList","@id":"https:\/\/informelitoral.com.ar\/solicitan-que-la-junta-de-gobierno-declare-a-isletas-libre-de-fracking\/#breadcrumb","itemListElement":[{"@type":"ListItem","position":1,"name":"Portada","item":"https:\/\/informelitoral.com.ar\/"},{"@type":"ListItem","position":2,"name":"Solicitan que la Junta de Gobierno declare a Isletas \u00ablibre de fracking\u00bb"}]},{"@type":"WebSite","@id":"https:\/\/informelitoral.com.ar\/#website","url":"https:\/\/informelitoral.com.ar\/","name":"Informe Litoral","description":"&quot;Nos informamos&quot; ","publisher":{"@id":"https:\/\/informelitoral.com.ar\/#organization"},"potentialAction":[{"@type":"SearchAction","target":{"@type":"EntryPoint","urlTemplate":"https:\/\/informelitoral.com.ar\/?s={search_term_string}"},"query-input":{"@type":"PropertyValueSpecification","valueRequired":true,"valueName":"search_term_string"}}],"inLanguage":"es"},{"@type":"Organization","@id":"https:\/\/informelitoral.com.ar\/#organization","name":"Informe Litoral","url":"https:\/\/informelitoral.com.ar\/","logo":{"@type":"ImageObject","inLanguage":"es","@id":"https:\/\/informelitoral.com.ar\/#\/schema\/logo\/image\/","url":"https:\/\/informelitoral.com.ar\/%77%70%2d%63%6f%6e%74%65%6e%74\/uploads\/2021\/01\/circulo.png","contentUrl":"https:\/\/informelitoral.com.ar\/%77%70%2d%63%6f%6e%74%65%6e%74\/uploads\/2021\/01\/circulo.png","width":723,"height":731,"caption":"Informe Litoral"},"image":{"@id":"https:\/\/informelitoral.com.ar\/#\/schema\/logo\/image\/"},"sameAs":["https:\/\/www.facebook.com\/informelitoral\/","https:\/\/x.com\/InformeLitoral","https:\/\/www.instagram.com\/informelitoral\/","https:\/\/www.youtube.com\/channel\/UCua4Qvz8Icb6MYqhoq9xLXw"]},{"@type":"Person","@id":"https:\/\/informelitoral.com.ar\/#\/schema\/person\/b9d00407c836482871ef1d57bf8e3180","name":"Gonzalo Schmidt","image":{"@type":"ImageObject","inLanguage":"es","@id":"https:\/\/secure.gravatar.com\/avatar\/31a1a7b66ff2de83bd0e9fd79d026630d2d99e55e8bfe501287647b4fd9743de?s=96&d=mm&r=g","url":"https:\/\/secure.gravatar.com\/avatar\/31a1a7b66ff2de83bd0e9fd79d026630d2d99e55e8bfe501287647b4fd9743de?s=96&d=mm&r=g","contentUrl":"https:\/\/secure.gravatar.com\/avatar\/31a1a7b66ff2de83bd0e9fd79d026630d2d99e55e8bfe501287647b4fd9743de?s=96&d=mm&r=g","caption":"Gonzalo Schmidt"},"description":"Sitio web de noticias de la provincia de Entre R\u00edos, Argentina. Informaci\u00f3n y entretenimiento. Informe Litoral, nos informamos.","sameAs":["http:\/\/www.isletasnoticias.com.ar"],"url":"https:\/\/informelitoral.com.ar\/author\/gonzalo\/"}]}},"_links":{"self":[{"href":"https:\/\/informelitoral.com.ar\/%77%70%2d%6a%73%6f%6e\/wp\/v2\/posts\/2231","targetHints":{"allow":["GET"]}}],"collection":[{"href":"https:\/\/informelitoral.com.ar\/%77%70%2d%6a%73%6f%6e\/wp\/v2\/posts"}],"about":[{"href":"https:\/\/informelitoral.com.ar\/%77%70%2d%6a%73%6f%6e\/wp\/v2\/types\/post"}],"author":[{"embeddable":true,"href":"https:\/\/informelitoral.com.ar\/%77%70%2d%6a%73%6f%6e\/wp\/v2\/users\/2"}],"replies":[{"embeddable":true,"href":"https:\/\/informelitoral.com.ar\/%77%70%2d%6a%73%6f%6e\/wp\/v2\/comments?post=2231"}],"version-history":[{"count":0,"href":"https:\/\/informelitoral.com.ar\/%77%70%2d%6a%73%6f%6e\/wp\/v2\/posts\/2231\/revisions"}],"wp:attachment":[{"href":"https:\/\/informelitoral.com.ar\/%77%70%2d%6a%73%6f%6e\/wp\/v2\/media?parent=2231"}],"wp:term":[{"taxonomy":"category","embeddable":true,"href":"https:\/\/informelitoral.com.ar\/%77%70%2d%6a%73%6f%6e\/wp\/v2\/categories?post=2231"},{"taxonomy":"post_tag","embeddable":true,"href":"https:\/\/informelitoral.com.ar\/%77%70%2d%6a%73%6f%6e\/wp\/v2\/tags?post=2231"}],"curies":[{"name":"wp","href":"https:\/\/api.w.org\/{rel}","templated":true}]}}