{"id":223096,"date":"2025-06-05T08:11:27","date_gmt":"2025-06-05T11:11:27","guid":{"rendered":"https:\/\/informelitoral.com.ar\/?p=223096"},"modified":"2025-06-05T08:13:41","modified_gmt":"2025-06-05T11:13:41","slug":"el-satelite-argentino-atenea-viajara-a-la-luna-con-la-mision-artemis-ii-de-la-nasa","status":"publish","type":"post","link":"https:\/\/informelitoral.com.ar\/el-satelite-argentino-atenea-viajara-a-la-luna-con-la-mision-artemis-ii-de-la-nasa\/","title":{"rendered":"El sat\u00e9lite Argentino ATENEA viajar\u00e1 a la luna con la misi\u00f3n artemis II de la NASA"},"content":{"rendered":"<p>Argentina alcanzar\u00e1 un nuevo hito en su historia espacial con la participaci\u00f3n del\u00a0<b>microsat\u00e9lite ATENEA<\/b>\u00a0en la\u00a0<b>misi\u00f3n Artemis II<\/b>\u00a0de la NASA, prevista para abril de 2026. Este peque\u00f1o sat\u00e9lite, un\u00a0<b>CubeSat clase 12U<\/b>\u00a0de aproximadamente 30 x 20 x 20 cm, fue desarrollado con activa participaci\u00f3n de estudiantes, docentes e investigadores de la\u00a0<b>Facultad de Ingenier\u00eda de la Universidad de Buenos Aires (FIUBA)<\/b>, en colaboraci\u00f3n con la Comisi\u00f3n Nacional de Actividades Espaciales (<b>CONAE<\/b>) y otras instituciones cient\u00edficas.<\/p>\n<p>ATENEA ser\u00e1 desplegado en el espacio como parte del cargamento cient\u00edfico que acompa\u00f1ar\u00e1 a los cuatro astronautas de Artemis II en un sobrevuelo orbital alrededor de la Luna. Si bien no aterrizar\u00e1 en la superficie lunar, el sat\u00e9lite cumplir\u00e1 funciones clave como plataforma de\u00a0<b>demostraci\u00f3n tecnol\u00f3gica<\/b>, ensayando soluciones que podr\u00edan utilizarse en futuras misiones espaciales.<\/p>\n<p>El proyecto, seleccionado por la NASA tras la adhesi\u00f3n formal de Argentina al\u00a0<b>Programa Artemis<\/b>\u00a0en 2023, busca\u00a0<b>elevar el Nivel de Madurez Tecnol\u00f3gica (TRL)<\/b>\u00a0de distintos desarrollos nacionales. La iniciativa posiciona al pa\u00eds como uno de los pocos en participar activamente en misiones tripuladas fuera de la \u00f3rbita terrestre.<\/p>\n<h2><b>Desarrollo tecnol\u00f3gico con sello argentino<\/b><\/h2>\n<p>El desarrollo de ATENEA implic\u00f3 a\u00f1os de trabajo interdisciplinario en la FIUBA, especialmente desde los departamentos de Electr\u00f3nica y F\u00edsica. El sat\u00e9lite probar\u00e1, entre otras cosas,\u00a0<b>dispositivos optoelectr\u00f3nicos como fotomultiplicadores de silicio (SiPMs)<\/b>, medir\u00e1\u00a0<b>dosis de radiaci\u00f3n<\/b>\u00a0en \u00f3rbitas bajas y profundas, y recoger\u00e1\u00a0<b>datos GPS desde altitudes superiores a la constelaci\u00f3n satelital<\/b>.<\/p>\n<p>&nbsp;<\/p>\n<figure class=\"embed\"><img loading=\"lazy\" decoding=\"async\" class=\"lazy\" src=\"https:\/\/elonce-media.elonce.com\/fotos\/2025\/06\/04\/e_1749088524_5352.webp\" alt=\"Foto: Infobae.\" width=\"600\" height=\"400\" data-src=\"https:\/\/elonce-media.elonce.com\/fotos\/2025\/06\/04\/e_1749088524_5352.webp\" \/><\/figure>\n<p>Adem\u00e1s, validar\u00e1\u00a0<b>enlaces de comunicaci\u00f3n de largo alcance<\/b>, fundamentales para misiones de exploraci\u00f3n en el espacio profundo. Seg\u00fan destac\u00f3 el decano Alejandro Mart\u00ednez, \u201ctodo esto es la culminaci\u00f3n de a\u00f1os de esfuerzos en proyectos como ASTAR, y una demostraci\u00f3n de lo que podemos lograr con ciencia y tecnolog\u00eda local\u201d.<\/p>\n<p>El equipo de FIUBA que trabaj\u00f3 en el sat\u00e9lite incluy\u00f3 al Ing. Julio Zola (director del Departamento de Electr\u00f3nica), el docente Ing. Fernando Filipetti, el estudiante Franco Spadachini, y los doctores ingenieros Marcelo R. Pagnola e Ignacio \u00c1lvarez Hamelin, entre otros destacados profesionales.<\/p>\n<h3><b>Un impulso a la formaci\u00f3n aeroespacial<\/b><\/h3>\n<p>La participaci\u00f3n en Artemis II tambi\u00e9n es un fuerte impulso para la formaci\u00f3n profesional en el sector espacial. En ese marco, FIUBA, junto con CONAE e INVAP, lanz\u00f3 recientemente\u00a0<b>una especializaci\u00f3n y una maestr\u00eda en industria y sistemas aeroespaciales<\/b>, que ya cuenta con notable \u00e9xito.<\/p>\n<p>El acuerdo que formaliza la incorporaci\u00f3n de ATENEA se firm\u00f3 en el aniversario 34 de CONAE, y refuerza la cooperaci\u00f3n internacional en torno al programa Artemis, que tambi\u00e9n incluye agencias de Alemania (DLR), Corea del Sur (KASA) y Arabia Saudita (SSA).<\/p>\n<p>Se trata de la\u00a0<b>primera vez desde el fin del programa Apolo en 1972<\/b>\u00a0que un sat\u00e9lite argentino participar\u00e1 en una misi\u00f3n lunar tripulada. Este logro simboliza un momento hist\u00f3rico para la ciencia argentina y consolida su presencia en el escenario espacial internacional.<\/p>\n<p><em><strong>Del archivo:\u00a0<a href=\"https:\/\/informelitoral.com.ar\/el-gobierno-extiende-la-emergencia-energetica-y-la-intervencion-de-entes-reguladores-hasta-julio-de-2026\/\" target=\"_blank\" rel=\"noopener\">El Gobierno extendi\u00f3 la emergencia energ\u00e9tica y la intervenci\u00f3n de entes reguladores hasta julio de 2026<\/a><\/strong><\/em><\/p>\n","protected":false},"excerpt":{"rendered":"<p>Por primera vez desde 1972, un sat\u00e9lite argentino formar\u00e1 parte de una misi\u00f3n lunar tripulada. El microsat\u00e9lite ATENEA, desarrollado en la FIUBA, volar\u00e1 junto a Artemis II en abril de 2026.<\/p>\n","protected":false},"author":8,"featured_media":223097,"comment_status":"open","ping_status":"open","sticky":false,"template":"","format":"standard","meta":{"fifu_image_url":"https:\/\/elonce-media.elonce.com\/fotos\/2025\/06\/04\/l_1749088524_46323.webp","fifu_image_alt":"","footnotes":""},"categories":[9],"tags":[5780,5124,5781,5779],"class_list":{"0":"post-223096","1":"post","2":"type-post","3":"status-publish","4":"format-standard","5":"has-post-thumbnail","7":"category-sociedad","8":"tag-artemis","9":"tag-la-nasa","10":"tag-mision","11":"tag-satelite"},"yoast_head":"<title>El sat\u00e9lite Argentino ATENEA viajar\u00e1 a la luna con la misi\u00f3n artemis II de la NASA - Informe Litoral<\/title>\n<meta name=\"robots\" content=\"index, follow, max-snippet:-1, max-image-preview:large, max-video-preview:-1\" \/>\n<link rel=\"canonical\" href=\"https:\/\/informelitoral.com.ar\/el-satelite-argentino-atenea-viajara-a-la-luna-con-la-mision-artemis-ii-de-la-nasa\/\" \/>\n<meta property=\"og:locale\" content=\"es_ES\" \/>\n<meta property=\"og:type\" content=\"article\" \/>\n<meta property=\"og:title\" content=\"El sat\u00e9lite Argentino ATENEA viajar\u00e1 a la luna con la misi\u00f3n artemis II de la NASA - Informe Litoral\" \/>\n<meta property=\"og:description\" content=\"Por primera vez desde 1972, un sat\u00e9lite argentino formar\u00e1 parte de una misi\u00f3n lunar tripulada. El microsat\u00e9lite ATENEA, desarrollado en la FIUBA, volar\u00e1 junto a Artemis II en abril de 2026.\" \/>\n<meta property=\"og:url\" content=\"https:\/\/informelitoral.com.ar\/el-satelite-argentino-atenea-viajara-a-la-luna-con-la-mision-artemis-ii-de-la-nasa\/\" \/>\n<meta property=\"og:site_name\" content=\"Informe Litoral\" \/>\n<meta property=\"article:publisher\" content=\"https:\/\/www.facebook.com\/informelitoral\/\" \/>\n<meta property=\"article:published_time\" content=\"2025-06-05T11:11:27+00:00\" \/>\n<meta property=\"article:modified_time\" content=\"2025-06-05T11:13:41+00:00\" \/>\n<meta property=\"og:image\" content=\"https:\/\/elonce-media.elonce.com\/fotos\/2025\/06\/04\/l_1749088524_46323.webp\" \/><meta property=\"og:image\" content=\"https:\/\/elonce-media.elonce.com\/fotos\/2025\/06\/04\/l_1749088524_46323.webp\" \/>\n\t<meta property=\"og:image:width\" content=\"1200\" \/>\n\t<meta property=\"og:image:height\" content=\"800\" \/>\n\t<meta property=\"og:image:type\" content=\"image\/jpeg\" \/>\n<meta name=\"author\" content=\"Sebastian\" \/>\n<meta name=\"twitter:card\" content=\"summary_large_image\" \/>\n<meta name=\"twitter:image\" content=\"https:\/\/elonce-media.elonce.com\/fotos\/2025\/06\/04\/l_1749088524_46323.webp\" \/>\n<meta name=\"twitter:creator\" content=\"@InformeLitoral\" \/>\n<meta name=\"twitter:site\" content=\"@InformeLitoral\" \/>\n<meta name=\"twitter:label1\" content=\"Escrito por\" \/>\n\t<meta name=\"twitter:data1\" content=\"Sebastian\" \/>\n\t<meta name=\"twitter:label2\" content=\"Tiempo de lectura\" \/>\n\t<meta name=\"twitter:data2\" content=\"3 minutos\" \/>\n<script type=\"application\/ld+json\" class=\"yoast-schema-graph\">{\"@context\":\"https:\\\/\\\/schema.org\",\"@graph\":[{\"@type\":\"Article\",\"@id\":\"https:\\\/\\\/informelitoral.com.ar\\\/el-satelite-argentino-atenea-viajara-a-la-luna-con-la-mision-artemis-ii-de-la-nasa\\\/#article\",\"isPartOf\":{\"@id\":\"https:\\\/\\\/informelitoral.com.ar\\\/el-satelite-argentino-atenea-viajara-a-la-luna-con-la-mision-artemis-ii-de-la-nasa\\\/\"},\"author\":{\"name\":\"Sebastian\",\"@id\":\"https:\\\/\\\/informelitoral.com.ar\\\/#\\\/schema\\\/person\\\/f05f9f461677119578717524b127d6d5\"},\"headline\":\"El sat\u00e9lite Argentino ATENEA viajar\u00e1 a la luna con la misi\u00f3n artemis II de la NASA\",\"datePublished\":\"2025-06-05T11:11:27+00:00\",\"dateModified\":\"2025-06-05T11:13:41+00:00\",\"mainEntityOfPage\":{\"@id\":\"https:\\\/\\\/informelitoral.com.ar\\\/el-satelite-argentino-atenea-viajara-a-la-luna-con-la-mision-artemis-ii-de-la-nasa\\\/\"},\"wordCount\":550,\"commentCount\":0,\"publisher\":{\"@id\":\"https:\\\/\\\/informelitoral.com.ar\\\/#organization\"},\"image\":{\"@id\":\"https:\\\/\\\/informelitoral.com.ar\\\/el-satelite-argentino-atenea-viajara-a-la-luna-con-la-mision-artemis-ii-de-la-nasa\\\/#primaryimage\"},\"thumbnailUrl\":\"https:\\\/\\\/elonce-media.elonce.com\\\/fotos\\\/2025\\\/06\\\/04\\\/l_1749088524_46323.webp\",\"keywords\":[\"Artemis\",\"La NASA\",\"Misi\u00f3n\",\"Sat\u00e9lite\"],\"articleSection\":[\"Sociedad\"],\"inLanguage\":\"es\",\"potentialAction\":[{\"@type\":\"CommentAction\",\"name\":\"Comment\",\"target\":[\"https:\\\/\\\/informelitoral.com.ar\\\/el-satelite-argentino-atenea-viajara-a-la-luna-con-la-mision-artemis-ii-de-la-nasa\\\/#respond\"]}]},{\"@type\":\"WebPage\",\"@id\":\"https:\\\/\\\/informelitoral.com.ar\\\/el-satelite-argentino-atenea-viajara-a-la-luna-con-la-mision-artemis-ii-de-la-nasa\\\/\",\"url\":\"https:\\\/\\\/informelitoral.com.ar\\\/el-satelite-argentino-atenea-viajara-a-la-luna-con-la-mision-artemis-ii-de-la-nasa\\\/\",\"name\":\"El sat\u00e9lite Argentino ATENEA viajar\u00e1 a la luna con la misi\u00f3n artemis II de la NASA - Informe Litoral\",\"isPartOf\":{\"@id\":\"https:\\\/\\\/informelitoral.com.ar\\\/#website\"},\"primaryImageOfPage\":{\"@id\":\"https:\\\/\\\/informelitoral.com.ar\\\/el-satelite-argentino-atenea-viajara-a-la-luna-con-la-mision-artemis-ii-de-la-nasa\\\/#primaryimage\"},\"image\":{\"@id\":\"https:\\\/\\\/informelitoral.com.ar\\\/el-satelite-argentino-atenea-viajara-a-la-luna-con-la-mision-artemis-ii-de-la-nasa\\\/#primaryimage\"},\"thumbnailUrl\":\"https:\\\/\\\/elonce-media.elonce.com\\\/fotos\\\/2025\\\/06\\\/04\\\/l_1749088524_46323.webp\",\"datePublished\":\"2025-06-05T11:11:27+00:00\",\"dateModified\":\"2025-06-05T11:13:41+00:00\",\"breadcrumb\":{\"@id\":\"https:\\\/\\\/informelitoral.com.ar\\\/el-satelite-argentino-atenea-viajara-a-la-luna-con-la-mision-artemis-ii-de-la-nasa\\\/#breadcrumb\"},\"inLanguage\":\"es\",\"potentialAction\":[{\"@type\":\"ReadAction\",\"target\":[\"https:\\\/\\\/informelitoral.com.ar\\\/el-satelite-argentino-atenea-viajara-a-la-luna-con-la-mision-artemis-ii-de-la-nasa\\\/\"]}]},{\"@type\":\"ImageObject\",\"inLanguage\":\"es\",\"@id\":\"https:\\\/\\\/informelitoral.com.ar\\\/el-satelite-argentino-atenea-viajara-a-la-luna-con-la-mision-artemis-ii-de-la-nasa\\\/#primaryimage\",\"url\":\"https:\\\/\\\/elonce-media.elonce.com\\\/fotos\\\/2025\\\/06\\\/04\\\/l_1749088524_46323.webp\",\"contentUrl\":\"https:\\\/\\\/elonce-media.elonce.com\\\/fotos\\\/2025\\\/06\\\/04\\\/l_1749088524_46323.webp\",\"width\":\"1200\",\"height\":\"800\"},{\"@type\":\"BreadcrumbList\",\"@id\":\"https:\\\/\\\/informelitoral.com.ar\\\/el-satelite-argentino-atenea-viajara-a-la-luna-con-la-mision-artemis-ii-de-la-nasa\\\/#breadcrumb\",\"itemListElement\":[{\"@type\":\"ListItem\",\"position\":1,\"name\":\"Portada\",\"item\":\"https:\\\/\\\/informelitoral.com.ar\\\/\"},{\"@type\":\"ListItem\",\"position\":2,\"name\":\"El sat\u00e9lite Argentino ATENEA viajar\u00e1 a la luna con la misi\u00f3n artemis II de la NASA\"}]},{\"@type\":\"WebSite\",\"@id\":\"https:\\\/\\\/informelitoral.com.ar\\\/#website\",\"url\":\"https:\\\/\\\/informelitoral.com.ar\\\/\",\"name\":\"Informe Litoral\",\"description\":\"&quot;Nos informamos&quot; \",\"publisher\":{\"@id\":\"https:\\\/\\\/informelitoral.com.ar\\\/#organization\"},\"potentialAction\":[{\"@type\":\"SearchAction\",\"target\":{\"@type\":\"EntryPoint\",\"urlTemplate\":\"https:\\\/\\\/informelitoral.com.ar\\\/?s={search_term_string}\"},\"query-input\":{\"@type\":\"PropertyValueSpecification\",\"valueRequired\":true,\"valueName\":\"search_term_string\"}}],\"inLanguage\":\"es\"},{\"@type\":\"Organization\",\"@id\":\"https:\\\/\\\/informelitoral.com.ar\\\/#organization\",\"name\":\"Informe Litoral\",\"url\":\"https:\\\/\\\/informelitoral.com.ar\\\/\",\"logo\":{\"@type\":\"ImageObject\",\"inLanguage\":\"es\",\"@id\":\"https:\\\/\\\/informelitoral.com.ar\\\/#\\\/schema\\\/logo\\\/image\\\/\",\"url\":\"https:\\\/\\\/informelitoral.com.ar\\\/%77%70%2d%63%6f%6e%74%65%6e%74\\\/uploads\\\/2021\\\/01\\\/circulo.png\",\"contentUrl\":\"https:\\\/\\\/informelitoral.com.ar\\\/%77%70%2d%63%6f%6e%74%65%6e%74\\\/uploads\\\/2021\\\/01\\\/circulo.png\",\"width\":723,\"height\":731,\"caption\":\"Informe Litoral\"},\"image\":{\"@id\":\"https:\\\/\\\/informelitoral.com.ar\\\/#\\\/schema\\\/logo\\\/image\\\/\"},\"sameAs\":[\"https:\\\/\\\/www.facebook.com\\\/informelitoral\\\/\",\"https:\\\/\\\/x.com\\\/InformeLitoral\",\"https:\\\/\\\/www.instagram.com\\\/informelitoral\\\/\",\"https:\\\/\\\/www.youtube.com\\\/channel\\\/UCua4Qvz8Icb6MYqhoq9xLXw\"]},{\"@type\":\"Person\",\"@id\":\"https:\\\/\\\/informelitoral.com.ar\\\/#\\\/schema\\\/person\\\/f05f9f461677119578717524b127d6d5\",\"name\":\"Sebastian\",\"image\":{\"@type\":\"ImageObject\",\"inLanguage\":\"es\",\"@id\":\"https:\\\/\\\/secure.gravatar.com\\\/avatar\\\/b71bf7481d447dfb9583c7f2798e7cc64de6efb9067b74633ed8c31059a3bd82?s=96&d=mm&r=g\",\"url\":\"https:\\\/\\\/secure.gravatar.com\\\/avatar\\\/b71bf7481d447dfb9583c7f2798e7cc64de6efb9067b74633ed8c31059a3bd82?s=96&d=mm&r=g\",\"contentUrl\":\"https:\\\/\\\/secure.gravatar.com\\\/avatar\\\/b71bf7481d447dfb9583c7f2798e7cc64de6efb9067b74633ed8c31059a3bd82?s=96&d=mm&r=g\",\"caption\":\"Sebastian\"},\"url\":\"https:\\\/\\\/informelitoral.com.ar\\\/author\\\/sebastian\\\/\"}]}<\/script>","yoast_head_json":{"title":"El sat\u00e9lite Argentino ATENEA viajar\u00e1 a la luna con la misi\u00f3n artemis II de la NASA - Informe Litoral","robots":{"index":"index","follow":"follow","max-snippet":"max-snippet:-1","max-image-preview":"max-image-preview:large","max-video-preview":"max-video-preview:-1"},"canonical":"https:\/\/informelitoral.com.ar\/el-satelite-argentino-atenea-viajara-a-la-luna-con-la-mision-artemis-ii-de-la-nasa\/","og_locale":"es_ES","og_type":"article","og_title":"El sat\u00e9lite Argentino ATENEA viajar\u00e1 a la luna con la misi\u00f3n artemis II de la NASA - Informe Litoral","og_description":"Por primera vez desde 1972, un sat\u00e9lite argentino formar\u00e1 parte de una misi\u00f3n lunar tripulada. El microsat\u00e9lite ATENEA, desarrollado en la FIUBA, volar\u00e1 junto a Artemis II en abril de 2026.","og_url":"https:\/\/informelitoral.com.ar\/el-satelite-argentino-atenea-viajara-a-la-luna-con-la-mision-artemis-ii-de-la-nasa\/","og_site_name":"Informe Litoral","article_publisher":"https:\/\/www.facebook.com\/informelitoral\/","article_published_time":"2025-06-05T11:11:27+00:00","article_modified_time":"2025-06-05T11:13:41+00:00","og_image":[{"url":"https:\/\/elonce-media.elonce.com\/fotos\/2025\/06\/04\/l_1749088524_46323.webp","type":"","width":"","height":""},{"width":1200,"height":800,"url":"https:\/\/elonce-media.elonce.com\/fotos\/2025\/06\/04\/l_1749088524_46323.webp","type":"image\/jpeg"}],"author":"Sebastian","twitter_card":"summary_large_image","twitter_image":"https:\/\/elonce-media.elonce.com\/fotos\/2025\/06\/04\/l_1749088524_46323.webp","twitter_creator":"@InformeLitoral","twitter_site":"@InformeLitoral","twitter_misc":{"Escrito por":"Sebastian","Tiempo de lectura":"3 minutos"},"schema":{"@context":"https:\/\/schema.org","@graph":[{"@type":"Article","@id":"https:\/\/informelitoral.com.ar\/el-satelite-argentino-atenea-viajara-a-la-luna-con-la-mision-artemis-ii-de-la-nasa\/#article","isPartOf":{"@id":"https:\/\/informelitoral.com.ar\/el-satelite-argentino-atenea-viajara-a-la-luna-con-la-mision-artemis-ii-de-la-nasa\/"},"author":{"name":"Sebastian","@id":"https:\/\/informelitoral.com.ar\/#\/schema\/person\/f05f9f461677119578717524b127d6d5"},"headline":"El sat\u00e9lite Argentino ATENEA viajar\u00e1 a la luna con la misi\u00f3n artemis II de la NASA","datePublished":"2025-06-05T11:11:27+00:00","dateModified":"2025-06-05T11:13:41+00:00","mainEntityOfPage":{"@id":"https:\/\/informelitoral.com.ar\/el-satelite-argentino-atenea-viajara-a-la-luna-con-la-mision-artemis-ii-de-la-nasa\/"},"wordCount":550,"commentCount":0,"publisher":{"@id":"https:\/\/informelitoral.com.ar\/#organization"},"image":{"@id":"https:\/\/informelitoral.com.ar\/el-satelite-argentino-atenea-viajara-a-la-luna-con-la-mision-artemis-ii-de-la-nasa\/#primaryimage"},"thumbnailUrl":"https:\/\/elonce-media.elonce.com\/fotos\/2025\/06\/04\/l_1749088524_46323.webp","keywords":["Artemis","La NASA","Misi\u00f3n","Sat\u00e9lite"],"articleSection":["Sociedad"],"inLanguage":"es","potentialAction":[{"@type":"CommentAction","name":"Comment","target":["https:\/\/informelitoral.com.ar\/el-satelite-argentino-atenea-viajara-a-la-luna-con-la-mision-artemis-ii-de-la-nasa\/#respond"]}]},{"@type":"WebPage","@id":"https:\/\/informelitoral.com.ar\/el-satelite-argentino-atenea-viajara-a-la-luna-con-la-mision-artemis-ii-de-la-nasa\/","url":"https:\/\/informelitoral.com.ar\/el-satelite-argentino-atenea-viajara-a-la-luna-con-la-mision-artemis-ii-de-la-nasa\/","name":"El sat\u00e9lite Argentino ATENEA viajar\u00e1 a la luna con la misi\u00f3n artemis II de la NASA - Informe Litoral","isPartOf":{"@id":"https:\/\/informelitoral.com.ar\/#website"},"primaryImageOfPage":{"@id":"https:\/\/informelitoral.com.ar\/el-satelite-argentino-atenea-viajara-a-la-luna-con-la-mision-artemis-ii-de-la-nasa\/#primaryimage"},"image":{"@id":"https:\/\/informelitoral.com.ar\/el-satelite-argentino-atenea-viajara-a-la-luna-con-la-mision-artemis-ii-de-la-nasa\/#primaryimage"},"thumbnailUrl":"https:\/\/elonce-media.elonce.com\/fotos\/2025\/06\/04\/l_1749088524_46323.webp","datePublished":"2025-06-05T11:11:27+00:00","dateModified":"2025-06-05T11:13:41+00:00","breadcrumb":{"@id":"https:\/\/informelitoral.com.ar\/el-satelite-argentino-atenea-viajara-a-la-luna-con-la-mision-artemis-ii-de-la-nasa\/#breadcrumb"},"inLanguage":"es","potentialAction":[{"@type":"ReadAction","target":["https:\/\/informelitoral.com.ar\/el-satelite-argentino-atenea-viajara-a-la-luna-con-la-mision-artemis-ii-de-la-nasa\/"]}]},{"@type":"ImageObject","inLanguage":"es","@id":"https:\/\/informelitoral.com.ar\/el-satelite-argentino-atenea-viajara-a-la-luna-con-la-mision-artemis-ii-de-la-nasa\/#primaryimage","url":"https:\/\/elonce-media.elonce.com\/fotos\/2025\/06\/04\/l_1749088524_46323.webp","contentUrl":"https:\/\/elonce-media.elonce.com\/fotos\/2025\/06\/04\/l_1749088524_46323.webp","width":"1200","height":"800"},{"@type":"BreadcrumbList","@id":"https:\/\/informelitoral.com.ar\/el-satelite-argentino-atenea-viajara-a-la-luna-con-la-mision-artemis-ii-de-la-nasa\/#breadcrumb","itemListElement":[{"@type":"ListItem","position":1,"name":"Portada","item":"https:\/\/informelitoral.com.ar\/"},{"@type":"ListItem","position":2,"name":"El sat\u00e9lite Argentino ATENEA viajar\u00e1 a la luna con la misi\u00f3n artemis II de la NASA"}]},{"@type":"WebSite","@id":"https:\/\/informelitoral.com.ar\/#website","url":"https:\/\/informelitoral.com.ar\/","name":"Informe Litoral","description":"&quot;Nos informamos&quot; ","publisher":{"@id":"https:\/\/informelitoral.com.ar\/#organization"},"potentialAction":[{"@type":"SearchAction","target":{"@type":"EntryPoint","urlTemplate":"https:\/\/informelitoral.com.ar\/?s={search_term_string}"},"query-input":{"@type":"PropertyValueSpecification","valueRequired":true,"valueName":"search_term_string"}}],"inLanguage":"es"},{"@type":"Organization","@id":"https:\/\/informelitoral.com.ar\/#organization","name":"Informe Litoral","url":"https:\/\/informelitoral.com.ar\/","logo":{"@type":"ImageObject","inLanguage":"es","@id":"https:\/\/informelitoral.com.ar\/#\/schema\/logo\/image\/","url":"https:\/\/informelitoral.com.ar\/%77%70%2d%63%6f%6e%74%65%6e%74\/uploads\/2021\/01\/circulo.png","contentUrl":"https:\/\/informelitoral.com.ar\/%77%70%2d%63%6f%6e%74%65%6e%74\/uploads\/2021\/01\/circulo.png","width":723,"height":731,"caption":"Informe Litoral"},"image":{"@id":"https:\/\/informelitoral.com.ar\/#\/schema\/logo\/image\/"},"sameAs":["https:\/\/www.facebook.com\/informelitoral\/","https:\/\/x.com\/InformeLitoral","https:\/\/www.instagram.com\/informelitoral\/","https:\/\/www.youtube.com\/channel\/UCua4Qvz8Icb6MYqhoq9xLXw"]},{"@type":"Person","@id":"https:\/\/informelitoral.com.ar\/#\/schema\/person\/f05f9f461677119578717524b127d6d5","name":"Sebastian","image":{"@type":"ImageObject","inLanguage":"es","@id":"https:\/\/secure.gravatar.com\/avatar\/b71bf7481d447dfb9583c7f2798e7cc64de6efb9067b74633ed8c31059a3bd82?s=96&d=mm&r=g","url":"https:\/\/secure.gravatar.com\/avatar\/b71bf7481d447dfb9583c7f2798e7cc64de6efb9067b74633ed8c31059a3bd82?s=96&d=mm&r=g","contentUrl":"https:\/\/secure.gravatar.com\/avatar\/b71bf7481d447dfb9583c7f2798e7cc64de6efb9067b74633ed8c31059a3bd82?s=96&d=mm&r=g","caption":"Sebastian"},"url":"https:\/\/informelitoral.com.ar\/author\/sebastian\/"}]}},"fifu_image_url":"https:\/\/elonce-media.elonce.com\/fotos\/2025\/06\/04\/l_1749088524_46323.webp","_links":{"self":[{"href":"https:\/\/informelitoral.com.ar\/%77%70%2d%6a%73%6f%6e\/wp\/v2\/posts\/223096","targetHints":{"allow":["GET"]}}],"collection":[{"href":"https:\/\/informelitoral.com.ar\/%77%70%2d%6a%73%6f%6e\/wp\/v2\/posts"}],"about":[{"href":"https:\/\/informelitoral.com.ar\/%77%70%2d%6a%73%6f%6e\/wp\/v2\/types\/post"}],"author":[{"embeddable":true,"href":"https:\/\/informelitoral.com.ar\/%77%70%2d%6a%73%6f%6e\/wp\/v2\/users\/8"}],"replies":[{"embeddable":true,"href":"https:\/\/informelitoral.com.ar\/%77%70%2d%6a%73%6f%6e\/wp\/v2\/comments?post=223096"}],"version-history":[{"count":2,"href":"https:\/\/informelitoral.com.ar\/%77%70%2d%6a%73%6f%6e\/wp\/v2\/posts\/223096\/revisions"}],"predecessor-version":[{"id":223099,"href":"https:\/\/informelitoral.com.ar\/%77%70%2d%6a%73%6f%6e\/wp\/v2\/posts\/223096\/revisions\/223099"}],"wp:featuredmedia":[{"embeddable":true,"href":"https:\/\/informelitoral.com.ar\/%77%70%2d%6a%73%6f%6e\/wp\/v2\/media\/223097"}],"wp:attachment":[{"href":"https:\/\/informelitoral.com.ar\/%77%70%2d%6a%73%6f%6e\/wp\/v2\/media?parent=223096"}],"wp:term":[{"taxonomy":"category","embeddable":true,"href":"https:\/\/informelitoral.com.ar\/%77%70%2d%6a%73%6f%6e\/wp\/v2\/categories?post=223096"},{"taxonomy":"post_tag","embeddable":true,"href":"https:\/\/informelitoral.com.ar\/%77%70%2d%6a%73%6f%6e\/wp\/v2\/tags?post=223096"}],"curies":[{"name":"wp","href":"https:\/\/api.w.org\/{rel}","templated":true}]}}